{"id":2454,"date":"2023-11-15T15:52:11","date_gmt":"2023-11-15T18:52:11","guid":{"rendered":"https:\/\/ismaelcolosi.com.br\/index.php\/2023\/11\/15\/5-dicas-para-criar-um-fundo-de-emergencia-em-6-meses\/"},"modified":"2023-11-15T15:52:11","modified_gmt":"2023-11-15T18:52:11","slug":"5-dicas-para-criar-um-fundo-de-emergencia-em-6-meses","status":"publish","type":"post","link":"https:\/\/ismaelcolosi.com.br\/index.php\/2023\/11\/15\/5-dicas-para-criar-um-fundo-de-emergencia-em-6-meses\/","title":{"rendered":"5 dicas para criar um fundo de emerg\u00eancia em 6 meses"},"content":{"rendered":"<p> <br \/>\n<\/p>\n<div>\n<p>Ter um fundo de emerg\u00eancia \u00e9 uma das melhores formas de se proteger de imprevistos financeiros, como a perda de um emprego, um problema de sa\u00fade ou um conserto urgente. Mas como criar um fundo de emerg\u00eancia em um curto per\u00edodo de tempo?<\/p>\n<p>Neste guia da <a href=\"https:\/\/www.instagram.com\/catracalivre\/\" target=\"_blank\" rel=\"noopener\">Catraca Livre<\/a>, vamos te dar 5 dicas para voc\u00ea economizar dinheiro e montar uma reserva financeira em apenas 6 meses. Confira!<\/p><div class='code-block code-block-8' style='margin: 8px auto; text-align: center; display: block; clear: both;'>\n<script>\n  atOptions = {\n    'key' : '66e2e2111ca34da796271819fc334058',\n    'format' : 'iframe',\n    'height' : 250,\n    'width' : 300,\n    'params' : {}\n  };\n<\/script>\n<script src=\"https:\/\/www.highperformanceformat.com\/66e2e2111ca34da796271819fc334058\/invoke.js\"><\/script>\n<\/div>\n\n<div id=\"attachment_2311791\" class=\"wp-caption aligncenter\">\n<div class=\"d-flex justify-content-center\" data-attachment-id=\"2311791\">\n<div class=\"position-relative d-inline-block\"><img data-recalc-dims=\"1\" data-portal-copyright=\"iSTock\" decoding=\"async\" fetchpriority=\"high\" class=\"size-full wp-image-2311791\" src=\"https:\/\/i0.wp.com\/catracalivre.com.br\/wp-content\/uploads\/2023\/11\/fundo-6-meses.jpg?resize=1200%2C774&#038;ssl=1\" alt=\"5 dicas para criar um fundo de emerg\u00eancia em 6 meses\" width=\"1200\" height=\"774\" srcset=\"https:\/\/catracalivre.com.br\/wp-content\/uploads\/2023\/11\/fundo-6-meses.jpg 1200w, https:\/\/catracalivre.com.br\/wp-content\/uploads\/2023\/11\/fundo-6-meses-450x290.jpg 450w, https:\/\/catracalivre.com.br\/wp-content\/uploads\/2023\/11\/fundo-6-meses-768x495.jpg 768w\" sizes=\"(max-width: 1200px) 100vw, 1200px\"\/><\/p>\n<p>Cr\u00e9ditos: iSTock<\/p>\n<\/div>\n<\/div>\n<p><span class=\"post-imagem__legenda\">5 dicas para criar um fundo de emerg\u00eancia em 6 meses<\/span><\/p>\n<\/div>\n<h2>Dicas para criar um fundo de emerg\u00eancia em 6 meses<\/h2>\n<p>Um fundo de emerg\u00eancia \u00e9 uma quantia de <a href=\"https:\/\/catracalivre.com.br\/educacao\/5-maneiras-de-guardar-dinheiro-todos-os-meses\/\">dinheiro<\/a> que voc\u00ea guarda para usar em situa\u00e7\u00f5es de emerg\u00eancia, como o nome j\u00e1 diz.<\/p>\n<p>O ideal \u00e9 que esse fundo tenha o equivalente a 3 a 6 meses dos seus gastos mensais, para que voc\u00ea possa se manter sem renda por esse per\u00edodo, caso necess\u00e1rio.<\/p>\n<p>Mas como juntar esse dinheiro em apenas 6 meses? A resposta \u00e9: planejamento, disciplina e criatividade. Veja a seguir 5 dicas que podem te ajudar nessa miss\u00e3o:<\/p>\n<ul>\n<li><strong>Fa\u00e7a um or\u00e7amento:<\/strong> o primeiro passo \u00e9 saber quanto voc\u00ea ganha e quanto voc\u00ea gasta por m\u00eas.\n<p>Anote todas as suas receitas e despesas, e identifique quais s\u00e3o os seus gastos fixos (como aluguel, \u00e1gua, luz, internet, etc.) e quais s\u00e3o os seus gastos vari\u00e1veis (como alimenta\u00e7\u00e3o, transporte, lazer, etc.).<\/p>\n<p>Assim, voc\u00ea pode ter uma no\u00e7\u00e3o de quanto voc\u00ea precisa para viver e quanto voc\u00ea pode economizar por m\u00eas.<\/p>\n<\/li>\n<li><strong>Defina uma meta:<\/strong> o segundo passo \u00e9 definir quanto voc\u00ea quer juntar para o seu fundo de emerg\u00eancia. Uma forma simples de fazer isso \u00e9 multiplicar os seus gastos fixos por 6, e adicionar 10% desse valor para cobrir os gastos vari\u00e1veis.\n<p>Por exemplo, se os seus gastos fixos s\u00e3o R$ 2.000 por m\u00eas, a sua meta seria R$ 2.000 x 6 x 1,1 = R$ 13.200. Depois, divida esse valor pelo n\u00famero de meses que voc\u00ea quer juntar, no caso, 6.<\/p>\n<p>Assim, voc\u00ea sabe quanto precisa guardar por m\u00eas, que seria R$ 13.200 \/ 6 = R$ 2.200.<\/p>\n<\/li>\n<li><strong>Corte gastos desnecess\u00e1rios:<\/strong> o terceiro passo \u00e9 reduzir os seus gastos vari\u00e1veis ao m\u00e1ximo, eliminando ou substituindo tudo o que n\u00e3o for essencial para a sua vida.\n<p>Por exemplo, voc\u00ea pode trocar a assinatura da TV a cabo por um servi\u00e7o de streaming mais barato, cozinhar em casa em vez de pedir comida fora, usar transporte p\u00fablico ou bicicleta em vez de carro ou aplicativo, etc.<\/p>\n<p>Essas pequenas mudan\u00e7as podem fazer uma grande diferen\u00e7a no final do m\u00eas, e te ajudar a economizar mais dinheiro para o seu fundo de emerg\u00eancia.<\/p>\n<\/li>\n<li><strong>Aumente a sua renda:<\/strong> o quarto passo \u00e9 buscar formas de aumentar a sua renda, seja por meio de um trabalho extra, de uma renda passiva ou de uma venda de objetos que voc\u00ea n\u00e3o usa mais.\n<p>Por exemplo, voc\u00ea pode oferecer algum servi\u00e7o que voc\u00ea saiba fazer bem, como dar aulas particulares, fazer artesanato, cuidar de animais, etc.<\/p>\n<p>Voc\u00ea tamb\u00e9m pode investir em algum ativo que gere renda, como um im\u00f3vel, uma a\u00e7\u00e3o ou um t\u00edtulo p\u00fablico. Ou ainda, voc\u00ea pode vender coisas que voc\u00ea tem em casa e que n\u00e3o usa mais, como roupas, livros, eletr\u00f4nicos, etc.<\/p>\n<p>O importante \u00e9 que voc\u00ea use todo o dinheiro extra que voc\u00ea ganhar para o seu fundo de emerg\u00eancia, e n\u00e3o para aumentar o seu padr\u00e3o de vida.<\/p>\n<\/li>\n<li><strong>Invista o seu dinheiro:<\/strong> o quinto e \u00faltimo passo \u00e9 investir o dinheiro que voc\u00ea est\u00e1 guardando para o seu fundo de emerg\u00eancia, para que ele renda mais do que na poupan\u00e7a.\n<p>Mas aten\u00e7\u00e3o: o fundo de emerg\u00eancia deve ser investido em aplica\u00e7\u00f5es de baixo risco, alta liquidez e baixa volatilidade, ou seja, que n\u00e3o tenham chances de perder valor, que possam ser resgatadas a qualquer momento e que n\u00e3o sofram grandes varia\u00e7\u00f5es de pre\u00e7o.<\/p>\n<p>Algumas op\u00e7\u00f5es s\u00e3o o Tesouro Selic, o CDB com liquidez di\u00e1ria, o fundo DI e a conta remunerada.<\/p>\n<\/li>\n<\/ul>\n<p>Seguindo essas 5 dicas, voc\u00ea pode criar um fundo de emerg\u00eancia em 6 meses e ficar mais tranquilo em rela\u00e7\u00e3o \u00e0s suas finan\u00e7as.<\/p>\n<p>Lembre-se de que o fundo de emerg\u00eancia \u00e9 uma reserva para situa\u00e7\u00f5es de emerg\u00eancia, e n\u00e3o para realizar desejos ou comprar coisas. Portanto, use-o com responsabilidade e sempre que poss\u00edvel, reponha o valor que voc\u00ea usou. Assim, voc\u00ea estar\u00e1 sempre preparado para enfrentar os imprevistos da vida.<\/p>\n<\/div>\n<p><script>\n\t\t! function(f, b, e, v, n, t, s) {\n\t\t\tif (f.fbq) return;\n\t\t\tn = f.fbq = function() {\n\t\t\t\tn.callMethod ?\n\t\t\t\t\tn.callMethod.apply(n, arguments) : n.queue.push(arguments)\n\t\t\t};\n\t\t\tif (!f._fbq) f._fbq = n;\n\t\t\tn.push = n;\n\t\t\tn.loaded = !0;\n\t\t\tn.version = '2.0';\n\t\t\tn.queue = [];\n\t\t\tt = b.createElement(e);\n\t\t\tt.async = !0;\n\t\t\tt.src = v;\n\t\t\ts = b.getElementsByTagName(e)[0];\n\t\t\ts.parentNode.insertBefore(t, s)\n\t\t}(window, document, 'script',\n\t\t\t'https:\/\/connect.facebook.net\/en_US\/fbevents.js');\n\t\tfbq('init', '338315473262380');\n\t\tfbq('track', 'PageView');\n\t<\/script><script async src=\"\/\/www.instagram.com\/embed.js\"><\/script><br \/>\n<br \/><br \/>\n<br \/><a href=\"https:\/\/catracalivre.com.br\/educacao\/5-dicas-para-criar-um-fundo-de-emergencia-em-6-meses\/\">Source link <\/a><\/p>\n<div class='code-block code-block-4' style='margin: 8px auto 8px 0; text-align: left; display: block; clear: both;'>\n\ud83d\udce2 Aviso Legal\n\nO site ismaelcolosi.com.br atua apenas como um canal de divulga\u00e7\u00e3o de oportunidades de emprego e n\u00e3o se responsabiliza pelo processo seletivo, contrata\u00e7\u00e3o ou qualquer outra etapa relacionada \u00e0s vagas publicadas. Todas as informa\u00e7\u00f5es s\u00e3o de responsabilidade dos anunciantes.\n\n\u26a0\ufe0f Aten\u00e7\u00e3o! Nunca pague por promessas de emprego nem compre cursos que garantam contrata\u00e7\u00e3o. Desconfie de qualquer cobran\u00e7a para participar de sele\u00e7\u00f5es.\n\n\n\n<\/div>\n<!-- CONTENT END 1 -->\n","protected":false},"excerpt":{"rendered":"<p>Ter um fundo de emerg\u00eancia \u00e9 uma das melhores formas de se proteger de imprevistos financeiros, como a perda de um emprego, um problema de&#8230;<\/p>\n","protected":false},"author":1,"featured_media":2455,"comment_status":"open","ping_status":"open","sticky":false,"template":"","format":"standard","meta":{"_uag_custom_page_level_css":"","advanced_seo_description":"","jetpack_seo_html_title":"","jetpack_seo_noindex":false,"jetpack_post_was_ever_published":false,"_jetpack_newsletter_access":"","_jetpack_dont_email_post_to_subs":false,"_jetpack_newsletter_tier_id":0,"_jetpack_memberships_contains_paywalled_content":false,"_jetpack_memberships_contains_paid_content":false,"footnotes":"","jetpack_publicize_message":"","jetpack_publicize_feature_enabled":true,"jetpack_social_post_already_shared":false,"jetpack_social_options":{"image_generator_settings":{"template":"highway","default_image_id":0,"font":"","enabled":false},"version":2}},"categories":[19],"tags":[],"class_list":["post-2454","post","type-post","status-publish","format-standard","has-post-thumbnail","hentry","category-variedades"],"jetpack_publicize_connections":[],"jetpack_featured_media_url":"https:\/\/i0.wp.com\/ismaelcolosi.com.br\/wp-content\/uploads\/2023\/11\/fundo-6-meses.jpg?fit=1200%2C638&ssl=1","uagb_featured_image_src":{"full":["https:\/\/i0.wp.com\/ismaelcolosi.com.br\/wp-content\/uploads\/2023\/11\/fundo-6-meses.jpg?fit=1200%2C638&ssl=1",1200,638,false],"thumbnail":["https:\/\/i0.wp.com\/ismaelcolosi.com.br\/wp-content\/uploads\/2023\/11\/fundo-6-meses.jpg?resize=150%2C150&ssl=1",150,150,true],"medium":["https:\/\/i0.wp.com\/ismaelcolosi.com.br\/wp-content\/uploads\/2023\/11\/fundo-6-meses.jpg?fit=300%2C160&ssl=1",300,160,true],"medium_large":["https:\/\/i0.wp.com\/ismaelcolosi.com.br\/wp-content\/uploads\/2023\/11\/fundo-6-meses.jpg?fit=768%2C408&ssl=1",768,408,true],"large":["https:\/\/i0.wp.com\/ismaelcolosi.com.br\/wp-content\/uploads\/2023\/11\/fundo-6-meses.jpg?fit=1024%2C544&ssl=1",1024,544,true],"1536x1536":["https:\/\/i0.wp.com\/ismaelcolosi.com.br\/wp-content\/uploads\/2023\/11\/fundo-6-meses.jpg?fit=1200%2C638&ssl=1",1200,638,true],"2048x2048":["https:\/\/i0.wp.com\/ismaelcolosi.com.br\/wp-content\/uploads\/2023\/11\/fundo-6-meses.jpg?fit=1200%2C638&ssl=1",1200,638,true],"really-simple-thumb":["https:\/\/i0.wp.com\/ismaelcolosi.com.br\/wp-content\/uploads\/2023\/11\/fundo-6-meses.jpg?resize=370%2C247&ssl=1",370,247,true]},"uagb_author_info":{"display_name":"ismaelcolosi.com.br","author_link":"https:\/\/ismaelcolosi.com.br\/index.php\/author\/vidareal-online\/"},"uagb_comment_info":0,"uagb_excerpt":"Ter um fundo de emerg\u00eancia \u00e9 uma das melhores formas de se proteger de imprevistos financeiros, como a perda de um emprego, um problema de...","jetpack-related-posts":[{"id":5218,"url":"https:\/\/ismaelcolosi.com.br\/index.php\/2023\/11\/23\/como-criar-um-plano-de-emergencia-financeira-para-imprevistos\/","url_meta":{"origin":2454,"position":0},"title":"Como criar um plano de emerg\u00eancia financeira para imprevistos","author":"ismaelcolosi.com.br","date":"23 de November de 2023","format":false,"excerpt":"Voc\u00ea j\u00e1 passou por alguma situa\u00e7\u00e3o inesperada que afetou o seu or\u00e7amento, como um acidente, uma doen\u00e7a, uma demiss\u00e3o ou uma pandemia?\u00a0Se a resposta for sim, voc\u00ea sabe como \u00e9 importante ter uma reserva de dinheiro para enfrentar esses momentos de crise. Se a resposta for n\u00e3o, voc\u00ea pode estar\u2026","rel":"","context":"In &quot;Variedades&quot;","block_context":{"text":"Variedades","link":"https:\/\/ismaelcolosi.com.br\/index.php\/category\/variedades\/"},"img":{"alt_text":"","src":"https:\/\/i0.wp.com\/ismaelcolosi.com.br\/wp-content\/uploads\/2023\/11\/plano-emergencial.jpg?fit=1200%2C638&ssl=1&resize=350%2C200","width":350,"height":200,"srcset":"https:\/\/i0.wp.com\/ismaelcolosi.com.br\/wp-content\/uploads\/2023\/11\/plano-emergencial.jpg?fit=1200%2C638&ssl=1&resize=350%2C200 1x, https:\/\/i0.wp.com\/ismaelcolosi.com.br\/wp-content\/uploads\/2023\/11\/plano-emergencial.jpg?fit=1200%2C638&ssl=1&resize=525%2C300 1.5x, https:\/\/i0.wp.com\/ismaelcolosi.com.br\/wp-content\/uploads\/2023\/11\/plano-emergencial.jpg?fit=1200%2C638&ssl=1&resize=700%2C400 2x, https:\/\/i0.wp.com\/ismaelcolosi.com.br\/wp-content\/uploads\/2023\/11\/plano-emergencial.jpg?fit=1200%2C638&ssl=1&resize=1050%2C600 3x"},"classes":[]},{"id":7185,"url":"https:\/\/ismaelcolosi.com.br\/index.php\/2023\/11\/27\/como-criar-um-plano-de-contingencia-financeira-para-crises\/","url_meta":{"origin":2454,"position":1},"title":"Como criar um plano de conting\u00eancia financeira para crises","author":"ismaelcolosi.com.br","date":"27 de November de 2023","format":false,"excerpt":"Um plano de conting\u00eancia financeira \u00e9 um conjunto de medidas que visa preparar e proteger as finan\u00e7as pessoais ou empresariais diante de situa\u00e7\u00f5es imprevistas ou adversas, como desemprego, doen\u00e7a, acidentes, recess\u00e3o, pandemia, entre outras. Cr\u00e9ditos: iSTockComo criar um plano de conting\u00eancia financeira para crises Como criar um plano de conting\u00eancia\u2026","rel":"","context":"In &quot;Variedades&quot;","block_context":{"text":"Variedades","link":"https:\/\/ismaelcolosi.com.br\/index.php\/category\/variedades\/"},"img":{"alt_text":"","src":"https:\/\/i0.wp.com\/ismaelcolosi.com.br\/wp-content\/uploads\/2023\/11\/plano-contingencia.jpg?fit=1200%2C638&ssl=1&resize=350%2C200","width":350,"height":200,"srcset":"https:\/\/i0.wp.com\/ismaelcolosi.com.br\/wp-content\/uploads\/2023\/11\/plano-contingencia.jpg?fit=1200%2C638&ssl=1&resize=350%2C200 1x, https:\/\/i0.wp.com\/ismaelcolosi.com.br\/wp-content\/uploads\/2023\/11\/plano-contingencia.jpg?fit=1200%2C638&ssl=1&resize=525%2C300 1.5x, https:\/\/i0.wp.com\/ismaelcolosi.com.br\/wp-content\/uploads\/2023\/11\/plano-contingencia.jpg?fit=1200%2C638&ssl=1&resize=700%2C400 2x, https:\/\/i0.wp.com\/ismaelcolosi.com.br\/wp-content\/uploads\/2023\/11\/plano-contingencia.jpg?fit=1200%2C638&ssl=1&resize=1050%2C600 3x"},"classes":[]},{"id":6005,"url":"https:\/\/ismaelcolosi.com.br\/index.php\/2023\/11\/24\/como-criar-um-plano-de-acao-financeiro-para-os-proximos-12-meses\/","url_meta":{"origin":2454,"position":2},"title":"Como criar um plano de a\u00e7\u00e3o financeiro para os pr\u00f3ximos 12 meses","author":"ismaelcolosi.com.br","date":"24 de November de 2023","format":false,"excerpt":"O in\u00edcio de um novo ano \u00e9 uma \u00f3tima oportunidade para organizar as finan\u00e7as e tra\u00e7ar metas para o futuro. Mas como fazer isso de forma eficaz e realista? A resposta \u00e9: criando um plano de a\u00e7\u00e3o financeiro para os pr\u00f3ximos 12 meses. Cr\u00e9ditos: iSTockComo criar um plano de a\u00e7\u00e3o\u2026","rel":"","context":"In &quot;Variedades&quot;","block_context":{"text":"Variedades","link":"https:\/\/ismaelcolosi.com.br\/index.php\/category\/variedades\/"},"img":{"alt_text":"","src":"https:\/\/i0.wp.com\/ismaelcolosi.com.br\/wp-content\/uploads\/2023\/11\/plano-acao-financeiro.jpg?fit=1200%2C638&ssl=1&resize=350%2C200","width":350,"height":200,"srcset":"https:\/\/i0.wp.com\/ismaelcolosi.com.br\/wp-content\/uploads\/2023\/11\/plano-acao-financeiro.jpg?fit=1200%2C638&ssl=1&resize=350%2C200 1x, https:\/\/i0.wp.com\/ismaelcolosi.com.br\/wp-content\/uploads\/2023\/11\/plano-acao-financeiro.jpg?fit=1200%2C638&ssl=1&resize=525%2C300 1.5x, https:\/\/i0.wp.com\/ismaelcolosi.com.br\/wp-content\/uploads\/2023\/11\/plano-acao-financeiro.jpg?fit=1200%2C638&ssl=1&resize=700%2C400 2x, https:\/\/i0.wp.com\/ismaelcolosi.com.br\/wp-content\/uploads\/2023\/11\/plano-acao-financeiro.jpg?fit=1200%2C638&ssl=1&resize=1050%2C600 3x"},"classes":[]},{"id":21419,"url":"https:\/\/ismaelcolosi.com.br\/index.php\/2023\/12\/27\/instagram-tera-inteligencia-artificial-inedita-para-os-stories-entenda\/","url_meta":{"origin":2454,"position":3},"title":"Instagram ter\u00e1 intelig\u00eancia artificial in\u00e9dita para os Stories; entenda","author":"ismaelcolosi.com.br","date":"27 de December de 2023","format":false,"excerpt":"Cr\u00e9ditos: Depositphotos\/rafapressInstagram ter\u00e1 ferramenta para criar fundo em fotos nos Stories Tem novidade chegando! O Instagram acaba de lan\u00e7ar uma ferramenta de Intelig\u00eancia Artificial (IA) que amplia as possibilidades de edi\u00e7\u00e3o de imagens. A funcionalidade, revelada recentemente, permite que seus usu\u00e1rios alterem o fundo de suas fotos e gerem novos\u2026","rel":"","context":"In &quot;Variedades&quot;","block_context":{"text":"Variedades","link":"https:\/\/ismaelcolosi.com.br\/index.php\/category\/variedades\/"},"img":{"alt_text":"","src":"https:\/\/i0.wp.com\/ismaelcolosi.com.br\/wp-content\/uploads\/2023\/12\/depositphotos-493060672-xl-scaled-e1702603421989.jpg?fit=1200%2C638&ssl=1&resize=350%2C200","width":350,"height":200,"srcset":"https:\/\/i0.wp.com\/ismaelcolosi.com.br\/wp-content\/uploads\/2023\/12\/depositphotos-493060672-xl-scaled-e1702603421989.jpg?fit=1200%2C638&ssl=1&resize=350%2C200 1x, https:\/\/i0.wp.com\/ismaelcolosi.com.br\/wp-content\/uploads\/2023\/12\/depositphotos-493060672-xl-scaled-e1702603421989.jpg?fit=1200%2C638&ssl=1&resize=525%2C300 1.5x, https:\/\/i0.wp.com\/ismaelcolosi.com.br\/wp-content\/uploads\/2023\/12\/depositphotos-493060672-xl-scaled-e1702603421989.jpg?fit=1200%2C638&ssl=1&resize=700%2C400 2x, https:\/\/i0.wp.com\/ismaelcolosi.com.br\/wp-content\/uploads\/2023\/12\/depositphotos-493060672-xl-scaled-e1702603421989.jpg?fit=1200%2C638&ssl=1&resize=1050%2C600 3x"},"classes":[]},{"id":40732,"url":"https:\/\/ismaelcolosi.com.br\/index.php\/2024\/03\/05\/governo-de-sao-paulo-decreta-emergencia-para-dengue\/","url_meta":{"origin":2454,"position":4},"title":"Governo de S\u00e3o Paulo decreta emerg\u00eancia para dengue","author":"ismaelcolosi.com.br","date":"5 de March de 2024","format":false,"excerpt":"S\u00e3o Paulo decretou emerg\u00eancia para a dengue nesta ter\u00e7a-feira, 5. A decis\u00e3o ocorreu ap\u00f3s o Estado atingir a marca de 300 casos por 100 mil habitantes. Essa rela\u00e7\u00e3o de novos casos por habitante varia amplamente pelo Estado. Ap\u00f3s dois meses de uma curva ascendente nada t\u00edpica, h\u00e1 cidades que ultrapassam\u2026","rel":"","context":"In &quot;Not\u00edcias de Ribeir\u00e3o Preto-SP e Regi\u00e3o&quot;","block_context":{"text":"Not\u00edcias de Ribeir\u00e3o Preto-SP e Regi\u00e3o","link":"https:\/\/ismaelcolosi.com.br\/index.php\/category\/noticias-de-ribeirao-preto-sp-e-regiao-ismael-colosi\/"},"img":{"alt_text":"","src":"https:\/\/i0.wp.com\/ismaelcolosi.com.br\/wp-content\/uploads\/2024\/03\/6-acoes-importantes-para-eliminar-o-mosquito-da-dengue-538-x-358-3-scaled.jpg?fit=1000%2C563&ssl=1&resize=350%2C200","width":350,"height":200,"srcset":"https:\/\/i0.wp.com\/ismaelcolosi.com.br\/wp-content\/uploads\/2024\/03\/6-acoes-importantes-para-eliminar-o-mosquito-da-dengue-538-x-358-3-scaled.jpg?fit=1000%2C563&ssl=1&resize=350%2C200 1x, https:\/\/i0.wp.com\/ismaelcolosi.com.br\/wp-content\/uploads\/2024\/03\/6-acoes-importantes-para-eliminar-o-mosquito-da-dengue-538-x-358-3-scaled.jpg?fit=1000%2C563&ssl=1&resize=525%2C300 1.5x, https:\/\/i0.wp.com\/ismaelcolosi.com.br\/wp-content\/uploads\/2024\/03\/6-acoes-importantes-para-eliminar-o-mosquito-da-dengue-538-x-358-3-scaled.jpg?fit=1000%2C563&ssl=1&resize=700%2C400 2x"},"classes":[]},{"id":6241,"url":"https:\/\/ismaelcolosi.com.br\/index.php\/2023\/11\/25\/presidente-da-caixa-anuncia-possivel-redirecionamento-do-fgts\/","url_meta":{"origin":2454,"position":5},"title":"Presidente da Caixa anuncia poss\u00edvel redirecionamento do FGTS","author":"ismaelcolosi.com.br","date":"25 de November de 2023","format":false,"excerpt":"Cr\u00e9ditos: Ag\u00eancia Brasil\/Marcello Casal JrSTF vai avaliar mudan\u00e7as significativas no FGTS; veja o que pode mudar Em um pronunciamento recente, o presidente da Caixa, em conjunto com a possibilidade de cria\u00e7\u00e3o de um fundo de infraestrutura, levantou questionamentos sobre o futuro dos recursos do Fundo de Garantia do Tempo de\u2026","rel":"","context":"In &quot;Variedades&quot;","block_context":{"text":"Variedades","link":"https:\/\/ismaelcolosi.com.br\/index.php\/category\/variedades\/"},"img":{"alt_text":"","src":"https:\/\/i0.wp.com\/ismaelcolosi.com.br\/wp-content\/uploads\/2023\/11\/caixa-libera-novo-lote-pis-pasep-veja-quem-recebe-ate-r-1-320.jpg?fit=1200%2C638&ssl=1&resize=350%2C200","width":350,"height":200,"srcset":"https:\/\/i0.wp.com\/ismaelcolosi.com.br\/wp-content\/uploads\/2023\/11\/caixa-libera-novo-lote-pis-pasep-veja-quem-recebe-ate-r-1-320.jpg?fit=1200%2C638&ssl=1&resize=350%2C200 1x, https:\/\/i0.wp.com\/ismaelcolosi.com.br\/wp-content\/uploads\/2023\/11\/caixa-libera-novo-lote-pis-pasep-veja-quem-recebe-ate-r-1-320.jpg?fit=1200%2C638&ssl=1&resize=525%2C300 1.5x, https:\/\/i0.wp.com\/ismaelcolosi.com.br\/wp-content\/uploads\/2023\/11\/caixa-libera-novo-lote-pis-pasep-veja-quem-recebe-ate-r-1-320.jpg?fit=1200%2C638&ssl=1&resize=700%2C400 2x, https:\/\/i0.wp.com\/ismaelcolosi.com.br\/wp-content\/uploads\/2023\/11\/caixa-libera-novo-lote-pis-pasep-veja-quem-recebe-ate-r-1-320.jpg?fit=1200%2C638&ssl=1&resize=1050%2C600 3x"},"classes":[]}],"jetpack_sharing_enabled":true,"jetpack_shortlink":"https:\/\/wp.me\/pfMlyK-DA","_links":{"self":[{"href":"https:\/\/ismaelcolosi.com.br\/index.php\/wp-json\/wp\/v2\/posts\/2454","targetHints":{"allow":["GET"]}}],"collection":[{"href":"https:\/\/ismaelcolosi.com.br\/index.php\/wp-json\/wp\/v2\/posts"}],"about":[{"href":"https:\/\/ismaelcolosi.com.br\/index.php\/wp-json\/wp\/v2\/types\/post"}],"author":[{"embeddable":true,"href":"https:\/\/ismaelcolosi.com.br\/index.php\/wp-json\/wp\/v2\/users\/1"}],"replies":[{"embeddable":true,"href":"https:\/\/ismaelcolosi.com.br\/index.php\/wp-json\/wp\/v2\/comments?post=2454"}],"version-history":[{"count":0,"href":"https:\/\/ismaelcolosi.com.br\/index.php\/wp-json\/wp\/v2\/posts\/2454\/revisions"}],"wp:featuredmedia":[{"embeddable":true,"href":"https:\/\/ismaelcolosi.com.br\/index.php\/wp-json\/wp\/v2\/media\/2455"}],"wp:attachment":[{"href":"https:\/\/ismaelcolosi.com.br\/index.php\/wp-json\/wp\/v2\/media?parent=2454"}],"wp:term":[{"taxonomy":"category","embeddable":true,"href":"https:\/\/ismaelcolosi.com.br\/index.php\/wp-json\/wp\/v2\/categories?post=2454"},{"taxonomy":"post_tag","embeddable":true,"href":"https:\/\/ismaelcolosi.com.br\/index.php\/wp-json\/wp\/v2\/tags?post=2454"}],"curies":[{"name":"wp","href":"https:\/\/api.w.org\/{rel}","templated":true}]}}