{"id":2450,"date":"2023-11-15T15:28:27","date_gmt":"2023-11-15T18:28:27","guid":{"rendered":"https:\/\/ismaelcolosi.com.br\/index.php\/2023\/11\/15\/sinais-nas-unhas-que-indicam-de-problemas-de-saude\/"},"modified":"2023-11-15T15:28:27","modified_gmt":"2023-11-15T18:28:27","slug":"sinais-nas-unhas-que-indicam-de-problemas-de-saude","status":"publish","type":"post","link":"https:\/\/ismaelcolosi.com.br\/index.php\/2023\/11\/15\/sinais-nas-unhas-que-indicam-de-problemas-de-saude\/","title":{"rendered":"Sinais nas unhas que indicam de problemas de sa\u00fade"},"content":{"rendered":"<p> <br \/>\n<\/p>\n<div>\n<p>Ter <a href=\"https:\/\/catracalivre.com.br\/saude-bem-estar\/unhas-fracas-e-mais-sinais-da-deficiencia-em-ferro-no-organismo\/\">unhas<\/a> bonitas e saud\u00e1veis \u200b\u200bn\u00e3o \u00e9 apenas uma quest\u00e3o est\u00e9tica. Muitas vezes, na verdade, elas representam o espelho da nossa sa\u00fade geral.<\/p>\n<p>Altera\u00e7\u00f5es nas unhas, como mudan\u00e7as de cor ou consist\u00eancia, aparecimento de linhas ou pontos podem ser sinais de algo errado no nosso corpo, a n\u00edvel local mas tamb\u00e9m geral. Pode indicar infec\u00e7\u00f5es, <a href=\"https:\/\/catracalivre.com.br\/saude-bem-estar\/unhas-fracas-e-mais-sinais-da-deficiencia-em-ferro-no-organismo\/\">defici\u00eancias nutricionais<\/a> e at\u00e9 patologias graves, como <a href=\"https:\/\/catracalivre.com.br\/saude-bem-estar\/mancha-unha-sinal-de-cancer\/\">c\u00e2ncer<\/a>.<\/p><div class='code-block code-block-8' style='margin: 8px auto; text-align: center; display: block; clear: both;'>\n<script>\n  atOptions = {\n    'key' : '66e2e2111ca34da796271819fc334058',\n    'format' : 'iframe',\n    'height' : 250,\n    'width' : 300,\n    'params' : {}\n  };\n<\/script>\n<script src=\"https:\/\/www.highperformanceformat.com\/66e2e2111ca34da796271819fc334058\/invoke.js\"><\/script>\n<\/div>\n\n<div id=\"attachment_2286438\" class=\"wp-caption alignnone\">\n<div class=\"d-flex justify-content-center\" data-attachment-id=\"2286438\">\n<div class=\"position-relative d-inline-block\"><img data-recalc-dims=\"1\" data-portal-copyright=\"iStock\/Alena Ivochkina\" decoding=\"async\" fetchpriority=\"high\" class=\"size-large wp-image-2286438\" src=\"https:\/\/i0.wp.com\/catracalivre.com.br\/wp-content\/uploads\/2023\/07\/istock-1494533955-e1690384770114-910x530.jpg?resize=910%2C530&#038;ssl=1\" alt=\"Unhas podem sinalizar diferentes problemas de sa\u00fade e defici\u00eancias nutricionais\" width=\"910\" height=\"530\" srcset=\"https:\/\/catracalivre.com.br\/wp-content\/uploads\/2023\/07\/istock-1494533955-e1690384770114-910x530.jpg 910w, https:\/\/catracalivre.com.br\/wp-content\/uploads\/2023\/07\/istock-1494533955-e1690384770114-450x262.jpg 450w, https:\/\/catracalivre.com.br\/wp-content\/uploads\/2023\/07\/istock-1494533955-e1690384770114-768x447.jpg 768w\" sizes=\"(max-width: 910px) 100vw, 910px\"\/><\/p>\n<p>Cr\u00e9ditos: iStock\/Alena Ivochkina<\/p>\n<\/div>\n<\/div>\n<p><span class=\"post-imagem__legenda\">Unhas podem sinalizar diferentes problemas de sa\u00fade e defici\u00eancias nutricionais<\/span><\/p>\n<\/div>\n<h2>Como \u00e9 uma unha saud\u00e1vel?<\/h2>\n<p>Uma unha saud\u00e1vel \u00e9 caracterizada por:<\/p>\n<ul>\n<li>l\u00e2mina ungueal rosada, ou seja, a parte vis\u00edvel, formada por escamas c\u00f3rneas formadas por queratina, mesma subst\u00e2ncia que tamb\u00e9m comp\u00f5e o cabelo;<\/li>\n<li>superf\u00edcie lisa e regular.<\/li>\n<\/ul>\n<p>Tamb\u00e9m parece semitransparente, por isso assume a cor rosa do tecido logo abaixo, chamado leito ungueal, rico em vasos sangu\u00edneos.<\/p>\n<h2>Unhas quebradi\u00e7as: quais s\u00e3o as causas?<\/h2>\n<p>As unhas s\u00e3o compostas por <a href=\"https:\/\/catracalivre.com.br\/saude-bem-estar\/deficiencia-de-vitaminas-estes-sao-os-sinais-que-o-corpo-da\/\">vitaminas<\/a>, amino\u00e1cidos, minerais, gorduras e \u00e1gua: se faltar algum destes elementos tornam-se quebradi\u00e7as, finas e macias.<\/p>\n<p>Se suas unhas quebram e descamam\u00a0com facilidade, pode ser sinal de\u00a0defici\u00eancia de minerais\u00a0(<a href=\"https:\/\/catracalivre.com.br\/saude-bem-estar\/unhas-fracas-e-mais-sinais-da-deficiencia-em-ferro-no-organismo\/\">ferro<\/a>, cobre, <a href=\"https:\/\/catracalivre.com.br\/saude-bem-estar\/este-mineral-pode-reverter-a-perda-de-memoria-segundo-estudo\/\">sel\u00eanio<\/a> e zinco)\u00a0e vitaminas\u00a0(A, B6, E).\u00a0Por\u00e9m, tamb\u00e9m existem outros fatores que podem favorecer o problema, incluindo, por exemplo:<\/p>\n<ul>\n<li>cuidado excessivo com as unhas;<\/li>\n<li>contato prolongado com detergentes e produtos qu\u00edmicos agressivos;<\/li>\n<li>doen\u00e7as de pele como psor\u00edase;<\/li>\n<li>infec\u00e7\u00f5es como micose.<\/li>\n<\/ul>\n<h2>Linhas, listras ou pontos nas unhas: cada um tem seu significado<\/h2>\n<p>Muitas vezes podem aparecer linhas, listras ou pontos nas unhas. Mas o que eles indicam? Qual \u00e9 o seu significado?<\/p>\n<h3>Unhas com linhas verticais<\/h3>\n<p>Linhas na superf\u00edcie, mais ou menos profundas, verticais e paralelas podem indicar envelhecimento fisiol\u00f3gico do organismo e, portanto, tamb\u00e9m das unhas.<\/p>\n<p>Embora mais raramente, no entanto, pode ser consequ\u00eancia de eczema cr\u00f4nico, artrite reumatoide\u00a0\u00a0ou insufici\u00eancia vascular.<\/p>\n<h3>Unhas com listras escuras<\/h3>\n<p>Trauma na unha pode causar o aparecimento de linhas verticais escuras, ligadas ao hematoma.<\/p>\n<p>Causas menos comuns podem ser micose, uma pinta benigna ou melanoma de unha (<a href=\"https:\/\/catracalivre.com.br\/saude-bem-estar\/mancha-na-unha-mulher-descobre-cancer\/\">c\u00e2ncer raro<\/a>) e doen\u00e7a de Addison, ligada ao mau funcionamento das gl\u00e2ndulas supra-renais.<\/p>\n<div id=\"attachment_2206455\" class=\"wp-caption alignnone\">\n<div class=\"d-flex justify-content-center\" data-attachment-id=\"2206455\">\n<div class=\"position-relative d-inline-block\"><img data-recalc-dims=\"1\" loading=\"lazy\" data-portal-copyright=\"reprodu\u00e7\u00e3o\/Tiktok\/invrfoundwaldo\" decoding=\"async\" class=\"wp-image-2206455 size-full\" src=\"https:\/\/i0.wp.com\/catracalivre.com.br\/wp-content\/uploads\/2022\/03\/mancha-na-unha-cancer.png?resize=810%2C604&#038;ssl=1\" alt=\"Listras escuras na unha merecem aten\u00e7\u00e3o\" width=\"810\" height=\"604\" srcset=\"https:\/\/catracalivre.com.br\/wp-content\/uploads\/2022\/03\/mancha-na-unha-cancer.png 810w, https:\/\/catracalivre.com.br\/wp-content\/uploads\/2022\/03\/mancha-na-unha-cancer-450x336.png 450w, https:\/\/catracalivre.com.br\/wp-content\/uploads\/2022\/03\/mancha-na-unha-cancer-768x573.png 768w\" sizes=\"auto, (max-width: 810px) 100vw, 810px\"\/><\/p>\n<p>Cr\u00e9ditos: reprodu\u00e7\u00e3o\/Tiktok\/invrfoundwaldo<\/p>\n<\/div>\n<\/div>\n<p><span class=\"post-imagem__legenda\">Listras escuras na unha merecem aten\u00e7\u00e3o<\/span><\/p>\n<\/div>\n<h3>Listras horizontais nas unhas<\/h3>\n<p>Se aparecerem linhas horizontais e paralelas (chamadas linhas de Muehrcke) nas unhas, pode ser sinal de pequenos traumas que por alguns momentos diminuem a oxigena\u00e7\u00e3o, ou de problema de insufici\u00eancia renal ou hep\u00e1tica.<\/p>\n<h3>Unhas onduladas<\/h3>\n<p>Quando as unhas crescem com um padr\u00e3o levemente ondulado, alternando sulcos e depress\u00f5es, a causa muitas vezes est\u00e1 no cuidado excessivo na manicure, que acaba danificando a unha.<\/p>\n<h3>Unhas furadas<\/h3>\n<p>Pequenas depress\u00f5es pontuais podem ser causadas por doen\u00e7as de pele, como psor\u00edase, dermatite de contato, eczema, ou estarem ligadas \u00e0 alopecia areata.<\/p>\n<h2>O que a cor das unhas indica?<\/h2>\n<p>At\u00e9 a cor das unhas pode indicar a presen\u00e7a de infec\u00e7\u00f5es, doen\u00e7as ou dist\u00farbios relacionados ao nosso organismo.<\/p>\n<h3>Unhas amarelas<\/h3>\n<p>Esmaltes de baixa qualidade, h\u00e1bitos de fumar: estas s\u00e3o geralmente as causas mais frequentes pelas quais as unhas ficam amareladas.<\/p>\n<p>No entanto, tamb\u00e9m podem tornar-se amarelas devido a outros problemas mais graves ligados a dist\u00farbios respirat\u00f3rios, incluindo bronquite, sinusite e em alguns casos pleurisia, que \u00e9 inflama\u00e7\u00e3o dos tecidos que revestem os pulm\u00f5es e a caixa tor\u00e1cica.<\/p>\n<h3>Unhas brancas e rosa<\/h3>\n<p>Quando as unhas aparecem metade brancas e metade rosadas ou quase completamente brancas, pode-se suspeitar\u00a0 de um n\u00edvel de nitrog\u00eanio no sangue superior ao normal.<\/p>\n<p>O branqueamento quase total das unhas, por\u00e9m, pode ser sinal de anemia ou <a href=\"https:\/\/catracalivre.com.br\/saude-bem-estar\/doenca-hepatica-o-sintoma-precoce-que-aparece-a-noite\/\">doen\u00e7as hep\u00e1ticas<\/a> como cirrose hep\u00e1tica.<\/p>\n<h3>Unhas brancas ou marrons<\/h3>\n<p>Uma unha que muda gradualmente de cor, torna-se branca e escura quase sempre significa que a onicomicose est\u00e1 instalada.<\/p>\n<p>A infec\u00e7\u00e3o que atinge a unha a torna mais espessa, fazendo-a se desintegrar facilmente.<\/p>\n<\/div>\n<p><script>\n\t\t! function(f, b, e, v, n, t, s) {\n\t\t\tif (f.fbq) return;\n\t\t\tn = f.fbq = function() {\n\t\t\t\tn.callMethod ?\n\t\t\t\t\tn.callMethod.apply(n, arguments) : n.queue.push(arguments)\n\t\t\t};\n\t\t\tif (!f._fbq) f._fbq = n;\n\t\t\tn.push = n;\n\t\t\tn.loaded = !0;\n\t\t\tn.version = '2.0';\n\t\t\tn.queue = [];\n\t\t\tt = b.createElement(e);\n\t\t\tt.async = !0;\n\t\t\tt.src = v;\n\t\t\ts = b.getElementsByTagName(e)[0];\n\t\t\ts.parentNode.insertBefore(t, s)\n\t\t}(window, document, 'script',\n\t\t\t'https:\/\/connect.facebook.net\/en_US\/fbevents.js');\n\t\tfbq('init', '338315473262380');\n\t\tfbq('track', 'PageView');\n\t<\/script><br \/>\n<br \/><br \/>\n<br \/><a href=\"https:\/\/catracalivre.com.br\/saude-bem-estar\/sinais-nas-unhas-que-indicam-de-problemas-de-saude\/\">Source link <\/a><\/p>\n<div class='code-block code-block-4' style='margin: 8px auto 8px 0; text-align: left; display: block; clear: both;'>\n\ud83d\udce2 Aviso Legal\n\nO site ismaelcolosi.com.br atua apenas como um canal de divulga\u00e7\u00e3o de oportunidades de emprego e n\u00e3o se responsabiliza pelo processo seletivo, contrata\u00e7\u00e3o ou qualquer outra etapa relacionada \u00e0s vagas publicadas. Todas as informa\u00e7\u00f5es s\u00e3o de responsabilidade dos anunciantes.\n\n\u26a0\ufe0f Aten\u00e7\u00e3o! Nunca pague por promessas de emprego nem compre cursos que garantam contrata\u00e7\u00e3o. Desconfie de qualquer cobran\u00e7a para participar de sele\u00e7\u00f5es.\n\n\n\n<\/div>\n<!-- CONTENT END 1 -->\n","protected":false},"excerpt":{"rendered":"<p>Ter unhas bonitas e saud\u00e1veis \u200b\u200bn\u00e3o \u00e9 apenas uma quest\u00e3o est\u00e9tica. Muitas vezes, na verdade, elas representam o espelho da nossa sa\u00fade geral. Altera\u00e7\u00f5es nas&#8230;<\/p>\n","protected":false},"author":1,"featured_media":2451,"comment_status":"open","ping_status":"open","sticky":false,"template":"","format":"standard","meta":{"_uag_custom_page_level_css":"","advanced_seo_description":"","jetpack_seo_html_title":"","jetpack_seo_noindex":false,"jetpack_post_was_ever_published":false,"_jetpack_newsletter_access":"","_jetpack_dont_email_post_to_subs":false,"_jetpack_newsletter_tier_id":0,"_jetpack_memberships_contains_paywalled_content":false,"_jetpack_memberships_contains_paid_content":false,"footnotes":"","jetpack_publicize_message":"","jetpack_publicize_feature_enabled":true,"jetpack_social_post_already_shared":false,"jetpack_social_options":{"image_generator_settings":{"template":"highway","default_image_id":0,"font":"","enabled":false},"version":2}},"categories":[19],"tags":[],"class_list":["post-2450","post","type-post","status-publish","format-standard","has-post-thumbnail","hentry","category-variedades"],"jetpack_publicize_connections":[],"jetpack_featured_media_url":"https:\/\/i0.wp.com\/ismaelcolosi.com.br\/wp-content\/uploads\/2023\/11\/mancha-na-unha-cancer.png?fit=1200%2C638&ssl=1","uagb_featured_image_src":{"full":["https:\/\/i0.wp.com\/ismaelcolosi.com.br\/wp-content\/uploads\/2023\/11\/mancha-na-unha-cancer.png?fit=1200%2C638&ssl=1",1200,638,false],"thumbnail":["https:\/\/i0.wp.com\/ismaelcolosi.com.br\/wp-content\/uploads\/2023\/11\/mancha-na-unha-cancer.png?resize=150%2C150&ssl=1",150,150,true],"medium":["https:\/\/i0.wp.com\/ismaelcolosi.com.br\/wp-content\/uploads\/2023\/11\/mancha-na-unha-cancer.png?fit=300%2C160&ssl=1",300,160,true],"medium_large":["https:\/\/i0.wp.com\/ismaelcolosi.com.br\/wp-content\/uploads\/2023\/11\/mancha-na-unha-cancer.png?fit=768%2C408&ssl=1",768,408,true],"large":["https:\/\/i0.wp.com\/ismaelcolosi.com.br\/wp-content\/uploads\/2023\/11\/mancha-na-unha-cancer.png?fit=1024%2C544&ssl=1",1024,544,true],"1536x1536":["https:\/\/i0.wp.com\/ismaelcolosi.com.br\/wp-content\/uploads\/2023\/11\/mancha-na-unha-cancer.png?fit=1200%2C638&ssl=1",1200,638,true],"2048x2048":["https:\/\/i0.wp.com\/ismaelcolosi.com.br\/wp-content\/uploads\/2023\/11\/mancha-na-unha-cancer.png?fit=1200%2C638&ssl=1",1200,638,true],"really-simple-thumb":["https:\/\/i0.wp.com\/ismaelcolosi.com.br\/wp-content\/uploads\/2023\/11\/mancha-na-unha-cancer.png?resize=370%2C247&ssl=1",370,247,true]},"uagb_author_info":{"display_name":"ismaelcolosi.com.br","author_link":"https:\/\/ismaelcolosi.com.br\/index.php\/author\/vidareal-online\/"},"uagb_comment_info":0,"uagb_excerpt":"Ter unhas bonitas e saud\u00e1veis \u200b\u200bn\u00e3o \u00e9 apenas uma quest\u00e3o est\u00e9tica. Muitas vezes, na verdade, elas representam o espelho da nossa sa\u00fade geral. Altera\u00e7\u00f5es nas...","jetpack-related-posts":[{"id":7701,"url":"https:\/\/ismaelcolosi.com.br\/index.php\/2023\/11\/28\/este-fenomeno-perturbador-ocorre-com-astronautas-no-espaco\/","url_meta":{"origin":2450,"position":0},"title":"este fen\u00f4meno perturbador ocorre com astronautas no espa\u00e7o","author":"ismaelcolosi.com.br","date":"28 de November de 2023","format":false,"excerpt":"O espa\u00e7o sideral pode ser um lugar que desperta muito fasc\u00ednio, mas suas condi\u00e7\u00f5es n\u00e3o s\u00e3o nada favor\u00e1veis \u00e0 sobreviv\u00eancia humana enquanto encarnada nesse corpo f\u00edsico. E isso os astronautas sentem na pele. H\u00e1 um efeito que muitos deles sentem quando saem da Esta\u00e7\u00e3o Espacial Internacional (ISS, em ingl\u00eas) para\u2026","rel":"","context":"In &quot;Variedades&quot;","block_context":{"text":"Variedades","link":"https:\/\/ismaelcolosi.com.br\/index.php\/category\/variedades\/"},"img":{"alt_text":"","src":"https:\/\/i0.wp.com\/ismaelcolosi.com.br\/wp-content\/uploads\/2023\/11\/istock-1587601513.jpg?fit=1200%2C638&ssl=1&resize=350%2C200","width":350,"height":200,"srcset":"https:\/\/i0.wp.com\/ismaelcolosi.com.br\/wp-content\/uploads\/2023\/11\/istock-1587601513.jpg?fit=1200%2C638&ssl=1&resize=350%2C200 1x, https:\/\/i0.wp.com\/ismaelcolosi.com.br\/wp-content\/uploads\/2023\/11\/istock-1587601513.jpg?fit=1200%2C638&ssl=1&resize=525%2C300 1.5x, https:\/\/i0.wp.com\/ismaelcolosi.com.br\/wp-content\/uploads\/2023\/11\/istock-1587601513.jpg?fit=1200%2C638&ssl=1&resize=700%2C400 2x, https:\/\/i0.wp.com\/ismaelcolosi.com.br\/wp-content\/uploads\/2023\/11\/istock-1587601513.jpg?fit=1200%2C638&ssl=1&resize=1050%2C600 3x"},"classes":[]},{"id":6469,"url":"https:\/\/ismaelcolosi.com.br\/index.php\/2023\/11\/25\/7-sintomas-menos-conhecidos-da-doenca\/","url_meta":{"origin":2450,"position":1},"title":"7 sintomas menos conhecidos da doen\u00e7a","author":"ismaelcolosi.com.br","date":"25 de November de 2023","format":false,"excerpt":"Cr\u00e9ditos: Getty ImagesDisfun\u00e7\u00e3o er\u00e9til, um dos sintomas menos conhecidos da diabetes, ocorre porque n\u00edveis elevados de a\u00e7\u00facar no sangue a longo prazo podem causar dist\u00farbios circulat\u00f3rios \u2013 iStock\/Getty Images Sede excessiva, vontade frequente de urinar e fadiga s\u00e3o alguns dos sinais e sintomas de diabetes mais conhecidos pela literatura m\u00e9dica.\u2026","rel":"","context":"In &quot;Variedades&quot;","block_context":{"text":"Variedades","link":"https:\/\/ismaelcolosi.com.br\/index.php\/category\/variedades\/"},"img":{"alt_text":"","src":"https:\/\/i0.wp.com\/ismaelcolosi.com.br\/wp-content\/uploads\/2023\/11\/istock-928635720.jpg?fit=1200%2C638&ssl=1&resize=350%2C200","width":350,"height":200,"srcset":"https:\/\/i0.wp.com\/ismaelcolosi.com.br\/wp-content\/uploads\/2023\/11\/istock-928635720.jpg?fit=1200%2C638&ssl=1&resize=350%2C200 1x, https:\/\/i0.wp.com\/ismaelcolosi.com.br\/wp-content\/uploads\/2023\/11\/istock-928635720.jpg?fit=1200%2C638&ssl=1&resize=525%2C300 1.5x, https:\/\/i0.wp.com\/ismaelcolosi.com.br\/wp-content\/uploads\/2023\/11\/istock-928635720.jpg?fit=1200%2C638&ssl=1&resize=700%2C400 2x, https:\/\/i0.wp.com\/ismaelcolosi.com.br\/wp-content\/uploads\/2023\/11\/istock-928635720.jpg?fit=1200%2C638&ssl=1&resize=1050%2C600 3x"},"classes":[]},{"id":3901,"url":"https:\/\/ismaelcolosi.com.br\/index.php\/2023\/11\/20\/tecnica-ensina-a-parar-de-roer-unha-definitivamente\/","url_meta":{"origin":2450,"position":2},"title":"T\u00e9cnica ensina a parar de roer unha definitivamente","author":"ismaelcolosi.com.br","date":"20 de November de 2023","format":false,"excerpt":"Cr\u00e9ditos: Getty ImagesParar de roer unha pode ser muito mais f\u00e1cil do que voc\u00ea imagina, indicam especialistas \u2013 iStock\/Getty Images Associado a situa\u00e7\u00f5es de estresse e ansiedade, o h\u00e1bito de roer unha pode provocar consequ\u00eancias desagrad\u00e1veis, como por exemplo machucados provocados pela a\u00e7\u00e3o cont\u00ednua da roe\u00e7\u00e3o. Segundo especialistas, fatores como\u2026","rel":"","context":"In &quot;Variedades&quot;","block_context":{"text":"Variedades","link":"https:\/\/ismaelcolosi.com.br\/index.php\/category\/variedades\/"},"img":{"alt_text":"","src":"https:\/\/i0.wp.com\/ismaelcolosi.com.br\/wp-content\/uploads\/2023\/11\/istock-1464801480.jpg?fit=1200%2C638&ssl=1&resize=350%2C200","width":350,"height":200,"srcset":"https:\/\/i0.wp.com\/ismaelcolosi.com.br\/wp-content\/uploads\/2023\/11\/istock-1464801480.jpg?fit=1200%2C638&ssl=1&resize=350%2C200 1x, https:\/\/i0.wp.com\/ismaelcolosi.com.br\/wp-content\/uploads\/2023\/11\/istock-1464801480.jpg?fit=1200%2C638&ssl=1&resize=525%2C300 1.5x, https:\/\/i0.wp.com\/ismaelcolosi.com.br\/wp-content\/uploads\/2023\/11\/istock-1464801480.jpg?fit=1200%2C638&ssl=1&resize=700%2C400 2x, https:\/\/i0.wp.com\/ismaelcolosi.com.br\/wp-content\/uploads\/2023\/11\/istock-1464801480.jpg?fit=1200%2C638&ssl=1&resize=1050%2C600 3x"},"classes":[]},{"id":31055,"url":"https:\/\/ismaelcolosi.com.br\/index.php\/2024\/01\/20\/nossa-olhem-o-que-vai-sair-meu-deus-nao-acredito-video\/","url_meta":{"origin":2450,"position":3},"title":"NOSSA! OLHEM O QUE VAI SAIR, MEU DEUS N\u00c3O ACREDITO \u2013 V\u00cdDEO","author":"ismaelcolosi.com.br","date":"20 de January de 2024","format":false,"excerpt":"\u00c9 muito comum, ultimamente, nas redes socais viralizar v\u00eddeos de procedimentos bem chocantes, como a remo\u00e7\u00e3o de uma espinha inflamada, cravos e at\u00e9 unhas encravadas. E devido a populariza\u00e7\u00e3o desses v\u00eddeos, cada vez mais os profissionais que fazem o trabalho de tratar esses casos, divulgam seus v\u00eddeos. E os v\u00eddeos\u2026","rel":"","context":"In &quot;Variedades&quot;","block_context":{"text":"Variedades","link":"https:\/\/ismaelcolosi.com.br\/index.php\/category\/variedades\/"},"img":{"alt_text":"","src":"https:\/\/i0.wp.com\/ismaelcolosi.com.br\/wp-content\/uploads\/2024\/01\/espinha.webp.webp?fit=768%2C418&ssl=1&resize=350%2C200","width":350,"height":200,"srcset":"https:\/\/i0.wp.com\/ismaelcolosi.com.br\/wp-content\/uploads\/2024\/01\/espinha.webp.webp?fit=768%2C418&ssl=1&resize=350%2C200 1x, https:\/\/i0.wp.com\/ismaelcolosi.com.br\/wp-content\/uploads\/2024\/01\/espinha.webp.webp?fit=768%2C418&ssl=1&resize=525%2C300 1.5x, https:\/\/i0.wp.com\/ismaelcolosi.com.br\/wp-content\/uploads\/2024\/01\/espinha.webp.webp?fit=768%2C418&ssl=1&resize=700%2C400 2x"},"classes":[]},{"id":16574,"url":"https:\/\/ismaelcolosi.com.br\/index.php\/2023\/12\/15\/o-que-seu-pe-pode-revelar-sobre-o-seu-estado-de-saude\/","url_meta":{"origin":2450,"position":4},"title":"O que seu p\u00e9 pode revelar sobre o seu estado de sa\u00fade?","author":"ismaelcolosi.com.br","date":"15 de December de 2023","format":false,"excerpt":"Cr\u00e9ditos: Getty Images\/iStockphotoFique atento \u00e0s altera\u00e7\u00f5es em seu p\u00e9, pois elas podem estar revelando algo muito mais significativo sobre o seu estado de sa\u00fade \u2013 iStock\/Getty Images Geralmente, as pessoas quase nunca pensam sobre os seus p\u00e9s, a menos que elas tenham uma les\u00e3o dolorosa ou outra condi\u00e7\u00e3o que comprometa\u2026","rel":"","context":"In &quot;Variedades&quot;","block_context":{"text":"Variedades","link":"https:\/\/ismaelcolosi.com.br\/index.php\/category\/variedades\/"},"img":{"alt_text":"","src":"https:\/\/i0.wp.com\/ismaelcolosi.com.br\/wp-content\/uploads\/2023\/12\/istock-932549384-1.jpg?fit=1200%2C638&ssl=1&resize=350%2C200","width":350,"height":200,"srcset":"https:\/\/i0.wp.com\/ismaelcolosi.com.br\/wp-content\/uploads\/2023\/12\/istock-932549384-1.jpg?fit=1200%2C638&ssl=1&resize=350%2C200 1x, https:\/\/i0.wp.com\/ismaelcolosi.com.br\/wp-content\/uploads\/2023\/12\/istock-932549384-1.jpg?fit=1200%2C638&ssl=1&resize=525%2C300 1.5x, https:\/\/i0.wp.com\/ismaelcolosi.com.br\/wp-content\/uploads\/2023\/12\/istock-932549384-1.jpg?fit=1200%2C638&ssl=1&resize=700%2C400 2x, https:\/\/i0.wp.com\/ismaelcolosi.com.br\/wp-content\/uploads\/2023\/12\/istock-932549384-1.jpg?fit=1200%2C638&ssl=1&resize=1050%2C600 3x"},"classes":[]},{"id":6854,"url":"https:\/\/ismaelcolosi.com.br\/index.php\/2023\/11\/27\/alguns-sinais-silenciosos-da-doenca\/","url_meta":{"origin":2450,"position":5},"title":"alguns sinais silenciosos da doen\u00e7a","author":"ismaelcolosi.com.br","date":"27 de November de 2023","format":false,"excerpt":"Cr\u00e9ditos: Getty Images\/iStockphotoAltera\u00e7\u00f5es na vis\u00e3o, como vis\u00e3o dupla ou emba\u00e7ada, e problemas de equil\u00edbrio e coordena\u00e7\u00e3o s\u00e3o alguns dos sinais do c\u00e2ncer no c\u00e9rebro \u2013 iStock\/Getty Images Doen\u00e7a de dif\u00edcil detec\u00e7\u00e3o precoce, o c\u00e2ncer no c\u00e9rebro \u00e9 caracterizado por sintomas iniciais sutis e facilmente confundidos com outras situa\u00e7\u00f5es. Por isso,\u2026","rel":"","context":"In &quot;Variedades&quot;","block_context":{"text":"Variedades","link":"https:\/\/ismaelcolosi.com.br\/index.php\/category\/variedades\/"},"img":{"alt_text":"","src":"https:\/\/i0.wp.com\/ismaelcolosi.com.br\/wp-content\/uploads\/2023\/11\/istock-1366196062.jpg?fit=1200%2C638&ssl=1&resize=350%2C200","width":350,"height":200,"srcset":"https:\/\/i0.wp.com\/ismaelcolosi.com.br\/wp-content\/uploads\/2023\/11\/istock-1366196062.jpg?fit=1200%2C638&ssl=1&resize=350%2C200 1x, https:\/\/i0.wp.com\/ismaelcolosi.com.br\/wp-content\/uploads\/2023\/11\/istock-1366196062.jpg?fit=1200%2C638&ssl=1&resize=525%2C300 1.5x, https:\/\/i0.wp.com\/ismaelcolosi.com.br\/wp-content\/uploads\/2023\/11\/istock-1366196062.jpg?fit=1200%2C638&ssl=1&resize=700%2C400 2x, https:\/\/i0.wp.com\/ismaelcolosi.com.br\/wp-content\/uploads\/2023\/11\/istock-1366196062.jpg?fit=1200%2C638&ssl=1&resize=1050%2C600 3x"},"classes":[]}],"jetpack_sharing_enabled":true,"jetpack_shortlink":"https:\/\/wp.me\/pfMlyK-Dw","_links":{"self":[{"href":"https:\/\/ismaelcolosi.com.br\/index.php\/wp-json\/wp\/v2\/posts\/2450","targetHints":{"allow":["GET"]}}],"collection":[{"href":"https:\/\/ismaelcolosi.com.br\/index.php\/wp-json\/wp\/v2\/posts"}],"about":[{"href":"https:\/\/ismaelcolosi.com.br\/index.php\/wp-json\/wp\/v2\/types\/post"}],"author":[{"embeddable":true,"href":"https:\/\/ismaelcolosi.com.br\/index.php\/wp-json\/wp\/v2\/users\/1"}],"replies":[{"embeddable":true,"href":"https:\/\/ismaelcolosi.com.br\/index.php\/wp-json\/wp\/v2\/comments?post=2450"}],"version-history":[{"count":0,"href":"https:\/\/ismaelcolosi.com.br\/index.php\/wp-json\/wp\/v2\/posts\/2450\/revisions"}],"wp:featuredmedia":[{"embeddable":true,"href":"https:\/\/ismaelcolosi.com.br\/index.php\/wp-json\/wp\/v2\/media\/2451"}],"wp:attachment":[{"href":"https:\/\/ismaelcolosi.com.br\/index.php\/wp-json\/wp\/v2\/media?parent=2450"}],"wp:term":[{"taxonomy":"category","embeddable":true,"href":"https:\/\/ismaelcolosi.com.br\/index.php\/wp-json\/wp\/v2\/categories?post=2450"},{"taxonomy":"post_tag","embeddable":true,"href":"https:\/\/ismaelcolosi.com.br\/index.php\/wp-json\/wp\/v2\/tags?post=2450"}],"curies":[{"name":"wp","href":"https:\/\/api.w.org\/{rel}","templated":true}]}}