{"id":24462,"date":"2024-01-04T12:51:21","date_gmt":"2024-01-04T15:51:21","guid":{"rendered":"https:\/\/ismaelcolosi.com.br\/index.php\/2024\/01\/04\/saidinha-acabou-mais-cedo-para-700-detentos\/"},"modified":"2024-01-04T12:51:21","modified_gmt":"2024-01-04T15:51:21","slug":"saidinha-acabou-mais-cedo-para-700-detentos","status":"publish","type":"post","link":"https:\/\/ismaelcolosi.com.br\/index.php\/2024\/01\/04\/saidinha-acabou-mais-cedo-para-700-detentos\/","title":{"rendered":"Saidinha acabou mais cedo para 700 detentos"},"content":{"rendered":"<p> <br \/>\n<\/p>\n<div id=\"\">\n<h2 class=\"penci-post-subtitle\">Segundo SSP, infratores descumpriram regras impostas pela Justi\u00e7a para usufruir do benef\u00edcio<\/h2>\n<p> <span class=\"entry-meta-item penci-posted-on\"><i class=\"fa fa-clock-o\"\/><time class=\"entry-date published updated\" datetime=\"2024-01-04T12:33:17-03:00\">4 de janeiro de 2024 | 12:33<\/time><\/span><\/p>\n<p> <span class=\"penci-social-buttons penci-social-share-footer\"><a href=\"#\" class=\"penci-post-like penci_post-meta_item  single-like-button penci-social-item like\" data-post_id=\"369306\" title=\"Like\" data-like=\"Like\" data-unlike=\"Unlike\"><i class=\"fa fa-thumbs-o-up\"\/><span class=\"penci-share-number\">0<\/span><\/a><i class=\"fa fa-facebook\"\/><a class=\"penci-social-item twitter\" target=\"_blank\" rel=\"noopener\" title=\"\" href=\"https:\/\/twitter.com\/intent\/tweet?text=Saidinha%20acabou%20mais%20cedo%20para%20700%20detentos%20-%20https:\/\/www.tribunaribeirao.com.br\/site\/saidinha-acabou-mais-cedo-para-700-detentos\/\"><i class=\"fa fa-twitter\"\/><\/a><i class=\"fa fa-whatsapp\"\/><\/span><\/div>\n<div>\n<p>Por: Adalberto Luque<\/p>\n<p>A Secretaria da Seguran\u00e7a P\u00fablica (SSP) informou que mais de 700 detentos beneficiados pela sa\u00edda tempor\u00e1ria de final de ano foram presos por descumprir as regras e at\u00e9 por praticar crimes. O benef\u00edcio favoreceu a sa\u00edda de 33 mil presos escolhidos pela Justi\u00e7a. A \u201csaidinha\u201d de final de ano liberou os presos na sexta-feira (22) e o retorno dos beneficiados ocorreu nesta quarta-feira (03).<\/p>\n<p>Desde o s\u00e1bado (23) at\u00e9 segunda-feira (01), foram presos 631 infratores foram beneficiados com a medida, mas que descumpriram as regras estabelecidas pela Justi\u00e7a. Al\u00e9m disso, outros 81 detentos beneficiados pela saidinha foram presos em flagrante cometendo algum tipo de crime.<\/p>\n<p>Segundo a SSP, os presos que descumpriram as medidas ou praticaram crimes tiveram o benef\u00edcio cancelado imediatamente e foram encaminhados para uma unidade do sistema prisional mais pr\u00f3xima ao local da abordagem. Isso se deu ap\u00f3s parceria estabelecida em 2023 entre a SSP e a Secretaria de Administra\u00e7\u00e3o Penitenci\u00e1ria (SAP).<\/p>\n<p>Al\u00e9m disso, acordo de coopera\u00e7\u00e3o entre a SSP e o Tribunal de Justi\u00e7a de S\u00e3o Paulo facilitou o acesso de policiais aos processos dos r\u00e9us que cumprem a pena fora das pris\u00f5es. Por meio dos dispositivos m\u00f3veis das viaturas, \u00e9 poss\u00edvel consultar a situa\u00e7\u00e3o prisional do abordado e, assim, verificar se as medidas cautelares impostas pela Justi\u00e7a est\u00e3o sendo cumpridas. Caso contr\u00e1rio, a pr\u00f3pria equipe da PM informa ao Poder Judici\u00e1rio do descumprimento e conduz o abordado \u00e0 penitenci\u00e1ria.<\/p>\n<p>\u201cEssa foi mais uma ferramenta implementada ao longo do ano passado pela nossa gest\u00e3o para coibir a criminalidade e evitar a reincid\u00eancia criminal\u201d, lembrou o secret\u00e1rio da Seguran\u00e7a P\u00fablica, Guilherme Derrite. \u201cNosso objetivo \u00e9 garantir a tranquilidade e a seguran\u00e7a da popula\u00e7\u00e3o, porque al\u00e9m de prejudicar o combate ao crime, a sa\u00edda tempor\u00e1ria ainda causa um sentimento de impunidade \u00e0 sociedade\u201d, avaliou.<\/p>\n<figure id=\"attachment_332982\" aria-describedby=\"caption-attachment-332982\" style=\"width: 953px\" class=\"wp-caption alignnone\"><noscript><img data-recalc-dims=\"1\" loading=\"lazy\" decoding=\"async\" class=\"size-full wp-image-332982\" src=\"https:\/\/i0.wp.com\/www.tribunaribeirao.com.br\/site\/wp-content\/uploads\/2023\/02\/1-16-scaled.jpg?resize=953%2C645&#038;ssl=1\" alt=\"\" width=\"953\" height=\"645\" srcset=\"https:\/\/www.tribunaribeirao.com.br\/site\/wp-content\/uploads\/2023\/02\/1-16-scaled.jpg 953w, https:\/\/www.tribunaribeirao.com.br\/site\/wp-content\/uploads\/2023\/02\/1-16-300x203.jpg 300w, https:\/\/www.tribunaribeirao.com.br\/site\/wp-content\/uploads\/2023\/02\/1-16-1024x693.jpg 1024w, https:\/\/www.tribunaribeirao.com.br\/site\/wp-content\/uploads\/2023\/02\/1-16-768x520.jpg 768w, https:\/\/www.tribunaribeirao.com.br\/site\/wp-content\/uploads\/2023\/02\/1-16-1536x1040.jpg 1536w, https:\/\/www.tribunaribeirao.com.br\/site\/wp-content\/uploads\/2023\/02\/1-16-960x650.jpg 960w, https:\/\/www.tribunaribeirao.com.br\/site\/wp-content\/uploads\/2023\/02\/1-16-591x400.jpg 591w, https:\/\/www.tribunaribeirao.com.br\/site\/wp-content\/uploads\/2023\/02\/1-16-585x396.jpg 585w\" sizes=\"auto, (max-width: 953px) 100vw, 953px\"\/><\/noscript><figcaption id=\"caption-attachment-332982\" class=\"wp-caption-text\">Para secret\u00e1rio, \u201csaidinha\u201d prejudica combate ao crime e gera sensa\u00e7\u00e3o de impunidade (Foto: SSP\/Divulga\u00e7\u00e3o)<\/figcaption><\/figure>\n<p>Antes, a comunica\u00e7\u00e3o entre a Pol\u00edcia Militar e a Justi\u00e7a sobre a captura de infratores desrespeitando medidas cautelares n\u00e3o era feita de forma direta. Ou seja, caso fosse abordado, s\u00f3 era poss\u00edvel verificar a condi\u00e7\u00e3o do suspeito junto \u00e0 Justi\u00e7a na delegacia. Com o acordo, por\u00e9m, o processo de checagem ganhou mais agilidade.<\/p>\n<p><span style=\"color: #008000\"><em><strong>Ribeir\u00e3o Preto<\/strong><\/em><\/span><\/p>\n<p>De acordo com a SSP, a regi\u00e3o de Ribeir\u00e3o Preto foi uma das que mais registrou pris\u00e3o de detentos e, consequentemente, cancelamento do benef\u00edcio da saidinha. Ao todo, 83 detentos foram flagrados descumprindo regras ou cometendo crimes desde o final de 2023 na regi\u00e3o de Ribeir\u00e3o Preto.<\/p>\n<p>O prazo para os presos beneficiados pela sa\u00edda tempor\u00e1ria retornarem ao sistema prisional terminou \u00e0s 18h00 desta quarta-feira (03). A partir de ent\u00e3o, quem n\u00e3o se apresentou \u00e9 considerado foragido. Aproximadamente 33 mil detentos foram liberados no estado para a \u201csaidinha\u201d de fim de ano. A SAP ainda n\u00e3o divulgou o total de presos que n\u00e3o voltaram para suas unidades prisionais ao t\u00e9rmino da \u201csaidinha\u201d de final de ano. Na \u00faltima sa\u00edda tempor\u00e1ria, em setembro de 2023, 33.749 presos foram beneficiados e 1.397 deles n\u00e3o voltaram e foram considerados foragidos.<\/p>\n<\/div>\n<p><script async src=\"\/\/platform.twitter.com\/widgets.js\" charset=\"utf-8\"><\/script><br \/>\n<br \/><br \/>\n<br \/><a href=\"https:\/\/www.tribunaribeirao.com.br\/site\/saidinha-acabou-mais-cedo-para-700-detentos\/\">Source link <\/a><\/p>\n<div class='code-block code-block-4' style='margin: 8px auto 8px 0; text-align: left; display: block; clear: both;'>\n\ud83d\udce2 Aviso Legal\n\nO site ismaelcolosi.com.br atua apenas como um canal de divulga\u00e7\u00e3o de oportunidades de emprego e n\u00e3o se responsabiliza pelo processo seletivo, contrata\u00e7\u00e3o ou qualquer outra etapa relacionada \u00e0s vagas publicadas. Todas as informa\u00e7\u00f5es s\u00e3o de responsabilidade dos anunciantes.\n\n\u26a0\ufe0f Aten\u00e7\u00e3o! Nunca pague por promessas de emprego nem compre cursos que garantam contrata\u00e7\u00e3o. Desconfie de qualquer cobran\u00e7a para participar de sele\u00e7\u00f5es.\n\n\n\n<\/div>\n<!-- CONTENT END 1 -->\n","protected":false},"excerpt":{"rendered":"<p>Segundo SSP, infratores descumpriram regras impostas pela Justi\u00e7a para usufruir do benef\u00edcio 4 de janeiro de 2024 | 12:33 0 Por: Adalberto Luque A Secretaria&#8230;<\/p>\n","protected":false},"author":1,"featured_media":24463,"comment_status":"open","ping_status":"open","sticky":false,"template":"","format":"standard","meta":{"_uag_custom_page_level_css":"","advanced_seo_description":"","jetpack_seo_html_title":"","jetpack_seo_noindex":false,"jetpack_post_was_ever_published":false,"_jetpack_newsletter_access":"","_jetpack_dont_email_post_to_subs":false,"_jetpack_newsletter_tier_id":0,"_jetpack_memberships_contains_paywalled_content":false,"_jetpack_memberships_contains_paid_content":false,"footnotes":"","jetpack_publicize_message":"","jetpack_publicize_feature_enabled":true,"jetpack_social_post_already_shared":true,"jetpack_social_options":{"image_generator_settings":{"template":"highway","default_image_id":0,"font":"","enabled":false},"version":2}},"categories":[11],"tags":[3004,2781,2725,276,71,2632],"class_list":["post-24462","post","type-post","status-publish","format-standard","has-post-thumbnail","hentry","category-noticias-de-ribeirao-preto-sp-e-regiao-ismael-colosi","tag-acabou","tag-cedo","tag-detentos","tag-mais","tag-para","tag-saidinha"],"jetpack_publicize_connections":[],"jetpack_featured_media_url":"https:\/\/i0.wp.com\/ismaelcolosi.com.br\/wp-content\/uploads\/2024\/01\/00-29-dez-2023-saidinha-temporaria-foto-antonio-cruz-agencia-brazil-scaled.jpg?fit=1000%2C598&ssl=1","uagb_featured_image_src":{"full":["https:\/\/i0.wp.com\/ismaelcolosi.com.br\/wp-content\/uploads\/2024\/01\/00-29-dez-2023-saidinha-temporaria-foto-antonio-cruz-agencia-brazil-scaled.jpg?fit=1000%2C598&ssl=1",1000,598,false],"thumbnail":["https:\/\/i0.wp.com\/ismaelcolosi.com.br\/wp-content\/uploads\/2024\/01\/00-29-dez-2023-saidinha-temporaria-foto-antonio-cruz-agencia-brazil-scaled.jpg?resize=150%2C150&ssl=1",150,150,true],"medium":["https:\/\/i0.wp.com\/ismaelcolosi.com.br\/wp-content\/uploads\/2024\/01\/00-29-dez-2023-saidinha-temporaria-foto-antonio-cruz-agencia-brazil-scaled.jpg?fit=300%2C179&ssl=1",300,179,true],"medium_large":["https:\/\/i0.wp.com\/ismaelcolosi.com.br\/wp-content\/uploads\/2024\/01\/00-29-dez-2023-saidinha-temporaria-foto-antonio-cruz-agencia-brazil-scaled.jpg?fit=768%2C459&ssl=1",768,459,true],"large":["https:\/\/i0.wp.com\/ismaelcolosi.com.br\/wp-content\/uploads\/2024\/01\/00-29-dez-2023-saidinha-temporaria-foto-antonio-cruz-agencia-brazil-scaled.jpg?fit=1000%2C598&ssl=1",1000,598,true],"1536x1536":["https:\/\/i0.wp.com\/ismaelcolosi.com.br\/wp-content\/uploads\/2024\/01\/00-29-dez-2023-saidinha-temporaria-foto-antonio-cruz-agencia-brazil-scaled.jpg?fit=1000%2C598&ssl=1",1000,598,true],"2048x2048":["https:\/\/i0.wp.com\/ismaelcolosi.com.br\/wp-content\/uploads\/2024\/01\/00-29-dez-2023-saidinha-temporaria-foto-antonio-cruz-agencia-brazil-scaled.jpg?fit=1000%2C598&ssl=1",1000,598,true],"really-simple-thumb":["https:\/\/i0.wp.com\/ismaelcolosi.com.br\/wp-content\/uploads\/2024\/01\/00-29-dez-2023-saidinha-temporaria-foto-antonio-cruz-agencia-brazil-scaled.jpg?resize=370%2C247&ssl=1",370,247,true]},"uagb_author_info":{"display_name":"ismaelcolosi.com.br","author_link":"https:\/\/ismaelcolosi.com.br\/index.php\/author\/vidareal-online\/"},"uagb_comment_info":0,"uagb_excerpt":"Segundo SSP, infratores descumpriram regras impostas pela Justi\u00e7a para usufruir do benef\u00edcio 4 de janeiro de 2024 | 12:33 0 Por: Adalberto Luque A Secretaria...","jetpack-related-posts":[{"id":21437,"url":"https:\/\/ismaelcolosi.com.br\/index.php\/2023\/12\/27\/saidinha-de-fim-de-ano-mais-de-mil-detentos-deixam-a-prisao-em-ribeirao-e-regiao\/","url_meta":{"origin":24462,"position":0},"title":"Saidinha de fim de ano: mais de mil detentos deixam a pris\u00e3o em Ribeir\u00e3o e regi\u00e3o","author":"ismaelcolosi.com.br","date":"27 de December de 2023","format":false,"excerpt":"A SAP-SP (Secretaria da Administra\u00e7\u00e3o Penitenci\u00e1ria de S\u00e3o Paulo) informou, a pedido do portal acidade on, que 1.173 detentos receberam o benef\u00edcio da sa\u00edda tempor\u00e1ria, em Ribeir\u00e3o Preto e regi\u00e3o. A libera\u00e7\u00e3o aconteceu no \u00faltimo s\u00e1bado (22), e a data de retorno aos pres\u00eddios da regi\u00e3o est\u00e1 agendada para o\u2026","rel":"","context":"In &quot;Not\u00edcias de Ribeir\u00e3o Preto-SP e Regi\u00e3o&quot;","block_context":{"text":"Not\u00edcias de Ribeir\u00e3o Preto-SP e Regi\u00e3o","link":"https:\/\/ismaelcolosi.com.br\/index.php\/category\/noticias-de-ribeirao-preto-sp-e-regiao-ismael-colosi\/"},"img":{"alt_text":"","src":"https:\/\/i0.wp.com\/ismaelcolosi.com.br\/wp-content\/uploads\/2023\/12\/presidios_1024x576_16092021081933.jpg?fit=1024%2C576&ssl=1&resize=350%2C200","width":350,"height":200,"srcset":"https:\/\/i0.wp.com\/ismaelcolosi.com.br\/wp-content\/uploads\/2023\/12\/presidios_1024x576_16092021081933.jpg?fit=1024%2C576&ssl=1&resize=350%2C200 1x, https:\/\/i0.wp.com\/ismaelcolosi.com.br\/wp-content\/uploads\/2023\/12\/presidios_1024x576_16092021081933.jpg?fit=1024%2C576&ssl=1&resize=525%2C300 1.5x, https:\/\/i0.wp.com\/ismaelcolosi.com.br\/wp-content\/uploads\/2023\/12\/presidios_1024x576_16092021081933.jpg?fit=1024%2C576&ssl=1&resize=700%2C400 2x"},"classes":[]},{"id":66664,"url":"https:\/\/ismaelcolosi.com.br\/index.php\/2024\/09\/18\/saidinha-temporaria-beneficia-mais-de-mil-detentos-na-regiao-de-ribeirao-preto\/","url_meta":{"origin":24462,"position":1},"title":"&#8216;Saidinha&#8217; tempor\u00e1ria beneficia mais de mil detentos na regi\u00e3o de Ribeir\u00e3o Preto","author":"ismaelcolosi.com.br","date":"18 de September de 2024","format":false,"excerpt":"A Secretaria da Administra\u00e7\u00e3o Penitenci\u00e1ria de S\u00e3o Paulo (SAP-SP) informou que 1.026 mil presos em regime semiaberto receberam o benef\u00edcio da sa\u00edda tempor\u00e1ria em Ribeir\u00e3o Preto e regi\u00e3o. Os detentos deixaram a cadeia na ter\u00e7a-feira (17) e devem retornar aos pres\u00eddios na segunda-feira (23). Essa \u00e9 a terceira \u2018saidinha\u2019 tempor\u00e1ria\u2026","rel":"","context":"In &quot;Not\u00edcias de Ribeir\u00e3o Preto-SP e Regi\u00e3o&quot;","block_context":{"text":"Not\u00edcias de Ribeir\u00e3o Preto-SP e Regi\u00e3o","link":"https:\/\/ismaelcolosi.com.br\/index.php\/category\/noticias-de-ribeirao-preto-sp-e-regiao-ismael-colosi\/"},"img":{"alt_text":"","src":"https:\/\/i0.wp.com\/ismaelcolosi.com.br\/wp-content\/uploads\/2024\/09\/saidao_1_2024-09-18_20-07-12.webp.webp?fit=1170%2C700&ssl=1&resize=350%2C200","width":350,"height":200,"srcset":"https:\/\/i0.wp.com\/ismaelcolosi.com.br\/wp-content\/uploads\/2024\/09\/saidao_1_2024-09-18_20-07-12.webp.webp?fit=1170%2C700&ssl=1&resize=350%2C200 1x, https:\/\/i0.wp.com\/ismaelcolosi.com.br\/wp-content\/uploads\/2024\/09\/saidao_1_2024-09-18_20-07-12.webp.webp?fit=1170%2C700&ssl=1&resize=525%2C300 1.5x, https:\/\/i0.wp.com\/ismaelcolosi.com.br\/wp-content\/uploads\/2024\/09\/saidao_1_2024-09-18_20-07-12.webp.webp?fit=1170%2C700&ssl=1&resize=700%2C400 2x, https:\/\/i0.wp.com\/ismaelcolosi.com.br\/wp-content\/uploads\/2024\/09\/saidao_1_2024-09-18_20-07-12.webp.webp?fit=1170%2C700&ssl=1&resize=1050%2C600 3x"},"classes":[]},{"id":22179,"url":"https:\/\/ismaelcolosi.com.br\/index.php\/2023\/12\/29\/saidinha-de-fim-de-ano-mais-de-200-detentos-sao-presos-pela-policia-em-sao-paulo\/","url_meta":{"origin":24462,"position":2},"title":"&#8216;Saidinha de fim de ano&#8217;: mais de 200 detentos s\u00e3o presos pela pol\u00edcia em S\u00e3o Paulo","author":"ismaelcolosi.com.br","date":"29 de December de 2023","format":false,"excerpt":"Suspeitos violaram as normas impostas pela Justi\u00e7a e foram reconduzidos \u00e0s penitenci\u00e1rias 29 de dezembro de 2023 | 10:25 2A Pol\u00edcia Militar j\u00e1 efetuou a pris\u00e3o de 201 detentos que foram beneficiados recentemente com a sa\u00edda tempor\u00e1ria de fim de ano, mas que foram flagrados descumprindo as medidas impostas pelo\u2026","rel":"","context":"In &quot;Not\u00edcias de Ribeir\u00e3o Preto-SP e Regi\u00e3o&quot;","block_context":{"text":"Not\u00edcias de Ribeir\u00e3o Preto-SP e Regi\u00e3o","link":"https:\/\/ismaelcolosi.com.br\/index.php\/category\/noticias-de-ribeirao-preto-sp-e-regiao-ismael-colosi\/"},"img":{"alt_text":"","src":"https:\/\/i0.wp.com\/ismaelcolosi.com.br\/wp-content\/uploads\/2023\/12\/00-29-dez-2023-saidinha-temporaria-foto-antonio-cruz-agencia-brazil-scaled.jpg?fit=1000%2C598&ssl=1&resize=350%2C200","width":350,"height":200,"srcset":"https:\/\/i0.wp.com\/ismaelcolosi.com.br\/wp-content\/uploads\/2023\/12\/00-29-dez-2023-saidinha-temporaria-foto-antonio-cruz-agencia-brazil-scaled.jpg?fit=1000%2C598&ssl=1&resize=350%2C200 1x, https:\/\/i0.wp.com\/ismaelcolosi.com.br\/wp-content\/uploads\/2023\/12\/00-29-dez-2023-saidinha-temporaria-foto-antonio-cruz-agencia-brazil-scaled.jpg?fit=1000%2C598&ssl=1&resize=525%2C300 1.5x, https:\/\/i0.wp.com\/ismaelcolosi.com.br\/wp-content\/uploads\/2023\/12\/00-29-dez-2023-saidinha-temporaria-foto-antonio-cruz-agencia-brazil-scaled.jpg?fit=1000%2C598&ssl=1&resize=700%2C400 2x"},"classes":[]},{"id":54122,"url":"https:\/\/ismaelcolosi.com.br\/index.php\/2024\/06\/21\/mais-de-25-presos-nao-retornaram-aos-presidios-de-ribeirao-e-regiao-apos-saidinha\/","url_meta":{"origin":24462,"position":3},"title":"Mais de 25 presos n\u00e3o retornaram aos pres\u00eddios de Ribeir\u00e3o e regi\u00e3o ap\u00f3s &#8216;saidinha&#8217;","author":"ismaelcolosi.com.br","date":"21 de June de 2024","format":false,"excerpt":"A Secretaria da Administra\u00e7\u00e3o Penitenci\u00e1ria (SAP) informou, a pedido do portal acidade on, que 28 presos da regi\u00e3o de Ribeir\u00e3o Preto, n\u00e3o retornaram ao sistema carcer\u00e1rio ap\u00f3s o beneficio da \u201cSaidinha de Santo Ant\u00f4nio\u201d. Na regi\u00e3o, mais de 900 detentos receberam o benef\u00edcio da sa\u00edda tempor\u00e1ria, concedida no per\u00edodo de\u2026","rel":"","context":"In &quot;Not\u00edcias de Ribeir\u00e3o Preto-SP e Regi\u00e3o&quot;","block_context":{"text":"Not\u00edcias de Ribeir\u00e3o Preto-SP e Regi\u00e3o","link":"https:\/\/ismaelcolosi.com.br\/index.php\/category\/noticias-de-ribeirao-preto-sp-e-regiao-ismael-colosi\/"},"img":{"alt_text":"","src":"https:\/\/i0.wp.com\/ismaelcolosi.com.br\/wp-content\/uploads\/2024\/02\/penitenciaria.webp.webp?fit=1170%2C700&ssl=1&resize=350%2C200","width":350,"height":200,"srcset":"https:\/\/i0.wp.com\/ismaelcolosi.com.br\/wp-content\/uploads\/2024\/02\/penitenciaria.webp.webp?fit=1170%2C700&ssl=1&resize=350%2C200 1x, https:\/\/i0.wp.com\/ismaelcolosi.com.br\/wp-content\/uploads\/2024\/02\/penitenciaria.webp.webp?fit=1170%2C700&ssl=1&resize=525%2C300 1.5x, https:\/\/i0.wp.com\/ismaelcolosi.com.br\/wp-content\/uploads\/2024\/02\/penitenciaria.webp.webp?fit=1170%2C700&ssl=1&resize=700%2C400 2x, https:\/\/i0.wp.com\/ismaelcolosi.com.br\/wp-content\/uploads\/2024\/02\/penitenciaria.webp.webp?fit=1170%2C700&ssl=1&resize=1050%2C600 3x"},"classes":[]},{"id":42847,"url":"https:\/\/ismaelcolosi.com.br\/index.php\/2024\/03\/17\/pm-prende-50-detentos-que-estavam-em-saidinha-na-regiao-de-ribeirao-preto\/","url_meta":{"origin":24462,"position":4},"title":"PM prende 50 detentos que estavam em \u2018saidinha\u2019 na regi\u00e3o de Ribeir\u00e3o Preto","author":"ismaelcolosi.com.br","date":"17 de March de 2024","format":false,"excerpt":"Dados da Pol\u00edcia Militar do Estado de S\u00e3o Paulo mostram que 50 detentos beneficiados com a sa\u00edda tempor\u00e1ria, foram presos descumprindo as medidas judiciais, como estar fora de casa em hor\u00e1rio n\u00e3o permitido ou fora do domic\u00edlio informado, na regi\u00e3o de Ribeir\u00e3o Preto. Mais de mil detentos foram beneficiados com\u2026","rel":"","context":"In &quot;Not\u00edcias de Ribeir\u00e3o Preto-SP e Regi\u00e3o&quot;","block_context":{"text":"Not\u00edcias de Ribeir\u00e3o Preto-SP e Regi\u00e3o","link":"https:\/\/ismaelcolosi.com.br\/index.php\/category\/noticias-de-ribeirao-preto-sp-e-regiao-ismael-colosi\/"},"img":{"alt_text":"","src":"https:\/\/i0.wp.com\/ismaelcolosi.com.br\/wp-content\/uploads\/2024\/03\/1710699292_WhatsApp-Image-2023-12-09-at-13.55.44.jpeg?fit=1024%2C576&ssl=1&resize=350%2C200","width":350,"height":200,"srcset":"https:\/\/i0.wp.com\/ismaelcolosi.com.br\/wp-content\/uploads\/2024\/03\/1710699292_WhatsApp-Image-2023-12-09-at-13.55.44.jpeg?fit=1024%2C576&ssl=1&resize=350%2C200 1x, https:\/\/i0.wp.com\/ismaelcolosi.com.br\/wp-content\/uploads\/2024\/03\/1710699292_WhatsApp-Image-2023-12-09-at-13.55.44.jpeg?fit=1024%2C576&ssl=1&resize=525%2C300 1.5x, https:\/\/i0.wp.com\/ismaelcolosi.com.br\/wp-content\/uploads\/2024\/03\/1710699292_WhatsApp-Image-2023-12-09-at-13.55.44.jpeg?fit=1024%2C576&ssl=1&resize=700%2C400 2x"},"classes":[]},{"id":25155,"url":"https:\/\/ismaelcolosi.com.br\/index.php\/2024\/01\/06\/saidinha-de-natal-33-presos-nao-retornaram-para-as-cadeias-da-regiao-de-ribeirao-1\/","url_meta":{"origin":24462,"position":5},"title":"Saidinha de Natal: 33 presos n\u00e3o retornaram para as cadeias da regi\u00e3o de Ribeir\u00e3o","author":"ismaelcolosi.com.br","date":"6 de January de 2024","format":false,"excerpt":"A Secretaria da Administra\u00e7\u00e3o Penitenci\u00e1ria (SAP) informou, nesta sexta-feira (5), que 33 presos da regi\u00e3o de Ribeir\u00e3o Preto, que foram beneficiados pela saidinha de Natal, n\u00e3o retornaram ao sistema carcer\u00e1rio. Na regi\u00e3o, cerca de 1,1 mil detentos receberam o benef\u00edcio da sa\u00edda tempor\u00e1ria, concedido no per\u00edodo de 22 de dezembro\u2026","rel":"","context":"In &quot;Not\u00edcias de Ribeir\u00e3o Preto-SP e Regi\u00e3o&quot;","block_context":{"text":"Not\u00edcias de Ribeir\u00e3o Preto-SP e Regi\u00e3o","link":"https:\/\/ismaelcolosi.com.br\/index.php\/category\/noticias-de-ribeirao-preto-sp-e-regiao-ismael-colosi\/"},"img":{"alt_text":"","src":"https:\/\/i0.wp.com\/ismaelcolosi.com.br\/wp-content\/uploads\/2024\/01\/presidio_1200x675_25092021123337.jpg?fit=1200%2C675&ssl=1&resize=350%2C200","width":350,"height":200,"srcset":"https:\/\/i0.wp.com\/ismaelcolosi.com.br\/wp-content\/uploads\/2024\/01\/presidio_1200x675_25092021123337.jpg?fit=1200%2C675&ssl=1&resize=350%2C200 1x, https:\/\/i0.wp.com\/ismaelcolosi.com.br\/wp-content\/uploads\/2024\/01\/presidio_1200x675_25092021123337.jpg?fit=1200%2C675&ssl=1&resize=525%2C300 1.5x, https:\/\/i0.wp.com\/ismaelcolosi.com.br\/wp-content\/uploads\/2024\/01\/presidio_1200x675_25092021123337.jpg?fit=1200%2C675&ssl=1&resize=700%2C400 2x, https:\/\/i0.wp.com\/ismaelcolosi.com.br\/wp-content\/uploads\/2024\/01\/presidio_1200x675_25092021123337.jpg?fit=1200%2C675&ssl=1&resize=1050%2C600 3x"},"classes":[]}],"jetpack_sharing_enabled":true,"jetpack_shortlink":"https:\/\/wp.me\/pfMlyK-6my","_links":{"self":[{"href":"https:\/\/ismaelcolosi.com.br\/index.php\/wp-json\/wp\/v2\/posts\/24462","targetHints":{"allow":["GET"]}}],"collection":[{"href":"https:\/\/ismaelcolosi.com.br\/index.php\/wp-json\/wp\/v2\/posts"}],"about":[{"href":"https:\/\/ismaelcolosi.com.br\/index.php\/wp-json\/wp\/v2\/types\/post"}],"author":[{"embeddable":true,"href":"https:\/\/ismaelcolosi.com.br\/index.php\/wp-json\/wp\/v2\/users\/1"}],"replies":[{"embeddable":true,"href":"https:\/\/ismaelcolosi.com.br\/index.php\/wp-json\/wp\/v2\/comments?post=24462"}],"version-history":[{"count":0,"href":"https:\/\/ismaelcolosi.com.br\/index.php\/wp-json\/wp\/v2\/posts\/24462\/revisions"}],"wp:featuredmedia":[{"embeddable":true,"href":"https:\/\/ismaelcolosi.com.br\/index.php\/wp-json\/wp\/v2\/media\/24463"}],"wp:attachment":[{"href":"https:\/\/ismaelcolosi.com.br\/index.php\/wp-json\/wp\/v2\/media?parent=24462"}],"wp:term":[{"taxonomy":"category","embeddable":true,"href":"https:\/\/ismaelcolosi.com.br\/index.php\/wp-json\/wp\/v2\/categories?post=24462"},{"taxonomy":"post_tag","embeddable":true,"href":"https:\/\/ismaelcolosi.com.br\/index.php\/wp-json\/wp\/v2\/tags?post=24462"}],"curies":[{"name":"wp","href":"https:\/\/api.w.org\/{rel}","templated":true}]}}