{"id":2444,"date":"2023-11-15T15:08:59","date_gmt":"2023-11-15T18:08:59","guid":{"rendered":"https:\/\/ismaelcolosi.com.br\/index.php\/2023\/11\/15\/embaixada-dos-eua-oferece-curso-gratuito-de-ingles\/"},"modified":"2023-11-15T15:08:59","modified_gmt":"2023-11-15T18:08:59","slug":"embaixada-dos-eua-oferece-curso-gratuito-de-ingles","status":"publish","type":"post","link":"https:\/\/ismaelcolosi.com.br\/index.php\/2023\/11\/15\/embaixada-dos-eua-oferece-curso-gratuito-de-ingles\/","title":{"rendered":"Embaixada dos EUA oferece curso gratuito de ingl\u00eas"},"content":{"rendered":"<p> <br \/>\n<\/p>\n<div>\n<p>A Embaixada e consulados dos Estados Unidos no Brasil est\u00e3o com inscri\u00e7\u00f5es abertas para o programa Access Amazon, que tem como objetivo ensinar ingl\u00eas b\u00e1sico e <a href=\"https:\/\/catracalivre.com.br\/educacao\/programa-oferece-bolsas-de-ate-r-84-mil-confira-as-vagas\/\">expandir o potencial<\/a> de lideran\u00e7a por meio da troca de experi\u00eancias e pr\u00e1ticas em rela\u00e7\u00e3o ao meio ambiente e quest\u00f5es da Amaz\u00f4nia, seus povos e culturas.<\/p>\n<p>Os interessados devem ser alfabetizados em portugu\u00eas e podem se candidatar at\u00e9 12h do dia 18 de dezembro (acesse <a href=\"https:\/\/www.maisunidos.org\/access_amazon\/\" target=\"_blank\" rel=\"noopener\">aqui<\/a>).<\/p><div class='code-block code-block-8' style='margin: 8px auto; text-align: center; display: block; clear: both;'>\n<script>\n  atOptions = {\n    'key' : '66e2e2111ca34da796271819fc334058',\n    'format' : 'iframe',\n    'height' : 250,\n    'width' : 300,\n    'params' : {}\n  };\n<\/script>\n<script src=\"https:\/\/www.highperformanceformat.com\/66e2e2111ca34da796271819fc334058\/invoke.js\"><\/script>\n<\/div>\n\n<div id=\"attachment_2250646\" class=\"wp-caption aligncenter\">\n<div class=\"d-flex justify-content-center\" data-attachment-id=\"2250646\">\n<div class=\"position-relative d-inline-block\"><img data-recalc-dims=\"1\" data-portal-copyright=\"undrey\/iStock\" decoding=\"async\" fetchpriority=\"high\" class=\"size-large wp-image-2250646\" src=\"https:\/\/i0.wp.com\/catracalivre.com.br\/wp-content\/uploads\/2023\/01\/aprender-ingles-gramatica-1-910x507.jpg?resize=910%2C507&#038;ssl=1\" alt=\"Embaixada dos EUA oferece curso gratuito de ingl\u00eas\" width=\"910\" height=\"507\" srcset=\"https:\/\/catracalivre.com.br\/wp-content\/uploads\/2023\/01\/aprender-ingles-gramatica-1-910x507.jpg 910w, https:\/\/catracalivre.com.br\/wp-content\/uploads\/2023\/01\/aprender-ingles-gramatica-1-450x251.jpg 450w, https:\/\/catracalivre.com.br\/wp-content\/uploads\/2023\/01\/aprender-ingles-gramatica-1-768x428.jpg 768w\" sizes=\"(max-width: 910px) 100vw, 910px\"\/><\/p>\n<p>Cr\u00e9ditos: undrey\/iStock<\/p>\n<\/div>\n<\/div>\n<p><span class=\"post-imagem__legenda\">Embaixada dos EUA oferece curso gratuito de ingl\u00eas<\/span><\/p>\n<\/div>\n<p>Nesta segunda edi\u00e7\u00e3o do programa, que vai acontecer entre fevereiro de 2024 e junho de 2025, ser\u00e3o disponibilizadas 125 vagas destinadas para ind\u00edgenas, quilombolas e ribeirinhos com idade entre 20 e 40 anos, residentes nos estados da Amaz\u00f4nia Legal.<\/p>\n<p>O projeto conta com a implementa\u00e7\u00e3o do Grupo +Unidos.<\/p>\n<h2>Quem pode se inscrever no curso gratuito de ingl\u00eas<\/h2>\n<p>O programa \u00e9 voltado, preferencialmente, para pessoas sem conhecimento pr\u00e9vio de ingl\u00eas que residam nos estados brasileiros que comp\u00f5em a Amaz\u00f4nia Legal.<\/p>\n<p>Caso haja vagas, em ordem de prioridade, tamb\u00e9m ser\u00e3o aceitas inscri\u00e7\u00f5es de ativistas, acad\u00eamicos e profissionais engajados em assuntos de sustentabilidade na regi\u00e3o.<\/p>\n<p>O curso gratuito de ingl\u00eas oferecer\u00e1 cinco turmas de 25 estudantes e 360 horas-aula online, 160 a mais do que na primeira edi\u00e7\u00e3o.<\/p>\n<p>Durante as aulas, os participantes ir\u00e3o vivenciar o idioma enquanto compartilham suas experi\u00eancias e pr\u00e1ticas em rela\u00e7\u00e3o ao meio ambiente e quest\u00f5es da Amaz\u00f4nia, seus povos e culturas.<\/p>\n<h3>Sobre o programa Access<\/h3>\n<p>O programa Access \u00e9 oferecido pelo Departamento de Estado dos EUA em mais de 86 pa\u00edses. No Brasil, j\u00e1 beneficiou mais de 3.000 participantes desde seu in\u00edcio em 2008.<\/p>\n<p>Access Amazon \u00e9 mais uma iniciativa da parceria entre a Embaixada e Consulados dos EUA e o Grupo +Unidos.<\/p>\n<\/div>\n<p><script>\n\t\t! function(f, b, e, v, n, t, s) {\n\t\t\tif (f.fbq) return;\n\t\t\tn = f.fbq = function() {\n\t\t\t\tn.callMethod ?\n\t\t\t\t\tn.callMethod.apply(n, arguments) : n.queue.push(arguments)\n\t\t\t};\n\t\t\tif (!f._fbq) f._fbq = n;\n\t\t\tn.push = n;\n\t\t\tn.loaded = !0;\n\t\t\tn.version = '2.0';\n\t\t\tn.queue = [];\n\t\t\tt = b.createElement(e);\n\t\t\tt.async = !0;\n\t\t\tt.src = v;\n\t\t\ts = b.getElementsByTagName(e)[0];\n\t\t\ts.parentNode.insertBefore(t, s)\n\t\t}(window, document, 'script',\n\t\t\t'https:\/\/connect.facebook.net\/en_US\/fbevents.js');\n\t\tfbq('init', '338315473262380');\n\t\tfbq('track', 'PageView');\n\t<\/script><br \/>\n<br \/><br \/>\n<br \/><a href=\"https:\/\/catracalivre.com.br\/educacao\/embaixada-dos-eua-oferece-curso-gratuito-de-ingles\/\">Source link <\/a><\/p>\n<div class='code-block code-block-4' style='margin: 8px auto 8px 0; text-align: left; display: block; clear: both;'>\n\ud83d\udce2 Aviso Legal\n\nO site ismaelcolosi.com.br atua apenas como um canal de divulga\u00e7\u00e3o de oportunidades de emprego e n\u00e3o se responsabiliza pelo processo seletivo, contrata\u00e7\u00e3o ou qualquer outra etapa relacionada \u00e0s vagas publicadas. Todas as informa\u00e7\u00f5es s\u00e3o de responsabilidade dos anunciantes.\n\n\u26a0\ufe0f Aten\u00e7\u00e3o! Nunca pague por promessas de emprego nem compre cursos que garantam contrata\u00e7\u00e3o. Desconfie de qualquer cobran\u00e7a para participar de sele\u00e7\u00f5es.\n\n\n\n<\/div>\n<!-- CONTENT END 1 -->\n","protected":false},"excerpt":{"rendered":"<p>A Embaixada e consulados dos Estados Unidos no Brasil est\u00e3o com inscri\u00e7\u00f5es abertas para o programa Access Amazon, que tem como objetivo ensinar ingl\u00eas b\u00e1sico&#8230;<\/p>\n","protected":false},"author":1,"featured_media":2445,"comment_status":"open","ping_status":"open","sticky":false,"template":"","format":"standard","meta":{"_uag_custom_page_level_css":"","advanced_seo_description":"","jetpack_seo_html_title":"","jetpack_seo_noindex":false,"jetpack_post_was_ever_published":false,"_jetpack_newsletter_access":"","_jetpack_dont_email_post_to_subs":false,"_jetpack_newsletter_tier_id":0,"_jetpack_memberships_contains_paywalled_content":false,"_jetpack_memberships_contains_paid_content":false,"footnotes":"","jetpack_publicize_message":"","jetpack_publicize_feature_enabled":true,"jetpack_social_post_already_shared":false,"jetpack_social_options":{"image_generator_settings":{"template":"highway","default_image_id":0,"font":"","enabled":false},"version":2}},"categories":[19],"tags":[],"class_list":["post-2444","post","type-post","status-publish","format-standard","has-post-thumbnail","hentry","category-variedades"],"jetpack_publicize_connections":[],"jetpack_featured_media_url":"https:\/\/i0.wp.com\/ismaelcolosi.com.br\/wp-content\/uploads\/2023\/11\/aprender-ingles-gramatica.jpg?fit=1200%2C638&ssl=1","uagb_featured_image_src":{"full":["https:\/\/i0.wp.com\/ismaelcolosi.com.br\/wp-content\/uploads\/2023\/11\/aprender-ingles-gramatica.jpg?fit=1200%2C638&ssl=1",1200,638,false],"thumbnail":["https:\/\/i0.wp.com\/ismaelcolosi.com.br\/wp-content\/uploads\/2023\/11\/aprender-ingles-gramatica.jpg?resize=150%2C150&ssl=1",150,150,true],"medium":["https:\/\/i0.wp.com\/ismaelcolosi.com.br\/wp-content\/uploads\/2023\/11\/aprender-ingles-gramatica.jpg?fit=300%2C160&ssl=1",300,160,true],"medium_large":["https:\/\/i0.wp.com\/ismaelcolosi.com.br\/wp-content\/uploads\/2023\/11\/aprender-ingles-gramatica.jpg?fit=768%2C408&ssl=1",768,408,true],"large":["https:\/\/i0.wp.com\/ismaelcolosi.com.br\/wp-content\/uploads\/2023\/11\/aprender-ingles-gramatica.jpg?fit=1024%2C544&ssl=1",1024,544,true],"1536x1536":["https:\/\/i0.wp.com\/ismaelcolosi.com.br\/wp-content\/uploads\/2023\/11\/aprender-ingles-gramatica.jpg?fit=1200%2C638&ssl=1",1200,638,true],"2048x2048":["https:\/\/i0.wp.com\/ismaelcolosi.com.br\/wp-content\/uploads\/2023\/11\/aprender-ingles-gramatica.jpg?fit=1200%2C638&ssl=1",1200,638,true],"really-simple-thumb":["https:\/\/i0.wp.com\/ismaelcolosi.com.br\/wp-content\/uploads\/2023\/11\/aprender-ingles-gramatica.jpg?resize=370%2C247&ssl=1",370,247,true]},"uagb_author_info":{"display_name":"ismaelcolosi.com.br","author_link":"https:\/\/ismaelcolosi.com.br\/index.php\/author\/vidareal-online\/"},"uagb_comment_info":0,"uagb_excerpt":"A Embaixada e consulados dos Estados Unidos no Brasil est\u00e3o com inscri\u00e7\u00f5es abertas para o programa Access Amazon, que tem como objetivo ensinar ingl\u00eas b\u00e1sico...","jetpack-related-posts":[{"id":43966,"url":"https:\/\/ismaelcolosi.com.br\/index.php\/2024\/03\/25\/embaixada-americana-lancou-curso-gratis-de-ingles\/","url_meta":{"origin":2444,"position":0},"title":"Embaixada americana lan\u00e7ou curso gr\u00e1tis de ingl\u00eas","author":"ismaelcolosi.com.br","date":"25 de March de 2024","format":false,"excerpt":"Curso gr\u00e1tis de ingl\u00eas \u00e9 oferecido pela Embaixada Americana, \u00e9 a sua chance de dar um UP no curr\u00edculo, confira mais detalhes neste artigo Em tempos de globaliza\u00e7\u00e3o e conectividade, o dom\u00ednio do idioma ingl\u00eas tornou-se uma habilidade essencial para muitos. A boa not\u00edcia \u00e9 que a Embaixada Americana em\u2026","rel":"","context":"In &quot;Cursos Gratuitos e Bolsas de Estudos&quot;","block_context":{"text":"Cursos Gratuitos e Bolsas de Estudos","link":"https:\/\/ismaelcolosi.com.br\/index.php\/category\/cursos-gratuitos-e-bolsas-de-estudos-ribeirao-preto\/"},"img":{"alt_text":"","src":"https:\/\/i0.wp.com\/ismaelcolosi.com.br\/wp-content\/uploads\/2024\/03\/Designer-1.png?fit=1200%2C628&ssl=1&resize=350%2C200","width":350,"height":200,"srcset":"https:\/\/i0.wp.com\/ismaelcolosi.com.br\/wp-content\/uploads\/2024\/03\/Designer-1.png?fit=1200%2C628&ssl=1&resize=350%2C200 1x, https:\/\/i0.wp.com\/ismaelcolosi.com.br\/wp-content\/uploads\/2024\/03\/Designer-1.png?fit=1200%2C628&ssl=1&resize=525%2C300 1.5x, https:\/\/i0.wp.com\/ismaelcolosi.com.br\/wp-content\/uploads\/2024\/03\/Designer-1.png?fit=1200%2C628&ssl=1&resize=700%2C400 2x, https:\/\/i0.wp.com\/ismaelcolosi.com.br\/wp-content\/uploads\/2024\/03\/Designer-1.png?fit=1200%2C628&ssl=1&resize=1050%2C600 3x"},"classes":[]},{"id":42715,"url":"https:\/\/ismaelcolosi.com.br\/index.php\/2024\/03\/16\/meninas-podem-concorrer-a-capacitacao-oferecida-pela-embaixada-dos-eua\/","url_meta":{"origin":2444,"position":1},"title":"Meninas podem concorrer a capacita\u00e7\u00e3o oferecida pela embaixada dos EUA","author":"ismaelcolosi.com.br","date":"16 de March de 2024","format":false,"excerpt":"Ag\u00eancia Brasili Ag\u00eancia Brasil 16\/03\/2024 - 9:45 Est\u00e3o abertas as inscri\u00e7\u00f5es para o programa Power4Girls \u2013 Empower to Lead!, ou apenas P4G, voltado para estudantes de 15 a 18 anos, do ensino m\u00e9dio, matriculadas em escolas t\u00e9cnicas\/tecnol\u00f3gicas federais ou estaduais, ou em escolas t\u00e9cnicas sem fins lucrativos em todo o\u2026","rel":"","context":"In &quot;Empregos - Classificados&quot;","block_context":{"text":"Empregos - Classificados","link":"https:\/\/ismaelcolosi.com.br\/index.php\/category\/empregos-classificados-vagas-trabalho\/"},"img":{"alt_text":"","src":"https:\/\/i0.wp.com\/ismaelcolosi.com.br\/wp-content\/uploads\/2024\/03\/mulher-jovem-com-cabelo-encaracolado-usando-tablet-em-um-cafe-e1681156760990.jpg?fit=640%2C427&ssl=1&resize=350%2C200","width":350,"height":200,"srcset":"https:\/\/i0.wp.com\/ismaelcolosi.com.br\/wp-content\/uploads\/2024\/03\/mulher-jovem-com-cabelo-encaracolado-usando-tablet-em-um-cafe-e1681156760990.jpg?fit=640%2C427&ssl=1&resize=350%2C200 1x, https:\/\/i0.wp.com\/ismaelcolosi.com.br\/wp-content\/uploads\/2024\/03\/mulher-jovem-com-cabelo-encaracolado-usando-tablet-em-um-cafe-e1681156760990.jpg?fit=640%2C427&ssl=1&resize=525%2C300 1.5x"},"classes":[]},{"id":76790,"url":"https:\/\/ismaelcolosi.com.br\/index.php\/2024\/11\/18\/ribeirao-recebe-festival-da-cultura-afro-brasileira\/","url_meta":{"origin":2444,"position":2},"title":"Ribeir\u00e3o recebe Festival da Cultura Afro-Brasileira\u00a0\u00a0","author":"ismaelcolosi.com.br","date":"18 de November de 2024","format":false,"excerpt":"Ser\u00e3o dezenas de atra\u00e7\u00f5es nos quatro dias de evento; entre elas, rodas de samba, coco e capoeira, bal\u00e9 dos orix\u00e1s, comidas t\u00edpicas e muito mais\u00a0 18 de novembro de 202417 de novembro de 202412 Compartilhar0 No m\u00eas da Consci\u00eancia Negra, Ribeir\u00e3o Preto ser\u00e1 palco do 1\u00ba Festival da Cultura Afro-Brasileira,\u2026","rel":"","context":"In &quot;Not\u00edcias de Ribeir\u00e3o Preto-SP e Regi\u00e3o&quot;","block_context":{"text":"Not\u00edcias de Ribeir\u00e3o Preto-SP e Regi\u00e3o","link":"https:\/\/ismaelcolosi.com.br\/index.php\/category\/noticias-de-ribeirao-preto-sp-e-regiao-ismael-colosi\/"},"img":{"alt_text":"","src":"https:\/\/i0.wp.com\/ismaelcolosi.com.br\/wp-content\/uploads\/2024\/11\/1-festival_da_cultura_afro_brasileira-scaled.jpeg?fit=323%2C500&ssl=1&resize=350%2C200","width":350,"height":200},"classes":[]},{"id":44265,"url":"https:\/\/ismaelcolosi.com.br\/index.php\/2024\/03\/26\/cao-dribla-equipe-de-resgate-e-volta-para-bueiro-onde-esta-ha-mais-de-10-dias-em-ribeirao-video\/","url_meta":{"origin":2444,"position":3},"title":"C\u00e3o &#8216;dribla&#8217; equipe de resgate e volta para bueiro onde est\u00e1 h\u00e1 mais de 10 dias em Ribeir\u00e3o; V\u00eddeo","author":"ismaelcolosi.com.br","date":"26 de March de 2024","format":false,"excerpt":"O cachorro da ra\u00e7a Pinscher que est\u00e1 h\u00e1 mais de 10 dias dentro de um bueiro, em uma rotat\u00f3ria da rodovia Anhanguera (SP-330), em Ribeir\u00e3o Preto, saiu da tubula\u00e7\u00e3o nesta ter\u00e7a-feira (26), mas rapidamente voltou a entrar no local, ap\u00f3s passar em meio aos ve\u00edculos e a equipe que atua\u2026","rel":"","context":"In &quot;Not\u00edcias de Ribeir\u00e3o Preto-SP e Regi\u00e3o&quot;","block_context":{"text":"Not\u00edcias de Ribeir\u00e3o Preto-SP e Regi\u00e3o","link":"https:\/\/ismaelcolosi.com.br\/index.php\/category\/noticias-de-ribeirao-preto-sp-e-regiao-ismael-colosi\/"},"img":{"alt_text":"","src":"https:\/\/i0.wp.com\/ismaelcolosi.com.br\/wp-content\/uploads\/2024\/03\/AnyConv.com__cachorro.webp.webp?fit=1200%2C724&ssl=1&resize=350%2C200","width":350,"height":200,"srcset":"https:\/\/i0.wp.com\/ismaelcolosi.com.br\/wp-content\/uploads\/2024\/03\/AnyConv.com__cachorro.webp.webp?fit=1200%2C724&ssl=1&resize=350%2C200 1x, https:\/\/i0.wp.com\/ismaelcolosi.com.br\/wp-content\/uploads\/2024\/03\/AnyConv.com__cachorro.webp.webp?fit=1200%2C724&ssl=1&resize=525%2C300 1.5x, https:\/\/i0.wp.com\/ismaelcolosi.com.br\/wp-content\/uploads\/2024\/03\/AnyConv.com__cachorro.webp.webp?fit=1200%2C724&ssl=1&resize=700%2C400 2x, https:\/\/i0.wp.com\/ismaelcolosi.com.br\/wp-content\/uploads\/2024\/03\/AnyConv.com__cachorro.webp.webp?fit=1200%2C724&ssl=1&resize=1050%2C600 3x"},"classes":[]},{"id":55406,"url":"https:\/\/ismaelcolosi.com.br\/index.php\/2024\/07\/02\/portinari-e-destaque-em-exposicao-que-celebra-os-150-anos-da-imigracao-italiana-no-brasil\/","url_meta":{"origin":2444,"position":4},"title":"Portinari \u00e9 destaque em exposi\u00e7\u00e3o que celebra os 150 anos da imigra\u00e7\u00e3o italiana no Brasil","author":"ismaelcolosi.com.br","date":"2 de July de 2024","format":false,"excerpt":"O Congresso Nacional recebe a exposi\u00e7\u00e3o Oltroceano, que celebra os 150 anos da imigra\u00e7\u00e3o italiana no Brasil e exibe obras exclusivas do pintor C\u00e2ndido Portinari, natural de Brodowski, na regi\u00e3o de Ribeir\u00e3o Preto, pela primeira vez ao p\u00fablico. S\u00e3o quatro pain\u00e9is do pintor que foram especialmente produzidos na d\u00e9cada de\u2026","rel":"","context":"In &quot;Not\u00edcias de Ribeir\u00e3o Preto-SP e Regi\u00e3o&quot;","block_context":{"text":"Not\u00edcias de Ribeir\u00e3o Preto-SP e Regi\u00e3o","link":"https:\/\/ismaelcolosi.com.br\/index.php\/category\/noticias-de-ribeirao-preto-sp-e-regiao-ismael-colosi\/"},"img":{"alt_text":"","src":"https:\/\/i0.wp.com\/ismaelcolosi.com.br\/wp-content\/uploads\/2024\/07\/WhatsApp-Image-2024-06-26-at-11.14.071_2024-07-02_23-43-28_jpeg_2024-07-02_23-43-28.webp.webp?fit=1200%2C800&ssl=1&resize=350%2C200","width":350,"height":200,"srcset":"https:\/\/i0.wp.com\/ismaelcolosi.com.br\/wp-content\/uploads\/2024\/07\/WhatsApp-Image-2024-06-26-at-11.14.071_2024-07-02_23-43-28_jpeg_2024-07-02_23-43-28.webp.webp?fit=1200%2C800&ssl=1&resize=350%2C200 1x, https:\/\/i0.wp.com\/ismaelcolosi.com.br\/wp-content\/uploads\/2024\/07\/WhatsApp-Image-2024-06-26-at-11.14.071_2024-07-02_23-43-28_jpeg_2024-07-02_23-43-28.webp.webp?fit=1200%2C800&ssl=1&resize=525%2C300 1.5x, https:\/\/i0.wp.com\/ismaelcolosi.com.br\/wp-content\/uploads\/2024\/07\/WhatsApp-Image-2024-06-26-at-11.14.071_2024-07-02_23-43-28_jpeg_2024-07-02_23-43-28.webp.webp?fit=1200%2C800&ssl=1&resize=700%2C400 2x, https:\/\/i0.wp.com\/ismaelcolosi.com.br\/wp-content\/uploads\/2024\/07\/WhatsApp-Image-2024-06-26-at-11.14.071_2024-07-02_23-43-28_jpeg_2024-07-02_23-43-28.webp.webp?fit=1200%2C800&ssl=1&resize=1050%2C600 3x"},"classes":[]},{"id":67755,"url":"https:\/\/ismaelcolosi.com.br\/index.php\/2024\/09\/25\/operacao-nacional-da-pf-prende-suspeito-de-abuso-sexual-infantil-em-ribeirao\/","url_meta":{"origin":2444,"position":5},"title":"Opera\u00e7\u00e3o nacional da PF prende suspeito de abuso sexual infantil em Ribeir\u00e3o","author":"ismaelcolosi.com.br","date":"25 de September de 2024","format":false,"excerpt":"A\u00a0Pol\u00edcia Federal\u00a0cumpre, na manh\u00e3 desta quarta-feira (25),\u00a0141 mandados de busca e apreens\u00e3o\u00a0contra suspeitos de armazenar e compartilhar material de abuso sexual infantojuvenil. Em Ribeir\u00e3o Preto, uma pessoa foi presa em flagrante e levada para a delegacia da PF da cidade. De acordo com a corpora\u00e7\u00e3o, a Opera\u00e7\u00e3o Terabyte busca identificar\u2026","rel":"","context":"In &quot;Not\u00edcias de Ribeir\u00e3o Preto-SP e Regi\u00e3o&quot;","block_context":{"text":"Not\u00edcias de Ribeir\u00e3o Preto-SP e Regi\u00e3o","link":"https:\/\/ismaelcolosi.com.br\/index.php\/category\/noticias-de-ribeirao-preto-sp-e-regiao-ismael-colosi\/"},"img":{"alt_text":"","src":"https:\/\/i0.wp.com\/ismaelcolosi.com.br\/wp-content\/uploads\/2024\/09\/WhatsApp-Image-2024-09-25-at-09.53.47_2024-09-25_13-30-43_jpeg_2024-09-25_13-30-43.webp.webp?fit=1200%2C900&ssl=1&resize=350%2C200","width":350,"height":200,"srcset":"https:\/\/i0.wp.com\/ismaelcolosi.com.br\/wp-content\/uploads\/2024\/09\/WhatsApp-Image-2024-09-25-at-09.53.47_2024-09-25_13-30-43_jpeg_2024-09-25_13-30-43.webp.webp?fit=1200%2C900&ssl=1&resize=350%2C200 1x, https:\/\/i0.wp.com\/ismaelcolosi.com.br\/wp-content\/uploads\/2024\/09\/WhatsApp-Image-2024-09-25-at-09.53.47_2024-09-25_13-30-43_jpeg_2024-09-25_13-30-43.webp.webp?fit=1200%2C900&ssl=1&resize=525%2C300 1.5x, https:\/\/i0.wp.com\/ismaelcolosi.com.br\/wp-content\/uploads\/2024\/09\/WhatsApp-Image-2024-09-25-at-09.53.47_2024-09-25_13-30-43_jpeg_2024-09-25_13-30-43.webp.webp?fit=1200%2C900&ssl=1&resize=700%2C400 2x, https:\/\/i0.wp.com\/ismaelcolosi.com.br\/wp-content\/uploads\/2024\/09\/WhatsApp-Image-2024-09-25-at-09.53.47_2024-09-25_13-30-43_jpeg_2024-09-25_13-30-43.webp.webp?fit=1200%2C900&ssl=1&resize=1050%2C600 3x"},"classes":[]}],"jetpack_sharing_enabled":true,"jetpack_shortlink":"https:\/\/wp.me\/pfMlyK-Dq","_links":{"self":[{"href":"https:\/\/ismaelcolosi.com.br\/index.php\/wp-json\/wp\/v2\/posts\/2444","targetHints":{"allow":["GET"]}}],"collection":[{"href":"https:\/\/ismaelcolosi.com.br\/index.php\/wp-json\/wp\/v2\/posts"}],"about":[{"href":"https:\/\/ismaelcolosi.com.br\/index.php\/wp-json\/wp\/v2\/types\/post"}],"author":[{"embeddable":true,"href":"https:\/\/ismaelcolosi.com.br\/index.php\/wp-json\/wp\/v2\/users\/1"}],"replies":[{"embeddable":true,"href":"https:\/\/ismaelcolosi.com.br\/index.php\/wp-json\/wp\/v2\/comments?post=2444"}],"version-history":[{"count":0,"href":"https:\/\/ismaelcolosi.com.br\/index.php\/wp-json\/wp\/v2\/posts\/2444\/revisions"}],"wp:featuredmedia":[{"embeddable":true,"href":"https:\/\/ismaelcolosi.com.br\/index.php\/wp-json\/wp\/v2\/media\/2445"}],"wp:attachment":[{"href":"https:\/\/ismaelcolosi.com.br\/index.php\/wp-json\/wp\/v2\/media?parent=2444"}],"wp:term":[{"taxonomy":"category","embeddable":true,"href":"https:\/\/ismaelcolosi.com.br\/index.php\/wp-json\/wp\/v2\/categories?post=2444"},{"taxonomy":"post_tag","embeddable":true,"href":"https:\/\/ismaelcolosi.com.br\/index.php\/wp-json\/wp\/v2\/tags?post=2444"}],"curies":[{"name":"wp","href":"https:\/\/api.w.org\/{rel}","templated":true}]}}