{"id":24429,"date":"2024-01-04T11:41:12","date_gmt":"2024-01-04T14:41:12","guid":{"rendered":"https:\/\/ismaelcolosi.com.br\/index.php\/2024\/01\/04\/botafogo-enfrenta-hoje-o-sfera-pela-copinha\/"},"modified":"2024-01-04T11:41:12","modified_gmt":"2024-01-04T14:41:12","slug":"botafogo-enfrenta-hoje-o-sfera-pela-copinha","status":"publish","type":"post","link":"https:\/\/ismaelcolosi.com.br\/index.php\/2024\/01\/04\/botafogo-enfrenta-hoje-o-sfera-pela-copinha\/","title":{"rendered":"Botafogo enfrenta hoje o Sfera pela Copinha"},"content":{"rendered":"<p> <br \/>\n<\/p>\n<div id=\"\">\n<p> <span class=\"entry-meta-item penci-posted-on\"><i class=\"fa fa-clock-o\"\/><time class=\"entry-date published\" datetime=\"2024-01-04T11:00:54-03:00\">4 de janeiro de 2024 | 11:00<\/time><time class=\"updated\" datetime=\"2024-01-04T09:58:47-03:00\">4 de janeiro de 2024 | 9:58<\/time><\/span><\/p>\n<p> <span class=\"penci-social-buttons penci-social-share-footer\"><a href=\"#\" class=\"penci-post-like penci_post-meta_item  single-like-button penci-social-item like\" data-post_id=\"369269\" title=\"Like\" data-like=\"Like\" data-unlike=\"Unlike\"><i class=\"fa fa-thumbs-o-up\"\/><span class=\"penci-share-number\">0<\/span><\/a><i class=\"fa fa-facebook\"\/><a class=\"penci-social-item twitter\" target=\"_blank\" rel=\"noopener\" title=\"\" href=\"https:\/\/twitter.com\/intent\/tweet?text=Botafogo%20enfrenta%20hoje%20o%20Sfera%20pela%20Copinha%20-%20https:\/\/www.tribunaribeirao.com.br\/site\/botafogo-enfrenta-hoje-o-sfera-pela-copinha\/\"><i class=\"fa fa-twitter\"\/><\/a><i class=\"fa fa-whatsapp\"\/><\/span><\/div>\n<div>\n<p><span data-contrast=\"auto\">O Botafogo retomou sua pr\u00e9-temporada ap\u00f3s as festividades de final de ano com novidades. Novos jogadores foram incorporados ao elenco. Matheus Barbosa e Bernardo Schappo iniciaram a prepara\u00e7\u00e3o na ter\u00e7a. Nesta quarta, o argentino Leandro Maciel treinou pela primeira vez no Pantera.\u00a0<\/span><span data-ccp-props=\"{&quot;201341983&quot;:0,&quot;335551550&quot;:6,&quot;335551620&quot;:6,&quot;335559739&quot;:200,&quot;335559740&quot;:276}\">\u00a0<\/span><\/p>\n<p><span data-contrast=\"auto\">Os jogadores j\u00e1 haviam sido anunciados e est\u00e3o \u00e0 disposi\u00e7\u00e3o do treinador Paulo Gomes. O Botafogo tem treinado em dois per\u00edodos, intercalando atividades no campo de apoio, no Santa Cruz e na academia.\u00a0<\/span><span data-ccp-props=\"{&quot;201341983&quot;:0,&quot;335551550&quot;:6,&quot;335551620&quot;:6,&quot;335559739&quot;:200,&quot;335559740&quot;:276}\">\u00a0<\/span><\/p>\n<p><span data-contrast=\"auto\">A metodologia de trabalho do t\u00e9cnico portugu\u00eas tem sido elogiada nos bastidores. Paulo Gomes, inclusive, participa efetivamente das atividades dando passes, lan\u00e7amentos e se movimentando junto com os atletas.\u00a0<\/span><span data-ccp-props=\"{&quot;201341983&quot;:0,&quot;335551550&quot;:6,&quot;335551620&quot;:6,&quot;335559739&quot;:200,&quot;335559740&quot;:276}\">\u00a0<\/span><\/p>\n<p><span data-contrast=\"auto\">O primeiro teste da pr\u00e9-temporada do Pantera \u00e9 nesta quinta-feira. O Tricolor faz um jogo-treino contra o Catanduva. A atividade ser\u00e1 com port\u00f5es fechados e a imprensa n\u00e3o ter\u00e1 acesso.\u00a0<\/span><span data-ccp-props=\"{&quot;201341983&quot;:0,&quot;335551550&quot;:6,&quot;335551620&quot;:6,&quot;335559739&quot;:200,&quot;335559740&quot;:276}\">\u00a0<\/span><\/p>\n<p><b><span data-contrast=\"auto\">Estreia na Copa S\u00e3o Paulo\u00a0<\/span><\/b><span data-ccp-props=\"{&quot;201341983&quot;:0,&quot;335551550&quot;:6,&quot;335551620&quot;:6,&quot;335559739&quot;:200,&quot;335559740&quot;:276}\">\u00a0<\/span><\/p>\n<p><span data-contrast=\"auto\">Ap\u00f3s dois meses de prepara\u00e7\u00e3o intensiva, o Sub-20 do Botafogo volta a campo. Nesta quinta-feira (4), o Tricolor enfrenta o Sfera, \u00e0s 13h, no Est\u00e1dio Amadeu Mosca, em Salto, pela primeira rodada do Grupo 17 da Copa S\u00e3o Paulo de Futebol J\u00fanior.<\/span><span data-ccp-props=\"{&quot;201341983&quot;:0,&quot;335551550&quot;:6,&quot;335551620&quot;:6,&quot;335559739&quot;:200,&quot;335559740&quot;:276}\">\u00a0<\/span><\/p>\n<p><span data-contrast=\"auto\">Al\u00e9m do Sfera, anfitri\u00e3o da chave, o Pantera enfrentar\u00e1 ainda na primeira fase o Am\u00e9rica-RN, no dia dia 7 (domingo), \u00e0s 15h15, e o Fast Club-AM, no dia 10 (quarta-feira), \u00e0s 13h.<\/span><span data-ccp-props=\"{&quot;201341983&quot;:0,&quot;335551550&quot;:6,&quot;335551620&quot;:6,&quot;335559739&quot;:200,&quot;335559740&quot;:276}\">\u00a0<\/span><\/p>\n<p><span data-contrast=\"auto\">De acordo com o regulamento da competi\u00e7\u00e3o, os dois primeiros colocados avan\u00e7am para a segunda fase do torneio.<\/span><span data-ccp-props=\"{&quot;201341983&quot;:0,&quot;335551550&quot;:6,&quot;335551620&quot;:6,&quot;335559739&quot;:200,&quot;335559740&quot;:276}\">\u00a0<\/span><\/p>\n<p><span data-contrast=\"auto\">Comandado por Ricardo Quandt, o Botafogo ter\u00e1 em campo praticamente a forma\u00e7\u00e3o que disputou o Campeonato Paulista da categoria, quando terminou na quinta coloca\u00e7\u00e3o.<\/span><span data-ccp-props=\"{&quot;201341983&quot;:0,&quot;335551550&quot;:6,&quot;335551620&quot;:6,&quot;335559739&quot;:200,&quot;335559740&quot;:276}\">\u00a0<\/span><\/p>\n<p><span data-contrast=\"auto\">Dos 30 jogadores inscritos na Copa S\u00e3o Paulo, oito j\u00e1 integraram o elenco principal: o goleiro Brenno, o lateral direito Z\u00e9 L\u00facio, o zagueiro Ruan, os meio-campistas Jo\u00e3o Costa e Pedro Tortello, o meia Arthur e os atacantes William e Pedro Severino.<\/span><span data-ccp-props=\"{&quot;201341983&quot;:0,&quot;335551550&quot;:6,&quot;335551620&quot;:6,&quot;335559739&quot;:200,&quot;335559740&quot;:276}\">\u00a0<\/span><\/p>\n<p><span data-contrast=\"auto\">Destes, o lateral direito Z\u00e9 L\u00facio, o zagueiro Ruan, o meio-campista Pedro Tortello e os atacantes Pedro Severino e William atuaram no \u00faltimo jogo da S\u00e9rie B de 2023. William chegou a participar tamb\u00e9m da antepen\u00faltima e da pen\u00faltima rodadas da competi\u00e7\u00e3o nacional.<\/span><span data-ccp-props=\"{&quot;201341983&quot;:0,&quot;335551550&quot;:6,&quot;335551620&quot;:6,&quot;335559739&quot;:200,&quot;335559740&quot;:276}\">\u00a0<\/span><\/p>\n<p><span data-contrast=\"auto\">J\u00e1 Arthur participou de uma partida do Paulista deste ano e de 2021, al\u00e9m da S\u00e9rie C de 2021, enquanto Jo\u00e3o Costa jogou a Copa Paulista do ano passado.<\/span><span data-ccp-props=\"{&quot;201341983&quot;:0,&quot;335551550&quot;:6,&quot;335551620&quot;:6,&quot;335559739&quot;:200,&quot;335559740&quot;:276}\">\u00a0<\/span><\/p>\n<p><span data-contrast=\"auto\">Apesar de contar com jogadores experientes, a m\u00e9dia de idade da equipe \u00e9 de 17,8 anos.<\/span><span data-ccp-props=\"{&quot;201341983&quot;:0,&quot;335551550&quot;:6,&quot;335551620&quot;:6,&quot;335559739&quot;:200,&quot;335559740&quot;:276}\">\u00a0<\/span><\/p>\n<p><span data-contrast=\"auto\">O Tricolor disputar\u00e1 a Copa S\u00e3o Paulo de Futebol J\u00fanior pela 16\u00aa vez consecutiva. Em 1983 e 2015, o time foi vice-campe\u00e3o da competi\u00e7\u00e3o.<\/span><span data-ccp-props=\"{&quot;201341983&quot;:0,&quot;335551550&quot;:6,&quot;335551620&quot;:6,&quot;335559739&quot;:200,&quot;335559740&quot;:276}\">\u00a0<\/span><\/p>\n<p>\u00a0<\/p>\n<\/div>\n<p><script async src=\"\/\/platform.twitter.com\/widgets.js\" charset=\"utf-8\"><\/script><br \/>\n<br \/><br \/>\n<br \/><a href=\"https:\/\/www.tribunaribeirao.com.br\/site\/botafogo-enfrenta-hoje-o-sfera-pela-copinha\/\">Source link <\/a><\/p>\n<div class='code-block code-block-4' style='margin: 8px auto 8px 0; text-align: left; display: block; clear: both;'>\n\ud83d\udce2 Aviso Legal\n\nO site ismaelcolosi.com.br atua apenas como um canal de divulga\u00e7\u00e3o de oportunidades de emprego e n\u00e3o se responsabiliza pelo processo seletivo, contrata\u00e7\u00e3o ou qualquer outra etapa relacionada \u00e0s vagas publicadas. Todas as informa\u00e7\u00f5es s\u00e3o de responsabilidade dos anunciantes.\n\n\u26a0\ufe0f Aten\u00e7\u00e3o! Nunca pague por promessas de emprego nem compre cursos que garantam contrata\u00e7\u00e3o. Desconfie de qualquer cobran\u00e7a para participar de sele\u00e7\u00f5es.\n\n\n\n<\/div>\n<!-- CONTENT END 1 -->\n","protected":false},"excerpt":{"rendered":"<p>4 de janeiro de 2024 | 11:004 de janeiro de 2024 | 9:58 0 O Botafogo retomou sua pr\u00e9-temporada ap\u00f3s as festividades de final de&#8230;<\/p>\n","protected":false},"author":1,"featured_media":24430,"comment_status":"open","ping_status":"open","sticky":false,"template":"","format":"standard","meta":{"_uag_custom_page_level_css":"","advanced_seo_description":"","jetpack_seo_html_title":"","jetpack_seo_noindex":false,"jetpack_post_was_ever_published":false,"_jetpack_newsletter_access":"","_jetpack_dont_email_post_to_subs":false,"_jetpack_newsletter_tier_id":0,"_jetpack_memberships_contains_paywalled_content":false,"_jetpack_memberships_contains_paid_content":false,"footnotes":"","jetpack_publicize_message":"","jetpack_publicize_feature_enabled":true,"jetpack_social_post_already_shared":true,"jetpack_social_options":{"image_generator_settings":{"template":"highway","default_image_id":0,"font":"","enabled":false},"version":2}},"categories":[11],"tags":[52,3003,3001,1752,188,3002],"class_list":["post-24429","post","type-post","status-publish","format-standard","has-post-thumbnail","hentry","category-noticias-de-ribeirao-preto-sp-e-regiao-ismael-colosi","tag-botafogo","tag-copinha","tag-enfrenta","tag-hoje","tag-pela","tag-sfera"],"jetpack_publicize_connections":[],"jetpack_featured_media_url":"https:\/\/i0.wp.com\/ismaelcolosi.com.br\/wp-content\/uploads\/2024\/01\/Botafogo-2-6-scaled.jpg?fit=967%2C645&ssl=1","uagb_featured_image_src":{"full":["https:\/\/i0.wp.com\/ismaelcolosi.com.br\/wp-content\/uploads\/2024\/01\/Botafogo-2-6-scaled.jpg?fit=967%2C645&ssl=1",967,645,false],"thumbnail":["https:\/\/i0.wp.com\/ismaelcolosi.com.br\/wp-content\/uploads\/2024\/01\/Botafogo-2-6-scaled.jpg?resize=150%2C150&ssl=1",150,150,true],"medium":["https:\/\/i0.wp.com\/ismaelcolosi.com.br\/wp-content\/uploads\/2024\/01\/Botafogo-2-6-scaled.jpg?fit=300%2C200&ssl=1",300,200,true],"medium_large":["https:\/\/i0.wp.com\/ismaelcolosi.com.br\/wp-content\/uploads\/2024\/01\/Botafogo-2-6-scaled.jpg?fit=768%2C512&ssl=1",768,512,true],"large":["https:\/\/i0.wp.com\/ismaelcolosi.com.br\/wp-content\/uploads\/2024\/01\/Botafogo-2-6-scaled.jpg?fit=967%2C645&ssl=1",967,645,true],"1536x1536":["https:\/\/i0.wp.com\/ismaelcolosi.com.br\/wp-content\/uploads\/2024\/01\/Botafogo-2-6-scaled.jpg?fit=967%2C645&ssl=1",967,645,true],"2048x2048":["https:\/\/i0.wp.com\/ismaelcolosi.com.br\/wp-content\/uploads\/2024\/01\/Botafogo-2-6-scaled.jpg?fit=967%2C645&ssl=1",967,645,true],"really-simple-thumb":["https:\/\/i0.wp.com\/ismaelcolosi.com.br\/wp-content\/uploads\/2024\/01\/Botafogo-2-6-scaled.jpg?resize=370%2C247&ssl=1",370,247,true]},"uagb_author_info":{"display_name":"ismaelcolosi.com.br","author_link":"https:\/\/ismaelcolosi.com.br\/index.php\/author\/vidareal-online\/"},"uagb_comment_info":0,"uagb_excerpt":"4 de janeiro de 2024 | 11:004 de janeiro de 2024 | 9:58 0 O Botafogo retomou sua pr\u00e9-temporada ap\u00f3s as festividades de final de...","jetpack-related-posts":[{"id":28408,"url":"https:\/\/ismaelcolosi.com.br\/index.php\/2024\/01\/15\/botafogo-esta-nas-oitavas-de-final-da-copinha\/","url_meta":{"origin":24429,"position":0},"title":"Botafogo est\u00e1 nas oitavas de final da Copinha","author":"ismaelcolosi.com.br","date":"15 de January de 2024","format":false,"excerpt":"15 de janeiro de 2024 | 18:22 0O Botafogo est\u00e1 classificado para as oitavas de final da Copa S\u00e3o Paulo de Futebol J\u00fanior. Nesta segunda-feira (15), o Tricolor venceu o Sfera por 4 a 3, nos p\u00eanaltis, ap\u00f3s empate no tempo normal por 0 a 0, no Est\u00e1dio Amadeu Mosca,\u2026","rel":"","context":"In &quot;Not\u00edcias de Ribeir\u00e3o Preto-SP e Regi\u00e3o&quot;","block_context":{"text":"Not\u00edcias de Ribeir\u00e3o Preto-SP e Regi\u00e3o","link":"https:\/\/ismaelcolosi.com.br\/index.php\/category\/noticias-de-ribeirao-preto-sp-e-regiao-ismael-colosi\/"},"img":{"alt_text":"","src":"https:\/\/i0.wp.com\/ismaelcolosi.com.br\/wp-content\/uploads\/2024\/01\/60234e00-8d91-4e1a-b552-eada0c752f92.jpg?fit=960%2C539&ssl=1&resize=350%2C200","width":350,"height":200,"srcset":"https:\/\/i0.wp.com\/ismaelcolosi.com.br\/wp-content\/uploads\/2024\/01\/60234e00-8d91-4e1a-b552-eada0c752f92.jpg?fit=960%2C539&ssl=1&resize=350%2C200 1x, https:\/\/i0.wp.com\/ismaelcolosi.com.br\/wp-content\/uploads\/2024\/01\/60234e00-8d91-4e1a-b552-eada0c752f92.jpg?fit=960%2C539&ssl=1&resize=525%2C300 1.5x, https:\/\/i0.wp.com\/ismaelcolosi.com.br\/wp-content\/uploads\/2024\/01\/60234e00-8d91-4e1a-b552-eada0c752f92.jpg?fit=960%2C539&ssl=1&resize=700%2C400 2x"},"classes":[]},{"id":27873,"url":"https:\/\/ismaelcolosi.com.br\/index.php\/2024\/01\/13\/com-gol-no-fim-botafogo-vira-e-consegue-a-classificacao-na-copinha\/","url_meta":{"origin":24429,"position":1},"title":"Com gol no fim, Botafogo vira e consegue a classifica\u00e7\u00e3o na Copinha","author":"ismaelcolosi.com.br","date":"13 de January de 2024","format":false,"excerpt":"Com gol no fim, o Botafogo virou sobre o Floresta-CE e conseguiu a classifica\u00e7\u00e3o para terceira fase da Copa S\u00e3o Paulo de Futebol J\u00fanior 2024. O confronto aconteceu na tarde deste s\u00e1bado (13) no est\u00e1dio Amadeu Mosca, em Salto. A equipe do Cear\u00e1 abriu o placar aos 6 minutos do\u2026","rel":"","context":"In &quot;Not\u00edcias de Ribeir\u00e3o Preto-SP e Regi\u00e3o&quot;","block_context":{"text":"Not\u00edcias de Ribeir\u00e3o Preto-SP e Regi\u00e3o","link":"https:\/\/ismaelcolosi.com.br\/index.php\/category\/noticias-de-ribeirao-preto-sp-e-regiao-ismael-colosi\/"},"img":{"alt_text":"","src":"https:\/\/i0.wp.com\/ismaelcolosi.com.br\/wp-content\/uploads\/2024\/01\/BOTAFOGO-DE-RIBEIRAO.jpg?fit=1200%2C800&ssl=1&resize=350%2C200","width":350,"height":200,"srcset":"https:\/\/i0.wp.com\/ismaelcolosi.com.br\/wp-content\/uploads\/2024\/01\/BOTAFOGO-DE-RIBEIRAO.jpg?fit=1200%2C800&ssl=1&resize=350%2C200 1x, https:\/\/i0.wp.com\/ismaelcolosi.com.br\/wp-content\/uploads\/2024\/01\/BOTAFOGO-DE-RIBEIRAO.jpg?fit=1200%2C800&ssl=1&resize=525%2C300 1.5x, https:\/\/i0.wp.com\/ismaelcolosi.com.br\/wp-content\/uploads\/2024\/01\/BOTAFOGO-DE-RIBEIRAO.jpg?fit=1200%2C800&ssl=1&resize=700%2C400 2x, https:\/\/i0.wp.com\/ismaelcolosi.com.br\/wp-content\/uploads\/2024\/01\/BOTAFOGO-DE-RIBEIRAO.jpg?fit=1200%2C800&ssl=1&resize=1050%2C600 3x"},"classes":[]},{"id":28530,"url":"https:\/\/ismaelcolosi.com.br\/index.php\/2024\/01\/16\/botafogo-vence-nos-penaltis-e-garante-vaga-para-as-oitavas-de-final-da-copinha-1\/","url_meta":{"origin":24429,"position":2},"title":"Botafogo vence nos p\u00eanaltis e garante vaga para as oitavas de final da Copinha","author":"ismaelcolosi.com.br","date":"16 de January de 2024","format":false,"excerpt":"O Botafogo se classificou para as oitavas de final da Copa S\u00e3o Paulo de Futebol J\u00fanior 2024. A disputa contra o Sfera aconteceu, na tarde desta segunda-feira (15), no est\u00e1dio Amadeu Mosca, em Salto. A equipe de Ribeir\u00e3o Preto empatou em 0 a 0 no tempo regular da partida e\u2026","rel":"","context":"In &quot;Not\u00edcias de Ribeir\u00e3o Preto-SP e Regi\u00e3o&quot;","block_context":{"text":"Not\u00edcias de Ribeir\u00e3o Preto-SP e Regi\u00e3o","link":"https:\/\/ismaelcolosi.com.br\/index.php\/category\/noticias-de-ribeirao-preto-sp-e-regiao-ismael-colosi\/"},"img":{"alt_text":"","src":"https:\/\/i0.wp.com\/ismaelcolosi.com.br\/wp-content\/uploads\/2024\/01\/Copia-de-Copia-de-TAMANHO-EXATO-PARA-FOTOS-NO-SISTEMA-NOVO-11.png?fit=1200%2C675&ssl=1&resize=350%2C200","width":350,"height":200,"srcset":"https:\/\/i0.wp.com\/ismaelcolosi.com.br\/wp-content\/uploads\/2024\/01\/Copia-de-Copia-de-TAMANHO-EXATO-PARA-FOTOS-NO-SISTEMA-NOVO-11.png?fit=1200%2C675&ssl=1&resize=350%2C200 1x, https:\/\/i0.wp.com\/ismaelcolosi.com.br\/wp-content\/uploads\/2024\/01\/Copia-de-Copia-de-TAMANHO-EXATO-PARA-FOTOS-NO-SISTEMA-NOVO-11.png?fit=1200%2C675&ssl=1&resize=525%2C300 1.5x, https:\/\/i0.wp.com\/ismaelcolosi.com.br\/wp-content\/uploads\/2024\/01\/Copia-de-Copia-de-TAMANHO-EXATO-PARA-FOTOS-NO-SISTEMA-NOVO-11.png?fit=1200%2C675&ssl=1&resize=700%2C400 2x, https:\/\/i0.wp.com\/ismaelcolosi.com.br\/wp-content\/uploads\/2024\/01\/Copia-de-Copia-de-TAMANHO-EXATO-PARA-FOTOS-NO-SISTEMA-NOVO-11.png?fit=1200%2C675&ssl=1&resize=1050%2C600 3x"},"classes":[]},{"id":26683,"url":"https:\/\/ismaelcolosi.com.br\/index.php\/2024\/01\/10\/botafogo-goleia-e-garante-classificacao-na-copinha\/","url_meta":{"origin":24429,"position":3},"title":"Botafogo goleia e garante classifica\u00e7\u00e3o na Copinha","author":"ismaelcolosi.com.br","date":"10 de January de 2024","format":false,"excerpt":"10 de janeiro de 2024 | 15:25 0Bota espera o t\u00e9rmino da rodada para conhecer o seu advers\u00e1rio na pr\u00f3xima fase.O Botafogo venceu o Fast Clube (AM) na tarde desta quarta-feira (10) e garantiu sua classifica\u00e7\u00e3o para a segunda fase da Copa S\u00e3o Paulo de Futebol J\u00fanior. O jogo aconteceu\u2026","rel":"","context":"In &quot;Not\u00edcias de Ribeir\u00e3o Preto-SP e Regi\u00e3o&quot;","block_context":{"text":"Not\u00edcias de Ribeir\u00e3o Preto-SP e Regi\u00e3o","link":"https:\/\/ismaelcolosi.com.br\/index.php\/category\/noticias-de-ribeirao-preto-sp-e-regiao-ismael-colosi\/"},"img":{"alt_text":"","src":"https:\/\/i0.wp.com\/ismaelcolosi.com.br\/wp-content\/uploads\/2024\/01\/bota2-scaled.jpeg?fit=968%2C645&ssl=1&resize=350%2C200","width":350,"height":200,"srcset":"https:\/\/i0.wp.com\/ismaelcolosi.com.br\/wp-content\/uploads\/2024\/01\/bota2-scaled.jpeg?fit=968%2C645&ssl=1&resize=350%2C200 1x, https:\/\/i0.wp.com\/ismaelcolosi.com.br\/wp-content\/uploads\/2024\/01\/bota2-scaled.jpeg?fit=968%2C645&ssl=1&resize=525%2C300 1.5x, https:\/\/i0.wp.com\/ismaelcolosi.com.br\/wp-content\/uploads\/2024\/01\/bota2-scaled.jpeg?fit=968%2C645&ssl=1&resize=700%2C400 2x"},"classes":[]},{"id":26263,"url":"https:\/\/ismaelcolosi.com.br\/index.php\/2024\/01\/09\/botafogo-acerta-contratacao-do-lateral-direito-wallison\/","url_meta":{"origin":24429,"position":4},"title":"Botafogo acerta contrata\u00e7\u00e3o do lateral-direito Wallison\u00a0\u00a0","author":"ismaelcolosi.com.br","date":"9 de January de 2024","format":false,"excerpt":"9 de janeiro de 2024 | 16:009 de janeiro de 2024 | 7:48 0Com passagens pelo futebol austr\u00edaco, o lateral direito Wallison, de 22 anos, que estava no Botafogo-RJ, \u00e9 o novo refor\u00e7o do Tricolor para a sequ\u00eancia da temporada.\u00a0Revelado nas categorias de base do Red Bull Bragantino, o jogador\u2026","rel":"","context":"In &quot;Not\u00edcias de Ribeir\u00e3o Preto-SP e Regi\u00e3o&quot;","block_context":{"text":"Not\u00edcias de Ribeir\u00e3o Preto-SP e Regi\u00e3o","link":"https:\/\/ismaelcolosi.com.br\/index.php\/category\/noticias-de-ribeirao-preto-sp-e-regiao-ismael-colosi\/"},"img":{"alt_text":"","src":"https:\/\/i0.wp.com\/ismaelcolosi.com.br\/wp-content\/uploads\/2024\/01\/Botafogo-2-1-scaled.jpeg?fit=1000%2C501&ssl=1&resize=350%2C200","width":350,"height":200,"srcset":"https:\/\/i0.wp.com\/ismaelcolosi.com.br\/wp-content\/uploads\/2024\/01\/Botafogo-2-1-scaled.jpeg?fit=1000%2C501&ssl=1&resize=350%2C200 1x, https:\/\/i0.wp.com\/ismaelcolosi.com.br\/wp-content\/uploads\/2024\/01\/Botafogo-2-1-scaled.jpeg?fit=1000%2C501&ssl=1&resize=525%2C300 1.5x, https:\/\/i0.wp.com\/ismaelcolosi.com.br\/wp-content\/uploads\/2024\/01\/Botafogo-2-1-scaled.jpeg?fit=1000%2C501&ssl=1&resize=700%2C400 2x"},"classes":[]},{"id":29294,"url":"https:\/\/ismaelcolosi.com.br\/index.php\/2024\/01\/17\/botafogo-perde-para-o-flamengo-nos-ultimos-minutos-e-esta-fora-da-copinha\/","url_meta":{"origin":24429,"position":5},"title":"Botafogo perde para o Flamengo nos \u00faltimos minutos e est\u00e1 fora da Copinha","author":"ismaelcolosi.com.br","date":"17 de January de 2024","format":false,"excerpt":"O Botafogo foi derrotado pelo Flamengo por 2 a 1, no fim da partida desta quarta-feira (17), no Est\u00e1dio Jos\u00e9 Liberatti, em Osasco, pelas oitavas de final da Copa S\u00e3o Paulo de Futebol J\u00fanior. Daniel Rog\u00e9rio foi quem abriu o placar para o Rubro-Negro, aos 17 minutos do primeiro tempo,\u2026","rel":"","context":"In &quot;Not\u00edcias de Ribeir\u00e3o Preto-SP e Regi\u00e3o&quot;","block_context":{"text":"Not\u00edcias de Ribeir\u00e3o Preto-SP e Regi\u00e3o","link":"https:\/\/ismaelcolosi.com.br\/index.php\/category\/noticias-de-ribeirao-preto-sp-e-regiao-ismael-colosi\/"},"img":{"alt_text":"","src":"https:\/\/i0.wp.com\/ismaelcolosi.com.br\/wp-content\/uploads\/2024\/01\/Copia-de-Copia-de-TAMANHO-EXATO-PARA-FOTOS-NO-SISTEMA-NOVO-1.jpg?fit=1200%2C675&ssl=1&resize=350%2C200","width":350,"height":200,"srcset":"https:\/\/i0.wp.com\/ismaelcolosi.com.br\/wp-content\/uploads\/2024\/01\/Copia-de-Copia-de-TAMANHO-EXATO-PARA-FOTOS-NO-SISTEMA-NOVO-1.jpg?fit=1200%2C675&ssl=1&resize=350%2C200 1x, https:\/\/i0.wp.com\/ismaelcolosi.com.br\/wp-content\/uploads\/2024\/01\/Copia-de-Copia-de-TAMANHO-EXATO-PARA-FOTOS-NO-SISTEMA-NOVO-1.jpg?fit=1200%2C675&ssl=1&resize=525%2C300 1.5x, https:\/\/i0.wp.com\/ismaelcolosi.com.br\/wp-content\/uploads\/2024\/01\/Copia-de-Copia-de-TAMANHO-EXATO-PARA-FOTOS-NO-SISTEMA-NOVO-1.jpg?fit=1200%2C675&ssl=1&resize=700%2C400 2x, https:\/\/i0.wp.com\/ismaelcolosi.com.br\/wp-content\/uploads\/2024\/01\/Copia-de-Copia-de-TAMANHO-EXATO-PARA-FOTOS-NO-SISTEMA-NOVO-1.jpg?fit=1200%2C675&ssl=1&resize=1050%2C600 3x"},"classes":[]}],"jetpack_sharing_enabled":true,"jetpack_shortlink":"https:\/\/wp.me\/pfMlyK-6m1","_links":{"self":[{"href":"https:\/\/ismaelcolosi.com.br\/index.php\/wp-json\/wp\/v2\/posts\/24429","targetHints":{"allow":["GET"]}}],"collection":[{"href":"https:\/\/ismaelcolosi.com.br\/index.php\/wp-json\/wp\/v2\/posts"}],"about":[{"href":"https:\/\/ismaelcolosi.com.br\/index.php\/wp-json\/wp\/v2\/types\/post"}],"author":[{"embeddable":true,"href":"https:\/\/ismaelcolosi.com.br\/index.php\/wp-json\/wp\/v2\/users\/1"}],"replies":[{"embeddable":true,"href":"https:\/\/ismaelcolosi.com.br\/index.php\/wp-json\/wp\/v2\/comments?post=24429"}],"version-history":[{"count":0,"href":"https:\/\/ismaelcolosi.com.br\/index.php\/wp-json\/wp\/v2\/posts\/24429\/revisions"}],"wp:featuredmedia":[{"embeddable":true,"href":"https:\/\/ismaelcolosi.com.br\/index.php\/wp-json\/wp\/v2\/media\/24430"}],"wp:attachment":[{"href":"https:\/\/ismaelcolosi.com.br\/index.php\/wp-json\/wp\/v2\/media?parent=24429"}],"wp:term":[{"taxonomy":"category","embeddable":true,"href":"https:\/\/ismaelcolosi.com.br\/index.php\/wp-json\/wp\/v2\/categories?post=24429"},{"taxonomy":"post_tag","embeddable":true,"href":"https:\/\/ismaelcolosi.com.br\/index.php\/wp-json\/wp\/v2\/tags?post=24429"}],"curies":[{"name":"wp","href":"https:\/\/api.w.org\/{rel}","templated":true}]}}