{"id":24340,"date":"2024-01-04T06:13:36","date_gmt":"2024-01-04T09:13:36","guid":{"rendered":"https:\/\/ismaelcolosi.com.br\/index.php\/2024\/01\/04\/ceo-da-binance-e-conselho-da-open-ai-os-maiores-tropecos-de-carreira-de-2023\/"},"modified":"2024-01-04T06:13:36","modified_gmt":"2024-01-04T09:13:36","slug":"ceo-da-binance-e-conselho-da-open-ai-os-maiores-tropecos-de-carreira-de-2023","status":"publish","type":"post","link":"https:\/\/ismaelcolosi.com.br\/index.php\/2024\/01\/04\/ceo-da-binance-e-conselho-da-open-ai-os-maiores-tropecos-de-carreira-de-2023\/","title":{"rendered":"Ceo da Binance e Conselho da Open AI: os maiores trope\u00e7os de carreira de 2023"},"content":{"rendered":"<p> <br \/>\n<\/p>\n<div>\n<div id=\"attachment_588316\" class=\"wp-caption alignnone style=\" max-width:=\"\"><img data-recalc-dims=\"1\" fetchpriority=\"high\" decoding=\"async\" class=\"alignnone alignnone size-large wp-image-588316\" src=\"https:\/\/i0.wp.com\/forbes.com.br\/wp-content\/uploads\/2024\/01\/Capa-768x512.png?resize=678%2C452&#038;ssl=1\" http:=\"\" alt=\"Os maiores trope\u00e7os de carreira de 2023\" width=\"678\" height=\"452\" data-lazy-src=\"https:\/\/forbes.com.br\/wp-content\/uploads\/2024\/01\/Capa-768x512.png\"\/><noscript><img data-recalc-dims=\"1\" fetchpriority=\"high\" decoding=\"async\" class=\"alignnone alignnone size-large wp-image-588316\" src=\"https:\/\/i0.wp.com\/forbes.com.br\/wp-content\/uploads\/2024\/01\/Capa-768x512.png?resize=678%2C452&#038;ssl=1\" alt=\"Os maiores trope\u00e7os de carreira de 2023\" width=\"678\" height=\"452\"\/><\/noscript><\/p>\n<p>Os maiores trope\u00e7os de carreira de 2023<\/p>\n<p class=\"wp-caption-text\">Os maiores trope\u00e7os de carreira de 2023 envolvem quebra de banco e conselhos de administra\u00e7\u00e3o se desculpando<\/p>\n<\/div>\n<p>Num ano marcado por demiss\u00f5es em massa, incerteza econ\u00f4mica e investidores ansiosos, muitos enfrentaram um rev\u00e9s ap\u00f3s anos de dinheiro f\u00e1cil. Mas algumas carreiras foram interrompidas por motivos mais pessoais \u2013 e os fatores envolvidos em alguns trope\u00e7os de carreira foram mais extraordin\u00e1rios do que o habitual em 2023.<\/p>\n<ul>\n<li>\n<h3>Siga o canal da <a href=\"https:\/\/whatsapp.com\/channel\/0029Va9gQKwBFLgM96cJnu0u\" target=\"_blank\" rel=\"noopener\">Forbes<\/a> e de <a href=\"https:\/\/whatsapp.com\/channel\/0029VaAZk57JuyA9F4UwQc2I\" target=\"_blank\" rel=\"noopener\">Forbes Money<\/a> no WhatsApp e receba as principais not\u00edcias sobre neg\u00f3cios, carreira, tecnologia e estilo de vida<\/h3>\n<\/li>\n<\/ul>\n<p>Alguns dos nomes abaixo causaram sua pr\u00f3pria queda. Outros trope\u00e7aram por raz\u00f5es mais amb\u00edguas: fraco desempenho, falta de f\u00e9 na sua lideran\u00e7a ou alega\u00e7\u00f5es que ainda n\u00e3o foram provadas. Eles podem provar ser resilientes e encontrar sucesso em outro lugar, ou at\u00e9 mesmo recuperar a relev\u00e2ncia que antes tiveram. As ressurrei\u00e7\u00f5es de carreira s\u00e3o uma forma de arte que os norte-americanos, em particular, celebram frequentemente. Afinal, no fracasso h\u00e1 li\u00e7\u00f5es para o sucesso.<\/p>\n<div class=\"pksGallery\">\n<div class=\"stage\">\n<span class=\"back\"\/><br \/>\n<span class=\"next\"\/><\/p>\n<ul>\n<li>\n<div>\n<span><br \/>\n<img data-recalc-dims=\"1\" height=\"533\" width=\"800\" decoding=\"async\" src=\"https:\/\/i0.wp.com\/forbes.com.br\/wp-content\/uploads\/2024\/01\/Scott-Adams-SAN-FRANCISCO-CHRONICLE-VIA-GETTY-IMAGES-800x533.png?resize=800%2C533&#038;ssl=1\" http:=\"\" data-lazy-src=\"https:\/\/forbes.com.br\/wp-content\/uploads\/2024\/01\/Scott-Adams-SAN-FRANCISCO-CHRONICLE-VIA-GETTY-IMAGES-800x533.png\"\/><noscript><img data-recalc-dims=\"1\" height=\"533\" width=\"800\" decoding=\"async\" src=\"https:\/\/i0.wp.com\/forbes.com.br\/wp-content\/uploads\/2024\/01\/Scott-Adams-SAN-FRANCISCO-CHRONICLE-VIA-GETTY-IMAGES-800x533.png?resize=800%2C533&#038;ssl=1\"\/><\/noscript><\/p>\n<article>\n<span class=\"credito\">San Francisco Chronicle \/ Getty Images<\/span><\/p>\n<h3>Scott Adams, cartunista e autor de \u201cDilbert\u201d<\/h3>\n<p>Adams nos diverte desde 1989 quando estreou uma tirinha sobre a vida no escrit\u00f3rio chamada \u201cDilbert\u201d. Em 2023, Adams esteve envolvido em pol\u00eamica ao fazer um discurso racista, sobre pessoas negras serem um grupo de \u00f3dio, durante uma transmiss\u00e3o ao vivo no YouTube. N\u00e3o foi a primeira vez que Adams teve falas racistas, mas foi a \u00faltima gota para os mais de 200 jornais que distribu\u00edam sua tirinha. (Dilbert era publicado em cerca de dois mil jornais em seu auge.) Adams tamb\u00e9m foi dispensado por sua editora e perdeu outros contratos este ano. Com o lan\u00e7amento do Dilbert Renascido em um site de assinaturas, ele continua a produzir o que se tornou uma tirinha amarga e sem gra\u00e7a. Enquanto pode ter encontrado conforto em atender \u00e0s pessoas que compartilham suas opini\u00f5es, ele perdeu renda e um lugar nos holofotes. Uma reviravolta triste para um homem que fez tantas pessoas rirem.<\/p>\n<\/article>\n<p><\/span>\n<\/div>\n<\/li>\n<li>\n<div>\n<span><br \/>\n<img data-recalc-dims=\"1\" height=\"533\" width=\"800\" decoding=\"async\" src=\"https:\/\/i0.wp.com\/forbes.com.br\/wp-content\/uploads\/2024\/01\/Conselho-da-OpenAI-REUTERSDado-RuvicIlustracao-800x533.png?resize=800%2C533&#038;ssl=1\" http:=\"\" data-lazy-src=\"https:\/\/forbes.com.br\/wp-content\/uploads\/2024\/01\/Conselho-da-OpenAI-REUTERSDado-RuvicIlustracao-800x533.png\"\/><noscript><img data-recalc-dims=\"1\" height=\"533\" width=\"800\" decoding=\"async\" src=\"https:\/\/i0.wp.com\/forbes.com.br\/wp-content\/uploads\/2024\/01\/Conselho-da-OpenAI-REUTERSDado-RuvicIlustracao-800x533.png?resize=800%2C533&#038;ssl=1\"\/><\/noscript><\/p>\n<article>\n<span class=\"credito\">REUTERS\/Dado Ruvic\/Ilustra\u00e7\u00e3o<\/span><\/p>\n<h3>Conselho da OpenAI<\/h3>\n<p>Primeiro, o conselho da OpenAI demitiu de surpresa o CEO Sam Altman por uma suposta falta de coer\u00eancia, um ano ap\u00f3s o lan\u00e7amento do ChatGPT. Isso provocou uma debandada de funcion\u00e1rios e um impasse com a Microsoft, maior acionista da startup de IA, que anunciou que contrataria Altman. Em quest\u00e3o de dias, Altman emergiu triunfante para recuperar seu trono. Os perdedores: o conselho sem fins lucrativos de 6 pessoas da OpenAI, encarregado da dif\u00edcil tarefa de garantir que sua tecnologia \u201cbeneficie toda a humanidade\u201d, enquanto Altman, CEO e membro do conselho, constru\u00eda um neg\u00f3cio apoiado por US$13 bilh\u00f5es da Microsoft. O fato de ele e o presidente do conselho, Greg Brockman, terem sido pegos de surpresa pela demiss\u00e3o foi uma prova de falha na comunica\u00e7\u00e3o. O fato de o Cientista Chefe Ilya Sutskever ter demitido Altman e depois expressado arrependimento publicamente foi uma prova do caos. Enquanto Tasha McCauley, da RAND Corporation, e Helen Toner, da Georgetown University, deixaram o conselho, Adam D\u2019Angelo, CEO do Quora, permanece. Com o ex-Secret\u00e1rio do Tesouro Larry Summers e o empres\u00e1rio Bret Taylor, esse \u201cconselho inicial\u201d de tr\u00eas homens agora est\u00e1 encarregado de formar um conselho diversificado que possa governar sem causar estragos. Aguardemos.<\/p>\n<\/article>\n<p><\/span>\n<\/div>\n<\/li>\n<li>\n<div>\n<span><br \/>\n<img data-recalc-dims=\"1\" height=\"533\" width=\"800\" decoding=\"async\" src=\"https:\/\/i0.wp.com\/forbes.com.br\/wp-content\/uploads\/2024\/01\/Changpeng-Zhao-Divulgacao-Binance-800x533.png?resize=800%2C533&#038;ssl=1\" http:=\"\" data-lazy-src=\"https:\/\/forbes.com.br\/wp-content\/uploads\/2024\/01\/Changpeng-Zhao-Divulgacao-Binance-800x533.png\"\/><noscript><img data-recalc-dims=\"1\" height=\"533\" width=\"800\" decoding=\"async\" src=\"https:\/\/i0.wp.com\/forbes.com.br\/wp-content\/uploads\/2024\/01\/Changpeng-Zhao-Divulgacao-Binance-800x533.png?resize=800%2C533&#038;ssl=1\"\/><\/noscript><\/p>\n<article>\n<span class=\"credito\">Divulga\u00e7\u00e3o Binance<\/span><\/p>\n<h3>Changpeng Zhao, ex-CEO, Binance<\/h3>\n<p>Changpeng Zhao, conhecido como CZ, levou a Binance de uma oferta inicial de moeda de US$15 milh\u00f5es para uma exchange de criptomoedas que facilitou US$5,3 trilh\u00f5es (R$ 26 trilh\u00f5es) em negocia\u00e7\u00f5es em 2022 e lhe conferiu um patrim\u00f4nio l\u00edquido de US$65 bilh\u00f5es (R$ 319,15 bilh\u00f5es). No caminho, o engenheiro de computa\u00e7\u00e3o formado em McGill tamb\u00e9m construiu um \u00edm\u00e3 para lavagem de dinheiro, atraindo facilidade de acesso e fraca supervis\u00e3o, de acordo com reguladores. Por fim, isso provocou acusa\u00e7\u00f5es criminais, com Zhao se declarando culpado por violar as leis contra lavagem de dinheiro dos EUA, e a Binance concordando em pagar uma multa de US$ 4,3 bilh\u00f5es (R$ 21,15 bilh\u00f5es) pelas acusa\u00e7\u00f5es do Departamento de Justi\u00e7a dos EUA. Zhao tamb\u00e9m foi condenado a pagar US$150 milh\u00f5es (R$ 736 milh\u00f5es), com mais US$ 2,7 bilh\u00f5es (R$13,25 bilh\u00f5es) da Binance, para resolver acusa\u00e7\u00f5es da Comiss\u00e3o de Negocia\u00e7\u00e3o de Contratos Futuros e Commodities dos EUA. Agora, o fundador da Binance deve voltar ao tribunal em fevereiro para enfrentar a senten\u00e7a por seus crimes. Embora tenha concordado em n\u00e3o recorrer de uma senten\u00e7a limitada a 18 meses ou menos, os promotores podem buscar mais tempo de pris\u00e3o. Com uma plataforma que ainda processa bilh\u00f5es de d\u00f3lares em negocia\u00e7\u00f5es de criptomoedas a cada dia, Zhao permanece uma figura poderosa em uma ind\u00fastria onde fortunas podem subir e cair com velocidade mete\u00f3rica.<\/p>\n<\/article>\n<p><\/span>\n<\/div>\n<\/li>\n<li>\n<div>\n<span><br \/>\n<img data-recalc-dims=\"1\" height=\"533\" width=\"800\" decoding=\"async\" src=\"https:\/\/i0.wp.com\/forbes.com.br\/wp-content\/uploads\/2024\/01\/George-Santos-Washington-Post-via-Getty-Images-800x533.png?resize=800%2C533&#038;ssl=1\" http:=\"\" data-lazy-src=\"https:\/\/forbes.com.br\/wp-content\/uploads\/2024\/01\/George-Santos-Washington-Post-via-Getty-Images-800x533.png\"\/><noscript><img data-recalc-dims=\"1\" height=\"533\" width=\"800\" decoding=\"async\" src=\"https:\/\/i0.wp.com\/forbes.com.br\/wp-content\/uploads\/2024\/01\/George-Santos-Washington-Post-via-Getty-Images-800x533.png?resize=800%2C533&#038;ssl=1\"\/><\/noscript><\/p>\n<article>\n<span class=\"credito\">Washington Post via Getty Images<\/span><\/p>\n<h3>George Santos (Replublicano \u2013 Nova York), ex-deputado dos EUA<\/h3>\n<p>Assim foi a elei\u00e7\u00e3o de Santos para o Congresso em novembro de 2022: ele tirou seu distrito de N.Y. dos democratas e venceu a primeira disputa eleitoral direta entre dois candidatos congressistas abertamente gays. Mas o lugar de Santos nos livros de hist\u00f3ria agora est\u00e1 reservado por raz\u00f5es muito diferentes. O mentiroso serial, que enfrenta um processo federal de 23 acusa\u00e7\u00f5es, foi expulso do cargo em dezembro, tornando-se o primeiro congressista a ser destitu\u00eddo sem uma condena\u00e7\u00e3o criminal ou ter lutado pelos Confederados (na \u00e9poca da Guerra Civil nos EUA). Suas mentiras s\u00e3o lend\u00e1rias e labir\u00ednticas, incluindo informa\u00e7\u00f5es falsas sobre sua educa\u00e7\u00e3o, hist\u00f3ria profissional e at\u00e9 suas propriedades imobili\u00e1rias. Outras acusa\u00e7\u00f5es v\u00e3o desde seu hist\u00f3rico religioso at\u00e9 o fato de sua m\u00e3e estar no World Trade Center no 11 de setembro. Santos admitiu algumas mentiras, mas negou qualquer m\u00e1 conduta. At\u00e9 o momento, estava envolvido em negocia\u00e7\u00f5es de um acordo com a promotoria, bem como nesse passatempo favorito de figuras p\u00fablicas em desgra\u00e7a: gravar v\u00eddeos por US$500 (R$ 2,5 mil) cada.<\/p>\n<\/article>\n<p><\/span>\n<\/div>\n<\/li>\n<li>\n<\/li>\n<li>\n<div>\n<span><br \/>\n<img data-recalc-dims=\"1\" height=\"533\" width=\"800\" decoding=\"async\" src=\"https:\/\/i0.wp.com\/forbes.com.br\/wp-content\/uploads\/2024\/01\/Greg-Becker-BLOOMBERG-VIA-GETTY-IMAGES-800x533.png?resize=800%2C533&#038;ssl=1\" http:=\"\" data-lazy-src=\"https:\/\/forbes.com.br\/wp-content\/uploads\/2024\/01\/Greg-Becker-BLOOMBERG-VIA-GETTY-IMAGES-800x533.png\"\/><noscript><img data-recalc-dims=\"1\" height=\"533\" width=\"800\" decoding=\"async\" src=\"https:\/\/i0.wp.com\/forbes.com.br\/wp-content\/uploads\/2024\/01\/Greg-Becker-BLOOMBERG-VIA-GETTY-IMAGES-800x533.png?resize=800%2C533&#038;ssl=1\"\/><\/noscript><\/p>\n<article>\n<span class=\"credito\">BLOOMBERG VIA GETTY IMAGES<\/span><\/p>\n<h3>Greg Becker, ex-presidente e CEO, SVB Financial Group<\/h3>\n<p>Becker assumiu o cargo de CEO no Silicon Valley Bank em 2011 e surfou uma onda de crescimento \u00e0 medida que as startups de tecnologia prosperavam. Em 2015, ele disse ao Comit\u00ea Banc\u00e1rio do Senado que bancos de m\u00e9dio porte como o dele n\u00e3o apresentavam o mesmo risco sist\u00eamico que os grandes bancos e, portanto, deveriam ser isentos das regulamenta\u00e7\u00f5es onerosas. Ele estava errado. O banco, dependente de clientes focados em startups e tecnologia que enfrentavam crescente cautela dos investidores \u00e0 medida que o Federal Reserve aumentava as taxas de juros, havia comprado t\u00edtulos do governo em uma era de taxas baixas, deixando-o com acentuadas quedas no valor dos t\u00edtulos e pouco em termos de prote\u00e7\u00e3o contra taxas de juros, conforme relatou o Wall Street Journal. Em mar\u00e7o, enfrentou uma hist\u00f3rica corrida por retiradas antes de ser apreendido e fechado pelos reguladores. Enquanto isso Becker culpava diversos fatores e pessoas pela queda de seu banco, ap\u00f3s renunciar em abril. Em uma audi\u00eancia do Comit\u00ea Banc\u00e1rio do Senado ele disse que estava \u201cverdadeiramente arrependido\u201d pelo colapso que desencadeou a pior crise banc\u00e1ria em 15 anos.<\/p>\n<\/article>\n<p><\/span>\n<\/div>\n<\/li>\n<li>\n<div>\n<span><br \/>\n<img data-recalc-dims=\"1\" height=\"533\" width=\"800\" decoding=\"async\" src=\"https:\/\/i0.wp.com\/forbes.com.br\/wp-content\/uploads\/2024\/01\/Rosalind-Roz-Brewer-GETTY-IMAGES-800x533.png?resize=800%2C533&#038;ssl=1\" http:=\"\" data-lazy-src=\"https:\/\/forbes.com.br\/wp-content\/uploads\/2024\/01\/Rosalind-Roz-Brewer-GETTY-IMAGES-800x533.png\"\/><noscript><img data-recalc-dims=\"1\" height=\"533\" width=\"800\" decoding=\"async\" src=\"https:\/\/i0.wp.com\/forbes.com.br\/wp-content\/uploads\/2024\/01\/Rosalind-Roz-Brewer-GETTY-IMAGES-800x533.png?resize=800%2C533&#038;ssl=1\"\/><\/noscript><\/p>\n<article>\n<span class=\"credito\">GETTY IMAGES<\/span><\/p>\n<h3>Rosalind Brewer, ex-CEO, Walgreens Boots Alliance<\/h3>\n<p>Roz Brewer conseguir um cargo de CEO era uma quest\u00e3o de quando, n\u00e3o de se. Antes de assumir o cargo mais alto na hierarquia da Walgreens Boots Alliance em mar\u00e7o de 2021, a ent\u00e3o diretora de opera\u00e7\u00f5es da Starbucks havia sido considerada uma poss\u00edvel sucessora na gigante do caf\u00e9. Ocupou o cargo de CEO no Sam\u2019s Club do Walmart e foi uma presen\u00e7a constante em v\u00e1rias listas de mulheres mais poderosas. No entanto, menos de tr\u00eas anos depois, a Walgreens estava procurando um novo CEO, depois que Brewer e o conselho \u201cconcordaram mutuamente\u201d em se separar no in\u00edcio de setembro. Essa decis\u00e3o seguiu uma redu\u00e7\u00e3o na meta de ganhos durante o ver\u00e3o, dificuldades com escassez de pessoal \u2013 que reduziram as horas das farm\u00e1cias funcionando \u2013 e uma queda acentuada no pre\u00e7o das a\u00e7\u00f5es. No in\u00edcio de dezembro, a Walgreens era a pior a\u00e7\u00e3o do Dow Jones Industrial Average de 2023 e caiu cerca de 48% durante sua gest\u00e3o, em compara\u00e7\u00e3o com cerca de 5% para sua concorrente CVS no mesmo per\u00edodo.<\/p>\n<\/article>\n<p><\/span>\n<\/div>\n<\/li>\n<li>\n<div>\n<span><br \/>\n<img data-recalc-dims=\"1\" height=\"533\" width=\"800\" decoding=\"async\" src=\"https:\/\/i0.wp.com\/forbes.com.br\/wp-content\/uploads\/2024\/01\/Charlie-Javice-Cortesia-da-mesma-800x533.png?resize=800%2C533&#038;ssl=1\" http:=\"\" data-lazy-src=\"https:\/\/forbes.com.br\/wp-content\/uploads\/2024\/01\/Charlie-Javice-Cortesia-da-mesma-800x533.png\"\/><noscript><img data-recalc-dims=\"1\" height=\"533\" width=\"800\" decoding=\"async\" src=\"https:\/\/i0.wp.com\/forbes.com.br\/wp-content\/uploads\/2024\/01\/Charlie-Javice-Cortesia-da-mesma-800x533.png?resize=800%2C533&#038;ssl=1\"\/><\/noscript><\/p>\n<article>\n<span class=\"credito\">Fornecido pela Charlie Javice<\/span><\/p>\n<h3>Charlie Javice, fundadora, Frank<\/h3>\n<p>A Forbes colocou Javice como uma de suas estrelas em ascens\u00e3o Under 30 em 2019. A startup badalada de ajuda financeira para universit\u00e1rios que ela fundou seria adquirida pelo JPMorgan Chase por US $175 milh\u00f5es em 2021. Mas em 2023 est\u00e1vamos arrependidos do status que demos \u00e0 Javice, depois que o banco apresentou uma a\u00e7\u00e3o alegando que ela havia criado uma enorme lista de clientes falsos. A Comiss\u00e3o de Valores Mobili\u00e1rios dos EUA a acusou de fraude em abril, relacionada \u00e0 venda para o JPMorgan. Javice tem se defendido, movendo sua pr\u00f3pria a\u00e7\u00e3o contra o JPMorgan, se declarando inocente e alegando que o JPMorgan deixou de produzir \u201cprovavelmente milhares\u201d de documentos que poderiam beneficiar sua defesa. Em novembro, o juiz marcou uma data de julgamento para 2024 e disse que os promotores devem exigir que o JPMorgan Chase produza mais evid\u00eancias.<\/p>\n<\/article>\n<p><\/span>\n<\/div>\n<\/li>\n<li>\n<div>\n<span><br \/>\n<img data-recalc-dims=\"1\" height=\"533\" width=\"800\" decoding=\"async\" src=\"https:\/\/i0.wp.com\/forbes.com.br\/wp-content\/uploads\/2024\/01\/Chris-Licht-CNN-Via-Getty-Images-800x533.png?resize=800%2C533&#038;ssl=1\" http:=\"\" data-lazy-src=\"https:\/\/forbes.com.br\/wp-content\/uploads\/2024\/01\/Chris-Licht-CNN-Via-Getty-Images-800x533.png\"\/><noscript><img data-recalc-dims=\"1\" height=\"533\" width=\"800\" decoding=\"async\" src=\"https:\/\/i0.wp.com\/forbes.com.br\/wp-content\/uploads\/2024\/01\/Chris-Licht-CNN-Via-Getty-Images-800x533.png?resize=800%2C533&#038;ssl=1\"\/><\/noscript><\/p>\n<article>\n<span class=\"credito\">CNN Via Getty Images<\/span><\/p>\n<h3>Chris Licht, ex-presidente e CEO, CNN<\/h3>\n<p>Em 2022, Licht passou de produtor executivo do \u201cLate Show With Stephen Colbert\u201d para a cadeira de CEO na CNN, sem nunca ter dirigido algo t\u00e3o vasto ou complexo como uma rede de TV global, mas foi escolhido a dedo por David Zaslav, chefe da Warner Bros. Discovery. Embora tenha prometido transformar a CNN em uma plataforma para telespectadores cansados da polariza\u00e7\u00e3o das not\u00edcias a cabo, ele rapidamente enfrentou quedas de audi\u00eancia, um esc\u00e2ndalo com Don Lemon e cr\u00edticas generalizadas por uma reuni\u00e3o cheia de mentiras com o ex-presidente Donald J. Trump. Ent\u00e3o, em um \u00e9pico e inexplic\u00e1vel desastre de rela\u00e7\u00f5es p\u00fablicas, a revista The Atlantic publicou um perfil devastador do CEO, que havia dado horas de entrevista ao seu escritor, Tim Alberta. A hist\u00f3ria esteve entre as mais lidas e fez com que ele perdesse a confian\u00e7a da reda\u00e7\u00e3o da CNN. Dias depois, Licht foi demitido ap\u00f3s apenas 15 meses no comando.<\/p>\n<\/article>\n<p><\/span>\n<\/div>\n<\/li>\n<li>\n<div>\n<span><br \/>\n<img data-recalc-dims=\"1\" height=\"533\" width=\"800\" decoding=\"async\" src=\"https:\/\/i0.wp.com\/forbes.com.br\/wp-content\/uploads\/2024\/01\/Liz-Magill-Washington-Post-Via-Getty-Images-800x533.png?resize=800%2C533&#038;ssl=1\" http:=\"\" data-lazy-src=\"https:\/\/forbes.com.br\/wp-content\/uploads\/2024\/01\/Liz-Magill-Washington-Post-Via-Getty-Images-800x533.png\"\/><noscript><img data-recalc-dims=\"1\" height=\"533\" width=\"800\" decoding=\"async\" src=\"https:\/\/i0.wp.com\/forbes.com.br\/wp-content\/uploads\/2024\/01\/Liz-Magill-Washington-Post-Via-Getty-Images-800x533.png?resize=800%2C533&#038;ssl=1\"\/><\/noscript><\/p>\n<article>\n<span class=\"credito\">Washington Post Via Getty Images<\/span><\/p>\n<h3>Liz Magill, presidente, Universidade da Pensilv\u00e2nia, e Claudine Gay, presidente de Harvard<\/h3>\n<p>Liz Magill n\u00e3o foi a \u00fanica presidente da universidade que se atrapalhou em seu depoimento perante o Congresso dos EUA no in\u00edcio de dezembro. A presidente de Harvard, Claudine Gay, e a presidente do MIT, Sally Kornbluth, tamb\u00e9m gaguejaram ao explicar como estavam lidando com um aumento de antissemitismo no campus. E tamb\u00e9m foram for\u00e7adas a se desculpar por respostas estranhamente evasivas quando questionadas se disciplinariam estudantes que pediam o genoc\u00eddio de judeus. Magill perdeu o emprego. E Gay, que tamb\u00e9m est\u00e1 enfrentando acusa\u00e7\u00f5es de pl\u00e1gio, acaba de renunciar.<\/p>\n<\/article>\n<p><\/span>\n<\/div>\n<\/li>\n<li>\n<div>\n<span><br \/>\n<img data-recalc-dims=\"1\" height=\"533\" width=\"800\" decoding=\"async\" src=\"https:\/\/i0.wp.com\/forbes.com.br\/wp-content\/uploads\/2024\/01\/Marc-Tessier-Lavigne-Patric-McMullan-via-Getty-Images-800x533.png?resize=800%2C533&#038;ssl=1\" http:=\"\" data-lazy-src=\"https:\/\/forbes.com.br\/wp-content\/uploads\/2024\/01\/Marc-Tessier-Lavigne-Patric-McMullan-via-Getty-Images-800x533.png\"\/><noscript><img data-recalc-dims=\"1\" height=\"533\" width=\"800\" decoding=\"async\" src=\"https:\/\/i0.wp.com\/forbes.com.br\/wp-content\/uploads\/2024\/01\/Marc-Tessier-Lavigne-Patric-McMullan-via-Getty-Images-800x533.png?resize=800%2C533&#038;ssl=1\"\/><\/noscript><\/p>\n<article>\n<span class=\"credito\">Patric McMullan via Getty Images<\/span><\/p>\n<h3>Marc Tessier-Lavigne, ex-presidente, Universidade Stanford<\/h3>\n<p>N\u00e3o \u00e9 todo dia que o trabalho de um jornalista estudantil ajuda a derrubar um presidente da Ivy League. Mas ap\u00f3s uma reportagem do Stanford Daily, dirigido por estudantes, que come\u00e7ou por discuss\u00f5es em um site de crowdsourcing, levar a uma revis\u00e3o independente de seu trabalho cient\u00edfico, a Universidade de Stanford anunciou em julho que seu presidente renunciaria, retratando v\u00e1rios artigos de pesquisa com v\u00e1rias d\u00e9cadas. A revis\u00e3o independente disse que a alega\u00e7\u00e3o mais s\u00e9ria de fraude \u201cparece estar equivocada\u201d e que Tessier-Lavigne \u201cn\u00e3o se envolveu pessoalmente em m\u00e1 conduta de pesquisa\u201d nos artigos revisados. Mas encontrou falhas significativas em alguns estudos feitos por membros de seu laborat\u00f3rio. A sa\u00edda de Tessier-Lavigne n\u00e3o foi a \u00fanica onde a reportagem estudantil desempenhou um papel este ano: no meio de 2023, a Northwestern University demitiu o treinador de futebol americano Pat Fitzgerald ap\u00f3s o jornal estudantil relatar alega\u00e7\u00f5es de trote. (Fitzgerald negou conhecimento do trote e apresentou sua pr\u00f3pria a\u00e7\u00e3o alegando demiss\u00e3o injusta.)<\/p>\n<\/article>\n<p><\/span>\n<\/div>\n<\/li>\n<\/ul>\n<\/div>\n<div class=\"description\">\n<span class=\"credito\">San Francisco Chronicle \/ Getty Images<\/span><\/p>\n<h3>Scott Adams, cartunista e autor de \u201cDilbert\u201d<\/h3>\n<p>Adams nos diverte desde 1989 quando estreou uma tirinha sobre a vida no escrit\u00f3rio chamada \u201cDilbert\u201d. Em 2023, Adams esteve envolvido em pol\u00eamica ao fazer um discurso racista, sobre pessoas negras serem um grupo de \u00f3dio, durante uma transmiss\u00e3o ao vivo no YouTube. N\u00e3o foi a primeira vez que Adams teve falas racistas, mas foi a \u00faltima gota para os mais de 200 jornais que distribu\u00edam sua tirinha. (Dilbert era publicado em cerca de dois mil jornais em seu auge.) Adams tamb\u00e9m foi dispensado por sua editora e perdeu outros contratos este ano. Com o lan\u00e7amento do Dilbert Renascido em um site de assinaturas, ele continua a produzir o que se tornou uma tirinha amarga e sem gra\u00e7a. Enquanto pode ter encontrado conforto em atender \u00e0s pessoas que compartilham suas opini\u00f5es, ele perdeu renda e um lugar nos holofotes. Uma reviravolta triste para um homem que fez tantas pessoas rirem.<\/p>\n<\/div>\n<\/div>\n<\/div>\n<p><script type=\"rocketlazyloadscript\">\n\t\t\t\t(function(d, s, id){\n\t\t\t\t\tvar js, fjs = d.getElementsByTagName(s)[0];\n\t\t\t\t\tif (d.getElementById(id)) return;\n\t\t\t\t\tjs = d.createElement(s); js.id = id;\n\t\t\t\t\tjs.src = \"\/\/connect.facebook.net\/pt_BR\/sdk.js#xfbml=1&version=v2.9\";\n\t\t\t\t\tfjs.parentNode.insertBefore(js, fjs);\n\t\t\t\t}(document, 'script', 'facebook-jssdk'));\n\t\t\t<\/script><br \/>\n<br \/><br \/>\n<br \/><a href=\"https:\/\/forbes.com.br\/carreira\/2024\/01\/ceo-da-binance-e-conselho-da-open-ai-os-maiores-tropecos-de-carreira-de-2023\/\">Source link <\/a><\/p>\n<div class='code-block code-block-4' style='margin: 8px auto 8px 0; text-align: left; display: block; clear: both;'>\n\ud83d\udce2 Aviso Legal\n\nO site ismaelcolosi.com.br atua apenas como um canal de divulga\u00e7\u00e3o de oportunidades de emprego e n\u00e3o se responsabiliza pelo processo seletivo, contrata\u00e7\u00e3o ou qualquer outra etapa relacionada \u00e0s vagas publicadas. Todas as informa\u00e7\u00f5es s\u00e3o de responsabilidade dos anunciantes.\n\n\u26a0\ufe0f Aten\u00e7\u00e3o! Nunca pague por promessas de emprego nem compre cursos que garantam contrata\u00e7\u00e3o. Desconfie de qualquer cobran\u00e7a para participar de sele\u00e7\u00f5es.\n\n\n\n<\/div>\n<!-- CONTENT END 1 -->\n","protected":false},"excerpt":{"rendered":"<p>Os maiores trope\u00e7os de carreira de 2023 Os maiores trope\u00e7os de carreira de 2023 envolvem quebra de banco e conselhos de administra\u00e7\u00e3o se desculpando Num&#8230;<\/p>\n","protected":false},"author":1,"featured_media":24341,"comment_status":"open","ping_status":"open","sticky":false,"template":"","format":"standard","meta":{"_uag_custom_page_level_css":"","advanced_seo_description":"","jetpack_seo_html_title":"","jetpack_seo_noindex":false,"jetpack_post_was_ever_published":false,"_jetpack_newsletter_access":"","_jetpack_dont_email_post_to_subs":false,"_jetpack_newsletter_tier_id":0,"_jetpack_memberships_contains_paywalled_content":false,"_jetpack_memberships_contains_paid_content":false,"footnotes":"","jetpack_publicize_message":"","jetpack_publicize_feature_enabled":true,"jetpack_social_post_already_shared":true,"jetpack_social_options":{"image_generator_settings":{"template":"highway","default_image_id":0,"font":"","enabled":false},"version":2}},"categories":[1964],"tags":[],"class_list":["post-24340","post","type-post","status-publish","format-standard","has-post-thumbnail","hentry","category-carreira-e-sucesso-dicas-para-carreira"],"jetpack_publicize_connections":[],"jetpack_featured_media_url":"https:\/\/i0.wp.com\/ismaelcolosi.com.br\/wp-content\/uploads\/2024\/01\/Capa-1024x683.png?fit=1024%2C683&ssl=1","uagb_featured_image_src":{"full":["https:\/\/i0.wp.com\/ismaelcolosi.com.br\/wp-content\/uploads\/2024\/01\/Capa-1024x683.png?fit=1024%2C683&ssl=1",1024,683,false],"thumbnail":["https:\/\/i0.wp.com\/ismaelcolosi.com.br\/wp-content\/uploads\/2024\/01\/Capa-1024x683.png?resize=150%2C150&ssl=1",150,150,true],"medium":["https:\/\/i0.wp.com\/ismaelcolosi.com.br\/wp-content\/uploads\/2024\/01\/Capa-1024x683.png?fit=300%2C200&ssl=1",300,200,true],"medium_large":["https:\/\/i0.wp.com\/ismaelcolosi.com.br\/wp-content\/uploads\/2024\/01\/Capa-1024x683.png?fit=768%2C512&ssl=1",768,512,true],"large":["https:\/\/i0.wp.com\/ismaelcolosi.com.br\/wp-content\/uploads\/2024\/01\/Capa-1024x683.png?fit=1024%2C683&ssl=1",1024,683,true],"1536x1536":["https:\/\/i0.wp.com\/ismaelcolosi.com.br\/wp-content\/uploads\/2024\/01\/Capa-1024x683.png?fit=1024%2C683&ssl=1",1024,683,true],"2048x2048":["https:\/\/i0.wp.com\/ismaelcolosi.com.br\/wp-content\/uploads\/2024\/01\/Capa-1024x683.png?fit=1024%2C683&ssl=1",1024,683,true],"really-simple-thumb":["https:\/\/i0.wp.com\/ismaelcolosi.com.br\/wp-content\/uploads\/2024\/01\/Capa-1024x683.png?resize=370%2C247&ssl=1",370,247,true]},"uagb_author_info":{"display_name":"ismaelcolosi.com.br","author_link":"https:\/\/ismaelcolosi.com.br\/index.php\/author\/vidareal-online\/"},"uagb_comment_info":0,"uagb_excerpt":"Os maiores trope\u00e7os de carreira de 2023 Os maiores trope\u00e7os de carreira de 2023 envolvem quebra de banco e conselhos de administra\u00e7\u00e3o se desculpando Num...","jetpack-related-posts":[{"id":46363,"url":"https:\/\/ismaelcolosi.com.br\/index.php\/2024\/04\/11\/5-dicas-do-bilionario-jorge-paulo-lemann-para-os-empreendedores\/","url_meta":{"origin":24340,"position":0},"title":"5 dicas do bilion\u00e1rio Jorge Paulo Lemann para os empreendedores","author":"ismaelcolosi.com.br","date":"11 de April de 2024","format":false,"excerpt":"Na inf\u00e2ncia, o empres\u00e1rio diz que foi uma crian\u00e7a muito livre e que com essa liberdade aprendeu a criar sua independ\u00eancia O empres\u00e1rio e economista Jorge Paulo Lemann, bilion\u00e1rio com fortuna avaliada pela Forbes em US$ 16,1 bilh\u00f5es (R$ 81,4 bilh\u00f5es), \u00e9 uma das mentes \u00e0 frente da 3G Capital,\u2026","rel":"","context":"In &quot;Carreira e Sucesso&quot;","block_context":{"text":"Carreira e Sucesso","link":"https:\/\/ismaelcolosi.com.br\/index.php\/category\/carreira-e-sucesso-dicas-para-carreira\/"},"img":{"alt_text":"","src":"https:\/\/i0.wp.com\/ismaelcolosi.com.br\/wp-content\/uploads\/2024\/04\/jorge-paulo-lemann-1024x683.jpg?fit=1024%2C683&ssl=1&resize=350%2C200","width":350,"height":200,"srcset":"https:\/\/i0.wp.com\/ismaelcolosi.com.br\/wp-content\/uploads\/2024\/04\/jorge-paulo-lemann-1024x683.jpg?fit=1024%2C683&ssl=1&resize=350%2C200 1x, https:\/\/i0.wp.com\/ismaelcolosi.com.br\/wp-content\/uploads\/2024\/04\/jorge-paulo-lemann-1024x683.jpg?fit=1024%2C683&ssl=1&resize=525%2C300 1.5x, https:\/\/i0.wp.com\/ismaelcolosi.com.br\/wp-content\/uploads\/2024\/04\/jorge-paulo-lemann-1024x683.jpg?fit=1024%2C683&ssl=1&resize=700%2C400 2x"},"classes":[]},{"id":31424,"url":"https:\/\/ismaelcolosi.com.br\/index.php\/2024\/01\/22\/top-10-maiores-artilheiros-do-mundo-em-todos-os-tempos\/","url_meta":{"origin":24340,"position":1},"title":"Top 10 maiores artilheiros do mundo em todos os tempos","author":"ismaelcolosi.com.br","date":"22 de January de 2024","format":false,"excerpt":"O futebol moderno foi criado na Inglaterra e desde as regras de 1863, que s\u00e3o a base das atuais, este esporte ganhou o mundo fazendo hist\u00f3ria e tem se tornado popular at\u00e9 em pa\u00edses sem tradi\u00e7\u00e3o futebol\u00edstica. E no momento mais importante de uma partida, o gol, os jogadores t\u00eam\u2026","rel":"","context":"In &quot;Blog&quot;","block_context":{"text":"Blog","link":"https:\/\/ismaelcolosi.com.br\/index.php\/category\/blog\/"},"img":{"alt_text":"","src":"https:\/\/i0.wp.com\/ismaelcolosi.com.br\/wp-content\/uploads\/2024\/01\/top-10-maiores-artilheiros-de-futebol-de-todos-os-tempos-pele-1.jpg?fit=1200%2C741&ssl=1&resize=350%2C200","width":350,"height":200,"srcset":"https:\/\/i0.wp.com\/ismaelcolosi.com.br\/wp-content\/uploads\/2024\/01\/top-10-maiores-artilheiros-de-futebol-de-todos-os-tempos-pele-1.jpg?fit=1200%2C741&ssl=1&resize=350%2C200 1x, https:\/\/i0.wp.com\/ismaelcolosi.com.br\/wp-content\/uploads\/2024\/01\/top-10-maiores-artilheiros-de-futebol-de-todos-os-tempos-pele-1.jpg?fit=1200%2C741&ssl=1&resize=525%2C300 1.5x, https:\/\/i0.wp.com\/ismaelcolosi.com.br\/wp-content\/uploads\/2024\/01\/top-10-maiores-artilheiros-de-futebol-de-todos-os-tempos-pele-1.jpg?fit=1200%2C741&ssl=1&resize=700%2C400 2x, https:\/\/i0.wp.com\/ismaelcolosi.com.br\/wp-content\/uploads\/2024\/01\/top-10-maiores-artilheiros-de-futebol-de-todos-os-tempos-pele-1.jpg?fit=1200%2C741&ssl=1&resize=1050%2C600 3x"},"classes":[]},{"id":53949,"url":"https:\/\/ismaelcolosi.com.br\/index.php\/2024\/06\/20\/relembre-os-maiores-sucessos-do-cantor-chrystian-que-fez-dupla-com-ralf\/","url_meta":{"origin":24340,"position":2},"title":"Relembre os maiores sucessos do cantor Chrystian, que fez dupla com Ralf","author":"ismaelcolosi.com.br","date":"20 de June de 2024","format":false,"excerpt":"O cantor sertanejo Chrystian, que formou dupla com seu irm\u00e3o Ralf, morreu nesta quarta-feira (19), aos 67 anos. Ele estava internado em um hospital de S\u00e3o Paulo. O artista iniciou sua carreira ainda na inf\u00e2ncia e somava 60 anos na m\u00fasica. Chrystian foi um dos representantes do sertanejo no Brasil\u2026","rel":"","context":"In &quot;Not\u00edcias de Ribeir\u00e3o Preto-SP e Regi\u00e3o&quot;","block_context":{"text":"Not\u00edcias de Ribeir\u00e3o Preto-SP e Regi\u00e3o","link":"https:\/\/ismaelcolosi.com.br\/index.php\/category\/noticias-de-ribeirao-preto-sp-e-regiao-ismael-colosi\/"},"img":{"alt_text":"","src":"https:\/\/i0.wp.com\/ismaelcolosi.com.br\/wp-content\/uploads\/2024\/06\/chrystian_2024-06-20_14-39-45_jpg_2024-06-20_14-39-45.webp.webp?fit=845%2C474&ssl=1&resize=350%2C200","width":350,"height":200,"srcset":"https:\/\/i0.wp.com\/ismaelcolosi.com.br\/wp-content\/uploads\/2024\/06\/chrystian_2024-06-20_14-39-45_jpg_2024-06-20_14-39-45.webp.webp?fit=845%2C474&ssl=1&resize=350%2C200 1x, https:\/\/i0.wp.com\/ismaelcolosi.com.br\/wp-content\/uploads\/2024\/06\/chrystian_2024-06-20_14-39-45_jpg_2024-06-20_14-39-45.webp.webp?fit=845%2C474&ssl=1&resize=525%2C300 1.5x, https:\/\/i0.wp.com\/ismaelcolosi.com.br\/wp-content\/uploads\/2024\/06\/chrystian_2024-06-20_14-39-45_jpg_2024-06-20_14-39-45.webp.webp?fit=845%2C474&ssl=1&resize=700%2C400 2x"},"classes":[]},{"id":11323,"url":"https:\/\/ismaelcolosi.com.br\/index.php\/2023\/12\/05\/ze-neto-da-dupla-com-cristiano-sofre-grave-acidente-de-carro-relembre-quais-sao-os-maiores-sucessos-dos-cantores\/","url_meta":{"origin":24340,"position":3},"title":"Z\u00e9 Neto da dupla com Cristiano sofre grave acidente de carro, relembre quais s\u00e3o os maiores sucessos dos cantores","author":"ismaelcolosi.com.br","date":"5 de December de 2023","format":false,"excerpt":"O cantor Z\u00e9 Neto, integrante da dupla com Cristiano, esteve envolvido em um acidente de carro na ter\u00e7a-feira (05, enquanto retornava de seu rancho que fica no munic\u00edpio de Ic\u00e9m, interior de S\u00e3o Paulo.De acordo com as informa\u00e7\u00f5es preliminares divulgadas por Renato Sertanejeiro, o cantor est\u00e1 consciente. O acidente ocorreu\u2026","rel":"","context":"In &quot;Blog&quot;","block_context":{"text":"Blog","link":"https:\/\/ismaelcolosi.com.br\/index.php\/category\/blog\/"},"img":{"alt_text":"","src":"https:\/\/i0.wp.com\/ismaelcolosi.com.br\/wp-content\/uploads\/2023\/12\/postimg-656fd5b4d39f81784.jpg?fit=1200%2C628&ssl=1&resize=350%2C200","width":350,"height":200,"srcset":"https:\/\/i0.wp.com\/ismaelcolosi.com.br\/wp-content\/uploads\/2023\/12\/postimg-656fd5b4d39f81784.jpg?fit=1200%2C628&ssl=1&resize=350%2C200 1x, https:\/\/i0.wp.com\/ismaelcolosi.com.br\/wp-content\/uploads\/2023\/12\/postimg-656fd5b4d39f81784.jpg?fit=1200%2C628&ssl=1&resize=525%2C300 1.5x, https:\/\/i0.wp.com\/ismaelcolosi.com.br\/wp-content\/uploads\/2023\/12\/postimg-656fd5b4d39f81784.jpg?fit=1200%2C628&ssl=1&resize=700%2C400 2x, https:\/\/i0.wp.com\/ismaelcolosi.com.br\/wp-content\/uploads\/2023\/12\/postimg-656fd5b4d39f81784.jpg?fit=1200%2C628&ssl=1&resize=1050%2C600 3x"},"classes":[]},{"id":80837,"url":"https:\/\/ismaelcolosi.com.br\/index.php\/2025\/01\/04\/as-maiores-reviravoltas-de-carreira-de-2024\/","url_meta":{"origin":24340,"position":4},"title":"As Maiores Reviravoltas de Carreira de 2024","author":"ismaelcolosi.com.br","date":"4 de January de 2025","format":false,"excerpt":"\r Getty Images\r Aos 78 anos, Donald Trump ser\u00e1 empossado como o 47\u00ba presidente dos Estados Unidos em 20 de janeiro, ap\u00f3s vencer uma acirrada elei\u00e7\u00e3o presidencial\r \u00a0 Acessibilidade \r L\r L\r A-\r A+\r \r \u25d0\r \r \u00a0 H\u00e1 mais de uma d\u00e9cada, a Forbes documenta os fracassos de carreira\u2026","rel":"","context":"In &quot;Carreira e Sucesso&quot;","block_context":{"text":"Carreira e Sucesso","link":"https:\/\/ismaelcolosi.com.br\/index.php\/category\/carreira-e-sucesso-dicas-para-carreira\/"},"img":{"alt_text":"","src":"https:\/\/i0.wp.com\/ismaelcolosi.com.br\/wp-content\/uploads\/2025\/01\/Trump-forbes-2025-1200x675.jpg?fit=1200%2C675&ssl=1&resize=350%2C200","width":350,"height":200,"srcset":"https:\/\/i0.wp.com\/ismaelcolosi.com.br\/wp-content\/uploads\/2025\/01\/Trump-forbes-2025-1200x675.jpg?fit=1200%2C675&ssl=1&resize=350%2C200 1x, https:\/\/i0.wp.com\/ismaelcolosi.com.br\/wp-content\/uploads\/2025\/01\/Trump-forbes-2025-1200x675.jpg?fit=1200%2C675&ssl=1&resize=525%2C300 1.5x, https:\/\/i0.wp.com\/ismaelcolosi.com.br\/wp-content\/uploads\/2025\/01\/Trump-forbes-2025-1200x675.jpg?fit=1200%2C675&ssl=1&resize=700%2C400 2x, https:\/\/i0.wp.com\/ismaelcolosi.com.br\/wp-content\/uploads\/2025\/01\/Trump-forbes-2025-1200x675.jpg?fit=1200%2C675&ssl=1&resize=1050%2C600 3x"},"classes":[]},{"id":14107,"url":"https:\/\/ismaelcolosi.com.br\/index.php\/2023\/12\/11\/setor-agropecuario-tem-os-maiores-salarios-diz-pesquisa\/","url_meta":{"origin":24340,"position":5},"title":"Setor agropecu\u00e1rio tem os maiores sal\u00e1rios, diz pesquisa","author":"ismaelcolosi.com.br","date":"11 de December de 2023","format":false,"excerpt":"Getty ImagesO aprendizado constante ao longo da carreira se mostra fundamental para a valoriza\u00e7\u00e3o salarial O setor agropecu\u00e1rio foi o que apresentou as maiores m\u00e9dias salariais em 42,8% dos 14 cargos dentro de 5 setores analisados pela empresa de tecnologia para RH Gupy. Um diretor de empresa agropecu\u00e1ria tem uma\u2026","rel":"","context":"In &quot;Carreira e Sucesso&quot;","block_context":{"text":"Carreira e Sucesso","link":"https:\/\/ismaelcolosi.com.br\/index.php\/category\/carreira-e-sucesso-dicas-para-carreira\/"},"img":{"alt_text":"","src":"https:\/\/i0.wp.com\/ismaelcolosi.com.br\/wp-content\/uploads\/2023\/12\/carreira-cargos-agro-1024x683.jpg?fit=1024%2C683&ssl=1&resize=350%2C200","width":350,"height":200,"srcset":"https:\/\/i0.wp.com\/ismaelcolosi.com.br\/wp-content\/uploads\/2023\/12\/carreira-cargos-agro-1024x683.jpg?fit=1024%2C683&ssl=1&resize=350%2C200 1x, https:\/\/i0.wp.com\/ismaelcolosi.com.br\/wp-content\/uploads\/2023\/12\/carreira-cargos-agro-1024x683.jpg?fit=1024%2C683&ssl=1&resize=525%2C300 1.5x, https:\/\/i0.wp.com\/ismaelcolosi.com.br\/wp-content\/uploads\/2023\/12\/carreira-cargos-agro-1024x683.jpg?fit=1024%2C683&ssl=1&resize=700%2C400 2x"},"classes":[]}],"jetpack_sharing_enabled":true,"jetpack_shortlink":"https:\/\/wp.me\/pfMlyK-6kA","_links":{"self":[{"href":"https:\/\/ismaelcolosi.com.br\/index.php\/wp-json\/wp\/v2\/posts\/24340","targetHints":{"allow":["GET"]}}],"collection":[{"href":"https:\/\/ismaelcolosi.com.br\/index.php\/wp-json\/wp\/v2\/posts"}],"about":[{"href":"https:\/\/ismaelcolosi.com.br\/index.php\/wp-json\/wp\/v2\/types\/post"}],"author":[{"embeddable":true,"href":"https:\/\/ismaelcolosi.com.br\/index.php\/wp-json\/wp\/v2\/users\/1"}],"replies":[{"embeddable":true,"href":"https:\/\/ismaelcolosi.com.br\/index.php\/wp-json\/wp\/v2\/comments?post=24340"}],"version-history":[{"count":0,"href":"https:\/\/ismaelcolosi.com.br\/index.php\/wp-json\/wp\/v2\/posts\/24340\/revisions"}],"wp:featuredmedia":[{"embeddable":true,"href":"https:\/\/ismaelcolosi.com.br\/index.php\/wp-json\/wp\/v2\/media\/24341"}],"wp:attachment":[{"href":"https:\/\/ismaelcolosi.com.br\/index.php\/wp-json\/wp\/v2\/media?parent=24340"}],"wp:term":[{"taxonomy":"category","embeddable":true,"href":"https:\/\/ismaelcolosi.com.br\/index.php\/wp-json\/wp\/v2\/categories?post=24340"},{"taxonomy":"post_tag","embeddable":true,"href":"https:\/\/ismaelcolosi.com.br\/index.php\/wp-json\/wp\/v2\/tags?post=24340"}],"curies":[{"name":"wp","href":"https:\/\/api.w.org\/{rel}","templated":true}]}}