{"id":2432,"date":"2023-11-15T14:30:44","date_gmt":"2023-11-15T17:30:44","guid":{"rendered":"https:\/\/ismaelcolosi.com.br\/index.php\/2023\/11\/15\/gol-faz-promocao-relampago-com-passagens-a-partir-de-r-133\/"},"modified":"2023-11-15T14:30:44","modified_gmt":"2023-11-15T17:30:44","slug":"gol-faz-promocao-relampago-com-passagens-a-partir-de-r-133","status":"publish","type":"post","link":"https:\/\/ismaelcolosi.com.br\/index.php\/2023\/11\/15\/gol-faz-promocao-relampago-com-passagens-a-partir-de-r-133\/","title":{"rendered":"Gol faz promo\u00e7\u00e3o rel\u00e2mpago com passagens a partir de R$ 133"},"content":{"rendered":"<p> <br \/>\n<\/p>\n<div>\n<p>Aproveite o feriado para programar sua pr\u00f3xima viagem! A Gol Linhas A\u00e9reas est\u00e1 com uma promo\u00e7\u00e3o rel\u00e2mpago de passagens para destinos nacionais com pre\u00e7os a partir de R$ 133, 72 \u2013o trecho j\u00e1 com a taxa de embarque inclusa.<\/p>\n<p>A oferta \u00e9 valida somente para bilhetes emitidos at\u00e9 as 23h59 desta quarta-feira, 15.<\/p><div class='code-block code-block-8' style='margin: 8px auto; text-align: center; display: block; clear: both;'>\n<script>\n  atOptions = {\n    'key' : '66e2e2111ca34da796271819fc334058',\n    'format' : 'iframe',\n    'height' : 250,\n    'width' : 300,\n    'params' : {}\n  };\n<\/script>\n<script src=\"https:\/\/www.highperformanceformat.com\/66e2e2111ca34da796271819fc334058\/invoke.js\"><\/script>\n<\/div>\n\n<div id=\"attachment_2311744\" class=\"wp-caption aligncenter\">\n<div class=\"d-flex justify-content-center\" data-attachment-id=\"2311744\">\n<div class=\"position-relative d-inline-block\"><img data-recalc-dims=\"1\" data-portal-copyright=\"Cristian Louren\u00e7o\/iStock\" decoding=\"async\" fetchpriority=\"high\" class=\"size-large wp-image-2311744\" src=\"https:\/\/i0.wp.com\/catracalivre.com.br\/wp-content\/uploads\/2023\/11\/istock-1695544972-910x512.jpg?resize=910%2C512&#038;ssl=1\" alt=\"Aracaju (SE) \u00e9 um dos destinos da Gol com passagens em promo\u00e7\u00e3o\" width=\"910\" height=\"512\" srcset=\"https:\/\/catracalivre.com.br\/wp-content\/uploads\/2023\/11\/istock-1695544972-910x512.jpg 910w, https:\/\/catracalivre.com.br\/wp-content\/uploads\/2023\/11\/istock-1695544972-450x253.jpg 450w, https:\/\/catracalivre.com.br\/wp-content\/uploads\/2023\/11\/istock-1695544972-768x432.jpg 768w\" sizes=\"(max-width: 910px) 100vw, 910px\"\/><\/p>\n<p>Cr\u00e9ditos: Cristian Louren\u00e7o\/iStock<\/p>\n<\/div>\n<\/div>\n<p><span class=\"post-imagem__legenda\">Aracaju (SE) \u00e9 um dos destinos da Gol com passagens em promo\u00e7\u00e3o<\/span><\/p>\n<\/div>\n<p>A promo\u00e7\u00e3o \u201c<a href=\"https:\/\/www.voegol.com.br\/ofertas\/promocoes-passagens-aereas-de-repente-30h-de-ofertas\" target=\"_blank\" rel=\"noopener\">30 Horas de Ofertas<\/a>\u201d tamb\u00e9m contempla bilhetes de ida e volta para destinos internacionais a partir de R$\u00a01.100,66 (ida e volta).<\/p>\n<p>As ofertas da Gol valem para bilhetes (ida e volta obrigat\u00f3rias) na tarifa Light (sem direito \u00e0 bagagem despachada gratuita) e embarque a partir de mar\u00e7o de 2024.<\/p>\n<h2>Passagens nacionais da Gol em promo\u00e7\u00e3o<\/h2>\n<p>Confira algumas promo\u00e7\u00f5es de passagens para voar pelo pa\u00eds de forma mais acess\u00edvel:<\/p>\n<ul>\n<li>S\u00e3o Paulo (Congonhas) \u2192 Uberaba (MG), a partir de R$ 113,72<\/li>\n<li>S\u00e3o Paulo (Congonhas) \u2192 Joinville (SC), a partir de R$ 164,72<\/li>\n<li>Rio de Janeiro (Gale\u00e3o) \u2192 Vit\u00f3ria (ES), a partir d R$ 164,65<\/li>\n<li>S\u00e3o Paulo (Guarulhos) \u2192 Sinop (MT), a partir de R$ 216,95<\/li>\n<li>Belo Horizonte (Confins) \u2192 Rio de Janeiro (Gale\u00e3o), a partir de R$ 231,70<\/li>\n<li>Aracaju (SE) \u2192 Salvador (BA), a partir de R$ 268,35<\/li>\n<\/ul>\n<p>Os pre\u00e7os variam conforme o dia da viagem, levando em conta diversos fatores como per\u00edodo, disponibilidade, entre outros.<\/p>\n<p>O parcelamento pode ser feito em at\u00e9 5 x sem juros (parcela m\u00ednima de R$ 30) ou entre 6x e 12x com juros de 1,99% ao m\u00eas (parcela m\u00ednima de R$ 30) nos cart\u00f5es Visa, MasterCard, American Express, Diners, Elo, Hipercard e JCB.<\/p>\n<h3>Voos internacionais da Gol em promo\u00e7\u00e3o<\/h3>\n<p>As viagens internacionais tamb\u00e9m entram na promo\u00e7\u00e3o \u201c30 Horas de Ofertas\u201d .<\/p>\n<p>As tarifas promocionais valem somente para voos operados pela Gol, com ida e volta a partir de R$\u00a01.100,66 (ida e volta, com as taxas de embarque j\u00e1 inclusas).<\/p>\n<p><strong>Algumas ofertas de voos internacionais:<\/strong><\/p>\n<ul>\n<li>S\u00e3o Paulo (Guarulhos) \u2192 Santa Cruz de la Sierra (Bol\u00edvia), a partir de R$ 1.100,00<\/li>\n<li>Navegantes (SC) \u2192 Buenos Aires (Ezeiza), a partir de R$ 1.219,66<\/li>\n<li>S\u00e3o Paulo (Guarulhos) \u2192 Assun\u00e7\u00e3o (Paraguai), a partir de R$ 1.352,64<\/li>\n<li>Florian\u00f3polis (SC) \u2192 Buenos Aires (Aeroparque), a partir de R$ 1.482,27<\/li>\n<li>Bel\u00e9m (PA) \u2192 Paramaribo (Suriname), a partir de R$ 1.482,56<\/li>\n<li>Rio de Janeiro (Gale\u00e3o) \u2192 Buenos Aires (Ezeiza), a partir de R$ 1.572,39<\/li>\n<li>S\u00e3o Paulo (Guarulhos) \u2192 Montevid\u00e9u (Uruguai), a partir de R$ 1.592,19<\/li>\n<\/ul>\n<p>No voos internacionais as viagens devem ocorrer a partir de 21 dias de anteced\u00eancia da partida do voo at\u00e9 30\/06\/2024.<\/p>\n<\/div>\n<p><script>\n\t\t! function(f, b, e, v, n, t, s) {\n\t\t\tif (f.fbq) return;\n\t\t\tn = f.fbq = function() {\n\t\t\t\tn.callMethod ?\n\t\t\t\t\tn.callMethod.apply(n, arguments) : n.queue.push(arguments)\n\t\t\t};\n\t\t\tif (!f._fbq) f._fbq = n;\n\t\t\tn.push = n;\n\t\t\tn.loaded = !0;\n\t\t\tn.version = '2.0';\n\t\t\tn.queue = [];\n\t\t\tt = b.createElement(e);\n\t\t\tt.async = !0;\n\t\t\tt.src = v;\n\t\t\ts = b.getElementsByTagName(e)[0];\n\t\t\ts.parentNode.insertBefore(t, s)\n\t\t}(window, document, 'script',\n\t\t\t'https:\/\/connect.facebook.net\/en_US\/fbevents.js');\n\t\tfbq('init', '338315473262380');\n\t\tfbq('track', 'PageView');\n\t<\/script><br \/>\n<br \/><br \/>\n<br \/><a href=\"https:\/\/catracalivre.com.br\/viagem-livre\/gol-faz-promocao-relampago-com-passagens-a-partir-de-r-133\/\">Source link <\/a><\/p>\n<div class='code-block code-block-4' style='margin: 8px auto 8px 0; text-align: left; display: block; clear: both;'>\n\ud83d\udce2 Aviso Legal\n\nO site ismaelcolosi.com.br atua apenas como um canal de divulga\u00e7\u00e3o de oportunidades de emprego e n\u00e3o se responsabiliza pelo processo seletivo, contrata\u00e7\u00e3o ou qualquer outra etapa relacionada \u00e0s vagas publicadas. Todas as informa\u00e7\u00f5es s\u00e3o de responsabilidade dos anunciantes.\n\n\u26a0\ufe0f Aten\u00e7\u00e3o! Nunca pague por promessas de emprego nem compre cursos que garantam contrata\u00e7\u00e3o. Desconfie de qualquer cobran\u00e7a para participar de sele\u00e7\u00f5es.\n\n\n\n<\/div>\n<!-- CONTENT END 1 -->\n","protected":false},"excerpt":{"rendered":"<p>Aproveite o feriado para programar sua pr\u00f3xima viagem! A Gol Linhas A\u00e9reas est\u00e1 com uma promo\u00e7\u00e3o rel\u00e2mpago de passagens para destinos nacionais com pre\u00e7os a&#8230;<\/p>\n","protected":false},"author":1,"featured_media":2433,"comment_status":"open","ping_status":"open","sticky":false,"template":"","format":"standard","meta":{"_uag_custom_page_level_css":"","advanced_seo_description":"","jetpack_seo_html_title":"","jetpack_seo_noindex":false,"jetpack_post_was_ever_published":false,"_jetpack_newsletter_access":"","_jetpack_dont_email_post_to_subs":false,"_jetpack_newsletter_tier_id":0,"_jetpack_memberships_contains_paywalled_content":false,"_jetpack_memberships_contains_paid_content":false,"footnotes":"","jetpack_publicize_message":"","jetpack_publicize_feature_enabled":true,"jetpack_social_post_already_shared":false,"jetpack_social_options":{"image_generator_settings":{"template":"highway","default_image_id":0,"font":"","enabled":false},"version":2}},"categories":[19],"tags":[],"class_list":["post-2432","post","type-post","status-publish","format-standard","has-post-thumbnail","hentry","category-variedades"],"jetpack_publicize_connections":[],"jetpack_featured_media_url":"https:\/\/i0.wp.com\/ismaelcolosi.com.br\/wp-content\/uploads\/2023\/11\/istock-1695544972.jpg?fit=1200%2C638&ssl=1","uagb_featured_image_src":{"full":["https:\/\/i0.wp.com\/ismaelcolosi.com.br\/wp-content\/uploads\/2023\/11\/istock-1695544972.jpg?fit=1200%2C638&ssl=1",1200,638,false],"thumbnail":["https:\/\/i0.wp.com\/ismaelcolosi.com.br\/wp-content\/uploads\/2023\/11\/istock-1695544972.jpg?resize=150%2C150&ssl=1",150,150,true],"medium":["https:\/\/i0.wp.com\/ismaelcolosi.com.br\/wp-content\/uploads\/2023\/11\/istock-1695544972.jpg?fit=300%2C160&ssl=1",300,160,true],"medium_large":["https:\/\/i0.wp.com\/ismaelcolosi.com.br\/wp-content\/uploads\/2023\/11\/istock-1695544972.jpg?fit=768%2C408&ssl=1",768,408,true],"large":["https:\/\/i0.wp.com\/ismaelcolosi.com.br\/wp-content\/uploads\/2023\/11\/istock-1695544972.jpg?fit=1024%2C544&ssl=1",1024,544,true],"1536x1536":["https:\/\/i0.wp.com\/ismaelcolosi.com.br\/wp-content\/uploads\/2023\/11\/istock-1695544972.jpg?fit=1200%2C638&ssl=1",1200,638,true],"2048x2048":["https:\/\/i0.wp.com\/ismaelcolosi.com.br\/wp-content\/uploads\/2023\/11\/istock-1695544972.jpg?fit=1200%2C638&ssl=1",1200,638,true],"really-simple-thumb":["https:\/\/i0.wp.com\/ismaelcolosi.com.br\/wp-content\/uploads\/2023\/11\/istock-1695544972.jpg?resize=370%2C247&ssl=1",370,247,true]},"uagb_author_info":{"display_name":"ismaelcolosi.com.br","author_link":"https:\/\/ismaelcolosi.com.br\/index.php\/author\/vidareal-online\/"},"uagb_comment_info":0,"uagb_excerpt":"Aproveite o feriado para programar sua pr\u00f3xima viagem! A Gol Linhas A\u00e9reas est\u00e1 com uma promo\u00e7\u00e3o rel\u00e2mpago de passagens para destinos nacionais com pre\u00e7os a...","jetpack-related-posts":[{"id":5914,"url":"https:\/\/ismaelcolosi.com.br\/index.php\/2023\/11\/24\/somente-hoje-black-friday-da-latam-tem-passagens-aereas-a-partir-de-r-99\/","url_meta":{"origin":2432,"position":0},"title":"Somente hoje! Black Friday da Latam tem passagens a\u00e9reas a partir de R$ 99","author":"ismaelcolosi.com.br","date":"24 de November de 2023","format":false,"excerpt":"A Black Friday 2023 da Latam\u00a0 est\u00e1 no ar com passagens a\u00e9reas a partir de R$ 99. As ofertas tamb\u00e9m contemplam bilhetes para destinos internacionais, al\u00e9m de at\u00e9 60% de desconto em pacotes de viagem (voo + hotel).A tarifa mais atraente \u00e9 a da oferta rel\u00e2mpago para a ponte a\u00e9rea\u2026","rel":"","context":"In &quot;Variedades&quot;","block_context":{"text":"Variedades","link":"https:\/\/ismaelcolosi.com.br\/index.php\/category\/variedades\/"},"img":{"alt_text":"","src":"https:\/\/i0.wp.com\/ismaelcolosi.com.br\/wp-content\/uploads\/2023\/11\/istock-659139684.jpg?fit=1200%2C638&ssl=1&resize=350%2C200","width":350,"height":200,"srcset":"https:\/\/i0.wp.com\/ismaelcolosi.com.br\/wp-content\/uploads\/2023\/11\/istock-659139684.jpg?fit=1200%2C638&ssl=1&resize=350%2C200 1x, https:\/\/i0.wp.com\/ismaelcolosi.com.br\/wp-content\/uploads\/2023\/11\/istock-659139684.jpg?fit=1200%2C638&ssl=1&resize=525%2C300 1.5x, https:\/\/i0.wp.com\/ismaelcolosi.com.br\/wp-content\/uploads\/2023\/11\/istock-659139684.jpg?fit=1200%2C638&ssl=1&resize=700%2C400 2x, https:\/\/i0.wp.com\/ismaelcolosi.com.br\/wp-content\/uploads\/2023\/11\/istock-659139684.jpg?fit=1200%2C638&ssl=1&resize=1050%2C600 3x"},"classes":[]},{"id":6255,"url":"https:\/\/ismaelcolosi.com.br\/index.php\/2023\/11\/25\/prorrogou-feirao-da-gol-tem-passagens-aereas-a-partir-de-r-11990\/","url_meta":{"origin":2432,"position":1},"title":"Prorrogou! Feir\u00e3o da Gol tem passagens a\u00e9reas a partir de R$ 119,90","author":"ismaelcolosi.com.br","date":"25 de November de 2023","format":false,"excerpt":"A Gol lan\u00e7ou o Feir\u00e3o Orange Friday com passagens para destinos nacionais a partir de R$ 119,90, o trecho com taxa de embarque j\u00e1 inclusa no valor. A promo\u00e7\u00e3o de Black Friday tamb\u00e9m vale para os destinos internacionais operados pela Gol, que t\u00eam pre\u00e7os a partir de R$ 910,90, ida\u2026","rel":"","context":"In &quot;Variedades&quot;","block_context":{"text":"Variedades","link":"https:\/\/ismaelcolosi.com.br\/index.php\/category\/variedades\/"},"img":{"alt_text":"","src":"https:\/\/i0.wp.com\/ismaelcolosi.com.br\/wp-content\/uploads\/2023\/11\/jericoacoara.jpg?fit=1200%2C638&ssl=1&resize=350%2C200","width":350,"height":200,"srcset":"https:\/\/i0.wp.com\/ismaelcolosi.com.br\/wp-content\/uploads\/2023\/11\/jericoacoara.jpg?fit=1200%2C638&ssl=1&resize=350%2C200 1x, https:\/\/i0.wp.com\/ismaelcolosi.com.br\/wp-content\/uploads\/2023\/11\/jericoacoara.jpg?fit=1200%2C638&ssl=1&resize=525%2C300 1.5x, https:\/\/i0.wp.com\/ismaelcolosi.com.br\/wp-content\/uploads\/2023\/11\/jericoacoara.jpg?fit=1200%2C638&ssl=1&resize=700%2C400 2x, https:\/\/i0.wp.com\/ismaelcolosi.com.br\/wp-content\/uploads\/2023\/11\/jericoacoara.jpg?fit=1200%2C638&ssl=1&resize=1050%2C600 3x"},"classes":[]},{"id":18411,"url":"https:\/\/ismaelcolosi.com.br\/index.php\/2023\/12\/20\/azul-gol-e-latam-terao-cotas-de-passagens-por-ate-r-799\/","url_meta":{"origin":2432,"position":2},"title":"Azul, Gol e Latam ter\u00e3o cotas de passagens por at\u00e9 R$ 799","author":"ismaelcolosi.com.br","date":"20 de December de 2023","format":false,"excerpt":"As companhias Azul, Gol e Latam anunciaram o primeiro passo do plano que visa reduzir o valor das passagens a\u00e9reas. Pelo Plano de Universaliza\u00e7\u00e3o do Transporte A\u00e9reo, do Minist\u00e9rio dos Portos e Aeroportos, a tr\u00eas empresas que operam voos dom\u00e9sticos no pa\u00eds ter\u00e3o cotas para passagens com limites de valor\u2026","rel":"","context":"In &quot;Variedades&quot;","block_context":{"text":"Variedades","link":"https:\/\/ismaelcolosi.com.br\/index.php\/category\/variedades\/"},"img":{"alt_text":"","src":"https:\/\/i0.wp.com\/ismaelcolosi.com.br\/wp-content\/uploads\/2023\/12\/passagens-aereas-em-queda.jpg?fit=1200%2C638&ssl=1&resize=350%2C200","width":350,"height":200,"srcset":"https:\/\/i0.wp.com\/ismaelcolosi.com.br\/wp-content\/uploads\/2023\/12\/passagens-aereas-em-queda.jpg?fit=1200%2C638&ssl=1&resize=350%2C200 1x, https:\/\/i0.wp.com\/ismaelcolosi.com.br\/wp-content\/uploads\/2023\/12\/passagens-aereas-em-queda.jpg?fit=1200%2C638&ssl=1&resize=525%2C300 1.5x, https:\/\/i0.wp.com\/ismaelcolosi.com.br\/wp-content\/uploads\/2023\/12\/passagens-aereas-em-queda.jpg?fit=1200%2C638&ssl=1&resize=700%2C400 2x, https:\/\/i0.wp.com\/ismaelcolosi.com.br\/wp-content\/uploads\/2023\/12\/passagens-aereas-em-queda.jpg?fit=1200%2C638&ssl=1&resize=1050%2C600 3x"},"classes":[]},{"id":9066,"url":"https:\/\/ismaelcolosi.com.br\/index.php\/2023\/12\/01\/blablacar-oferece-passagens-de-onibus-a-partir-de-r-8\/","url_meta":{"origin":2432,"position":3},"title":"BlaBlaCar oferece passagens de \u00f4nibus a partir de R$ 8","author":"ismaelcolosi.com.br","date":"1 de December de 2023","format":false,"excerpt":"A plataforma de viagens BlaBlaCar lan\u00e7ou uma promo\u00e7\u00e3o imperd\u00edvel de passagens de \u00f4nibus com pre\u00e7os a partir de R$ 8. A oferta contempla mais de 60 rotas com embarque ou desembarque em Belo Horizonte (MG)A promo\u00e7\u00e3o \u00e9 v\u00e1lida para bilhetes adquiridos no site ou aplicativo at\u00e9 o dia 20 de\u2026","rel":"","context":"In &quot;Variedades&quot;","block_context":{"text":"Variedades","link":"https:\/\/ismaelcolosi.com.br\/index.php\/category\/variedades\/"},"img":{"alt_text":"","src":"https:\/\/i0.wp.com\/ismaelcolosi.com.br\/wp-content\/uploads\/2023\/12\/istock-1166641874.jpg?fit=1200%2C638&ssl=1&resize=350%2C200","width":350,"height":200,"srcset":"https:\/\/i0.wp.com\/ismaelcolosi.com.br\/wp-content\/uploads\/2023\/12\/istock-1166641874.jpg?fit=1200%2C638&ssl=1&resize=350%2C200 1x, https:\/\/i0.wp.com\/ismaelcolosi.com.br\/wp-content\/uploads\/2023\/12\/istock-1166641874.jpg?fit=1200%2C638&ssl=1&resize=525%2C300 1.5x, https:\/\/i0.wp.com\/ismaelcolosi.com.br\/wp-content\/uploads\/2023\/12\/istock-1166641874.jpg?fit=1200%2C638&ssl=1&resize=700%2C400 2x, https:\/\/i0.wp.com\/ismaelcolosi.com.br\/wp-content\/uploads\/2023\/12\/istock-1166641874.jpg?fit=1200%2C638&ssl=1&resize=1050%2C600 3x"},"classes":[]},{"id":20296,"url":"https:\/\/ismaelcolosi.com.br\/index.php\/2023\/12\/24\/flybondi-tem-passagens-para-buenos-aires-a-partir-de-r-455\/","url_meta":{"origin":2432,"position":4},"title":"Flybondi tem passagens para Buenos Aires a partir de R$ 455","author":"ismaelcolosi.com.br","date":"24 de December de 2023","format":false,"excerpt":"Que tal aproveitar o fim de semana para programar a pr\u00f3xima viagem? A companhia low cost Flybondi lan\u00e7ou uma promo\u00e7\u00e3o especial de passagens a\u00e9reas para destinos na Argentina com 25% de desconto, a partir de R$ 455. A oferta vale para compras efetuadas entre 24 de dezembro e 1\u00ba de\u2026","rel":"","context":"In &quot;Variedades&quot;","block_context":{"text":"Variedades","link":"https:\/\/ismaelcolosi.com.br\/index.php\/category\/variedades\/"},"img":{"alt_text":"","src":"https:\/\/i0.wp.com\/ismaelcolosi.com.br\/wp-content\/uploads\/2023\/12\/regras-para-entrar-na-argetina.jpg?fit=1200%2C638&ssl=1&resize=350%2C200","width":350,"height":200,"srcset":"https:\/\/i0.wp.com\/ismaelcolosi.com.br\/wp-content\/uploads\/2023\/12\/regras-para-entrar-na-argetina.jpg?fit=1200%2C638&ssl=1&resize=350%2C200 1x, https:\/\/i0.wp.com\/ismaelcolosi.com.br\/wp-content\/uploads\/2023\/12\/regras-para-entrar-na-argetina.jpg?fit=1200%2C638&ssl=1&resize=525%2C300 1.5x, https:\/\/i0.wp.com\/ismaelcolosi.com.br\/wp-content\/uploads\/2023\/12\/regras-para-entrar-na-argetina.jpg?fit=1200%2C638&ssl=1&resize=700%2C400 2x, https:\/\/i0.wp.com\/ismaelcolosi.com.br\/wp-content\/uploads\/2023\/12\/regras-para-entrar-na-argetina.jpg?fit=1200%2C638&ssl=1&resize=1050%2C600 3x"},"classes":[]},{"id":17862,"url":"https:\/\/ismaelcolosi.com.br\/index.php\/2023\/12\/19\/companhias-aereas-anunciam-plano-com-passagens-a-r-799-em-2024\/","url_meta":{"origin":2432,"position":5},"title":"Companhias a\u00e9reas anunciam plano com passagens a R$ 799 em 2024 \u2013 Folha de Ribeir\u00e3o","author":"ismaelcolosi.com.br","date":"19 de December de 2023","format":false,"excerpt":"As tr\u00eas maiores companhias a\u00e9reas do Brasil \u2013\u00a0Azul, Gol\u00a0e a Latam \u2013\u00a0anunciaram, nesta segunda-feira (18), em Bras\u00edlia, oferta passagens entre R$ 699 e R$ 799 por trecho viajado em 2024.\u00a0Juntas, ir\u00e3o disponibilizar mais de 25 milh\u00f5es de bilhetes a\u00e9reos. A medida faz parte da primeira etapa do Programa de Universaliza\u00e7\u00e3o\u2026","rel":"","context":"In &quot;Not\u00edcias de Ribeir\u00e3o Preto-SP e Regi\u00e3o&quot;","block_context":{"text":"Not\u00edcias de Ribeir\u00e3o Preto-SP e Regi\u00e3o","link":"https:\/\/ismaelcolosi.com.br\/index.php\/category\/noticias-de-ribeirao-preto-sp-e-regiao-ismael-colosi\/"},"img":{"alt_text":"Bras\u00edlia (DF), 18\/12\/2023, O CEO da Gol linha a\u00e9reas, Celso Ferrer, o diretor-presidente substituto da Ag\u00eancia Nacional de Avia\u00e7\u00e3o Civil, Tiago Pereira, o ministro de Portos e Aeroportos, Silvio Costa Filho, o secret\u00e1rio nacional de avia\u00e7\u00e3o civil do minist\u00e9rio de portos e aeroportos, Juliano Noman, durante entrevista coletiva para apresentar e detalhar as medidas da primeira etapa do plano de universaliza\u00e7\u00e3o do transporte a\u00e9reo.  Foto: Jose Cruz\/Ag\u00eancia Brasil","src":"https:\/\/i0.wp.com\/imagens.ebc.com.br\/wUqoTgP2NIfaHKnPj7cuBHq_pN4%3D\/463x0\/smart\/https%3A\/\/agenciabrasil.ebc.com.br\/sites\/default\/files\/thumbnails\/image\/124a4658.jpg?resize=350%2C200&ssl=1","width":350,"height":200,"srcset":"https:\/\/i0.wp.com\/imagens.ebc.com.br\/wUqoTgP2NIfaHKnPj7cuBHq_pN4%3D\/463x0\/smart\/https%3A\/\/agenciabrasil.ebc.com.br\/sites\/default\/files\/thumbnails\/image\/124a4658.jpg?resize=350%2C200&ssl=1 1x, https:\/\/i0.wp.com\/imagens.ebc.com.br\/wUqoTgP2NIfaHKnPj7cuBHq_pN4%3D\/463x0\/smart\/https%3A\/\/agenciabrasil.ebc.com.br\/sites\/default\/files\/thumbnails\/image\/124a4658.jpg?resize=525%2C300&ssl=1 1.5x, https:\/\/i0.wp.com\/imagens.ebc.com.br\/wUqoTgP2NIfaHKnPj7cuBHq_pN4%3D\/463x0\/smart\/https%3A\/\/agenciabrasil.ebc.com.br\/sites\/default\/files\/thumbnails\/image\/124a4658.jpg?resize=700%2C400&ssl=1 2x, https:\/\/i0.wp.com\/imagens.ebc.com.br\/wUqoTgP2NIfaHKnPj7cuBHq_pN4%3D\/463x0\/smart\/https%3A\/\/agenciabrasil.ebc.com.br\/sites\/default\/files\/thumbnails\/image\/124a4658.jpg?resize=1050%2C600&ssl=1 3x"},"classes":[]}],"jetpack_sharing_enabled":true,"jetpack_shortlink":"https:\/\/wp.me\/pfMlyK-De","_links":{"self":[{"href":"https:\/\/ismaelcolosi.com.br\/index.php\/wp-json\/wp\/v2\/posts\/2432","targetHints":{"allow":["GET"]}}],"collection":[{"href":"https:\/\/ismaelcolosi.com.br\/index.php\/wp-json\/wp\/v2\/posts"}],"about":[{"href":"https:\/\/ismaelcolosi.com.br\/index.php\/wp-json\/wp\/v2\/types\/post"}],"author":[{"embeddable":true,"href":"https:\/\/ismaelcolosi.com.br\/index.php\/wp-json\/wp\/v2\/users\/1"}],"replies":[{"embeddable":true,"href":"https:\/\/ismaelcolosi.com.br\/index.php\/wp-json\/wp\/v2\/comments?post=2432"}],"version-history":[{"count":0,"href":"https:\/\/ismaelcolosi.com.br\/index.php\/wp-json\/wp\/v2\/posts\/2432\/revisions"}],"wp:featuredmedia":[{"embeddable":true,"href":"https:\/\/ismaelcolosi.com.br\/index.php\/wp-json\/wp\/v2\/media\/2433"}],"wp:attachment":[{"href":"https:\/\/ismaelcolosi.com.br\/index.php\/wp-json\/wp\/v2\/media?parent=2432"}],"wp:term":[{"taxonomy":"category","embeddable":true,"href":"https:\/\/ismaelcolosi.com.br\/index.php\/wp-json\/wp\/v2\/categories?post=2432"},{"taxonomy":"post_tag","embeddable":true,"href":"https:\/\/ismaelcolosi.com.br\/index.php\/wp-json\/wp\/v2\/tags?post=2432"}],"curies":[{"name":"wp","href":"https:\/\/api.w.org\/{rel}","templated":true}]}}