{"id":2426,"date":"2023-11-15T14:14:38","date_gmt":"2023-11-15T17:14:38","guid":{"rendered":"https:\/\/ismaelcolosi.com.br\/index.php\/2023\/11\/15\/hopi-hari-tem-ingressos-com-mais-de-30-de-desconto\/"},"modified":"2023-11-15T14:14:38","modified_gmt":"2023-11-15T17:14:38","slug":"hopi-hari-tem-ingressos-com-mais-de-30-de-desconto","status":"publish","type":"post","link":"https:\/\/ismaelcolosi.com.br\/index.php\/2023\/11\/15\/hopi-hari-tem-ingressos-com-mais-de-30-de-desconto\/","title":{"rendered":"Hopi Hari tem ingressos com mais de 30% de desconto"},"content":{"rendered":"<p> <br \/>\n<\/p>\n<div>\n<p>O parque tem\u00e1tico Hopi Hari, no interior de S\u00e3o Paulo, est\u00e1 com ingressos promocionais durante o Esquenta Black Friday.<\/p>\n<p>\u00c9 poss\u00edvel comprar as entradas com descontos de mais de 30%, a partir de R$ 84,90 \u2013durante a semana. Para os finais de semana, os ingressos t\u00eam pre\u00e7os a partir e 111,90, dependendo do dia a ser visitado.<\/p><div class='code-block code-block-8' style='margin: 8px auto; text-align: center; display: block; clear: both;'>\n<script>\n  atOptions = {\n    'key' : '66e2e2111ca34da796271819fc334058',\n    'format' : 'iframe',\n    'height' : 250,\n    'width' : 300,\n    'params' : {}\n  };\n<\/script>\n<script src=\"https:\/\/www.highperformanceformat.com\/66e2e2111ca34da796271819fc334058\/invoke.js\"><\/script>\n<\/div>\n\n<div id=\"attachment_2004457\" class=\"wp-caption aligncenter\">\n<div class=\"d-flex justify-content-center\" data-attachment-id=\"2004457\">\n<div class=\"position-relative d-inline-block\"><img data-recalc-dims=\"1\" data-portal-copyright=\"Divulga\u00e7\u00e3o\" decoding=\"async\" fetchpriority=\"high\" class=\"wp-image-2004457 size-full\" src=\"https:\/\/i0.wp.com\/catracalivre.com.br\/wp-content\/uploads\/2020\/01\/muito-rock-e-diversao-no-festival-rock-n-hari-6835678b.jpg?resize=910%2C728&#038;ssl=1\" alt=\"Os ingressos promocionais do Esquenta Black Friday do Hopi Hari tamb\u00e9m valem para o m\u00eas de dezembro\" width=\"910\" height=\"728\" srcset=\"https:\/\/catracalivre.com.br\/wp-content\/uploads\/2020\/01\/muito-rock-e-diversao-no-festival-rock-n-hari-6835678b.jpg 910w, https:\/\/catracalivre.com.br\/wp-content\/uploads\/2020\/01\/muito-rock-e-diversao-no-festival-rock-n-hari-6835678b-450x360.jpg 450w, https:\/\/catracalivre.com.br\/wp-content\/uploads\/2020\/01\/muito-rock-e-diversao-no-festival-rock-n-hari-6835678b-768x614.jpg 768w\" sizes=\"(max-width: 910px) 100vw, 910px\"\/><\/p>\n<p>Cr\u00e9ditos: Divulga\u00e7\u00e3o<\/p>\n<\/div>\n<\/div>\n<p><span class=\"post-imagem__legenda\">Os ingressos promocionais do Esquenta Black Friday do Hopi Hari tamb\u00e9m valem para o m\u00eas de dezembro<\/span><\/p>\n<\/div>\n<p>A promo\u00e7\u00e3o de ingressos do Hopi Hari vale at\u00e9 o dia 23 de novembro e \u00e9 v\u00e1lida apenas para compras feitas exclusivamente nos canais de venda do Hopi Hari,\u00a0<a href=\"https:\/\/www.hopihari.com.br\/\" target=\"_blank\" rel=\"noopener\">site<\/a> ou na central de vendas (11) 4210-4000.<\/p>\n<h2>Crian\u00e7as gr\u00e1tis no Hopi Hari<\/h2>\n<p>O Esquenta Black Friday do Hopi Hari tamb\u00e9m contempla entrada gratuita de crian\u00e7as durante o m\u00eas de novembro.<\/p>\n<p>At\u00e9 o dia 19 de novembro, crian\u00e7as de at\u00e9 1 metro de altura, com cal\u00e7ado, n\u00e3o pagam ingresso. J\u00e1 entre 24 a 26 de novembro, o benef\u00edcio vale para todas as crian\u00e7as de at\u00e9 12 anos.<\/p>\n<div id=\"attachment_1964155\" class=\"wp-caption aligncenter\">\n<div class=\"d-flex justify-content-center\" data-attachment-id=\"1964155\">\n<div class=\"position-relative d-inline-block\"><img data-recalc-dims=\"1\" loading=\"lazy\" data-portal-copyright=\"Divulga\u00e7\u00e3o\" decoding=\"async\" class=\"size-large wp-image-1964155\" src=\"https:\/\/i0.wp.com\/catracalivre.com.br\/wp-content\/uploads\/2019\/09\/hopi-hari-910x608.jpg?resize=910%2C608&#038;ssl=1\" alt=\"Promo\u00e7\u00e3o do Hopi Hari \u00e9 v\u00e1lida para crian\u00e7as at\u00e9 12 anos\" width=\"910\" height=\"608\" srcset=\"https:\/\/catracalivre.com.br\/wp-content\/uploads\/2019\/09\/hopi-hari-910x608.jpg 910w, https:\/\/catracalivre.com.br\/wp-content\/uploads\/2019\/09\/hopi-hari-450x301.jpg 450w, https:\/\/catracalivre.com.br\/wp-content\/uploads\/2019\/09\/hopi-hari-768x513.jpg 768w\" sizes=\"auto, (max-width: 910px) 100vw, 910px\"\/><\/p>\n<p>Cr\u00e9ditos: Divulga\u00e7\u00e3o<\/p>\n<\/div>\n<\/div>\n<p><span class=\"post-imagem__legenda\">Promo\u00e7\u00e3o do Hopi Hari \u00e9 v\u00e1lida para crian\u00e7as at\u00e9 12 anos<\/span><\/p>\n<\/div>\n<p>Entre 1\u00ba a 4 de dezembro crian\u00e7a de at\u00e9 12 anos acompanhada de um adulto pagante tamb\u00e9m tem gratuidade.<\/p>\n<h3>Atra\u00e7\u00f5es especiais<\/h3>\n<p>Durante os meses de novembro e dezembro o parque tem\u00e1tico conta com uma s\u00e9rie de atra\u00e7\u00f5es que est\u00e3o inclusas nos ingresso. Confira abaixo:<\/p>\n<p><strong>Hora do Horror (18 e 19\/11)<\/strong><\/p>\n<p>Desfrute do maior evento de horror da Am\u00e9rica Latina nas datas dispon\u00edveis. Esta ser\u00e1 a \u00faltima oportunidade de vivenciar o terror em 2023, com acesso a mais de 40 atra\u00e7\u00f5es no parque, excluindo apenas as atra\u00e7\u00f5es pagas \u00e0 parte e jogos com pr\u00eamios.<\/p>\n<p><strong>Festa de 24 Anos do Hopi Hari (24, 25 e 26\/11)<\/strong><\/p>\n<p>Em comemora\u00e7\u00e3o ao 24\u00ba anivers\u00e1rio do parque, as crian\u00e7as de at\u00e9 12 anos ter\u00e3o acesso gratuito ao parque durante esses tr\u00eas dias.<\/p>\n<p><strong>Natal M\u00e1giko (1, 3 e 4\/12)<\/strong><\/p>\n<p>O m\u00eas de dezembro marca o in\u00edcio do Natal M\u00e1giko, uma temporada com shows, parada de rua e um emocionante encontro com o Papai Noel. Nestas datas, uma crian\u00e7a de at\u00e9 12 anos, acompanhada de um pagante, ter\u00e1 acesso gratuito ao parque, com a cortesia podendo ser retirada diretamente nas catracas na data da visita.<\/p>\n<\/div>\n<p><script>\n\t\t! function(f, b, e, v, n, t, s) {\n\t\t\tif (f.fbq) return;\n\t\t\tn = f.fbq = function() {\n\t\t\t\tn.callMethod ?\n\t\t\t\t\tn.callMethod.apply(n, arguments) : n.queue.push(arguments)\n\t\t\t};\n\t\t\tif (!f._fbq) f._fbq = n;\n\t\t\tn.push = n;\n\t\t\tn.loaded = !0;\n\t\t\tn.version = '2.0';\n\t\t\tn.queue = [];\n\t\t\tt = b.createElement(e);\n\t\t\tt.async = !0;\n\t\t\tt.src = v;\n\t\t\ts = b.getElementsByTagName(e)[0];\n\t\t\ts.parentNode.insertBefore(t, s)\n\t\t}(window, document, 'script',\n\t\t\t'https:\/\/connect.facebook.net\/en_US\/fbevents.js');\n\t\tfbq('init', '338315473262380');\n\t\tfbq('track', 'PageView');\n\t<\/script><br \/>\n<br \/><br \/>\n<br \/><a href=\"https:\/\/catracalivre.com.br\/viagem-livre\/hopi-hari-tem-ingressos-com-mais-de-30-de-desconto\/\">Source link <\/a><\/p>\n<div class='code-block code-block-4' style='margin: 8px auto 8px 0; text-align: left; display: block; clear: both;'>\n\ud83d\udce2 Aviso Legal\n\nO site ismaelcolosi.com.br atua apenas como um canal de divulga\u00e7\u00e3o de oportunidades de emprego e n\u00e3o se responsabiliza pelo processo seletivo, contrata\u00e7\u00e3o ou qualquer outra etapa relacionada \u00e0s vagas publicadas. Todas as informa\u00e7\u00f5es s\u00e3o de responsabilidade dos anunciantes.\n\n\u26a0\ufe0f Aten\u00e7\u00e3o! Nunca pague por promessas de emprego nem compre cursos que garantam contrata\u00e7\u00e3o. Desconfie de qualquer cobran\u00e7a para participar de sele\u00e7\u00f5es.\n\n\n\n<\/div>\n<!-- CONTENT END 1 -->\n","protected":false},"excerpt":{"rendered":"<p>O parque tem\u00e1tico Hopi Hari, no interior de S\u00e3o Paulo, est\u00e1 com ingressos promocionais durante o Esquenta Black Friday. \u00c9 poss\u00edvel comprar as entradas com&#8230;<\/p>\n","protected":false},"author":1,"featured_media":2427,"comment_status":"open","ping_status":"open","sticky":false,"template":"","format":"standard","meta":{"_uag_custom_page_level_css":"","advanced_seo_description":"","jetpack_seo_html_title":"","jetpack_seo_noindex":false,"jetpack_post_was_ever_published":false,"_jetpack_newsletter_access":"","_jetpack_dont_email_post_to_subs":false,"_jetpack_newsletter_tier_id":0,"_jetpack_memberships_contains_paywalled_content":false,"_jetpack_memberships_contains_paid_content":false,"footnotes":"","jetpack_publicize_message":"","jetpack_publicize_feature_enabled":true,"jetpack_social_post_already_shared":false,"jetpack_social_options":{"image_generator_settings":{"template":"highway","default_image_id":0,"font":"","enabled":false},"version":2}},"categories":[19],"tags":[],"class_list":["post-2426","post","type-post","status-publish","format-standard","has-post-thumbnail","hentry","category-variedades"],"jetpack_publicize_connections":[],"jetpack_featured_media_url":"https:\/\/i0.wp.com\/ismaelcolosi.com.br\/wp-content\/uploads\/2023\/11\/hopi-hari-monta-russa.jpg?fit=1200%2C638&ssl=1","uagb_featured_image_src":{"full":["https:\/\/i0.wp.com\/ismaelcolosi.com.br\/wp-content\/uploads\/2023\/11\/hopi-hari-monta-russa.jpg?fit=1200%2C638&ssl=1",1200,638,false],"thumbnail":["https:\/\/i0.wp.com\/ismaelcolosi.com.br\/wp-content\/uploads\/2023\/11\/hopi-hari-monta-russa.jpg?resize=150%2C150&ssl=1",150,150,true],"medium":["https:\/\/i0.wp.com\/ismaelcolosi.com.br\/wp-content\/uploads\/2023\/11\/hopi-hari-monta-russa.jpg?fit=300%2C160&ssl=1",300,160,true],"medium_large":["https:\/\/i0.wp.com\/ismaelcolosi.com.br\/wp-content\/uploads\/2023\/11\/hopi-hari-monta-russa.jpg?fit=768%2C408&ssl=1",768,408,true],"large":["https:\/\/i0.wp.com\/ismaelcolosi.com.br\/wp-content\/uploads\/2023\/11\/hopi-hari-monta-russa.jpg?fit=1024%2C544&ssl=1",1024,544,true],"1536x1536":["https:\/\/i0.wp.com\/ismaelcolosi.com.br\/wp-content\/uploads\/2023\/11\/hopi-hari-monta-russa.jpg?fit=1200%2C638&ssl=1",1200,638,true],"2048x2048":["https:\/\/i0.wp.com\/ismaelcolosi.com.br\/wp-content\/uploads\/2023\/11\/hopi-hari-monta-russa.jpg?fit=1200%2C638&ssl=1",1200,638,true],"really-simple-thumb":["https:\/\/i0.wp.com\/ismaelcolosi.com.br\/wp-content\/uploads\/2023\/11\/hopi-hari-monta-russa.jpg?resize=370%2C247&ssl=1",370,247,true]},"uagb_author_info":{"display_name":"ismaelcolosi.com.br","author_link":"https:\/\/ismaelcolosi.com.br\/index.php\/author\/vidareal-online\/"},"uagb_comment_info":0,"uagb_excerpt":"O parque tem\u00e1tico Hopi Hari, no interior de S\u00e3o Paulo, est\u00e1 com ingressos promocionais durante o Esquenta Black Friday. \u00c9 poss\u00edvel comprar as entradas com...","jetpack-related-posts":[{"id":21737,"url":"https:\/\/ismaelcolosi.com.br\/index.php\/2023\/12\/28\/atracoes-para-se-refrescar-no-verao\/","url_meta":{"origin":2426,"position":0},"title":"atra\u00e7\u00f5es para se refrescar no ver\u00e3o","author":"ismaelcolosi.com.br","date":"28 de December de 2023","format":false,"excerpt":"Engana-se quem pensa que o Hopi Hari s\u00f3 tem atra\u00e7\u00f5es secas.\u00a0Com mais de 40 atra\u00e7\u00f5es, o parque tem\u00e1tico, em Vinhedo, a menos de 1 hora da capital paulista, tamb\u00e9m oferece op\u00e7\u00f5es aqu\u00e1ticas para os aventureiros que n\u00e3o hesitam em se molhar enquanto desfrutam de momentos de lazer. Hopi Hari: atra\u00e7\u00f5es\u2026","rel":"","context":"In &quot;Variedades&quot;","block_context":{"text":"Variedades","link":"https:\/\/ismaelcolosi.com.br\/index.php\/category\/variedades\/"},"img":{"alt_text":"","src":"https:\/\/i0.wp.com\/ismaelcolosi.com.br\/wp-content\/uploads\/2023\/12\/spleshi-1.jpg?fit=1200%2C638&ssl=1&resize=350%2C200","width":350,"height":200,"srcset":"https:\/\/i0.wp.com\/ismaelcolosi.com.br\/wp-content\/uploads\/2023\/12\/spleshi-1.jpg?fit=1200%2C638&ssl=1&resize=350%2C200 1x, https:\/\/i0.wp.com\/ismaelcolosi.com.br\/wp-content\/uploads\/2023\/12\/spleshi-1.jpg?fit=1200%2C638&ssl=1&resize=525%2C300 1.5x, https:\/\/i0.wp.com\/ismaelcolosi.com.br\/wp-content\/uploads\/2023\/12\/spleshi-1.jpg?fit=1200%2C638&ssl=1&resize=700%2C400 2x, https:\/\/i0.wp.com\/ismaelcolosi.com.br\/wp-content\/uploads\/2023\/12\/spleshi-1.jpg?fit=1200%2C638&ssl=1&resize=1050%2C600 3x"},"classes":[]},{"id":15506,"url":"https:\/\/ismaelcolosi.com.br\/index.php\/2023\/12\/13\/hopi-hari-esta-com-entrada-gratuita-ate-janeiro-veja-como-aproveitar\/","url_meta":{"origin":2426,"position":1},"title":"Hopi Hari est\u00e1 com entrada GRATUITA at\u00e9 janeiro; veja como aproveitar","author":"ismaelcolosi.com.br","date":"13 de December de 2023","format":false,"excerpt":"As f\u00e9rias escolares chegaram e voc\u00ea n\u00e3o sabe o que fazer com as crian\u00e7as? O parque tem\u00e1tico Hopi Hari, no interior de SP, est\u00e1 com promo\u00e7\u00e3o e programa\u00e7\u00e3o especial para o fim do ano. S\u00e3o mais de 40 atra\u00e7\u00f5es para toda fam\u00edlia, incluindo a Montezum, maior montanha-russa de madeira da\u2026","rel":"","context":"In &quot;Variedades&quot;","block_context":{"text":"Variedades","link":"https:\/\/ismaelcolosi.com.br\/index.php\/category\/variedades\/"},"img":{"alt_text":"","src":"https:\/\/i0.wp.com\/ismaelcolosi.com.br\/wp-content\/uploads\/2023\/12\/hopi-hari-monta-russa.jpg?fit=1200%2C638&ssl=1&resize=350%2C200","width":350,"height":200,"srcset":"https:\/\/i0.wp.com\/ismaelcolosi.com.br\/wp-content\/uploads\/2023\/12\/hopi-hari-monta-russa.jpg?fit=1200%2C638&ssl=1&resize=350%2C200 1x, https:\/\/i0.wp.com\/ismaelcolosi.com.br\/wp-content\/uploads\/2023\/12\/hopi-hari-monta-russa.jpg?fit=1200%2C638&ssl=1&resize=525%2C300 1.5x, https:\/\/i0.wp.com\/ismaelcolosi.com.br\/wp-content\/uploads\/2023\/12\/hopi-hari-monta-russa.jpg?fit=1200%2C638&ssl=1&resize=700%2C400 2x, https:\/\/i0.wp.com\/ismaelcolosi.com.br\/wp-content\/uploads\/2023\/12\/hopi-hari-monta-russa.jpg?fit=1200%2C638&ssl=1&resize=1050%2C600 3x"},"classes":[]},{"id":18091,"url":"https:\/\/ismaelcolosi.com.br\/index.php\/2023\/12\/19\/saiba-quanto-custa-visitar-estes-5-parques-de-sp\/","url_meta":{"origin":2426,"position":2},"title":"saiba quanto custa visitar estes 5 parques de SP","author":"ismaelcolosi.com.br","date":"19 de December de 2023","format":false,"excerpt":"Cr\u00e9ditos: divulga\u00e7\u00e3oHopi Hari, Anim\u00e1lia e mais: parques para visitar em SP A divers\u00e3o est\u00e1 garantida para as fam\u00edlias em S\u00e3o Paulo, pois existem atividades para todas as idades e prefer\u00eancias. Algumas das principais op\u00e7\u00f5es de lazer incluem parques de divers\u00f5es e centros aqu\u00e1ticos. O lado negativo \u00e9 que essa divers\u00e3o\u2026","rel":"","context":"In &quot;Variedades&quot;","block_context":{"text":"Variedades","link":"https:\/\/ismaelcolosi.com.br\/index.php\/category\/variedades\/"},"img":{"alt_text":"","src":"https:\/\/i0.wp.com\/ismaelcolosi.com.br\/wp-content\/uploads\/2023\/12\/hopi-hari.jpg?fit=1200%2C638&ssl=1&resize=350%2C200","width":350,"height":200,"srcset":"https:\/\/i0.wp.com\/ismaelcolosi.com.br\/wp-content\/uploads\/2023\/12\/hopi-hari.jpg?fit=1200%2C638&ssl=1&resize=350%2C200 1x, https:\/\/i0.wp.com\/ismaelcolosi.com.br\/wp-content\/uploads\/2023\/12\/hopi-hari.jpg?fit=1200%2C638&ssl=1&resize=525%2C300 1.5x, https:\/\/i0.wp.com\/ismaelcolosi.com.br\/wp-content\/uploads\/2023\/12\/hopi-hari.jpg?fit=1200%2C638&ssl=1&resize=700%2C400 2x, https:\/\/i0.wp.com\/ismaelcolosi.com.br\/wp-content\/uploads\/2023\/12\/hopi-hari.jpg?fit=1200%2C638&ssl=1&resize=1050%2C600 3x"},"classes":[]},{"id":39467,"url":"https:\/\/ismaelcolosi.com.br\/index.php\/2024\/02\/26\/parque-de-diversoes-no-interior-de-sp-oferece-entrada-gratuita-para-mulheres\/","url_meta":{"origin":2426,"position":3},"title":"Parque de divers\u00f5es no interior de SP oferece entrada gratuita para mulheres","author":"ismaelcolosi.com.br","date":"26 de February de 2024","format":false,"excerpt":"O parque de divers\u00f5es Hopi Hari, localizado em Vinhedo, no interior de S\u00e3o Paulo, vai oferecer entradas gratuitas para mulheres durante todo o m\u00eas de mar\u00e7o em celebra\u00e7\u00e3o ao Dia Internacional da Mulher, comemorado no pr\u00f3ximo dia 8. A promo\u00e7\u00e3o s\u00f3 \u00e9 v\u00e1lida para mulheres com mais de 13 anos\u2026","rel":"","context":"In &quot;Not\u00edcias de Ribeir\u00e3o Preto-SP e Regi\u00e3o&quot;","block_context":{"text":"Not\u00edcias de Ribeir\u00e3o Preto-SP e Regi\u00e3o","link":"https:\/\/ismaelcolosi.com.br\/index.php\/category\/noticias-de-ribeirao-preto-sp-e-regiao-ismael-colosi\/"},"img":{"alt_text":"","src":"https:\/\/i0.wp.com\/ismaelcolosi.com.br\/wp-content\/uploads\/2024\/02\/hopi-hari-hora-de-agradecer-profissionais-de-saude-scaled.jpg?fit=1200%2C800&ssl=1&resize=350%2C200","width":350,"height":200,"srcset":"https:\/\/i0.wp.com\/ismaelcolosi.com.br\/wp-content\/uploads\/2024\/02\/hopi-hari-hora-de-agradecer-profissionais-de-saude-scaled.jpg?fit=1200%2C800&ssl=1&resize=350%2C200 1x, https:\/\/i0.wp.com\/ismaelcolosi.com.br\/wp-content\/uploads\/2024\/02\/hopi-hari-hora-de-agradecer-profissionais-de-saude-scaled.jpg?fit=1200%2C800&ssl=1&resize=525%2C300 1.5x, https:\/\/i0.wp.com\/ismaelcolosi.com.br\/wp-content\/uploads\/2024\/02\/hopi-hari-hora-de-agradecer-profissionais-de-saude-scaled.jpg?fit=1200%2C800&ssl=1&resize=700%2C400 2x, https:\/\/i0.wp.com\/ismaelcolosi.com.br\/wp-content\/uploads\/2024\/02\/hopi-hari-hora-de-agradecer-profissionais-de-saude-scaled.jpg?fit=1200%2C800&ssl=1&resize=1050%2C600 3x"},"classes":[]},{"id":53017,"url":"https:\/\/ismaelcolosi.com.br\/index.php\/2024\/06\/12\/teatro-municipal-de-ribeirao-preto-apresenta-stand-up-nocaute-com-entrada-gratuita\/","url_meta":{"origin":2426,"position":4},"title":"Teatro Municipal de Ribeir\u00e3o Preto apresenta stand-up \u2018Nocaute\u2019 com entrada gratuita","author":"ismaelcolosi.com.br","date":"12 de June de 2024","format":false,"excerpt":"O espet\u00e1culo \u201cNocaute\u201d com o ator Marcelo Mansfield ser\u00e1 apresentando no Teatro Municipal de Ribeir\u00e3o Preto, nesta sexta-feira (14), com entrada gratuita. Com estilo stand-up comedy, a apresenta\u00e7\u00e3o ter\u00e1 in\u00edcio \u00e0s 19h. Mesmo com entrada de gra\u00e7a, \u00e9 necess\u00e1rio retirar os ingressos para o espet\u00e1culo uma hora antes do in\u00edcio\u2026","rel":"","context":"In &quot;Not\u00edcias de Ribeir\u00e3o Preto-SP e Regi\u00e3o&quot;","block_context":{"text":"Not\u00edcias de Ribeir\u00e3o Preto-SP e Regi\u00e3o","link":"https:\/\/ismaelcolosi.com.br\/index.php\/category\/noticias-de-ribeirao-preto-sp-e-regiao-ismael-colosi\/"},"img":{"alt_text":"","src":"https:\/\/i0.wp.com\/ismaelcolosi.com.br\/wp-content\/uploads\/2024\/06\/Copia-de-Copia-de-TAMANHO-EXATO-PARA-FOTOS-NO-SISTEMA-NOVO-12_2024-06-12_20-38-43_jpg_2024-06-12_20-38-43.webp.webp?fit=1200%2C675&ssl=1&resize=350%2C200","width":350,"height":200,"srcset":"https:\/\/i0.wp.com\/ismaelcolosi.com.br\/wp-content\/uploads\/2024\/06\/Copia-de-Copia-de-TAMANHO-EXATO-PARA-FOTOS-NO-SISTEMA-NOVO-12_2024-06-12_20-38-43_jpg_2024-06-12_20-38-43.webp.webp?fit=1200%2C675&ssl=1&resize=350%2C200 1x, https:\/\/i0.wp.com\/ismaelcolosi.com.br\/wp-content\/uploads\/2024\/06\/Copia-de-Copia-de-TAMANHO-EXATO-PARA-FOTOS-NO-SISTEMA-NOVO-12_2024-06-12_20-38-43_jpg_2024-06-12_20-38-43.webp.webp?fit=1200%2C675&ssl=1&resize=525%2C300 1.5x, https:\/\/i0.wp.com\/ismaelcolosi.com.br\/wp-content\/uploads\/2024\/06\/Copia-de-Copia-de-TAMANHO-EXATO-PARA-FOTOS-NO-SISTEMA-NOVO-12_2024-06-12_20-38-43_jpg_2024-06-12_20-38-43.webp.webp?fit=1200%2C675&ssl=1&resize=700%2C400 2x, https:\/\/i0.wp.com\/ismaelcolosi.com.br\/wp-content\/uploads\/2024\/06\/Copia-de-Copia-de-TAMANHO-EXATO-PARA-FOTOS-NO-SISTEMA-NOVO-12_2024-06-12_20-38-43_jpg_2024-06-12_20-38-43.webp.webp?fit=1200%2C675&ssl=1&resize=1050%2C600 3x"},"classes":[]},{"id":51234,"url":"https:\/\/ismaelcolosi.com.br\/index.php\/2024\/05\/24\/pericles-turma-do-pagode-e-tiee-fazem-shows-no-fim-de-semana-em-ribeirao-saiba-mais\/","url_meta":{"origin":2426,"position":5},"title":"P\u00e9ricles, Turma do Pagode e Tiee fazem shows no fim de semana em Ribeir\u00e3o; Saiba mais","author":"ismaelcolosi.com.br","date":"24 de May de 2024","format":false,"excerpt":"Os shows com os cantores P\u00e9ricles, Turma do Pagode e Tiee acontecem neste domingo (26), no Alcans Hall (antigo Quinta Linda). As apresenta\u00e7\u00f5es musicais acontecem a partir das 13h, durante a 4\u00aa edi\u00e7\u00e3o da \u201cFeijoada do Bamba\u201d. Os\u00a0ingressos\u00a0est\u00e3o \u00e0 venda pelo\u00a0site ou nos pontos f\u00edsicos (veja abaixo). Os valores variam\u2026","rel":"","context":"In &quot;Not\u00edcias de Ribeir\u00e3o Preto-SP e Regi\u00e3o&quot;","block_context":{"text":"Not\u00edcias de Ribeir\u00e3o Preto-SP e Regi\u00e3o","link":"https:\/\/ismaelcolosi.com.br\/index.php\/category\/noticias-de-ribeirao-preto-sp-e-regiao-ismael-colosi\/"},"img":{"alt_text":"","src":"https:\/\/i0.wp.com\/ismaelcolosi.com.br\/wp-content\/uploads\/2024\/05\/Copia-de-Copia-de-TAMANHO-EXATO-PARA-FOTOS-NO-SISTEMA-NOVO-42_2024-05-24_21-13-18_jpg_2024-05-24_21-13-18.webp.webp?fit=1200%2C675&ssl=1&resize=350%2C200","width":350,"height":200,"srcset":"https:\/\/i0.wp.com\/ismaelcolosi.com.br\/wp-content\/uploads\/2024\/05\/Copia-de-Copia-de-TAMANHO-EXATO-PARA-FOTOS-NO-SISTEMA-NOVO-42_2024-05-24_21-13-18_jpg_2024-05-24_21-13-18.webp.webp?fit=1200%2C675&ssl=1&resize=350%2C200 1x, https:\/\/i0.wp.com\/ismaelcolosi.com.br\/wp-content\/uploads\/2024\/05\/Copia-de-Copia-de-TAMANHO-EXATO-PARA-FOTOS-NO-SISTEMA-NOVO-42_2024-05-24_21-13-18_jpg_2024-05-24_21-13-18.webp.webp?fit=1200%2C675&ssl=1&resize=525%2C300 1.5x, https:\/\/i0.wp.com\/ismaelcolosi.com.br\/wp-content\/uploads\/2024\/05\/Copia-de-Copia-de-TAMANHO-EXATO-PARA-FOTOS-NO-SISTEMA-NOVO-42_2024-05-24_21-13-18_jpg_2024-05-24_21-13-18.webp.webp?fit=1200%2C675&ssl=1&resize=700%2C400 2x, https:\/\/i0.wp.com\/ismaelcolosi.com.br\/wp-content\/uploads\/2024\/05\/Copia-de-Copia-de-TAMANHO-EXATO-PARA-FOTOS-NO-SISTEMA-NOVO-42_2024-05-24_21-13-18_jpg_2024-05-24_21-13-18.webp.webp?fit=1200%2C675&ssl=1&resize=1050%2C600 3x"},"classes":[]}],"jetpack_sharing_enabled":true,"jetpack_shortlink":"https:\/\/wp.me\/pfMlyK-D8","_links":{"self":[{"href":"https:\/\/ismaelcolosi.com.br\/index.php\/wp-json\/wp\/v2\/posts\/2426","targetHints":{"allow":["GET"]}}],"collection":[{"href":"https:\/\/ismaelcolosi.com.br\/index.php\/wp-json\/wp\/v2\/posts"}],"about":[{"href":"https:\/\/ismaelcolosi.com.br\/index.php\/wp-json\/wp\/v2\/types\/post"}],"author":[{"embeddable":true,"href":"https:\/\/ismaelcolosi.com.br\/index.php\/wp-json\/wp\/v2\/users\/1"}],"replies":[{"embeddable":true,"href":"https:\/\/ismaelcolosi.com.br\/index.php\/wp-json\/wp\/v2\/comments?post=2426"}],"version-history":[{"count":0,"href":"https:\/\/ismaelcolosi.com.br\/index.php\/wp-json\/wp\/v2\/posts\/2426\/revisions"}],"wp:featuredmedia":[{"embeddable":true,"href":"https:\/\/ismaelcolosi.com.br\/index.php\/wp-json\/wp\/v2\/media\/2427"}],"wp:attachment":[{"href":"https:\/\/ismaelcolosi.com.br\/index.php\/wp-json\/wp\/v2\/media?parent=2426"}],"wp:term":[{"taxonomy":"category","embeddable":true,"href":"https:\/\/ismaelcolosi.com.br\/index.php\/wp-json\/wp\/v2\/categories?post=2426"},{"taxonomy":"post_tag","embeddable":true,"href":"https:\/\/ismaelcolosi.com.br\/index.php\/wp-json\/wp\/v2\/tags?post=2426"}],"curies":[{"name":"wp","href":"https:\/\/api.w.org\/{rel}","templated":true}]}}