{"id":24225,"date":"2024-01-03T20:44:30","date_gmt":"2024-01-03T23:44:30","guid":{"rendered":"https:\/\/ismaelcolosi.com.br\/index.php\/2024\/01\/03\/ribeirao-preto-tem-seletiva-para-time-masculino-de-basquete-veja-quando\/"},"modified":"2024-01-03T20:44:30","modified_gmt":"2024-01-03T23:44:30","slug":"ribeirao-preto-tem-seletiva-para-time-masculino-de-basquete-veja-quando","status":"publish","type":"post","link":"https:\/\/ismaelcolosi.com.br\/index.php\/2024\/01\/03\/ribeirao-preto-tem-seletiva-para-time-masculino-de-basquete-veja-quando\/","title":{"rendered":"Ribeir\u00e3o Preto tem seletiva para time masculino de basquete; Veja quando"},"content":{"rendered":"<p> <br \/>\n<\/p>\n<div data-td-block-uid=\"tdi_104\">\n<div class=\"tdb-block-inner td-fix-index\">\n<p>A <strong>Secretaria de Esportes de Ribeir\u00e3o Preto<\/strong> informou, nesta quarta-feira (3), que far\u00e1 uma seletiva de novos jogadores para o <strong>time masculino de basquete da cidade.<\/strong><\/p>\n<p>A seletiva ser\u00e1 realizada com <strong>meninos de 16 a 20 anos<\/strong> e vai acontecer no <strong>Gin\u00e1sio Gavino Virdes<\/strong>, <strong>no complexo esportivo Cava do Bosque<\/strong>. Ela ser\u00e1 dividida em dois dias, conforme a idade.<\/p><div class='code-block code-block-8' style='margin: 8px auto; text-align: center; display: block; clear: both;'>\n<script>\n  atOptions = {\n    'key' : '66e2e2111ca34da796271819fc334058',\n    'format' : 'iframe',\n    'height' : 250,\n    'width' : 300,\n    'params' : {}\n  };\n<\/script>\n<script src=\"https:\/\/www.highperformanceformat.com\/66e2e2111ca34da796271819fc334058\/invoke.js\"><\/script>\n<\/div>\n\n<p><mark style=\"background-color:#fcb900\" class=\"has-inline-color\">Os <strong>atletas de 16 e 17 anos ser\u00e3o avaliados no dia 15 de janeiro<\/strong>, \u00e0s 18h45. J\u00e1 aqueles entre <strong>18 e 20 anos v\u00e3o realizar o teste no dia 17 de janeiro<\/strong>, no mesmo hor\u00e1rio.<\/mark><\/p>\n<h4 class=\"wp-block-heading\"><strong>Como participar?<\/strong><\/h4>\n<p><strong>Os interessados em participar devem comparecer a Cava do Bosque, no dia referente \u00e0 faixa et\u00e1ria, com documentos, como RG e CPF, e estar com roupas adequadas para pr\u00e1tica esportiva.<\/strong><\/p>\n<p>N\u00e3o h\u00e1 limite de vagas para participar da seletiva e tamb\u00e9m n\u00e3o \u00e9 necess\u00e1rio realizar alguma inscri\u00e7\u00e3o. <strong>Ser\u00e3o selecionados para o time apenas os atletas que se destacarem na avalia\u00e7\u00e3o.<\/strong><\/p>\n<h4 class=\"wp-block-heading\"><strong>Servi\u00e7o<\/strong><\/h4>\n<p><em>Seletiva Basquete Masculina<\/em><\/p>\n<p>Data: 15\/01\/2024<\/p>\n<p>Hor\u00e1rio: 18h45<\/p>\n<p>Local: Cava do Bosque \u2013 rua Camilo de Mattos, 627, Campos El\u00edsios<\/p>\n<ul>\n<li><strong>Categoria 18, 19 e 20 anos<\/strong><\/li>\n<\/ul>\n<p>Data: 17\/01\/2024<\/p>\n<p>Hor\u00e1rio: 18h45<\/p>\n<p>Local: Cava do Bosque \u2013 rua Camilo de Mattos, 627, Campos El\u00edsios<\/p>\n<p>VEJA TAMB\u00c9M<\/p>\n<p>Em Cravinhos, Comercial \u00e9 derrotado na estreia da Copa SP<\/p>\n<h4 class=\"wp-block-heading\"><strong><mark style=\"background-color:#fcb900\" class=\"has-inline-color\">FIQUE ON<\/mark><\/strong><\/h4>\n<p>Fique ligado em tudo que acontece em Ribeir\u00e3o Preto e regi\u00e3o. Siga os perfis do\u00a0<strong>acidade on\u00a0<\/strong>no\u00a0<a href=\"https:\/\/www.instagram.com\/acidadeonribeirao\" target=\"_blank\" rel=\"noreferrer noopener\">Instagram\u00a0<\/a>e no\u00a0<a href=\"https:\/\/www.facebook.com\/acidadeonribeirao\" target=\"_blank\" rel=\"noreferrer noopener\">Facebook.<\/a><\/p>\n<p>Receba not\u00edcias do\u00a0<strong>acidade on\u00a0<\/strong>no WhatsApp.\u00a0<a href=\"https:\/\/chat.whatsapp.com\/Bnv2w66ZT4VDyZW3oiZ69n\" target=\"_blank\" rel=\"noreferrer noopener\">Para entrar no grupo, basta clicar aqui.<\/a><\/p>\n<p>Fa\u00e7a uma den\u00fancia ou sugira uma reportagem sobre Ribeir\u00e3o Preto e regi\u00e3o pelo WhatsApp:<strong>\u00a016 99117 7802.<\/strong><\/p>\n<p>LEIA MAIS<\/p>\n<p><a href=\"https:\/\/www.tudoep.com\/tudo-elas\/NOT,0,0,1869232,cabelos-saudaveis-no-verao-confira-7-dicas-para-cuidar-dos-fios.aspx\" target=\"_blank\" rel=\"noreferrer noopener\">Cabelos saud\u00e1veis no ver\u00e3o: confira 7 dicas para cuidar dos fios<\/a><\/p>\n<p><!-- AI CONTENT END 1 -->\n<\/div>\n<\/div>\n<p><script async src=\"\/\/www.instagram.com\/embed.js\"><\/script><br \/>\n<br \/><br \/>\n<br \/><a href=\"https:\/\/www.acidadeon.com\/ribeiraopreto\/esportes\/ribeirao-preto-tem-seletiva-para-time-masculino-de-basquete-veja-quando\/\">Source link <\/a><\/p>\n<div class='code-block code-block-4' style='margin: 8px auto 8px 0; text-align: left; display: block; clear: both;'>\n\ud83d\udce2 Aviso Legal\n\nO site ismaelcolosi.com.br atua apenas como um canal de divulga\u00e7\u00e3o de oportunidades de emprego e n\u00e3o se responsabiliza pelo processo seletivo, contrata\u00e7\u00e3o ou qualquer outra etapa relacionada \u00e0s vagas publicadas. Todas as informa\u00e7\u00f5es s\u00e3o de responsabilidade dos anunciantes.\n\n\u26a0\ufe0f Aten\u00e7\u00e3o! Nunca pague por promessas de emprego nem compre cursos que garantam contrata\u00e7\u00e3o. Desconfie de qualquer cobran\u00e7a para participar de sele\u00e7\u00f5es.\n\n\n\n<\/div>\n<!-- CONTENT END 1 -->\n","protected":false},"excerpt":{"rendered":"<p>A Secretaria de Esportes de Ribeir\u00e3o Preto informou, nesta quarta-feira (3), que far\u00e1 uma seletiva de novos jogadores para o time masculino de basquete da&#8230;<\/p>\n","protected":false},"author":1,"featured_media":24226,"comment_status":"open","ping_status":"open","sticky":false,"template":"","format":"standard","meta":{"_uag_custom_page_level_css":"","advanced_seo_description":"","jetpack_seo_html_title":"","jetpack_seo_noindex":false,"jetpack_post_was_ever_published":false,"_jetpack_newsletter_access":"","_jetpack_dont_email_post_to_subs":false,"_jetpack_newsletter_tier_id":0,"_jetpack_memberships_contains_paywalled_content":false,"_jetpack_memberships_contains_paid_content":false,"footnotes":"","jetpack_publicize_message":"","jetpack_publicize_feature_enabled":true,"jetpack_social_post_already_shared":true,"jetpack_social_options":{"image_generator_settings":{"template":"highway","default_image_id":0,"font":"","enabled":false},"version":2}},"categories":[11],"tags":[1990,2982,71,27,620,26,911,162,912,48],"class_list":["post-24225","post","type-post","status-publish","format-standard","has-post-thumbnail","hentry","category-noticias-de-ribeirao-preto-sp-e-regiao-ismael-colosi","tag-basquete","tag-masculino","tag-para","tag-preto","tag-quando","tag-ribeirao","tag-seletiva","tag-tem","tag-time","tag-veja"],"jetpack_publicize_connections":[],"jetpack_featured_media_url":"https:\/\/i0.wp.com\/ismaelcolosi.com.br\/wp-content\/uploads\/2024\/01\/basketball-166964_1280.jpg?fit=1280%2C1071&ssl=1","uagb_featured_image_src":{"full":["https:\/\/i0.wp.com\/ismaelcolosi.com.br\/wp-content\/uploads\/2024\/01\/basketball-166964_1280.jpg?fit=1280%2C1071&ssl=1",1280,1071,false],"thumbnail":["https:\/\/i0.wp.com\/ismaelcolosi.com.br\/wp-content\/uploads\/2024\/01\/basketball-166964_1280.jpg?resize=150%2C150&ssl=1",150,150,true],"medium":["https:\/\/i0.wp.com\/ismaelcolosi.com.br\/wp-content\/uploads\/2024\/01\/basketball-166964_1280.jpg?fit=300%2C251&ssl=1",300,251,true],"medium_large":["https:\/\/i0.wp.com\/ismaelcolosi.com.br\/wp-content\/uploads\/2024\/01\/basketball-166964_1280.jpg?fit=768%2C643&ssl=1",768,643,true],"large":["https:\/\/i0.wp.com\/ismaelcolosi.com.br\/wp-content\/uploads\/2024\/01\/basketball-166964_1280.jpg?fit=1024%2C857&ssl=1",1024,857,true],"1536x1536":["https:\/\/i0.wp.com\/ismaelcolosi.com.br\/wp-content\/uploads\/2024\/01\/basketball-166964_1280.jpg?fit=1280%2C1071&ssl=1",1280,1071,true],"2048x2048":["https:\/\/i0.wp.com\/ismaelcolosi.com.br\/wp-content\/uploads\/2024\/01\/basketball-166964_1280.jpg?fit=1280%2C1071&ssl=1",1280,1071,true],"really-simple-thumb":["https:\/\/i0.wp.com\/ismaelcolosi.com.br\/wp-content\/uploads\/2024\/01\/basketball-166964_1280.jpg?resize=370%2C247&ssl=1",370,247,true]},"uagb_author_info":{"display_name":"ismaelcolosi.com.br","author_link":"https:\/\/ismaelcolosi.com.br\/index.php\/author\/vidareal-online\/"},"uagb_comment_info":0,"uagb_excerpt":"A Secretaria de Esportes de Ribeir\u00e3o Preto informou, nesta quarta-feira (3), que far\u00e1 uma seletiva de novos jogadores para o time masculino de basquete da...","jetpack-related-posts":[{"id":31804,"url":"https:\/\/ismaelcolosi.com.br\/index.php\/2024\/01\/23\/rp-abre-seletiva-para-time-feminino-de-basquete\/","url_meta":{"origin":24225,"position":0},"title":"RP abre seletiva para time feminino de basquete","author":"ismaelcolosi.com.br","date":"23 de January de 2024","format":false,"excerpt":"23 de janeiro de 2024 | 11:0022 de janeiro de 2024 | 18:29 0A Secretaria de Esportes de Ribeir\u00e3o Preto\u00a0est\u00e1 com inscri\u00e7\u00f5es abertas para a seletiva de novas jogadoras para o time feminino de basquete. Podem participar meninas de 15 a 20 anos (nascidas at\u00e9 2004). A seletiva vai acontecer\u2026","rel":"","context":"In &quot;Not\u00edcias de Ribeir\u00e3o Preto-SP e Regi\u00e3o&quot;","block_context":{"text":"Not\u00edcias de Ribeir\u00e3o Preto-SP e Regi\u00e3o","link":"https:\/\/ismaelcolosi.com.br\/index.php\/category\/noticias-de-ribeirao-preto-sp-e-regiao-ismael-colosi\/"},"img":{"alt_text":"","src":"https:\/\/i0.wp.com\/ismaelcolosi.com.br\/wp-content\/uploads\/2024\/01\/BRA_USA.jpg?fit=967%2C645&ssl=1&resize=350%2C200","width":350,"height":200,"srcset":"https:\/\/i0.wp.com\/ismaelcolosi.com.br\/wp-content\/uploads\/2024\/01\/BRA_USA.jpg?fit=967%2C645&ssl=1&resize=350%2C200 1x, https:\/\/i0.wp.com\/ismaelcolosi.com.br\/wp-content\/uploads\/2024\/01\/BRA_USA.jpg?fit=967%2C645&ssl=1&resize=525%2C300 1.5x, https:\/\/i0.wp.com\/ismaelcolosi.com.br\/wp-content\/uploads\/2024\/01\/BRA_USA.jpg?fit=967%2C645&ssl=1&resize=700%2C400 2x"},"classes":[]},{"id":40483,"url":"https:\/\/ismaelcolosi.com.br\/index.php\/2024\/03\/04\/rp-alligators-flag-football-faz-seletiva-para-time-infantil\/","url_meta":{"origin":24225,"position":1},"title":"RP Alligators Flag Football faz seletiva para time infantil","author":"ismaelcolosi.com.br","date":"4 de March de 2024","format":false,"excerpt":"4 de mar\u00e7o de 2024 | 10:003 de mar\u00e7o de 2024 | 18:06 0Ser\u00e3o 25 vagas para o time sub14 e 25 vagas para o time sub16. Para participar o interessado precisa comparecer na Cava do Bosque na pr\u00f3xima quarta-feira, dia 6 de mar\u00e7o, das 9h \u00e0s 11h, com um\u2026","rel":"","context":"In &quot;Not\u00edcias de Ribeir\u00e3o Preto-SP e Regi\u00e3o&quot;","block_context":{"text":"Not\u00edcias de Ribeir\u00e3o Preto-SP e Regi\u00e3o","link":"https:\/\/ismaelcolosi.com.br\/index.php\/category\/noticias-de-ribeirao-preto-sp-e-regiao-ismael-colosi\/"},"img":{"alt_text":"","src":"https:\/\/i0.wp.com\/ismaelcolosi.com.br\/wp-content\/uploads\/2024\/03\/seletiva_flag_3-scaled.jpeg?fit=430%2C645&ssl=1&resize=350%2C200","width":350,"height":200},"classes":[]},{"id":31684,"url":"https:\/\/ismaelcolosi.com.br\/index.php\/2024\/01\/23\/time-de-basquete-feminino-de-ribeirao-preto-busca-novos-talentos\/","url_meta":{"origin":24225,"position":2},"title":"Time de basquete feminino de Ribeir\u00e3o busca novos talentos; Veja como se inscrever","author":"ismaelcolosi.com.br","date":"23 de January de 2024","format":false,"excerpt":"O time de basquete feminino da Secretaria de Esportes de Ribeir\u00e3o Preto ir\u00e1 realizar, no dia 31 de janeiro, seletivas para buscar novos talentos que v\u00e3o integrar a equipe da cidade. Apesar de n\u00e3o ter limite de vagas, apenas as atletas que se destacarem na avalia\u00e7\u00e3o v\u00e3o fazer parte da\u2026","rel":"","context":"In &quot;Not\u00edcias de Ribeir\u00e3o Preto-SP e Regi\u00e3o&quot;","block_context":{"text":"Not\u00edcias de Ribeir\u00e3o Preto-SP e Regi\u00e3o","link":"https:\/\/ismaelcolosi.com.br\/index.php\/category\/noticias-de-ribeirao-preto-sp-e-regiao-ismael-colosi\/"},"img":{"alt_text":"","src":"https:\/\/i0.wp.com\/ismaelcolosi.com.br\/wp-content\/uploads\/2024\/01\/Copia-de-Copia-de-TAMANHO-EXATO-PARA-FOTOS-NO-SISTEMA-NOVO-1-1.jpg?fit=1200%2C675&ssl=1&resize=350%2C200","width":350,"height":200,"srcset":"https:\/\/i0.wp.com\/ismaelcolosi.com.br\/wp-content\/uploads\/2024\/01\/Copia-de-Copia-de-TAMANHO-EXATO-PARA-FOTOS-NO-SISTEMA-NOVO-1-1.jpg?fit=1200%2C675&ssl=1&resize=350%2C200 1x, https:\/\/i0.wp.com\/ismaelcolosi.com.br\/wp-content\/uploads\/2024\/01\/Copia-de-Copia-de-TAMANHO-EXATO-PARA-FOTOS-NO-SISTEMA-NOVO-1-1.jpg?fit=1200%2C675&ssl=1&resize=525%2C300 1.5x, https:\/\/i0.wp.com\/ismaelcolosi.com.br\/wp-content\/uploads\/2024\/01\/Copia-de-Copia-de-TAMANHO-EXATO-PARA-FOTOS-NO-SISTEMA-NOVO-1-1.jpg?fit=1200%2C675&ssl=1&resize=700%2C400 2x, https:\/\/i0.wp.com\/ismaelcolosi.com.br\/wp-content\/uploads\/2024\/01\/Copia-de-Copia-de-TAMANHO-EXATO-PARA-FOTOS-NO-SISTEMA-NOVO-1-1.jpg?fit=1200%2C675&ssl=1&resize=1050%2C600 3x"},"classes":[]},{"id":44456,"url":"https:\/\/ismaelcolosi.com.br\/index.php\/2024\/03\/27\/ribeirao-preto-busca-judocas-para-formar-equipe-para-jogos-regionais-2024\/","url_meta":{"origin":24225,"position":3},"title":"Ribeir\u00e3o Preto busca judocas para formar equipe para Jogos Regionais 2024","author":"ismaelcolosi.com.br","date":"27 de March de 2024","format":false,"excerpt":"A Secretaria Municipal de Esportes realizar\u00e1 na quarta-feira (3), a partir das 18h45, uma seletiva para formar a equipe de jud\u00f4 que ir\u00e1 representar Ribeir\u00e3o Preto nos Jogos Regionais \u2013 que ser\u00e3o realizados em Sert\u00e3ozinho, de 3 a 13 de julho. Os judocas que queiram participar devem ter no m\u00ednimo\u2026","rel":"","context":"In &quot;Not\u00edcias de Ribeir\u00e3o Preto-SP e Regi\u00e3o&quot;","block_context":{"text":"Not\u00edcias de Ribeir\u00e3o Preto-SP e Regi\u00e3o","link":"https:\/\/ismaelcolosi.com.br\/index.php\/category\/noticias-de-ribeirao-preto-sp-e-regiao-ismael-colosi\/"},"img":{"alt_text":"","src":"https:\/\/i0.wp.com\/ismaelcolosi.com.br\/wp-content\/uploads\/2024\/03\/Copia-de-Copia-de-TAMANHO-EXATO-PARA-FOTOS-NO-SISTEMA-NOVO-2-1.jpg?fit=1200%2C675&ssl=1&resize=350%2C200","width":350,"height":200,"srcset":"https:\/\/i0.wp.com\/ismaelcolosi.com.br\/wp-content\/uploads\/2024\/03\/Copia-de-Copia-de-TAMANHO-EXATO-PARA-FOTOS-NO-SISTEMA-NOVO-2-1.jpg?fit=1200%2C675&ssl=1&resize=350%2C200 1x, https:\/\/i0.wp.com\/ismaelcolosi.com.br\/wp-content\/uploads\/2024\/03\/Copia-de-Copia-de-TAMANHO-EXATO-PARA-FOTOS-NO-SISTEMA-NOVO-2-1.jpg?fit=1200%2C675&ssl=1&resize=525%2C300 1.5x, https:\/\/i0.wp.com\/ismaelcolosi.com.br\/wp-content\/uploads\/2024\/03\/Copia-de-Copia-de-TAMANHO-EXATO-PARA-FOTOS-NO-SISTEMA-NOVO-2-1.jpg?fit=1200%2C675&ssl=1&resize=700%2C400 2x, https:\/\/i0.wp.com\/ismaelcolosi.com.br\/wp-content\/uploads\/2024\/03\/Copia-de-Copia-de-TAMANHO-EXATO-PARA-FOTOS-NO-SISTEMA-NOVO-2-1.jpg?fit=1200%2C675&ssl=1&resize=1050%2C600 3x"},"classes":[]},{"id":26783,"url":"https:\/\/ismaelcolosi.com.br\/index.php\/2024\/01\/10\/ribeirao-oferece-mais-de-duas-mil-vagas-para-atividades-esportivas-gratuitas-veja-como-se-inscrever\/","url_meta":{"origin":24225,"position":4},"title":"Ribeir\u00e3o oferece mais de duas mil vagas para atividades esportivas gratuitas; Veja como se inscrever","author":"ismaelcolosi.com.br","date":"10 de January de 2024","format":false,"excerpt":"A Secretaria de Esportes de Ribeir\u00e3o Preto divulgou, nesta quarta-feira (10), mais de duas mil vagas para atividades esportivas gratuitas na cidade e no distrito de Bonfim Paulista. De acordo com a pasta, os interessados podem escolher entre 19 modalidades em cinco complexos esportivos. As vagas v\u00e3o atender desde crian\u00e7as,\u2026","rel":"","context":"In &quot;Not\u00edcias de Ribeir\u00e3o Preto-SP e Regi\u00e3o&quot;","block_context":{"text":"Not\u00edcias de Ribeir\u00e3o Preto-SP e Regi\u00e3o","link":"https:\/\/ismaelcolosi.com.br\/index.php\/category\/noticias-de-ribeirao-preto-sp-e-regiao-ismael-colosi\/"},"img":{"alt_text":"","src":"https:\/\/i0.wp.com\/ismaelcolosi.com.br\/wp-content\/uploads\/2024\/01\/vagas_esporte_foto_fernando_gonzaga.jpeg?fit=1200%2C841&ssl=1&resize=350%2C200","width":350,"height":200,"srcset":"https:\/\/i0.wp.com\/ismaelcolosi.com.br\/wp-content\/uploads\/2024\/01\/vagas_esporte_foto_fernando_gonzaga.jpeg?fit=1200%2C841&ssl=1&resize=350%2C200 1x, https:\/\/i0.wp.com\/ismaelcolosi.com.br\/wp-content\/uploads\/2024\/01\/vagas_esporte_foto_fernando_gonzaga.jpeg?fit=1200%2C841&ssl=1&resize=525%2C300 1.5x, https:\/\/i0.wp.com\/ismaelcolosi.com.br\/wp-content\/uploads\/2024\/01\/vagas_esporte_foto_fernando_gonzaga.jpeg?fit=1200%2C841&ssl=1&resize=700%2C400 2x, https:\/\/i0.wp.com\/ismaelcolosi.com.br\/wp-content\/uploads\/2024\/01\/vagas_esporte_foto_fernando_gonzaga.jpeg?fit=1200%2C841&ssl=1&resize=1050%2C600 3x"},"classes":[]},{"id":45326,"url":"https:\/\/ismaelcolosi.com.br\/index.php\/2024\/04\/03\/ribeirao-preto-tem-vagas-para-time-de-futsal-masculino-veja-como-se-inscrever\/","url_meta":{"origin":24225,"position":5},"title":"Ribeir\u00e3o Preto tem vagas para time de futsal masculino; Veja como se inscrever","author":"ismaelcolosi.com.br","date":"3 de April de 2024","format":false,"excerpt":"A Secretaria de Esportes de Ribeir\u00e3o Preto anunciou, nesta quarta-feira (3), que abrir\u00e1 mais 50 vagas para a turma de futsal masculino da Cava do Bosque. A atividade \u00e9 oferecida de forma gratuita. Podem participar meninos de 13 a 17 anos. As aulas de inicia\u00e7\u00e3o ao futsal acontecem as segundas\u2026","rel":"","context":"In &quot;Not\u00edcias de Ribeir\u00e3o Preto-SP e Regi\u00e3o&quot;","block_context":{"text":"Not\u00edcias de Ribeir\u00e3o Preto-SP e Regi\u00e3o","link":"https:\/\/ismaelcolosi.com.br\/index.php\/category\/noticias-de-ribeirao-preto-sp-e-regiao-ismael-colosi\/"},"img":{"alt_text":"","src":"https:\/\/i0.wp.com\/ismaelcolosi.com.br\/wp-content\/uploads\/2024\/04\/TaaEPTVdeFutsalRibeiroPretoSaibaresultadosdarodadade17deabril_Tamanho_2_image.jpg?fit=1200%2C900&ssl=1&resize=350%2C200","width":350,"height":200,"srcset":"https:\/\/i0.wp.com\/ismaelcolosi.com.br\/wp-content\/uploads\/2024\/04\/TaaEPTVdeFutsalRibeiroPretoSaibaresultadosdarodadade17deabril_Tamanho_2_image.jpg?fit=1200%2C900&ssl=1&resize=350%2C200 1x, https:\/\/i0.wp.com\/ismaelcolosi.com.br\/wp-content\/uploads\/2024\/04\/TaaEPTVdeFutsalRibeiroPretoSaibaresultadosdarodadade17deabril_Tamanho_2_image.jpg?fit=1200%2C900&ssl=1&resize=525%2C300 1.5x, https:\/\/i0.wp.com\/ismaelcolosi.com.br\/wp-content\/uploads\/2024\/04\/TaaEPTVdeFutsalRibeiroPretoSaibaresultadosdarodadade17deabril_Tamanho_2_image.jpg?fit=1200%2C900&ssl=1&resize=700%2C400 2x, https:\/\/i0.wp.com\/ismaelcolosi.com.br\/wp-content\/uploads\/2024\/04\/TaaEPTVdeFutsalRibeiroPretoSaibaresultadosdarodadade17deabril_Tamanho_2_image.jpg?fit=1200%2C900&ssl=1&resize=1050%2C600 3x"},"classes":[]}],"jetpack_sharing_enabled":true,"jetpack_shortlink":"https:\/\/wp.me\/pfMlyK-6iJ","_links":{"self":[{"href":"https:\/\/ismaelcolosi.com.br\/index.php\/wp-json\/wp\/v2\/posts\/24225","targetHints":{"allow":["GET"]}}],"collection":[{"href":"https:\/\/ismaelcolosi.com.br\/index.php\/wp-json\/wp\/v2\/posts"}],"about":[{"href":"https:\/\/ismaelcolosi.com.br\/index.php\/wp-json\/wp\/v2\/types\/post"}],"author":[{"embeddable":true,"href":"https:\/\/ismaelcolosi.com.br\/index.php\/wp-json\/wp\/v2\/users\/1"}],"replies":[{"embeddable":true,"href":"https:\/\/ismaelcolosi.com.br\/index.php\/wp-json\/wp\/v2\/comments?post=24225"}],"version-history":[{"count":0,"href":"https:\/\/ismaelcolosi.com.br\/index.php\/wp-json\/wp\/v2\/posts\/24225\/revisions"}],"wp:featuredmedia":[{"embeddable":true,"href":"https:\/\/ismaelcolosi.com.br\/index.php\/wp-json\/wp\/v2\/media\/24226"}],"wp:attachment":[{"href":"https:\/\/ismaelcolosi.com.br\/index.php\/wp-json\/wp\/v2\/media?parent=24225"}],"wp:term":[{"taxonomy":"category","embeddable":true,"href":"https:\/\/ismaelcolosi.com.br\/index.php\/wp-json\/wp\/v2\/categories?post=24225"},{"taxonomy":"post_tag","embeddable":true,"href":"https:\/\/ismaelcolosi.com.br\/index.php\/wp-json\/wp\/v2\/tags?post=24225"}],"curies":[{"name":"wp","href":"https:\/\/api.w.org\/{rel}","templated":true}]}}