{"id":2418,"date":"2023-11-15T13:54:24","date_gmt":"2023-11-15T16:54:24","guid":{"rendered":"https:\/\/ismaelcolosi.com.br\/index.php\/2023\/11\/15\/jennifer-aniston-se-despede-do-amigo-matthew-perry\/"},"modified":"2023-11-15T13:54:24","modified_gmt":"2023-11-15T16:54:24","slug":"jennifer-aniston-se-despede-do-amigo-matthew-perry","status":"publish","type":"post","link":"https:\/\/ismaelcolosi.com.br\/index.php\/2023\/11\/15\/jennifer-aniston-se-despede-do-amigo-matthew-perry\/","title":{"rendered":"Jennifer Aniston se despede do amigo Matthew Perry"},"content":{"rendered":"<p> <br \/>\n<\/p>\n<div>\n<p>Jennifer Aniston fez uma bela homenagem ao amigo e companheiro de cena, Matthew Perry, que partiu prematuramente aos 54 anos no dia 28 de outubro.<\/p>\n<p>Foram 10 anos trabalhando juntos na produ\u00e7\u00e3o de Friends, um dos seriados mais emblem\u00e1ticos da televis\u00e3o. Todas as formas de amor, homenagens sinceras e lembran\u00e7as, foram compartilhadas atrav\u00e9s das redes sociais pela atriz, num amargo, por\u00e9m saudoso, processo de luto.<\/p><div class='code-block code-block-8' style='margin: 8px auto; text-align: center; display: block; clear: both;'>\n<script>\n  atOptions = {\n    'key' : '66e2e2111ca34da796271819fc334058',\n    'format' : 'iframe',\n    'height' : 250,\n    'width' : 300,\n    'params' : {}\n  };\n<\/script>\n<script src=\"https:\/\/www.highperformanceformat.com\/66e2e2111ca34da796271819fc334058\/invoke.js\"><\/script>\n<\/div>\n\n<div id=\"attachment_2311778\" class=\"wp-caption aligncenter\">\n<div class=\"d-flex justify-content-center\" data-attachment-id=\"2311778\">\n<div class=\"position-relative d-inline-block\"><img data-recalc-dims=\"1\" data-portal-copyright=\"Reprodu\u00e7\u00e3o\/Instagram @jenniferaniston\" decoding=\"async\" fetchpriority=\"high\" class=\"size-full wp-image-2311778\" src=\"https:\/\/i0.wp.com\/catracalivre.com.br\/wp-content\/uploads\/2023\/11\/jennifer-aniston-morte.jpg?resize=1200%2C671&#038;ssl=1\" alt=\"Friends: Jennifer Aniston se despede do amigo Matthew Perry\" width=\"1200\" height=\"671\" srcset=\"https:\/\/catracalivre.com.br\/wp-content\/uploads\/2023\/11\/jennifer-aniston-morte.jpg 1200w, https:\/\/catracalivre.com.br\/wp-content\/uploads\/2023\/11\/jennifer-aniston-morte-450x252.jpg 450w, https:\/\/catracalivre.com.br\/wp-content\/uploads\/2023\/11\/jennifer-aniston-morte-768x429.jpg 768w\" sizes=\"(max-width: 1200px) 100vw, 1200px\"\/><\/p>\n<p>Cr\u00e9ditos: Reprodu\u00e7\u00e3o\/Instagram @jenniferaniston<\/p>\n<\/div>\n<\/div>\n<p><span class=\"post-imagem__legenda\">Friends: Jennifer Aniston se despede do amigo Matthew Perry<\/span><\/p>\n<\/div>\n<h2>Jennifer Aniston se despede do amigo Matthew Perry<\/h2>\n<p>O carinho e admira\u00e7\u00e3o entre ambos s\u00e3o evidentes, com passagens marcantes compartilhadas em formato de texto, e fotos que mostram a sintonia entre os dois.<\/p>\n<p>Numa das mensagens, <a href=\"https:\/\/www.instagram.com\/jenniferaniston\/\" target=\"_blank\" rel=\"noopener\">Jennifer<\/a> relembra um doce momento em que Matthew diz que \u201cFazer voc\u00ea rir acabou de fazer o meu dia\u201d. O riso, esteve sempre presente nos momentos estreitados entre os atores e \u00e9 com ele que Jennifer pretende lembrar o amigo.<\/p>\n<h3>Em mem\u00f3ria a um grande artista: Matthew Perry<\/h3>\n<p>A trag\u00e9dia de perder um ente querido \u00e9 dura, mas \u00e9 reconfortante lembrar os bons momentos e as alegrias que eles trouxeram a n\u00f3s.<\/p>\n<p>Jennifer expressou bem isso em suas pr\u00f3prias palavras: \u201cPerda de vida ou perda de amor. Ser capaz de realmente sentar-se nesse luto permite que voc\u00ea sinta momentos de alegria e gratid\u00e3o por ter amado algu\u00e9m t\u00e3o profundamente\u201d.<\/p>\n<p>\u201cE n\u00f3s o am\u00e1vamos profundamente. Ele fazia parte do nosso DNA. Sempre fomos n\u00f3s seis. Esta foi uma fam\u00edlia escolhida que mudou para sempre o rumo de quem \u00e9ramos e qual seria o nosso caminho\u201d.<\/p>\n<p>Era assim, entre carinho e risadas, que a amizade entre Jennifer e Matthew se desenhava. Ambos eram parte de algo maior, uma fam\u00edlia formada n\u00e3o de sangue, mas de amor e respeito m\u00fatuo.<\/p>\n<blockquote class=\"instagram-media\" data-instgrm-captioned=\"\" data-instgrm-permalink=\"https:\/\/www.instagram.com\/p\/Czq8K4DMOMQ\/?utm_source=ig_embed&amp;utm_campaign=loading\" data-instgrm-version=\"14\" style=\" background:#FFF; border:0; border-radius:3px; box-shadow:0 0 1px 0 rgba(0,0,0,0.5),0 1px 10px 0 rgba(0,0,0,0.15); margin: 1px; max-width:500px; min-width:326px; padding:0; width:99.375%; width:-webkit-calc(100% - 2px); width:calc(100% - 2px);\">\n<\/blockquote>\n<h3>Qual foi a \u00faltima mensagem que Matthew Perry enviou para Jennifer Aniston?<\/h3>\n<p>Relembrando as \u00faltimas mensagens trocadas entre os dois, Jennifer fez uma publica\u00e7\u00e3o onde compartilhava uma dessas passagens.<\/p>\n<p>Nela, Matthew lhe enviara uma imagem que resumia bem sua amizade e cumplicidade. A troca de mensagens seguirem cantarolando, rindo, chorando e relembrando, e Jennifer mant\u00e9m essas mem\u00f3rias com carinho.<\/p>\n<p>Esses retratos guardados mostram o grande car\u00e1ter de Matthew Perry e qu\u00e3o querido ele era para todos ao seu redor.<\/p>\n<p>Essa dor profunda, mas abordada de maneira doce e sincera, \u00e9 compartilhada por todos os demais membros do elenco de <a href=\"https:\/\/catracalivre.com.br\/entretenimento\/matt-leblanc-o-joey-de-friends-emociona-com-homenagem-a-matthew-perry\/\">Friends<\/a>.<\/p>\n<p>Eles j\u00e1 se manifestaram publicamente compartilhando o luto da perda do amigo e, de maneira singular, descreveram como a presen\u00e7a dele deixar\u00e1 saudades, mas permanecer\u00e1 sempre viva em suas mem\u00f3rias.<\/p>\n<p>Cada um deles honrou a mem\u00f3ria de Perry de um jeito especial, mostrando o la\u00e7o indissol\u00favel formado pelo grupo.<\/p>\n<p>A dor da perda \u00e9 algo dif\u00edcil de lidar e cada um tem seu tempo para super\u00e1-la. Mas quando se tem mem\u00f3rias boas para compartilhar, lembrar-se do sorriso de quem se foi pode trazer um pouco de conforto.<\/p>\n<p>O riso de Matthew Perry, que tanto contagiou Jennifer Aniston e o p\u00fablico de Friends, certamente nunca ser\u00e1 esquecido. Sua passagem foi breve, mas de grande significado para todos que o conheceram e o amaram.<\/p>\n<\/div>\n<p><script>\n\t\t! function(f, b, e, v, n, t, s) {\n\t\t\tif (f.fbq) return;\n\t\t\tn = f.fbq = function() {\n\t\t\t\tn.callMethod ?\n\t\t\t\t\tn.callMethod.apply(n, arguments) : n.queue.push(arguments)\n\t\t\t};\n\t\t\tif (!f._fbq) f._fbq = n;\n\t\t\tn.push = n;\n\t\t\tn.loaded = !0;\n\t\t\tn.version = '2.0';\n\t\t\tn.queue = [];\n\t\t\tt = b.createElement(e);\n\t\t\tt.async = !0;\n\t\t\tt.src = v;\n\t\t\ts = b.getElementsByTagName(e)[0];\n\t\t\ts.parentNode.insertBefore(t, s)\n\t\t}(window, document, 'script',\n\t\t\t'https:\/\/connect.facebook.net\/en_US\/fbevents.js');\n\t\tfbq('init', '338315473262380');\n\t\tfbq('track', 'PageView');\n\t<\/script><script async src=\"\/\/www.instagram.com\/embed.js\"><\/script><br \/>\n<br \/><br \/>\n<br \/><a href=\"https:\/\/catracalivre.com.br\/entretenimento\/friends-jennifer-aniston-se-despede-do-amigo-matthew-perry\/\">Source link <\/a><\/p>\n<div class='code-block code-block-4' style='margin: 8px auto 8px 0; text-align: left; display: block; clear: both;'>\n\ud83d\udce2 Aviso Legal\n\nO site ismaelcolosi.com.br atua apenas como um canal de divulga\u00e7\u00e3o de oportunidades de emprego e n\u00e3o se responsabiliza pelo processo seletivo, contrata\u00e7\u00e3o ou qualquer outra etapa relacionada \u00e0s vagas publicadas. Todas as informa\u00e7\u00f5es s\u00e3o de responsabilidade dos anunciantes.\n\n\u26a0\ufe0f Aten\u00e7\u00e3o! Nunca pague por promessas de emprego nem compre cursos que garantam contrata\u00e7\u00e3o. Desconfie de qualquer cobran\u00e7a para participar de sele\u00e7\u00f5es.\n\n\n\n<\/div>\n<!-- CONTENT END 1 -->\n","protected":false},"excerpt":{"rendered":"<p>Jennifer Aniston fez uma bela homenagem ao amigo e companheiro de cena, Matthew Perry, que partiu prematuramente aos 54 anos no dia 28 de outubro&#8230;.<\/p>\n","protected":false},"author":1,"featured_media":2419,"comment_status":"open","ping_status":"open","sticky":false,"template":"","format":"standard","meta":{"_uag_custom_page_level_css":"","advanced_seo_description":"","jetpack_seo_html_title":"","jetpack_seo_noindex":false,"jetpack_post_was_ever_published":false,"_jetpack_newsletter_access":"","_jetpack_dont_email_post_to_subs":false,"_jetpack_newsletter_tier_id":0,"_jetpack_memberships_contains_paywalled_content":false,"_jetpack_memberships_contains_paid_content":false,"footnotes":"","jetpack_publicize_message":"","jetpack_publicize_feature_enabled":true,"jetpack_social_post_already_shared":false,"jetpack_social_options":{"image_generator_settings":{"template":"highway","default_image_id":0,"font":"","enabled":false},"version":2}},"categories":[19],"tags":[],"class_list":["post-2418","post","type-post","status-publish","format-standard","has-post-thumbnail","hentry","category-variedades"],"jetpack_publicize_connections":[],"jetpack_featured_media_url":"https:\/\/i0.wp.com\/ismaelcolosi.com.br\/wp-content\/uploads\/2023\/11\/jennifer-aniston-morte.jpg?fit=1200%2C638&ssl=1","uagb_featured_image_src":{"full":["https:\/\/i0.wp.com\/ismaelcolosi.com.br\/wp-content\/uploads\/2023\/11\/jennifer-aniston-morte.jpg?fit=1200%2C638&ssl=1",1200,638,false],"thumbnail":["https:\/\/i0.wp.com\/ismaelcolosi.com.br\/wp-content\/uploads\/2023\/11\/jennifer-aniston-morte.jpg?resize=150%2C150&ssl=1",150,150,true],"medium":["https:\/\/i0.wp.com\/ismaelcolosi.com.br\/wp-content\/uploads\/2023\/11\/jennifer-aniston-morte.jpg?fit=300%2C160&ssl=1",300,160,true],"medium_large":["https:\/\/i0.wp.com\/ismaelcolosi.com.br\/wp-content\/uploads\/2023\/11\/jennifer-aniston-morte.jpg?fit=768%2C408&ssl=1",768,408,true],"large":["https:\/\/i0.wp.com\/ismaelcolosi.com.br\/wp-content\/uploads\/2023\/11\/jennifer-aniston-morte.jpg?fit=1024%2C544&ssl=1",1024,544,true],"1536x1536":["https:\/\/i0.wp.com\/ismaelcolosi.com.br\/wp-content\/uploads\/2023\/11\/jennifer-aniston-morte.jpg?fit=1200%2C638&ssl=1",1200,638,true],"2048x2048":["https:\/\/i0.wp.com\/ismaelcolosi.com.br\/wp-content\/uploads\/2023\/11\/jennifer-aniston-morte.jpg?fit=1200%2C638&ssl=1",1200,638,true],"really-simple-thumb":["https:\/\/i0.wp.com\/ismaelcolosi.com.br\/wp-content\/uploads\/2023\/11\/jennifer-aniston-morte.jpg?resize=370%2C247&ssl=1",370,247,true]},"uagb_author_info":{"display_name":"ismaelcolosi.com.br","author_link":"https:\/\/ismaelcolosi.com.br\/index.php\/author\/vidareal-online\/"},"uagb_comment_info":0,"uagb_excerpt":"Jennifer Aniston fez uma bela homenagem ao amigo e companheiro de cena, Matthew Perry, que partiu prematuramente aos 54 anos no dia 28 de outubro....","jetpack-related-posts":[{"id":2412,"url":"https:\/\/ismaelcolosi.com.br\/index.php\/2023\/11\/15\/david-schwimmer-finalmente-homenageia-matthew-perry-e-nos-faz-emocionar-com-ross-e-chandler\/","url_meta":{"origin":2418,"position":0},"title":"David Schwimmer finalmente homenageia Matthew Perry e nos faz emocionar com Ross e Chandler","author":"ismaelcolosi.com.br","date":"15 de November de 2023","format":false,"excerpt":"Cr\u00e9ditos: reprodu\u00e7\u00e3o\/InstagramDavid Schwimmer (Ross) faz linda homenagem a Matthew Perry (Chandler) A morte de Matthew Perry, o eterno Chandler Bing da s\u00e9rie televisiva de sucesso \u201cFriends\u201d, abalou n\u00e3o s\u00f3 os f\u00e3s no mundo inteiro, mas tamb\u00e9m, e principalmente, o elenco do seriado. Sem falarem nada desde 28 de outubro, data\u2026","rel":"","context":"In &quot;Variedades&quot;","block_context":{"text":"Variedades","link":"https:\/\/ismaelcolosi.com.br\/index.php\/category\/variedades\/"},"img":{"alt_text":"","src":"https:\/\/i0.wp.com\/ismaelcolosi.com.br\/wp-content\/uploads\/2023\/11\/ross-chandler.png?fit=1200%2C638&ssl=1&resize=350%2C200","width":350,"height":200,"srcset":"https:\/\/i0.wp.com\/ismaelcolosi.com.br\/wp-content\/uploads\/2023\/11\/ross-chandler.png?fit=1200%2C638&ssl=1&resize=350%2C200 1x, https:\/\/i0.wp.com\/ismaelcolosi.com.br\/wp-content\/uploads\/2023\/11\/ross-chandler.png?fit=1200%2C638&ssl=1&resize=525%2C300 1.5x, https:\/\/i0.wp.com\/ismaelcolosi.com.br\/wp-content\/uploads\/2023\/11\/ross-chandler.png?fit=1200%2C638&ssl=1&resize=700%2C400 2x, https:\/\/i0.wp.com\/ismaelcolosi.com.br\/wp-content\/uploads\/2023\/11\/ross-chandler.png?fit=1200%2C638&ssl=1&resize=1050%2C600 3x"},"classes":[]},{"id":20096,"url":"https:\/\/ismaelcolosi.com.br\/index.php\/2023\/12\/24\/5-series-para-curtir-o-recesso-de-fim-de-ano\/","url_meta":{"origin":2418,"position":1},"title":"5 s\u00e9ries para curtir o recesso de fim de ano","author":"ismaelcolosi.com.br","date":"24 de December de 2023","format":false,"excerpt":"Divulga\u00e7\u00e3o\/Apple TV+Reese Witherspoon e Jennifer Aniston s\u00e3o as protagonistas da s\u00e9rie \u201cThe Morning Show\u201d, do Apple TV+ \u201cVoc\u00ea perde 100% das vezes em que n\u00e3o se arrisca.\u201d A frase do ic\u00f4nico Michael Scott, personagem vivido por Steve Carell em \u201cThe Office\u201d, est\u00e1 entre os muitos aprendizados da s\u00e9rie que podemos\u2026","rel":"","context":"In &quot;Carreira e Sucesso&quot;","block_context":{"text":"Carreira e Sucesso","link":"https:\/\/ismaelcolosi.com.br\/index.php\/category\/carreira-e-sucesso-dicas-para-carreira\/"},"img":{"alt_text":"","src":"https:\/\/i0.wp.com\/ismaelcolosi.com.br\/wp-content\/uploads\/2023\/12\/carreira-series-destaque-the-morning-show-1024x683.jpg?fit=1024%2C683&ssl=1&resize=350%2C200","width":350,"height":200,"srcset":"https:\/\/i0.wp.com\/ismaelcolosi.com.br\/wp-content\/uploads\/2023\/12\/carreira-series-destaque-the-morning-show-1024x683.jpg?fit=1024%2C683&ssl=1&resize=350%2C200 1x, https:\/\/i0.wp.com\/ismaelcolosi.com.br\/wp-content\/uploads\/2023\/12\/carreira-series-destaque-the-morning-show-1024x683.jpg?fit=1024%2C683&ssl=1&resize=525%2C300 1.5x, https:\/\/i0.wp.com\/ismaelcolosi.com.br\/wp-content\/uploads\/2023\/12\/carreira-series-destaque-the-morning-show-1024x683.jpg?fit=1024%2C683&ssl=1&resize=700%2C400 2x"},"classes":[]},{"id":7842,"url":"https:\/\/ismaelcolosi.com.br\/index.php\/2023\/11\/28\/20-classicos-da-sessao-da-tarde-para-assistir-hoje-na-netflix\/","url_meta":{"origin":2418,"position":2},"title":"20 cl\u00e1ssicos da &#8216;Sess\u00e3o da Tarde&#8217; para assistir hoje na Netflix","author":"ismaelcolosi.com.br","date":"28 de November de 2023","format":false,"excerpt":"Cr\u00e9ditos: Reprodu\u00e7\u00e3o\/GloboFilmes da \u201cSess\u00e3o da Tarde\u201d para ver na Netflix No ar desde 1974, a \u201cSess\u00e3o da Tarde\u201d, da Globo, marcou gera\u00e7\u00f5es por exibir centenas de filmes, de segunda a sexta, na TV aberta. Alguns t\u00edtulos, inclusive, foram reprisados tantas\u2026 Mas tantas vezes, que marcaram muitos brasileiros. Por muitos anos,\u2026","rel":"","context":"In &quot;Variedades&quot;","block_context":{"text":"Variedades","link":"https:\/\/ismaelcolosi.com.br\/index.php\/category\/variedades\/"},"img":{"alt_text":"","src":"https:\/\/i0.wp.com\/ismaelcolosi.com.br\/wp-content\/uploads\/2023\/11\/fotos-catraca-21.png?fit=1200%2C638&ssl=1&resize=350%2C200","width":350,"height":200,"srcset":"https:\/\/i0.wp.com\/ismaelcolosi.com.br\/wp-content\/uploads\/2023\/11\/fotos-catraca-21.png?fit=1200%2C638&ssl=1&resize=350%2C200 1x, https:\/\/i0.wp.com\/ismaelcolosi.com.br\/wp-content\/uploads\/2023\/11\/fotos-catraca-21.png?fit=1200%2C638&ssl=1&resize=525%2C300 1.5x, https:\/\/i0.wp.com\/ismaelcolosi.com.br\/wp-content\/uploads\/2023\/11\/fotos-catraca-21.png?fit=1200%2C638&ssl=1&resize=700%2C400 2x, https:\/\/i0.wp.com\/ismaelcolosi.com.br\/wp-content\/uploads\/2023\/11\/fotos-catraca-21.png?fit=1200%2C638&ssl=1&resize=1050%2C600 3x"},"classes":[]},{"id":7647,"url":"https:\/\/ismaelcolosi.com.br\/index.php\/2023\/11\/28\/apos-perder-contato-com-a-familia-pai-pede-ajuda-para-amigo-no-mt-mae-e-3-filhas-foram-vitimas-de-chacina\/","url_meta":{"origin":2418,"position":3},"title":"ap\u00f3s perder contato com a fam\u00edlia, pai pede ajuda para amigo no MT; m\u00e3e e 3 filhas foram v\u00edtimas de chacina","author":"ismaelcolosi.com.br","date":"28 de November de 2023","format":false,"excerpt":"Neste \u00faltimo domingo, dia 26 de novembro, o pai das tr\u00eas meninas mortas, com a m\u00e3e, dentro da casa em Sorriso, no Mato Grosso. Ap\u00f3s notar que n\u00e3o conseguia mais ter contato com sua fam\u00edlia, o homem mandou um \u00e1udio para um amigo, pedindo por ajuda.O homem trabalha como caminhoneiro\u2026","rel":"","context":"In &quot;Blog&quot;","block_context":{"text":"Blog","link":"https:\/\/ismaelcolosi.com.br\/index.php\/category\/blog\/"},"img":{"alt_text":"","src":"https:\/\/i0.wp.com\/ismaelcolosi.com.br\/wp-content\/uploads\/2023\/11\/postimg-6566291634dca1216.jpg?fit=1200%2C628&ssl=1&resize=350%2C200","width":350,"height":200,"srcset":"https:\/\/i0.wp.com\/ismaelcolosi.com.br\/wp-content\/uploads\/2023\/11\/postimg-6566291634dca1216.jpg?fit=1200%2C628&ssl=1&resize=350%2C200 1x, https:\/\/i0.wp.com\/ismaelcolosi.com.br\/wp-content\/uploads\/2023\/11\/postimg-6566291634dca1216.jpg?fit=1200%2C628&ssl=1&resize=525%2C300 1.5x, https:\/\/i0.wp.com\/ismaelcolosi.com.br\/wp-content\/uploads\/2023\/11\/postimg-6566291634dca1216.jpg?fit=1200%2C628&ssl=1&resize=700%2C400 2x, https:\/\/i0.wp.com\/ismaelcolosi.com.br\/wp-content\/uploads\/2023\/11\/postimg-6566291634dca1216.jpg?fit=1200%2C628&ssl=1&resize=1050%2C600 3x"},"classes":[]},{"id":26858,"url":"https:\/\/ismaelcolosi.com.br\/index.php\/2024\/01\/10\/quem-e-o-homem-que-perdeu-a-vida-de-forma-cruel-pelas-maos-de-uma-amigo-motivacao-do-crime-e-exposta-pela-policia\/","url_meta":{"origin":2418,"position":4},"title":"Quem \u00e9 o homem que perdeu a vida de forma cruel pelas m\u00e3os de uma amigo, motiva\u00e7\u00e3o do crime \u00e9 exposta pela pol\u00edcia","author":"ismaelcolosi.com.br","date":"10 de January de 2024","format":false,"excerpt":"A pol\u00edcia identificou o homem que perdeu a vida pelas m\u00e3os de um amigo. O algoz da v\u00edtima usou extrema viol\u00eancia para matar uma pessoa que ele conhecia h\u00e1 tempos.Ilson Patr\u00edcio, de 56 anos, foi reconhecido como a v\u00edtima do homic\u00eddio cometido por um amigo motivado por ci\u00fames na \u00faltima\u2026","rel":"","context":"In &quot;Blog&quot;","block_context":{"text":"Blog","link":"https:\/\/ismaelcolosi.com.br\/index.php\/category\/blog\/"},"img":{"alt_text":"","src":"https:\/\/i0.wp.com\/ismaelcolosi.com.br\/wp-content\/uploads\/2024\/01\/postimg-659f561acf6c42070.jpg?fit=1200%2C628&ssl=1&resize=350%2C200","width":350,"height":200,"srcset":"https:\/\/i0.wp.com\/ismaelcolosi.com.br\/wp-content\/uploads\/2024\/01\/postimg-659f561acf6c42070.jpg?fit=1200%2C628&ssl=1&resize=350%2C200 1x, https:\/\/i0.wp.com\/ismaelcolosi.com.br\/wp-content\/uploads\/2024\/01\/postimg-659f561acf6c42070.jpg?fit=1200%2C628&ssl=1&resize=525%2C300 1.5x, https:\/\/i0.wp.com\/ismaelcolosi.com.br\/wp-content\/uploads\/2024\/01\/postimg-659f561acf6c42070.jpg?fit=1200%2C628&ssl=1&resize=700%2C400 2x, https:\/\/i0.wp.com\/ismaelcolosi.com.br\/wp-content\/uploads\/2024\/01\/postimg-659f561acf6c42070.jpg?fit=1200%2C628&ssl=1&resize=1050%2C600 3x"},"classes":[]},{"id":4136,"url":"https:\/\/ismaelcolosi.com.br\/index.php\/2023\/11\/20\/utm_sourcerssutm_mediumrssutm_campaignhomem-morre-apos-cair-das-escadarias-do-parque-roberto-genaro-em-ribeirao-preto-a-vitima-estaria-na-companhia-de-um-amigo\/","url_meta":{"origin":2418,"position":5},"title":"Homem morre ap\u00f3s cair das escadarias do Parque Roberto Genaro em Ribeir\u00e3o Preto; a v\u00edtima estaria na companhia de um amigo \u2013 X Tudo Ribeir\u00e3o","author":"ismaelcolosi.com.br","date":"20 de November de 2023","format":false,"excerpt":"Um homem de 43 anos, morreu na madrugada desta segunda-feira (20\/11), ap\u00f3s cair da escadaria do Parque Roberto Genaro, na avenida Santa Luzia, no Jardim Sumar\u00e9, na zona Sul de Ribeir\u00e3o Preto.\u00a0 Segundo informa\u00e7\u00f5es da Pol\u00edcia Militar, testemunhas acionaram os Policiais versando que teriam escutado um forte estrondo vindo do\u2026","rel":"","context":"In &quot;Not\u00edcias de Ribeir\u00e3o Preto-SP e Regi\u00e3o&quot;","block_context":{"text":"Not\u00edcias de Ribeir\u00e3o Preto-SP e Regi\u00e3o","link":"https:\/\/ismaelcolosi.com.br\/index.php\/category\/noticias-de-ribeirao-preto-sp-e-regiao-ismael-colosi\/"},"img":{"alt_text":"","src":"https:\/\/i0.wp.com\/ismaelcolosi.com.br\/wp-content\/uploads\/2023\/11\/WhatsApp-Image-2023-11-20-at-21.33.41.jpeg?fit=739%2C734&ssl=1&resize=350%2C200","width":350,"height":200,"srcset":"https:\/\/i0.wp.com\/ismaelcolosi.com.br\/wp-content\/uploads\/2023\/11\/WhatsApp-Image-2023-11-20-at-21.33.41.jpeg?fit=739%2C734&ssl=1&resize=350%2C200 1x, https:\/\/i0.wp.com\/ismaelcolosi.com.br\/wp-content\/uploads\/2023\/11\/WhatsApp-Image-2023-11-20-at-21.33.41.jpeg?fit=739%2C734&ssl=1&resize=525%2C300 1.5x, https:\/\/i0.wp.com\/ismaelcolosi.com.br\/wp-content\/uploads\/2023\/11\/WhatsApp-Image-2023-11-20-at-21.33.41.jpeg?fit=739%2C734&ssl=1&resize=700%2C400 2x"},"classes":[]}],"jetpack_sharing_enabled":true,"jetpack_shortlink":"https:\/\/wp.me\/pfMlyK-D0","_links":{"self":[{"href":"https:\/\/ismaelcolosi.com.br\/index.php\/wp-json\/wp\/v2\/posts\/2418","targetHints":{"allow":["GET"]}}],"collection":[{"href":"https:\/\/ismaelcolosi.com.br\/index.php\/wp-json\/wp\/v2\/posts"}],"about":[{"href":"https:\/\/ismaelcolosi.com.br\/index.php\/wp-json\/wp\/v2\/types\/post"}],"author":[{"embeddable":true,"href":"https:\/\/ismaelcolosi.com.br\/index.php\/wp-json\/wp\/v2\/users\/1"}],"replies":[{"embeddable":true,"href":"https:\/\/ismaelcolosi.com.br\/index.php\/wp-json\/wp\/v2\/comments?post=2418"}],"version-history":[{"count":0,"href":"https:\/\/ismaelcolosi.com.br\/index.php\/wp-json\/wp\/v2\/posts\/2418\/revisions"}],"wp:featuredmedia":[{"embeddable":true,"href":"https:\/\/ismaelcolosi.com.br\/index.php\/wp-json\/wp\/v2\/media\/2419"}],"wp:attachment":[{"href":"https:\/\/ismaelcolosi.com.br\/index.php\/wp-json\/wp\/v2\/media?parent=2418"}],"wp:term":[{"taxonomy":"category","embeddable":true,"href":"https:\/\/ismaelcolosi.com.br\/index.php\/wp-json\/wp\/v2\/categories?post=2418"},{"taxonomy":"post_tag","embeddable":true,"href":"https:\/\/ismaelcolosi.com.br\/index.php\/wp-json\/wp\/v2\/tags?post=2418"}],"curies":[{"name":"wp","href":"https:\/\/api.w.org\/{rel}","templated":true}]}}