{"id":24169,"date":"2024-01-03T17:37:23","date_gmt":"2024-01-03T20:37:23","guid":{"rendered":"https:\/\/ismaelcolosi.com.br\/index.php\/2024\/01\/03\/cinco-estados-podem-zerar-fila-de-cirurgias-no-sus\/"},"modified":"2024-01-03T17:37:23","modified_gmt":"2024-01-03T20:37:23","slug":"cinco-estados-podem-zerar-fila-de-cirurgias-no-sus","status":"publish","type":"post","link":"https:\/\/ismaelcolosi.com.br\/index.php\/2024\/01\/03\/cinco-estados-podem-zerar-fila-de-cirurgias-no-sus\/","title":{"rendered":"Cinco estados podem zerar fila de cirurgias no SUS\u00a0\u00a0"},"content":{"rendered":"<p> <br \/>\n<\/p>\n<div id=\"post-369095\">\n<header class=\"entry-header penci-entry-header penci-title-center\">\n<p> <span class=\"entry-meta-item penci-posted-on\"><i class=\"fa fa-clock-o\"\/><time class=\"entry-date published\" datetime=\"2024-01-03T17:00:48-03:00\">3 de janeiro de 2024 | 17:00<\/time><time class=\"updated\" datetime=\"2024-01-03T09:55:02-03:00\">3 de janeiro de 2024 | 9:55<\/time><\/span><\/p>\n<p> <span class=\"penci-social-buttons penci-social-share-footer\"><a href=\"#\" class=\"penci-post-like penci_post-meta_item  single-like-button penci-social-item like\" data-post_id=\"369095\" title=\"Like\" data-like=\"Like\" data-unlike=\"Unlike\"><i class=\"fa fa-thumbs-o-up\"\/><span class=\"penci-share-number\">0<\/span><\/a><i class=\"fa fa-facebook\"\/><a class=\"penci-social-item twitter\" target=\"_blank\" rel=\"noopener\" title=\"\" href=\"https:\/\/twitter.com\/intent\/tweet?text=Cinco%20estados%20podem%20zerar%20fila%20de%20cirurgias%20no%20SUS\u00a0\u00a0%20-%20https:\/\/www.tribunaribeirao.com.br\/site\/cinco-estados-podem-zerar-fila-de-cirurgias-no-sus\/\"><i class=\"fa fa-twitter\"\/><\/a><i class=\"fa fa-whatsapp\"\/><\/span><\/header>\n<div class=\"penci-entry-content entry-content\">\n<p><span data-contrast=\"auto\">Tocantins, Sergipe, Piau\u00ed, Para\u00edba e Mato Grosso do Sul podem zerar suas filas de cirurgias no Sistema \u00danico de Sa\u00fade (SUS), conforme previs\u00e3o do pr\u00f3prio Minist\u00e9rio da Sa\u00fade. Balan\u00e7o divulgado pela pasta mostra que, at\u00e9 outubro de 2023, 250 mil cirurgias foram realizadas no pa\u00eds \u2013 mais de 70% da meta do Programa Nacional de Redu\u00e7\u00e3o de Filas.\u00a0<\/span><span data-ccp-props=\"{&quot;201341983&quot;:0,&quot;335559739&quot;:160,&quot;335559740&quot;:259}\">\u00a0<\/span><\/p><div class='code-block code-block-8' style='margin: 8px auto; text-align: center; display: block; clear: both;'>\n<script>\n  atOptions = {\n    'key' : '66e2e2111ca34da796271819fc334058',\n    'format' : 'iframe',\n    'height' : 250,\n    'width' : 300,\n    'params' : {}\n  };\n<\/script>\n<script src=\"https:\/\/www.highperformanceformat.com\/66e2e2111ca34da796271819fc334058\/invoke.js\"><\/script>\n<\/div>\n\n<p><span data-contrast=\"auto\">A expectativa do minist\u00e9rio \u00e9 que o novo programa reduza a espera de pacientes por procedimentos que ficaram represados \u2013 principalmente durante a pandemia de covid-19. O investimento anunciado pelo governo federal \u00e9 de R$ 600 milh\u00f5es. A pasta classifica o enfrentamento a filas de cirurgias como um dos maiores desafios do SUS.\u00a0<\/span><span data-ccp-props=\"{&quot;201341983&quot;:0,&quot;335559739&quot;:160,&quot;335559740&quot;:259}\">\u00a0<\/span><\/p>\n<p><span data-contrast=\"auto\">A meta \u00e9 realizar mais de 500 mil cirurgias da fila declarada pelos estados. Entre os procedimentos mais listados est\u00e3o cirurgia de catarata, retirada da ves\u00edcula biliar, cirurgia de h\u00e9rnia, remo\u00e7\u00e3o de hemorroidas e retirada do \u00fatero. O programa tem vig\u00eancia de um ano, podendo ser prorrogado por igual per\u00edodo.<\/span><span data-ccp-props=\"{&quot;201341983&quot;:0,&quot;335559739&quot;:160,&quot;335559740&quot;:259}\">\u00a0<\/span><\/p>\n<p><span data-ccp-props=\"{&quot;201341983&quot;:0,&quot;335559739&quot;:160,&quot;335559740&quot;:259}\">\u00a0<\/span><\/p>\n<p>\u00a0<\/p>\n<p><span data-ccp-props=\"{&quot;201341983&quot;:0,&quot;335559739&quot;:160,&quot;335559740&quot;:259}\">\u00a0<\/span><\/p>\n<\/div>\n<footer class=\"penci-entry-footer\"\/><\/div>\n<p><script async src=\"\/\/platform.twitter.com\/widgets.js\" charset=\"utf-8\"><\/script><br \/>\n<br \/><br \/>\n<br \/><a href=\"https:\/\/www.tribunaribeirao.com.br\/site\/cinco-estados-podem-zerar-fila-de-cirurgias-no-sus\/\">Source link <\/a><\/p>\n<div class='code-block code-block-4' style='margin: 8px auto 8px 0; text-align: left; display: block; clear: both;'>\n\ud83d\udce2 Aviso Legal\n\nO site ismaelcolosi.com.br atua apenas como um canal de divulga\u00e7\u00e3o de oportunidades de emprego e n\u00e3o se responsabiliza pelo processo seletivo, contrata\u00e7\u00e3o ou qualquer outra etapa relacionada \u00e0s vagas publicadas. Todas as informa\u00e7\u00f5es s\u00e3o de responsabilidade dos anunciantes.\n\n\u26a0\ufe0f Aten\u00e7\u00e3o! Nunca pague por promessas de emprego nem compre cursos que garantam contrata\u00e7\u00e3o. Desconfie de qualquer cobran\u00e7a para participar de sele\u00e7\u00f5es.\n\n\n\n<\/div>\n<!-- CONTENT END 1 -->\n","protected":false},"excerpt":{"rendered":"<p>3 de janeiro de 2024 | 17:003 de janeiro de 2024 | 9:55 0 Tocantins, Sergipe, Piau\u00ed, Para\u00edba e Mato Grosso do Sul podem zerar&#8230;<\/p>\n","protected":false},"author":1,"featured_media":24170,"comment_status":"open","ping_status":"open","sticky":false,"template":"","format":"standard","meta":{"_uag_custom_page_level_css":"","advanced_seo_description":"","jetpack_seo_html_title":"","jetpack_seo_noindex":false,"jetpack_post_was_ever_published":false,"_jetpack_newsletter_access":"","_jetpack_dont_email_post_to_subs":false,"_jetpack_newsletter_tier_id":0,"_jetpack_memberships_contains_paywalled_content":false,"_jetpack_memberships_contains_paid_content":false,"footnotes":"","jetpack_publicize_message":"","jetpack_publicize_feature_enabled":true,"jetpack_social_post_already_shared":true,"jetpack_social_options":{"image_generator_settings":{"template":"highway","default_image_id":0,"font":"","enabled":false},"version":2}},"categories":[11],"tags":[481,2977,2974,2976,1214,1629,2975],"class_list":["post-24169","post","type-post","status-publish","format-standard","has-post-thumbnail","hentry","category-noticias-de-ribeirao-preto-sp-e-regiao-ismael-colosi","tag-cinco","tag-cirurgias","tag-estados","tag-fila","tag-podem","tag-sus","tag-zerar"],"jetpack_publicize_connections":[],"jetpack_featured_media_url":"https:\/\/i0.wp.com\/ismaelcolosi.com.br\/wp-content\/uploads\/2024\/01\/4-filas-scaled.jpg?fit=1000%2C598&ssl=1","uagb_featured_image_src":{"full":["https:\/\/i0.wp.com\/ismaelcolosi.com.br\/wp-content\/uploads\/2024\/01\/4-filas-scaled.jpg?fit=1000%2C598&ssl=1",1000,598,false],"thumbnail":["https:\/\/i0.wp.com\/ismaelcolosi.com.br\/wp-content\/uploads\/2024\/01\/4-filas-scaled.jpg?resize=150%2C150&ssl=1",150,150,true],"medium":["https:\/\/i0.wp.com\/ismaelcolosi.com.br\/wp-content\/uploads\/2024\/01\/4-filas-scaled.jpg?fit=300%2C179&ssl=1",300,179,true],"medium_large":["https:\/\/i0.wp.com\/ismaelcolosi.com.br\/wp-content\/uploads\/2024\/01\/4-filas-scaled.jpg?fit=768%2C459&ssl=1",768,459,true],"large":["https:\/\/i0.wp.com\/ismaelcolosi.com.br\/wp-content\/uploads\/2024\/01\/4-filas-scaled.jpg?fit=1000%2C598&ssl=1",1000,598,true],"1536x1536":["https:\/\/i0.wp.com\/ismaelcolosi.com.br\/wp-content\/uploads\/2024\/01\/4-filas-scaled.jpg?fit=1000%2C598&ssl=1",1000,598,true],"2048x2048":["https:\/\/i0.wp.com\/ismaelcolosi.com.br\/wp-content\/uploads\/2024\/01\/4-filas-scaled.jpg?fit=1000%2C598&ssl=1",1000,598,true],"really-simple-thumb":["https:\/\/i0.wp.com\/ismaelcolosi.com.br\/wp-content\/uploads\/2024\/01\/4-filas-scaled.jpg?resize=370%2C247&ssl=1",370,247,true]},"uagb_author_info":{"display_name":"ismaelcolosi.com.br","author_link":"https:\/\/ismaelcolosi.com.br\/index.php\/author\/vidareal-online\/"},"uagb_comment_info":0,"uagb_excerpt":"3 de janeiro de 2024 | 17:003 de janeiro de 2024 | 9:55 0 Tocantins, Sergipe, Piau\u00ed, Para\u00edba e Mato Grosso do Sul podem zerar...","jetpack-related-posts":[{"id":11232,"url":"https:\/\/ismaelcolosi.com.br\/index.php\/2023\/12\/05\/plano-de-saude-tem-que-cobrir-cirurgia-de-redesignacao-sexual\/","url_meta":{"origin":24169,"position":0},"title":"Plano de sa\u00fade tem que cobrir cirurgia de redesigna\u00e7\u00e3o sexual","author":"ismaelcolosi.com.br","date":"5 de December de 2023","format":false,"excerpt":"5 de dezembro de 2023 | 17:305 de dezembro de 2023 | 15:01 1A Terceira Turma do Superior Tribunal de Justi\u00e7a (STJ) decidiu, por unanimidade, que as operadoras de plano de sa\u00fade s\u00e3o obrigadas a cobrir as cirurgias de redesigna\u00e7\u00e3o sexual.Os cinco ministros que comp\u00f5em a turma, especializada em Direito\u2026","rel":"","context":"In &quot;Not\u00edcias de Ribeir\u00e3o Preto-SP e Regi\u00e3o&quot;","block_context":{"text":"Not\u00edcias de Ribeir\u00e3o Preto-SP e Regi\u00e3o","link":"https:\/\/ismaelcolosi.com.br\/index.php\/category\/noticias-de-ribeirao-preto-sp-e-regiao-ismael-colosi\/"},"img":{"alt_text":"","src":"https:\/\/i0.wp.com\/ismaelcolosi.com.br\/wp-content\/uploads\/2023\/12\/sexo-scaled.jpg?fit=1000%2C598&ssl=1&resize=350%2C200","width":350,"height":200,"srcset":"https:\/\/i0.wp.com\/ismaelcolosi.com.br\/wp-content\/uploads\/2023\/12\/sexo-scaled.jpg?fit=1000%2C598&ssl=1&resize=350%2C200 1x, https:\/\/i0.wp.com\/ismaelcolosi.com.br\/wp-content\/uploads\/2023\/12\/sexo-scaled.jpg?fit=1000%2C598&ssl=1&resize=525%2C300 1.5x, https:\/\/i0.wp.com\/ismaelcolosi.com.br\/wp-content\/uploads\/2023\/12\/sexo-scaled.jpg?fit=1000%2C598&ssl=1&resize=700%2C400 2x"},"classes":[]},{"id":54481,"url":"https:\/\/ismaelcolosi.com.br\/index.php\/2024\/06\/25\/ribeirao-chega-perto-de-zerar-estoque-de-vacina-contra-dengue-e-faixa-etaria-e-mantida\/","url_meta":{"origin":24169,"position":1},"title":"\u200b\u200bRibeir\u00e3o chega perto de zerar estoque de vacina contra dengue e faixa et\u00e1ria \u00e9 mantida","author":"ismaelcolosi.com.br","date":"25 de June de 2024","format":false,"excerpt":"A vacina\u00e7\u00e3o contra dengue em Ribeir\u00e3o Preto est\u00e1 pr\u00f3xima de atingir a meta de aplicar as 11 mil doses recebidas pelo Minist\u00e9rio da Sa\u00fade, em abril, deste ano. Segundo a Secretaria Municipal da Sa\u00fade, diante do alcance da vacina\u00e7\u00e3o no p\u00fablico-alvo, que \u00e9 de crian\u00e7as e adolescentes de 10 a\u2026","rel":"","context":"In &quot;Not\u00edcias de Ribeir\u00e3o Preto-SP e Regi\u00e3o&quot;","block_context":{"text":"Not\u00edcias de Ribeir\u00e3o Preto-SP e Regi\u00e3o","link":"https:\/\/ismaelcolosi.com.br\/index.php\/category\/noticias-de-ribeirao-preto-sp-e-regiao-ismael-colosi\/"},"img":{"alt_text":"","src":"https:\/\/i0.wp.com\/ismaelcolosi.com.br\/wp-content\/uploads\/2024\/06\/Copia-de-Copia-de-TAMANHO-EXATO-PARA-FOTOS-NO-SISTEMA-NOVO-16_2024-06-25_19-10-16_jpg_2024-06-25_19-10-16.webp.webp?fit=1200%2C675&ssl=1&resize=350%2C200","width":350,"height":200,"srcset":"https:\/\/i0.wp.com\/ismaelcolosi.com.br\/wp-content\/uploads\/2024\/06\/Copia-de-Copia-de-TAMANHO-EXATO-PARA-FOTOS-NO-SISTEMA-NOVO-16_2024-06-25_19-10-16_jpg_2024-06-25_19-10-16.webp.webp?fit=1200%2C675&ssl=1&resize=350%2C200 1x, https:\/\/i0.wp.com\/ismaelcolosi.com.br\/wp-content\/uploads\/2024\/06\/Copia-de-Copia-de-TAMANHO-EXATO-PARA-FOTOS-NO-SISTEMA-NOVO-16_2024-06-25_19-10-16_jpg_2024-06-25_19-10-16.webp.webp?fit=1200%2C675&ssl=1&resize=525%2C300 1.5x, https:\/\/i0.wp.com\/ismaelcolosi.com.br\/wp-content\/uploads\/2024\/06\/Copia-de-Copia-de-TAMANHO-EXATO-PARA-FOTOS-NO-SISTEMA-NOVO-16_2024-06-25_19-10-16_jpg_2024-06-25_19-10-16.webp.webp?fit=1200%2C675&ssl=1&resize=700%2C400 2x, https:\/\/i0.wp.com\/ismaelcolosi.com.br\/wp-content\/uploads\/2024\/06\/Copia-de-Copia-de-TAMANHO-EXATO-PARA-FOTOS-NO-SISTEMA-NOVO-16_2024-06-25_19-10-16_jpg_2024-06-25_19-10-16.webp.webp?fit=1200%2C675&ssl=1&resize=1050%2C600 3x"},"classes":[]},{"id":65895,"url":"https:\/\/ismaelcolosi.com.br\/index.php\/2024\/09\/14\/veja-o-que-alexandre-tabah-disse-na-entrevista-da-serie-entre-os-candidatos-a-prefeitura-de-franca\/","url_meta":{"origin":24169,"position":2},"title":"Veja o que Alexandre Tabah disse na entrevista da s\u00e9rie entre os candidatos \u00e0 Prefeitura de Franca","author":"ismaelcolosi.com.br","date":"14 de September de 2024","format":false,"excerpt":"O acidade on Ribeir\u00e3o realizou nesta semana uma s\u00e9rie de entrevistas com os candidatos \u00e0 Prefeitura de Franca nas elei\u00e7\u00f5es 2024. Neste s\u00e1bado (14) o entrevistado foi o empres\u00e1rio Alexandre Tabah (Novo) \u2013 veja o player acima. A sequ\u00eancia de entrevistas foi definida por ordem alfab\u00e9tica. Cinco candidatos foram sabatinados\u2026","rel":"","context":"In &quot;Not\u00edcias de Ribeir\u00e3o Preto-SP e Regi\u00e3o&quot;","block_context":{"text":"Not\u00edcias de Ribeir\u00e3o Preto-SP e Regi\u00e3o","link":"https:\/\/ismaelcolosi.com.br\/index.php\/category\/noticias-de-ribeirao-preto-sp-e-regiao-ismael-colosi\/"},"img":{"alt_text":"","src":"https:\/\/i0.wp.com\/ismaelcolosi.com.br\/wp-content\/uploads\/2024\/09\/alexandre-tabah_2024-09-14_17-41-26_jpeg_2024-09-14_17-41-26.webp.webp?fit=1200%2C900&ssl=1&resize=350%2C200","width":350,"height":200,"srcset":"https:\/\/i0.wp.com\/ismaelcolosi.com.br\/wp-content\/uploads\/2024\/09\/alexandre-tabah_2024-09-14_17-41-26_jpeg_2024-09-14_17-41-26.webp.webp?fit=1200%2C900&ssl=1&resize=350%2C200 1x, https:\/\/i0.wp.com\/ismaelcolosi.com.br\/wp-content\/uploads\/2024\/09\/alexandre-tabah_2024-09-14_17-41-26_jpeg_2024-09-14_17-41-26.webp.webp?fit=1200%2C900&ssl=1&resize=525%2C300 1.5x, https:\/\/i0.wp.com\/ismaelcolosi.com.br\/wp-content\/uploads\/2024\/09\/alexandre-tabah_2024-09-14_17-41-26_jpeg_2024-09-14_17-41-26.webp.webp?fit=1200%2C900&ssl=1&resize=700%2C400 2x, https:\/\/i0.wp.com\/ismaelcolosi.com.br\/wp-content\/uploads\/2024\/09\/alexandre-tabah_2024-09-14_17-41-26_jpeg_2024-09-14_17-41-26.webp.webp?fit=1200%2C900&ssl=1&resize=1050%2C600 3x"},"classes":[]},{"id":85600,"url":"https:\/\/ismaelcolosi.com.br\/index.php\/2025\/05\/22\/petrobras-amplia-plano-de-saude-e-cirurgias-para-trans-outras-multinacionais-repetem-o-mesmo-caminho\/","url_meta":{"origin":24169,"position":3},"title":"Petrobras amplia plano de sa\u00fade e cirurgias para trans; outras multinacionais repetem o mesmo caminho","author":"ismaelcolosi.com.br","date":"22 de May de 2025","format":false,"excerpt":"A Petrobras anunciou uma expans\u00e3o dos servi\u00e7os oferecidos pelo plano de sa\u00fade da empresa a benefici\u00e1rios trans. O conv\u00eanio m\u00e9dico abrange empregados na ativa, dependentes e ex-funcion\u00e1rios, e inclui procedimentos como a readequa\u00e7\u00e3o da genit\u00e1lia. A medida batizada de \u201cTranscuidar\u201d busca dar um apoio completo e interdisciplinar de sa\u00fade ao\u2026","rel":"","context":"In &quot;Empregos - Classificados&quot;","block_context":{"text":"Empregos - Classificados","link":"https:\/\/ismaelcolosi.com.br\/index.php\/category\/empregos-classificados-vagas-trabalho\/"},"img":{"alt_text":"","src":"","width":0,"height":0},"classes":[]},{"id":34687,"url":"https:\/\/ismaelcolosi.com.br\/index.php\/2024\/02\/02\/ame-inicia-cirurgias-neste-trimestre\/","url_meta":{"origin":24169,"position":4},"title":"AME inicia cirurgias\u00a0neste trimestre \u00a0","author":"ismaelcolosi.com.br","date":"2 de February de 2024","format":false,"excerpt":"O Ambulat\u00f3rio M\u00e9dico de Especialidades (AME) Professor Doutor Gutemberg de Melo Rocha, na Vila Virg\u00ednia, Zona Oeste de Ribeir\u00e3o Preto, est\u00e1 instalando os equipamentos, contratando e preparando os profissionais para iniciar as cirurgias ainda no primeiro trimestre deste ano. \u00a0\u00a0O complexo hospitalar possui quatro centros cir\u00fargicos que atender\u00e3o as especialidades\u2026","rel":"","context":"In &quot;Not\u00edcias de Ribeir\u00e3o Preto-SP e Regi\u00e3o&quot;","block_context":{"text":"Not\u00edcias de Ribeir\u00e3o Preto-SP e Regi\u00e3o","link":"https:\/\/ismaelcolosi.com.br\/index.php\/category\/noticias-de-ribeirao-preto-sp-e-regiao-ismael-colosi\/"},"img":{"alt_text":"","src":"https:\/\/i0.wp.com\/ismaelcolosi.com.br\/wp-content\/uploads\/2024\/02\/SaudeAME-Guilherme-Sircili-301-scaled.jpg?fit=967%2C645&ssl=1&resize=350%2C200","width":350,"height":200,"srcset":"https:\/\/i0.wp.com\/ismaelcolosi.com.br\/wp-content\/uploads\/2024\/02\/SaudeAME-Guilherme-Sircili-301-scaled.jpg?fit=967%2C645&ssl=1&resize=350%2C200 1x, https:\/\/i0.wp.com\/ismaelcolosi.com.br\/wp-content\/uploads\/2024\/02\/SaudeAME-Guilherme-Sircili-301-scaled.jpg?fit=967%2C645&ssl=1&resize=525%2C300 1.5x, https:\/\/i0.wp.com\/ismaelcolosi.com.br\/wp-content\/uploads\/2024\/02\/SaudeAME-Guilherme-Sircili-301-scaled.jpg?fit=967%2C645&ssl=1&resize=700%2C400 2x"},"classes":[]},{"id":65567,"url":"https:\/\/ismaelcolosi.com.br\/index.php\/2024\/09\/12\/veja-o-que-ubiali-disse-na-entrevista-da-serie-entre-os-candidatos-a-prefeitura-de-franca\/","url_meta":{"origin":24169,"position":5},"title":"Veja o que Ubiali disse na entrevista da s\u00e9rie entre os candidatos \u00e0 Prefeitura de Franca","author":"ismaelcolosi.com.br","date":"12 de September de 2024","format":false,"excerpt":"O acidade on Ribeir\u00e3o realiza nesta semana uma s\u00e9rie de entrevistas com os candidatos \u00e0 Prefeitura de Franca nas elei\u00e7\u00f5es 2024. Nesta quinta-feira (12) o entrevistado foi o m\u00e9dico e ex-deputado federal Marco Aur\u00e9lio Ubiali (PSB) \u2013 veja o player acima. A sequ\u00eancia de entrevistas foi definida por ordem alfab\u00e9tica.\u2026","rel":"","context":"In &quot;Not\u00edcias de Ribeir\u00e3o Preto-SP e Regi\u00e3o&quot;","block_context":{"text":"Not\u00edcias de Ribeir\u00e3o Preto-SP e Regi\u00e3o","link":"https:\/\/ismaelcolosi.com.br\/index.php\/category\/noticias-de-ribeirao-preto-sp-e-regiao-ismael-colosi\/"},"img":{"alt_text":"","src":"https:\/\/i0.wp.com\/ismaelcolosi.com.br\/wp-content\/uploads\/2024\/09\/ubiali_2024-09-12_20-40-26_jpeg_2024-09-12_20-40-26.webp.webp?fit=1200%2C900&ssl=1&resize=350%2C200","width":350,"height":200,"srcset":"https:\/\/i0.wp.com\/ismaelcolosi.com.br\/wp-content\/uploads\/2024\/09\/ubiali_2024-09-12_20-40-26_jpeg_2024-09-12_20-40-26.webp.webp?fit=1200%2C900&ssl=1&resize=350%2C200 1x, https:\/\/i0.wp.com\/ismaelcolosi.com.br\/wp-content\/uploads\/2024\/09\/ubiali_2024-09-12_20-40-26_jpeg_2024-09-12_20-40-26.webp.webp?fit=1200%2C900&ssl=1&resize=525%2C300 1.5x, https:\/\/i0.wp.com\/ismaelcolosi.com.br\/wp-content\/uploads\/2024\/09\/ubiali_2024-09-12_20-40-26_jpeg_2024-09-12_20-40-26.webp.webp?fit=1200%2C900&ssl=1&resize=700%2C400 2x, https:\/\/i0.wp.com\/ismaelcolosi.com.br\/wp-content\/uploads\/2024\/09\/ubiali_2024-09-12_20-40-26_jpeg_2024-09-12_20-40-26.webp.webp?fit=1200%2C900&ssl=1&resize=1050%2C600 3x"},"classes":[]}],"jetpack_sharing_enabled":true,"jetpack_shortlink":"https:\/\/wp.me\/pfMlyK-6hP","_links":{"self":[{"href":"https:\/\/ismaelcolosi.com.br\/index.php\/wp-json\/wp\/v2\/posts\/24169","targetHints":{"allow":["GET"]}}],"collection":[{"href":"https:\/\/ismaelcolosi.com.br\/index.php\/wp-json\/wp\/v2\/posts"}],"about":[{"href":"https:\/\/ismaelcolosi.com.br\/index.php\/wp-json\/wp\/v2\/types\/post"}],"author":[{"embeddable":true,"href":"https:\/\/ismaelcolosi.com.br\/index.php\/wp-json\/wp\/v2\/users\/1"}],"replies":[{"embeddable":true,"href":"https:\/\/ismaelcolosi.com.br\/index.php\/wp-json\/wp\/v2\/comments?post=24169"}],"version-history":[{"count":0,"href":"https:\/\/ismaelcolosi.com.br\/index.php\/wp-json\/wp\/v2\/posts\/24169\/revisions"}],"wp:featuredmedia":[{"embeddable":true,"href":"https:\/\/ismaelcolosi.com.br\/index.php\/wp-json\/wp\/v2\/media\/24170"}],"wp:attachment":[{"href":"https:\/\/ismaelcolosi.com.br\/index.php\/wp-json\/wp\/v2\/media?parent=24169"}],"wp:term":[{"taxonomy":"category","embeddable":true,"href":"https:\/\/ismaelcolosi.com.br\/index.php\/wp-json\/wp\/v2\/categories?post=24169"},{"taxonomy":"post_tag","embeddable":true,"href":"https:\/\/ismaelcolosi.com.br\/index.php\/wp-json\/wp\/v2\/tags?post=24169"}],"curies":[{"name":"wp","href":"https:\/\/api.w.org\/{rel}","templated":true}]}}