{"id":24145,"date":"2024-01-03T16:49:12","date_gmt":"2024-01-03T19:49:12","guid":{"rendered":"https:\/\/ismaelcolosi.com.br\/index.php\/2024\/01\/03\/biblioteca-no-centro-de-ribeirao-preto-tem-atividades-especiais-para-as-ferias-veja-a-programacao\/"},"modified":"2024-01-03T16:49:12","modified_gmt":"2024-01-03T19:49:12","slug":"biblioteca-no-centro-de-ribeirao-preto-tem-atividades-especiais-para-as-ferias-veja-a-programacao","status":"publish","type":"post","link":"https:\/\/ismaelcolosi.com.br\/index.php\/2024\/01\/03\/biblioteca-no-centro-de-ribeirao-preto-tem-atividades-especiais-para-as-ferias-veja-a-programacao\/","title":{"rendered":"Biblioteca no Centro de Ribeir\u00e3o Preto tem atividades especiais para as f\u00e9rias; Veja a programa\u00e7\u00e3o"},"content":{"rendered":"<p> <br \/>\n<\/p>\n<div>\n<p>A <strong>Biblioteca Sinh\u00e1 Junqueira<\/strong>, localizada na rua Duque de Caxias, 547, no Centro de <strong>Ribeir\u00e3o Preto<\/strong>, promove no m\u00eas de janeiro uma <strong>programa\u00e7\u00e3o especial de f\u00e9rias<\/strong> com a tem\u00e1tica <strong>\u201cAventuras Culturais\u201d<\/strong>, com atividades para todas as idades.<\/p>\n<p><mark style=\"background-color:#fcb900\" class=\"has-inline-color\">Entre as op\u00e7\u00f5es est\u00e3o <strong>clubes de leitura<\/strong>, <strong>m\u00fasica ao vivo<\/strong>, <strong>partidas de videogame<\/strong>, <strong>oficinas<\/strong>, <strong>visitas mediadas<\/strong>, <strong>atividades infantis<\/strong>, <strong>jogos de xadrez etc<\/strong>.<\/mark><\/p>\n<p>\u201cO espa\u00e7o estar\u00e1 aberto para receber todos aqueles que buscam entretenimento, aprendizado e momentos inesquec\u00edveis\u201d, diz a publica\u00e7\u00e3o nas redes sociais da biblioteca.<\/p>\n<h4 class=\"wp-block-heading\"><strong>Confira a programa\u00e7\u00e3o completa<\/strong><\/h4>\n<ul>\n<li><strong>Partidas de Playstation no Tel\u00e3o<\/strong><\/li>\n<\/ul>\n<p>Quando: 4 de janeiro, quinta-feira<\/p>\n<p>Hor\u00e1rio: \u00e0s 15h<\/p>\n<ul>\n<li><strong>Atividade infantil: Olha o cachorro, minha gente com Aline Neli<\/strong><\/li>\n<\/ul>\n<p>Quando: 6 de janeiro, s\u00e1bado<\/p>\n<p>Hor\u00e1rio: \u00e0s 10h<\/p>\n<ul>\n<li><strong>Caf\u00e9 Com Chorinho com o Grupo Choro da Casa: Especial Bandolim brasileiro<\/strong><\/li>\n<\/ul>\n<p>Quando: 6 de janeiro, s\u00e1bado<\/p>\n<p>Hor\u00e1rio: \u00e0s 11h<\/p>\n<ul>\n<li><strong>Visita mediada aberta ao publico<\/strong><\/li>\n<\/ul>\n<p>Quando: 6 de janeiro, s\u00e1bado<\/p>\n<p>Hor\u00e1rio: \u00e0s 14h<\/p>\n<ul>\n<li><strong>Partidas de Xadrez Gigante<\/strong><\/li>\n<\/ul>\n<p>Quando: 6 de janeiro, s\u00e1bado<\/p>\n<p>Hor\u00e1rio: \u00e0s 15h<\/p>\n<ul>\n<li><strong>Oficina de musicaliza\u00e7\u00e3o infantil com a Banda Rouxinol<\/strong><\/li>\n<\/ul>\n<p>Quando: 6 de janeiro, s\u00e1bado<\/p>\n<p>Hor\u00e1rio: \u00e0s 16h<\/p>\n<p>Quando: 9 de janeiro, ter\u00e7a-feira<\/p>\n<p>Hor\u00e1rio: \u00e0s 16h<\/p>\n<p>Quando: 10 de janeiro, quarta-feira<\/p>\n<p>Hor\u00e1rio: \u00e0s 19h<\/p>\n<ul>\n<li><strong>Oficina de Monotipia com Marina Dias<\/strong><\/li>\n<\/ul>\n<p>Quando: 11 de janeiro, quinta-feira<\/p>\n<p>Hor\u00e1rio: \u00e0s 15h<\/p>\n<ul>\n<li><strong>Visita mediada aberta ao publico<\/strong><\/li>\n<\/ul>\n<p>Quando: 13 de janeiro, s\u00e1bado<\/p>\n<p>Hor\u00e1rio: \u00e0s 10h<\/p>\n<ul>\n<li><strong>Oficina gal\u00e1xia no potinho com Aline Neli<\/strong><\/li>\n<\/ul>\n<p>Quando: 13 de janeiro, s\u00e1bado<\/p>\n<p>Hor\u00e1rio: \u00e0s 10h<\/p>\n<p>Quando: 13 de janeiro, s\u00e1bado<\/p>\n<p>Hor\u00e1rio: \u00e0s 11h<\/p>\n<ul>\n<li><strong>BOARDGAMES com RP Ao Quadrado<\/strong><\/li>\n<\/ul>\n<p>Quando: 13 de janeiro, s\u00e1bado<\/p>\n<p>Hor\u00e1rio: \u00e0s 14h<\/p>\n<ul>\n<li><strong>Oficina de Monotipia com Marina Dias<\/strong><\/li>\n<\/ul>\n<p>Quando: 13 de janeiro, s\u00e1bado<\/p>\n<p>Hor\u00e1rio: \u00e0s 15h<\/p>\n<ul>\n<li><strong>Show: Banda Sabi\u00e1 Brasil<\/strong><\/li>\n<\/ul>\n<p>Quando: 13 de janeiro, s\u00e1bado<\/p>\n<p>Hor\u00e1rio: \u00e0s 16h<\/p>\n<p>Quando: 16 de janeiro, ter\u00e7a-feira<\/p>\n<p>Hor\u00e1rio: \u00e0s 16h<\/p>\n<ul>\n<li><strong>Partidas de Playstation no Tel\u00e3o<\/strong><\/li>\n<\/ul>\n<p>Quando: 18 de janeiro, quinta-feira<\/p>\n<p>Hor\u00e1rio: \u00e0s 15h<\/p>\n<ul>\n<li><strong>Lan\u00e7amento de livro: \u201cO discurso em n\u00f3s: mem\u00f3ria e subjetividade em discurso\u201d<\/strong><\/li>\n<\/ul>\n<p>Quando: 19 de janeiro, sexta-feira<\/p>\n<p>Hor\u00e1rio: \u00e0s 19h<\/p>\n<ul>\n<li><strong>Atividade infantil: banda infantil Rouxinol<\/strong><\/li>\n<\/ul>\n<p>Quando: 20 de janeiro, s\u00e1bado<\/p>\n<p>Hor\u00e1rio: \u00e0s 10h<\/p>\n<ul>\n<li><strong>Visita mediada aberta ao publico<\/strong><\/li>\n<\/ul>\n<p>Quando: 20 de janeiro, s\u00e1bado<\/p>\n<p>Hor\u00e1rio: \u00e0s 14h<\/p>\n<ul>\n<li><strong>\u201cLugar de Escuta Self Connection\u201d<\/strong><\/li>\n<\/ul>\n<p>Quando: 20 de janeiro, s\u00e1bado<\/p>\n<p>Hor\u00e1rio: \u00e0s 15h<\/p>\n<ul>\n<li><strong>Show \u201cMeu Pop \u00c9 Rural\u201d do artista Jos\u00e9 C\u00e2ndido.<\/strong><\/li>\n<\/ul>\n<p>Quando: 20 de janeiro, s\u00e1bado<\/p>\n<p>Hor\u00e1rio: \u00e0s 16h<\/p>\n<p>Quando: 23 de janeiro, ter\u00e7a-feira<\/p>\n<p>Hor\u00e1rio: \u00e0s 16h<\/p>\n<p>Quando: 24 de janeiro, quarta-feira<\/p>\n<p>Hor\u00e1rio: \u00e0s 19h<\/p>\n<ul>\n<li><strong>English Descomplicado com Atrielle Bueno<\/strong><\/li>\n<\/ul>\n<p>Quando: 27 de janeiro, s\u00e1bado<\/p>\n<p>Hor\u00e1rio: \u00e0s 10h<\/p>\n<ul>\n<li><strong>Visita mediada aberta ao publico<\/strong><\/li>\n<\/ul>\n<p>Quando: 27 de janeiro, s\u00e1bado<\/p>\n<p>Hor\u00e1rio: \u00e0s 10h<\/p>\n<ul>\n<li><strong>Griot Clubinho de Leitura<\/strong><\/li>\n<\/ul>\n<p>Quando: 27 de janeiro, s\u00e1bado<\/p>\n<p>Hor\u00e1rio: \u00e0s 14h<\/p>\n<p>Quando: 27 de janeiro, s\u00e1bado<\/p>\n<p>Hor\u00e1rio: \u00e0s 16h<\/p>\n<p>Quando: 27 de janeiro, s\u00e1bado<\/p>\n<p>Hor\u00e1rio: \u00e0s 16h<\/p>\n<p>Quando: 30 de janeiro, ter\u00e7a-feira<\/p>\n<p>Hor\u00e1rio: \u00e0s 16h<\/p>\n<p><em>Para mais informa\u00e7\u00f5es acesse o site (<a href=\"https:\/\/bsj.org.br\/agenda\/\" target=\"_blank\" rel=\"noreferrer noopener\">clique aqui<\/a>) ou as <a href=\"https:\/\/www.instagram.com\/bsjrp\/\" target=\"_blank\" rel=\"noreferrer noopener\">redes sociais da biblioteca<\/a>.<\/em><\/p>\n<p>VEJA TAMB\u00c9M<\/p>\n<p>Luan Santana confirma festival em Ribeir\u00e3o Preto em 2024<\/p>\n<h4 class=\"wp-block-heading\"><strong><mark style=\"background-color:#fcb900\" class=\"has-inline-color\">FIQUE ON<\/mark><\/strong><\/h4>\n<p>Fique ligado em tudo que acontece em Ribeir\u00e3o Preto e regi\u00e3o. Siga os perfis do\u00a0<strong>acidade on\u00a0<\/strong>no\u00a0<a href=\"https:\/\/www.instagram.com\/acidadeonribeirao\" target=\"_blank\" rel=\"noreferrer noopener\">Instagram\u00a0<\/a>e no\u00a0<a href=\"https:\/\/www.facebook.com\/acidadeonribeirao\" target=\"_blank\" rel=\"noreferrer noopener\">Facebook.<\/a><\/p>\n<p>Receba not\u00edcias do\u00a0<strong>acidade on\u00a0<\/strong>no WhatsApp.\u00a0<a href=\"https:\/\/chat.whatsapp.com\/Bnv2w66ZT4VDyZW3oiZ69n\" target=\"_blank\" rel=\"noreferrer noopener\">Para entrar no grupo, basta clicar aqui.<\/a><\/p>\n<p>Fa\u00e7a uma den\u00fancia ou sugira uma reportagem sobre a Ribeir\u00e3o Preto e regi\u00e3o pelo WhatsApp: (16) 99117 7802.<\/p>\n<p>LEIA MAIS<br \/>Por que a data do Carnaval muda todos os anos? Descubra<\/p>\n<p><!-- AI CONTENT END 1 -->\n<\/div>\n<p><script async src=\"\/\/www.instagram.com\/embed.js\"><\/script><br \/>\n<br \/><br \/>\n<br \/><a href=\"https:\/\/www.acidadeon.com\/ribeiraopreto\/lazer-e-cultura\/biblioteca-no-centro-de-ribeirao-preto-tem-atividades-especiais-para-as-ferias-veja-a-programacao\/\">Source link <\/a><\/p>\n<div class='code-block code-block-4' style='margin: 8px auto 8px 0; text-align: left; display: block; clear: both;'>\n\ud83d\udce2 Aviso Legal\n\nO site ismaelcolosi.com.br atua apenas como um canal de divulga\u00e7\u00e3o de oportunidades de emprego e n\u00e3o se responsabiliza pelo processo seletivo, contrata\u00e7\u00e3o ou qualquer outra etapa relacionada \u00e0s vagas publicadas. Todas as informa\u00e7\u00f5es s\u00e3o de responsabilidade dos anunciantes.\n\n\u26a0\ufe0f Aten\u00e7\u00e3o! Nunca pague por promessas de emprego nem compre cursos que garantam contrata\u00e7\u00e3o. Desconfie de qualquer cobran\u00e7a para participar de sele\u00e7\u00f5es.\n\n\n\n<\/div>\n<!-- CONTENT END 1 -->\n","protected":false},"excerpt":{"rendered":"<p>A Biblioteca Sinh\u00e1 Junqueira, localizada na rua Duque de Caxias, 547, no Centro de Ribeir\u00e3o Preto, promove no m\u00eas de janeiro uma programa\u00e7\u00e3o especial de&#8230;<\/p>\n","protected":false},"author":1,"featured_media":24146,"comment_status":"open","ping_status":"open","sticky":false,"template":"","format":"standard","meta":{"_uag_custom_page_level_css":"","advanced_seo_description":"","jetpack_seo_html_title":"","jetpack_seo_noindex":false,"jetpack_post_was_ever_published":false,"_jetpack_newsletter_access":"","_jetpack_dont_email_post_to_subs":false,"_jetpack_newsletter_tier_id":0,"_jetpack_memberships_contains_paywalled_content":false,"_jetpack_memberships_contains_paid_content":false,"footnotes":"","jetpack_publicize_message":"","jetpack_publicize_feature_enabled":true,"jetpack_social_post_already_shared":true,"jetpack_social_options":{"image_generator_settings":{"template":"highway","default_image_id":0,"font":"","enabled":false},"version":2}},"categories":[11],"tags":[1174,641,418,2969,2970,71,27,70,26,162,48],"class_list":["post-24145","post","type-post","status-publish","format-standard","has-post-thumbnail","hentry","category-noticias-de-ribeirao-preto-sp-e-regiao-ismael-colosi","tag-atividades","tag-biblioteca","tag-centro","tag-especiais","tag-ferias","tag-para","tag-preto","tag-programacao","tag-ribeirao","tag-tem","tag-veja"],"jetpack_publicize_connections":[],"jetpack_featured_media_url":"https:\/\/i0.wp.com\/ismaelcolosi.com.br\/wp-content\/uploads\/2024\/01\/biblioteca_sinha_1024x576_18032021112547.jpg?fit=1024%2C576&ssl=1","uagb_featured_image_src":{"full":["https:\/\/i0.wp.com\/ismaelcolosi.com.br\/wp-content\/uploads\/2024\/01\/biblioteca_sinha_1024x576_18032021112547.jpg?fit=1024%2C576&ssl=1",1024,576,false],"thumbnail":["https:\/\/i0.wp.com\/ismaelcolosi.com.br\/wp-content\/uploads\/2024\/01\/biblioteca_sinha_1024x576_18032021112547.jpg?resize=150%2C150&ssl=1",150,150,true],"medium":["https:\/\/i0.wp.com\/ismaelcolosi.com.br\/wp-content\/uploads\/2024\/01\/biblioteca_sinha_1024x576_18032021112547.jpg?fit=300%2C169&ssl=1",300,169,true],"medium_large":["https:\/\/i0.wp.com\/ismaelcolosi.com.br\/wp-content\/uploads\/2024\/01\/biblioteca_sinha_1024x576_18032021112547.jpg?fit=768%2C432&ssl=1",768,432,true],"large":["https:\/\/i0.wp.com\/ismaelcolosi.com.br\/wp-content\/uploads\/2024\/01\/biblioteca_sinha_1024x576_18032021112547.jpg?fit=1024%2C576&ssl=1",1024,576,true],"1536x1536":["https:\/\/i0.wp.com\/ismaelcolosi.com.br\/wp-content\/uploads\/2024\/01\/biblioteca_sinha_1024x576_18032021112547.jpg?fit=1024%2C576&ssl=1",1024,576,true],"2048x2048":["https:\/\/i0.wp.com\/ismaelcolosi.com.br\/wp-content\/uploads\/2024\/01\/biblioteca_sinha_1024x576_18032021112547.jpg?fit=1024%2C576&ssl=1",1024,576,true],"really-simple-thumb":["https:\/\/i0.wp.com\/ismaelcolosi.com.br\/wp-content\/uploads\/2024\/01\/biblioteca_sinha_1024x576_18032021112547.jpg?resize=370%2C247&ssl=1",370,247,true]},"uagb_author_info":{"display_name":"ismaelcolosi.com.br","author_link":"https:\/\/ismaelcolosi.com.br\/index.php\/author\/vidareal-online\/"},"uagb_comment_info":0,"uagb_excerpt":"A Biblioteca Sinh\u00e1 Junqueira, localizada na rua Duque de Caxias, 547, no Centro de Ribeir\u00e3o Preto, promove no m\u00eas de janeiro uma programa\u00e7\u00e3o especial de...","jetpack-related-posts":[{"id":28066,"url":"https:\/\/ismaelcolosi.com.br\/index.php\/2024\/01\/14\/casa-da-memoria-italiana-tem-programacao-gratuita-para-as-ferias-em-ribeirao-preto\/","url_meta":{"origin":24145,"position":0},"title":"Casa da Mem\u00f3ria Italiana tem programa\u00e7\u00e3o gratuita para as f\u00e9rias em Ribeir\u00e3o Preto","author":"ismaelcolosi.com.br","date":"14 de January de 2024","format":false,"excerpt":"O Museu Casa da Mem\u00f3ria Italiana, em Ribeir\u00e3o Preto, anunciou uma programa\u00e7\u00e3o especial de f\u00e9rias nos dias 20 e 27 de janeiro. A a\u00e7\u00e3o faz parte do in\u00edcio da celebra\u00e7\u00e3o dos 150 anos da imigra\u00e7\u00e3o italiana no Brasil. Voltada para crian\u00e7as de 6 a 12 anos, o museu pretende unir\u2026","rel":"","context":"In &quot;Not\u00edcias de Ribeir\u00e3o Preto-SP e Regi\u00e3o&quot;","block_context":{"text":"Not\u00edcias de Ribeir\u00e3o Preto-SP e Regi\u00e3o","link":"https:\/\/ismaelcolosi.com.br\/index.php\/category\/noticias-de-ribeirao-preto-sp-e-regiao-ismael-colosi\/"},"img":{"alt_text":"","src":"https:\/\/i0.wp.com\/ismaelcolosi.com.br\/wp-content\/uploads\/2024\/01\/WhatsApp-Image-2024-01-12-at-15.11.37.jpeg?fit=1200%2C675&ssl=1&resize=350%2C200","width":350,"height":200,"srcset":"https:\/\/i0.wp.com\/ismaelcolosi.com.br\/wp-content\/uploads\/2024\/01\/WhatsApp-Image-2024-01-12-at-15.11.37.jpeg?fit=1200%2C675&ssl=1&resize=350%2C200 1x, https:\/\/i0.wp.com\/ismaelcolosi.com.br\/wp-content\/uploads\/2024\/01\/WhatsApp-Image-2024-01-12-at-15.11.37.jpeg?fit=1200%2C675&ssl=1&resize=525%2C300 1.5x, https:\/\/i0.wp.com\/ismaelcolosi.com.br\/wp-content\/uploads\/2024\/01\/WhatsApp-Image-2024-01-12-at-15.11.37.jpeg?fit=1200%2C675&ssl=1&resize=700%2C400 2x, https:\/\/i0.wp.com\/ismaelcolosi.com.br\/wp-content\/uploads\/2024\/01\/WhatsApp-Image-2024-01-12-at-15.11.37.jpeg?fit=1200%2C675&ssl=1&resize=1050%2C600 3x"},"classes":[]},{"id":53846,"url":"https:\/\/ismaelcolosi.com.br\/index.php\/2024\/06\/19\/biblioteca-de-ribeirao-preto-realiza-festa-junina-gratuita-veja-quando\/","url_meta":{"origin":24145,"position":1},"title":"Biblioteca de Ribeir\u00e3o Preto realiza festa junina gratuita; Veja quando","author":"ismaelcolosi.com.br","date":"19 de June de 2024","format":false,"excerpt":"A Biblioteca Sinh\u00e1 Junqueira, no Centro de Ribeir\u00e3o Preto, realiza no pr\u00f3ximo s\u00e1bado (22), a primeira \u201cFesta Junina da BSJ\u201d, das 15h at\u00e9 \u00e0s 20h. A festa \u00e9 aberta ao p\u00fablico e tem entrada gratuita. O evento ter\u00e1 programa\u00e7\u00e3o cultural com m\u00fasicas t\u00edpicas e ao vivo, forr\u00f3 e maquiagem junina\u2026","rel":"","context":"In &quot;Not\u00edcias de Ribeir\u00e3o Preto-SP e Regi\u00e3o&quot;","block_context":{"text":"Not\u00edcias de Ribeir\u00e3o Preto-SP e Regi\u00e3o","link":"https:\/\/ismaelcolosi.com.br\/index.php\/category\/noticias-de-ribeirao-preto-sp-e-regiao-ismael-colosi\/"},"img":{"alt_text":"","src":"https:\/\/i0.wp.com\/ismaelcolosi.com.br\/wp-content\/uploads\/2024\/06\/img-20230615-wa0016.jpg?fit=1200%2C800&ssl=1&resize=350%2C200","width":350,"height":200,"srcset":"https:\/\/i0.wp.com\/ismaelcolosi.com.br\/wp-content\/uploads\/2024\/06\/img-20230615-wa0016.jpg?fit=1200%2C800&ssl=1&resize=350%2C200 1x, https:\/\/i0.wp.com\/ismaelcolosi.com.br\/wp-content\/uploads\/2024\/06\/img-20230615-wa0016.jpg?fit=1200%2C800&ssl=1&resize=525%2C300 1.5x, https:\/\/i0.wp.com\/ismaelcolosi.com.br\/wp-content\/uploads\/2024\/06\/img-20230615-wa0016.jpg?fit=1200%2C800&ssl=1&resize=700%2C400 2x, https:\/\/i0.wp.com\/ismaelcolosi.com.br\/wp-content\/uploads\/2024\/06\/img-20230615-wa0016.jpg?fit=1200%2C800&ssl=1&resize=1050%2C600 3x"},"classes":[]},{"id":29782,"url":"https:\/\/ismaelcolosi.com.br\/index.php\/2024\/01\/19\/quermesse-encontro-de-fuscas-e-musica-veja-as-opcoes-para-aproveitar-o-final-de-semana-em-ribeirao-preto\/","url_meta":{"origin":24145,"position":2},"title":"Quermesse, encontro de Fuscas e m\u00fasica: Veja as op\u00e7\u00f5es para aproveitar o final de semana em Ribeir\u00e3o Preto","author":"ismaelcolosi.com.br","date":"19 de January de 2024","format":false,"excerpt":"Quem for passar o final de semana em Ribeir\u00e3o Preto ter\u00e1 diversas op\u00e7\u00f5es de cultura e lazer. Tem quermesse, encontro de Fuscas e muita m\u00fasica. Al\u00e9m disso, o Bosque F\u00e1bio Barreto e o Museu Casa da Mem\u00f3ria Italiana, contam com programa\u00e7\u00e3o de f\u00e9rias para a crian\u00e7ada. Confira a programa\u00e7\u00e3o: Bosque\u2026","rel":"","context":"In &quot;Not\u00edcias de Ribeir\u00e3o Preto-SP e Regi\u00e3o&quot;","block_context":{"text":"Not\u00edcias de Ribeir\u00e3o Preto-SP e Regi\u00e3o","link":"https:\/\/ismaelcolosi.com.br\/index.php\/category\/noticias-de-ribeirao-preto-sp-e-regiao-ismael-colosi\/"},"img":{"alt_text":"","src":"https:\/\/i0.wp.com\/ismaelcolosi.com.br\/wp-content\/uploads\/2024\/01\/Design-sem-nome.jpg?fit=811%2C491&ssl=1&resize=350%2C200","width":350,"height":200,"srcset":"https:\/\/i0.wp.com\/ismaelcolosi.com.br\/wp-content\/uploads\/2024\/01\/Design-sem-nome.jpg?fit=811%2C491&ssl=1&resize=350%2C200 1x, https:\/\/i0.wp.com\/ismaelcolosi.com.br\/wp-content\/uploads\/2024\/01\/Design-sem-nome.jpg?fit=811%2C491&ssl=1&resize=525%2C300 1.5x, https:\/\/i0.wp.com\/ismaelcolosi.com.br\/wp-content\/uploads\/2024\/01\/Design-sem-nome.jpg?fit=811%2C491&ssl=1&resize=700%2C400 2x"},"classes":[]},{"id":27216,"url":"https:\/\/ismaelcolosi.com.br\/index.php\/2024\/01\/11\/shopping-da-zona-sul-de-ribeirao-oferece-atividades-gratuitas-durante-as-ferias-veja-a-programacao\/","url_meta":{"origin":24145,"position":3},"title":"Shopping da zona Sul de Ribeir\u00e3o oferece atividades gratuitas durante as f\u00e9rias; Veja a programa\u00e7\u00e3o","author":"ismaelcolosi.com.br","date":"11 de January de 2024","format":false,"excerpt":"A programa\u00e7\u00e3o especial de f\u00e9rias do Shopping Iguatemi, na zona Sul de Ribeir\u00e3o Preto, come\u00e7ou nesta quinta-feira (11). Com diversas atividades gratuitas e diferentes, as crian\u00e7as poder\u00e3o se divertir durante todo o m\u00eas de janeiro. Al\u00e9m disso, o projeto \u2018Domingo \u00e9 Dia de Teatro\u2019, ser\u00e1 respons\u00e1vel pela apresenta\u00e7\u00e3o de tr\u00eas\u2026","rel":"","context":"In &quot;Not\u00edcias de Ribeir\u00e3o Preto-SP e Regi\u00e3o&quot;","block_context":{"text":"Not\u00edcias de Ribeir\u00e3o Preto-SP e Regi\u00e3o","link":"https:\/\/ismaelcolosi.com.br\/index.php\/category\/noticias-de-ribeirao-preto-sp-e-regiao-ismael-colosi\/"},"img":{"alt_text":"","src":"https:\/\/i0.wp.com\/ismaelcolosi.com.br\/wp-content\/uploads\/2024\/01\/52e469f810c04d97c50c8bd28e7065b2low.jpeg?fit=800%2C533&ssl=1&resize=350%2C200","width":350,"height":200,"srcset":"https:\/\/i0.wp.com\/ismaelcolosi.com.br\/wp-content\/uploads\/2024\/01\/52e469f810c04d97c50c8bd28e7065b2low.jpeg?fit=800%2C533&ssl=1&resize=350%2C200 1x, https:\/\/i0.wp.com\/ismaelcolosi.com.br\/wp-content\/uploads\/2024\/01\/52e469f810c04d97c50c8bd28e7065b2low.jpeg?fit=800%2C533&ssl=1&resize=525%2C300 1.5x, https:\/\/i0.wp.com\/ismaelcolosi.com.br\/wp-content\/uploads\/2024\/01\/52e469f810c04d97c50c8bd28e7065b2low.jpeg?fit=800%2C533&ssl=1&resize=700%2C400 2x"},"classes":[]},{"id":55007,"url":"https:\/\/ismaelcolosi.com.br\/index.php\/2024\/06\/29\/ferias-de-julho-sete-locais-em-ribeirao-preto-e-regiao-para-curtir-em-familia\/","url_meta":{"origin":24145,"position":4},"title":"F\u00e9rias de julho: Sete locais em Ribeir\u00e3o Preto e regi\u00e3o para curtir em fam\u00edlia","author":"ismaelcolosi.com.br","date":"29 de June de 2024","format":false,"excerpt":"Julho \u00e9 o m\u00eas em que os pais buscam op\u00e7\u00f5es de lazer para sair da rotina com os filhos durante as f\u00e9rias escolares. Pensando nisso, o acidade on preparou uma lista com sete locais para curtir em fam\u00edlia, que ficam em Ribeir\u00e3o Preto, Brodowski e Sert\u00e3ozinho. Todos com entrada gratuita.\u2026","rel":"","context":"In &quot;Not\u00edcias de Ribeir\u00e3o Preto-SP e Regi\u00e3o&quot;","block_context":{"text":"Not\u00edcias de Ribeir\u00e3o Preto-SP e Regi\u00e3o","link":"https:\/\/ismaelcolosi.com.br\/index.php\/category\/noticias-de-ribeirao-preto-sp-e-regiao-ismael-colosi\/"},"img":{"alt_text":"","src":"https:\/\/i0.wp.com\/ismaelcolosi.com.br\/wp-content\/uploads\/2024\/06\/bb822011-2f61-4abe-9370-40ddfa249447_2024-06-28_18-46-04_jpeg_2024-06-28_18-46-05.webp.webp?fit=1200%2C900&ssl=1&resize=350%2C200","width":350,"height":200,"srcset":"https:\/\/i0.wp.com\/ismaelcolosi.com.br\/wp-content\/uploads\/2024\/06\/bb822011-2f61-4abe-9370-40ddfa249447_2024-06-28_18-46-04_jpeg_2024-06-28_18-46-05.webp.webp?fit=1200%2C900&ssl=1&resize=350%2C200 1x, https:\/\/i0.wp.com\/ismaelcolosi.com.br\/wp-content\/uploads\/2024\/06\/bb822011-2f61-4abe-9370-40ddfa249447_2024-06-28_18-46-04_jpeg_2024-06-28_18-46-05.webp.webp?fit=1200%2C900&ssl=1&resize=525%2C300 1.5x, https:\/\/i0.wp.com\/ismaelcolosi.com.br\/wp-content\/uploads\/2024\/06\/bb822011-2f61-4abe-9370-40ddfa249447_2024-06-28_18-46-04_jpeg_2024-06-28_18-46-05.webp.webp?fit=1200%2C900&ssl=1&resize=700%2C400 2x, https:\/\/i0.wp.com\/ismaelcolosi.com.br\/wp-content\/uploads\/2024\/06\/bb822011-2f61-4abe-9370-40ddfa249447_2024-06-28_18-46-04_jpeg_2024-06-28_18-46-05.webp.webp?fit=1200%2C900&ssl=1&resize=1050%2C600 3x"},"classes":[]},{"id":8474,"url":"https:\/\/ismaelcolosi.com.br\/index.php\/2023\/11\/30\/biblioteca-de-ribeirao-preto-tem-programacao-gratuita-de-natal\/","url_meta":{"origin":24145,"position":5},"title":"Biblioteca de Ribeir\u00e3o Preto tem programa\u00e7\u00e3o gratuita de Natal\u00a0","author":"ismaelcolosi.com.br","date":"30 de November de 2023","format":false,"excerpt":"A Biblioteca Sinh\u00e1 Junqueira, localizada no Centro de Ribeir\u00e3o Preto, ir\u00e1 realizar no m\u00eas de dezembro uma programa\u00e7\u00e3o especial de Natal e voltada para as f\u00e9rias das crian\u00e7as. \u00a0 Com a tem\u00e1tica \u2018F\u00e9rias Natalinas\u2019, haver\u00e1 oficinas, shows e atividades para todos os gostos e idades. \u00a0 Confira a programa\u00e7\u00e3o \u00a0\u2026","rel":"","context":"In &quot;Not\u00edcias de Ribeir\u00e3o Preto-SP e Regi\u00e3o&quot;","block_context":{"text":"Not\u00edcias de Ribeir\u00e3o Preto-SP e Regi\u00e3o","link":"https:\/\/ismaelcolosi.com.br\/index.php\/category\/noticias-de-ribeirao-preto-sp-e-regiao-ismael-colosi\/"},"img":{"alt_text":"","src":"https:\/\/i0.wp.com\/ismaelcolosi.com.br\/wp-content\/uploads\/2023\/11\/20220203-130306-1-scaled.jpg?fit=1200%2C900&ssl=1&resize=350%2C200","width":350,"height":200,"srcset":"https:\/\/i0.wp.com\/ismaelcolosi.com.br\/wp-content\/uploads\/2023\/11\/20220203-130306-1-scaled.jpg?fit=1200%2C900&ssl=1&resize=350%2C200 1x, https:\/\/i0.wp.com\/ismaelcolosi.com.br\/wp-content\/uploads\/2023\/11\/20220203-130306-1-scaled.jpg?fit=1200%2C900&ssl=1&resize=525%2C300 1.5x, https:\/\/i0.wp.com\/ismaelcolosi.com.br\/wp-content\/uploads\/2023\/11\/20220203-130306-1-scaled.jpg?fit=1200%2C900&ssl=1&resize=700%2C400 2x, https:\/\/i0.wp.com\/ismaelcolosi.com.br\/wp-content\/uploads\/2023\/11\/20220203-130306-1-scaled.jpg?fit=1200%2C900&ssl=1&resize=1050%2C600 3x"},"classes":[]}],"jetpack_sharing_enabled":true,"jetpack_shortlink":"https:\/\/wp.me\/pfMlyK-6hr","_links":{"self":[{"href":"https:\/\/ismaelcolosi.com.br\/index.php\/wp-json\/wp\/v2\/posts\/24145","targetHints":{"allow":["GET"]}}],"collection":[{"href":"https:\/\/ismaelcolosi.com.br\/index.php\/wp-json\/wp\/v2\/posts"}],"about":[{"href":"https:\/\/ismaelcolosi.com.br\/index.php\/wp-json\/wp\/v2\/types\/post"}],"author":[{"embeddable":true,"href":"https:\/\/ismaelcolosi.com.br\/index.php\/wp-json\/wp\/v2\/users\/1"}],"replies":[{"embeddable":true,"href":"https:\/\/ismaelcolosi.com.br\/index.php\/wp-json\/wp\/v2\/comments?post=24145"}],"version-history":[{"count":0,"href":"https:\/\/ismaelcolosi.com.br\/index.php\/wp-json\/wp\/v2\/posts\/24145\/revisions"}],"wp:featuredmedia":[{"embeddable":true,"href":"https:\/\/ismaelcolosi.com.br\/index.php\/wp-json\/wp\/v2\/media\/24146"}],"wp:attachment":[{"href":"https:\/\/ismaelcolosi.com.br\/index.php\/wp-json\/wp\/v2\/media?parent=24145"}],"wp:term":[{"taxonomy":"category","embeddable":true,"href":"https:\/\/ismaelcolosi.com.br\/index.php\/wp-json\/wp\/v2\/categories?post=24145"},{"taxonomy":"post_tag","embeddable":true,"href":"https:\/\/ismaelcolosi.com.br\/index.php\/wp-json\/wp\/v2\/tags?post=24145"}],"curies":[{"name":"wp","href":"https:\/\/api.w.org\/{rel}","templated":true}]}}