{"id":2412,"date":"2023-11-15T13:45:52","date_gmt":"2023-11-15T16:45:52","guid":{"rendered":"https:\/\/ismaelcolosi.com.br\/index.php\/2023\/11\/15\/david-schwimmer-finalmente-homenageia-matthew-perry-e-nos-faz-emocionar-com-ross-e-chandler\/"},"modified":"2023-11-15T13:45:52","modified_gmt":"2023-11-15T16:45:52","slug":"david-schwimmer-finalmente-homenageia-matthew-perry-e-nos-faz-emocionar-com-ross-e-chandler","status":"publish","type":"post","link":"https:\/\/ismaelcolosi.com.br\/index.php\/2023\/11\/15\/david-schwimmer-finalmente-homenageia-matthew-perry-e-nos-faz-emocionar-com-ross-e-chandler\/","title":{"rendered":"David Schwimmer finalmente homenageia Matthew Perry e nos faz emocionar com Ross e Chandler"},"content":{"rendered":"<p> <br \/>\n<\/p>\n<div>\n<div id=\"attachment_2311770\" class=\"wp-caption aligncenter\">\n<div class=\"d-flex justify-content-center\" data-attachment-id=\"2311770\">\n<div class=\"position-relative d-inline-block\"><img data-recalc-dims=\"1\" data-portal-copyright=\"reprodu\u00e7\u00e3o\/Instagram\" decoding=\"async\" fetchpriority=\"high\" class=\"size-full wp-image-2311770\" src=\"https:\/\/i0.wp.com\/catracalivre.com.br\/wp-content\/uploads\/2023\/11\/ross-chandler.png?resize=1363%2C888&#038;ssl=1\" alt=\"David Schwimmer (Ross) faz linda homenagem a Matthew Perry (Chandler)\" width=\"1363\" height=\"888\" srcset=\"https:\/\/catracalivre.com.br\/wp-content\/uploads\/2023\/11\/ross-chandler.png 1363w, https:\/\/catracalivre.com.br\/wp-content\/uploads\/2023\/11\/ross-chandler-450x293.png 450w, https:\/\/catracalivre.com.br\/wp-content\/uploads\/2023\/11\/ross-chandler-768x500.png 768w\" sizes=\"(max-width: 1363px) 100vw, 1363px\"\/><\/p>\n<p>Cr\u00e9ditos: reprodu\u00e7\u00e3o\/Instagram<\/p><div class='code-block code-block-8' style='margin: 8px auto; text-align: center; display: block; clear: both;'>\n<script>\n  atOptions = {\n    'key' : '66e2e2111ca34da796271819fc334058',\n    'format' : 'iframe',\n    'height' : 250,\n    'width' : 300,\n    'params' : {}\n  };\n<\/script>\n<script src=\"https:\/\/www.highperformanceformat.com\/66e2e2111ca34da796271819fc334058\/invoke.js\"><\/script>\n<\/div>\n\n<\/div>\n<\/div>\n<p><span class=\"post-imagem__legenda\">David Schwimmer (Ross) faz linda homenagem a Matthew Perry (Chandler)<\/span><\/p>\n<\/div>\n<p>A morte de Matthew Perry, o eterno Chandler Bing da s\u00e9rie televisiva de sucesso \u201cFriends\u201d, abalou n\u00e3o s\u00f3 os f\u00e3s no mundo inteiro, mas tamb\u00e9m, e principalmente, o elenco do seriado. Sem falarem nada desde 28 de outubro, <a href=\"https:\/\/catracalivre.com.br\/mais\/matthew-perry-o-chandler-de-friends-morre-aos-54-anos\/\">data do falecimento do ator<\/a>, os outros 5 integrantes de Friends agora come\u00e7am a vir a p\u00fablico para homenagear o amigo.<\/p>\n<p>Nesta ter\u00e7a-feira, 14, <a href=\"https:\/\/catracalivre.com.br\/entretenimento\/courteney-cox-homenageia-matthew-perry-e-revela-segredo-de-monica-e-chandler-em-friends\/\">Courteney Cox<\/a> (Monica) e <a href=\"https:\/\/catracalivre.com.br\/entretenimento\/matt-leblanc-o-joey-de-friends-emociona-com-homenagem-a-matthew-perry\/\">Matt LeBlanc<\/a> (Joey) fizeram publica\u00e7\u00f5es que comoveram as redes sociais. J\u00e1 nesta quarta, 15, foi a vez de David Schwimmer, o Ross, fazer uma dedicat\u00f3ria especial ao nosso eterno Chandler.<\/p>\n<h2>Schwimmer ressalta o humor de Perry em dedicat\u00f3ria<\/h2>\n<p>Em seu post, Schwimmer enalteceu n\u00e3o s\u00f3 a parte profissional de Perry, elogiando seu timing de com\u00e9dias, mas tamb\u00e9m, e principalmente, o lado humano do ator.<\/p>\n<p><strong>Confira:<\/strong><\/p>\n<p>\u201cMatty,<\/p>\n<p>Obrigado por dez anos incr\u00edveis de risadas e criatividade.<\/p>\n<p>Jamais esquecerei seu timing e entrega c\u00f4mica impec\u00e1veis. Voc\u00ea poderia pegar uma linha reta de di\u00e1logo e dobr\u00e1-la \u00e0 sua vontade, resultando em algo t\u00e3o totalmente original e inesperadamente engra\u00e7ado que ainda surpreende.<\/p>\n<p>E voc\u00ea tinha cora\u00e7\u00e3o. Com o qual voc\u00ea foi generoso e compartilhou conosco, para que pud\u00e9ssemos criar uma fam\u00edlia com seis estranhos.<\/p>\n<p>Essa foto \u00e9 de um dos meus momentos favoritos com voc\u00ea. Agora isso me faz sorrir e chorar ao mesmo tempo.<\/p>\n<p>Imagino voc\u00ea a\u00ed em cima, em algum lugar, com o mesmo terno branco, as m\u00e3os nos bolsos, olhando em volta\u2026<\/p>\n<p>\u2018Poderia haver mais nuvens?&#8217;\u201d.<\/p>\n<blockquote class=\"instagram-media\" data-instgrm-captioned=\"\" data-instgrm-permalink=\"https:\/\/www.instagram.com\/p\/Czq8sxqrU0c\/?utm_source=ig_embed&amp;utm_campaign=loading\" data-instgrm-version=\"14\" style=\" background:#FFF; border:0; border-radius:3px; box-shadow:0 0 1px 0 rgba(0,0,0,0.5),0 1px 10px 0 rgba(0,0,0,0.15); margin: 1px; max-width:500px; min-width:326px; padding:0; width:99.375%; width:-webkit-calc(100% - 2px); width:calc(100% - 2px);\">\n<\/blockquote>\n<\/div>\n<p><script>\n\t\t! function(f, b, e, v, n, t, s) {\n\t\t\tif (f.fbq) return;\n\t\t\tn = f.fbq = function() {\n\t\t\t\tn.callMethod ?\n\t\t\t\t\tn.callMethod.apply(n, arguments) : n.queue.push(arguments)\n\t\t\t};\n\t\t\tif (!f._fbq) f._fbq = n;\n\t\t\tn.push = n;\n\t\t\tn.loaded = !0;\n\t\t\tn.version = '2.0';\n\t\t\tn.queue = [];\n\t\t\tt = b.createElement(e);\n\t\t\tt.async = !0;\n\t\t\tt.src = v;\n\t\t\ts = b.getElementsByTagName(e)[0];\n\t\t\ts.parentNode.insertBefore(t, s)\n\t\t}(window, document, 'script',\n\t\t\t'https:\/\/connect.facebook.net\/en_US\/fbevents.js');\n\t\tfbq('init', '338315473262380');\n\t\tfbq('track', 'PageView');\n\t<\/script><script async src=\"\/\/www.instagram.com\/embed.js\"><\/script><br \/>\n<br \/><br \/>\n<br \/><a href=\"https:\/\/catracalivre.com.br\/entretenimento\/david-schwimmer-finalmente-homenageia-matthew-perry-e-nos-faz-lembrar-de-ross-e-chandler\/\">Source link <\/a><\/p>\n<div class='code-block code-block-4' style='margin: 8px auto 8px 0; text-align: left; display: block; clear: both;'>\n\ud83d\udce2 Aviso Legal\n\nO site ismaelcolosi.com.br atua apenas como um canal de divulga\u00e7\u00e3o de oportunidades de emprego e n\u00e3o se responsabiliza pelo processo seletivo, contrata\u00e7\u00e3o ou qualquer outra etapa relacionada \u00e0s vagas publicadas. Todas as informa\u00e7\u00f5es s\u00e3o de responsabilidade dos anunciantes.\n\n\u26a0\ufe0f Aten\u00e7\u00e3o! Nunca pague por promessas de emprego nem compre cursos que garantam contrata\u00e7\u00e3o. Desconfie de qualquer cobran\u00e7a para participar de sele\u00e7\u00f5es.\n\n\n\n<\/div>\n<!-- CONTENT END 1 -->\n","protected":false},"excerpt":{"rendered":"<p>Cr\u00e9ditos: reprodu\u00e7\u00e3o\/Instagram David Schwimmer (Ross) faz linda homenagem a Matthew Perry (Chandler) A morte de Matthew Perry, o eterno Chandler Bing da s\u00e9rie televisiva de&#8230;<\/p>\n","protected":false},"author":1,"featured_media":2413,"comment_status":"open","ping_status":"open","sticky":false,"template":"","format":"standard","meta":{"_uag_custom_page_level_css":"","advanced_seo_description":"","jetpack_seo_html_title":"","jetpack_seo_noindex":false,"jetpack_post_was_ever_published":false,"_jetpack_newsletter_access":"","_jetpack_dont_email_post_to_subs":false,"_jetpack_newsletter_tier_id":0,"_jetpack_memberships_contains_paywalled_content":false,"_jetpack_memberships_contains_paid_content":false,"footnotes":"","jetpack_publicize_message":"","jetpack_publicize_feature_enabled":true,"jetpack_social_post_already_shared":false,"jetpack_social_options":{"image_generator_settings":{"template":"highway","default_image_id":0,"font":"","enabled":false},"version":2}},"categories":[19],"tags":[],"class_list":["post-2412","post","type-post","status-publish","format-standard","has-post-thumbnail","hentry","category-variedades"],"jetpack_publicize_connections":[],"jetpack_featured_media_url":"https:\/\/i0.wp.com\/ismaelcolosi.com.br\/wp-content\/uploads\/2023\/11\/ross-chandler.png?fit=1200%2C638&ssl=1","uagb_featured_image_src":{"full":["https:\/\/i0.wp.com\/ismaelcolosi.com.br\/wp-content\/uploads\/2023\/11\/ross-chandler.png?fit=1200%2C638&ssl=1",1200,638,false],"thumbnail":["https:\/\/i0.wp.com\/ismaelcolosi.com.br\/wp-content\/uploads\/2023\/11\/ross-chandler.png?resize=150%2C150&ssl=1",150,150,true],"medium":["https:\/\/i0.wp.com\/ismaelcolosi.com.br\/wp-content\/uploads\/2023\/11\/ross-chandler.png?fit=300%2C160&ssl=1",300,160,true],"medium_large":["https:\/\/i0.wp.com\/ismaelcolosi.com.br\/wp-content\/uploads\/2023\/11\/ross-chandler.png?fit=768%2C408&ssl=1",768,408,true],"large":["https:\/\/i0.wp.com\/ismaelcolosi.com.br\/wp-content\/uploads\/2023\/11\/ross-chandler.png?fit=1024%2C544&ssl=1",1024,544,true],"1536x1536":["https:\/\/i0.wp.com\/ismaelcolosi.com.br\/wp-content\/uploads\/2023\/11\/ross-chandler.png?fit=1200%2C638&ssl=1",1200,638,true],"2048x2048":["https:\/\/i0.wp.com\/ismaelcolosi.com.br\/wp-content\/uploads\/2023\/11\/ross-chandler.png?fit=1200%2C638&ssl=1",1200,638,true],"really-simple-thumb":["https:\/\/i0.wp.com\/ismaelcolosi.com.br\/wp-content\/uploads\/2023\/11\/ross-chandler.png?resize=370%2C247&ssl=1",370,247,true]},"uagb_author_info":{"display_name":"ismaelcolosi.com.br","author_link":"https:\/\/ismaelcolosi.com.br\/index.php\/author\/vidareal-online\/"},"uagb_comment_info":0,"uagb_excerpt":"Cr\u00e9ditos: reprodu\u00e7\u00e3o\/Instagram David Schwimmer (Ross) faz linda homenagem a Matthew Perry (Chandler) A morte de Matthew Perry, o eterno Chandler Bing da s\u00e9rie televisiva de...","jetpack-related-posts":[{"id":2418,"url":"https:\/\/ismaelcolosi.com.br\/index.php\/2023\/11\/15\/jennifer-aniston-se-despede-do-amigo-matthew-perry\/","url_meta":{"origin":2412,"position":0},"title":"Jennifer Aniston se despede do amigo Matthew Perry","author":"ismaelcolosi.com.br","date":"15 de November de 2023","format":false,"excerpt":"Jennifer Aniston fez uma bela homenagem ao amigo e companheiro de cena, Matthew Perry, que partiu prematuramente aos 54 anos no dia 28 de outubro. Foram 10 anos trabalhando juntos na produ\u00e7\u00e3o de Friends, um dos seriados mais emblem\u00e1ticos da televis\u00e3o. Todas as formas de amor, homenagens sinceras e lembran\u00e7as,\u2026","rel":"","context":"In &quot;Variedades&quot;","block_context":{"text":"Variedades","link":"https:\/\/ismaelcolosi.com.br\/index.php\/category\/variedades\/"},"img":{"alt_text":"","src":"https:\/\/i0.wp.com\/ismaelcolosi.com.br\/wp-content\/uploads\/2023\/11\/jennifer-aniston-morte.jpg?fit=1200%2C638&ssl=1&resize=350%2C200","width":350,"height":200,"srcset":"https:\/\/i0.wp.com\/ismaelcolosi.com.br\/wp-content\/uploads\/2023\/11\/jennifer-aniston-morte.jpg?fit=1200%2C638&ssl=1&resize=350%2C200 1x, https:\/\/i0.wp.com\/ismaelcolosi.com.br\/wp-content\/uploads\/2023\/11\/jennifer-aniston-morte.jpg?fit=1200%2C638&ssl=1&resize=525%2C300 1.5x, https:\/\/i0.wp.com\/ismaelcolosi.com.br\/wp-content\/uploads\/2023\/11\/jennifer-aniston-morte.jpg?fit=1200%2C638&ssl=1&resize=700%2C400 2x, https:\/\/i0.wp.com\/ismaelcolosi.com.br\/wp-content\/uploads\/2023\/11\/jennifer-aniston-morte.jpg?fit=1200%2C638&ssl=1&resize=1050%2C600 3x"},"classes":[]},{"id":4238,"url":"https:\/\/ismaelcolosi.com.br\/index.php\/2023\/11\/21\/jovem-que-teria-sido-dado-como-morto-aparece-vivo-apos-sua-familia-ter-realizado-o-velorio\/","url_meta":{"origin":2412,"position":1},"title":"Jovem que teria sido dado como morto aparece vivo ap\u00f3s sua fam\u00edlia ter realizado o vel\u00f3rio","author":"ismaelcolosi.com.br","date":"21 de November de 2023","format":false,"excerpt":"Uma situa\u00e7\u00e3o muito inesperada aconteceu na regi\u00e3o de Passo Fundo, no Rio Grande do Sul, ap\u00f3s um homem, identificado previamente como falecido, ter enviado um v\u00eddeo para sua fam\u00edlia, dizendo que estava bem.E diante do ocorrido, a Pol\u00edcia Civil, precisou realizar uma ocorr\u00eancia, visto que o jovem, supostamente morto, apareceu\u2026","rel":"","context":"In &quot;Blog&quot;","block_context":{"text":"Blog","link":"https:\/\/ismaelcolosi.com.br\/index.php\/category\/blog\/"},"img":{"alt_text":"","src":"https:\/\/i0.wp.com\/ismaelcolosi.com.br\/wp-content\/uploads\/2023\/11\/postimg-655c5cd67a87b6459.jpg?fit=1200%2C628&ssl=1&resize=350%2C200","width":350,"height":200,"srcset":"https:\/\/i0.wp.com\/ismaelcolosi.com.br\/wp-content\/uploads\/2023\/11\/postimg-655c5cd67a87b6459.jpg?fit=1200%2C628&ssl=1&resize=350%2C200 1x, https:\/\/i0.wp.com\/ismaelcolosi.com.br\/wp-content\/uploads\/2023\/11\/postimg-655c5cd67a87b6459.jpg?fit=1200%2C628&ssl=1&resize=525%2C300 1.5x, https:\/\/i0.wp.com\/ismaelcolosi.com.br\/wp-content\/uploads\/2023\/11\/postimg-655c5cd67a87b6459.jpg?fit=1200%2C628&ssl=1&resize=700%2C400 2x, https:\/\/i0.wp.com\/ismaelcolosi.com.br\/wp-content\/uploads\/2023\/11\/postimg-655c5cd67a87b6459.jpg?fit=1200%2C628&ssl=1&resize=1050%2C600 3x"},"classes":[]},{"id":31221,"url":"https:\/\/ismaelcolosi.com.br\/index.php\/2024\/01\/21\/critics-choice-awards-2024-e-emmy-awards-agitaram-o-inicio-da-semana\/","url_meta":{"origin":2412,"position":2},"title":"Critics Choice Awards 2024 e Emmy Awards agitaram o in\u00edcio da semana\u00a0","author":"ismaelcolosi.com.br","date":"21 de January de 2024","format":false,"excerpt":"Os amantes do cinema e televis\u00e3o tiveram uma semana cheia de discuss\u00e3o sobre os grandes vencedores de duas importantes premia\u00e7\u00f5es mundiais: o Critics Choice Awards 2024 e o Emmy Awards. A primeira aconteceu na noite de domingo e a outra na segunda-feira.\u00a0A 75\u00aa edi\u00e7\u00e3o do Emmy Awards, premia\u00e7\u00e3o da Academia\u2026","rel":"","context":"In &quot;Not\u00edcias de Ribeir\u00e3o Preto-SP e Regi\u00e3o&quot;","block_context":{"text":"Not\u00edcias de Ribeir\u00e3o Preto-SP e Regi\u00e3o","link":"https:\/\/ismaelcolosi.com.br\/index.php\/category\/noticias-de-ribeirao-preto-sp-e-regiao-ismael-colosi\/"},"img":{"alt_text":"","src":"https:\/\/i0.wp.com\/ismaelcolosi.com.br\/wp-content\/uploads\/2024\/01\/1-o-urso3-1024x576-1-scaled.jpg?fit=1000%2C563&ssl=1&resize=350%2C200","width":350,"height":200,"srcset":"https:\/\/i0.wp.com\/ismaelcolosi.com.br\/wp-content\/uploads\/2024\/01\/1-o-urso3-1024x576-1-scaled.jpg?fit=1000%2C563&ssl=1&resize=350%2C200 1x, https:\/\/i0.wp.com\/ismaelcolosi.com.br\/wp-content\/uploads\/2024\/01\/1-o-urso3-1024x576-1-scaled.jpg?fit=1000%2C563&ssl=1&resize=525%2C300 1.5x, https:\/\/i0.wp.com\/ismaelcolosi.com.br\/wp-content\/uploads\/2024\/01\/1-o-urso3-1024x576-1-scaled.jpg?fit=1000%2C563&ssl=1&resize=700%2C400 2x"},"classes":[]},{"id":60421,"url":"https:\/\/ismaelcolosi.com.br\/index.php\/2024\/08\/15\/cidades-do-interior-de-sp-estao-em-alerta-de-perigo-potencial-para-onda-de-calor-veja-lista\/","url_meta":{"origin":2412,"position":3},"title":"Cidades do interior de SP est\u00e3o em alerta de perigo potencial para onda de calor; Veja lista","author":"ismaelcolosi.com.br","date":"15 de August de 2024","format":false,"excerpt":"Uma nova onda de calor deve atingir o interior de S\u00e3o Paulo e provocar altas temperaturas em diversas regi\u00f5es a partir deste domingo (18), de acordo com a meteorologia. O ar gelado provocado por uma forte massa de ar frio come\u00e7ou a se afastar nesta quinta-feira (15) e uma forte\u2026","rel":"","context":"In &quot;Not\u00edcias de Ribeir\u00e3o Preto-SP e Regi\u00e3o&quot;","block_context":{"text":"Not\u00edcias de Ribeir\u00e3o Preto-SP e Regi\u00e3o","link":"https:\/\/ismaelcolosi.com.br\/index.php\/category\/noticias-de-ribeirao-preto-sp-e-regiao-ismael-colosi\/"},"img":{"alt_text":"","src":"https:\/\/i0.wp.com\/ismaelcolosi.com.br\/wp-content\/uploads\/2024\/08\/20230824_153104-1.jpg?fit=1200%2C823&ssl=1&resize=350%2C200","width":350,"height":200,"srcset":"https:\/\/i0.wp.com\/ismaelcolosi.com.br\/wp-content\/uploads\/2024\/08\/20230824_153104-1.jpg?fit=1200%2C823&ssl=1&resize=350%2C200 1x, https:\/\/i0.wp.com\/ismaelcolosi.com.br\/wp-content\/uploads\/2024\/08\/20230824_153104-1.jpg?fit=1200%2C823&ssl=1&resize=525%2C300 1.5x, https:\/\/i0.wp.com\/ismaelcolosi.com.br\/wp-content\/uploads\/2024\/08\/20230824_153104-1.jpg?fit=1200%2C823&ssl=1&resize=700%2C400 2x, https:\/\/i0.wp.com\/ismaelcolosi.com.br\/wp-content\/uploads\/2024\/08\/20230824_153104-1.jpg?fit=1200%2C823&ssl=1&resize=1050%2C600 3x"},"classes":[]},{"id":47313,"url":"https:\/\/ismaelcolosi.com.br\/index.php\/2024\/04\/25\/hsm-anuncia-24a-edicao-com-foco-em-gestao-e-inovacao\/","url_meta":{"origin":2412,"position":4},"title":"HSM+ anuncia 24\u00aa edi\u00e7\u00e3o com foco em gest\u00e3o e inova\u00e7\u00e3o","author":"ismaelcolosi.com.br","date":"25 de April de 2024","format":false,"excerpt":"HSM+ j\u00e1 tem speakers globais confirmados para a edi\u00e7\u00e3o de novembro em S\u00e3o Paulo O hsm+, evento que impulsiona a atualiza\u00e7\u00e3o de executivos, CEOs e empreendedores, confirmou sua 24\u00aa edi\u00e7\u00e3o nos dias 26 e 27 de novembro, no Transam\u00e9rica Expo Center, em S\u00e3o Paulo. Com o tema \u201cConex\u00f5es Significativas\u201d, o\u2026","rel":"","context":"In &quot;Carreira e Sucesso&quot;","block_context":{"text":"Carreira e Sucesso","link":"https:\/\/ismaelcolosi.com.br\/index.php\/category\/carreira-e-sucesso-dicas-para-carreira\/"},"img":{"alt_text":"","src":"https:\/\/i0.wp.com\/ismaelcolosi.com.br\/wp-content\/uploads\/2024\/04\/carreira-hsm-1024x683.jpg?fit=1024%2C683&ssl=1&resize=350%2C200","width":350,"height":200,"srcset":"https:\/\/i0.wp.com\/ismaelcolosi.com.br\/wp-content\/uploads\/2024\/04\/carreira-hsm-1024x683.jpg?fit=1024%2C683&ssl=1&resize=350%2C200 1x, https:\/\/i0.wp.com\/ismaelcolosi.com.br\/wp-content\/uploads\/2024\/04\/carreira-hsm-1024x683.jpg?fit=1024%2C683&ssl=1&resize=525%2C300 1.5x, https:\/\/i0.wp.com\/ismaelcolosi.com.br\/wp-content\/uploads\/2024\/04\/carreira-hsm-1024x683.jpg?fit=1024%2C683&ssl=1&resize=700%2C400 2x"},"classes":[]},{"id":86632,"url":"https:\/\/ismaelcolosi.com.br\/index.php\/2025\/07\/14\/ceo-da-fabricante-do-tylenol-kenvue-se-demite-em-meio-a-revisao-estrategica\/","url_meta":{"origin":2412,"position":5},"title":"CEO da Fabricante do Tylenol, Kenvue, se Demite em Meio \u00e0 Revis\u00e3o Estrat\u00e9gica","author":"ismaelcolosi.com.br","date":"14 de July de 2025","format":false,"excerpt":"\r \r \r \r A\u00e7\u00f5es da companhia subiram 3,3% nas negocia\u00e7\u00f5es do pr\u00e9-mercado, com a nomea\u00e7\u00e3o de um CEO interino \r \r \r \r Brendan McDermid\/Reuters\r O CEO Thibaut Mongon enfrentava press\u00e3o de investidores para melhorar o desempenho da companhia\r Acessibilidade \r L\r L\r A-\r A+\r \r \u25d0\r \r O\u2026","rel":"","context":"In &quot;Carreira e Sucesso&quot;","block_context":{"text":"Carreira e Sucesso","link":"https:\/\/ismaelcolosi.com.br\/index.php\/category\/carreira-e-sucesso-dicas-para-carreira\/"},"img":{"alt_text":"","src":"https:\/\/i0.wp.com\/ismaelcolosi.com.br\/wp-content\/uploads\/2025\/07\/carreira-Thibaut-Mongon-1200x675.jpg?fit=1200%2C675&ssl=1&resize=350%2C200","width":350,"height":200,"srcset":"https:\/\/i0.wp.com\/ismaelcolosi.com.br\/wp-content\/uploads\/2025\/07\/carreira-Thibaut-Mongon-1200x675.jpg?fit=1200%2C675&ssl=1&resize=350%2C200 1x, https:\/\/i0.wp.com\/ismaelcolosi.com.br\/wp-content\/uploads\/2025\/07\/carreira-Thibaut-Mongon-1200x675.jpg?fit=1200%2C675&ssl=1&resize=525%2C300 1.5x, https:\/\/i0.wp.com\/ismaelcolosi.com.br\/wp-content\/uploads\/2025\/07\/carreira-Thibaut-Mongon-1200x675.jpg?fit=1200%2C675&ssl=1&resize=700%2C400 2x, https:\/\/i0.wp.com\/ismaelcolosi.com.br\/wp-content\/uploads\/2025\/07\/carreira-Thibaut-Mongon-1200x675.jpg?fit=1200%2C675&ssl=1&resize=1050%2C600 3x"},"classes":[]}],"jetpack_sharing_enabled":true,"jetpack_shortlink":"https:\/\/wp.me\/pfMlyK-CU","_links":{"self":[{"href":"https:\/\/ismaelcolosi.com.br\/index.php\/wp-json\/wp\/v2\/posts\/2412","targetHints":{"allow":["GET"]}}],"collection":[{"href":"https:\/\/ismaelcolosi.com.br\/index.php\/wp-json\/wp\/v2\/posts"}],"about":[{"href":"https:\/\/ismaelcolosi.com.br\/index.php\/wp-json\/wp\/v2\/types\/post"}],"author":[{"embeddable":true,"href":"https:\/\/ismaelcolosi.com.br\/index.php\/wp-json\/wp\/v2\/users\/1"}],"replies":[{"embeddable":true,"href":"https:\/\/ismaelcolosi.com.br\/index.php\/wp-json\/wp\/v2\/comments?post=2412"}],"version-history":[{"count":0,"href":"https:\/\/ismaelcolosi.com.br\/index.php\/wp-json\/wp\/v2\/posts\/2412\/revisions"}],"wp:featuredmedia":[{"embeddable":true,"href":"https:\/\/ismaelcolosi.com.br\/index.php\/wp-json\/wp\/v2\/media\/2413"}],"wp:attachment":[{"href":"https:\/\/ismaelcolosi.com.br\/index.php\/wp-json\/wp\/v2\/media?parent=2412"}],"wp:term":[{"taxonomy":"category","embeddable":true,"href":"https:\/\/ismaelcolosi.com.br\/index.php\/wp-json\/wp\/v2\/categories?post=2412"},{"taxonomy":"post_tag","embeddable":true,"href":"https:\/\/ismaelcolosi.com.br\/index.php\/wp-json\/wp\/v2\/tags?post=2412"}],"curies":[{"name":"wp","href":"https:\/\/api.w.org\/{rel}","templated":true}]}}