{"id":23719,"date":"2024-01-02T22:20:51","date_gmt":"2024-01-03T01:20:51","guid":{"rendered":"https:\/\/ismaelcolosi.com.br\/index.php\/2024\/01\/02\/estao-abertas-inscricoes-para-concurso-publico-em-rp\/"},"modified":"2024-01-02T22:20:51","modified_gmt":"2024-01-03T01:20:51","slug":"estao-abertas-inscricoes-para-concurso-publico-em-rp","status":"publish","type":"post","link":"https:\/\/ismaelcolosi.com.br\/index.php\/2024\/01\/02\/estao-abertas-inscricoes-para-concurso-publico-em-rp\/","title":{"rendered":"Est\u00e3o abertas inscri\u00e7\u00f5es para concurso p\u00fablico em RP"},"content":{"rendered":"<p> [ad_1]<br \/>\n<\/p>\n<div id=\"post-369021\">\n<header class=\"entry-header penci-entry-header penci-title-center\">\n<div class=\"penci-entry-categories\"><span class=\"penci-cat-links\">Destaque Empregos e Est\u00e1gios<\/span><\/div>\n<p> <span class=\"entry-meta-item penci-posted-on\"><i class=\"fa fa-clock-o\"\/><time class=\"entry-date published\" datetime=\"2024-01-02T17:28:17-03:00\">2 de janeiro de 2024 | 17:28<\/time><time class=\"updated\" datetime=\"2024-01-02T17:29:10-03:00\">2 de janeiro de 2024 | 17:29<\/time><\/span><\/p>\n<p> <span class=\"penci-social-buttons penci-social-share-footer\"><a href=\"#\" class=\"penci-post-like penci_post-meta_item  single-like-button penci-social-item like\" data-post_id=\"369021\" title=\"Like\" data-like=\"Like\" data-unlike=\"Unlike\"><i class=\"fa fa-thumbs-o-up\"\/><span class=\"penci-share-number\">0<\/span><\/a><i class=\"fa fa-facebook\"\/><a class=\"penci-social-item twitter\" target=\"_blank\" rel=\"noopener\" title=\"\" href=\"https:\/\/twitter.com\/intent\/tweet?text=Est\u00e3o%20abertas%20inscri\u00e7\u00f5es%20para%20concurso%20p\u00fablico%20em%20RP%20-%20https:\/\/www.tribunaribeirao.com.br\/site\/estao-abertas-inscricoes-para-concurso-publico-em-rp\/\"><i class=\"fa fa-twitter\"\/><\/a><i class=\"fa fa-whatsapp\"\/><\/span><\/header>\n<div class=\"penci-entry-content entry-content\">\n<p>A prefeitura de Ribeir\u00e3o Preto, por meio da Secretaria Municipal da Administra\u00e7\u00e3o, publicou, no Di\u00e1rio Oficial do Munic\u00edpio de sexta-feira, 22 de dezembro, o Edital n\u00ba06\/2023 para a realiza\u00e7\u00e3o de um novo concurso p\u00fablico destinado \u00e0 admiss\u00e3o de profissionais de n\u00edveis fundamental, m\u00e9dio e t\u00e9cnico. As inscri\u00e7\u00f5es come\u00e7aram na ter\u00e7a-feira, 2 de janeiro e terminam no dia 2 de fevereiro de 2024.<\/p>\n<p>De acordo com o edital, s\u00e3o ofertadas 12 vagas para os cargos de Motorista, Radio-telefonista, Auxiliar de Sa\u00fade Bucal, Educador Social e T\u00e9cnico em Sa\u00fade Bucal. Os sal\u00e1rios v\u00e3o de R$ 2.445,83 a R$ 3.555,42.<\/p>\n<p>A taxa de inscri\u00e7\u00e3o \u00e9 de R$ 25,20 para os cargos de n\u00edvel fundamental e de R$ 28,20 para os cargos de n\u00edvel m\u00e9dio e t\u00e9cnico. Para se inscrever, o interessado deve\u00a0<u><strong><a href=\"http:\/\/www.concursosrbo.com.br\/\" target=\"_blank\" rel=\"noopener\">acessar o endere\u00e7o eletr\u00f4nico<\/a><\/strong><\/u>.<\/p>\n<p>O edital de abertura do concurso p\u00fablico (n\u00ba 06\/2023) est\u00e1 dispon\u00edvel no\u00a0<u><strong><a href=\"https:\/\/www.ribeiraopreto.sp.gov.br\/portal\/\" target=\"_blank\" rel=\"noopener\">site da prefeitura<\/a><\/strong><\/u>\u00a0e no\u00a0<u><strong><a href=\"https:\/\/cespro.com.br\/visualizarDiarioOficialLeituraDigital.php?cdMunicipio=9314&amp;dtDiario=2023-12-22&amp;nrEdicao=11.814\" target=\"_blank\" rel=\"noopener\">Di\u00e1rio Oficial do Munic\u00edpio\u00a0do dia 22 de dezembro de 2023<\/a><\/strong><\/u>.<\/p>\n<\/div>\n<footer class=\"penci-entry-footer\"\/><\/div>\n<p><script async src=\"\/\/platform.twitter.com\/widgets.js\" charset=\"utf-8\"><\/script><br \/>\n<br \/>[ad_2]<br \/>\n<br \/><a href=\"https:\/\/www.tribunaribeirao.com.br\/site\/estao-abertas-inscricoes-para-concurso-publico-em-rp\/\" target=\"_blank\" rel=\"noopener\">Source link <\/a><\/p>\n<div class='code-block code-block-4' style='margin: 8px auto 8px 0; text-align: left; display: block; clear: both;'>\n\ud83d\udce2 Aviso Legal\n\nO site ismaelcolosi.com.br atua apenas como um canal de divulga\u00e7\u00e3o de oportunidades de emprego e n\u00e3o se responsabiliza pelo processo seletivo, contrata\u00e7\u00e3o ou qualquer outra etapa relacionada \u00e0s vagas publicadas. Todas as informa\u00e7\u00f5es s\u00e3o de responsabilidade dos anunciantes.\n\n\u26a0\ufe0f Aten\u00e7\u00e3o! Nunca pague por promessas de emprego nem compre cursos que garantam contrata\u00e7\u00e3o. Desconfie de qualquer cobran\u00e7a para participar de sele\u00e7\u00f5es.\n\n\n\n<\/div>\n<!-- CONTENT END 1 -->\n","protected":false},"excerpt":{"rendered":"<p>[ad_1] Destaque Empregos e Est\u00e1gios 2 de janeiro de 2024 | 17:282 de janeiro de 2024 | 17:29 0 A prefeitura de Ribeir\u00e3o Preto, por meio da Secretaria Municipal da Administra\u00e7\u00e3o, publicou, no Di\u00e1rio Oficial do Munic\u00edpio de sexta-feira, 22 de dezembro, o Edital n\u00ba06\/2023 para a realiza\u00e7\u00e3o de um novo concurso p\u00fablico destinado \u00e0&hellip;&nbsp;<\/p>\n","protected":false},"author":1,"featured_media":23720,"comment_status":"open","ping_status":"open","sticky":false,"template":"","format":"standard","meta":{"_uag_custom_page_level_css":"","neve_meta_sidebar":"","neve_meta_container":"","neve_meta_enable_content_width":"","neve_meta_content_width":0,"neve_meta_title_alignment":"","neve_meta_author_avatar":"","neve_post_elements_order":"","neve_meta_disable_header":"","neve_meta_disable_footer":"","neve_meta_disable_title":"","_jetpack_newsletter_access":"","_jetpack_dont_email_post_to_subs":false,"_jetpack_newsletter_tier_id":0,"_jetpack_memberships_contains_paywalled_content":false,"_jetpack_memberships_contains_paid_content":false,"footnotes":""},"categories":[11],"tags":[145,567,1450,566,71,282],"class_list":["post-23719","post","type-post","status-publish","format-standard","has-post-thumbnail","hentry","category-noticias-de-ribeirao-preto-sp-e-regiao-ismael-colosi","tag-abertas","tag-concurso","tag-estao","tag-inscricoes","tag-para","tag-publico"],"uagb_featured_image_src":{"full":["https:\/\/i0.wp.com\/ismaelcolosi.com.br\/wp-content\/uploads\/2024\/01\/concurso1-scaled.jpeg?fit=968%2C645&ssl=1",968,645,false],"thumbnail":["https:\/\/i0.wp.com\/ismaelcolosi.com.br\/wp-content\/uploads\/2024\/01\/concurso1-scaled.jpeg?resize=150%2C150&ssl=1",150,150,true],"medium":["https:\/\/i0.wp.com\/ismaelcolosi.com.br\/wp-content\/uploads\/2024\/01\/concurso1-scaled.jpeg?fit=300%2C200&ssl=1",300,200,true],"medium_large":["https:\/\/i0.wp.com\/ismaelcolosi.com.br\/wp-content\/uploads\/2024\/01\/concurso1-scaled.jpeg?fit=768%2C512&ssl=1",768,512,true],"large":["https:\/\/i0.wp.com\/ismaelcolosi.com.br\/wp-content\/uploads\/2024\/01\/concurso1-scaled.jpeg?fit=968%2C645&ssl=1",968,645,true],"1536x1536":["https:\/\/i0.wp.com\/ismaelcolosi.com.br\/wp-content\/uploads\/2024\/01\/concurso1-scaled.jpeg?fit=968%2C645&ssl=1",968,645,true],"2048x2048":["https:\/\/i0.wp.com\/ismaelcolosi.com.br\/wp-content\/uploads\/2024\/01\/concurso1-scaled.jpeg?fit=968%2C645&ssl=1",968,645,true],"neve-blog":["https:\/\/i0.wp.com\/ismaelcolosi.com.br\/wp-content\/uploads\/2024\/01\/concurso1-scaled.jpeg?resize=930%2C620&ssl=1",930,620,true]},"uagb_author_info":{"display_name":"ismaelcolosi.com.br","author_link":"https:\/\/ismaelcolosi.com.br\/author\/vidareal-online\/"},"uagb_comment_info":0,"uagb_excerpt":"[ad_1] Destaque Empregos e Est\u00e1gios 2 de janeiro de 2024 | 17:282 de janeiro de 2024 | 17:29 0 A prefeitura de Ribeir\u00e3o Preto, por meio da Secretaria Municipal da Administra\u00e7\u00e3o, publicou, no Di\u00e1rio Oficial do Munic\u00edpio de sexta-feira, 22 de dezembro, o Edital n\u00ba06\/2023 para a realiza\u00e7\u00e3o de um novo concurso p\u00fablico destinado \u00e0&hellip;&nbsp;","jetpack-related-posts":[{"id":42645,"url":"https:\/\/ismaelcolosi.com.br\/index.php\/2024\/03\/15\/abertas-as-inscricoes-para-o-miss-e-mister-lgbtqiap\/","url_meta":{"origin":23719,"position":0},"title":"Abertas as inscri\u00e7\u00f5es para o Miss e Mister LGBTQIAP+","author":"ismaelcolosi.com.br","date":"15 de Mar\u00e7o de 2024","format":false,"excerpt":"[ad_1] Os interessados podem fazer suas inscri\u00e7\u00f5es de 15 de mar\u00e7o a 7 de abril nos links das redes sociais da Parada 15 de mar\u00e7o de 2024 | 16:47 0Est\u00e3o abertas as inscri\u00e7\u00f5es para os que desejam participar da 13\u00aa edi\u00e7\u00e3o do Concurso Miss e Mister LGBTQIAP+2024, que acontece na\u2026","rel":"","context":"In &quot;Not\u00edcias de Ribeir\u00e3o Preto-SP e Regi\u00e3o&quot;","block_context":{"text":"Not\u00edcias de Ribeir\u00e3o Preto-SP e Regi\u00e3o","link":"https:\/\/ismaelcolosi.com.br\/index.php\/category\/noticias-de-ribeirao-preto-sp-e-regiao-ismael-colosi\/"},"img":{"alt_text":"","src":"https:\/\/i0.wp.com\/ismaelcolosi.com.br\/wp-content\/uploads\/2024\/03\/1149cd6f-4819-4f6a-b407-de588b91aedd-scaled.jpg?fit=968%2C645&ssl=1&resize=350%2C200","width":350,"height":200,"srcset":"https:\/\/i0.wp.com\/ismaelcolosi.com.br\/wp-content\/uploads\/2024\/03\/1149cd6f-4819-4f6a-b407-de588b91aedd-scaled.jpg?fit=968%2C645&ssl=1&resize=350%2C200 1x, https:\/\/i0.wp.com\/ismaelcolosi.com.br\/wp-content\/uploads\/2024\/03\/1149cd6f-4819-4f6a-b407-de588b91aedd-scaled.jpg?fit=968%2C645&ssl=1&resize=525%2C300 1.5x, https:\/\/i0.wp.com\/ismaelcolosi.com.br\/wp-content\/uploads\/2024\/03\/1149cd6f-4819-4f6a-b407-de588b91aedd-scaled.jpg?fit=968%2C645&ssl=1&resize=700%2C400 2x"},"classes":[]},{"id":25513,"url":"https:\/\/ismaelcolosi.com.br\/index.php\/2024\/01\/07\/prefeitura-de-ribeirao-preto-abre-inscricoes-para-concurso-publico-nesta-segunda\/","url_meta":{"origin":23719,"position":1},"title":"Prefeitura de Ribeir\u00e3o Preto abre inscri\u00e7\u00f5es para concurso p\u00fablico nesta segunda","author":"ismaelcolosi.com.br","date":"7 de Janeiro de 2024","format":false,"excerpt":"[ad_1] A Prefeitura de Ribeir\u00e3o Preto abre nesta segunda-feira (8) as inscri\u00e7\u00f5es do concurso p\u00fablico com vagas na Secretaria Municipal de \u00c1gua e Esgoto (Saerp). S\u00e3o 16 vagas abertas com cargos para n\u00edveis fundamental, m\u00e9dio, t\u00e9cnico e superior, com sal\u00e1rios iniciais variando entre R$ 2.250 e R$ 5.645. O edital\u2026","rel":"","context":"In &quot;Not\u00edcias de Ribeir\u00e3o Preto-SP e Regi\u00e3o&quot;","block_context":{"text":"Not\u00edcias de Ribeir\u00e3o Preto-SP e Regi\u00e3o","link":"https:\/\/ismaelcolosi.com.br\/index.php\/category\/noticias-de-ribeirao-preto-sp-e-regiao-ismael-colosi\/"},"img":{"alt_text":"","src":"https:\/\/i0.wp.com\/ismaelcolosi.com.br\/wp-content\/uploads\/2024\/01\/man-5710164_1280.jpg?fit=1200%2C800&ssl=1&resize=350%2C200","width":350,"height":200,"srcset":"https:\/\/i0.wp.com\/ismaelcolosi.com.br\/wp-content\/uploads\/2024\/01\/man-5710164_1280.jpg?fit=1200%2C800&ssl=1&resize=350%2C200 1x, https:\/\/i0.wp.com\/ismaelcolosi.com.br\/wp-content\/uploads\/2024\/01\/man-5710164_1280.jpg?fit=1200%2C800&ssl=1&resize=525%2C300 1.5x, https:\/\/i0.wp.com\/ismaelcolosi.com.br\/wp-content\/uploads\/2024\/01\/man-5710164_1280.jpg?fit=1200%2C800&ssl=1&resize=700%2C400 2x, https:\/\/i0.wp.com\/ismaelcolosi.com.br\/wp-content\/uploads\/2024\/01\/man-5710164_1280.jpg?fit=1200%2C800&ssl=1&resize=1050%2C600 3x"},"classes":[]},{"id":32327,"url":"https:\/\/ismaelcolosi.com.br\/index.php\/2024\/01\/24\/ministerio-do-planejamento-publica-edital-de-concurso-com-100-vagas\/","url_meta":{"origin":23719,"position":2},"title":"Minist\u00e9rio do Planejamento publica edital de concurso com 100 vagas","author":"ismaelcolosi.com.br","date":"24 de Janeiro de 2024","format":false,"excerpt":"[ad_1] 24 de janeiro de 2024 | 17:53 0O Minist\u00e9rio do Planejamento e Or\u00e7amento publicou nesta quarta-feira (24), no\u00a0Di\u00e1rio Oficial da Uni\u00e3o\u00a0(DOU), o\u00a0edital do concurso\u00a0para o preenchimento de 100 vagas imediatas de n\u00edvel superior.Todas as vagas s\u00e3o para a carreira de analista de planejamento e or\u00e7amento, em oito especialidades, toda\u2026","rel":"","context":"In &quot;Not\u00edcias de Ribeir\u00e3o Preto-SP e Regi\u00e3o&quot;","block_context":{"text":"Not\u00edcias de Ribeir\u00e3o Preto-SP e Regi\u00e3o","link":"https:\/\/ismaelcolosi.com.br\/index.php\/category\/noticias-de-ribeirao-preto-sp-e-regiao-ismael-colosi\/"},"img":{"alt_text":"","src":"https:\/\/i0.wp.com\/ismaelcolosi.com.br\/wp-content\/uploads\/2024\/01\/concurso-scaled.jpeg?fit=968%2C645&ssl=1&resize=350%2C200","width":350,"height":200,"srcset":"https:\/\/i0.wp.com\/ismaelcolosi.com.br\/wp-content\/uploads\/2024\/01\/concurso-scaled.jpeg?fit=968%2C645&ssl=1&resize=350%2C200 1x, https:\/\/i0.wp.com\/ismaelcolosi.com.br\/wp-content\/uploads\/2024\/01\/concurso-scaled.jpeg?fit=968%2C645&ssl=1&resize=525%2C300 1.5x, https:\/\/i0.wp.com\/ismaelcolosi.com.br\/wp-content\/uploads\/2024\/01\/concurso-scaled.jpeg?fit=968%2C645&ssl=1&resize=700%2C400 2x"},"classes":[]},{"id":44061,"url":"https:\/\/ismaelcolosi.com.br\/index.php\/2024\/03\/25\/inscricoes-abertas-para-concurso-publico-com-salario-de-ate-r-17-mil-na-regiao-de-ribeirao\/","url_meta":{"origin":23719,"position":3},"title":"Inscri\u00e7\u00f5es abertas para concurso p\u00fablico com sal\u00e1rio de at\u00e9 R$ 17 mil na regi\u00e3o de Ribeir\u00e3o","author":"ismaelcolosi.com.br","date":"25 de Mar\u00e7o de 2024","format":false,"excerpt":"[ad_1] As inscri\u00e7\u00f5es para o concurso p\u00fablico 01\/2024 da Prefeitura de S\u00e3o Joaquim da Barra, cidade a 73 quil\u00f4metros de Ribeir\u00e3o Preto, est\u00e3o abertas desde \u00e0s 10h desta segunda-feira (25). Os candidatos t\u00eam at\u00e9 \u00e0s 23h59 do dia 8 de abril para se inscreverem exclusivamente pelo site da institui\u00e7\u00e3o organizadora.\u2026","rel":"","context":"In &quot;Not\u00edcias de Ribeir\u00e3o Preto-SP e Regi\u00e3o&quot;","block_context":{"text":"Not\u00edcias de Ribeir\u00e3o Preto-SP e Regi\u00e3o","link":"https:\/\/ismaelcolosi.com.br\/index.php\/category\/noticias-de-ribeirao-preto-sp-e-regiao-ismael-colosi\/"},"img":{"alt_text":"","src":"https:\/\/i0.wp.com\/ismaelcolosi.com.br\/wp-content\/uploads\/2024\/03\/Copia-de-Copia-de-TAMANHO-EXATO-PARA-FOTOS-NO-SISTEMA-NOVO-83.jpg?fit=1200%2C675&ssl=1&resize=350%2C200","width":350,"height":200,"srcset":"https:\/\/i0.wp.com\/ismaelcolosi.com.br\/wp-content\/uploads\/2024\/03\/Copia-de-Copia-de-TAMANHO-EXATO-PARA-FOTOS-NO-SISTEMA-NOVO-83.jpg?fit=1200%2C675&ssl=1&resize=350%2C200 1x, https:\/\/i0.wp.com\/ismaelcolosi.com.br\/wp-content\/uploads\/2024\/03\/Copia-de-Copia-de-TAMANHO-EXATO-PARA-FOTOS-NO-SISTEMA-NOVO-83.jpg?fit=1200%2C675&ssl=1&resize=525%2C300 1.5x, https:\/\/i0.wp.com\/ismaelcolosi.com.br\/wp-content\/uploads\/2024\/03\/Copia-de-Copia-de-TAMANHO-EXATO-PARA-FOTOS-NO-SISTEMA-NOVO-83.jpg?fit=1200%2C675&ssl=1&resize=700%2C400 2x, https:\/\/i0.wp.com\/ismaelcolosi.com.br\/wp-content\/uploads\/2024\/03\/Copia-de-Copia-de-TAMANHO-EXATO-PARA-FOTOS-NO-SISTEMA-NOVO-83.jpg?fit=1200%2C675&ssl=1&resize=1050%2C600 3x"},"classes":[]},{"id":85537,"url":"https:\/\/ismaelcolosi.com.br\/index.php\/2025\/05\/21\/anpd-abre-concurso-com-213-vagas-e-salario-de-ate-r-9-mil-veja-como-se-inscrever-2\/","url_meta":{"origin":23719,"position":4},"title":"ANPD abre concurso com 213 vagas e sal\u00e1rio de at\u00e9 R$ 9 mil; veja como se inscrever","author":"ismaelcolosi.com.br","date":"21 de Maio de 2025","format":false,"excerpt":"[ad_1] A Autoridade Nacional de Prote\u00e7\u00e3o de Dados (ANPD) divulgou nesta sexta-feira, 09, um edital com as regras para seu novo concurso p\u00fablico. Ser\u00e3o 213 vagas imediatas de n\u00edvel m\u00e9dio, al\u00e9m de outras 1.704 oportunidades para forma\u00e7\u00e3o de cadastro reserva. Os contratos ter\u00e3o vig\u00eancia de um ano, podendo ser sucessivamente\u2026","rel":"","context":"In &quot;Empregos - Classificados&quot;","block_context":{"text":"Empregos - Classificados","link":"https:\/\/ismaelcolosi.com.br\/index.php\/category\/empregos-classificados-vagas-trabalho\/"},"img":{"alt_text":"","src":"https:\/\/i0.wp.com\/ismaelcolosi.com.br\/wp-content\/uploads\/2025\/05\/1747875944_4-e1746803008121.jpg?fit=1024%2C700&ssl=1&resize=350%2C200","width":350,"height":200,"srcset":"https:\/\/i0.wp.com\/ismaelcolosi.com.br\/wp-content\/uploads\/2025\/05\/1747875944_4-e1746803008121.jpg?fit=1024%2C700&ssl=1&resize=350%2C200 1x, https:\/\/i0.wp.com\/ismaelcolosi.com.br\/wp-content\/uploads\/2025\/05\/1747875944_4-e1746803008121.jpg?fit=1024%2C700&ssl=1&resize=525%2C300 1.5x, https:\/\/i0.wp.com\/ismaelcolosi.com.br\/wp-content\/uploads\/2025\/05\/1747875944_4-e1746803008121.jpg?fit=1024%2C700&ssl=1&resize=700%2C400 2x"},"classes":[]},{"id":85360,"url":"https:\/\/ismaelcolosi.com.br\/index.php\/2025\/05\/09\/anpd-abre-concurso-com-213-vagas-e-salario-de-ate-r-9-mil-veja-como-se-inscrever\/","url_meta":{"origin":23719,"position":5},"title":"ANPD abre concurso com 213 vagas e sal\u00e1rio de at\u00e9 R$ 9 mil; veja como se inscrever","author":"ismaelcolosi.com.br","date":"9 de Maio de 2025","format":false,"excerpt":"[ad_1] A Autoridade Nacional de Prote\u00e7\u00e3o de Dados (ANPD) divulgou nesta sexta-feira, 09, um edital com as regras para seu novo concurso p\u00fablico. Ser\u00e3o 213 vagas imediatas de n\u00edvel m\u00e9dio, al\u00e9m de outras 1.704 oportunidades para forma\u00e7\u00e3o de cadastro reserva. Os contratos ter\u00e3o vig\u00eancia de um ano, podendo ser sucessivamente\u2026","rel":"","context":"In &quot;Empregos - Classificados&quot;","block_context":{"text":"Empregos - Classificados","link":"https:\/\/ismaelcolosi.com.br\/index.php\/category\/empregos-classificados-vagas-trabalho\/"},"img":{"alt_text":"","src":"https:\/\/i0.wp.com\/ismaelcolosi.com.br\/wp-content\/uploads\/2025\/05\/4-e1746803008121.jpg?fit=1024%2C700&ssl=1&resize=350%2C200","width":350,"height":200,"srcset":"https:\/\/i0.wp.com\/ismaelcolosi.com.br\/wp-content\/uploads\/2025\/05\/4-e1746803008121.jpg?fit=1024%2C700&ssl=1&resize=350%2C200 1x, https:\/\/i0.wp.com\/ismaelcolosi.com.br\/wp-content\/uploads\/2025\/05\/4-e1746803008121.jpg?fit=1024%2C700&ssl=1&resize=525%2C300 1.5x, https:\/\/i0.wp.com\/ismaelcolosi.com.br\/wp-content\/uploads\/2025\/05\/4-e1746803008121.jpg?fit=1024%2C700&ssl=1&resize=700%2C400 2x"},"classes":[]}],"jetpack_sharing_enabled":true,"jetpack_shortlink":"https:\/\/wp.me\/pfMlyK-6az","jetpack_featured_media_url":"https:\/\/i0.wp.com\/ismaelcolosi.com.br\/wp-content\/uploads\/2024\/01\/concurso1-scaled.jpeg?fit=968%2C645&ssl=1","_links":{"self":[{"href":"https:\/\/ismaelcolosi.com.br\/index.php\/wp-json\/wp\/v2\/posts\/23719","targetHints":{"allow":["GET"]}}],"collection":[{"href":"https:\/\/ismaelcolosi.com.br\/index.php\/wp-json\/wp\/v2\/posts"}],"about":[{"href":"https:\/\/ismaelcolosi.com.br\/index.php\/wp-json\/wp\/v2\/types\/post"}],"author":[{"embeddable":true,"href":"https:\/\/ismaelcolosi.com.br\/index.php\/wp-json\/wp\/v2\/users\/1"}],"replies":[{"embeddable":true,"href":"https:\/\/ismaelcolosi.com.br\/index.php\/wp-json\/wp\/v2\/comments?post=23719"}],"version-history":[{"count":0,"href":"https:\/\/ismaelcolosi.com.br\/index.php\/wp-json\/wp\/v2\/posts\/23719\/revisions"}],"wp:featuredmedia":[{"embeddable":true,"href":"https:\/\/ismaelcolosi.com.br\/index.php\/wp-json\/wp\/v2\/media\/23720"}],"wp:attachment":[{"href":"https:\/\/ismaelcolosi.com.br\/index.php\/wp-json\/wp\/v2\/media?parent=23719"}],"wp:term":[{"taxonomy":"category","embeddable":true,"href":"https:\/\/ismaelcolosi.com.br\/index.php\/wp-json\/wp\/v2\/categories?post=23719"},{"taxonomy":"post_tag","embeddable":true,"href":"https:\/\/ismaelcolosi.com.br\/index.php\/wp-json\/wp\/v2\/tags?post=23719"}],"curies":[{"name":"wp","href":"https:\/\/api.w.org\/{rel}","templated":true}]}}