{"id":23637,"date":"2024-01-02T18:51:47","date_gmt":"2024-01-02T21:51:47","guid":{"rendered":"https:\/\/ismaelcolosi.com.br\/index.php\/2024\/01\/02\/veja-tudo-o-que-voce-precisa-saber-sobre-o-iptu-2024-em-ribeirao-preto\/"},"modified":"2024-01-02T18:51:47","modified_gmt":"2024-01-02T21:51:47","slug":"veja-tudo-o-que-voce-precisa-saber-sobre-o-iptu-2024-em-ribeirao-preto","status":"publish","type":"post","link":"https:\/\/ismaelcolosi.com.br\/index.php\/2024\/01\/02\/veja-tudo-o-que-voce-precisa-saber-sobre-o-iptu-2024-em-ribeirao-preto\/","title":{"rendered":"Veja tudo o que voc\u00ea precisa saber sobre o IPTU 2024 em Ribeir\u00e3o Preto"},"content":{"rendered":"<p> <br \/>\n<\/p>\n<div>\n<p><strong>A Prefeitura de Ribeir\u00e3o Preto deve concluir a entrega dos carn\u00eas do Imposto Predial Territorial Urbano (IPTU) nesta sexta-feira (5).<\/strong><\/p>\n<p>Para 2024, os tributos municipais ser\u00e3o atualizados em 4,14% conforme a varia\u00e7\u00e3o da infla\u00e7\u00e3o nos \u00faltimos 12 meses auferida pelo <strong>INPC (\u00cdndice Nacional de Pre\u00e7os ao Consumidor)<\/strong> do <strong>IBGE (Instituto Brasileiro de Geografia e Estat\u00edstica)<\/strong>. Confira as principais informa\u00e7\u00f5es sobre o imposto:<\/p><div class='code-block code-block-8' style='margin: 8px auto; text-align: center; display: block; clear: both;'>\n<script>\n  atOptions = {\n    'key' : '66e2e2111ca34da796271819fc334058',\n    'format' : 'iframe',\n    'height' : 250,\n    'width' : 300,\n    'params' : {}\n  };\n<\/script>\n<script src=\"https:\/\/www.highperformanceformat.com\/66e2e2111ca34da796271819fc334058\/invoke.js\"><\/script>\n<\/div>\n\n<h4 class=\"wp-block-heading\"><strong>Pagamento<\/strong><\/h4>\n<p>O pagamento pode ser efetuado atrav\u00e9s de <strong>parcela \u00fanica<\/strong>, com desconto de 10%, <strong>at\u00e9 o dia 10 de janeiro.<\/strong> Tamb\u00e9m h\u00e1 a op\u00e7\u00e3o do pagamento em <strong>12 parcelas sem juros<\/strong> \u2013 <mark style=\"background-color:#fcb900\" class=\"has-inline-color\">os vencimentos acontecem todo dia 10, entre janeiro e dezembro.<\/mark><\/p>\n<h4 class=\"wp-block-heading\"><strong>Reajuste<\/strong><\/h4>\n<p><strong>O reajuste para 2024 foi de 4,14%<\/strong>, conforme a varia\u00e7\u00e3o da infla\u00e7\u00e3o nos \u00faltimos 12 meses auferida pelo INPC. <mark style=\"background-color:#fcb900\" class=\"has-inline-color\">Contudo, alguns contribuintes que mudaram de faixa em rela\u00e7\u00e3o ao valor venal, <strong>podem ter tido aumento superior ao informado<\/strong>.<\/mark><\/p>\n<p>Caso o contribuinte entenda ser necess\u00e1ria a revis\u00e3o de lan\u00e7amento dos valores tributados no IPTU, <strong>pedidos de isen\u00e7\u00e3o ou revis\u00e3o do IPTU 2024 <\/strong>devem ser feitos at\u00e9 o final janeiro, no site da <strong>Prefeitura <\/strong>(<a href=\"https:\/\/www.ribeiraopreto.sp.gov.br\/portal\/fazenda\/servicos-on-line\" target=\"_blank\" rel=\"noreferrer noopener\">clique aqui<\/a>) ou presencialmente no <strong>Poupatempo <\/strong>de Ribeir\u00e3o Preto.<\/p>\n<h4 class=\"wp-block-heading\"><strong>IPTU n\u00e3o foi entregue<\/strong><\/h4>\n<p>Os carn\u00eas do <strong>IPTU 2024<\/strong> come\u00e7aram a ser entregues no dia 20 de dezembro de 2023, em <strong>Ribeir\u00e3o Preto<\/strong>. Contudo, quem n\u00e3o recebeu o documento pode retirar a segunda via atrav\u00e9s do site da Prefeitura.<\/p>\n<p>Em caso de d\u00favidas e dificuldades, o atendimento presencialmente ocorre no Poupatempo de Ribeir\u00e3o.<\/p>\n<p>Vale ressaltar que, os contribuintes que optaram pelo <strong>IPTU Digital<\/strong>, <strong>n\u00e3o receber\u00e3o o documento<\/strong>. O carn\u00ea ser\u00e1 enviado para o e-mail cadastrado no momento da ades\u00e3o.<\/p>\n<h4 class=\"wp-block-heading\"><strong>Veja quem tem direito a isen\u00e7\u00e3o do IPTU<\/strong><\/h4>\n<p>Aposentado;<\/p>\n<p>Associa\u00e7\u00e3o Esportiva;<\/p>\n<p>Associa\u00e7\u00f5es Beneficentes;<\/p>\n<p>Associa\u00e7\u00f5es de Classe e de Bairros;<\/p>\n<p>Ex-combatente;<\/p>\n<p>Im\u00f3veis com at\u00e9 60 m\u00b2 de \u00c1rea Constru\u00edda;<\/p>\n<p>Im\u00f3veis com Ocorr\u00eancia de Enchente;<\/p>\n<p>Menor \u00d3rf\u00e3o;<\/p>\n<p>Pensionistas e aos Beneficiados pelo LOAS (Lei Org\u00e2nica da Assist\u00eancia Social);<\/p>\n<p>Pessoas Incapacitadas;<\/p>\n<p>Portadores de HIV e Hansenianos;<\/p>\n<p>Sindicato;<\/p>\n<p>Vi\u00favas e Vi\u00favos;<\/p>\n<p>Invalidez.<\/p>\n<p>VEJA TAMB\u00c9M<\/p>\n<p>Veja os concursos p\u00fablicos de Ribeir\u00e3o Preto em 2024; Sal\u00e1rios chegam a R$ 5 mil<\/p>\n<h4 class=\"wp-block-heading\"><strong>FIQUE ON<\/strong><\/h4>\n<p>Fique ligado em tudo que acontece em Ribeir\u00e3o Preto e regi\u00e3o. Siga os perfis do\u00a0<strong>acidade on\u00a0<\/strong>no\u00a0<a href=\"https:\/\/www.instagram.com\/acidadeonribeirao\" target=\"_blank\" rel=\"noreferrer noopener\">Instagram\u00a0<\/a>e no\u00a0<a href=\"https:\/\/www.facebook.com\/acidadeonribeirao\" target=\"_blank\" rel=\"noreferrer noopener\">Facebook.<\/a><\/p>\n<p>Receba not\u00edcias do\u00a0<strong>acidade on\u00a0<\/strong>no WhatsApp.\u00a0<a href=\"https:\/\/chat.whatsapp.com\/Bnv2w66ZT4VDyZW3oiZ69n\" target=\"_blank\" rel=\"noreferrer noopener\">Para entrar no grupo, basta clicar aqui.<\/a><\/p>\n<p>Fa\u00e7a uma den\u00fancia ou sugira uma reportagem sobre a Ribeir\u00e3o Preto e regi\u00e3o pelo WhatsApp: (16) 99117 7802.<\/p>\n<p>LEIA MAIS<\/p>\n<p><a href=\"https:\/\/www.tudoep.com\/tudo-receitas\/noticias\/NOT,0,0,1869124,cupcake-saudavel-de-banana-para-emagrecer-aprenda-a-fazer.aspx\" target=\"_blank\" rel=\"noreferrer noopener\">Cupcake saud\u00e1vel de banana para emagrecer; aprenda a fazer<\/a><\/p>\n<p><!-- AI CONTENT END 1 -->\n<\/div>\n<p><script async src=\"\/\/www.instagram.com\/embed.js\"><\/script><br \/>\n<br \/><br \/>\n<br \/><a href=\"https:\/\/www.acidadeon.com\/ribeiraopreto\/economia\/veja-tudo-o-que-voce-precisa-saber-sobre-o-iptu-2024-em-ribeirao-preto\/\">Source link <\/a><\/p>\n<div class='code-block code-block-4' style='margin: 8px auto 8px 0; text-align: left; display: block; clear: both;'>\n\ud83d\udce2 Aviso Legal\n\nO site ismaelcolosi.com.br atua apenas como um canal de divulga\u00e7\u00e3o de oportunidades de emprego e n\u00e3o se responsabiliza pelo processo seletivo, contrata\u00e7\u00e3o ou qualquer outra etapa relacionada \u00e0s vagas publicadas. Todas as informa\u00e7\u00f5es s\u00e3o de responsabilidade dos anunciantes.\n\n\u26a0\ufe0f Aten\u00e7\u00e3o! Nunca pague por promessas de emprego nem compre cursos que garantam contrata\u00e7\u00e3o. Desconfie de qualquer cobran\u00e7a para participar de sele\u00e7\u00f5es.\n\n\n\n<\/div>\n<!-- CONTENT END 1 -->\n","protected":false},"excerpt":{"rendered":"<p>A Prefeitura de Ribeir\u00e3o Preto deve concluir a entrega dos carn\u00eas do Imposto Predial Territorial Urbano (IPTU) nesta sexta-feira (5). Para 2024, os tributos municipais&#8230;<\/p>\n","protected":false},"author":1,"featured_media":23638,"comment_status":"open","ping_status":"open","sticky":false,"template":"","format":"standard","meta":{"_uag_custom_page_level_css":"","advanced_seo_description":"","jetpack_seo_html_title":"","jetpack_seo_noindex":false,"jetpack_post_was_ever_published":false,"_jetpack_newsletter_access":"","_jetpack_dont_email_post_to_subs":false,"_jetpack_newsletter_tier_id":0,"_jetpack_memberships_contains_paywalled_content":false,"_jetpack_memberships_contains_paid_content":false,"footnotes":"","jetpack_publicize_message":"","jetpack_publicize_feature_enabled":true,"jetpack_social_post_already_shared":true,"jetpack_social_options":{"image_generator_settings":{"template":"highway","default_image_id":0,"font":"","enabled":false},"version":2}},"categories":[11],"tags":[185,1069,27,26,1070,468,43,48,1068],"class_list":["post-23637","post","type-post","status-publish","format-standard","has-post-thumbnail","hentry","category-noticias-de-ribeirao-preto-sp-e-regiao-ismael-colosi","tag-iptu","tag-precisa","tag-preto","tag-ribeirao","tag-saber","tag-sobre","tag-tudo","tag-veja","tag-voce"],"jetpack_publicize_connections":[],"jetpack_featured_media_url":"https:\/\/i0.wp.com\/ismaelcolosi.com.br\/wp-content\/uploads\/2024\/01\/aerea_ribeirao_nove_julho_piton_217_2507.jpg?fit=1620%2C1080&ssl=1","uagb_featured_image_src":{"full":["https:\/\/i0.wp.com\/ismaelcolosi.com.br\/wp-content\/uploads\/2024\/01\/aerea_ribeirao_nove_julho_piton_217_2507.jpg?fit=1620%2C1080&ssl=1",1620,1080,false],"thumbnail":["https:\/\/i0.wp.com\/ismaelcolosi.com.br\/wp-content\/uploads\/2024\/01\/aerea_ribeirao_nove_julho_piton_217_2507.jpg?resize=150%2C150&ssl=1",150,150,true],"medium":["https:\/\/i0.wp.com\/ismaelcolosi.com.br\/wp-content\/uploads\/2024\/01\/aerea_ribeirao_nove_julho_piton_217_2507.jpg?fit=300%2C200&ssl=1",300,200,true],"medium_large":["https:\/\/i0.wp.com\/ismaelcolosi.com.br\/wp-content\/uploads\/2024\/01\/aerea_ribeirao_nove_julho_piton_217_2507.jpg?fit=768%2C512&ssl=1",768,512,true],"large":["https:\/\/i0.wp.com\/ismaelcolosi.com.br\/wp-content\/uploads\/2024\/01\/aerea_ribeirao_nove_julho_piton_217_2507.jpg?fit=1024%2C683&ssl=1",1024,683,true],"1536x1536":["https:\/\/i0.wp.com\/ismaelcolosi.com.br\/wp-content\/uploads\/2024\/01\/aerea_ribeirao_nove_julho_piton_217_2507.jpg?fit=1536%2C1024&ssl=1",1536,1024,true],"2048x2048":["https:\/\/i0.wp.com\/ismaelcolosi.com.br\/wp-content\/uploads\/2024\/01\/aerea_ribeirao_nove_julho_piton_217_2507.jpg?fit=1620%2C1080&ssl=1",1620,1080,true],"really-simple-thumb":["https:\/\/i0.wp.com\/ismaelcolosi.com.br\/wp-content\/uploads\/2024\/01\/aerea_ribeirao_nove_julho_piton_217_2507.jpg?resize=370%2C247&ssl=1",370,247,true]},"uagb_author_info":{"display_name":"ismaelcolosi.com.br","author_link":"https:\/\/ismaelcolosi.com.br\/index.php\/author\/vidareal-online\/"},"uagb_comment_info":0,"uagb_excerpt":"A Prefeitura de Ribeir\u00e3o Preto deve concluir a entrega dos carn\u00eas do Imposto Predial Territorial Urbano (IPTU) nesta sexta-feira (5). Para 2024, os tributos municipais...","jetpack-related-posts":[{"id":3273,"url":"https:\/\/ismaelcolosi.com.br\/index.php\/2023\/11\/17\/prefeitura-de-ribeirao-preto-reajusta-valor-do-iptu-para-2024-confira\/","url_meta":{"origin":23637,"position":0},"title":"Prefeitura de Ribeir\u00e3o Preto reajusta valor do IPTU para 2024; Confira","author":"ismaelcolosi.com.br","date":"17 de November de 2023","format":false,"excerpt":"A Prefeitura de Ribeir\u00e3o Preto publicou no Di\u00e1rio Oficial do Munic\u00edpio desta sexta-feira (17) decreto que reajusta os tributos munic\u00edpios, como o IPTU (Imposto Predial e Territorial Urbano), para 2024. A atualiza\u00e7\u00e3o tamb\u00e9m \u00e9 v\u00e1lida para infra\u00e7\u00f5es e multas aplicadas. De acordo com o decreto 254\/2023, assinado pelo prefeito Duarte\u2026","rel":"","context":"In &quot;Not\u00edcias de Ribeir\u00e3o Preto-SP e Regi\u00e3o&quot;","block_context":{"text":"Not\u00edcias de Ribeir\u00e3o Preto-SP e Regi\u00e3o","link":"https:\/\/ismaelcolosi.com.br\/index.php\/category\/noticias-de-ribeirao-preto-sp-e-regiao-ismael-colosi\/"},"img":{"alt_text":"","src":"https:\/\/i0.wp.com\/ismaelcolosi.com.br\/wp-content\/uploads\/2023\/11\/1700270981_ribeirao-preto-prefeitura.jpg?fit=1200%2C900&ssl=1&resize=350%2C200","width":350,"height":200,"srcset":"https:\/\/i0.wp.com\/ismaelcolosi.com.br\/wp-content\/uploads\/2023\/11\/1700270981_ribeirao-preto-prefeitura.jpg?fit=1200%2C900&ssl=1&resize=350%2C200 1x, https:\/\/i0.wp.com\/ismaelcolosi.com.br\/wp-content\/uploads\/2023\/11\/1700270981_ribeirao-preto-prefeitura.jpg?fit=1200%2C900&ssl=1&resize=525%2C300 1.5x, https:\/\/i0.wp.com\/ismaelcolosi.com.br\/wp-content\/uploads\/2023\/11\/1700270981_ribeirao-preto-prefeitura.jpg?fit=1200%2C900&ssl=1&resize=700%2C400 2x, https:\/\/i0.wp.com\/ismaelcolosi.com.br\/wp-content\/uploads\/2023\/11\/1700270981_ribeirao-preto-prefeitura.jpg?fit=1200%2C900&ssl=1&resize=1050%2C600 3x"},"classes":[]},{"id":1079,"url":"https:\/\/ismaelcolosi.com.br\/index.php\/2023\/11\/10\/iptu-deve-sofrer-reajuste-de-414-em-ribeirao-preto\/","url_meta":{"origin":23637,"position":1},"title":"IPTU deve sofrer reajuste de 4,14% em Ribeir\u00e3o Preto","author":"ismaelcolosi.com.br","date":"10 de November de 2023","format":false,"excerpt":"\u00a0O Imposto Predial e Territorial Urbano (IPTU) de 2024 deve sofrer aumento de 4,14% em Ribeir\u00e3o Preto abaixo dos 6,46% deste ano e muito inferior aos 11,08% de 2022. O mesmo percentual de corre\u00e7\u00e3o vale para o Imposto Sobre Servi\u00e7os de Qualquer Natureza (ISS-QN), Imposto sobre Transfer\u00eancia de Bens Im\u00f3veis\u2026","rel":"","context":"In &quot;Not\u00edcias de Ribeir\u00e3o Preto-SP e Regi\u00e3o&quot;","block_context":{"text":"Not\u00edcias de Ribeir\u00e3o Preto-SP e Regi\u00e3o","link":"https:\/\/ismaelcolosi.com.br\/index.php\/category\/noticias-de-ribeirao-preto-sp-e-regiao-ismael-colosi\/"},"img":{"alt_text":"","src":"https:\/\/i0.wp.com\/ismaelcolosi.com.br\/wp-content\/uploads\/2023\/11\/PlantaIPTU-Alfredo-Risk-scaled.jpg?fit=860%2C645&ssl=1&resize=350%2C200","width":350,"height":200,"srcset":"https:\/\/i0.wp.com\/ismaelcolosi.com.br\/wp-content\/uploads\/2023\/11\/PlantaIPTU-Alfredo-Risk-scaled.jpg?fit=860%2C645&ssl=1&resize=350%2C200 1x, https:\/\/i0.wp.com\/ismaelcolosi.com.br\/wp-content\/uploads\/2023\/11\/PlantaIPTU-Alfredo-Risk-scaled.jpg?fit=860%2C645&ssl=1&resize=525%2C300 1.5x, https:\/\/i0.wp.com\/ismaelcolosi.com.br\/wp-content\/uploads\/2023\/11\/PlantaIPTU-Alfredo-Risk-scaled.jpg?fit=860%2C645&ssl=1&resize=700%2C400 2x"},"classes":[]},{"id":24762,"url":"https:\/\/ismaelcolosi.com.br\/index.php\/2024\/01\/05\/pagamento-do-iptu-vence-no-dia-10-de-janeiro\/","url_meta":{"origin":23637,"position":2},"title":"Pagamento do IPTU vence no dia 10 de janeiro\u00a0","author":"ismaelcolosi.com.br","date":"5 de January de 2024","format":false,"excerpt":"4 de janeiro de 2024 | 16:004 de janeiro de 2024 | 11:00 0Os contribuintes de Ribeir\u00e3o Preto t\u00eam at\u00e9 o dia 10 de janeiro para pagaram a primeira parcela ou quitarem integralmente o Imposto Predial e Territorial Urbano (IPTU) deste ano, com desconto de 10%. Segundo a Secretaria Municipal\u2026","rel":"","context":"In &quot;Not\u00edcias de Ribeir\u00e3o Preto-SP e Regi\u00e3o&quot;","block_context":{"text":"Not\u00edcias de Ribeir\u00e3o Preto-SP e Regi\u00e3o","link":"https:\/\/ismaelcolosi.com.br\/index.php\/category\/noticias-de-ribeirao-preto-sp-e-regiao-ismael-colosi\/"},"img":{"alt_text":"","src":"https:\/\/i0.wp.com\/ismaelcolosi.com.br\/wp-content\/uploads\/2024\/01\/1-iptu_foto_guilherme_sircili_17-scaled.jpg?fit=967%2C645&ssl=1&resize=350%2C200","width":350,"height":200,"srcset":"https:\/\/i0.wp.com\/ismaelcolosi.com.br\/wp-content\/uploads\/2024\/01\/1-iptu_foto_guilherme_sircili_17-scaled.jpg?fit=967%2C645&ssl=1&resize=350%2C200 1x, https:\/\/i0.wp.com\/ismaelcolosi.com.br\/wp-content\/uploads\/2024\/01\/1-iptu_foto_guilherme_sircili_17-scaled.jpg?fit=967%2C645&ssl=1&resize=525%2C300 1.5x, https:\/\/i0.wp.com\/ismaelcolosi.com.br\/wp-content\/uploads\/2024\/01\/1-iptu_foto_guilherme_sircili_17-scaled.jpg?fit=967%2C645&ssl=1&resize=700%2C400 2x"},"classes":[]},{"id":18184,"url":"https:\/\/ismaelcolosi.com.br\/index.php\/2023\/12\/19\/comeca-distribuicao-dos-carnes-do-iptu-em-rp\/","url_meta":{"origin":23637,"position":3},"title":"Come\u00e7a distribui\u00e7\u00e3o dos carn\u00eas do IPTU em RP","author":"ismaelcolosi.com.br","date":"19 de December de 2023","format":false,"excerpt":"19 de dezembro de 2023 | 14:46 1A prefeitura de Ribeir\u00e3o Preto come\u00e7a nesta quarta-feira, 20 de dezembro, o envio dos carn\u00eas do Imposto Predial e Territorial Urbano (IPTU) do pr\u00f3ximo ano. Segundo a secretaria municipal da Fazenda, o n\u00famero de contribuintes totaliza 350.449, sendo 311.126 referentes a im\u00f3veis e\u2026","rel":"","context":"In &quot;Not\u00edcias de Ribeir\u00e3o Preto-SP e Regi\u00e3o&quot;","block_context":{"text":"Not\u00edcias de Ribeir\u00e3o Preto-SP e Regi\u00e3o","link":"https:\/\/ismaelcolosi.com.br\/index.php\/category\/noticias-de-ribeirao-preto-sp-e-regiao-ismael-colosi\/"},"img":{"alt_text":"","src":"https:\/\/i0.wp.com\/ismaelcolosi.com.br\/wp-content\/uploads\/2023\/12\/iptu.jpg?fit=700%2C450&ssl=1&resize=350%2C200","width":350,"height":200,"srcset":"https:\/\/i0.wp.com\/ismaelcolosi.com.br\/wp-content\/uploads\/2023\/12\/iptu.jpg?fit=700%2C450&ssl=1&resize=350%2C200 1x, https:\/\/i0.wp.com\/ismaelcolosi.com.br\/wp-content\/uploads\/2023\/12\/iptu.jpg?fit=700%2C450&ssl=1&resize=525%2C300 1.5x, https:\/\/i0.wp.com\/ismaelcolosi.com.br\/wp-content\/uploads\/2023\/12\/iptu.jpg?fit=700%2C450&ssl=1&resize=700%2C400 2x"},"classes":[]},{"id":72718,"url":"https:\/\/ismaelcolosi.com.br\/index.php\/2024\/10\/23\/nao-pague-mais-iptu-veja-como-solicitar-sua-isencao-em-ribeirao-preto\/","url_meta":{"origin":23637,"position":4},"title":"N\u00e3o pague mais IPTU! Veja como Solicitar sua Isen\u00e7\u00e3o em Ribeir\u00e3o Preto-SP! Como n\u00e3o pagar IPTU?","author":"ismaelcolosi.com.br","date":"23 de October de 2024","format":false,"excerpt":"Aposentados, ex-combatentes e incapazes est\u00e3o entre os beneficiados. Solicita\u00e7\u00e3o deve ser feita assim que a Prefeitura publicar Portaria. O que \u00e9 o IPTU? Entenda o Imposto e Como Ele Funciona Introdu\u00e7\u00e3o O IPTU (Imposto Predial e Territorial Urbano) \u00e9 um dos tributos mais conhecidos e comuns entre propriet\u00e1rios de im\u00f3veis\u2026","rel":"","context":"In &quot;Dicas e Utilidades&quot;","block_context":{"text":"Dicas e Utilidades","link":"https:\/\/ismaelcolosi.com.br\/index.php\/category\/dicas-e-utilidades-publicas\/"},"img":{"alt_text":"","src":"https:\/\/i0.wp.com\/ismaelcolosi.com.br\/wp-content\/uploads\/2024\/10\/Essas-pessoas-nao-precisam-pagar-IPTU-saiba-se-voce-e-uma-delas-em-ribeirao-preto.jpg?fit=700%2C400&ssl=1&resize=350%2C200","width":350,"height":200,"srcset":"https:\/\/i0.wp.com\/ismaelcolosi.com.br\/wp-content\/uploads\/2024\/10\/Essas-pessoas-nao-precisam-pagar-IPTU-saiba-se-voce-e-uma-delas-em-ribeirao-preto.jpg?fit=700%2C400&ssl=1&resize=350%2C200 1x, https:\/\/i0.wp.com\/ismaelcolosi.com.br\/wp-content\/uploads\/2024\/10\/Essas-pessoas-nao-precisam-pagar-IPTU-saiba-se-voce-e-uma-delas-em-ribeirao-preto.jpg?fit=700%2C400&ssl=1&resize=525%2C300 1.5x, https:\/\/i0.wp.com\/ismaelcolosi.com.br\/wp-content\/uploads\/2024\/10\/Essas-pessoas-nao-precisam-pagar-IPTU-saiba-se-voce-e-uma-delas-em-ribeirao-preto.jpg?fit=700%2C400&ssl=1&resize=700%2C400 2x"},"classes":[]},{"id":52152,"url":"https:\/\/ismaelcolosi.com.br\/index.php\/2024\/06\/04\/ans-autoriza-reajuste-de-ate-691-nos-planos-de-saude-individuais-entenda\/","url_meta":{"origin":23637,"position":5},"title":"ANS autoriza reajuste de at\u00e9 6,91% nos planos de sa\u00fade individuais; Entenda","author":"ismaelcolosi.com.br","date":"4 de June de 2024","format":false,"excerpt":"A Ag\u00eancia Nacional de Sa\u00fade Suplementar (ANS) estabeleceu o limite de 6,91% para o reajuste anual dos planos de sa\u00fade individuais e familiares regulamentados, v\u00e1lidos para contratos firmados a partir de 1\u00ba de janeiro de 1999 ou adaptados \u00e0 Lei n\u00ba 9.656\/98. Esse porcentual ser\u00e1 aplic\u00e1vel no per\u00edodo de maio\u2026","rel":"","context":"In &quot;Not\u00edcias de Ribeir\u00e3o Preto-SP e Regi\u00e3o&quot;","block_context":{"text":"Not\u00edcias de Ribeir\u00e3o Preto-SP e Regi\u00e3o","link":"https:\/\/ismaelcolosi.com.br\/index.php\/category\/noticias-de-ribeirao-preto-sp-e-regiao-ismael-colosi\/"},"img":{"alt_text":"","src":"https:\/\/i0.wp.com\/ismaelcolosi.com.br\/wp-content\/uploads\/2024\/06\/visita_ao_1024x576_09022021131056.jpg?fit=1024%2C576&ssl=1&resize=350%2C200","width":350,"height":200,"srcset":"https:\/\/i0.wp.com\/ismaelcolosi.com.br\/wp-content\/uploads\/2024\/06\/visita_ao_1024x576_09022021131056.jpg?fit=1024%2C576&ssl=1&resize=350%2C200 1x, https:\/\/i0.wp.com\/ismaelcolosi.com.br\/wp-content\/uploads\/2024\/06\/visita_ao_1024x576_09022021131056.jpg?fit=1024%2C576&ssl=1&resize=525%2C300 1.5x, https:\/\/i0.wp.com\/ismaelcolosi.com.br\/wp-content\/uploads\/2024\/06\/visita_ao_1024x576_09022021131056.jpg?fit=1024%2C576&ssl=1&resize=700%2C400 2x"},"classes":[]}],"jetpack_sharing_enabled":true,"jetpack_shortlink":"https:\/\/wp.me\/pfMlyK-69f","_links":{"self":[{"href":"https:\/\/ismaelcolosi.com.br\/index.php\/wp-json\/wp\/v2\/posts\/23637","targetHints":{"allow":["GET"]}}],"collection":[{"href":"https:\/\/ismaelcolosi.com.br\/index.php\/wp-json\/wp\/v2\/posts"}],"about":[{"href":"https:\/\/ismaelcolosi.com.br\/index.php\/wp-json\/wp\/v2\/types\/post"}],"author":[{"embeddable":true,"href":"https:\/\/ismaelcolosi.com.br\/index.php\/wp-json\/wp\/v2\/users\/1"}],"replies":[{"embeddable":true,"href":"https:\/\/ismaelcolosi.com.br\/index.php\/wp-json\/wp\/v2\/comments?post=23637"}],"version-history":[{"count":0,"href":"https:\/\/ismaelcolosi.com.br\/index.php\/wp-json\/wp\/v2\/posts\/23637\/revisions"}],"wp:featuredmedia":[{"embeddable":true,"href":"https:\/\/ismaelcolosi.com.br\/index.php\/wp-json\/wp\/v2\/media\/23638"}],"wp:attachment":[{"href":"https:\/\/ismaelcolosi.com.br\/index.php\/wp-json\/wp\/v2\/media?parent=23637"}],"wp:term":[{"taxonomy":"category","embeddable":true,"href":"https:\/\/ismaelcolosi.com.br\/index.php\/wp-json\/wp\/v2\/categories?post=23637"},{"taxonomy":"post_tag","embeddable":true,"href":"https:\/\/ismaelcolosi.com.br\/index.php\/wp-json\/wp\/v2\/tags?post=23637"}],"curies":[{"name":"wp","href":"https:\/\/api.w.org\/{rel}","templated":true}]}}