{"id":23400,"date":"2024-01-02T09:08:38","date_gmt":"2024-01-02T12:08:38","guid":{"rendered":"https:\/\/ismaelcolosi.com.br\/index.php\/2024\/01\/02\/adolescentes-sao-apreendidos-apos-roubo-de-carro-em-bonfim-paulista\/"},"modified":"2024-01-02T09:08:38","modified_gmt":"2024-01-02T12:08:38","slug":"adolescentes-sao-apreendidos-apos-roubo-de-carro-em-bonfim-paulista","status":"publish","type":"post","link":"https:\/\/ismaelcolosi.com.br\/index.php\/2024\/01\/02\/adolescentes-sao-apreendidos-apos-roubo-de-carro-em-bonfim-paulista\/","title":{"rendered":"Adolescentes s\u00e3o apreendidos ap\u00f3s roubo de carro em Bonfim Paulista"},"content":{"rendered":"<p> <br \/>\n<\/p>\n<div data-td-block-uid=\"tdi_104\">\n<div class=\"tdb-block-inner td-fix-index\">\n<p>A<strong> Pol\u00edcia Militar <\/strong>apreendeu tr\u00eas adolescentes ap\u00f3s o roubo de uma Jeep Renegade no distrito de <strong>Bonfim Paulista<\/strong>, em <strong>Ribeir\u00e3o Preto<\/strong>, na madrugada desta ter\u00e7a-feira (2). A v\u00edtima, um homem de 57 anos, precisou ser internada ap\u00f3s ser agredido e esfaqueado.<\/p>\n<p>De acordo com o<strong> B.O. (boletim de ocorr\u00eancia)<\/strong>, os policiais viram o carro na <strong>avenida Independ\u00eancia<\/strong>, quando come\u00e7aram a acompanhar o ve\u00edculo, que se acidentou na<strong> avenida Oscar de Moura Lacerda<\/strong>, onde os adolescentes foram detidos.<\/p><div class='code-block code-block-8' style='margin: 8px auto; text-align: center; display: block; clear: both;'>\n<script>\n  atOptions = {\n    'key' : '66e2e2111ca34da796271819fc334058',\n    'format' : 'iframe',\n    'height' : 250,\n    'width' : 300,\n    'params' : {}\n  };\n<\/script>\n<script src=\"https:\/\/www.highperformanceformat.com\/66e2e2111ca34da796271819fc334058\/invoke.js\"><\/script>\n<\/div>\n\n<p>O registro aponta que a v\u00edtima teria recebido os adolescentes em casa, segundo os jovens apreendidos. Contudo, o registro da ocorr\u00eancia consta apenas como roubo e les\u00e3o corporal. N\u00e3o foi registrada a ocorr\u00eancia pelo suposto encontro entre a v\u00edtima e os menores.<\/p>\n<p>O homem foi agredido com socos no rosto e teria sofrido um ferimento com faca, segundo o Corpo de Bombeiros. Ele foi encaminhado para um hospital particular na zona Sul de Ribeir\u00e3o Preto e os adolescentes foram levados para <strong>Funda\u00e7\u00e3o Casa<\/strong>.<\/p>\n<p>O caso foi registrado na <strong>CPJ (Central de Pol\u00edcia Judici\u00e1ria) de Ribeir\u00e3o Preto<\/strong> e ser\u00e1 investigado pela <strong>Pol\u00edcia Civil.<\/strong><\/p>\n<p>VEJA TAMB\u00c9M<br \/>Zona de Converg\u00eancia pode provocar chuvas no interior de SP; Entenda<\/p>\n<h4 class=\"wp-block-heading\"><strong>FIQUE ON<\/strong><\/h4>\n<p>Fique ligado em tudo que acontece em Ribeir\u00e3o Preto e regi\u00e3o. Siga os perfis do <strong>acidade on <\/strong>no <a href=\"https:\/\/www.instagram.com\/acidadeonribeirao\" target=\"_blank\" rel=\"noreferrer noopener nofollow\">Instagram<\/a> e no<a href=\"https:\/\/www.facebook.com\/acidadeonribeirao\" target=\"_blank\" rel=\"noreferrer noopener nofollow\"> Facebook<\/a>.<\/p>\n<p>Receba not\u00edcias do <strong>acidade on <\/strong>no WhatsApp. <a href=\"https:\/\/chat.whatsapp.com\/Bnv2w66ZT4VDyZW3oiZ69n\" target=\"_blank\" rel=\"noreferrer noopener nofollow\">Para entrar no grupo, basta clicar aqui.<\/a><\/p>\n<p>LEIA MAIS<br \/>Proteja-se: 7 pr\u00e1ticas para evitar golpes em jogos de apostas<\/p>\n<p>Fa\u00e7a uma den\u00fancia ou sugira uma reportagem sobre a Ribeir\u00e3o Preto e regi\u00e3o pelo WhatsApp: (16) 99117 7802.<\/p>\n<p><!-- AI CONTENT END 1 -->\n<\/div>\n<\/div>\n<p><script async src=\"\/\/www.instagram.com\/embed.js\"><\/script><br \/>\n<br \/><br \/>\n<br \/><a href=\"https:\/\/www.acidadeon.com\/ribeiraopreto\/cotidiano\/adolescentes-sao-apreendidos-apos-roubo-de-carro-em-bonfim-paulista\/\">Source link <\/a><\/p>\n<div class='code-block code-block-4' style='margin: 8px auto 8px 0; text-align: left; display: block; clear: both;'>\n\ud83d\udce2 Aviso Legal\n\nO site ismaelcolosi.com.br atua apenas como um canal de divulga\u00e7\u00e3o de oportunidades de emprego e n\u00e3o se responsabiliza pelo processo seletivo, contrata\u00e7\u00e3o ou qualquer outra etapa relacionada \u00e0s vagas publicadas. Todas as informa\u00e7\u00f5es s\u00e3o de responsabilidade dos anunciantes.\n\n\u26a0\ufe0f Aten\u00e7\u00e3o! Nunca pague por promessas de emprego nem compre cursos que garantam contrata\u00e7\u00e3o. Desconfie de qualquer cobran\u00e7a para participar de sele\u00e7\u00f5es.\n\n\n\n<\/div>\n<!-- CONTENT END 1 -->\n","protected":false},"excerpt":{"rendered":"<p>A Pol\u00edcia Militar apreendeu tr\u00eas adolescentes ap\u00f3s o roubo de uma Jeep Renegade no distrito de Bonfim Paulista, em Ribeir\u00e3o Preto, na madrugada desta ter\u00e7a-feira&#8230;<\/p>\n","protected":false},"author":1,"featured_media":23401,"comment_status":"open","ping_status":"open","sticky":false,"template":"","format":"standard","meta":{"_uag_custom_page_level_css":"","advanced_seo_description":"","jetpack_seo_html_title":"","jetpack_seo_noindex":false,"jetpack_post_was_ever_published":false,"_jetpack_newsletter_access":"","_jetpack_dont_email_post_to_subs":false,"_jetpack_newsletter_tier_id":0,"_jetpack_memberships_contains_paywalled_content":false,"_jetpack_memberships_contains_paid_content":false,"footnotes":"","jetpack_publicize_message":"","jetpack_publicize_feature_enabled":true,"jetpack_social_post_already_shared":true,"jetpack_social_options":{"image_generator_settings":{"template":"highway","default_image_id":0,"font":"","enabled":false},"version":2}},"categories":[11],"tags":[2483,37,2900,2418,295,762,999,50],"class_list":["post-23400","post","type-post","status-publish","format-standard","has-post-thumbnail","hentry","category-noticias-de-ribeirao-preto-sp-e-regiao-ismael-colosi","tag-adolescentes","tag-apos","tag-apreendidos","tag-bonfim","tag-carro","tag-paulista","tag-roubo","tag-sao"],"jetpack_publicize_connections":[],"jetpack_featured_media_url":"https:\/\/i0.wp.com\/ismaelcolosi.com.br\/wp-content\/uploads\/2024\/01\/sirene_giroflex_1024x576_11032021085239.jpg?fit=1024%2C576&ssl=1","uagb_featured_image_src":{"full":["https:\/\/i0.wp.com\/ismaelcolosi.com.br\/wp-content\/uploads\/2024\/01\/sirene_giroflex_1024x576_11032021085239.jpg?fit=1024%2C576&ssl=1",1024,576,false],"thumbnail":["https:\/\/i0.wp.com\/ismaelcolosi.com.br\/wp-content\/uploads\/2024\/01\/sirene_giroflex_1024x576_11032021085239.jpg?resize=150%2C150&ssl=1",150,150,true],"medium":["https:\/\/i0.wp.com\/ismaelcolosi.com.br\/wp-content\/uploads\/2024\/01\/sirene_giroflex_1024x576_11032021085239.jpg?fit=300%2C169&ssl=1",300,169,true],"medium_large":["https:\/\/i0.wp.com\/ismaelcolosi.com.br\/wp-content\/uploads\/2024\/01\/sirene_giroflex_1024x576_11032021085239.jpg?fit=768%2C432&ssl=1",768,432,true],"large":["https:\/\/i0.wp.com\/ismaelcolosi.com.br\/wp-content\/uploads\/2024\/01\/sirene_giroflex_1024x576_11032021085239.jpg?fit=1024%2C576&ssl=1",1024,576,true],"1536x1536":["https:\/\/i0.wp.com\/ismaelcolosi.com.br\/wp-content\/uploads\/2024\/01\/sirene_giroflex_1024x576_11032021085239.jpg?fit=1024%2C576&ssl=1",1024,576,true],"2048x2048":["https:\/\/i0.wp.com\/ismaelcolosi.com.br\/wp-content\/uploads\/2024\/01\/sirene_giroflex_1024x576_11032021085239.jpg?fit=1024%2C576&ssl=1",1024,576,true],"really-simple-thumb":["https:\/\/i0.wp.com\/ismaelcolosi.com.br\/wp-content\/uploads\/2024\/01\/sirene_giroflex_1024x576_11032021085239.jpg?resize=370%2C247&ssl=1",370,247,true]},"uagb_author_info":{"display_name":"ismaelcolosi.com.br","author_link":"https:\/\/ismaelcolosi.com.br\/index.php\/author\/vidareal-online\/"},"uagb_comment_info":0,"uagb_excerpt":"A Pol\u00edcia Militar apreendeu tr\u00eas adolescentes ap\u00f3s o roubo de uma Jeep Renegade no distrito de Bonfim Paulista, em Ribeir\u00e3o Preto, na madrugada desta ter\u00e7a-feira...","jetpack-related-posts":[{"id":23593,"url":"https:\/\/ismaelcolosi.com.br\/index.php\/2024\/01\/02\/homem-e-agredido-durante-roubo-de-carro\/","url_meta":{"origin":23400,"position":0},"title":"Homem \u00e9 agredido durante roubo de carro","author":"ismaelcolosi.com.br","date":"2 de January de 2024","format":false,"excerpt":"Adolescentes teriam desferidos socos, chutes e at\u00e9 facada contra a v\u00edtima, que precisou ser internada 2 de janeiro de 2024 | 16:31 2Por: Adalberto LuqueUm homem foi agredido durante o roubo de seu ve\u00edculo, na madrugada desta ter\u00e7a-feira (02), em Bonfim Paulista, zona Sul de Ribeir\u00e3o Preto. Ele teria sido\u2026","rel":"","context":"In &quot;Not\u00edcias de Ribeir\u00e3o Preto-SP e Regi\u00e3o&quot;","block_context":{"text":"Not\u00edcias de Ribeir\u00e3o Preto-SP e Regi\u00e3o","link":"https:\/\/ismaelcolosi.com.br\/index.php\/category\/noticias-de-ribeirao-preto-sp-e-regiao-ismael-colosi\/"},"img":{"alt_text":"","src":"https:\/\/i0.wp.com\/ismaelcolosi.com.br\/wp-content\/uploads\/2024\/01\/Viatura-PM-Foto-Alfredo-Risk-scaled.jpg?fit=967%2C645&ssl=1&resize=350%2C200","width":350,"height":200,"srcset":"https:\/\/i0.wp.com\/ismaelcolosi.com.br\/wp-content\/uploads\/2024\/01\/Viatura-PM-Foto-Alfredo-Risk-scaled.jpg?fit=967%2C645&ssl=1&resize=350%2C200 1x, https:\/\/i0.wp.com\/ismaelcolosi.com.br\/wp-content\/uploads\/2024\/01\/Viatura-PM-Foto-Alfredo-Risk-scaled.jpg?fit=967%2C645&ssl=1&resize=525%2C300 1.5x, https:\/\/i0.wp.com\/ismaelcolosi.com.br\/wp-content\/uploads\/2024\/01\/Viatura-PM-Foto-Alfredo-Risk-scaled.jpg?fit=967%2C645&ssl=1&resize=700%2C400 2x"},"classes":[]},{"id":41288,"url":"https:\/\/ismaelcolosi.com.br\/index.php\/2024\/03\/07\/adolescentes-sao-apanhados-com-carro-roubado-em-canavial\/","url_meta":{"origin":23400,"position":1},"title":"Adolescentes s\u00e3o apanhados com carro roubado em canavial","author":"ismaelcolosi.com.br","date":"7 de March de 2024","format":false,"excerpt":"Dupla foi descoberta ap\u00f3s realizar ultrapassagem em rodovia na regi\u00e3o 7 de mar\u00e7o de 2024 | 11:23 2Por: Adalberto LuqueA Pol\u00edcia Militar Rodovi\u00e1ria (PMRv) apreendeu, nesta quarta-feira (6), dois adolescentes. A dupla estava em um ve\u00edculo que havia sido roubado pouco antes, trafegando pela Rodovia Deputado Cunha Bueno (SP-253), tamb\u00e9m\u2026","rel":"","context":"In &quot;Not\u00edcias de Ribeir\u00e3o Preto-SP e Regi\u00e3o&quot;","block_context":{"text":"Not\u00edcias de Ribeir\u00e3o Preto-SP e Regi\u00e3o","link":"https:\/\/ismaelcolosi.com.br\/index.php\/category\/noticias-de-ribeirao-preto-sp-e-regiao-ismael-colosi\/"},"img":{"alt_text":"","src":"https:\/\/i0.wp.com\/ismaelcolosi.com.br\/wp-content\/uploads\/2024\/03\/00-07-mar-2024-roubo-carro-guariba-foto-pmrv.jpg?fit=536%2C599&ssl=1&resize=350%2C200","width":350,"height":200,"srcset":"https:\/\/i0.wp.com\/ismaelcolosi.com.br\/wp-content\/uploads\/2024\/03\/00-07-mar-2024-roubo-carro-guariba-foto-pmrv.jpg?fit=536%2C599&ssl=1&resize=350%2C200 1x, https:\/\/i0.wp.com\/ismaelcolosi.com.br\/wp-content\/uploads\/2024\/03\/00-07-mar-2024-roubo-carro-guariba-foto-pmrv.jpg?fit=536%2C599&ssl=1&resize=525%2C300 1.5x"},"classes":[]},{"id":33537,"url":"https:\/\/ismaelcolosi.com.br\/index.php\/2024\/01\/29\/adolescentes-sao-detidos-por-policial-que-deixava-o-filho-na-escola-em-ribeirao\/","url_meta":{"origin":23400,"position":2},"title":"Adolescentes s\u00e3o detidos por policial que deixava o filho na escola em Ribeir\u00e3o","author":"ismaelcolosi.com.br","date":"29 de January de 2024","format":false,"excerpt":"Dois adolescentes foram detidos por uma policial que havia deixado o filho na escola, ap\u00f3s se envolverem em um roubo, na tarde desta segunda-feira (29), em Ribeir\u00e3o Preto. De acordo com o boletim de ocorr\u00eancia (BO), a policial civil estava voltando para o seu carro, que estava estacionada na rua\u2026","rel":"","context":"In &quot;Not\u00edcias de Ribeir\u00e3o Preto-SP e Regi\u00e3o&quot;","block_context":{"text":"Not\u00edcias de Ribeir\u00e3o Preto-SP e Regi\u00e3o","link":"https:\/\/ismaelcolosi.com.br\/index.php\/category\/noticias-de-ribeirao-preto-sp-e-regiao-ismael-colosi\/"},"img":{"alt_text":"","src":"https:\/\/i0.wp.com\/ismaelcolosi.com.br\/wp-content\/uploads\/2024\/01\/policia_civil_1200x675_20122021140226.jpg?fit=1200%2C679&ssl=1&resize=350%2C200","width":350,"height":200,"srcset":"https:\/\/i0.wp.com\/ismaelcolosi.com.br\/wp-content\/uploads\/2024\/01\/policia_civil_1200x675_20122021140226.jpg?fit=1200%2C679&ssl=1&resize=350%2C200 1x, https:\/\/i0.wp.com\/ismaelcolosi.com.br\/wp-content\/uploads\/2024\/01\/policia_civil_1200x675_20122021140226.jpg?fit=1200%2C679&ssl=1&resize=525%2C300 1.5x, https:\/\/i0.wp.com\/ismaelcolosi.com.br\/wp-content\/uploads\/2024\/01\/policia_civil_1200x675_20122021140226.jpg?fit=1200%2C679&ssl=1&resize=700%2C400 2x, https:\/\/i0.wp.com\/ismaelcolosi.com.br\/wp-content\/uploads\/2024\/01\/policia_civil_1200x675_20122021140226.jpg?fit=1200%2C679&ssl=1&resize=1050%2C600 3x"},"classes":[]},{"id":7658,"url":"https:\/\/ismaelcolosi.com.br\/index.php\/2023\/11\/28\/homem-e-ferido-com-chave-de-fenda-durante-roubo-em-ponto-de-onibus-em-ribeirao\/","url_meta":{"origin":23400,"position":3},"title":"Homem \u00e9 ferido com chave de fenda durante roubo em ponto de \u00f4nibus em Ribeir\u00e3o\u00a0","author":"ismaelcolosi.com.br","date":"28 de November de 2023","format":false,"excerpt":"Um homem de 33 anos ficou ferido em um assalto na madrugada desta segunda-feira (27), em um ponto de \u00f4nibus na avenida Treze de Maio, no Jardim Paulista, zona Leste de Ribeir\u00e3o Preto. A v\u00edtima foi amea\u00e7ada com uma chave de fenda e sofreu ferimentos na regi\u00e3o do pesco\u00e7o. Um\u2026","rel":"","context":"In &quot;Not\u00edcias de Ribeir\u00e3o Preto-SP e Regi\u00e3o&quot;","block_context":{"text":"Not\u00edcias de Ribeir\u00e3o Preto-SP e Regi\u00e3o","link":"https:\/\/ismaelcolosi.com.br\/index.php\/category\/noticias-de-ribeirao-preto-sp-e-regiao-ismael-colosi\/"},"img":{"alt_text":"","src":"https:\/\/i0.wp.com\/ismaelcolosi.com.br\/wp-content\/uploads\/2023\/11\/screwdriver-708177_1920.jpg?fit=1200%2C799&ssl=1&resize=350%2C200","width":350,"height":200,"srcset":"https:\/\/i0.wp.com\/ismaelcolosi.com.br\/wp-content\/uploads\/2023\/11\/screwdriver-708177_1920.jpg?fit=1200%2C799&ssl=1&resize=350%2C200 1x, https:\/\/i0.wp.com\/ismaelcolosi.com.br\/wp-content\/uploads\/2023\/11\/screwdriver-708177_1920.jpg?fit=1200%2C799&ssl=1&resize=525%2C300 1.5x, https:\/\/i0.wp.com\/ismaelcolosi.com.br\/wp-content\/uploads\/2023\/11\/screwdriver-708177_1920.jpg?fit=1200%2C799&ssl=1&resize=700%2C400 2x, https:\/\/i0.wp.com\/ismaelcolosi.com.br\/wp-content\/uploads\/2023\/11\/screwdriver-708177_1920.jpg?fit=1200%2C799&ssl=1&resize=1050%2C600 3x"},"classes":[]},{"id":979,"url":"https:\/\/ismaelcolosi.com.br\/index.php\/2023\/11\/09\/tres-menores-de-12-15-e-17-anos-sao-apreendidos-apos-roubo-em-ribeirao-preto-x-tudo-ribeirao\/","url_meta":{"origin":23400,"position":4},"title":"Tr\u00eas menores de 12, 15, e 17 anos s\u00e3o apreendidos ap\u00f3s roubo em Ribeir\u00e3o Preto \u2013 X Tudo Ribeir\u00e3o","author":"ismaelcolosi.com.br","date":"9 de November de 2023","format":false,"excerpt":"Tr\u00eas menores do crime, sendo de 12, 15 e 17 anos, foram apreendidos pela Pol\u00edcia Militar na Vila Virg\u00ednia, ap\u00f3s roubarem um celular de um homem na regi\u00e3o Central de Ribeir\u00e3o Preto. Na casa de um dos menores os PMs tamb\u00e9m encontraram drogas. Segundo informa\u00e7\u00f5es da Pol\u00edcia Militar, durante o\u2026","rel":"","context":"In &quot;Not\u00edcias de Ribeir\u00e3o Preto-SP e Regi\u00e3o&quot;","block_context":{"text":"Not\u00edcias de Ribeir\u00e3o Preto-SP e Regi\u00e3o","link":"https:\/\/ismaelcolosi.com.br\/index.php\/category\/noticias-de-ribeirao-preto-sp-e-regiao-ismael-colosi\/"},"img":{"alt_text":"","src":"https:\/\/i0.wp.com\/ismaelcolosi.com.br\/wp-content\/uploads\/2023\/11\/WhatsApp-Image-2023-11-09-at-21.49.26.jpeg?fit=680%2C361&ssl=1&resize=350%2C200","width":350,"height":200,"srcset":"https:\/\/i0.wp.com\/ismaelcolosi.com.br\/wp-content\/uploads\/2023\/11\/WhatsApp-Image-2023-11-09-at-21.49.26.jpeg?fit=680%2C361&ssl=1&resize=350%2C200 1x, https:\/\/i0.wp.com\/ismaelcolosi.com.br\/wp-content\/uploads\/2023\/11\/WhatsApp-Image-2023-11-09-at-21.49.26.jpeg?fit=680%2C361&ssl=1&resize=525%2C300 1.5x"},"classes":[]},{"id":43614,"url":"https:\/\/ismaelcolosi.com.br\/index.php\/2024\/03\/22\/professora-luta-com-ladrao-e-impede-roubo-de-veiculo\/","url_meta":{"origin":23400,"position":5},"title":"Professora luta com ladr\u00e3o e impede roubo de ve\u00edculo","author":"ismaelcolosi.com.br","date":"22 de March de 2024","format":false,"excerpt":"Dupla de moto tentou levar o carro, mas acabaram fugindo ap\u00f3s rea\u00e7\u00e3o da v\u00edtima; mulher ficou ferida 22 de mar\u00e7o de 2024 | 12:11 1 Por: Adalberto Luque Uma mulher de 45 anos conseguiu evitar que seu carro fosse roubado, na noite desta quinta-feira (21). Ela foi abordada ap\u00f3s estacionar\u2026","rel":"","context":"In &quot;Not\u00edcias de Ribeir\u00e3o Preto-SP e Regi\u00e3o&quot;","block_context":{"text":"Not\u00edcias de Ribeir\u00e3o Preto-SP e Regi\u00e3o","link":"https:\/\/ismaelcolosi.com.br\/index.php\/category\/noticias-de-ribeirao-preto-sp-e-regiao-ismael-colosi\/"},"img":{"alt_text":"","src":"https:\/\/i0.wp.com\/ismaelcolosi.com.br\/wp-content\/uploads\/2024\/03\/00-22-mar-2024-professora-briga-foto-alfredo-risk-scaled.jpg?fit=968%2C645&ssl=1&resize=350%2C200","width":350,"height":200,"srcset":"https:\/\/i0.wp.com\/ismaelcolosi.com.br\/wp-content\/uploads\/2024\/03\/00-22-mar-2024-professora-briga-foto-alfredo-risk-scaled.jpg?fit=968%2C645&ssl=1&resize=350%2C200 1x, https:\/\/i0.wp.com\/ismaelcolosi.com.br\/wp-content\/uploads\/2024\/03\/00-22-mar-2024-professora-briga-foto-alfredo-risk-scaled.jpg?fit=968%2C645&ssl=1&resize=525%2C300 1.5x, https:\/\/i0.wp.com\/ismaelcolosi.com.br\/wp-content\/uploads\/2024\/03\/00-22-mar-2024-professora-briga-foto-alfredo-risk-scaled.jpg?fit=968%2C645&ssl=1&resize=700%2C400 2x"},"classes":[]}],"jetpack_sharing_enabled":true,"jetpack_shortlink":"https:\/\/wp.me\/pfMlyK-65q","_links":{"self":[{"href":"https:\/\/ismaelcolosi.com.br\/index.php\/wp-json\/wp\/v2\/posts\/23400","targetHints":{"allow":["GET"]}}],"collection":[{"href":"https:\/\/ismaelcolosi.com.br\/index.php\/wp-json\/wp\/v2\/posts"}],"about":[{"href":"https:\/\/ismaelcolosi.com.br\/index.php\/wp-json\/wp\/v2\/types\/post"}],"author":[{"embeddable":true,"href":"https:\/\/ismaelcolosi.com.br\/index.php\/wp-json\/wp\/v2\/users\/1"}],"replies":[{"embeddable":true,"href":"https:\/\/ismaelcolosi.com.br\/index.php\/wp-json\/wp\/v2\/comments?post=23400"}],"version-history":[{"count":0,"href":"https:\/\/ismaelcolosi.com.br\/index.php\/wp-json\/wp\/v2\/posts\/23400\/revisions"}],"wp:featuredmedia":[{"embeddable":true,"href":"https:\/\/ismaelcolosi.com.br\/index.php\/wp-json\/wp\/v2\/media\/23401"}],"wp:attachment":[{"href":"https:\/\/ismaelcolosi.com.br\/index.php\/wp-json\/wp\/v2\/media?parent=23400"}],"wp:term":[{"taxonomy":"category","embeddable":true,"href":"https:\/\/ismaelcolosi.com.br\/index.php\/wp-json\/wp\/v2\/categories?post=23400"},{"taxonomy":"post_tag","embeddable":true,"href":"https:\/\/ismaelcolosi.com.br\/index.php\/wp-json\/wp\/v2\/tags?post=23400"}],"curies":[{"name":"wp","href":"https:\/\/api.w.org\/{rel}","templated":true}]}}