{"id":22806,"date":"2023-12-31T06:18:27","date_gmt":"2023-12-31T09:18:27","guid":{"rendered":"https:\/\/ismaelcolosi.com.br\/index.php\/2023\/12\/31\/veja-qual-o-novo-valor-definido\/"},"modified":"2023-12-31T06:18:27","modified_gmt":"2023-12-31T09:18:27","slug":"veja-qual-o-novo-valor-definido","status":"publish","type":"post","link":"https:\/\/ismaelcolosi.com.br\/index.php\/2023\/12\/31\/veja-qual-o-novo-valor-definido\/","title":{"rendered":"veja qual o novo valor definido"},"content":{"rendered":"<p> <br \/>\n<\/p>\n<div>\n<div id=\"attachment_2266765\" class=\"wp-caption alignnone\">\n<div class=\"d-flex justify-content-center\" data-attachment-id=\"2266765\">\n<div class=\"position-relative d-inline-block\"><img data-recalc-dims=\"1\" data-portal-copyright=\"Ag\u00eancia Brasil\/Marcello Casal Jr\" fetchpriority=\"high\" decoding=\"async\" class=\"size-full wp-image-2266765\" src=\"https:\/\/i0.wp.com\/catracalivre.com.br\/wp-content\/uploads\/2023\/04\/vale-gas.png?resize=1170%2C700&#038;ssl=1\" alt=\"Vale G\u00e1s volta a ser pago?\" width=\"1170\" height=\"700\" srcset=\"https:\/\/catracalivre.com.br\/wp-content\/uploads\/2023\/04\/vale-gas.png 1170w, https:\/\/catracalivre.com.br\/wp-content\/uploads\/2023\/04\/vale-gas-450x269.png 450w, https:\/\/catracalivre.com.br\/wp-content\/uploads\/2023\/04\/vale-gas-768x459.png 768w\" sizes=\"(max-width: 1170px) 100vw, 1170px\"\/><\/p>\n<p>Cr\u00e9ditos: Ag\u00eancia Brasil\/Marcello Casal Jr<\/p>\n<\/div>\n<\/div>\n<p><span class=\"post-imagem__legenda\">Vale G\u00e1s volta a ser pago?<\/span><\/p>\n<\/div>\n<p>O Vale-G\u00e1s, programa governamental destinado a auxiliar fam\u00edlias de baixa renda na aquisi\u00e7\u00e3o de g\u00e1s de cozinha, j\u00e1 tem seu valor para o ano de 2024 definido, e as inscri\u00e7\u00f5es est\u00e3o abertas para benefici\u00e1rios.<\/p>\n<p>Enquanto o programa continua sendo uma fonte de al\u00edvio para muitos brasileiros, h\u00e1 expectativas e, ao mesmo tempo, preocupa\u00e7\u00f5es quanto ao seu futuro em meio a poss\u00edveis limita\u00e7\u00f5es or\u00e7ament\u00e1rias.<\/p>\n<p>Em 2023, o Vale-G\u00e1s enfrentou desafios devido a um bloqueio no or\u00e7amento do Minist\u00e9rio do Desenvolvimento Social (MDS). Isso resultou em impactos no programa, com a manuten\u00e7\u00e3o dos pagamentos programados para o ano, mas sem a inclus\u00e3o de novas fam\u00edlias.<\/p>\n<h2>Continuidade do Vale-g\u00e1s em 2024<\/h2>\n<p>O Vale-G\u00e1s, regido pelo Decreto 10.881\/2021, tem validade assegurada at\u00e9 2026. Portanto, os benefici\u00e1rios podem ficar tranquilos quanto \u00e0 continuidade do programa no pr\u00f3ximo ano, garantindo o suporte essencial na aquisi\u00e7\u00e3o de g\u00e1s de cozinha.<\/p>\n<p>Contudo, \u00e9 importante destacar que a partir de 2024, haver\u00e1 uma altera\u00e7\u00e3o nos pagamentos, retornando a pagar apenas metade do valor do botij\u00e3o, em contraste com o pagamento integral oferecido nos \u00faltimos meses.<\/p>\n<p>Essa redu\u00e7\u00e3o no benef\u00edcio ocorre devido \u00e0 validade do adicional do Vale-G\u00e1s, anunciado pelo governo, que \u00e9 v\u00e1lido at\u00e9 o final de 2023. A menos que uma nova Medida Provis\u00f3ria seja editada e aprovada antes dos primeiros pagamentos programados para fevereiro de 2024, essa mudan\u00e7a ser\u00e1 implementada.<\/p>\n<h2>Regras para participa\u00e7\u00e3o no Vale-g\u00e1s em 2024<\/h2>\n<p>O<a href=\"https:\/\/catracalivre.com.br\/cidadania\/vale-gas-e-liberado-para-grupos-especificos-veja-quem-recebe\/\"> Vale-G\u00e1s<\/a> estabelece crit\u00e9rios espec\u00edficos para que os cidad\u00e3os possam se beneficiar do programa. As regras para participa\u00e7\u00e3o incluem:<\/p>\n<ul>\n<li>Ter inscri\u00e7\u00e3o ativa no Cadastro \u00danico (Cad\u00fanico);<\/li>\n<li>Possuir renda familiar per capita de at\u00e9 meio sal\u00e1rio m\u00ednimo (R$ 606) OU renda familiar total igual ou inferior a tr\u00eas sal\u00e1rios m\u00ednimos;<\/li>\n<li>Fam\u00edlias com renda superior a tr\u00eas sal\u00e1rios m\u00ednimos tamb\u00e9m podem se qualificar se estiverem inclu\u00eddas em programas de transfer\u00eancia de renda implementados pelas tr\u00eas esferas de governo;<\/li>\n<li>Ter entre os membros da fam\u00edlia pessoa que recebe o Benef\u00edcio de Presta\u00e7\u00e3o Continuada (BPC\/Loas).<\/li>\n<\/ul>\n<p><strong>Al\u00e9m disso, o programa estabelece regras de prioridade, dando prefer\u00eancia a:<\/strong><\/p>\n<ul>\n<li>Fam\u00edlias com cadastro atualizado no Cad\u00fanico nos \u00faltimos dois anos;<\/li>\n<li>Fam\u00edlias com menor renda;<\/li>\n<li>Fam\u00edlias com maior quantidade de integrantes;<\/li>\n<li>Fam\u00edlias contempladas pelo Aux\u00edlio Brasil;<\/li>\n<li>Fam\u00edlias com cadastro qualificado pelo gestor atrav\u00e9s do uso das informa\u00e7\u00f5es da averigua\u00e7\u00e3o (se dispon\u00edveis).<\/li>\n<\/ul>\n<\/div>\n<p><script>\n\t\t! function(f, b, e, v, n, t, s) {\n\t\t\tif (f.fbq) return;\n\t\t\tn = f.fbq = function() {\n\t\t\t\tn.callMethod ?\n\t\t\t\t\tn.callMethod.apply(n, arguments) : n.queue.push(arguments)\n\t\t\t};\n\t\t\tif (!f._fbq) f._fbq = n;\n\t\t\tn.push = n;\n\t\t\tn.loaded = !0;\n\t\t\tn.version = '2.0';\n\t\t\tn.queue = [];\n\t\t\tt = b.createElement(e);\n\t\t\tt.async = !0;\n\t\t\tt.src = v;\n\t\t\ts = b.getElementsByTagName(e)[0];\n\t\t\ts.parentNode.insertBefore(t, s)\n\t\t}(window, document, 'script',\n\t\t\t'https:\/\/connect.facebook.net\/en_US\/fbevents.js');\n\t\tfbq('init', '338315473262380');\n\t\tfbq('track', 'PageView');\n\t<\/script><br \/>\n<br \/><br \/>\n<br \/><a href=\"https:\/\/catracalivre.com.br\/cidadania\/vale-gas-2024-veja-qual-o-novo-valor-definido\/\">Source link <\/a><\/p>\n<div class='code-block code-block-4' style='margin: 8px auto 8px 0; text-align: left; display: block; clear: both;'>\n\ud83d\udce2 Aviso Legal\n\nO site ismaelcolosi.com.br atua apenas como um canal de divulga\u00e7\u00e3o de oportunidades de emprego e n\u00e3o se responsabiliza pelo processo seletivo, contrata\u00e7\u00e3o ou qualquer outra etapa relacionada \u00e0s vagas publicadas. Todas as informa\u00e7\u00f5es s\u00e3o de responsabilidade dos anunciantes.\n\n\u26a0\ufe0f Aten\u00e7\u00e3o! Nunca pague por promessas de emprego nem compre cursos que garantam contrata\u00e7\u00e3o. Desconfie de qualquer cobran\u00e7a para participar de sele\u00e7\u00f5es.\n\n\n\n<\/div>\n<!-- CONTENT END 1 -->\n","protected":false},"excerpt":{"rendered":"<p>Cr\u00e9ditos: Ag\u00eancia Brasil\/Marcello Casal Jr Vale G\u00e1s volta a ser pago? O Vale-G\u00e1s, programa governamental destinado a auxiliar fam\u00edlias de baixa renda na aquisi\u00e7\u00e3o de&#8230;<\/p>\n","protected":false},"author":1,"featured_media":22807,"comment_status":"open","ping_status":"open","sticky":false,"template":"","format":"standard","meta":{"_uag_custom_page_level_css":"","advanced_seo_description":"","jetpack_seo_html_title":"","jetpack_seo_noindex":false,"jetpack_post_was_ever_published":false,"_jetpack_newsletter_access":"","_jetpack_dont_email_post_to_subs":false,"_jetpack_newsletter_tier_id":0,"_jetpack_memberships_contains_paywalled_content":false,"_jetpack_memberships_contains_paid_content":false,"footnotes":"","jetpack_publicize_message":"","jetpack_publicize_feature_enabled":true,"jetpack_social_post_already_shared":true,"jetpack_social_options":{"image_generator_settings":{"template":"highway","default_image_id":0,"font":"","enabled":false},"version":2}},"categories":[19],"tags":[],"class_list":["post-22806","post","type-post","status-publish","format-standard","has-post-thumbnail","hentry","category-variedades"],"jetpack_publicize_connections":[],"jetpack_featured_media_url":"https:\/\/i0.wp.com\/ismaelcolosi.com.br\/wp-content\/uploads\/2023\/12\/1704014311_istock-1411599118.jpg?fit=1200%2C638&ssl=1","uagb_featured_image_src":{"full":["https:\/\/i0.wp.com\/ismaelcolosi.com.br\/wp-content\/uploads\/2023\/12\/1704014311_istock-1411599118.jpg?fit=1200%2C638&ssl=1",1200,638,false],"thumbnail":["https:\/\/i0.wp.com\/ismaelcolosi.com.br\/wp-content\/uploads\/2023\/12\/1704014311_istock-1411599118.jpg?resize=150%2C150&ssl=1",150,150,true],"medium":["https:\/\/i0.wp.com\/ismaelcolosi.com.br\/wp-content\/uploads\/2023\/12\/1704014311_istock-1411599118.jpg?fit=300%2C160&ssl=1",300,160,true],"medium_large":["https:\/\/i0.wp.com\/ismaelcolosi.com.br\/wp-content\/uploads\/2023\/12\/1704014311_istock-1411599118.jpg?fit=768%2C408&ssl=1",768,408,true],"large":["https:\/\/i0.wp.com\/ismaelcolosi.com.br\/wp-content\/uploads\/2023\/12\/1704014311_istock-1411599118.jpg?fit=1024%2C544&ssl=1",1024,544,true],"1536x1536":["https:\/\/i0.wp.com\/ismaelcolosi.com.br\/wp-content\/uploads\/2023\/12\/1704014311_istock-1411599118.jpg?fit=1200%2C638&ssl=1",1200,638,true],"2048x2048":["https:\/\/i0.wp.com\/ismaelcolosi.com.br\/wp-content\/uploads\/2023\/12\/1704014311_istock-1411599118.jpg?fit=1200%2C638&ssl=1",1200,638,true],"really-simple-thumb":["https:\/\/i0.wp.com\/ismaelcolosi.com.br\/wp-content\/uploads\/2023\/12\/1704014311_istock-1411599118.jpg?resize=370%2C247&ssl=1",370,247,true]},"uagb_author_info":{"display_name":"ismaelcolosi.com.br","author_link":"https:\/\/ismaelcolosi.com.br\/index.php\/author\/vidareal-online\/"},"uagb_comment_info":0,"uagb_excerpt":"Cr\u00e9ditos: Ag\u00eancia Brasil\/Marcello Casal Jr Vale G\u00e1s volta a ser pago? O Vale-G\u00e1s, programa governamental destinado a auxiliar fam\u00edlias de baixa renda na aquisi\u00e7\u00e3o de...","jetpack-related-posts":[{"id":22546,"url":"https:\/\/ismaelcolosi.com.br\/index.php\/2023\/12\/30\/entenda-se-o-valor-sofrera-alteracoes\/","url_meta":{"origin":22806,"position":0},"title":"entenda se o valor sofrer\u00e1 altera\u00e7\u00f5es","author":"ismaelcolosi.com.br","date":"30 de December de 2023","format":false,"excerpt":"Cr\u00e9ditos: Ag\u00eancia Brasil\/Jos\u00e9 CruzBolsa Fam\u00edlia SURPREENDE brasileiros O Bolsa Fam\u00edlia, um programa para as fam\u00edlias em situa\u00e7\u00e3o de vulnerabilidade socioecon\u00f4mica no Brasil, proporciona um suporte financeiro essencial, liberando mensalmente um pagamento m\u00ednimo de R$ 600. Contudo, com a chegada de 2024, surge a d\u00favida: o valor do Bolsa Fam\u00edlia sofrer\u00e1\u2026","rel":"","context":"In &quot;Variedades&quot;","block_context":{"text":"Variedades","link":"https:\/\/ismaelcolosi.com.br\/index.php\/category\/variedades\/"},"img":{"alt_text":"","src":"https:\/\/i0.wp.com\/ismaelcolosi.com.br\/wp-content\/uploads\/2023\/12\/1703932550_bolsa-familia-e-reformulado-e-esta-cheio-de-grandes-novidades.jpg?fit=1200%2C638&ssl=1&resize=350%2C200","width":350,"height":200,"srcset":"https:\/\/i0.wp.com\/ismaelcolosi.com.br\/wp-content\/uploads\/2023\/12\/1703932550_bolsa-familia-e-reformulado-e-esta-cheio-de-grandes-novidades.jpg?fit=1200%2C638&ssl=1&resize=350%2C200 1x, https:\/\/i0.wp.com\/ismaelcolosi.com.br\/wp-content\/uploads\/2023\/12\/1703932550_bolsa-familia-e-reformulado-e-esta-cheio-de-grandes-novidades.jpg?fit=1200%2C638&ssl=1&resize=525%2C300 1.5x, https:\/\/i0.wp.com\/ismaelcolosi.com.br\/wp-content\/uploads\/2023\/12\/1703932550_bolsa-familia-e-reformulado-e-esta-cheio-de-grandes-novidades.jpg?fit=1200%2C638&ssl=1&resize=700%2C400 2x, https:\/\/i0.wp.com\/ismaelcolosi.com.br\/wp-content\/uploads\/2023\/12\/1703932550_bolsa-familia-e-reformulado-e-esta-cheio-de-grandes-novidades.jpg?fit=1200%2C638&ssl=1&resize=1050%2C600 3x"},"classes":[]},{"id":12448,"url":"https:\/\/ismaelcolosi.com.br\/index.php\/2023\/12\/08\/valor-pago-na-proxima-rodada-do-pis-pasep-foi-definido-saiba-quanto\/","url_meta":{"origin":22806,"position":1},"title":"Valor pago na pr\u00f3xima rodada do PIS\/Pasep foi definido? Saiba quanto","author":"ismaelcolosi.com.br","date":"8 de December de 2023","format":false,"excerpt":"Muitas pessoas t\u00eam questionado sobre o pagamento do abono salarial do PIS\/Pasep para aqueles que trabalharam em 2022, especialmente agora, que o governo finalizou os pagamentos referentes ao ano-base 2021. Uma coisa j\u00e1 \u00e9 certa, vai ter pagamento em 2024, referente ao ano base 2022. Cr\u00e9ditos: Jos\u00e9 Cruz\/Ag\u00eancia BrasilValor pago\u2026","rel":"","context":"In &quot;Variedades&quot;","block_context":{"text":"Variedades","link":"https:\/\/ismaelcolosi.com.br\/index.php\/category\/variedades\/"},"img":{"alt_text":"","src":"https:\/\/i0.wp.com\/ismaelcolosi.com.br\/wp-content\/uploads\/2023\/12\/1702008126_pis-pasep-beneficio-2.jpg?fit=1200%2C638&ssl=1&resize=350%2C200","width":350,"height":200,"srcset":"https:\/\/i0.wp.com\/ismaelcolosi.com.br\/wp-content\/uploads\/2023\/12\/1702008126_pis-pasep-beneficio-2.jpg?fit=1200%2C638&ssl=1&resize=350%2C200 1x, https:\/\/i0.wp.com\/ismaelcolosi.com.br\/wp-content\/uploads\/2023\/12\/1702008126_pis-pasep-beneficio-2.jpg?fit=1200%2C638&ssl=1&resize=525%2C300 1.5x, https:\/\/i0.wp.com\/ismaelcolosi.com.br\/wp-content\/uploads\/2023\/12\/1702008126_pis-pasep-beneficio-2.jpg?fit=1200%2C638&ssl=1&resize=700%2C400 2x, https:\/\/i0.wp.com\/ismaelcolosi.com.br\/wp-content\/uploads\/2023\/12\/1702008126_pis-pasep-beneficio-2.jpg?fit=1200%2C638&ssl=1&resize=1050%2C600 3x"},"classes":[]},{"id":6876,"url":"https:\/\/ismaelcolosi.com.br\/index.php\/2023\/11\/27\/vale-gas-brasileiros-podem-antecipar-beneficio\/","url_meta":{"origin":22806,"position":2},"title":"Vale G\u00e1s: brasileiros podem antecipar benef\u00edcio?","author":"ismaelcolosi.com.br","date":"27 de November de 2023","format":false,"excerpt":"Cr\u00e9ditos: Ag\u00eancia Brasil\/Marcello Casal JrVale G\u00e1s v tem novidade para brasileiros A escalada constante dos pre\u00e7os no Brasil tem se tornado um desafio persistente para muitas fam\u00edlias de baixa renda, afetando diretamente o poder de compra, principalmente em rela\u00e7\u00e3o a despesas b\u00e1sicas, como o g\u00e1s de cozinha. Diante desse cen\u00e1rio,\u2026","rel":"","context":"In &quot;Variedades&quot;","block_context":{"text":"Variedades","link":"https:\/\/ismaelcolosi.com.br\/index.php\/category\/variedades\/"},"img":{"alt_text":"","src":"https:\/\/i0.wp.com\/ismaelcolosi.com.br\/wp-content\/uploads\/2023\/11\/istock-1411599118.jpg?fit=1200%2C638&ssl=1&resize=350%2C200","width":350,"height":200,"srcset":"https:\/\/i0.wp.com\/ismaelcolosi.com.br\/wp-content\/uploads\/2023\/11\/istock-1411599118.jpg?fit=1200%2C638&ssl=1&resize=350%2C200 1x, https:\/\/i0.wp.com\/ismaelcolosi.com.br\/wp-content\/uploads\/2023\/11\/istock-1411599118.jpg?fit=1200%2C638&ssl=1&resize=525%2C300 1.5x, https:\/\/i0.wp.com\/ismaelcolosi.com.br\/wp-content\/uploads\/2023\/11\/istock-1411599118.jpg?fit=1200%2C638&ssl=1&resize=700%2C400 2x, https:\/\/i0.wp.com\/ismaelcolosi.com.br\/wp-content\/uploads\/2023\/11\/istock-1411599118.jpg?fit=1200%2C638&ssl=1&resize=1050%2C600 3x"},"classes":[]},{"id":9819,"url":"https:\/\/ismaelcolosi.com.br\/index.php\/2023\/12\/02\/lula-anuncia-bonus-para-bolsa-familia-para-dezembro\/","url_meta":{"origin":22806,"position":3},"title":"Lula anuncia b\u00f4nus para Bolsa Fam\u00edlia para dezembro","author":"ismaelcolosi.com.br","date":"2 de December de 2023","format":false,"excerpt":"Cr\u00e9ditos: ASCOM\/CGUA melhor not\u00edcia para quem recebe Bolsa Fam\u00edlia acaba de chegarO presidente Lula trouxe uma not\u00edcia animadora para os benefici\u00e1rios do Bolsa Fam\u00edlia ao confirmar o pagamento de um b\u00f4nus salarial no valor de R$ 110,00 previsto para dezembro deste ano. Esta bonifica\u00e7\u00e3o est\u00e1 atrelada ao retorno do Aux\u00edlio\u2026","rel":"","context":"In &quot;Variedades&quot;","block_context":{"text":"Variedades","link":"https:\/\/ismaelcolosi.com.br\/index.php\/category\/variedades\/"},"img":{"alt_text":"","src":"https:\/\/i0.wp.com\/ismaelcolosi.com.br\/wp-content\/uploads\/2023\/12\/lula-da-excelente-noticia-para-quem-tem-divida-com-lojas-do-varejo.jpg?fit=1200%2C638&ssl=1&resize=350%2C200","width":350,"height":200,"srcset":"https:\/\/i0.wp.com\/ismaelcolosi.com.br\/wp-content\/uploads\/2023\/12\/lula-da-excelente-noticia-para-quem-tem-divida-com-lojas-do-varejo.jpg?fit=1200%2C638&ssl=1&resize=350%2C200 1x, https:\/\/i0.wp.com\/ismaelcolosi.com.br\/wp-content\/uploads\/2023\/12\/lula-da-excelente-noticia-para-quem-tem-divida-com-lojas-do-varejo.jpg?fit=1200%2C638&ssl=1&resize=525%2C300 1.5x, https:\/\/i0.wp.com\/ismaelcolosi.com.br\/wp-content\/uploads\/2023\/12\/lula-da-excelente-noticia-para-quem-tem-divida-com-lojas-do-varejo.jpg?fit=1200%2C638&ssl=1&resize=700%2C400 2x, https:\/\/i0.wp.com\/ismaelcolosi.com.br\/wp-content\/uploads\/2023\/12\/lula-da-excelente-noticia-para-quem-tem-divida-com-lojas-do-varejo.jpg?fit=1200%2C638&ssl=1&resize=1050%2C600 3x"},"classes":[]},{"id":6856,"url":"https:\/\/ismaelcolosi.com.br\/index.php\/2023\/11\/27\/governo-federal-anuncia-novo-corte-no-bolsa-familia\/","url_meta":{"origin":22806,"position":4},"title":"Governo Federal anuncia novo corte no Bolsa Fam\u00edlia","author":"ismaelcolosi.com.br","date":"27 de November de 2023","format":false,"excerpt":"Cr\u00e9ditos: Ag\u00eancia BrasilNot\u00edcia DEVASTADORA assusta benefici\u00e1rios do Bolsa Fam\u00edlia O m\u00eas de novembro trouxe uma not\u00edcia desanimadora para os benefici\u00e1rios do Bolsa Fam\u00edlia, pois o Governo Federal anunciou um novo corte no programa. Dessa vez, a medida est\u00e1 relacionada ao valor do benef\u00edcio, resultando em uma redu\u00e7\u00e3o de R$ 100\u2026","rel":"","context":"In &quot;Variedades&quot;","block_context":{"text":"Variedades","link":"https:\/\/ismaelcolosi.com.br\/index.php\/category\/variedades\/"},"img":{"alt_text":"","src":"https:\/\/i0.wp.com\/ismaelcolosi.com.br\/wp-content\/uploads\/2023\/11\/1701074614_bolsa-familia-na-conta-saiba-se-voce-vai-receber-hoje.jpg?fit=1200%2C638&ssl=1&resize=350%2C200","width":350,"height":200,"srcset":"https:\/\/i0.wp.com\/ismaelcolosi.com.br\/wp-content\/uploads\/2023\/11\/1701074614_bolsa-familia-na-conta-saiba-se-voce-vai-receber-hoje.jpg?fit=1200%2C638&ssl=1&resize=350%2C200 1x, https:\/\/i0.wp.com\/ismaelcolosi.com.br\/wp-content\/uploads\/2023\/11\/1701074614_bolsa-familia-na-conta-saiba-se-voce-vai-receber-hoje.jpg?fit=1200%2C638&ssl=1&resize=525%2C300 1.5x, https:\/\/i0.wp.com\/ismaelcolosi.com.br\/wp-content\/uploads\/2023\/11\/1701074614_bolsa-familia-na-conta-saiba-se-voce-vai-receber-hoje.jpg?fit=1200%2C638&ssl=1&resize=700%2C400 2x, https:\/\/i0.wp.com\/ismaelcolosi.com.br\/wp-content\/uploads\/2023\/11\/1701074614_bolsa-familia-na-conta-saiba-se-voce-vai-receber-hoje.jpg?fit=1200%2C638&ssl=1&resize=1050%2C600 3x"},"classes":[]},{"id":34255,"url":"https:\/\/ismaelcolosi.com.br\/index.php\/2024\/02\/01\/gas-de-cozinha-sobe-com-icms\/","url_meta":{"origin":22806,"position":5},"title":"G\u00e1s de cozinha sobe com ICMS\u00a0","author":"ismaelcolosi.com.br","date":"1 de February de 2024","format":false,"excerpt":"A partir desta quinta-feira, 1\u00ba de fevereiro, os pre\u00e7os da gasolina, do diesel e do botij\u00e3o de g\u00e1s de cozinha \u2013 g\u00e1s liquefeito de petr\u00f3leo (GLP) \u2013 ficar\u00e3o mais caros com o in\u00edcio da vig\u00eancia de novas al\u00edquotas do Imposto sobre Circula\u00e7\u00e3o de Mercadorias e Servi\u00e7os (ICMS), aprovadas pelos governos\u2026","rel":"","context":"In &quot;Not\u00edcias de Ribeir\u00e3o Preto-SP e Regi\u00e3o&quot;","block_context":{"text":"Not\u00edcias de Ribeir\u00e3o Preto-SP e Regi\u00e3o","link":"https:\/\/ismaelcolosi.com.br\/index.php\/category\/noticias-de-ribeirao-preto-sp-e-regiao-ismael-colosi\/"},"img":{"alt_text":"","src":"https:\/\/i0.wp.com\/ismaelcolosi.com.br\/wp-content\/uploads\/2024\/02\/GasRP-Pedro-Ventura-scaled.jpg?fit=971%2C645&ssl=1&resize=350%2C200","width":350,"height":200,"srcset":"https:\/\/i0.wp.com\/ismaelcolosi.com.br\/wp-content\/uploads\/2024\/02\/GasRP-Pedro-Ventura-scaled.jpg?fit=971%2C645&ssl=1&resize=350%2C200 1x, https:\/\/i0.wp.com\/ismaelcolosi.com.br\/wp-content\/uploads\/2024\/02\/GasRP-Pedro-Ventura-scaled.jpg?fit=971%2C645&ssl=1&resize=525%2C300 1.5x, https:\/\/i0.wp.com\/ismaelcolosi.com.br\/wp-content\/uploads\/2024\/02\/GasRP-Pedro-Ventura-scaled.jpg?fit=971%2C645&ssl=1&resize=700%2C400 2x"},"classes":[]}],"jetpack_sharing_enabled":true,"jetpack_shortlink":"https:\/\/wp.me\/pfMlyK-5VQ","_links":{"self":[{"href":"https:\/\/ismaelcolosi.com.br\/index.php\/wp-json\/wp\/v2\/posts\/22806","targetHints":{"allow":["GET"]}}],"collection":[{"href":"https:\/\/ismaelcolosi.com.br\/index.php\/wp-json\/wp\/v2\/posts"}],"about":[{"href":"https:\/\/ismaelcolosi.com.br\/index.php\/wp-json\/wp\/v2\/types\/post"}],"author":[{"embeddable":true,"href":"https:\/\/ismaelcolosi.com.br\/index.php\/wp-json\/wp\/v2\/users\/1"}],"replies":[{"embeddable":true,"href":"https:\/\/ismaelcolosi.com.br\/index.php\/wp-json\/wp\/v2\/comments?post=22806"}],"version-history":[{"count":0,"href":"https:\/\/ismaelcolosi.com.br\/index.php\/wp-json\/wp\/v2\/posts\/22806\/revisions"}],"wp:featuredmedia":[{"embeddable":true,"href":"https:\/\/ismaelcolosi.com.br\/index.php\/wp-json\/wp\/v2\/media\/22807"}],"wp:attachment":[{"href":"https:\/\/ismaelcolosi.com.br\/index.php\/wp-json\/wp\/v2\/media?parent=22806"}],"wp:term":[{"taxonomy":"category","embeddable":true,"href":"https:\/\/ismaelcolosi.com.br\/index.php\/wp-json\/wp\/v2\/categories?post=22806"},{"taxonomy":"post_tag","embeddable":true,"href":"https:\/\/ismaelcolosi.com.br\/index.php\/wp-json\/wp\/v2\/tags?post=22806"}],"curies":[{"name":"wp","href":"https:\/\/api.w.org\/{rel}","templated":true}]}}