{"id":22782,"date":"2023-12-31T00:03:22","date_gmt":"2023-12-31T03:03:22","guid":{"rendered":"https:\/\/ismaelcolosi.com.br\/index.php\/2023\/12\/31\/os-10-shows-de-fogos-mais-incriveis-do-reveillon\/"},"modified":"2023-12-31T00:03:22","modified_gmt":"2023-12-31T03:03:22","slug":"os-10-shows-de-fogos-mais-incriveis-do-reveillon","status":"publish","type":"post","link":"https:\/\/ismaelcolosi.com.br\/index.php\/2023\/12\/31\/os-10-shows-de-fogos-mais-incriveis-do-reveillon\/","title":{"rendered":"Os 10 shows de fogos mais incr\u00edveis do R\u00e9veillon"},"content":{"rendered":"<p> <br \/>\n<\/p>\n<div>\n<p>Faltam poucos dias para o R\u00e9veillon, e <a href=\"https:\/\/catracalivre.com.br\/viagem-livre\/destinos-exoticos-estao-no-radar-dos-brasileiros-em-2024\/\">pa\u00edses do mundo<\/a> todo est\u00e3o se preparando para receber 2024 em grande estilo.<\/p>\n<p>As tradi\u00e7\u00f5es e simpatias mudam de pessoa para pessoa: tem gente que leva a s\u00e9rio a cor da roupa \u00edntima usada no R\u00e9veillon, tem quem guarde sementes de rom\u00e3 na carteira e tem quem n\u00e3o dispense a lentilha no jantar do dia 31 de dezembro.<\/p>\n<div id=\"attachment_2247112\" class=\"wp-caption aligncenter\">\n<div class=\"d-flex justify-content-center\" data-attachment-id=\"2247112\">\n<div class=\"position-relative d-inline-block\"><img src=\"https:\/\/catracalivre.com.br\/viagem-livre\/os-10-shows-de-fogos-mais-incriveis-do-reveillon\/Gabriel Monteiro\/Secom\" fetchpriority=\"high\" decoding=\"async\" class=\"wp-image-2247112 size-large\" alt=\"Os 10 shows de fogos mais incr\u00edveis do R\u00e9veillon\" width=\"910\" height=\"544\" srcset=\"https:\/\/catracalivre.com.br\/wp-content\/uploads\/2022\/12\/ano-novo-tempo-virada-910x544.jpg 910w, https:\/\/catracalivre.com.br\/wp-content\/uploads\/2022\/12\/ano-novo-tempo-virada-450x269.jpg 450w, https:\/\/catracalivre.com.br\/wp-content\/uploads\/2022\/12\/ano-novo-tempo-virada-768x459.jpg 768w\" sizes=\"(max-width: 910px) 100vw, 910px\"\/><\/p>\n<p>Cr\u00e9ditos: Gabriel Monteiro\/Secom<\/p>\n<\/div>\n<\/div>\n<p><span class=\"post-imagem__legenda\">Os 10 shows de fogos mais incr\u00edveis do R\u00e9veillon<\/span><\/p>\n<\/div>\n<p>Mas uma coisa \u00e9 un\u00e2nime: nada substitui uma bel\u00edssima queima de fogos para celebrar a virada do ano.<\/p>\n<p>A <strong>Catraca Livre<\/strong>, em parceria com <a href=\"https:\/\/www.civitatis.com\/br\/\" target=\"_blank\" rel=\"noopener\">Civitatis<\/a>, selecionou os\u00a010 shows de fogos de artif\u00edcio mais incr\u00edveis do R\u00e9veillon\u00a0pelo mundo.<\/p>\n<h2>Os 10 shows de fogos mais incr\u00edveis do R\u00e9veillon<\/h2>\n<h3>1 \u2013 Dubai (Emirados \u00c1rabes Unidos)<\/h3>\n<p>A ic\u00f4nica cidade dos Emirados \u00c1rabes \u00e9 banhada por cores, luzes e grandiosidade para comemorar o in\u00edcio do Ano Novo.<\/p>\n<div id=\"attachment_2331171\" class=\"wp-caption aligncenter\">\n<div class=\"d-flex justify-content-center\" data-attachment-id=\"2331171\">\n<div class=\"position-relative d-inline-block\"><img loading=\"lazy\" src=\"https:\/\/catracalivre.com.br\/viagem-livre\/os-10-shows-de-fogos-mais-incriveis-do-reveillon\/Divulga\u00e7\u00e3o\" decoding=\"async\" class=\"size-large wp-image-2331171\" alt=\"Burj Khalifa \u00e9 uma das estrelas do Ano Novo em Dubai\" width=\"910\" height=\"591\" srcset=\"https:\/\/catracalivre.com.br\/wp-content\/uploads\/2023\/12\/reveillon-dubai-910x591.jpg 910w, https:\/\/catracalivre.com.br\/wp-content\/uploads\/2023\/12\/reveillon-dubai-450x292.jpg 450w, https:\/\/catracalivre.com.br\/wp-content\/uploads\/2023\/12\/reveillon-dubai-768x498.jpg 768w\" sizes=\"auto, (max-width: 910px) 100vw, 910px\"\/><\/p>\n<p>Cr\u00e9ditos: Divulga\u00e7\u00e3o<\/p>\n<\/div>\n<\/div>\n<p><span class=\"post-imagem__legenda\">Burj Khalifa \u00e9 uma das estrelas do Ano Novo em Dubai<\/span><\/p>\n<\/div>\n<p>No topo do Burj Khalifa, o edif\u00edcio mais alto do mundo com 828 metros de altura, h\u00e1 um espet\u00e1culo de luzes e pirotecnia que ilumina toda a cidade.<\/p>\n<p>N\u00e3o \u00e9 preciso pagar para assistir o show, mas tem que seguir a ordem de chegada. Existe tamb\u00e9m a op\u00e7\u00e3o de ver os fogos do pr\u00f3prio restaurante do Burj Khalifa \u2013uma experi\u00eancia memor\u00e1vel.<\/p>\n<h3>2 \u2013 Val\u00eancia (Espanha)<\/h3>\n<p>Essa cidade tem uma antiga tradi\u00e7\u00e3o de fogos de artif\u00edcio. \u00c9 aqui que se realizam as famosas \u201cFallas com masclet\u00e0\u201d, que consiste em fogos e bombinhas lan\u00e7ados ao c\u00e9u.\u00a0A Ciudad de las Artes y las Ciencias ser\u00e1 iluminada de um jeito especial na noite de 31 de dezembro.<\/p>\n<div id=\"attachment_2331170\" class=\"wp-caption aligncenter\">\n<div class=\"d-flex justify-content-center\" data-attachment-id=\"2331170\">\n<div class=\"position-relative d-inline-block\"><img loading=\"lazy\" src=\"https:\/\/catracalivre.com.br\/viagem-livre\/os-10-shows-de-fogos-mais-incriveis-do-reveillon\/Divulga\u00e7\u00e3o\" decoding=\"async\" class=\"wp-image-2331170 size-large\" alt=\"Val\u00eancia tem uma antiga tradi\u00e7\u00e3o de fogos de artif\u00edcio\" width=\"910\" height=\"607\" srcset=\"https:\/\/catracalivre.com.br\/wp-content\/uploads\/2023\/12\/valencia-910x607.jpg 910w, https:\/\/catracalivre.com.br\/wp-content\/uploads\/2023\/12\/valencia-450x300.jpg 450w, https:\/\/catracalivre.com.br\/wp-content\/uploads\/2023\/12\/valencia-768x512.jpg 768w\" sizes=\"auto, (max-width: 910px) 100vw, 910px\"\/><\/p>\n<p>Cr\u00e9ditos: Divulga\u00e7\u00e3o<\/p>\n<\/div>\n<\/div>\n<p><span class=\"post-imagem__legenda\">Val\u00eancia tem uma antiga tradi\u00e7\u00e3o de fogos de artif\u00edcio<\/span><\/p>\n<\/div>\n<p>Os fogos de artif\u00edcio ser\u00e3o acesos em diferentes pontos da cidade e os valencianos poder\u00e3o assistir um verdadeiro espet\u00e1culo de cores, compondo a atmosfera festiva e m\u00e1gica da cidade.<\/p>\n<h3>3 \u2013 Rio de Janeiro (Brasil)<\/h3>\n<p>Quando se trata de festa de Ano Novo, o brilho dos fogos de artif\u00edcio do Rio de Janeiro \u00e9 intenso e \u00fanico. N\u00e3o s\u00f3 a praia de Copacabana \u00e9 banhada por luzes e cores, mas todo o litoral participa deste espet\u00e1culo imperd\u00edvel.<\/p>\n<div id=\"attachment_2331168\" class=\"wp-caption aligncenter\">\n<div class=\"d-flex justify-content-center\" data-attachment-id=\"2331168\">\n<div class=\"position-relative d-inline-block\"><img src=\"https:\/\/catracalivre.com.br\/viagem-livre\/os-10-shows-de-fogos-mais-incriveis-do-reveillon\/Divulga\u00e7\u00e3o\" loading=\"lazy\" decoding=\"async\" class=\"wp-image-2331168 size-large\" alt=\"Queima de fogos na praia de Copacabana \u00e9 uma das mais tradicionais do mundo\" width=\"910\" height=\"530\" srcset=\"https:\/\/catracalivre.com.br\/wp-content\/uploads\/2023\/12\/unnamed-5-1-910x530.jpg 910w, https:\/\/catracalivre.com.br\/wp-content\/uploads\/2023\/12\/unnamed-5-1-450x262.jpg 450w, https:\/\/catracalivre.com.br\/wp-content\/uploads\/2023\/12\/unnamed-5-1-768x447.jpg 768w\" sizes=\"auto, (max-width: 910px) 100vw, 910px\"\/><\/p>\n<p>Cr\u00e9ditos: Divulga\u00e7\u00e3o<\/p>\n<\/div>\n<\/div>\n<p><span class=\"post-imagem__legenda\">Queima de fogos na praia de Copacabana \u00e9 uma das mais tradicionais do mundo<\/span><\/p>\n<\/div>\n<p>Para come\u00e7ar o ano com sorte, \u00e9 preciso seguir as tradi\u00e7\u00f5es: pular as sete ondas e investir em um look branco. O Rio oferece aos viajantes uma experi\u00eancia \u00fanica para a virada, com direito a muita m\u00fasica e alegria.<\/p>\n<h3>4 \u2013 Sydney (Austr\u00e1lia)<\/h3>\n<p>Devido a sua localiza\u00e7\u00e3o, a Austr\u00e1lia ser\u00e1 o primeiro pa\u00eds do mundo a se despedir de 2023.\u00a0Os moradores de Sydney s\u00e3o presenteados com uma maravilhosa queima de fogos nos arredores do Darling Harbour e da Opera House.<\/p>\n<div id=\"attachment_2331167\" class=\"wp-caption aligncenter\">\n<div class=\"d-flex justify-content-center\" data-attachment-id=\"2331167\">\n<div class=\"position-relative d-inline-block\"><img src=\"https:\/\/catracalivre.com.br\/viagem-livre\/os-10-shows-de-fogos-mais-incriveis-do-reveillon\/Divulga\u00e7\u00e3o\" loading=\"lazy\" decoding=\"async\" class=\"size-large wp-image-2331167\" alt=\"Fogos sobre a Opera House, em Sydney, na Austr\u00e1lia\" width=\"910\" height=\"604\" srcset=\"https:\/\/catracalivre.com.br\/wp-content\/uploads\/2023\/12\/sydney-ano-novo-910x604.jpg 910w, https:\/\/catracalivre.com.br\/wp-content\/uploads\/2023\/12\/sydney-ano-novo-450x299.jpg 450w, https:\/\/catracalivre.com.br\/wp-content\/uploads\/2023\/12\/sydney-ano-novo-768x510.jpg 768w\" sizes=\"auto, (max-width: 910px) 100vw, 910px\"\/><\/p>\n<p>Cr\u00e9ditos: Divulga\u00e7\u00e3o<\/p>\n<\/div>\n<\/div>\n<p><span class=\"post-imagem__legenda\">Fogos sobre a Opera House, em Sydney, na Austr\u00e1lia<\/span><\/p>\n<\/div>\n<p>O curioso dessa tradi\u00e7\u00e3o \u00e9 que cada ano tem um tema que representa a ess\u00eancia da cidade.<\/p>\n<p>O agasalho n\u00e3o \u00e9 necess\u00e1rio, pois as temperaturas do ver\u00e3o s\u00e3o altas e ideais para aproveitar o espet\u00e1culo ao ar livre em mirantes, pra\u00e7as e parques.<\/p>\n<h3>5 \u2013 Londres (Inglaterra)<\/h3>\n<p>A London Eye, famosa roda-gigante com mais de 130 metros de altura, \u00e9 o palco perfeito para um show de fogos de artif\u00edcio dos sonhos.<\/p>\n<div id=\"attachment_2331166\" class=\"wp-caption aligncenter\">\n<div class=\"d-flex justify-content-center\" data-attachment-id=\"2331166\">\n<div class=\"position-relative d-inline-block\"><img src=\"https:\/\/catracalivre.com.br\/viagem-livre\/os-10-shows-de-fogos-mais-incriveis-do-reveillon\/Divulga\u00e7\u00e3o\" loading=\"lazy\" decoding=\"async\" class=\"wp-image-2331166 size-large\" alt=\"Londres \u00e9 definitivamente um dos lugares para comemorar a chegada do Ano Novo\" width=\"910\" height=\"607\" srcset=\"https:\/\/catracalivre.com.br\/wp-content\/uploads\/2023\/12\/londres-910x607.jpg 910w, https:\/\/catracalivre.com.br\/wp-content\/uploads\/2023\/12\/londres-450x300.jpg 450w, https:\/\/catracalivre.com.br\/wp-content\/uploads\/2023\/12\/londres-768x512.jpg 768w\" sizes=\"auto, (max-width: 910px) 100vw, 910px\"\/><\/p>\n<p>Cr\u00e9ditos: Divulga\u00e7\u00e3o<\/p>\n<\/div>\n<\/div>\n<p><span class=\"post-imagem__legenda\">Londres \u00e9 definitivamente um dos lugares para comemorar a chegada do Ano Novo<\/span><\/p>\n<\/div>\n<p>O Big Ben marca o in\u00edcio do novo ano e, em seguida, come\u00e7a a queima de fogos que ilumina a capital inglesa. \u00c9 poss\u00edvel apreciar o espet\u00e1culo de diversos lugares, mas temos uma sugest\u00e3o especial: assistir em um cruzeiro no T\u00e2misa.<\/p>\n<p>Londres \u00e9 definitivamente um dos lugares mais m\u00e1gicos para comemorar a chegada do Ano Novo.<\/p>\n<h3>6 \u2013 Las Vegas (EUA)<\/h3>\n<p>Dizem que todo mundo precisa visitar Las Vegas pelo menos uma vez na vida, e talvez esta seja a \u00e9poca perfeita para fazer isso.\u00a0A vibe agitada e incans\u00e1vel da cidade fica ainda mais especial com a chegada do Ano Novo.<\/p>\n<div id=\"attachment_2331165\" class=\"wp-caption aligncenter\">\n<div class=\"d-flex justify-content-center\" data-attachment-id=\"2331165\">\n<div class=\"position-relative d-inline-block\"><img src=\"https:\/\/catracalivre.com.br\/viagem-livre\/os-10-shows-de-fogos-mais-incriveis-do-reveillon\/Shutterstock\" loading=\"lazy\" decoding=\"async\" class=\"size-large wp-image-2331165\" alt=\"Fogos iluminam a Strip, em Las Vegas\" width=\"910\" height=\"512\" srcset=\"https:\/\/catracalivre.com.br\/wp-content\/uploads\/2023\/12\/unnamed-4-1-910x512.jpg 910w, https:\/\/catracalivre.com.br\/wp-content\/uploads\/2023\/12\/unnamed-4-1-450x253.jpg 450w, https:\/\/catracalivre.com.br\/wp-content\/uploads\/2023\/12\/unnamed-4-1-768x432.jpg 768w\" sizes=\"auto, (max-width: 910px) 100vw, 910px\"\/><\/p>\n<p>Cr\u00e9ditos: Shutterstock<\/p>\n<\/div>\n<\/div>\n<p><span class=\"post-imagem__legenda\">Fogos iluminam a Strip, em Las Vegas<\/span><\/p>\n<\/div>\n<p>Pessoas fantasiadas nas ruas, a festa na Fremont Street, e uma queima de fogos de artif\u00edcio com mais de 80.000 foguetes sendo lan\u00e7ados de sete pontos diferentes da cidade, fazendo de Las Vegas um destino \u00fanico para aproveitar a virada.<\/p>\n<h3>7 \u2013 Roma,\u00a0 (It\u00e1lia)<\/h3>\n<p>A Cidade Eterna passa por toda uma prepara\u00e7\u00e3o para comemorar a chegada do Ano Novo. Sua beleza \u00e9 real\u00e7ada com os fogos de artif\u00edcio que iluminam o Coliseu e o F\u00f3rum Romano.<\/p>\n<div id=\"attachment_2331164\" class=\"wp-caption aligncenter\">\n<div class=\"d-flex justify-content-center\" data-attachment-id=\"2331164\">\n<div class=\"position-relative d-inline-block\"><img src=\"https:\/\/catracalivre.com.br\/viagem-livre\/os-10-shows-de-fogos-mais-incriveis-do-reveillon\/Divulga\u00e7\u00e3o\" loading=\"lazy\" decoding=\"async\" class=\"wp-image-2331164 size-large\" alt=\"Fogos iluminam o Coliseu, em Roma\" width=\"910\" height=\"607\" srcset=\"https:\/\/catracalivre.com.br\/wp-content\/uploads\/2023\/12\/reveillon-roma-910x607.jpg 910w, https:\/\/catracalivre.com.br\/wp-content\/uploads\/2023\/12\/reveillon-roma-450x300.jpg 450w, https:\/\/catracalivre.com.br\/wp-content\/uploads\/2023\/12\/reveillon-roma-768x512.jpg 768w\" sizes=\"auto, (max-width: 910px) 100vw, 910px\"\/><\/p>\n<p>Cr\u00e9ditos: Divulga\u00e7\u00e3o<\/p>\n<\/div>\n<\/div>\n<p><span class=\"post-imagem__legenda\">Fogos iluminam o Coliseu, em Roma<\/span><\/p>\n<\/div>\n<p>Al\u00e9m disso, as ruas de Roma se enchem de alegria e de festa, e a Piazza del Popolo \u00e9 o local ideal para uma noite divertida. Conforme a virada se aproxima, mais pessoas se re\u00fanem na pra\u00e7a, de onde \u00e9 poss\u00edvel apreciar o show.<\/p>\n<h3>8 \u2013 Paris (Fran\u00e7a)<\/h3>\n<p>A Cidade Luz se ilumina ainda mais linda para se despedir do ano velho e comemorar a chegada do Ano Novo. A partir das 22h, \u00e9 poss\u00edvel assistir uma proje\u00e7\u00e3o nas paredes do Arco do Triunfo.<\/p>\n<div id=\"attachment_2331163\" class=\"wp-caption aligncenter\">\n<div class=\"d-flex justify-content-center\" data-attachment-id=\"2331163\">\n<div class=\"position-relative d-inline-block\"><img src=\"https:\/\/catracalivre.com.br\/viagem-livre\/os-10-shows-de-fogos-mais-incriveis-do-reveillon\/Divulga\u00e7\u00e3o\" loading=\"lazy\" decoding=\"async\" class=\"wp-image-2331163 size-large\" alt=\"A Cidade Luz se ilumina ainda mais linda nesta \u00e9poca do ano\" width=\"910\" height=\"607\" srcset=\"https:\/\/catracalivre.com.br\/wp-content\/uploads\/2023\/12\/reveillon-paris-910x607.jpg 910w, https:\/\/catracalivre.com.br\/wp-content\/uploads\/2023\/12\/reveillon-paris-450x300.jpg 450w, https:\/\/catracalivre.com.br\/wp-content\/uploads\/2023\/12\/reveillon-paris-768x512.jpg 768w\" sizes=\"auto, (max-width: 910px) 100vw, 910px\"\/><\/p>\n<p>Cr\u00e9ditos: Divulga\u00e7\u00e3o<\/p>\n<\/div>\n<\/div>\n<p><span class=\"post-imagem__legenda\">A Cidade Luz se ilumina ainda mais linda nesta \u00e9poca do ano<\/span><\/p>\n<\/div>\n<p>O show de som e luz \u00e9 seguido por uma explos\u00e3o impressionante de fogos de artif\u00edcio que pode ser vista da Champs Elys\u00e9es. Chegue com anteced\u00eancia, pois os lugares com uma vista boa s\u00e3o muito disputados.<\/p>\n<h3>9 \u2013 Koh Pha Ngan (Tail\u00e2ndia)<\/h3>\n<p>Embora o Natal n\u00e3o seja comemorado na Tail\u00e2ndia de acordo com a tradi\u00e7\u00e3o crist\u00e3, eles aderiram \u00e0 festa de Ano Novo por conta do grande n\u00famero de turistas no pa\u00eds e que querem viver uma experi\u00eancia diferente.<\/p>\n<div id=\"attachment_2331162\" class=\"wp-caption aligncenter\">\n<div class=\"d-flex justify-content-center\" data-attachment-id=\"2331162\">\n<div class=\"position-relative d-inline-block\"><img src=\"https:\/\/catracalivre.com.br\/viagem-livre\/os-10-shows-de-fogos-mais-incriveis-do-reveillon\/Divulga\u00e7\u00e3o\" loading=\"lazy\" decoding=\"async\" class=\"wp-image-2331162 size-large\" alt=\"Koh Pha Ngan \u00e9 o destino ideal para uma noite divertida em Sunset Beach\" width=\"910\" height=\"607\" srcset=\"https:\/\/catracalivre.com.br\/wp-content\/uploads\/2023\/12\/koh-pha-ngan-910x607.jpg 910w, https:\/\/catracalivre.com.br\/wp-content\/uploads\/2023\/12\/koh-pha-ngan-450x300.jpg 450w, https:\/\/catracalivre.com.br\/wp-content\/uploads\/2023\/12\/koh-pha-ngan-768x512.jpg 768w\" sizes=\"auto, (max-width: 910px) 100vw, 910px\"\/><\/p>\n<p>Cr\u00e9ditos: Divulga\u00e7\u00e3o<\/p>\n<\/div>\n<\/div>\n<p><span class=\"post-imagem__legenda\">Koh Pha Ngan \u00e9 o destino ideal para uma noite divertida em Sunset Beach<\/span><\/p>\n<\/div>\n<p>\u00c9 por isso que Koh Pha Ngan \u00e9 o destino ideal para uma noite divertida em Sunset Beach. Se estiver procurando uma experi\u00eancia diferente e inesquec\u00edvel para a virada, esse \u00e9 o destino para voc\u00ea.<\/p>\n<h3>10 \u2013 Hong Kong (China)<\/h3>\n<p>Voc\u00ea sabia que a cidade tem um show di\u00e1rio chamado \u201cSymphony of Lights\u201d (Sinfonia de Luzes) que \u00e9 projetado em mais de 40 edif\u00edcios todos os dias?<\/p>\n<div id=\"attachment_2331161\" class=\"wp-caption aligncenter\">\n<div class=\"d-flex justify-content-center\" data-attachment-id=\"2331161\">\n<div class=\"position-relative d-inline-block\"><img src=\"https:\/\/catracalivre.com.br\/viagem-livre\/os-10-shows-de-fogos-mais-incriveis-do-reveillon\/Divulga\u00e7\u00e3o\" loading=\"lazy\" decoding=\"async\" class=\"size-large wp-image-2331161\" alt=\"Queima de fogos em Victoria Harbour, em Hong Kong\" width=\"910\" height=\"607\" srcset=\"https:\/\/catracalivre.com.br\/wp-content\/uploads\/2023\/12\/reveillon-hong-kong-910x607.jpg 910w, https:\/\/catracalivre.com.br\/wp-content\/uploads\/2023\/12\/reveillon-hong-kong-450x300.jpg 450w, https:\/\/catracalivre.com.br\/wp-content\/uploads\/2023\/12\/reveillon-hong-kong-768x512.jpg 768w\" sizes=\"auto, (max-width: 910px) 100vw, 910px\"\/><\/p>\n<p>Cr\u00e9ditos: Divulga\u00e7\u00e3o<\/p>\n<\/div>\n<\/div>\n<p><span class=\"post-imagem__legenda\">Queima de fogos em Victoria Harbour, em Hong Kong<\/span><\/p>\n<\/div>\n<p>Por isso, n\u00e3o \u00e9 de se admirar que os fogos de artif\u00edcio de l\u00e1 sejam um dos shows mais incr\u00edveis do Ano Novo.<\/p>\n<p>Al\u00e9m disso, a China tamb\u00e9m \u00e9 o pa\u00eds onde os fogos foram inventados. Quer destino melhor para apreciar um bom espet\u00e1culo no R\u00e9veillon?<\/p>\n<\/div>\n<p><script>\n\t\t! function(f, b, e, v, n, t, s) {\n\t\t\tif (f.fbq) return;\n\t\t\tn = f.fbq = function() {\n\t\t\t\tn.callMethod ?\n\t\t\t\t\tn.callMethod.apply(n, arguments) : n.queue.push(arguments)\n\t\t\t};\n\t\t\tif (!f._fbq) f._fbq = n;\n\t\t\tn.push = n;\n\t\t\tn.loaded = !0;\n\t\t\tn.version = '2.0';\n\t\t\tn.queue = [];\n\t\t\tt = b.createElement(e);\n\t\t\tt.async = !0;\n\t\t\tt.src = v;\n\t\t\ts = b.getElementsByTagName(e)[0];\n\t\t\ts.parentNode.insertBefore(t, s)\n\t\t}(window, document, 'script',\n\t\t\t'https:\/\/connect.facebook.net\/en_US\/fbevents.js');\n\t\tfbq('init', '338315473262380');\n\t\tfbq('track', 'PageView');\n\t<\/script><br \/>\n<br \/><br \/>\n<br \/><a href=\"https:\/\/catracalivre.com.br\/viagem-livre\/os-10-shows-de-fogos-mais-incriveis-do-reveillon\/\">Source link <\/a><\/p>\n<div class='code-block code-block-4' style='margin: 8px auto 8px 0; text-align: left; display: block; clear: both;'>\n\ud83d\udce2 Aviso Legal\n\nO site ismaelcolosi.com.br atua apenas como um canal de divulga\u00e7\u00e3o de oportunidades de emprego e n\u00e3o se responsabiliza pelo processo seletivo, contrata\u00e7\u00e3o ou qualquer outra etapa relacionada \u00e0s vagas publicadas. Todas as informa\u00e7\u00f5es s\u00e3o de responsabilidade dos anunciantes.\n\n\u26a0\ufe0f Aten\u00e7\u00e3o! Nunca pague por promessas de emprego nem compre cursos que garantam contrata\u00e7\u00e3o. Desconfie de qualquer cobran\u00e7a para participar de sele\u00e7\u00f5es.\n\n\n\n<\/div>\n<!-- CONTENT END 1 -->\n","protected":false},"excerpt":{"rendered":"<p>Faltam poucos dias para o R\u00e9veillon, e pa\u00edses do mundo todo est\u00e3o se preparando para receber 2024 em grande estilo. As tradi\u00e7\u00f5es e simpatias mudam&#8230;<\/p>\n","protected":false},"author":1,"featured_media":22783,"comment_status":"open","ping_status":"open","sticky":false,"template":"","format":"standard","meta":{"_uag_custom_page_level_css":"","advanced_seo_description":"","jetpack_seo_html_title":"","jetpack_seo_noindex":false,"jetpack_post_was_ever_published":false,"_jetpack_newsletter_access":"","_jetpack_dont_email_post_to_subs":false,"_jetpack_newsletter_tier_id":0,"_jetpack_memberships_contains_paywalled_content":false,"_jetpack_memberships_contains_paid_content":false,"footnotes":"","jetpack_publicize_message":"","jetpack_publicize_feature_enabled":true,"jetpack_social_post_already_shared":true,"jetpack_social_options":{"image_generator_settings":{"template":"highway","default_image_id":0,"font":"","enabled":false},"version":2}},"categories":[19],"tags":[],"class_list":["post-22782","post","type-post","status-publish","format-standard","has-post-thumbnail","hentry","category-variedades"],"jetpack_publicize_connections":[],"jetpack_featured_media_url":"https:\/\/i0.wp.com\/ismaelcolosi.com.br\/wp-content\/uploads\/2023\/12\/unnamed-5-1.jpg?fit=1200%2C638&ssl=1","uagb_featured_image_src":{"full":["https:\/\/i0.wp.com\/ismaelcolosi.com.br\/wp-content\/uploads\/2023\/12\/unnamed-5-1.jpg?fit=1200%2C638&ssl=1",1200,638,false],"thumbnail":["https:\/\/i0.wp.com\/ismaelcolosi.com.br\/wp-content\/uploads\/2023\/12\/unnamed-5-1.jpg?resize=150%2C150&ssl=1",150,150,true],"medium":["https:\/\/i0.wp.com\/ismaelcolosi.com.br\/wp-content\/uploads\/2023\/12\/unnamed-5-1.jpg?fit=300%2C160&ssl=1",300,160,true],"medium_large":["https:\/\/i0.wp.com\/ismaelcolosi.com.br\/wp-content\/uploads\/2023\/12\/unnamed-5-1.jpg?fit=768%2C408&ssl=1",768,408,true],"large":["https:\/\/i0.wp.com\/ismaelcolosi.com.br\/wp-content\/uploads\/2023\/12\/unnamed-5-1.jpg?fit=1024%2C544&ssl=1",1024,544,true],"1536x1536":["https:\/\/i0.wp.com\/ismaelcolosi.com.br\/wp-content\/uploads\/2023\/12\/unnamed-5-1.jpg?fit=1200%2C638&ssl=1",1200,638,true],"2048x2048":["https:\/\/i0.wp.com\/ismaelcolosi.com.br\/wp-content\/uploads\/2023\/12\/unnamed-5-1.jpg?fit=1200%2C638&ssl=1",1200,638,true],"really-simple-thumb":["https:\/\/i0.wp.com\/ismaelcolosi.com.br\/wp-content\/uploads\/2023\/12\/unnamed-5-1.jpg?resize=370%2C247&ssl=1",370,247,true]},"uagb_author_info":{"display_name":"ismaelcolosi.com.br","author_link":"https:\/\/ismaelcolosi.com.br\/index.php\/author\/vidareal-online\/"},"uagb_comment_info":0,"uagb_excerpt":"Faltam poucos dias para o R\u00e9veillon, e pa\u00edses do mundo todo est\u00e3o se preparando para receber 2024 em grande estilo. As tradi\u00e7\u00f5es e simpatias mudam...","jetpack-related-posts":[{"id":23602,"url":"https:\/\/ismaelcolosi.com.br\/index.php\/2024\/01\/02\/lei-seca-regiao-de-ribeirao-preto-tem-mais-de-80-autuacoes-durante-o-reveillon\/","url_meta":{"origin":22782,"position":0},"title":"Lei Seca: Regi\u00e3o de Ribeir\u00e3o Preto tem mais de 80 autua\u00e7\u00f5es durante o r\u00e9veillon","author":"ismaelcolosi.com.br","date":"2 de January de 2024","format":false,"excerpt":"O 3\u00ba Batalh\u00e3o de Pol\u00edcia Rodovi\u00e1ria divulgou nesta ter\u00e7a-feira (2), o balan\u00e7o da Opera\u00e7\u00e3o \u201cAno Novo 2023\/2024\u201d, que aconteceu entre os dias 29 de dezembro e 01\u00ba de janeiro, na regi\u00e3o de Ribeir\u00e3o Preto. De acordo com os dados, 88 condutores foram autuados na cidade devido a Lei Seca, sendo\u2026","rel":"","context":"In &quot;Not\u00edcias de Ribeir\u00e3o Preto-SP e Regi\u00e3o&quot;","block_context":{"text":"Not\u00edcias de Ribeir\u00e3o Preto-SP e Regi\u00e3o","link":"https:\/\/ismaelcolosi.com.br\/index.php\/category\/noticias-de-ribeirao-preto-sp-e-regiao-ismael-colosi\/"},"img":{"alt_text":"","src":"https:\/\/i0.wp.com\/ismaelcolosi.com.br\/wp-content\/uploads\/2024\/01\/policia_militar_1024x576_17072021134619.jpg?fit=1024%2C576&ssl=1&resize=350%2C200","width":350,"height":200,"srcset":"https:\/\/i0.wp.com\/ismaelcolosi.com.br\/wp-content\/uploads\/2024\/01\/policia_militar_1024x576_17072021134619.jpg?fit=1024%2C576&ssl=1&resize=350%2C200 1x, https:\/\/i0.wp.com\/ismaelcolosi.com.br\/wp-content\/uploads\/2024\/01\/policia_militar_1024x576_17072021134619.jpg?fit=1024%2C576&ssl=1&resize=525%2C300 1.5x, https:\/\/i0.wp.com\/ismaelcolosi.com.br\/wp-content\/uploads\/2024\/01\/policia_militar_1024x576_17072021134619.jpg?fit=1024%2C576&ssl=1&resize=700%2C400 2x"},"classes":[]},{"id":13244,"url":"https:\/\/ismaelcolosi.com.br\/index.php\/2023\/12\/09\/jalapao-e-destino-ideal-para-quem-busca-sossego-no-reveillon\/","url_meta":{"origin":22782,"position":1},"title":"Jalap\u00e3o \u00e9 destino ideal para quem busca sossego no R\u00e9veillon","author":"ismaelcolosi.com.br","date":"9 de December de 2023","format":false,"excerpt":"Procurando um destino tranquilo em meio \u00e0 natureza para passar o R\u00e9veillon? Que tal incluir na lista o Jalap\u00e3o, no Tocantins \u2013destino cada vez mais procurado por turistas que buscam roteiros de aventura e intensa natureza. O Jalap\u00e3o \u00e9 indicado para quem deseja fugir da agita\u00e7\u00e3o das festas de fim\u2026","rel":"","context":"In &quot;Variedades&quot;","block_context":{"text":"Variedades","link":"https:\/\/ismaelcolosi.com.br\/index.php\/category\/variedades\/"},"img":{"alt_text":"","src":"https:\/\/i0.wp.com\/ismaelcolosi.com.br\/wp-content\/uploads\/2023\/12\/jalapao.jpg?fit=1200%2C638&ssl=1&resize=350%2C200","width":350,"height":200,"srcset":"https:\/\/i0.wp.com\/ismaelcolosi.com.br\/wp-content\/uploads\/2023\/12\/jalapao.jpg?fit=1200%2C638&ssl=1&resize=350%2C200 1x, https:\/\/i0.wp.com\/ismaelcolosi.com.br\/wp-content\/uploads\/2023\/12\/jalapao.jpg?fit=1200%2C638&ssl=1&resize=525%2C300 1.5x, https:\/\/i0.wp.com\/ismaelcolosi.com.br\/wp-content\/uploads\/2023\/12\/jalapao.jpg?fit=1200%2C638&ssl=1&resize=700%2C400 2x, https:\/\/i0.wp.com\/ismaelcolosi.com.br\/wp-content\/uploads\/2023\/12\/jalapao.jpg?fit=1200%2C638&ssl=1&resize=1050%2C600 3x"},"classes":[]},{"id":22460,"url":"https:\/\/ismaelcolosi.com.br\/index.php\/2023\/12\/29\/reveillon-veja-as-opcoes-para-aproveitar-a-virada-de-ano-em-ribeirao-preto\/","url_meta":{"origin":22782,"position":2},"title":"R\u00e9veillon: Veja as op\u00e7\u00f5es para aproveitar a virada de ano em Ribeir\u00e3o Preto","author":"ismaelcolosi.com.br","date":"29 de December de 2023","format":false,"excerpt":"O Ano Novo est\u00e1 chegando e se voc\u00ea gosta de celebrar os primeiros momentos do ano fora de casa, mas n\u00e3o sabe para onde ir, saiba que Ribeir\u00e3o Preto tem op\u00e7\u00f5es para todos os p\u00fablicos e gostos. Seja no bar, no restaurante ou at\u00e9 mesmo na balada, o importante \u00e9\u2026","rel":"","context":"In &quot;Not\u00edcias de Ribeir\u00e3o Preto-SP e Regi\u00e3o&quot;","block_context":{"text":"Not\u00edcias de Ribeir\u00e3o Preto-SP e Regi\u00e3o","link":"https:\/\/ismaelcolosi.com.br\/index.php\/category\/noticias-de-ribeirao-preto-sp-e-regiao-ismael-colosi\/"},"img":{"alt_text":"","src":"https:\/\/i0.wp.com\/ismaelcolosi.com.br\/wp-content\/uploads\/2023\/12\/20220618_053611933_fogos_de_1200x675_24052022113748.jpg?fit=1200%2C675&ssl=1&resize=350%2C200","width":350,"height":200,"srcset":"https:\/\/i0.wp.com\/ismaelcolosi.com.br\/wp-content\/uploads\/2023\/12\/20220618_053611933_fogos_de_1200x675_24052022113748.jpg?fit=1200%2C675&ssl=1&resize=350%2C200 1x, https:\/\/i0.wp.com\/ismaelcolosi.com.br\/wp-content\/uploads\/2023\/12\/20220618_053611933_fogos_de_1200x675_24052022113748.jpg?fit=1200%2C675&ssl=1&resize=525%2C300 1.5x, https:\/\/i0.wp.com\/ismaelcolosi.com.br\/wp-content\/uploads\/2023\/12\/20220618_053611933_fogos_de_1200x675_24052022113748.jpg?fit=1200%2C675&ssl=1&resize=700%2C400 2x, https:\/\/i0.wp.com\/ismaelcolosi.com.br\/wp-content\/uploads\/2023\/12\/20220618_053611933_fogos_de_1200x675_24052022113748.jpg?fit=1200%2C675&ssl=1&resize=1050%2C600 3x"},"classes":[]},{"id":22639,"url":"https:\/\/ismaelcolosi.com.br\/index.php\/2023\/12\/30\/reveillon-na-paulista-veja-a-programacao-completa-da-tradicional-festa\/","url_meta":{"origin":22782,"position":3},"title":"R\u00e9veillon na Paulista: Veja a programa\u00e7\u00e3o completa da tradicional festa","author":"ismaelcolosi.com.br","date":"30 de December de 2023","format":false,"excerpt":"Moradores da capital paulista e turistas de todo o Brasil que decidiram passar a virada de ano no munic\u00edpio, come\u00e7aram a contagem regressiva para o tradicional r\u00e9veillon da Avenida Paulista. A programa\u00e7\u00e3o musical do evento come\u00e7a, neste domingo (31), \u00e0s 17h, e se estende at\u00e9 a madrugada de segunda-feira (1\u00ba).\u2026","rel":"","context":"In &quot;Not\u00edcias de Ribeir\u00e3o Preto-SP e Regi\u00e3o&quot;","block_context":{"text":"Not\u00edcias de Ribeir\u00e3o Preto-SP e Regi\u00e3o","link":"https:\/\/ismaelcolosi.com.br\/index.php\/category\/noticias-de-ribeirao-preto-sp-e-regiao-ismael-colosi\/"},"img":{"alt_text":"","src":"https:\/\/i0.wp.com\/ismaelcolosi.com.br\/wp-content\/uploads\/2023\/12\/reveillon-paulista-scaled.jpeg?fit=1200%2C900&ssl=1&resize=350%2C200","width":350,"height":200,"srcset":"https:\/\/i0.wp.com\/ismaelcolosi.com.br\/wp-content\/uploads\/2023\/12\/reveillon-paulista-scaled.jpeg?fit=1200%2C900&ssl=1&resize=350%2C200 1x, https:\/\/i0.wp.com\/ismaelcolosi.com.br\/wp-content\/uploads\/2023\/12\/reveillon-paulista-scaled.jpeg?fit=1200%2C900&ssl=1&resize=525%2C300 1.5x, https:\/\/i0.wp.com\/ismaelcolosi.com.br\/wp-content\/uploads\/2023\/12\/reveillon-paulista-scaled.jpeg?fit=1200%2C900&ssl=1&resize=700%2C400 2x, https:\/\/i0.wp.com\/ismaelcolosi.com.br\/wp-content\/uploads\/2023\/12\/reveillon-paulista-scaled.jpeg?fit=1200%2C900&ssl=1&resize=1050%2C600 3x"},"classes":[]},{"id":29414,"url":"https:\/\/ismaelcolosi.com.br\/index.php\/2024\/01\/18\/reveillon-barnabe\/","url_meta":{"origin":22782,"position":4},"title":"Reveillon Barnab\u00e9 &#8211; Jornal Tribuna Ribeir\u00e3o","author":"ismaelcolosi.com.br","date":"18 de January de 2024","format":false,"excerpt":"18 de janeiro de 2024 | 9:0317 de janeiro de 2024 | 15:04 0Considerado um dos melhores do interior, o Barnab\u00e9 realizou uma celebra\u00e7\u00e3o de\u00a0R\u00e9veillon\u00a0memor\u00e1vel, reunindo elementos que garantiram uma noite inesquec\u00edvel e perfeita. Das 20h30 \u00e0s 2h30, all inclusive, m\u00fasica ao vivo, Ilha de Petiscos, Ilha de Ceviche, Ilha\u2026","rel":"","context":"In &quot;Not\u00edcias de Ribeir\u00e3o Preto-SP e Regi\u00e3o&quot;","block_context":{"text":"Not\u00edcias de Ribeir\u00e3o Preto-SP e Regi\u00e3o","link":"https:\/\/ismaelcolosi.com.br\/index.php\/category\/noticias-de-ribeirao-preto-sp-e-regiao-ismael-colosi\/"},"img":{"alt_text":"","src":"https:\/\/i0.wp.com\/ismaelcolosi.com.br\/wp-content\/uploads\/2024\/01\/1-scaled.jpg?fit=381%2C645&ssl=1&resize=350%2C200","width":350,"height":200},"classes":[]},{"id":22409,"url":"https:\/\/ismaelcolosi.com.br\/index.php\/2023\/12\/29\/comercio-supermercados-e-shoppings-veja-os-horarios-neste-reveillon\/","url_meta":{"origin":22782,"position":5},"title":"Com\u00e9rcio, supermercados e shoppings; Veja os hor\u00e1rios neste r\u00e9veillon","author":"ismaelcolosi.com.br","date":"29 de December de 2023","format":false,"excerpt":"A v\u00e9spera e o feriado de Ano Novo v\u00e3o alterar o funcionamento de diversos setores em Ribeir\u00e3o Preto, neste final de semana. Os servi\u00e7os essenciais da Prefeitura, por exemplo, funcionar\u00e3o em escala de plant\u00e3o. No dia 1\u00ba de janeiro, o com\u00e9rcio de Ribeir\u00e3o Preto estar\u00e1 fechado. A decis\u00e3o faz parte\u2026","rel":"","context":"In &quot;Not\u00edcias de Ribeir\u00e3o Preto-SP e Regi\u00e3o&quot;","block_context":{"text":"Not\u00edcias de Ribeir\u00e3o Preto-SP e Regi\u00e3o","link":"https:\/\/ismaelcolosi.com.br\/index.php\/category\/noticias-de-ribeirao-preto-sp-e-regiao-ismael-colosi\/"},"img":{"alt_text":"","src":"https:\/\/i0.wp.com\/ismaelcolosi.com.br\/wp-content\/uploads\/2023\/12\/shopping-iguatemi.jpeg?fit=1200%2C675&ssl=1&resize=350%2C200","width":350,"height":200,"srcset":"https:\/\/i0.wp.com\/ismaelcolosi.com.br\/wp-content\/uploads\/2023\/12\/shopping-iguatemi.jpeg?fit=1200%2C675&ssl=1&resize=350%2C200 1x, https:\/\/i0.wp.com\/ismaelcolosi.com.br\/wp-content\/uploads\/2023\/12\/shopping-iguatemi.jpeg?fit=1200%2C675&ssl=1&resize=525%2C300 1.5x, https:\/\/i0.wp.com\/ismaelcolosi.com.br\/wp-content\/uploads\/2023\/12\/shopping-iguatemi.jpeg?fit=1200%2C675&ssl=1&resize=700%2C400 2x, https:\/\/i0.wp.com\/ismaelcolosi.com.br\/wp-content\/uploads\/2023\/12\/shopping-iguatemi.jpeg?fit=1200%2C675&ssl=1&resize=1050%2C600 3x"},"classes":[]}],"jetpack_sharing_enabled":true,"jetpack_shortlink":"https:\/\/wp.me\/pfMlyK-5Vs","_links":{"self":[{"href":"https:\/\/ismaelcolosi.com.br\/index.php\/wp-json\/wp\/v2\/posts\/22782","targetHints":{"allow":["GET"]}}],"collection":[{"href":"https:\/\/ismaelcolosi.com.br\/index.php\/wp-json\/wp\/v2\/posts"}],"about":[{"href":"https:\/\/ismaelcolosi.com.br\/index.php\/wp-json\/wp\/v2\/types\/post"}],"author":[{"embeddable":true,"href":"https:\/\/ismaelcolosi.com.br\/index.php\/wp-json\/wp\/v2\/users\/1"}],"replies":[{"embeddable":true,"href":"https:\/\/ismaelcolosi.com.br\/index.php\/wp-json\/wp\/v2\/comments?post=22782"}],"version-history":[{"count":0,"href":"https:\/\/ismaelcolosi.com.br\/index.php\/wp-json\/wp\/v2\/posts\/22782\/revisions"}],"wp:featuredmedia":[{"embeddable":true,"href":"https:\/\/ismaelcolosi.com.br\/index.php\/wp-json\/wp\/v2\/media\/22783"}],"wp:attachment":[{"href":"https:\/\/ismaelcolosi.com.br\/index.php\/wp-json\/wp\/v2\/media?parent=22782"}],"wp:term":[{"taxonomy":"category","embeddable":true,"href":"https:\/\/ismaelcolosi.com.br\/index.php\/wp-json\/wp\/v2\/categories?post=22782"},{"taxonomy":"post_tag","embeddable":true,"href":"https:\/\/ismaelcolosi.com.br\/index.php\/wp-json\/wp\/v2\/tags?post=22782"}],"curies":[{"name":"wp","href":"https:\/\/api.w.org\/{rel}","templated":true}]}}