{"id":22564,"date":"2023-12-30T09:17:30","date_gmt":"2023-12-30T12:17:30","guid":{"rendered":"https:\/\/ismaelcolosi.com.br\/index.php\/2023\/12\/30\/8-series-nacionais-que-estao-bombando-nos-streamings-e-voce-ainda-nao-viu\/"},"modified":"2023-12-30T09:17:30","modified_gmt":"2023-12-30T12:17:30","slug":"8-series-nacionais-que-estao-bombando-nos-streamings-e-voce-ainda-nao-viu","status":"publish","type":"post","link":"https:\/\/ismaelcolosi.com.br\/index.php\/2023\/12\/30\/8-series-nacionais-que-estao-bombando-nos-streamings-e-voce-ainda-nao-viu\/","title":{"rendered":"8 s\u00e9ries nacionais que est\u00e3o bombando nos streamings e voc\u00ea ainda n\u00e3o viu"},"content":{"rendered":"<p> <br \/>\n<\/p>\n<div>\n<div id=\"attachment_2329402\" class=\"wp-caption alignnone\">\n<div class=\"d-flex justify-content-center\" data-attachment-id=\"2329402\">\n<div class=\"position-relative d-inline-block\"><img data-recalc-dims=\"1\" data-portal-copyright=\"reprodu\u00e7\u00e3o\/Disney+\" fetchpriority=\"high\" decoding=\"async\" class=\"size-full wp-image-2329402\" src=\"https:\/\/i0.wp.com\/catracalivre.com.br\/wp-content\/uploads\/2023\/12\/a-magia-de-aruna-serie-disney-plus.jpg?resize=900%2C506&#038;ssl=1\" alt=\"Fique por dentro das novas s\u00e9ries nacionais que est\u00e3o bombando nos streamings\" width=\"900\" height=\"506\" srcset=\"https:\/\/catracalivre.com.br\/wp-content\/uploads\/2023\/12\/a-magia-de-aruna-serie-disney-plus.jpg 900w, https:\/\/catracalivre.com.br\/wp-content\/uploads\/2023\/12\/a-magia-de-aruna-serie-disney-plus-450x253.jpg 450w, https:\/\/catracalivre.com.br\/wp-content\/uploads\/2023\/12\/a-magia-de-aruna-serie-disney-plus-768x432.jpg 768w\" sizes=\"(max-width: 900px) 100vw, 900px\"\/><\/p>\n<p>Cr\u00e9ditos: reprodu\u00e7\u00e3o\/Disney+<\/p><div class='code-block code-block-8' style='margin: 8px auto; text-align: center; display: block; clear: both;'>\n<script>\n  atOptions = {\n    'key' : '66e2e2111ca34da796271819fc334058',\n    'format' : 'iframe',\n    'height' : 250,\n    'width' : 300,\n    'params' : {}\n  };\n<\/script>\n<script src=\"https:\/\/www.highperformanceformat.com\/66e2e2111ca34da796271819fc334058\/invoke.js\"><\/script>\n<\/div>\n\n<\/div>\n<\/div>\n<p><span class=\"post-imagem__legenda\">Fique por dentro das novas s\u00e9ries nacionais que est\u00e3o bombando nos streamings<\/span><\/p>\n<\/div>\n<p><span style=\"font-weight: 400;\">O ano de 2023 est\u00e1 chegando ao fim, mas as produ\u00e7\u00f5es nacionais lan\u00e7adas neste ano continuam bombando. \u00c9 isso mesmo, o Brasil sabe como entreter o p\u00fablico.\u00a0<\/span><\/p>\n<p><span style=\"font-weight: 400;\">Entre s\u00e9ries <\/span><a href=\"https:\/\/catracalivre.com.br\/entretenimento\/conheca-a-historia-real-por-tras-do-filme-o-sequestro-do-voo-375\/\"><span style=\"font-weight: 400;\">baseadas em hist\u00f3rias reais<\/span><\/a><span style=\"font-weight: 400;\">, fantasias, aventuras e muita a\u00e7\u00e3o, tem g\u00eanero para todos os gostos. As <\/span><a href=\"https:\/\/catracalivre.com.br\/entretenimento\/10-series-nacionais-para-assistir-na-netflix-em-2023\/\"><span style=\"font-weight: 400;\">produ\u00e7\u00f5es nacionais<\/span><\/a><span style=\"font-weight: 400;\"> prometeram e entregaram tudo.\u00a0<\/span><\/p>\n<p><span style=\"font-weight: 400;\">Conhe\u00e7a a lista com alguns t\u00edtulos e aproveite para maratonar hoje mesmo.<\/span><\/p>\n<h2><b>1) \u201cDNA do Crime\u201d (2023)<\/b><span style=\"font-weight: 400;\">\u00a0<\/span><\/h2>\n<p><span style=\"font-weight: 400;\">A hist\u00f3ria acompanha um grupo de agentes federais, durante a investiga\u00e7\u00e3o de um roubo na <\/span><a href=\"https:\/\/catracalivre.com.br\/entretenimento\/dna-do-crime-vai-ter-2a-temporada-netflix-define-futuro-da-serie\/\"><span style=\"font-weight: 400;\">fronteira do Brasil<\/span><\/a><span style=\"font-weight: 400;\">, descobrindo muito mais do que esperavam.\u00a0<\/span><\/p>\n<p><b>Onde assistir?<\/b><span style=\"font-weight: 400;\"> Dispon\u00edvel na <\/span><b><a href=\"https:\/\/www.netflix.com\/\" target=\"_blank\" rel=\"noopener\">Netflix<\/a>!<\/b><span style=\"font-weight: 400;\">\u00a0<\/span><\/p>\n<p>https:\/\/youtu.be\/L7YeC_quE-o?si=SGwCbDSbobquLhn-<b\/><\/p>\n<h2><b>2) \u201cAs Aventuras de Jos\u00e9 e Durval\u201d (2023)<\/b><\/h2>\n<p><span style=\"font-weight: 400;\">Relata a hist\u00f3ria de uma das duplas mais famosas do Brasil, Chit\u00e3ozinho e Xoror\u00f3. Desde a inf\u00e2ncia at\u00e9 a vida adulta, a produ\u00e7\u00e3o mostra como tudo come\u00e7ou.\u00a0<\/span><\/p>\n<p><b>Onde assistir?<\/b><span style=\"font-weight: 400;\"> Dispon\u00edvel no <\/span><a href=\"https:\/\/www.google.com\/aclk?sa=l&amp;ai=DChcSEwivzM2aj52DAxU5YUgAHQzJCosYABAAGgJjZQ&amp;ase=2&amp;gclid=Cj0KCQiAm4WsBhCiARIsAEJIEzX9mZFhNk5yEgLnxkqYWCFAbKHMsfxlEBkuk5P7o0SmHYq7QqytYZMaApb5EALw_wcB&amp;ei=omWCZa7rG_OC5OUPvoC9mAY&amp;sig=AOD64_2uOYUSsVt4L6ynBOKUsuicjlnPJQ&amp;q&amp;sqi=2&amp;nis=4&amp;adurl&amp;ved=2ahUKEwiuxMiaj52DAxVzAbkGHT5AD2MQ0Qx6BAgJEAE\" target=\"_blank\" rel=\"noopener\"><b>Globoplay<\/b><\/a><span style=\"font-weight: 400;\">!<\/span><\/p>\n<p>https:\/\/youtu.be\/1NBowVSYm4M?si=btdcsIyxJDgFHs7q<b\/><\/p>\n<h2><b>3) \u201cAnderson Spider Silva\u201d (2023)\u00a0<\/b><\/h2>\n<p><span style=\"font-weight: 400;\">A s\u00e9rie \u00e9 inspirada na vida do lutador brasileiro <\/span><a href=\"https:\/\/catracalivre.com.br\/entretenimento\/mais-de-20-filmes-e-series-estreiam-no-paramount-em-novembro\/\"><span style=\"font-weight: 400;\">Anderson Silva<\/span><\/a><span style=\"font-weight: 400;\">, desde o in\u00edcio de seu sonho at\u00e9 a vida adulta. A trama mostra como ele virou um dos maiores lutadores de MMA da hist\u00f3ria.<\/span><\/p>\n<p><b>Onde assistir?<\/b><span style=\"font-weight: 400;\"> Dispon\u00edvel no <\/span><b>Paramount+<\/b><span style=\"font-weight: 400;\">!\u00a0<\/span><\/p>\n<p class=\"embed-responsive embed-responsive-16by9 mb-3 d-block\"><iframe loading=\"lazy\" title=\"Trailer Oficial | Anderson Spider Silva | Paramount Plus\" width=\"500\" height=\"281\" src=\"https:\/\/www.youtube.com\/embed\/M8T0iEEIMo8?feature=oembed\" frameborder=\"0\" allow=\"accelerometer; autoplay; clipboard-write; encrypted-media; gyroscope; picture-in-picture; web-share\" referrerpolicy=\"strict-origin-when-cross-origin\" allowfullscreen><\/iframe><\/p>\n<h2><b>4) \u201cAl\u00e9m do Guarda-Roupa\u201d (2023)\u00a0<\/b><\/h2>\n<p><span style=\"font-weight: 400;\">Primeiro dorama brasileiro, a s\u00e9rie traz a hist\u00f3ria de Carol, uma jovem descendente de coreanos, que tenta seguir seu sonho de virar bailarina e acaba descobrindo um portal m\u00e1gico em seu guarda-roupa que est\u00e1 ligado \u00e0 Coreia do Sul.\u00a0<\/span><\/p>\n<p><b>Onde assistir?<\/b><span style=\"font-weight: 400;\"> Dispon\u00edvel no <\/span><b>HBO Max<\/b><span style=\"font-weight: 400;\">!\u00a0<\/span><\/p>\n<p class=\"embed-responsive embed-responsive-16by9 mb-3 d-block\"><iframe loading=\"lazy\" title=\"Al\u00e9m Do Guarda-Roupa | Trailer Oficial | HBO Max\" width=\"500\" height=\"281\" src=\"https:\/\/www.youtube.com\/embed\/eRW1geezIUU?feature=oembed\" frameborder=\"0\" allow=\"accelerometer; autoplay; clipboard-write; encrypted-media; gyroscope; picture-in-picture; web-share\" referrerpolicy=\"strict-origin-when-cross-origin\" allowfullscreen><\/iframe><\/p>\n<h2><b>5) \u201cA Magia de Aruna\u201d (2023)\u00a0<\/b><\/h2>\n<p><span style=\"font-weight: 400;\">A jovem Mima \u00e9 uma adolescente com poderes, que faz de tudo para esconder suas habilidades. Mas, por um acidente, ela acaba revelando um feiti\u00e7o realizado h\u00e1 300 anos, que acorda as tr\u00eas Bruxas Guardi\u00e3s. Agora, ela precisa lidar com Bruma, uma vil\u00e3 que se beneficia do estado de penumbra em que a cidade vive.\u00a0<\/span><\/p>\n<p><b>Onde assistir?<\/b><span style=\"font-weight: 400;\"> Dispon\u00edvel no <\/span><b>Disney+<\/b><span style=\"font-weight: 400;\">!\u00a0<\/span><\/p>\n<p class=\"embed-responsive embed-responsive-16by9 mb-3 d-block\"><iframe loading=\"lazy\" title=\"A Magia de Aruna | Trailer Oficial | Disney+\" width=\"500\" height=\"281\" src=\"https:\/\/www.youtube.com\/embed\/q9xURvz3fCM?feature=oembed\" frameborder=\"0\" allow=\"accelerometer; autoplay; clipboard-write; encrypted-media; gyroscope; picture-in-picture; web-share\" referrerpolicy=\"strict-origin-when-cross-origin\" allowfullscreen><\/iframe><\/p>\n<h2><b>6) \u201cBetinho \u2013 No Fio da Navalha\u201d (2023)<\/b><span style=\"font-weight: 400;\">\u00a0<\/span><\/h2>\n<p><span style=\"font-weight: 400;\">A s\u00e9rie acompanha Betinho, o homem que \u00e9 s\u00edmbolo do combate \u00e0 fome no Brasil. Baseada na biografia de Herbert Jos\u00e9 de Sousa.\u00a0<\/span><\/p>\n<p><b>Onde assistir?<\/b><span style=\"font-weight: 400;\"> Dispon\u00edvel no <\/span><b>Globoplay<\/b><span style=\"font-weight: 400;\">!\u00a0<\/span><\/p>\n<p class=\"embed-responsive embed-responsive-16by9 mb-3 d-block\"><iframe loading=\"lazy\" title=\"Betinho - No Fio da Navalha | Trailer | S\u00e9rie Original Globoplay\" width=\"500\" height=\"281\" src=\"https:\/\/www.youtube.com\/embed\/ZFVL_zTlvUY?feature=oembed\" frameborder=\"0\" allow=\"accelerometer; autoplay; clipboard-write; encrypted-media; gyroscope; picture-in-picture; web-share\" referrerpolicy=\"strict-origin-when-cross-origin\" allowfullscreen><\/iframe><\/p>\n<h2><b>7) \u201cA Hist\u00f3ria Delas\u201d (2023)\u00a0<\/b><\/h2>\n<p><span style=\"font-weight: 400;\">A ex-bab\u00e1 e agora dona do pr\u00f3prio neg\u00f3cio, Marta, \u00e9 obrigada a hospedar em sua casa a ex-patroa Isabel e sua filha. A chegada das duas bagun\u00e7a a vida da filha de Marta, que ter\u00e1 que conviver contra sua vontade com as visitas.\u00a0<\/span><\/p>\n<p><b>Onde assistir?<\/b><span style=\"font-weight: 400;\"> Dispon\u00edvel no <\/span><b>Star+<\/b><span style=\"font-weight: 400;\">!\u00a0<\/span><\/p>\n<p class=\"embed-responsive embed-responsive-16by9 mb-3 d-block\"><iframe loading=\"lazy\" title=\"A Hist\u00f3ria Delas | Trailer Oficial | Star+\" width=\"500\" height=\"281\" src=\"https:\/\/www.youtube.com\/embed\/fhr5_wpHf4E?feature=oembed\" frameborder=\"0\" allow=\"accelerometer; autoplay; clipboard-write; encrypted-media; gyroscope; picture-in-picture; web-share\" referrerpolicy=\"strict-origin-when-cross-origin\" allowfullscreen><\/iframe><\/p>\n<h2><b>8) \u201c\u00daltimas F\u00e9rias\u201d (2023)<\/b><\/h2>\n<p><span style=\"font-weight: 400;\">A s\u00e9rie conta a hist\u00f3ria de um grupo de amigos que, durante uma viagem de f\u00e9rias, acabam envolvidos em um assassinato e agora precisam lidar com a situa\u00e7\u00e3o.\u00a0<\/span><\/p>\n<p><b>Onde assistir?<\/b><span style=\"font-weight: 400;\"> Dispon\u00edvel no <\/span><b>Star+<\/b><span style=\"font-weight: 400;\">!<\/span><\/p>\n<p class=\"embed-responsive embed-responsive-16by9 mb-3 d-block\"><iframe loading=\"lazy\" title=\"\u00daltimas F\u00e9rias | Trailer Oficial | Star+\" width=\"500\" height=\"281\" src=\"https:\/\/www.youtube.com\/embed\/PcSrxRCZxoo?feature=oembed\" frameborder=\"0\" allow=\"accelerometer; autoplay; clipboard-write; encrypted-media; gyroscope; picture-in-picture; web-share\" referrerpolicy=\"strict-origin-when-cross-origin\" allowfullscreen><\/iframe><\/p>\n<\/div>\n<p><script>\n\t\t! function(f, b, e, v, n, t, s) {\n\t\t\tif (f.fbq) return;\n\t\t\tn = f.fbq = function() {\n\t\t\t\tn.callMethod ?\n\t\t\t\t\tn.callMethod.apply(n, arguments) : n.queue.push(arguments)\n\t\t\t};\n\t\t\tif (!f._fbq) f._fbq = n;\n\t\t\tn.push = n;\n\t\t\tn.loaded = !0;\n\t\t\tn.version = '2.0';\n\t\t\tn.queue = [];\n\t\t\tt = b.createElement(e);\n\t\t\tt.async = !0;\n\t\t\tt.src = v;\n\t\t\ts = b.getElementsByTagName(e)[0];\n\t\t\ts.parentNode.insertBefore(t, s)\n\t\t}(window, document, 'script',\n\t\t\t'https:\/\/connect.facebook.net\/en_US\/fbevents.js');\n\t\tfbq('init', '338315473262380');\n\t\tfbq('track', 'PageView');\n\t<\/script><br \/>\n<br \/><br \/>\n<br \/><a href=\"https:\/\/catracalivre.com.br\/entretenimento\/8-series-nacionais-que-estao-bombando-nos-streamings-e-voce-ainda-nao-viu\/\">Source link <\/a><\/p>\n<div class='code-block code-block-4' style='margin: 8px auto 8px 0; text-align: left; display: block; clear: both;'>\n\ud83d\udce2 Aviso Legal\n\nO site ismaelcolosi.com.br atua apenas como um canal de divulga\u00e7\u00e3o de oportunidades de emprego e n\u00e3o se responsabiliza pelo processo seletivo, contrata\u00e7\u00e3o ou qualquer outra etapa relacionada \u00e0s vagas publicadas. Todas as informa\u00e7\u00f5es s\u00e3o de responsabilidade dos anunciantes.\n\n\u26a0\ufe0f Aten\u00e7\u00e3o! Nunca pague por promessas de emprego nem compre cursos que garantam contrata\u00e7\u00e3o. Desconfie de qualquer cobran\u00e7a para participar de sele\u00e7\u00f5es.\n\n\n\n<\/div>\n<!-- CONTENT END 1 -->\n","protected":false},"excerpt":{"rendered":"<p>Cr\u00e9ditos: reprodu\u00e7\u00e3o\/Disney+ Fique por dentro das novas s\u00e9ries nacionais que est\u00e3o bombando nos streamings O ano de 2023 est\u00e1 chegando ao fim, mas as produ\u00e7\u00f5es&#8230;<\/p>\n","protected":false},"author":1,"featured_media":22565,"comment_status":"open","ping_status":"open","sticky":false,"template":"","format":"standard","meta":{"_uag_custom_page_level_css":"","advanced_seo_description":"","jetpack_seo_html_title":"","jetpack_seo_noindex":false,"jetpack_post_was_ever_published":false,"_jetpack_newsletter_access":"","_jetpack_dont_email_post_to_subs":false,"_jetpack_newsletter_tier_id":0,"_jetpack_memberships_contains_paywalled_content":false,"_jetpack_memberships_contains_paid_content":false,"footnotes":"","jetpack_publicize_message":"","jetpack_publicize_feature_enabled":true,"jetpack_social_post_already_shared":true,"jetpack_social_options":{"image_generator_settings":{"template":"highway","default_image_id":0,"font":"","enabled":false},"version":2}},"categories":[19],"tags":[],"class_list":["post-22564","post","type-post","status-publish","format-standard","has-post-thumbnail","hentry","category-variedades"],"jetpack_publicize_connections":[],"jetpack_featured_media_url":"https:\/\/i0.wp.com\/ismaelcolosi.com.br\/wp-content\/uploads\/2023\/12\/a-magia-de-aruna-serie-disney-plus.jpg?fit=1200%2C638&ssl=1","uagb_featured_image_src":{"full":["https:\/\/i0.wp.com\/ismaelcolosi.com.br\/wp-content\/uploads\/2023\/12\/a-magia-de-aruna-serie-disney-plus.jpg?fit=1200%2C638&ssl=1",1200,638,false],"thumbnail":["https:\/\/i0.wp.com\/ismaelcolosi.com.br\/wp-content\/uploads\/2023\/12\/a-magia-de-aruna-serie-disney-plus.jpg?resize=150%2C150&ssl=1",150,150,true],"medium":["https:\/\/i0.wp.com\/ismaelcolosi.com.br\/wp-content\/uploads\/2023\/12\/a-magia-de-aruna-serie-disney-plus.jpg?fit=300%2C160&ssl=1",300,160,true],"medium_large":["https:\/\/i0.wp.com\/ismaelcolosi.com.br\/wp-content\/uploads\/2023\/12\/a-magia-de-aruna-serie-disney-plus.jpg?fit=768%2C408&ssl=1",768,408,true],"large":["https:\/\/i0.wp.com\/ismaelcolosi.com.br\/wp-content\/uploads\/2023\/12\/a-magia-de-aruna-serie-disney-plus.jpg?fit=1024%2C544&ssl=1",1024,544,true],"1536x1536":["https:\/\/i0.wp.com\/ismaelcolosi.com.br\/wp-content\/uploads\/2023\/12\/a-magia-de-aruna-serie-disney-plus.jpg?fit=1200%2C638&ssl=1",1200,638,true],"2048x2048":["https:\/\/i0.wp.com\/ismaelcolosi.com.br\/wp-content\/uploads\/2023\/12\/a-magia-de-aruna-serie-disney-plus.jpg?fit=1200%2C638&ssl=1",1200,638,true],"really-simple-thumb":["https:\/\/i0.wp.com\/ismaelcolosi.com.br\/wp-content\/uploads\/2023\/12\/a-magia-de-aruna-serie-disney-plus.jpg?resize=370%2C247&ssl=1",370,247,true]},"uagb_author_info":{"display_name":"ismaelcolosi.com.br","author_link":"https:\/\/ismaelcolosi.com.br\/index.php\/author\/vidareal-online\/"},"uagb_comment_info":0,"uagb_excerpt":"Cr\u00e9ditos: reprodu\u00e7\u00e3o\/Disney+ Fique por dentro das novas s\u00e9ries nacionais que est\u00e3o bombando nos streamings O ano de 2023 est\u00e1 chegando ao fim, mas as produ\u00e7\u00f5es...","jetpack-related-posts":[{"id":8501,"url":"https:\/\/ismaelcolosi.com.br\/index.php\/2023\/11\/30\/9-filmes-recem-lancados-nos-cinemas-que-ja-estao-nos-streamings-veja-a-lista\/","url_meta":{"origin":22564,"position":0},"title":"9 filmes rec\u00e9m-lan\u00e7ados nos cinemas que j\u00e1 est\u00e3o nos streamings; veja a lista","author":"ismaelcolosi.com.br","date":"30 de November de 2023","format":false,"excerpt":"Cr\u00e9ditos: Depositphotos\/namakFilmes que mal sa\u00edram dos cinemas e j\u00e1 chegaram aos streamings N\u00e3o deu para ir ao cinema nos \u00faltimos meses e voc\u00ea acabou perdendo as estreias? Ent\u00e3o voc\u00ea vai amar saber que alguns dos maiores sucessos lan\u00e7ados em 2023 j\u00e1 chegaram aos streamings. Vale destacar que cada longa fica\u2026","rel":"","context":"In &quot;Variedades&quot;","block_context":{"text":"Variedades","link":"https:\/\/ismaelcolosi.com.br\/index.php\/category\/variedades\/"},"img":{"alt_text":"","src":"https:\/\/i0.wp.com\/ismaelcolosi.com.br\/wp-content\/uploads\/2023\/11\/depositphotos-644576188-xl-scaled.jpg?fit=1200%2C638&ssl=1&resize=350%2C200","width":350,"height":200,"srcset":"https:\/\/i0.wp.com\/ismaelcolosi.com.br\/wp-content\/uploads\/2023\/11\/depositphotos-644576188-xl-scaled.jpg?fit=1200%2C638&ssl=1&resize=350%2C200 1x, https:\/\/i0.wp.com\/ismaelcolosi.com.br\/wp-content\/uploads\/2023\/11\/depositphotos-644576188-xl-scaled.jpg?fit=1200%2C638&ssl=1&resize=525%2C300 1.5x, https:\/\/i0.wp.com\/ismaelcolosi.com.br\/wp-content\/uploads\/2023\/11\/depositphotos-644576188-xl-scaled.jpg?fit=1200%2C638&ssl=1&resize=700%2C400 2x, https:\/\/i0.wp.com\/ismaelcolosi.com.br\/wp-content\/uploads\/2023\/11\/depositphotos-644576188-xl-scaled.jpg?fit=1200%2C638&ssl=1&resize=1050%2C600 3x"},"classes":[]},{"id":5238,"url":"https:\/\/ismaelcolosi.com.br\/index.php\/2023\/11\/23\/7-producoes-que-estao-em-alta-na-hbo-max-e-voce-precisa-conferir\/","url_meta":{"origin":22564,"position":1},"title":"7 produ\u00e7\u00f5es que est\u00e3o em alta na HBO Max e voc\u00ea precisa conferir","author":"ismaelcolosi.com.br","date":"23 de November de 2023","format":false,"excerpt":"Cr\u00e9ditos: Reprodu\u00e7\u00e3o\/HBO MaxProdu\u00e7\u00f5es que est\u00e3o bombando na HBO Max Hora de ficar por dentro dos lan\u00e7amentos que est\u00e3o bombando entre os assinantes da HBO Max. Tem a\u00e7\u00e3o, drama, com\u00e9dia\u2026 Enfim, filmes e s\u00e9ries\u00a0para agradar a todos. Abaixo, acompanhe os t\u00edtulos em alta no ranking do servi\u00e7o de streaming e organize\u2026","rel":"","context":"In &quot;Variedades&quot;","block_context":{"text":"Variedades","link":"https:\/\/ismaelcolosi.com.br\/index.php\/category\/variedades\/"},"img":{"alt_text":"","src":"https:\/\/i0.wp.com\/ismaelcolosi.com.br\/wp-content\/uploads\/2023\/11\/fotos-catraca-2023-11-21t194404668.png?fit=1200%2C638&ssl=1&resize=350%2C200","width":350,"height":200,"srcset":"https:\/\/i0.wp.com\/ismaelcolosi.com.br\/wp-content\/uploads\/2023\/11\/fotos-catraca-2023-11-21t194404668.png?fit=1200%2C638&ssl=1&resize=350%2C200 1x, https:\/\/i0.wp.com\/ismaelcolosi.com.br\/wp-content\/uploads\/2023\/11\/fotos-catraca-2023-11-21t194404668.png?fit=1200%2C638&ssl=1&resize=525%2C300 1.5x, https:\/\/i0.wp.com\/ismaelcolosi.com.br\/wp-content\/uploads\/2023\/11\/fotos-catraca-2023-11-21t194404668.png?fit=1200%2C638&ssl=1&resize=700%2C400 2x, https:\/\/i0.wp.com\/ismaelcolosi.com.br\/wp-content\/uploads\/2023\/11\/fotos-catraca-2023-11-21t194404668.png?fit=1200%2C638&ssl=1&resize=1050%2C600 3x"},"classes":[]},{"id":20238,"url":"https:\/\/ismaelcolosi.com.br\/index.php\/2023\/12\/24\/7-filmes-com-a-tematica-de-ano-novo-para-ver-nos-streamings\/","url_meta":{"origin":22564,"position":2},"title":"7 filmes com a tem\u00e1tica de Ano Novo para ver nos streamings","author":"ismaelcolosi.com.br","date":"24 de December de 2023","format":false,"excerpt":"Cr\u00e9ditos: divulga\u00e7\u00e3oFilmes com a tem\u00e1tica de Ano Novo para ver nos streamings \u00c9 hora de se despedir de 2023\u2026 E nada melhor do que aproveitar com a fam\u00edlia alguns filmes na tem\u00e1tica de r\u00e9veillon, entrando no clima de despedida.\u00a0 As produ\u00e7\u00f5es de Ano Novo, obviamente, n\u00e3o s\u00e3o t\u00e3o famosas como\u2026","rel":"","context":"In &quot;Variedades&quot;","block_context":{"text":"Variedades","link":"https:\/\/ismaelcolosi.com.br\/index.php\/category\/variedades\/"},"img":{"alt_text":"","src":"https:\/\/i0.wp.com\/ismaelcolosi.com.br\/wp-content\/uploads\/2023\/12\/anoitedavirada-filme.jpg?fit=1200%2C638&ssl=1&resize=350%2C200","width":350,"height":200,"srcset":"https:\/\/i0.wp.com\/ismaelcolosi.com.br\/wp-content\/uploads\/2023\/12\/anoitedavirada-filme.jpg?fit=1200%2C638&ssl=1&resize=350%2C200 1x, https:\/\/i0.wp.com\/ismaelcolosi.com.br\/wp-content\/uploads\/2023\/12\/anoitedavirada-filme.jpg?fit=1200%2C638&ssl=1&resize=525%2C300 1.5x, https:\/\/i0.wp.com\/ismaelcolosi.com.br\/wp-content\/uploads\/2023\/12\/anoitedavirada-filme.jpg?fit=1200%2C638&ssl=1&resize=700%2C400 2x, https:\/\/i0.wp.com\/ismaelcolosi.com.br\/wp-content\/uploads\/2023\/12\/anoitedavirada-filme.jpg?fit=1200%2C638&ssl=1&resize=1050%2C600 3x"},"classes":[]},{"id":16724,"url":"https:\/\/ismaelcolosi.com.br\/index.php\/2023\/12\/16\/5-filmes-natalinos-brasileiros-para-ver-nos-streamings-hoje-mesmo\/","url_meta":{"origin":22564,"position":3},"title":"5 filmes natalinos brasileiros para ver nos streamings hoje mesmo","author":"ismaelcolosi.com.br","date":"16 de December de 2023","format":false,"excerpt":"Cr\u00e9ditos: Depositphotos\/serezniyFilmes natalinos brasileiros para ver neste ano A melhor \u00e9poca do ano chegou e voc\u00ea j\u00e1 pode conferir os melhores filmes de Natal nos streamings. Desta vez, a Catraca Livre separou alguns longas nacionais com a tem\u00e1tica natalina. Abaixo, voc\u00ea vai conhecer cinco t\u00edtulos que prometem te conquistar. Os\u2026","rel":"","context":"In &quot;Variedades&quot;","block_context":{"text":"Variedades","link":"https:\/\/ismaelcolosi.com.br\/index.php\/category\/variedades\/"},"img":{"alt_text":"","src":"https:\/\/i0.wp.com\/ismaelcolosi.com.br\/wp-content\/uploads\/2023\/12\/depositphotos-687386008-xl-scaled-e1702434773775.jpg?fit=1200%2C638&ssl=1&resize=350%2C200","width":350,"height":200,"srcset":"https:\/\/i0.wp.com\/ismaelcolosi.com.br\/wp-content\/uploads\/2023\/12\/depositphotos-687386008-xl-scaled-e1702434773775.jpg?fit=1200%2C638&ssl=1&resize=350%2C200 1x, https:\/\/i0.wp.com\/ismaelcolosi.com.br\/wp-content\/uploads\/2023\/12\/depositphotos-687386008-xl-scaled-e1702434773775.jpg?fit=1200%2C638&ssl=1&resize=525%2C300 1.5x, https:\/\/i0.wp.com\/ismaelcolosi.com.br\/wp-content\/uploads\/2023\/12\/depositphotos-687386008-xl-scaled-e1702434773775.jpg?fit=1200%2C638&ssl=1&resize=700%2C400 2x, https:\/\/i0.wp.com\/ismaelcolosi.com.br\/wp-content\/uploads\/2023\/12\/depositphotos-687386008-xl-scaled-e1702434773775.jpg?fit=1200%2C638&ssl=1&resize=1050%2C600 3x"},"classes":[]},{"id":7206,"url":"https:\/\/ismaelcolosi.com.br\/index.php\/2023\/11\/27\/quais-filmes-e-series-estreiam-nesta-semana-nos-streamings-veja-a-lista\/","url_meta":{"origin":22564,"position":4},"title":"Quais filmes e s\u00e9ries estreiam nesta semana nos streamings? Veja a lista","author":"ismaelcolosi.com.br","date":"27 de November de 2023","format":false,"excerpt":"Cr\u00e9ditos: reprodu\u00e7\u00e3o\/DisneyNovos filmes e s\u00e9ries estreiam nos streamings; veja a llista Entre 26 de dezembro e 2 de dezembro, os streamings prometem as estreias de grandes filmes e s\u00e9ries. Para entrar em clima de Natal, \u201cRitmo de Natal\u201d, do Globoplay, e \u201cA Batalha de Natal\u201d, do Prime Video, est\u00e3o entre\u2026","rel":"","context":"In &quot;Variedades&quot;","block_context":{"text":"Variedades","link":"https:\/\/ismaelcolosi.com.br\/index.php\/category\/variedades\/"},"img":{"alt_text":"","src":"https:\/\/i0.wp.com\/ismaelcolosi.com.br\/wp-content\/uploads\/2023\/11\/fotos-catraca-2023-11-27t132847745.png?fit=1200%2C638&ssl=1&resize=350%2C200","width":350,"height":200,"srcset":"https:\/\/i0.wp.com\/ismaelcolosi.com.br\/wp-content\/uploads\/2023\/11\/fotos-catraca-2023-11-27t132847745.png?fit=1200%2C638&ssl=1&resize=350%2C200 1x, https:\/\/i0.wp.com\/ismaelcolosi.com.br\/wp-content\/uploads\/2023\/11\/fotos-catraca-2023-11-27t132847745.png?fit=1200%2C638&ssl=1&resize=525%2C300 1.5x, https:\/\/i0.wp.com\/ismaelcolosi.com.br\/wp-content\/uploads\/2023\/11\/fotos-catraca-2023-11-27t132847745.png?fit=1200%2C638&ssl=1&resize=700%2C400 2x, https:\/\/i0.wp.com\/ismaelcolosi.com.br\/wp-content\/uploads\/2023\/11\/fotos-catraca-2023-11-27t132847745.png?fit=1200%2C638&ssl=1&resize=1050%2C600 3x"},"classes":[]},{"id":12551,"url":"https:\/\/ismaelcolosi.com.br\/index.php\/2023\/12\/08\/19-estreias-nos-streamings-e-nos-cinemas-para-ver-neste-final-de-semana\/","url_meta":{"origin":22564,"position":5},"title":"19 estreias nos streamings e nos cinemas para ver neste final de semana","author":"ismaelcolosi.com.br","date":"8 de December de 2023","format":false,"excerpt":"Cr\u00e9ditos: Depositphotos\/Naito29Lan\u00e7amentos nos streamings e nos cinemas para assistir no final de semana A semana foi movimentada nos streamings e nos cinemas. Novos filmes e s\u00e9ries imperd\u00edveis estrearam entre 26 de novembro e 2 de dezembro. Pois \u00e9\u2026 Dezembro chegou com tudo! A lista tem filmes natalinos, s\u00e9ries biogr\u00e1ficas, com\u00e9dias\u2026","rel":"","context":"In &quot;Variedades&quot;","block_context":{"text":"Variedades","link":"https:\/\/ismaelcolosi.com.br\/index.php\/category\/variedades\/"},"img":{"alt_text":"","src":"https:\/\/i0.wp.com\/ismaelcolosi.com.br\/wp-content\/uploads\/2023\/12\/depositphotos-438046142-xl-scaled-e1701401188290.jpg?fit=1200%2C638&ssl=1&resize=350%2C200","width":350,"height":200,"srcset":"https:\/\/i0.wp.com\/ismaelcolosi.com.br\/wp-content\/uploads\/2023\/12\/depositphotos-438046142-xl-scaled-e1701401188290.jpg?fit=1200%2C638&ssl=1&resize=350%2C200 1x, https:\/\/i0.wp.com\/ismaelcolosi.com.br\/wp-content\/uploads\/2023\/12\/depositphotos-438046142-xl-scaled-e1701401188290.jpg?fit=1200%2C638&ssl=1&resize=525%2C300 1.5x, https:\/\/i0.wp.com\/ismaelcolosi.com.br\/wp-content\/uploads\/2023\/12\/depositphotos-438046142-xl-scaled-e1701401188290.jpg?fit=1200%2C638&ssl=1&resize=700%2C400 2x, https:\/\/i0.wp.com\/ismaelcolosi.com.br\/wp-content\/uploads\/2023\/12\/depositphotos-438046142-xl-scaled-e1701401188290.jpg?fit=1200%2C638&ssl=1&resize=1050%2C600 3x"},"classes":[]}],"jetpack_sharing_enabled":true,"jetpack_shortlink":"https:\/\/wp.me\/pfMlyK-5RW","_links":{"self":[{"href":"https:\/\/ismaelcolosi.com.br\/index.php\/wp-json\/wp\/v2\/posts\/22564","targetHints":{"allow":["GET"]}}],"collection":[{"href":"https:\/\/ismaelcolosi.com.br\/index.php\/wp-json\/wp\/v2\/posts"}],"about":[{"href":"https:\/\/ismaelcolosi.com.br\/index.php\/wp-json\/wp\/v2\/types\/post"}],"author":[{"embeddable":true,"href":"https:\/\/ismaelcolosi.com.br\/index.php\/wp-json\/wp\/v2\/users\/1"}],"replies":[{"embeddable":true,"href":"https:\/\/ismaelcolosi.com.br\/index.php\/wp-json\/wp\/v2\/comments?post=22564"}],"version-history":[{"count":0,"href":"https:\/\/ismaelcolosi.com.br\/index.php\/wp-json\/wp\/v2\/posts\/22564\/revisions"}],"wp:featuredmedia":[{"embeddable":true,"href":"https:\/\/ismaelcolosi.com.br\/index.php\/wp-json\/wp\/v2\/media\/22565"}],"wp:attachment":[{"href":"https:\/\/ismaelcolosi.com.br\/index.php\/wp-json\/wp\/v2\/media?parent=22564"}],"wp:term":[{"taxonomy":"category","embeddable":true,"href":"https:\/\/ismaelcolosi.com.br\/index.php\/wp-json\/wp\/v2\/categories?post=22564"},{"taxonomy":"post_tag","embeddable":true,"href":"https:\/\/ismaelcolosi.com.br\/index.php\/wp-json\/wp\/v2\/tags?post=22564"}],"curies":[{"name":"wp","href":"https:\/\/api.w.org\/{rel}","templated":true}]}}