{"id":22070,"date":"2023-12-29T05:27:42","date_gmt":"2023-12-29T08:27:42","guid":{"rendered":"https:\/\/ismaelcolosi.com.br\/index.php\/2023\/12\/29\/lista-de-beneficios-confirmados-para-janeiro\/"},"modified":"2023-12-29T05:27:42","modified_gmt":"2023-12-29T08:27:42","slug":"lista-de-beneficios-confirmados-para-janeiro","status":"publish","type":"post","link":"https:\/\/ismaelcolosi.com.br\/index.php\/2023\/12\/29\/lista-de-beneficios-confirmados-para-janeiro\/","title":{"rendered":"lista de benef\u00edcios confirmados para janeiro"},"content":{"rendered":"<p> <br \/>\n<\/p>\n<div>\n<div id=\"attachment_2261894\" class=\"wp-caption alignnone\">\n<div class=\"d-flex justify-content-center\" data-attachment-id=\"2261894\">\n<div class=\"position-relative d-inline-block\"><img data-recalc-dims=\"1\" data-portal-copyright=\"Ag\u00eancia Brasil\/Jos\u00e9 Cruz\" fetchpriority=\"high\" decoding=\"async\" class=\"size-full wp-image-2261894\" src=\"https:\/\/i0.wp.com\/catracalivre.com.br\/wp-content\/uploads\/2023\/03\/caixa-emite-alerta-a-todos-que-tem-conta-poupanca-e-anuncia-mudancas.png?resize=875%2C484&#038;ssl=1\" alt=\"Caixa Tem mostra novidades para brasileiros\" width=\"875\" height=\"484\" srcset=\"https:\/\/catracalivre.com.br\/wp-content\/uploads\/2023\/03\/caixa-emite-alerta-a-todos-que-tem-conta-poupanca-e-anuncia-mudancas.png 875w, https:\/\/catracalivre.com.br\/wp-content\/uploads\/2023\/03\/caixa-emite-alerta-a-todos-que-tem-conta-poupanca-e-anuncia-mudancas-450x249.png 450w, https:\/\/catracalivre.com.br\/wp-content\/uploads\/2023\/03\/caixa-emite-alerta-a-todos-que-tem-conta-poupanca-e-anuncia-mudancas-768x425.png 768w\" sizes=\"(max-width: 875px) 100vw, 875px\"\/><\/p>\n<p>Cr\u00e9ditos: Ag\u00eancia Brasil\/Jos\u00e9 Cruz<\/p>\n<\/div>\n<\/div>\n<p><span class=\"post-imagem__legenda\">Caixa Tem mostra novidades para brasileiros<\/span><\/p>\n<\/div>\n<p>O aplicativo Caixa Tem, criado pelo <strong>Governo Federal<\/strong> para funcionar como uma poupan\u00e7a social, se prepara para realizar dep\u00f3sitos de diversos benef\u00edcios em janeiro de 2024.<\/p>\n<p>Essa plataforma, que est\u00e1 dispon\u00edvel para download, tornou-se uma ferramenta fundamental para benefici\u00e1rios de programas sociais, facilitando movimenta\u00e7\u00f5es financeiras, transfer\u00eancias e saques em esp\u00e9cie.<\/p>\n<h2>Benef\u00edcios confirmados para janeiro<\/h2>\n<p><strong>Bolsa Fam\u00edlia: a<\/strong>tendendo fam\u00edlias em situa\u00e7\u00e3o de vulnerabilidade, o Bolsa Fam\u00edlia assegura um pagamento m\u00ednimo de R$ 600.<\/p>\n<p><strong>Benef\u00edcio Vari\u00e1vel Familiar Nutriz: <\/strong>aumenta em R$ 50 o pagamento por cada membro da fam\u00edlia com at\u00e9 seis meses de idade.<\/p>\n<p><strong>Benef\u00edcio de Renda de Cidadania: <\/strong>adicional de R$ 142 por pessoa da fam\u00edlia.<\/p>\n<p><strong>Benef\u00edcio Complementar: <\/strong>garante que o valor m\u00ednimo do Bolsa Fam\u00edlia seja de R$ 600.<\/p>\n<p><strong>Benef\u00edcio Primeira Inf\u00e2ncia: <\/strong>adiciona R$ 150 por crian\u00e7a de at\u00e9 sete anos que fa\u00e7a parte da fam\u00edlia.<br \/>Esses benef\u00edcios representam uma parcela essencial do apoio do Governo Federal \u00e0s fam\u00edlias em situa\u00e7\u00e3o de vulnerabilidade social e econ\u00f4mica.<\/p>\n<h2>Al\u00e9m do Bolsa Fam\u00edlia<\/h2>\n<p>Al\u00e9m dos benef\u00edcios sociais, o Caixa Tem tamb\u00e9m desempenha um papel fundamental no dep\u00f3sito do Fundo de Garantia por Tempo de Servi\u00e7o (<a href=\"https:\/\/catracalivre.com.br\/cidadania\/governo-tem-novo-esquema-para-saque-aniversario-do-fgts\/\">FGTS<\/a>). Esse fundo, destinado a trabalhadores, pode ser retirado de duas formas diferentes.<\/p>\n<p>Na primeira modalidade, \u00e9 poss\u00edvel realizar o saque tradicional, permitindo a retirada dos valores completos. Essa op\u00e7\u00e3o \u00e9 disponibilizada em casos como aposentadoria ou condi\u00e7\u00f5es especiais, como doen\u00e7as graves.<\/p>\n<p>Outra op\u00e7\u00e3o \u00e9 o saque-anivers\u00e1rio, que permite ao trabalhador sacar parte dos valores anualmente durante o m\u00eas de seu anivers\u00e1rio. Em ambos os casos, o dinheiro \u00e9 depositado diretamente no Caixa Tem, oferecendo aos benefici\u00e1rios uma forma mais acess\u00edvel e digital de acesso aos seus recursos.<\/p>\n<\/div>\n<p><script>\n\t\t! function(f, b, e, v, n, t, s) {\n\t\t\tif (f.fbq) return;\n\t\t\tn = f.fbq = function() {\n\t\t\t\tn.callMethod ?\n\t\t\t\t\tn.callMethod.apply(n, arguments) : n.queue.push(arguments)\n\t\t\t};\n\t\t\tif (!f._fbq) f._fbq = n;\n\t\t\tn.push = n;\n\t\t\tn.loaded = !0;\n\t\t\tn.version = '2.0';\n\t\t\tn.queue = [];\n\t\t\tt = b.createElement(e);\n\t\t\tt.async = !0;\n\t\t\tt.src = v;\n\t\t\ts = b.getElementsByTagName(e)[0];\n\t\t\ts.parentNode.insertBefore(t, s)\n\t\t}(window, document, 'script',\n\t\t\t'https:\/\/connect.facebook.net\/en_US\/fbevents.js');\n\t\tfbq('init', '338315473262380');\n\t\tfbq('track', 'PageView');\n\t<\/script><br \/>\n<br \/><br \/>\n<br \/><a href=\"https:\/\/catracalivre.com.br\/cidadania\/caixa-tem-2024-lista-de-beneficios-confirmados-para-janeiro\/\">Source link <\/a><\/p>\n<div class='code-block code-block-4' style='margin: 8px auto 8px 0; text-align: left; display: block; clear: both;'>\n\ud83d\udce2 Aviso Legal\n\nO site ismaelcolosi.com.br atua apenas como um canal de divulga\u00e7\u00e3o de oportunidades de emprego e n\u00e3o se responsabiliza pelo processo seletivo, contrata\u00e7\u00e3o ou qualquer outra etapa relacionada \u00e0s vagas publicadas. Todas as informa\u00e7\u00f5es s\u00e3o de responsabilidade dos anunciantes.\n\n\u26a0\ufe0f Aten\u00e7\u00e3o! Nunca pague por promessas de emprego nem compre cursos que garantam contrata\u00e7\u00e3o. Desconfie de qualquer cobran\u00e7a para participar de sele\u00e7\u00f5es.\n\n\n\n<\/div>\n<!-- CONTENT END 1 -->\n","protected":false},"excerpt":{"rendered":"<p>Cr\u00e9ditos: Ag\u00eancia Brasil\/Jos\u00e9 Cruz Caixa Tem mostra novidades para brasileiros O aplicativo Caixa Tem, criado pelo Governo Federal para funcionar como uma poupan\u00e7a social, se&#8230;<\/p>\n","protected":false},"author":1,"featured_media":22071,"comment_status":"open","ping_status":"open","sticky":false,"template":"","format":"standard","meta":{"_uag_custom_page_level_css":"","advanced_seo_description":"","jetpack_seo_html_title":"","jetpack_seo_noindex":false,"jetpack_post_was_ever_published":false,"_jetpack_newsletter_access":"","_jetpack_dont_email_post_to_subs":false,"_jetpack_newsletter_tier_id":0,"_jetpack_memberships_contains_paywalled_content":false,"_jetpack_memberships_contains_paid_content":false,"footnotes":"","jetpack_publicize_message":"","jetpack_publicize_feature_enabled":true,"jetpack_social_post_already_shared":true,"jetpack_social_options":{"image_generator_settings":{"template":"highway","default_image_id":0,"font":"","enabled":false},"version":2}},"categories":[19],"tags":[],"class_list":["post-22070","post","type-post","status-publish","format-standard","has-post-thumbnail","hentry","category-variedades"],"jetpack_publicize_connections":[],"jetpack_featured_media_url":"https:\/\/i0.wp.com\/ismaelcolosi.com.br\/wp-content\/uploads\/2023\/12\/1703838465_caixa-tem-concurso.jpg?fit=1200%2C638&ssl=1","uagb_featured_image_src":{"full":["https:\/\/i0.wp.com\/ismaelcolosi.com.br\/wp-content\/uploads\/2023\/12\/1703838465_caixa-tem-concurso.jpg?fit=1200%2C638&ssl=1",1200,638,false],"thumbnail":["https:\/\/i0.wp.com\/ismaelcolosi.com.br\/wp-content\/uploads\/2023\/12\/1703838465_caixa-tem-concurso.jpg?resize=150%2C150&ssl=1",150,150,true],"medium":["https:\/\/i0.wp.com\/ismaelcolosi.com.br\/wp-content\/uploads\/2023\/12\/1703838465_caixa-tem-concurso.jpg?fit=300%2C160&ssl=1",300,160,true],"medium_large":["https:\/\/i0.wp.com\/ismaelcolosi.com.br\/wp-content\/uploads\/2023\/12\/1703838465_caixa-tem-concurso.jpg?fit=768%2C408&ssl=1",768,408,true],"large":["https:\/\/i0.wp.com\/ismaelcolosi.com.br\/wp-content\/uploads\/2023\/12\/1703838465_caixa-tem-concurso.jpg?fit=1024%2C544&ssl=1",1024,544,true],"1536x1536":["https:\/\/i0.wp.com\/ismaelcolosi.com.br\/wp-content\/uploads\/2023\/12\/1703838465_caixa-tem-concurso.jpg?fit=1200%2C638&ssl=1",1200,638,true],"2048x2048":["https:\/\/i0.wp.com\/ismaelcolosi.com.br\/wp-content\/uploads\/2023\/12\/1703838465_caixa-tem-concurso.jpg?fit=1200%2C638&ssl=1",1200,638,true],"really-simple-thumb":["https:\/\/i0.wp.com\/ismaelcolosi.com.br\/wp-content\/uploads\/2023\/12\/1703838465_caixa-tem-concurso.jpg?resize=370%2C247&ssl=1",370,247,true]},"uagb_author_info":{"display_name":"ismaelcolosi.com.br","author_link":"https:\/\/ismaelcolosi.com.br\/index.php\/author\/vidareal-online\/"},"uagb_comment_info":0,"uagb_excerpt":"Cr\u00e9ditos: Ag\u00eancia Brasil\/Jos\u00e9 Cruz Caixa Tem mostra novidades para brasileiros O aplicativo Caixa Tem, criado pelo Governo Federal para funcionar como uma poupan\u00e7a social, se...","jetpack-related-posts":[{"id":22542,"url":"https:\/\/ismaelcolosi.com.br\/index.php\/2023\/12\/30\/entenda-o-adicional-a-partir-de-janeiro\/","url_meta":{"origin":22070,"position":0},"title":"entenda o adicional a partir de janeiro","author":"ismaelcolosi.com.br","date":"30 de December de 2023","format":false,"excerpt":"Cr\u00e9ditos: Ag\u00eancia Brasil\/Jos\u00e9 CruzBolsa Fam\u00edlia SURPREENDE brasileirosCom a proximidade do fim do ano, as aten\u00e7\u00f5es se voltam para o Bolsa Fam\u00edlia em 2024. As incertezas pairam: haver\u00e1 mudan\u00e7as no programa? Os valores permanecer\u00e3o os mesmos? O Bolsa Fam\u00edlia, fundamental para fam\u00edlias em situa\u00e7\u00e3o de vulnerabilidade socioecon\u00f4mica, \u00e9 uma rede de\u2026","rel":"","context":"In &quot;Variedades&quot;","block_context":{"text":"Variedades","link":"https:\/\/ismaelcolosi.com.br\/index.php\/category\/variedades\/"},"img":{"alt_text":"","src":"https:\/\/i0.wp.com\/ismaelcolosi.com.br\/wp-content\/uploads\/2023\/12\/1703931652_bolsa-familia-a-noticia-mais-esperada-de-setembro-acaba-de-chegar.jpg?fit=1200%2C638&ssl=1&resize=350%2C200","width":350,"height":200,"srcset":"https:\/\/i0.wp.com\/ismaelcolosi.com.br\/wp-content\/uploads\/2023\/12\/1703931652_bolsa-familia-a-noticia-mais-esperada-de-setembro-acaba-de-chegar.jpg?fit=1200%2C638&ssl=1&resize=350%2C200 1x, https:\/\/i0.wp.com\/ismaelcolosi.com.br\/wp-content\/uploads\/2023\/12\/1703931652_bolsa-familia-a-noticia-mais-esperada-de-setembro-acaba-de-chegar.jpg?fit=1200%2C638&ssl=1&resize=525%2C300 1.5x, https:\/\/i0.wp.com\/ismaelcolosi.com.br\/wp-content\/uploads\/2023\/12\/1703931652_bolsa-familia-a-noticia-mais-esperada-de-setembro-acaba-de-chegar.jpg?fit=1200%2C638&ssl=1&resize=700%2C400 2x, https:\/\/i0.wp.com\/ismaelcolosi.com.br\/wp-content\/uploads\/2023\/12\/1703931652_bolsa-familia-a-noticia-mais-esperada-de-setembro-acaba-de-chegar.jpg?fit=1200%2C638&ssl=1&resize=1050%2C600 3x"},"classes":[]},{"id":22998,"url":"https:\/\/ismaelcolosi.com.br\/index.php\/2023\/12\/31\/bolsa-familia-2024-governo-anuncia-mudancas\/","url_meta":{"origin":22070,"position":1},"title":"Bolsa Fam\u00edlia 2024: governo anuncia mudan\u00e7as","author":"ismaelcolosi.com.br","date":"31 de December de 2023","format":false,"excerpt":"Cr\u00e9ditos: Ag\u00eancia Brasil\/Jos\u00e9 CruzA melhor not\u00edcia do Bolsa Fam\u00edlia de janeiro acaba de chegar! Com o in\u00edcio de um novo ano se aproximando, o governo federal delineia planos para implementar ajustes no programa Bolsa Fam\u00edlia a partir de janeiro de 2024. Atualmente, o programa, que foi relan\u00e7ado recentemente, proporciona um\u2026","rel":"","context":"In &quot;Variedades&quot;","block_context":{"text":"Variedades","link":"https:\/\/ismaelcolosi.com.br\/index.php\/category\/variedades\/"},"img":{"alt_text":"","src":"https:\/\/i0.wp.com\/ismaelcolosi.com.br\/wp-content\/uploads\/2023\/12\/1704063038_bolsa-familia-caixa-libera-pagamento-para-novo-grupo-em-julho.jpg?fit=1200%2C638&ssl=1&resize=350%2C200","width":350,"height":200,"srcset":"https:\/\/i0.wp.com\/ismaelcolosi.com.br\/wp-content\/uploads\/2023\/12\/1704063038_bolsa-familia-caixa-libera-pagamento-para-novo-grupo-em-julho.jpg?fit=1200%2C638&ssl=1&resize=350%2C200 1x, https:\/\/i0.wp.com\/ismaelcolosi.com.br\/wp-content\/uploads\/2023\/12\/1704063038_bolsa-familia-caixa-libera-pagamento-para-novo-grupo-em-julho.jpg?fit=1200%2C638&ssl=1&resize=525%2C300 1.5x, https:\/\/i0.wp.com\/ismaelcolosi.com.br\/wp-content\/uploads\/2023\/12\/1704063038_bolsa-familia-caixa-libera-pagamento-para-novo-grupo-em-julho.jpg?fit=1200%2C638&ssl=1&resize=700%2C400 2x, https:\/\/i0.wp.com\/ismaelcolosi.com.br\/wp-content\/uploads\/2023\/12\/1704063038_bolsa-familia-caixa-libera-pagamento-para-novo-grupo-em-julho.jpg?fit=1200%2C638&ssl=1&resize=1050%2C600 3x"},"classes":[]},{"id":22175,"url":"https:\/\/ismaelcolosi.com.br\/index.php\/2023\/12\/29\/veja-as-mudancas-nos-beneficios\/","url_meta":{"origin":22070,"position":2},"title":"veja as mudan\u00e7as nos benef\u00edcios","author":"ismaelcolosi.com.br","date":"29 de December de 2023","format":false,"excerpt":"Cr\u00e9ditos: Ag\u00eancia Brasil\/Jos\u00e9 CruzBolsa Fam\u00edlia SURPREENDE brasileiros O ano de 2024 traz consigo importantes atualiza\u00e7\u00f5es para o Bolsa Fam\u00edlia, programa social que desempenha um papel crucial no amparo a mais de 20 milh\u00f5es de fam\u00edlias em situa\u00e7\u00e3o de vulnerabilidade pelo Brasil. Entre as mudan\u00e7as, destaca-se uma adapta\u00e7\u00e3o relacionada ao piso\u2026","rel":"","context":"In &quot;Variedades&quot;","block_context":{"text":"Variedades","link":"https:\/\/ismaelcolosi.com.br\/index.php\/category\/variedades\/"},"img":{"alt_text":"","src":"https:\/\/i0.wp.com\/ismaelcolosi.com.br\/wp-content\/uploads\/2023\/12\/1703857977_bolsa-familia-a-noticia-mais-esperada-de-setembro-acaba-de-chegar.jpg?fit=1200%2C638&ssl=1&resize=350%2C200","width":350,"height":200,"srcset":"https:\/\/i0.wp.com\/ismaelcolosi.com.br\/wp-content\/uploads\/2023\/12\/1703857977_bolsa-familia-a-noticia-mais-esperada-de-setembro-acaba-de-chegar.jpg?fit=1200%2C638&ssl=1&resize=350%2C200 1x, https:\/\/i0.wp.com\/ismaelcolosi.com.br\/wp-content\/uploads\/2023\/12\/1703857977_bolsa-familia-a-noticia-mais-esperada-de-setembro-acaba-de-chegar.jpg?fit=1200%2C638&ssl=1&resize=525%2C300 1.5x, https:\/\/i0.wp.com\/ismaelcolosi.com.br\/wp-content\/uploads\/2023\/12\/1703857977_bolsa-familia-a-noticia-mais-esperada-de-setembro-acaba-de-chegar.jpg?fit=1200%2C638&ssl=1&resize=700%2C400 2x, https:\/\/i0.wp.com\/ismaelcolosi.com.br\/wp-content\/uploads\/2023\/12\/1703857977_bolsa-familia-a-noticia-mais-esperada-de-setembro-acaba-de-chegar.jpg?fit=1200%2C638&ssl=1&resize=1050%2C600 3x"},"classes":[]},{"id":10836,"url":"https:\/\/ismaelcolosi.com.br\/index.php\/2023\/12\/05\/inss-vai-pagar-aposentados-e-pensionistas-nestas-datas\/","url_meta":{"origin":22070,"position":3},"title":"INSS vai pagar aposentados e pensionistas nestas datas","author":"ismaelcolosi.com.br","date":"5 de December de 2023","format":false,"excerpt":"O Instituto Nacional do Seguro Social (INSS) disponibilizou o calend\u00e1rio referente ao pagamento de benef\u00edcios para dezembro e agora todos os aposentados e pensionistas podem saber a data de pagamento do seu benef\u00edcio. Cr\u00e9ditos: Ag\u00eancia Brasil\/Jos\u00e9 CruzINSS vai pagar aposentados e pensionistas nestas datas O pagamento em dezembro seguira o\u2026","rel":"","context":"In &quot;Variedades&quot;","block_context":{"text":"Variedades","link":"https:\/\/ismaelcolosi.com.br\/index.php\/category\/variedades\/"},"img":{"alt_text":"","src":"https:\/\/i0.wp.com\/ismaelcolosi.com.br\/wp-content\/uploads\/2023\/12\/caixa-bb-e-bancos-privados-suspendem-credito-consignado-no-inss.jpg?fit=1200%2C638&ssl=1&resize=350%2C200","width":350,"height":200,"srcset":"https:\/\/i0.wp.com\/ismaelcolosi.com.br\/wp-content\/uploads\/2023\/12\/caixa-bb-e-bancos-privados-suspendem-credito-consignado-no-inss.jpg?fit=1200%2C638&ssl=1&resize=350%2C200 1x, https:\/\/i0.wp.com\/ismaelcolosi.com.br\/wp-content\/uploads\/2023\/12\/caixa-bb-e-bancos-privados-suspendem-credito-consignado-no-inss.jpg?fit=1200%2C638&ssl=1&resize=525%2C300 1.5x, https:\/\/i0.wp.com\/ismaelcolosi.com.br\/wp-content\/uploads\/2023\/12\/caixa-bb-e-bancos-privados-suspendem-credito-consignado-no-inss.jpg?fit=1200%2C638&ssl=1&resize=700%2C400 2x, https:\/\/i0.wp.com\/ismaelcolosi.com.br\/wp-content\/uploads\/2023\/12\/caixa-bb-e-bancos-privados-suspendem-credito-consignado-no-inss.jpg?fit=1200%2C638&ssl=1&resize=1050%2C600 3x"},"classes":[]},{"id":16898,"url":"https:\/\/ismaelcolosi.com.br\/index.php\/2023\/12\/16\/bolsa-familia-em-2024-valor-minimo-sera-mantido\/","url_meta":{"origin":22070,"position":4},"title":"Bolsa Fam\u00edlia em 2024: valor m\u00ednimo ser\u00e1 mantido?","author":"ismaelcolosi.com.br","date":"16 de December de 2023","format":false,"excerpt":"Cr\u00e9ditos: Ag\u00eancia Brasil\/Jos\u00e9 CruzBolsa Fam\u00edlia SURPREENDE com pagamento diferenciado perto do NatalO Bolsa Fam\u00edlia, programa essencial para milh\u00f5es de fam\u00edlias brasileiras em situa\u00e7\u00e3o de vulnerabilidade, foi relan\u00e7ado neste ano, trazendo a promessa de apoio financeiro mensal. Com um pagamento m\u00ednimo de R$ 600, o programa visa proporcionar aux\u00edlio \u00e0s fam\u00edlias\u2026","rel":"","context":"In &quot;Variedades&quot;","block_context":{"text":"Variedades","link":"https:\/\/ismaelcolosi.com.br\/index.php\/category\/variedades\/"},"img":{"alt_text":"","src":"https:\/\/i0.wp.com\/ismaelcolosi.com.br\/wp-content\/uploads\/2023\/12\/1702769323_bolsa-familia-a-noticia-mais-esperada-de-setembro-acaba-de-chegar.jpg?fit=1200%2C638&ssl=1&resize=350%2C200","width":350,"height":200,"srcset":"https:\/\/i0.wp.com\/ismaelcolosi.com.br\/wp-content\/uploads\/2023\/12\/1702769323_bolsa-familia-a-noticia-mais-esperada-de-setembro-acaba-de-chegar.jpg?fit=1200%2C638&ssl=1&resize=350%2C200 1x, https:\/\/i0.wp.com\/ismaelcolosi.com.br\/wp-content\/uploads\/2023\/12\/1702769323_bolsa-familia-a-noticia-mais-esperada-de-setembro-acaba-de-chegar.jpg?fit=1200%2C638&ssl=1&resize=525%2C300 1.5x, https:\/\/i0.wp.com\/ismaelcolosi.com.br\/wp-content\/uploads\/2023\/12\/1702769323_bolsa-familia-a-noticia-mais-esperada-de-setembro-acaba-de-chegar.jpg?fit=1200%2C638&ssl=1&resize=700%2C400 2x, https:\/\/i0.wp.com\/ismaelcolosi.com.br\/wp-content\/uploads\/2023\/12\/1702769323_bolsa-familia-a-noticia-mais-esperada-de-setembro-acaba-de-chegar.jpg?fit=1200%2C638&ssl=1&resize=1050%2C600 3x"},"classes":[]},{"id":16630,"url":"https:\/\/ismaelcolosi.com.br\/index.php\/2023\/12\/15\/fgts-em-janeiro-2024-saques-ilimitados-estao-confirmados\/","url_meta":{"origin":22070,"position":5},"title":"FGTS em janeiro 2024: saques ilimitados est\u00e3o confirmados?","author":"ismaelcolosi.com.br","date":"15 de December de 2023","format":false,"excerpt":"Cr\u00e9ditos: Ag\u00eancia Brasil\/Marcelo CamargoGoverno inicia MEGA transforma\u00e7\u00e3o no FGTS que vai mudar sua vida Com a virada do ano se aproximando, trabalhadores que pretendem realizar o saque do FGTS (Fundo de Garantia do Tempo de Servi\u00e7o) em janeiro de 2024 j\u00e1 devem se atentar \u00e0s oportunidades dispon\u00edveis. Antes mesmo do\u2026","rel":"","context":"In &quot;Variedades&quot;","block_context":{"text":"Variedades","link":"https:\/\/ismaelcolosi.com.br\/index.php\/category\/variedades\/"},"img":{"alt_text":"","src":"https:\/\/i0.wp.com\/ismaelcolosi.com.br\/wp-content\/uploads\/2023\/12\/istock-1222011623.jpg?fit=1200%2C638&ssl=1&resize=350%2C200","width":350,"height":200,"srcset":"https:\/\/i0.wp.com\/ismaelcolosi.com.br\/wp-content\/uploads\/2023\/12\/istock-1222011623.jpg?fit=1200%2C638&ssl=1&resize=350%2C200 1x, https:\/\/i0.wp.com\/ismaelcolosi.com.br\/wp-content\/uploads\/2023\/12\/istock-1222011623.jpg?fit=1200%2C638&ssl=1&resize=525%2C300 1.5x, https:\/\/i0.wp.com\/ismaelcolosi.com.br\/wp-content\/uploads\/2023\/12\/istock-1222011623.jpg?fit=1200%2C638&ssl=1&resize=700%2C400 2x, https:\/\/i0.wp.com\/ismaelcolosi.com.br\/wp-content\/uploads\/2023\/12\/istock-1222011623.jpg?fit=1200%2C638&ssl=1&resize=1050%2C600 3x"},"classes":[]}],"jetpack_sharing_enabled":true,"jetpack_shortlink":"https:\/\/wp.me\/pfMlyK-5JY","_links":{"self":[{"href":"https:\/\/ismaelcolosi.com.br\/index.php\/wp-json\/wp\/v2\/posts\/22070","targetHints":{"allow":["GET"]}}],"collection":[{"href":"https:\/\/ismaelcolosi.com.br\/index.php\/wp-json\/wp\/v2\/posts"}],"about":[{"href":"https:\/\/ismaelcolosi.com.br\/index.php\/wp-json\/wp\/v2\/types\/post"}],"author":[{"embeddable":true,"href":"https:\/\/ismaelcolosi.com.br\/index.php\/wp-json\/wp\/v2\/users\/1"}],"replies":[{"embeddable":true,"href":"https:\/\/ismaelcolosi.com.br\/index.php\/wp-json\/wp\/v2\/comments?post=22070"}],"version-history":[{"count":0,"href":"https:\/\/ismaelcolosi.com.br\/index.php\/wp-json\/wp\/v2\/posts\/22070\/revisions"}],"wp:featuredmedia":[{"embeddable":true,"href":"https:\/\/ismaelcolosi.com.br\/index.php\/wp-json\/wp\/v2\/media\/22071"}],"wp:attachment":[{"href":"https:\/\/ismaelcolosi.com.br\/index.php\/wp-json\/wp\/v2\/media?parent=22070"}],"wp:term":[{"taxonomy":"category","embeddable":true,"href":"https:\/\/ismaelcolosi.com.br\/index.php\/wp-json\/wp\/v2\/categories?post=22070"},{"taxonomy":"post_tag","embeddable":true,"href":"https:\/\/ismaelcolosi.com.br\/index.php\/wp-json\/wp\/v2\/tags?post=22070"}],"curies":[{"name":"wp","href":"https:\/\/api.w.org\/{rel}","templated":true}]}}