{"id":21874,"date":"2023-12-28T17:54:27","date_gmt":"2023-12-28T20:54:27","guid":{"rendered":"https:\/\/ismaelcolosi.com.br\/index.php\/2023\/12\/28\/o-que-precisa-estar-no-seu-roteiro-de-viagem-para-salvador\/"},"modified":"2023-12-28T17:54:27","modified_gmt":"2023-12-28T20:54:27","slug":"o-que-precisa-estar-no-seu-roteiro-de-viagem-para-salvador","status":"publish","type":"post","link":"https:\/\/ismaelcolosi.com.br\/index.php\/2023\/12\/28\/o-que-precisa-estar-no-seu-roteiro-de-viagem-para-salvador\/","title":{"rendered":"O que precisa estar no seu roteiro de viagem para Salvador"},"content":{"rendered":"<p> <br \/>\n<\/p>\n<div>\n<p>A vibrante capital da Bahia, Salvador, \u00e9 um caldeir\u00e3o cultural onde hist\u00f3ria, arte e tradi\u00e7\u00f5es se entrela\u00e7am, criando uma experi\u00eancia \u00fanica para os turistas.<\/p>\n<p>Conhecida por suas praias deslumbrantes, arquitetura colonial e uma cena musical efervescente, a cidade oferece momentos ricos e variados para todos os gostos.<\/p>\n<div id=\"attachment_2328507\" class=\"wp-caption aligncenter\">\n<div class=\"d-flex justify-content-center\" data-attachment-id=\"2328507\">\n<div class=\"position-relative d-inline-block\"><img src=\"https:\/\/catracalivre.com.br\/viagem-livre\/o-que-precisa-estar-no-seu-roteiro-de-viagem-para-salvador\/M\u00e1rcio Filho\/MTur\" fetchpriority=\"high\" decoding=\"async\" class=\"wp-image-2328507 \" alt=\"Vista da Praia de Itapu\u00e3, em Salvador (BA)\" width=\"804\" height=\"507\" srcset=\"https:\/\/catracalivre.com.br\/wp-content\/uploads\/2023\/12\/praia-de-itapua-marcio-filho-mtur-910x574.jpg 910w, https:\/\/catracalivre.com.br\/wp-content\/uploads\/2023\/12\/praia-de-itapua-marcio-filho-mtur-450x284.jpg 450w, https:\/\/catracalivre.com.br\/wp-content\/uploads\/2023\/12\/praia-de-itapua-marcio-filho-mtur-768x484.jpg 768w\" sizes=\"(max-width: 804px) 100vw, 804px\"\/><\/p>\n<p>Cr\u00e9ditos: M\u00e1rcio Filho\/MTur<\/p>\n<\/div>\n<\/div>\n<p><span class=\"post-imagem__legenda\">Vista da Praia de Itapu\u00e3, em Salvador (BA)<\/span><\/p>\n<\/div>\n<p>Neste texto, exploraremos os principais pontos tur\u00edsticos e experi\u00eancias culturais que fazem de Salvador um destino inesquec\u00edvel. Desde o hist\u00f3rico Pelourinho at\u00e9 as del\u00edcias gastron\u00f4micas locais.<\/p>\n<p>Ao planejar sua viagem, lembre-se de que Salvador \u00e9 muito mais do que seus cart\u00f5es-postais. \u00c9 uma cidade que pulsa ao ritmo do ax\u00e9 e do samba, onde cada esquina revela uma nova hist\u00f3ria.<\/p>\n<div id=\"attachment_1693266\" class=\"wp-caption aligncenter\">\n<div class=\"d-flex justify-content-center\" data-attachment-id=\"1693266\">\n<div class=\"position-relative d-inline-block\"><img loading=\"lazy\" src=\"https:\/\/catracalivre.com.br\/viagem-livre\/o-que-precisa-estar-no-seu-roteiro-de-viagem-para-salvador\/rmnunes\/iStock\" decoding=\"async\" class=\" wp-image-1693266\" alt=\"Elevador Lacerda \u00e9 um dos cart\u00f5es-postais da capital baiana\" width=\"801\" height=\"534\" srcset=\"https:\/\/catracalivre.com.br\/wp-content\/uploads\/2018\/11\/salvador-baia-de-todos-os-santos-910x607.jpg 910w, https:\/\/catracalivre.com.br\/wp-content\/uploads\/2018\/11\/salvador-baia-de-todos-os-santos-450x300.jpg 450w, https:\/\/catracalivre.com.br\/wp-content\/uploads\/2018\/11\/salvador-baia-de-todos-os-santos-768x512.jpg 768w\" sizes=\"auto, (max-width: 801px) 100vw, 801px\"\/><\/p>\n<p>Cr\u00e9ditos: rmnunes\/iStock<\/p>\n<\/div>\n<\/div>\n<p><span class=\"post-imagem__legenda\">Elevador Lacerda \u00e9 um dos cart\u00f5es-postais da capital baiana<\/span><\/p>\n<\/div>\n<p>Este roteiro foi pensado para ajudar voc\u00ea a capturar a ess\u00eancia da cidade e garantir que sua experi\u00eancia seja aut\u00eantica e memor\u00e1vel.<\/p>\n<h2>O que precisa estar no seu roteiro de viagem para Salvador<\/h2>\n<h3>1 \u2013 Visitar o Pelourinho<\/h3>\n<p>O Pelourinho n\u00e3o \u00e9 apenas um s\u00edmbolo de Salvador, mas tamb\u00e9m um testemunho vivo da hist\u00f3ria brasileira. Ao passear por suas ruas, voc\u00ea se depara com um mosaico de culturas, refletido nas fachadas coloridas dos casar\u00f5es e nas melodias que ecoam das igrejas centen\u00e1rias.<\/p>\n<div id=\"attachment_1712902\" class=\"wp-caption aligncenter\">\n<div class=\"d-flex justify-content-center\" data-attachment-id=\"1712902\">\n<div class=\"position-relative d-inline-block\"><img loading=\"lazy\" src=\"https:\/\/catracalivre.com.br\/viagem-livre\/o-que-precisa-estar-no-seu-roteiro-de-viagem-para-salvador\/diegograndi\/iStock\" decoding=\"async\" class=\"wp-image-1712902 \" alt=\"Casario colorido do Pelourinho, no Centro Hist\u00f3rico de Salvador\" width=\"807\" height=\"538\" srcset=\"https:\/\/catracalivre.com.br\/wp-content\/uploads\/2019\/01\/salvador-lista-new-york-times-910x607.jpg 910w, https:\/\/catracalivre.com.br\/wp-content\/uploads\/2019\/01\/salvador-lista-new-york-times-450x300.jpg 450w, https:\/\/catracalivre.com.br\/wp-content\/uploads\/2019\/01\/salvador-lista-new-york-times-768x512.jpg 768w\" sizes=\"auto, (max-width: 807px) 100vw, 807px\"\/><\/p>\n<p>Cr\u00e9ditos: diegograndi\/iStock<\/p>\n<\/div>\n<\/div>\n<p><span class=\"post-imagem__legenda\">Casario colorido do Pelourinho, no Centro Hist\u00f3rico de Salvador<\/span><\/p>\n<\/div>\n<p>Al\u00e9m da Igreja e Convento de S\u00e3o Francisco, n\u00e3o deixe de visitar as galerias de arte, os pequenos museus e as lojas de artesanato que pontilham o bairro. Este \u00e9 o lugar onde a hist\u00f3ria, a cultura e a arte se encontram, oferecendo uma janela para o passado colonial do Brasil.<\/p>\n<h3>2 \u2013 Desfrutar das praias urbanas<\/h3>\n<p>As praias de Salvador s\u00e3o verdadeiros o\u00e1sis urbanos, combinando a beleza natural com a conveni\u00eancia da cidade.<\/p>\n<div id=\"attachment_2328513\" class=\"wp-caption aligncenter\">\n<div class=\"d-flex justify-content-center\" data-attachment-id=\"2328513\">\n<div class=\"position-relative d-inline-block\"><img src=\"https:\/\/catracalivre.com.br\/viagem-livre\/o-que-precisa-estar-no-seu-roteiro-de-viagem-para-salvador\/Christian Edelmann\/iStock\" loading=\"lazy\" decoding=\"async\" class=\" wp-image-2328513\" alt=\"Fitas do Senhor do Bonfim amarradas em grades no Porto da Barra\" width=\"804\" height=\"536\" srcset=\"https:\/\/catracalivre.com.br\/wp-content\/uploads\/2023\/12\/porto-da-barra-910x607.jpg 910w, https:\/\/catracalivre.com.br\/wp-content\/uploads\/2023\/12\/porto-da-barra-450x300.jpg 450w, https:\/\/catracalivre.com.br\/wp-content\/uploads\/2023\/12\/porto-da-barra-768x512.jpg 768w\" sizes=\"auto, (max-width: 804px) 100vw, 804px\"\/><\/p>\n<p>Cr\u00e9ditos: Christian Edelmann\/iStock<\/p>\n<\/div>\n<\/div>\n<p><span class=\"post-imagem__legenda\">Fitas do Senhor do Bonfim amarradas em grades no Porto da Barra<\/span><\/p>\n<\/div>\n<p>Al\u00e9m do Porto da Barra e da Praia do Farol da Barra, a Praia de Itapu\u00e3, imortalizada na m\u00fasica de Vinicius de Moraes, \u00e9 um lugar encantador para relaxar, tomar um banho de mar e desfrutar da culin\u00e1ria litor\u00e2nea.<\/p>\n<div id=\"attachment_1508042\" class=\"wp-caption aligncenter\">\n<div class=\"d-flex justify-content-center\" data-attachment-id=\"1508042\">\n<div class=\"position-relative d-inline-block\"><img src=\"https:\/\/catracalivre.com.br\/viagem-livre\/o-que-precisa-estar-no-seu-roteiro-de-viagem-para-salvador\/jeilson\/iStock\" loading=\"lazy\" decoding=\"async\" class=\"wp-image-1508042\" alt=\"P\u00f4r do sol na Praia de Itapu\u00e3\" width=\"800\" height=\"482\" srcset=\"https:\/\/catracalivre.com.br\/wp-content\/uploads\/2017\/10\/ToGo_Brasil_Bahia_Salvador_PraiadeItapua_iStock_jeilson.jpg 617w, https:\/\/catracalivre.com.br\/wp-content\/uploads\/2017\/10\/ToGo_Brasil_Bahia_Salvador_PraiadeItapua_iStock_jeilson-450x271.jpg 450w\" sizes=\"auto, (max-width: 800px) 100vw, 800px\"\/><\/p>\n<p>Cr\u00e9ditos: jeilson\/iStock<\/p>\n<\/div>\n<\/div>\n<p><span class=\"post-imagem__legenda\">P\u00f4r do sol na Praia de Itapu\u00e3<\/span><\/p>\n<\/div>\n<p>Cada praia tem sua pr\u00f3pria personalidade, oferecendo desde tranquilidade e vistas deslumbrantes at\u00e9 esportes aqu\u00e1ticos e animados quiosques.<\/p>\n<h3>3 \u2013 Explorar o Mercado Modelo<\/h3>\n<p>Visitar o Mercado Modelo \u00e9 mergulhar em um universo de cores, sons e sabores. Localizado pr\u00f3ximo ao porto da cidade, este mercado \u00e9 um centro vibrante de cultura e com\u00e9rcio.<\/p>\n<div id=\"attachment_2328512\" class=\"wp-caption aligncenter\">\n<div class=\"d-flex justify-content-center\" data-attachment-id=\"2328512\">\n<div class=\"position-relative d-inline-block\"><img src=\"https:\/\/catracalivre.com.br\/viagem-livre\/o-que-precisa-estar-no-seu-roteiro-de-viagem-para-salvador\/Paul R. Burley\/Wikimedia Commons\" loading=\"lazy\" decoding=\"async\" class=\"wp-image-2328512 \" alt=\"Interior do Mercado Modelo de Salvador\" width=\"804\" height=\"536\" srcset=\"https:\/\/catracalivre.com.br\/wp-content\/uploads\/2023\/12\/mercado-modelo-salvador-910x607.jpg 910w, https:\/\/catracalivre.com.br\/wp-content\/uploads\/2023\/12\/mercado-modelo-salvador-450x300.jpg 450w, https:\/\/catracalivre.com.br\/wp-content\/uploads\/2023\/12\/mercado-modelo-salvador-768x512.jpg 768w\" sizes=\"auto, (max-width: 804px) 100vw, 804px\"\/><\/p>\n<p>Cr\u00e9ditos: Paul R. Burley\/Wikimedia Commons<\/p>\n<\/div>\n<\/div>\n<p><span class=\"post-imagem__legenda\">Interior do Mercado Modelo de Salvador<\/span><\/p>\n<\/div>\n<p>Aqui, al\u00e9m de artesanato e lembran\u00e7as, voc\u00ea pode experimentar comidas t\u00edpicas baianas e apreciar apresenta\u00e7\u00f5es de m\u00fasica e dan\u00e7a ao vivo. O Mercado Modelo \u00e9 mais do que um local de compras, \u00e9 uma experi\u00eancia cultural.<\/p>\n<h3>4 \u2013 Experimentar o Acaraj\u00e9<\/h3>\n<p>Uma viagem a Salvador seria incompleta sem experimentar o acaraj\u00e9, uma das maiores express\u00f5es da culin\u00e1ria afro-brasileira.<\/p>\n<div id=\"attachment_2328508\" class=\"wp-caption aligncenter\">\n<div class=\"d-flex justify-content-center\" data-attachment-id=\"2328508\">\n<div class=\"position-relative d-inline-block\"><img src=\"https:\/\/catracalivre.com.br\/viagem-livre\/o-que-precisa-estar-no-seu-roteiro-de-viagem-para-salvador\/M\u00e1rcio Filho\/MTur\" loading=\"lazy\" decoding=\"async\" class=\"wp-image-2328508 \" alt=\"Uma viagem a Salvador seria incompleta sem experimentar o acaraj\u00e9\" width=\"807\" height=\"538\" srcset=\"https:\/\/catracalivre.com.br\/wp-content\/uploads\/2023\/12\/acaraje-910x607.jpg 910w, https:\/\/catracalivre.com.br\/wp-content\/uploads\/2023\/12\/acaraje-450x300.jpg 450w, https:\/\/catracalivre.com.br\/wp-content\/uploads\/2023\/12\/acaraje-768x512.jpg 768w\" sizes=\"auto, (max-width: 807px) 100vw, 807px\"\/><\/p>\n<p>Cr\u00e9ditos: M\u00e1rcio Filho\/MTur<\/p>\n<\/div>\n<\/div>\n<p><span class=\"post-imagem__legenda\">Uma viagem a Salvador seria incompleta sem experimentar o acaraj\u00e9<\/span><\/p>\n<\/div>\n<p>Este petisco tradicional, preparado com feij\u00e3o fradinho mo\u00eddo, cebola, sal e frito em azeite de dend\u00ea, \u00e9 encontrado nos famosos tabuleiros das baianas de acaraj\u00e9 espalhados pela cidade.<\/p>\n<p>O acaraj\u00e9 \u00e9 geralmente servido com vatap\u00e1, camar\u00e3o seco, salada e molhos variados, oferecendo uma explos\u00e3o de sabores.<\/p>\n<p>Para acompanhar esse prato t\u00e3o caracter\u00edstico, as op\u00e7\u00f5es s\u00e3o variadas: voc\u00ea pode escolher entre um suco, um refrigerante ou at\u00e9 mesmo um vinho. Isso mesmo, um vinho!<\/p>\n<div id=\"attachment_2328509\" class=\"wp-caption aligncenter\">\n<div class=\"d-flex justify-content-center\" data-attachment-id=\"2328509\">\n<div class=\"position-relative d-inline-block\"><img src=\"https:\/\/catracalivre.com.br\/viagem-livre\/o-que-precisa-estar-no-seu-roteiro-de-viagem-para-salvador\/M\u00e1rcio Filho\/MTur\" loading=\"lazy\" decoding=\"async\" class=\"wp-image-2328509\" alt=\"O acaraj\u00e9 \u00e9 encontrado nos famosos tabuleiros das baianas espalhados pela cidade\" width=\"800\" height=\"533\" srcset=\"https:\/\/catracalivre.com.br\/wp-content\/uploads\/2023\/12\/acaraje-salvador-910x607.jpg 910w, https:\/\/catracalivre.com.br\/wp-content\/uploads\/2023\/12\/acaraje-salvador-450x300.jpg 450w, https:\/\/catracalivre.com.br\/wp-content\/uploads\/2023\/12\/acaraje-salvador-768x512.jpg 768w\" sizes=\"auto, (max-width: 800px) 100vw, 800px\"\/><\/p>\n<p>Cr\u00e9ditos: M\u00e1rcio Filho\/MTur<\/p>\n<\/div>\n<\/div>\n<p><span class=\"post-imagem__legenda\">O acaraj\u00e9 \u00e9 encontrado nos famosos tabuleiros das baianas espalhados pela cidade<\/span><\/p>\n<\/div>\n<p>A ideia de <a href=\"https:\/\/blog.bancadoramon.com.br\/harmonizacoes-inesqueciveis-vinhos-e-sabores-do-brasil\/\" rel=\"noopener\">harmonizar vinho<\/a> com o prato pode parecer inusitada, mas segundo Jamil Abdala, sommelier da Banca do Ramon, essa combina\u00e7\u00e3o \u00e9 pensada para complementar e real\u00e7ar os sabores picantes e intensos do acaraj\u00e9, criando uma experi\u00eancia gastron\u00f4mica \u00fanica e inesquec\u00edvel.<\/p>\n<h3>5 \u2013 Ir ao Museu de Arte Moderna<\/h3>\n<p>O <a href=\"http:\/\/www.mam.ba.gov.br\/\" target=\"_blank\" rel=\"noopener\">Museu de Arte Moderna da Bahia<\/a> \u00e9 um espa\u00e7o de converg\u00eancia de diferentes express\u00f5es art\u00edsticas. Localizado em um solar hist\u00f3rico, o MAM oferece uma cole\u00e7\u00e3o diversificada que inclui obras de artistas brasileiros renomados e emergentes.<\/p>\n<div id=\"attachment_2328511\" class=\"wp-caption aligncenter\">\n<div class=\"d-flex justify-content-center\" data-attachment-id=\"2328511\">\n<div class=\"position-relative d-inline-block\"><img src=\"https:\/\/catracalivre.com.br\/viagem-livre\/o-que-precisa-estar-no-seu-roteiro-de-viagem-para-salvador\/Divulga\u00e7\u00e3o\/MAM\" loading=\"lazy\" decoding=\"async\" class=\"wp-image-2328511\" alt=\"Entrada do Museu de Arte Moderna da Bahia\" width=\"800\" height=\"534\" srcset=\"https:\/\/catracalivre.com.br\/wp-content\/uploads\/2023\/12\/museu-de-arte-moderna-da-bahia-910x607.jpg 910w, https:\/\/catracalivre.com.br\/wp-content\/uploads\/2023\/12\/museu-de-arte-moderna-da-bahia-450x300.jpg 450w, https:\/\/catracalivre.com.br\/wp-content\/uploads\/2023\/12\/museu-de-arte-moderna-da-bahia-768x512.jpg 768w\" sizes=\"auto, (max-width: 800px) 100vw, 800px\"\/><\/p>\n<p>Cr\u00e9ditos: Divulga\u00e7\u00e3o\/MAM<\/p>\n<\/div>\n<\/div>\n<p><span class=\"post-imagem__legenda\">Entrada do Museu de Arte Moderna da Bahia<\/span><\/p>\n<\/div>\n<p>A combina\u00e7\u00e3o da arte contempor\u00e2nea com a arquitetura hist\u00f3rica e a vista da Ba\u00eda de Todos os Santos faz deste museu um local imperd\u00edvel para amantes da arte.<\/p>\n<h3>6 \u2013 Passear pelo Farol da Barra<\/h3>\n<p>Localizado no Forte de Santo Ant\u00f4nio, o Farol da Barra \u00e9 mais do que um marco hist\u00f3rico; \u00e9 um s\u00edmbolo da cidade de Salvador. Ele n\u00e3o s\u00f3 oferece uma vista panor\u00e2mica espetacular, mas tamb\u00e9m abriga um museu n\u00e1utico que conta a hist\u00f3ria mar\u00edtima da regi\u00e3o.<\/p>\n<div id=\"attachment_1553286\" class=\"wp-caption aligncenter\">\n<div class=\"d-flex justify-content-center\" data-attachment-id=\"1553286\">\n<div class=\"position-relative d-inline-block\"><img src=\"https:\/\/catracalivre.com.br\/viagem-livre\/o-que-precisa-estar-no-seu-roteiro-de-viagem-para-salvador\/iStock\" loading=\"lazy\" decoding=\"async\" class=\"wp-image-1553286\" alt=\"O farol da Barra \u00e9 um dos cart\u00f5es postais mais famosos e bonitos de Salvador\" width=\"800\" height=\"532\" srcset=\"https:\/\/catracalivre.com.br\/wp-content\/uploads\/2015\/05\/salvador_-neoviagens3.jpg 720w, https:\/\/catracalivre.com.br\/wp-content\/uploads\/2015\/05\/salvador_-neoviagens3-450x299.jpg 450w\" sizes=\"auto, (max-width: 800px) 100vw, 800px\"\/><\/p>\n<p>Cr\u00e9ditos: iStock<\/p>\n<\/div>\n<\/div>\n<p><span class=\"post-imagem__legenda\">O farol da Barra \u00e9 um dos cart\u00f5es postais mais famosos e bonitos de Salvador<\/span><\/p>\n<\/div>\n<p>Um passeio ao p\u00f4r do sol por este local \u00e9 uma experi\u00eancia m\u00e1gica, com vistas deslumbrantes da costa e do Atl\u00e2ntico.<\/p>\n<h3>7 \u2013 Curta a vida noturna no Rio Vermelho<\/h3>\n<p>Para quem gosta de uma atmosfera bo\u00eamia e art\u00edstica, o Rio Vermelho \u00e9 o lugar ideal para passar a noite.<\/p>\n<div id=\"attachment_2328510\" class=\"wp-caption aligncenter\">\n<div class=\"d-flex justify-content-center\" data-attachment-id=\"2328510\">\n<div class=\"position-relative d-inline-block\"><img src=\"https:\/\/catracalivre.com.br\/viagem-livre\/o-que-precisa-estar-no-seu-roteiro-de-viagem-para-salvador\/Victoria C\u00e2mara\/Portal da Copa\/ME\" loading=\"lazy\" decoding=\"async\" class=\"wp-image-2328510\" alt=\"O Rio Vermelho \u00e9 o lugar ideal para curtir a noite soteropolitana\" width=\"800\" height=\"534\" srcset=\"https:\/\/catracalivre.com.br\/wp-content\/uploads\/2023\/12\/dinha-rio-vermelho-salvador-910x607.jpg 910w, https:\/\/catracalivre.com.br\/wp-content\/uploads\/2023\/12\/dinha-rio-vermelho-salvador-450x300.jpg 450w, https:\/\/catracalivre.com.br\/wp-content\/uploads\/2023\/12\/dinha-rio-vermelho-salvador-768x512.jpg 768w\" sizes=\"auto, (max-width: 800px) 100vw, 800px\"\/><\/p>\n<p>Cr\u00e9ditos: Victoria C\u00e2mara\/Portal da Copa\/ME <\/p>\n<\/div>\n<\/div>\n<p><span class=\"post-imagem__legenda\">O Rio Vermelho \u00e9 o lugar ideal para curtir a noite soteropolitana<\/span><\/p>\n<\/div>\n<p>Este bairro pulsante oferece uma variedade de op\u00e7\u00f5es para todos os gostos, desde bares tradicionais onde se pode ouvir o aut\u00eantico samba baiano at\u00e9 clubes modernos com DJs tocando as \u00faltimas tend\u00eancias musicais.<\/p>\n<p>Aqui, a noite se estende at\u00e9 o amanhecer, com os moradores locais e visitantes se misturando em uma celebra\u00e7\u00e3o cont\u00ednua da vida e da cultura baiana.<\/p>\n<\/div>\n<p><script>\n\t\t! function(f, b, e, v, n, t, s) {\n\t\t\tif (f.fbq) return;\n\t\t\tn = f.fbq = function() {\n\t\t\t\tn.callMethod ?\n\t\t\t\t\tn.callMethod.apply(n, arguments) : n.queue.push(arguments)\n\t\t\t};\n\t\t\tif (!f._fbq) f._fbq = n;\n\t\t\tn.push = n;\n\t\t\tn.loaded = !0;\n\t\t\tn.version = '2.0';\n\t\t\tn.queue = [];\n\t\t\tt = b.createElement(e);\n\t\t\tt.async = !0;\n\t\t\tt.src = v;\n\t\t\ts = b.getElementsByTagName(e)[0];\n\t\t\ts.parentNode.insertBefore(t, s)\n\t\t}(window, document, 'script',\n\t\t\t'https:\/\/connect.facebook.net\/en_US\/fbevents.js');\n\t\tfbq('init', '338315473262380');\n\t\tfbq('track', 'PageView');\n\t<\/script><br \/>\n<br \/><br \/>\n<br \/><a href=\"https:\/\/catracalivre.com.br\/viagem-livre\/o-que-precisa-estar-no-seu-roteiro-de-viagem-para-salvador\/\">Source link <\/a><\/p>\n<div class='code-block code-block-4' style='margin: 8px auto 8px 0; text-align: left; display: block; clear: both;'>\n\ud83d\udce2 Aviso Legal\n\nO site ismaelcolosi.com.br atua apenas como um canal de divulga\u00e7\u00e3o de oportunidades de emprego e n\u00e3o se responsabiliza pelo processo seletivo, contrata\u00e7\u00e3o ou qualquer outra etapa relacionada \u00e0s vagas publicadas. Todas as informa\u00e7\u00f5es s\u00e3o de responsabilidade dos anunciantes.\n\n\u26a0\ufe0f Aten\u00e7\u00e3o! Nunca pague por promessas de emprego nem compre cursos que garantam contrata\u00e7\u00e3o. Desconfie de qualquer cobran\u00e7a para participar de sele\u00e7\u00f5es.\n\n\n\n<\/div>\n<!-- CONTENT END 1 -->\n","protected":false},"excerpt":{"rendered":"<p>A vibrante capital da Bahia, Salvador, \u00e9 um caldeir\u00e3o cultural onde hist\u00f3ria, arte e tradi\u00e7\u00f5es se entrela\u00e7am, criando uma experi\u00eancia \u00fanica para os turistas. Conhecida&#8230;<\/p>\n","protected":false},"author":1,"featured_media":21875,"comment_status":"open","ping_status":"open","sticky":false,"template":"","format":"standard","meta":{"_uag_custom_page_level_css":"","advanced_seo_description":"","jetpack_seo_html_title":"","jetpack_seo_noindex":false,"jetpack_post_was_ever_published":false,"_jetpack_newsletter_access":"","_jetpack_dont_email_post_to_subs":false,"_jetpack_newsletter_tier_id":0,"_jetpack_memberships_contains_paywalled_content":false,"_jetpack_memberships_contains_paid_content":false,"footnotes":"","jetpack_publicize_message":"","jetpack_publicize_feature_enabled":true,"jetpack_social_post_already_shared":true,"jetpack_social_options":{"image_generator_settings":{"template":"highway","default_image_id":0,"font":"","enabled":false},"version":2}},"categories":[19],"tags":[],"class_list":["post-21874","post","type-post","status-publish","format-standard","has-post-thumbnail","hentry","category-variedades"],"jetpack_publicize_connections":[],"jetpack_featured_media_url":"https:\/\/i0.wp.com\/ismaelcolosi.com.br\/wp-content\/uploads\/2023\/12\/praia-de-itapua-marcio-filho-mtur.jpg?fit=1200%2C638&ssl=1","uagb_featured_image_src":{"full":["https:\/\/i0.wp.com\/ismaelcolosi.com.br\/wp-content\/uploads\/2023\/12\/praia-de-itapua-marcio-filho-mtur.jpg?fit=1200%2C638&ssl=1",1200,638,false],"thumbnail":["https:\/\/i0.wp.com\/ismaelcolosi.com.br\/wp-content\/uploads\/2023\/12\/praia-de-itapua-marcio-filho-mtur.jpg?resize=150%2C150&ssl=1",150,150,true],"medium":["https:\/\/i0.wp.com\/ismaelcolosi.com.br\/wp-content\/uploads\/2023\/12\/praia-de-itapua-marcio-filho-mtur.jpg?fit=300%2C160&ssl=1",300,160,true],"medium_large":["https:\/\/i0.wp.com\/ismaelcolosi.com.br\/wp-content\/uploads\/2023\/12\/praia-de-itapua-marcio-filho-mtur.jpg?fit=768%2C408&ssl=1",768,408,true],"large":["https:\/\/i0.wp.com\/ismaelcolosi.com.br\/wp-content\/uploads\/2023\/12\/praia-de-itapua-marcio-filho-mtur.jpg?fit=1024%2C544&ssl=1",1024,544,true],"1536x1536":["https:\/\/i0.wp.com\/ismaelcolosi.com.br\/wp-content\/uploads\/2023\/12\/praia-de-itapua-marcio-filho-mtur.jpg?fit=1200%2C638&ssl=1",1200,638,true],"2048x2048":["https:\/\/i0.wp.com\/ismaelcolosi.com.br\/wp-content\/uploads\/2023\/12\/praia-de-itapua-marcio-filho-mtur.jpg?fit=1200%2C638&ssl=1",1200,638,true],"really-simple-thumb":["https:\/\/i0.wp.com\/ismaelcolosi.com.br\/wp-content\/uploads\/2023\/12\/praia-de-itapua-marcio-filho-mtur.jpg?resize=370%2C247&ssl=1",370,247,true]},"uagb_author_info":{"display_name":"ismaelcolosi.com.br","author_link":"https:\/\/ismaelcolosi.com.br\/index.php\/author\/vidareal-online\/"},"uagb_comment_info":0,"uagb_excerpt":"A vibrante capital da Bahia, Salvador, \u00e9 um caldeir\u00e3o cultural onde hist\u00f3ria, arte e tradi\u00e7\u00f5es se entrela\u00e7am, criando uma experi\u00eancia \u00fanica para os turistas. Conhecida...","jetpack-related-posts":[{"id":7788,"url":"https:\/\/ismaelcolosi.com.br\/index.php\/2023\/11\/28\/ela-se-casou-com-o-irmao-da-irma-e-explicacao-viralizou-nas-redes-sociais\/","url_meta":{"origin":21874,"position":0},"title":"Ela se casou com o irm\u00e3o da irm\u00e3 e explica\u00e7\u00e3o viralizou nas redes sociais","author":"ismaelcolosi.com.br","date":"28 de November de 2023","format":false,"excerpt":"Num enredo que poderia facilmente pertencer a um roteiro dram\u00e1tico, a advogada Ariadne Bastos, de 27 anos, conheceu o amor no irm\u00e3o de sua meia-irm\u00e3, Carlos Bastos.No entanto, a particularidade dessa uni\u00e3o reside no fato de n\u00e3o haver parentesco direto entre o casal. Uma narrativa complexa e inusitada come\u00e7ou em\u2026","rel":"","context":"In &quot;Blog&quot;","block_context":{"text":"Blog","link":"https:\/\/ismaelcolosi.com.br\/index.php\/category\/blog\/"},"img":{"alt_text":"","src":"https:\/\/i0.wp.com\/ismaelcolosi.com.br\/wp-content\/uploads\/2023\/11\/postimg-656672fad55ea9764.jpg?fit=1200%2C628&ssl=1&resize=350%2C200","width":350,"height":200,"srcset":"https:\/\/i0.wp.com\/ismaelcolosi.com.br\/wp-content\/uploads\/2023\/11\/postimg-656672fad55ea9764.jpg?fit=1200%2C628&ssl=1&resize=350%2C200 1x, https:\/\/i0.wp.com\/ismaelcolosi.com.br\/wp-content\/uploads\/2023\/11\/postimg-656672fad55ea9764.jpg?fit=1200%2C628&ssl=1&resize=525%2C300 1.5x, https:\/\/i0.wp.com\/ismaelcolosi.com.br\/wp-content\/uploads\/2023\/11\/postimg-656672fad55ea9764.jpg?fit=1200%2C628&ssl=1&resize=700%2C400 2x, https:\/\/i0.wp.com\/ismaelcolosi.com.br\/wp-content\/uploads\/2023\/11\/postimg-656672fad55ea9764.jpg?fit=1200%2C628&ssl=1&resize=1050%2C600 3x"},"classes":[]},{"id":19437,"url":"https:\/\/ismaelcolosi.com.br\/index.php\/2023\/12\/22\/tudo-o-que-sabemos-sobre-a-passagem-de-beyonce-na-bahia\/","url_meta":{"origin":21874,"position":1},"title":"Tudo o que sabemos sobre a passagem de Beyonc\u00e9 na Bahia","author":"ismaelcolosi.com.br","date":"22 de December de 2023","format":false,"excerpt":"Cr\u00e9ditos: Reprodu\u00e7\u00e3o\/Instagram\/@beyonceBeyonc\u00e9 visitou o Brasil de surpresa na quinta-feira, 21 Uma not\u00edcia parou a internet na noite de quinta-feira, 21. O motivo? A cantora norte-americana Beyonc\u00e9 desembarcou de surpresa em solo brasileiro, mais precisamente em Salvador, Bahia, para a estreia do filme \u201cRenaissance: A Filme by Beyonc\u00e9\u201d, que documenta os\u2026","rel":"","context":"In &quot;Variedades&quot;","block_context":{"text":"Variedades","link":"https:\/\/ismaelcolosi.com.br\/index.php\/category\/variedades\/"},"img":{"alt_text":"","src":"https:\/\/i0.wp.com\/ismaelcolosi.com.br\/wp-content\/uploads\/2023\/12\/snapinstaapp-410856148-18453675754008035-1083854894908563526-n-1080-e1703256541345.jpg?fit=1200%2C638&ssl=1&resize=350%2C200","width":350,"height":200,"srcset":"https:\/\/i0.wp.com\/ismaelcolosi.com.br\/wp-content\/uploads\/2023\/12\/snapinstaapp-410856148-18453675754008035-1083854894908563526-n-1080-e1703256541345.jpg?fit=1200%2C638&ssl=1&resize=350%2C200 1x, https:\/\/i0.wp.com\/ismaelcolosi.com.br\/wp-content\/uploads\/2023\/12\/snapinstaapp-410856148-18453675754008035-1083854894908563526-n-1080-e1703256541345.jpg?fit=1200%2C638&ssl=1&resize=525%2C300 1.5x, https:\/\/i0.wp.com\/ismaelcolosi.com.br\/wp-content\/uploads\/2023\/12\/snapinstaapp-410856148-18453675754008035-1083854894908563526-n-1080-e1703256541345.jpg?fit=1200%2C638&ssl=1&resize=700%2C400 2x, https:\/\/i0.wp.com\/ismaelcolosi.com.br\/wp-content\/uploads\/2023\/12\/snapinstaapp-410856148-18453675754008035-1083854894908563526-n-1080-e1703256541345.jpg?fit=1200%2C638&ssl=1&resize=1050%2C600 3x"},"classes":[]},{"id":22548,"url":"https:\/\/ismaelcolosi.com.br\/index.php\/2023\/12\/30\/boipeba-passa-a-receber-voos-de-salvador-veja-precos\/","url_meta":{"origin":21874,"position":2},"title":"Boipeba passa a receber voos de Salvador; veja pre\u00e7os","author":"ismaelcolosi.com.br","date":"30 de December de 2023","format":false,"excerpt":"Chegar a paradis\u00edaca ilha de Boipeba, no munic\u00edpio de Cairu, na Costa do Dend\u00ea, na Bahia, agora est\u00e1 mais f\u00e1cil. A Abaet\u00e9 Linhas A\u00e9reas inaugurou no \u00faltimo dia 14 de dezembro voo direto que liga Salvador a Boipeba. A viagem dura 25 minutos e oferece uma vis\u00e3o panor\u00e2mica durante todo\u2026","rel":"","context":"In &quot;Variedades&quot;","block_context":{"text":"Variedades","link":"https:\/\/ismaelcolosi.com.br\/index.php\/category\/variedades\/"},"img":{"alt_text":"","src":"https:\/\/i0.wp.com\/ismaelcolosi.com.br\/wp-content\/uploads\/2023\/12\/boipeba-bahia.jpg?fit=1200%2C638&ssl=1&resize=350%2C200","width":350,"height":200,"srcset":"https:\/\/i0.wp.com\/ismaelcolosi.com.br\/wp-content\/uploads\/2023\/12\/boipeba-bahia.jpg?fit=1200%2C638&ssl=1&resize=350%2C200 1x, https:\/\/i0.wp.com\/ismaelcolosi.com.br\/wp-content\/uploads\/2023\/12\/boipeba-bahia.jpg?fit=1200%2C638&ssl=1&resize=525%2C300 1.5x, https:\/\/i0.wp.com\/ismaelcolosi.com.br\/wp-content\/uploads\/2023\/12\/boipeba-bahia.jpg?fit=1200%2C638&ssl=1&resize=700%2C400 2x, https:\/\/i0.wp.com\/ismaelcolosi.com.br\/wp-content\/uploads\/2023\/12\/boipeba-bahia.jpg?fit=1200%2C638&ssl=1&resize=1050%2C600 3x"},"classes":[]},{"id":29885,"url":"https:\/\/ismaelcolosi.com.br\/index.php\/2024\/01\/19\/crianca-de-4-anos-perde-a-vida-dentro-de-apartamento-consumido-pelo-fogo-e-bombeiro-expoe-situacao-perturbadora\/","url_meta":{"origin":21874,"position":3},"title":"Crian\u00e7a de 4 anos perde a vida dentro de apartamento consumido pelo fogo; e bombeiro exp\u00f5e situa\u00e7\u00e3o perturbadora","author":"ismaelcolosi.com.br","date":"19 de January de 2024","format":false,"excerpt":"Uma fam\u00edlia vitimada por uma trag\u00e9dia chora a dor do luto por causa da perda de um ente querido que morreu de forma cruel.Em decorr\u00eancia do incidente, uma crian\u00e7a, de quatro anos, morreu e seu pai ficou ferido em um inc\u00eandio que consumiu um apartamento localizado na cidade de Lauro\u2026","rel":"","context":"In &quot;Blog&quot;","block_context":{"text":"Blog","link":"https:\/\/ismaelcolosi.com.br\/index.php\/category\/blog\/"},"img":{"alt_text":"","src":"https:\/\/i0.wp.com\/ismaelcolosi.com.br\/wp-content\/uploads\/2024\/01\/postimg-65aab2aa95aa55358.jpg?fit=1200%2C628&ssl=1&resize=350%2C200","width":350,"height":200,"srcset":"https:\/\/i0.wp.com\/ismaelcolosi.com.br\/wp-content\/uploads\/2024\/01\/postimg-65aab2aa95aa55358.jpg?fit=1200%2C628&ssl=1&resize=350%2C200 1x, https:\/\/i0.wp.com\/ismaelcolosi.com.br\/wp-content\/uploads\/2024\/01\/postimg-65aab2aa95aa55358.jpg?fit=1200%2C628&ssl=1&resize=525%2C300 1.5x, https:\/\/i0.wp.com\/ismaelcolosi.com.br\/wp-content\/uploads\/2024\/01\/postimg-65aab2aa95aa55358.jpg?fit=1200%2C628&ssl=1&resize=700%2C400 2x, https:\/\/i0.wp.com\/ismaelcolosi.com.br\/wp-content\/uploads\/2024\/01\/postimg-65aab2aa95aa55358.jpg?fit=1200%2C628&ssl=1&resize=1050%2C600 3x"},"classes":[]},{"id":12366,"url":"https:\/\/ismaelcolosi.com.br\/index.php\/2023\/12\/07\/flixbus-tem-passagens-de-sao-paulo-a-salvador-a-partir-de-r-3999\/","url_meta":{"origin":21874,"position":4},"title":"FlixBus tem passagens de S\u00e3o Paulo a Salvador a partir de R$ 39,99","author":"ismaelcolosi.com.br","date":"7 de December de 2023","format":false,"excerpt":"A FlixBus Brasil anunciou a expans\u00e3o das opera\u00e7\u00f5es entre as regi\u00f5es Sudeste e Nordeste. Em parceria com a Catedral, a empresa passa a operar a linha S\u00e3o Paulo (SP) a Salvador (BA). Para celebrar a nova rota, a FlixBus Brasil lan\u00e7ou passagens promocionais a partir de R$ 39,99 para todas\u2026","rel":"","context":"In &quot;Variedades&quot;","block_context":{"text":"Variedades","link":"https:\/\/ismaelcolosi.com.br\/index.php\/category\/variedades\/"},"img":{"alt_text":"","src":"https:\/\/i0.wp.com\/ismaelcolosi.com.br\/wp-content\/uploads\/2023\/12\/salvador-baia-de-todos-os-santos.jpg?fit=1200%2C638&ssl=1&resize=350%2C200","width":350,"height":200,"srcset":"https:\/\/i0.wp.com\/ismaelcolosi.com.br\/wp-content\/uploads\/2023\/12\/salvador-baia-de-todos-os-santos.jpg?fit=1200%2C638&ssl=1&resize=350%2C200 1x, https:\/\/i0.wp.com\/ismaelcolosi.com.br\/wp-content\/uploads\/2023\/12\/salvador-baia-de-todos-os-santos.jpg?fit=1200%2C638&ssl=1&resize=525%2C300 1.5x, https:\/\/i0.wp.com\/ismaelcolosi.com.br\/wp-content\/uploads\/2023\/12\/salvador-baia-de-todos-os-santos.jpg?fit=1200%2C638&ssl=1&resize=700%2C400 2x, https:\/\/i0.wp.com\/ismaelcolosi.com.br\/wp-content\/uploads\/2023\/12\/salvador-baia-de-todos-os-santos.jpg?fit=1200%2C638&ssl=1&resize=1050%2C600 3x"},"classes":[]},{"id":22114,"url":"https:\/\/ismaelcolosi.com.br\/index.php\/2023\/12\/29\/os-10-destinos-mais-buscados-pelos-brasileiros-no-google\/","url_meta":{"origin":21874,"position":5},"title":"Os 10 destinos mais buscados pelos brasileiros no Google","author":"ismaelcolosi.com.br","date":"29 de December de 2023","format":false,"excerpt":"Levantamento do Google apontou os dez destinos tur\u00edsticos mais buscados pelos brasileiros na plataforma entre os meses de janeiro e in\u00edcio de dezembro de 2023. A pesquisa, publicada no portal G1, revela que das dez cidades da lista, cinco est\u00e3o no Nordeste, duas do Sudeste e duas do Sul, al\u00e9m\u2026","rel":"","context":"In &quot;Variedades&quot;","block_context":{"text":"Variedades","link":"https:\/\/ismaelcolosi.com.br\/index.php\/category\/variedades\/"},"img":{"alt_text":"","src":"https:\/\/i0.wp.com\/ismaelcolosi.com.br\/wp-content\/uploads\/2023\/12\/porto-seguro-divulgacao-cvc-scaled.jpg?fit=1200%2C638&ssl=1&resize=350%2C200","width":350,"height":200,"srcset":"https:\/\/i0.wp.com\/ismaelcolosi.com.br\/wp-content\/uploads\/2023\/12\/porto-seguro-divulgacao-cvc-scaled.jpg?fit=1200%2C638&ssl=1&resize=350%2C200 1x, https:\/\/i0.wp.com\/ismaelcolosi.com.br\/wp-content\/uploads\/2023\/12\/porto-seguro-divulgacao-cvc-scaled.jpg?fit=1200%2C638&ssl=1&resize=525%2C300 1.5x, https:\/\/i0.wp.com\/ismaelcolosi.com.br\/wp-content\/uploads\/2023\/12\/porto-seguro-divulgacao-cvc-scaled.jpg?fit=1200%2C638&ssl=1&resize=700%2C400 2x, https:\/\/i0.wp.com\/ismaelcolosi.com.br\/wp-content\/uploads\/2023\/12\/porto-seguro-divulgacao-cvc-scaled.jpg?fit=1200%2C638&ssl=1&resize=1050%2C600 3x"},"classes":[]}],"jetpack_sharing_enabled":true,"jetpack_shortlink":"https:\/\/wp.me\/pfMlyK-5GO","_links":{"self":[{"href":"https:\/\/ismaelcolosi.com.br\/index.php\/wp-json\/wp\/v2\/posts\/21874","targetHints":{"allow":["GET"]}}],"collection":[{"href":"https:\/\/ismaelcolosi.com.br\/index.php\/wp-json\/wp\/v2\/posts"}],"about":[{"href":"https:\/\/ismaelcolosi.com.br\/index.php\/wp-json\/wp\/v2\/types\/post"}],"author":[{"embeddable":true,"href":"https:\/\/ismaelcolosi.com.br\/index.php\/wp-json\/wp\/v2\/users\/1"}],"replies":[{"embeddable":true,"href":"https:\/\/ismaelcolosi.com.br\/index.php\/wp-json\/wp\/v2\/comments?post=21874"}],"version-history":[{"count":0,"href":"https:\/\/ismaelcolosi.com.br\/index.php\/wp-json\/wp\/v2\/posts\/21874\/revisions"}],"wp:featuredmedia":[{"embeddable":true,"href":"https:\/\/ismaelcolosi.com.br\/index.php\/wp-json\/wp\/v2\/media\/21875"}],"wp:attachment":[{"href":"https:\/\/ismaelcolosi.com.br\/index.php\/wp-json\/wp\/v2\/media?parent=21874"}],"wp:term":[{"taxonomy":"category","embeddable":true,"href":"https:\/\/ismaelcolosi.com.br\/index.php\/wp-json\/wp\/v2\/categories?post=21874"},{"taxonomy":"post_tag","embeddable":true,"href":"https:\/\/ismaelcolosi.com.br\/index.php\/wp-json\/wp\/v2\/tags?post=21874"}],"curies":[{"name":"wp","href":"https:\/\/api.w.org\/{rel}","templated":true}]}}