{"id":21779,"date":"2023-12-28T13:45:14","date_gmt":"2023-12-28T16:45:14","guid":{"rendered":"https:\/\/ismaelcolosi.com.br\/index.php\/2023\/12\/28\/politica-nacional-de-ciberseguranca-ja-esta-vigorando-no-brasil\/"},"modified":"2023-12-28T13:45:14","modified_gmt":"2023-12-28T16:45:14","slug":"politica-nacional-de-ciberseguranca-ja-esta-vigorando-no-brasil","status":"publish","type":"post","link":"https:\/\/ismaelcolosi.com.br\/index.php\/2023\/12\/28\/politica-nacional-de-ciberseguranca-ja-esta-vigorando-no-brasil\/","title":{"rendered":"Pol\u00edtica Nacional de Ciberseguran\u00e7a j\u00e1 est\u00e1 vigorando no Brasil\u00a0"},"content":{"rendered":"<p> <br \/>\n<\/p>\n<div id=\"\">\n<p> <span class=\"entry-meta-item penci-posted-on\"><i class=\"fa fa-clock-o\"\/><time class=\"entry-date published\" datetime=\"2023-12-28T13:00:23-03:00\">28 de dezembro de 2023 | 13:00<\/time><time class=\"updated\" datetime=\"2023-12-28T08:54:09-03:00\">28 de dezembro de 2023 | 8:54<\/time><\/span><\/p>\n<p> <span class=\"penci-social-buttons penci-social-share-footer\"><a href=\"#\" class=\"penci-post-like penci_post-meta_item  single-like-button penci-social-item like\" data-post_id=\"368636\" title=\"Like\" data-like=\"Like\" data-unlike=\"Unlike\"><i class=\"fa fa-thumbs-o-up\"\/><span class=\"penci-share-number\">0<\/span><\/a><i class=\"fa fa-facebook\"\/><a class=\"penci-social-item twitter\" target=\"_blank\" rel=\"noopener\" title=\"\" href=\"https:\/\/twitter.com\/intent\/tweet?text=Pol\u00edtica%20Nacional%20de%20Ciberseguran\u00e7a%20j\u00e1%20est\u00e1%20vigorando%20no%20Brasil\u00a0%20-%20https:\/\/www.tribunaribeirao.com.br\/site\/politica-nacional-de-ciberseguranca-ja-esta-vigorando-no-brasil\/\"><i class=\"fa fa-twitter\"\/><\/a><i class=\"fa fa-whatsapp\"\/><\/span><\/div>\n<div>\n<p><span data-contrast=\"auto\">Decreto presidencial publicado no Di\u00e1rio Oficial da Uni\u00e3o desta quarta-feira (27) institui a Pol\u00edtica Nacional de Ciberseguran\u00e7a (PNCiber), que ter\u00e1 como finalidade orientar a atividade de seguran\u00e7a cibern\u00e9tica no pa\u00eds.<\/span><span data-ccp-props=\"{&quot;201341983&quot;:0,&quot;335559739&quot;:160,&quot;335559740&quot;:259}\">\u00a0<\/span><\/p><div class='code-block code-block-8' style='margin: 8px auto; text-align: center; display: block; clear: both;'>\n<script>\n  atOptions = {\n    'key' : '66e2e2111ca34da796271819fc334058',\n    'format' : 'iframe',\n    'height' : 250,\n    'width' : 300,\n    'params' : {}\n  };\n<\/script>\n<script src=\"https:\/\/www.highperformanceformat.com\/66e2e2111ca34da796271819fc334058\/invoke.js\"><\/script>\n<\/div>\n\n<p><span data-contrast=\"auto\">O decreto, assinado pelo presidente Luiz In\u00e1cio Lula da Silva, institui tamb\u00e9m o Comit\u00ea Nacional de Ciberseguran\u00e7a (CNCiber), grupo ao qual caber\u00e1 propor atualiza\u00e7\u00f5es tanto para o PNCiber como para seus instrumentos, no caso, a Estrat\u00e9gia Nacional (e-Ciber) e o Plano Nacional de Ciberseguran\u00e7a (p-Ciber).<\/span><span data-ccp-props=\"{&quot;201341983&quot;:0,&quot;335559739&quot;:160,&quot;335559740&quot;:259}\">\u00a0<\/span><\/p>\n<p><span data-contrast=\"auto\">Caber\u00e1 tamb\u00e9m ao comit\u00ea sugerir estrat\u00e9gias de colabora\u00e7\u00e3o para coopera\u00e7\u00f5es t\u00e9cnicas internacionais na \u00e1rea de crimes cibern\u00e9ticos. A secretaria-executiva do CNCiber ser\u00e1 exercida pelo Gabinete de Seguran\u00e7a Institucional da Presid\u00eancia da Rep\u00fablica (GSI).<\/span><span data-ccp-props=\"{&quot;201341983&quot;:0,&quot;335559739&quot;:160,&quot;335559740&quot;:259}\">\u00a0<\/span><\/p>\n<p><span data-contrast=\"auto\">A composi\u00e7\u00e3o do CNCiber ser\u00e1 formada basicamente por representantes do governo, da sociedade civil, de institui\u00e7\u00f5es cient\u00edficas e de entidades do setor empresarial. O grupo se reunir\u00e1 trimestralmente.<\/span><span data-ccp-props=\"{&quot;201341983&quot;:0,&quot;335559739&quot;:160,&quot;335559740&quot;:259}\">\u00a0<\/span><\/p>\n<p><b><span data-contrast=\"auto\">Objetivos<\/span><\/b><span data-ccp-props=\"{&quot;201341983&quot;:0,&quot;335559739&quot;:160,&quot;335559740&quot;:259}\">\u00a0<\/span><\/p>\n<p><span data-contrast=\"auto\">Entre os princ\u00edpios e objetivos detalhados pelo decreto presidencial para o PNCiber est\u00e1 o desenvolvimento de mecanismos de regula\u00e7\u00e3o, fiscaliza\u00e7\u00e3o e controle para aprimorar a seguran\u00e7a e a resili\u00eancia cibern\u00e9ticas nacionais; e a promo\u00e7\u00e3o ao desenvolvimento de produtos, servi\u00e7os e tecnologias de car\u00e1ter nacional, destinados \u00e0 ciberseguran\u00e7a.<\/span><span data-ccp-props=\"{&quot;201341983&quot;:0,&quot;335559739&quot;:160,&quot;335559740&quot;:259}\">\u00a0<\/span><\/p>\n<p><span data-contrast=\"auto\">\u00c9 tamb\u00e9m objetivo da pol\u00edtica garantir a confidencialidade, a integridade, a autenticidade e a disponibilidade das solu\u00e7\u00f5es e dos dados utilizados para o processamento, o armazenamento e a transmiss\u00e3o eletr\u00f4nica ou digital de informa\u00e7\u00f5es; bem como fortalecer a atua\u00e7\u00e3o diligente no ciberespa\u00e7o, especialmente das crian\u00e7as, dos adolescentes e dos idosos, e desenvolver a educa\u00e7\u00e3o e a capacita\u00e7\u00e3o t\u00e9cnico-profissional em seguran\u00e7a cibern\u00e9tica na sociedade.<\/span><span data-ccp-props=\"{&quot;201341983&quot;:0,&quot;335559739&quot;:160,&quot;335559740&quot;:259}\">\u00a0<\/span><\/p>\n<p><span data-contrast=\"auto\">Outros objetivos previstos s\u00e3o o de fomentar as atividades de pesquisa cient\u00edfica, de desenvolvimento tecnol\u00f3gico e de inova\u00e7\u00e3o, relacionadas \u00e0 \u00e1rea; e o de incrementar a atua\u00e7\u00e3o coordenada e o interc\u00e2mbio de informa\u00e7\u00f5es de seguran\u00e7a cibern\u00e9tica entre os Tr\u00eas Poderes, bem como entre entes da federa\u00e7\u00e3o, setor privado e sociedade.<\/span><span data-ccp-props=\"{&quot;201341983&quot;:0,&quot;335559739&quot;:160,&quot;335559740&quot;:259}\">\u00a0<\/span><\/p>\n<p><span data-ccp-props=\"{&quot;201341983&quot;:0,&quot;335559739&quot;:160,&quot;335559740&quot;:259}\">\u00a0<\/span><\/p>\n<p>\u00a0<\/p>\n<\/div>\n<p><script async src=\"\/\/platform.twitter.com\/widgets.js\" charset=\"utf-8\"><\/script><br \/>\n<br \/><br \/>\n<br \/><a href=\"https:\/\/www.tribunaribeirao.com.br\/site\/politica-nacional-de-ciberseguranca-ja-esta-vigorando-no-brasil\/\">Source link <\/a><\/p>\n<div class='code-block code-block-4' style='margin: 8px auto 8px 0; text-align: left; display: block; clear: both;'>\n\ud83d\udce2 Aviso Legal\n\nO site ismaelcolosi.com.br atua apenas como um canal de divulga\u00e7\u00e3o de oportunidades de emprego e n\u00e3o se responsabiliza pelo processo seletivo, contrata\u00e7\u00e3o ou qualquer outra etapa relacionada \u00e0s vagas publicadas. Todas as informa\u00e7\u00f5es s\u00e3o de responsabilidade dos anunciantes.\n\n\u26a0\ufe0f Aten\u00e7\u00e3o! Nunca pague por promessas de emprego nem compre cursos que garantam contrata\u00e7\u00e3o. Desconfie de qualquer cobran\u00e7a para participar de sele\u00e7\u00f5es.\n\n\n\n<\/div>\n<!-- CONTENT END 1 -->\n","protected":false},"excerpt":{"rendered":"<p>28 de dezembro de 2023 | 13:0028 de dezembro de 2023 | 8:54 0 Decreto presidencial publicado no Di\u00e1rio Oficial da Uni\u00e3o desta quarta-feira (27)&#8230;<\/p>\n","protected":false},"author":1,"featured_media":21780,"comment_status":"open","ping_status":"open","sticky":false,"template":"","format":"standard","meta":{"_uag_custom_page_level_css":"","advanced_seo_description":"","jetpack_seo_html_title":"","jetpack_seo_noindex":false,"jetpack_post_was_ever_published":false,"_jetpack_newsletter_access":"","_jetpack_dont_email_post_to_subs":false,"_jetpack_newsletter_tier_id":0,"_jetpack_memberships_contains_paywalled_content":false,"_jetpack_memberships_contains_paid_content":false,"footnotes":"","jetpack_publicize_message":"","jetpack_publicize_feature_enabled":true,"jetpack_social_post_already_shared":true,"jetpack_social_options":{"image_generator_settings":{"template":"highway","default_image_id":0,"font":"","enabled":false},"version":2}},"categories":[11],"tags":[137,2752,656,292,721,1626,2753],"class_list":["post-21779","post","type-post","status-publish","format-standard","has-post-thumbnail","hentry","category-noticias-de-ribeirao-preto-sp-e-regiao-ismael-colosi","tag-brasil","tag-ciberseguranca","tag-esta","tag-ja","tag-nacional","tag-politica","tag-vigorando"],"jetpack_publicize_connections":[],"jetpack_featured_media_url":"https:\/\/i0.wp.com\/ismaelcolosi.com.br\/wp-content\/uploads\/2023\/12\/2cciberdefesa-elza-fiuza-scaled.jpg?fit=1000%2C598&ssl=1","uagb_featured_image_src":{"full":["https:\/\/i0.wp.com\/ismaelcolosi.com.br\/wp-content\/uploads\/2023\/12\/2cciberdefesa-elza-fiuza-scaled.jpg?fit=1000%2C598&ssl=1",1000,598,false],"thumbnail":["https:\/\/i0.wp.com\/ismaelcolosi.com.br\/wp-content\/uploads\/2023\/12\/2cciberdefesa-elza-fiuza-scaled.jpg?resize=150%2C150&ssl=1",150,150,true],"medium":["https:\/\/i0.wp.com\/ismaelcolosi.com.br\/wp-content\/uploads\/2023\/12\/2cciberdefesa-elza-fiuza-scaled.jpg?fit=300%2C179&ssl=1",300,179,true],"medium_large":["https:\/\/i0.wp.com\/ismaelcolosi.com.br\/wp-content\/uploads\/2023\/12\/2cciberdefesa-elza-fiuza-scaled.jpg?fit=768%2C459&ssl=1",768,459,true],"large":["https:\/\/i0.wp.com\/ismaelcolosi.com.br\/wp-content\/uploads\/2023\/12\/2cciberdefesa-elza-fiuza-scaled.jpg?fit=1000%2C598&ssl=1",1000,598,true],"1536x1536":["https:\/\/i0.wp.com\/ismaelcolosi.com.br\/wp-content\/uploads\/2023\/12\/2cciberdefesa-elza-fiuza-scaled.jpg?fit=1000%2C598&ssl=1",1000,598,true],"2048x2048":["https:\/\/i0.wp.com\/ismaelcolosi.com.br\/wp-content\/uploads\/2023\/12\/2cciberdefesa-elza-fiuza-scaled.jpg?fit=1000%2C598&ssl=1",1000,598,true],"really-simple-thumb":["https:\/\/i0.wp.com\/ismaelcolosi.com.br\/wp-content\/uploads\/2023\/12\/2cciberdefesa-elza-fiuza-scaled.jpg?resize=370%2C247&ssl=1",370,247,true]},"uagb_author_info":{"display_name":"ismaelcolosi.com.br","author_link":"https:\/\/ismaelcolosi.com.br\/index.php\/author\/vidareal-online\/"},"uagb_comment_info":0,"uagb_excerpt":"28 de dezembro de 2023 | 13:0028 de dezembro de 2023 | 8:54 0 Decreto presidencial publicado no Di\u00e1rio Oficial da Uni\u00e3o desta quarta-feira (27)...","jetpack-related-posts":[{"id":8898,"url":"https:\/\/ismaelcolosi.com.br\/index.php\/2023\/12\/01\/ntt-lanca-curso-gratuito-e-online-de-ciberseguranca-para-mulheres\/","url_meta":{"origin":21779,"position":0},"title":"NTT lan\u00e7a curso gratuito e online de ciberseguran\u00e7a para mulheres","author":"ismaelcolosi.com.br","date":"1 de December de 2023","format":false,"excerpt":"Com objetivo de inserir mulheres na promissora \u00e1rea da seguran\u00e7a cibern\u00e9tica, a empresa NTT Ltd. lan\u00e7ou um curso gratuito 100% online com 500 vagas. Em parceria com a WOMCY, Latam Woman in Cybersecurity (organiza\u00e7\u00e3o sem fins lucrativos com foco no desenvolvimento de mulheres no mercado de ciberseguran\u00e7a), a companhia vai\u2026","rel":"","context":"In &quot;Variedades&quot;","block_context":{"text":"Variedades","link":"https:\/\/ismaelcolosi.com.br\/index.php\/category\/variedades\/"},"img":{"alt_text":"","src":"https:\/\/i0.wp.com\/ismaelcolosi.com.br\/wp-content\/uploads\/2023\/12\/ciberseguranca-cursos-gratuitos.jpg?fit=1200%2C638&ssl=1&resize=350%2C200","width":350,"height":200,"srcset":"https:\/\/i0.wp.com\/ismaelcolosi.com.br\/wp-content\/uploads\/2023\/12\/ciberseguranca-cursos-gratuitos.jpg?fit=1200%2C638&ssl=1&resize=350%2C200 1x, https:\/\/i0.wp.com\/ismaelcolosi.com.br\/wp-content\/uploads\/2023\/12\/ciberseguranca-cursos-gratuitos.jpg?fit=1200%2C638&ssl=1&resize=525%2C300 1.5x, https:\/\/i0.wp.com\/ismaelcolosi.com.br\/wp-content\/uploads\/2023\/12\/ciberseguranca-cursos-gratuitos.jpg?fit=1200%2C638&ssl=1&resize=700%2C400 2x, https:\/\/i0.wp.com\/ismaelcolosi.com.br\/wp-content\/uploads\/2023\/12\/ciberseguranca-cursos-gratuitos.jpg?fit=1200%2C638&ssl=1&resize=1050%2C600 3x"},"classes":[]},{"id":85494,"url":"https:\/\/ismaelcolosi.com.br\/index.php\/2025\/05\/21\/empresas-pagam-mais-por-candidatos-com-certificacao-em-ia\/","url_meta":{"origin":21779,"position":1},"title":"Empresas Pagam Mais por Candidatos com Certifica\u00e7\u00e3o em IA","author":"ismaelcolosi.com.br","date":"21 de May de 2025","format":false,"excerpt":"\r \r No Brasil, 97% das empresas contrataram ao menos um profissional com microcredenciais em IA generativa no \u00faltimo ano\r Acessibilidade \r L\r L\r A-\r A+\r \r \u25d0\r \r \u00a0 Incluir certifica\u00e7\u00f5es\u00a0em intelig\u00eancia artificial generativa no curr\u00edculo pode ser o suficiente para aumentar as chances de contrata\u00e7\u00e3o e garantir um\u2026","rel":"","context":"In &quot;Carreira e Sucesso&quot;","block_context":{"text":"Carreira e Sucesso","link":"https:\/\/ismaelcolosi.com.br\/index.php\/category\/carreira-e-sucesso-dicas-para-carreira\/"},"img":{"alt_text":"","src":"https:\/\/i0.wp.com\/ismaelcolosi.com.br\/wp-content\/uploads\/2025\/05\/carreira-ia-generativa-1200x675.jpg?fit=1200%2C675&ssl=1&resize=350%2C200","width":350,"height":200,"srcset":"https:\/\/i0.wp.com\/ismaelcolosi.com.br\/wp-content\/uploads\/2025\/05\/carreira-ia-generativa-1200x675.jpg?fit=1200%2C675&ssl=1&resize=350%2C200 1x, https:\/\/i0.wp.com\/ismaelcolosi.com.br\/wp-content\/uploads\/2025\/05\/carreira-ia-generativa-1200x675.jpg?fit=1200%2C675&ssl=1&resize=525%2C300 1.5x, https:\/\/i0.wp.com\/ismaelcolosi.com.br\/wp-content\/uploads\/2025\/05\/carreira-ia-generativa-1200x675.jpg?fit=1200%2C675&ssl=1&resize=700%2C400 2x, https:\/\/i0.wp.com\/ismaelcolosi.com.br\/wp-content\/uploads\/2025\/05\/carreira-ia-generativa-1200x675.jpg?fit=1200%2C675&ssl=1&resize=1050%2C600 3x"},"classes":[]},{"id":59215,"url":"https:\/\/ismaelcolosi.com.br\/index.php\/2024\/08\/07\/entenda-por-que-cargos-de-ciberseguranca-explodiram-no-brasil-segundo-o-linkedin\/","url_meta":{"origin":21779,"position":2},"title":"Entenda por que cargos de ciberseguran\u00e7a explodiram no Brasil, segundo o LinkedIn","author":"ismaelcolosi.com.br","date":"7 de August de 2024","format":false,"excerpt":"Laurence Dutton\/Getty ImagesEmbora a \u00e1rea continue sendo dominada por homens, que ainda ocupam 80% dos cargos em ciberseguran\u00e7a, a participa\u00e7\u00e3o das brasileiras foi a que mais cresceu no mundo, com um aumento de 4,45% no per\u00edodo Acessibilidade L L A- A+ \u25d0 O Brasil ficou entre os tr\u00eas principais pa\u00edses\u2026","rel":"","context":"In &quot;Carreira e Sucesso&quot;","block_context":{"text":"Carreira e Sucesso","link":"https:\/\/ismaelcolosi.com.br\/index.php\/category\/carreira-e-sucesso-dicas-para-carreira\/"},"img":{"alt_text":"","src":"https:\/\/i0.wp.com\/ismaelcolosi.com.br\/wp-content\/uploads\/2024\/08\/5_carreira_TI_IA_05112020_LaurenceDutton_getty-1536x1024-1-1024x683.jpg?fit=1024%2C683&ssl=1&resize=350%2C200","width":350,"height":200,"srcset":"https:\/\/i0.wp.com\/ismaelcolosi.com.br\/wp-content\/uploads\/2024\/08\/5_carreira_TI_IA_05112020_LaurenceDutton_getty-1536x1024-1-1024x683.jpg?fit=1024%2C683&ssl=1&resize=350%2C200 1x, https:\/\/i0.wp.com\/ismaelcolosi.com.br\/wp-content\/uploads\/2024\/08\/5_carreira_TI_IA_05112020_LaurenceDutton_getty-1536x1024-1-1024x683.jpg?fit=1024%2C683&ssl=1&resize=525%2C300 1.5x, https:\/\/i0.wp.com\/ismaelcolosi.com.br\/wp-content\/uploads\/2024\/08\/5_carreira_TI_IA_05112020_LaurenceDutton_getty-1536x1024-1-1024x683.jpg?fit=1024%2C683&ssl=1&resize=700%2C400 2x"},"classes":[]},{"id":59217,"url":"https:\/\/ismaelcolosi.com.br\/index.php\/2024\/08\/07\/entenda-por-que-cargos-de-ciberseguranca-explodiram-no-brasil-segundo-o-linkedin-2\/","url_meta":{"origin":21779,"position":3},"title":"Entenda por que cargos de ciberseguran\u00e7a explodiram no Brasil, segundo o LinkedIn","author":"ismaelcolosi.com.br","date":"7 de August de 2024","format":false,"excerpt":"Laurence Dutton\/Getty ImagesEmbora a \u00e1rea continue sendo dominada por homens, que ainda ocupam 80% dos cargos em ciberseguran\u00e7a, a participa\u00e7\u00e3o das brasileiras foi a que mais cresceu no mundo, com um aumento de 4,45% no per\u00edodo Acessibilidade L L A- A+ \u25d0 O Brasil ficou entre os tr\u00eas principais pa\u00edses\u2026","rel":"","context":"In &quot;Carreira e Sucesso&quot;","block_context":{"text":"Carreira e Sucesso","link":"https:\/\/ismaelcolosi.com.br\/index.php\/category\/carreira-e-sucesso-dicas-para-carreira\/"},"img":{"alt_text":"","src":"https:\/\/i0.wp.com\/ismaelcolosi.com.br\/wp-content\/uploads\/2024\/08\/1723024586_5_carreira_TI_IA_05112020_LaurenceDutton_getty-1536x1024-1-1024x683.jpg?fit=1024%2C683&ssl=1&resize=350%2C200","width":350,"height":200,"srcset":"https:\/\/i0.wp.com\/ismaelcolosi.com.br\/wp-content\/uploads\/2024\/08\/1723024586_5_carreira_TI_IA_05112020_LaurenceDutton_getty-1536x1024-1-1024x683.jpg?fit=1024%2C683&ssl=1&resize=350%2C200 1x, https:\/\/i0.wp.com\/ismaelcolosi.com.br\/wp-content\/uploads\/2024\/08\/1723024586_5_carreira_TI_IA_05112020_LaurenceDutton_getty-1536x1024-1-1024x683.jpg?fit=1024%2C683&ssl=1&resize=525%2C300 1.5x, https:\/\/i0.wp.com\/ismaelcolosi.com.br\/wp-content\/uploads\/2024\/08\/1723024586_5_carreira_TI_IA_05112020_LaurenceDutton_getty-1536x1024-1-1024x683.jpg?fit=1024%2C683&ssl=1&resize=700%2C400 2x"},"classes":[]},{"id":13106,"url":"https:\/\/ismaelcolosi.com.br\/index.php\/2023\/12\/09\/o-brasil-na-lanterninha-da-educacao-mundial-por-que\/","url_meta":{"origin":21779,"position":4},"title":"O Brasil na lanterninha da educa\u00e7\u00e3o mundial. Por qu\u00ea?\u00a0","author":"ismaelcolosi.com.br","date":"9 de December de 2023","format":false,"excerpt":"9 de dezembro de 2023 | 8:158 de dezembro de 2023 | 15:52 0Jos\u00e9 Ant\u00f4nio Lages *Os resultados do\u202fPrograma Internacional de Avalia\u00e7\u00e3o de Alunos (Pisa) 2022 foram divulgados, no \u00faltimo dia 5, pelo\u202fInstituto Nacional de Estudos e Pesquisas Educacionais An\u00edsio Teixeira (Inep), pelo Minist\u00e9rio da Educa\u00e7\u00e3o e pela\u202fOrganiza\u00e7\u00e3o para a\u2026","rel":"","context":"In &quot;Not\u00edcias de Ribeir\u00e3o Preto-SP e Regi\u00e3o&quot;","block_context":{"text":"Not\u00edcias de Ribeir\u00e3o Preto-SP e Regi\u00e3o","link":"https:\/\/ismaelcolosi.com.br\/index.php\/category\/noticias-de-ribeirao-preto-sp-e-regiao-ismael-colosi\/"},"img":{"alt_text":"","src":"https:\/\/i0.wp.com\/ismaelcolosi.com.br\/wp-content\/uploads\/2023\/12\/Jose-Antonio-Lages.jpg?fit=700%2C450&ssl=1&resize=350%2C200","width":350,"height":200,"srcset":"https:\/\/i0.wp.com\/ismaelcolosi.com.br\/wp-content\/uploads\/2023\/12\/Jose-Antonio-Lages.jpg?fit=700%2C450&ssl=1&resize=350%2C200 1x, https:\/\/i0.wp.com\/ismaelcolosi.com.br\/wp-content\/uploads\/2023\/12\/Jose-Antonio-Lages.jpg?fit=700%2C450&ssl=1&resize=525%2C300 1.5x, https:\/\/i0.wp.com\/ismaelcolosi.com.br\/wp-content\/uploads\/2023\/12\/Jose-Antonio-Lages.jpg?fit=700%2C450&ssl=1&resize=700%2C400 2x"},"classes":[]},{"id":22365,"url":"https:\/\/ismaelcolosi.com.br\/index.php\/2023\/12\/29\/governo-edita-portaria-com-feriados-nacionais\/","url_meta":{"origin":21779,"position":5},"title":"Governo edita portaria com feriados nacionais\u00a0","author":"ismaelcolosi.com.br","date":"29 de December de 2023","format":false,"excerpt":"29 de dezembro de 2023 | 18:0029 de dezembro de 2023 | 10:44 0O Minist\u00e9rio da Gest\u00e3o e da Inova\u00e7\u00e3o em Servi\u00e7os P\u00fablicos editou portaria para divulgar os dias de feriados nacionais e estabelecer os que ser\u00e3o pontos facultativos em 2024. O ato est\u00e1 publicado no Di\u00e1rio Oficial da Uni\u00e3o\u2026","rel":"","context":"In &quot;Not\u00edcias de Ribeir\u00e3o Preto-SP e Regi\u00e3o&quot;","block_context":{"text":"Not\u00edcias de Ribeir\u00e3o Preto-SP e Regi\u00e3o","link":"https:\/\/ismaelcolosi.com.br\/index.php\/category\/noticias-de-ribeirao-preto-sp-e-regiao-ismael-colosi\/"},"img":{"alt_text":"","src":"https:\/\/i0.wp.com\/ismaelcolosi.com.br\/wp-content\/uploads\/2023\/12\/feriados.jpg?fit=418%2C334&ssl=1&resize=350%2C200","width":350,"height":200},"classes":[]}],"jetpack_sharing_enabled":true,"jetpack_shortlink":"https:\/\/wp.me\/pfMlyK-5Fh","_links":{"self":[{"href":"https:\/\/ismaelcolosi.com.br\/index.php\/wp-json\/wp\/v2\/posts\/21779","targetHints":{"allow":["GET"]}}],"collection":[{"href":"https:\/\/ismaelcolosi.com.br\/index.php\/wp-json\/wp\/v2\/posts"}],"about":[{"href":"https:\/\/ismaelcolosi.com.br\/index.php\/wp-json\/wp\/v2\/types\/post"}],"author":[{"embeddable":true,"href":"https:\/\/ismaelcolosi.com.br\/index.php\/wp-json\/wp\/v2\/users\/1"}],"replies":[{"embeddable":true,"href":"https:\/\/ismaelcolosi.com.br\/index.php\/wp-json\/wp\/v2\/comments?post=21779"}],"version-history":[{"count":0,"href":"https:\/\/ismaelcolosi.com.br\/index.php\/wp-json\/wp\/v2\/posts\/21779\/revisions"}],"wp:featuredmedia":[{"embeddable":true,"href":"https:\/\/ismaelcolosi.com.br\/index.php\/wp-json\/wp\/v2\/media\/21780"}],"wp:attachment":[{"href":"https:\/\/ismaelcolosi.com.br\/index.php\/wp-json\/wp\/v2\/media?parent=21779"}],"wp:term":[{"taxonomy":"category","embeddable":true,"href":"https:\/\/ismaelcolosi.com.br\/index.php\/wp-json\/wp\/v2\/categories?post=21779"},{"taxonomy":"post_tag","embeddable":true,"href":"https:\/\/ismaelcolosi.com.br\/index.php\/wp-json\/wp\/v2\/tags?post=21779"}],"curies":[{"name":"wp","href":"https:\/\/api.w.org\/{rel}","templated":true}]}}