{"id":21729,"date":"2023-12-28T11:22:59","date_gmt":"2023-12-28T14:22:59","guid":{"rendered":"https:\/\/ismaelcolosi.com.br\/index.php\/2023\/12\/28\/passeio-de-maria-fumaca-em-tiradentes-tem-horarios-especiais\/"},"modified":"2023-12-28T11:22:59","modified_gmt":"2023-12-28T14:22:59","slug":"passeio-de-maria-fumaca-em-tiradentes-tem-horarios-especiais","status":"publish","type":"post","link":"https:\/\/ismaelcolosi.com.br\/index.php\/2023\/12\/28\/passeio-de-maria-fumaca-em-tiradentes-tem-horarios-especiais\/","title":{"rendered":"Passeio de Maria Fuma\u00e7a em Tiradentes tem hor\u00e1rios especiais"},"content":{"rendered":"<p> <br \/>\n<\/p>\n<div>\n<p>Que tal voltar ao passado e fazer um passeio de Maria Fuma\u00e7a? O trem que liga as cidades mineiras de S\u00e3o Jo\u00e3o del Rei e Tiradentes est\u00e1 com hor\u00e1rios extras neste fim de ano.<\/p>\n<p>Neste per\u00edodo, ser\u00e3o disponibilizados 32 passeios em ambos os trechos. Apenas nos dias 24 e 25 de dezembro, bem como no 1\u00ba de janeiro de 2024, n\u00e3o haver\u00e1 circula\u00e7\u00e3o da Maria Fuma\u00e7a.<\/p>\n<div id=\"attachment_2000228\" class=\"wp-caption aligncenter\">\n<div class=\"d-flex justify-content-center\" data-attachment-id=\"2000228\">\n<div class=\"position-relative d-inline-block\"><img data-recalc-dims=\"1\" data-portal-copyright=\"Eduardo Rocha\/RR\" fetchpriority=\"high\" decoding=\"async\" class=\"wp-image-2000228\" src=\"https:\/\/i0.wp.com\/catracalivre.com.br\/wp-content\/uploads\/2020\/01\/maria-fumaca-tiradentes-sao-joao-del-rei-910x607.jpg?resize=800%2C533&#038;ssl=1\" alt=\"A Maria Fuma\u00e7a que liga as cidades de S\u00e3o Jo\u00e3o del Rei a Tiradentes, em Minas Gerais\" width=\"800\" height=\"533\" srcset=\"https:\/\/catracalivre.com.br\/wp-content\/uploads\/2020\/01\/maria-fumaca-tiradentes-sao-joao-del-rei-910x607.jpg 910w, https:\/\/catracalivre.com.br\/wp-content\/uploads\/2020\/01\/maria-fumaca-tiradentes-sao-joao-del-rei-450x300.jpg 450w, https:\/\/catracalivre.com.br\/wp-content\/uploads\/2020\/01\/maria-fumaca-tiradentes-sao-joao-del-rei-768x512.jpg 768w\" sizes=\"(max-width: 800px) 100vw, 800px\"\/><\/p>\n<p>Cr\u00e9ditos: Eduardo Rocha\/RR<\/p>\n<\/div>\n<\/div>\n<p><span class=\"post-imagem__legenda\">A Maria Fuma\u00e7a que liga as cidades de S\u00e3o Jo\u00e3o del Rei a Tiradentes, em Minas Gerais<\/span><\/p>\n<\/div>\n<p>O percurso dura cerca de 45 minutos e passa por fazendas centen\u00e1rias, rios, montanhas e esta\u00e7\u00f5es que preservam a arquitetura do s\u00e9culo 19.<\/p>\n<p>O trajeto \u00e9 feito por 12 km da antiga Estrada de Ferro Oeste de Minas (EFOM), inaugurada em 1881 por D. Pedro 2\u00ba. \u00danica no mundo que ainda circula em bitola de 76 cm, a Maria Fuma\u00e7a tem capacidade para transportar at\u00e9 250 passageiros por viagem.<\/p>\n<p>Os trens funcionam todos os dias, com sa\u00eddas de ambas as cidades pela manh\u00e3 e na parte da tarde. Em feriados, f\u00e9rias e durante eventos especiais, a VLI, respons\u00e1vel pela opera\u00e7\u00e3o, disponibiliza hor\u00e1rios extras.<\/p>\n<div id=\"attachment_2000229\" class=\"wp-caption aligncenter\">\n<div class=\"d-flex justify-content-center\" data-attachment-id=\"2000229\">\n<div class=\"position-relative d-inline-block\"><img data-recalc-dims=\"1\" loading=\"lazy\" data-portal-copyright=\"Divulga\u00e7\u00e3o\" decoding=\"async\" class=\"wp-image-2000229\" src=\"https:\/\/i0.wp.com\/catracalivre.com.br\/wp-content\/uploads\/2020\/01\/maria-fumaca-tiradentes-sao-joao-del-rei-interior.jpg?resize=800%2C495&#038;ssl=1\" alt=\"Interior da Maria Fuma\u00e7a; trem tur\u00edstico tem capacidade para transportar at\u00e9 250 passageiros por viagem\" width=\"800\" height=\"495\" srcset=\"https:\/\/catracalivre.com.br\/wp-content\/uploads\/2020\/01\/maria-fumaca-tiradentes-sao-joao-del-rei-interior.jpg 733w, https:\/\/catracalivre.com.br\/wp-content\/uploads\/2020\/01\/maria-fumaca-tiradentes-sao-joao-del-rei-interior-450x279.jpg 450w\" sizes=\"auto, (max-width: 800px) 100vw, 800px\"\/><\/p>\n<p>Cr\u00e9ditos: Divulga\u00e7\u00e3o<\/p>\n<\/div>\n<\/div>\n<p><span class=\"post-imagem__legenda\">Interior da Maria Fuma\u00e7a; trem tur\u00edstico tem capacidade para transportar at\u00e9 250 passageiros por viagem<\/span><\/p>\n<\/div>\n<p>A Maria Fuma\u00e7a conta com um vag\u00e3o adaptado para facilitar o acesso de cadeirantes. A entrada e uma rampa nas esta\u00e7\u00f5es t\u00eam melhorado n\u00e3o s\u00f3 a locomo\u00e7\u00e3o de pessoas com defici\u00eancia como tamb\u00e9m o acesso dos idosos.<\/p>\n<h3>Hist\u00f3ria da Maria Fuma\u00e7a<\/h3>\n<p>A rota cruza rios, montanhas e esta\u00e7\u00f5es que preservam a arquitetura do s\u00e9culo 19. No trajeto \u00e9 poss\u00edvel avistar belas paisagens, como o rio das Mortes e a Serra de S\u00e3o Jos\u00e9, \u00e1rea de preserva\u00e7\u00e3o ambiental tamb\u00e9m conhecida como Serra de Tiradentes.<\/p>\n<p>A esta\u00e7\u00e3o de S\u00e3o Jo\u00e3o Del-Rei \u00e9 uma atra\u00e7\u00e3o \u00e0 parte. No pr\u00e9dio, tamb\u00e9m constru\u00eddo no s\u00e9culo 19, funciona o Museu Ferrovi\u00e1rio inaugurado em 1981, ano do centen\u00e1rio da Estrada de Ferro Oeste de Minas.<\/p>\n<div id=\"attachment_2000230\" class=\"wp-caption aligncenter\">\n<div class=\"d-flex justify-content-center\" data-attachment-id=\"2000230\">\n<div class=\"position-relative d-inline-block\"><img data-recalc-dims=\"1\" loading=\"lazy\" data-portal-copyright=\"Divulga\u00e7\u00e3o\" decoding=\"async\" class=\"wp-image-2000230\" src=\"https:\/\/i0.wp.com\/catracalivre.com.br\/wp-content\/uploads\/2020\/01\/trem-turistico-vli-4-733x454-1.jpg?resize=800%2C495&#038;ssl=1\" alt=\"Parte do acervo do Museu Ferrovi\u00e1rio, em S\u00e3o Jo\u00e3o Del Rei\" width=\"800\" height=\"495\" srcset=\"https:\/\/catracalivre.com.br\/wp-content\/uploads\/2020\/01\/trem-turistico-vli-4-733x454-1.jpg 733w, https:\/\/catracalivre.com.br\/wp-content\/uploads\/2020\/01\/trem-turistico-vli-4-733x454-1-450x279.jpg 450w\" sizes=\"auto, (max-width: 800px) 100vw, 800px\"\/><\/p>\n<p>Cr\u00e9ditos: Divulga\u00e7\u00e3o<\/p>\n<\/div>\n<\/div>\n<p><span class=\"post-imagem__legenda\">Parte do acervo do Museu Ferrovi\u00e1rio, em S\u00e3o Jo\u00e3o Del Rei<\/span><\/p>\n<\/div>\n<p>O acervo re\u00fane objetos que contam a hist\u00f3ria da ferrovia no Brasil e na regi\u00e3o, como a EFOM n\u00ba 1, a primeira locomotiva da ferrovia. Pela riqueza de materiais, o Complexo Ferrovi\u00e1rio da Estrada de Ferro Oeste de Minas \u00e9 um dos maiores do Brasil.<\/p>\n<p>O passeio custa R$ 86 somente ida (R$ 43 meia) e R$ 172 ida e volta (R$ 86 meia). Estudantes, crian\u00e7as de 6 a 12 anos e adultos com mais 60 anos t\u00eam direito \u00e0 meia-entrada.<\/p>\n<p>Mais informa\u00e7\u00f5es sobre a Maria Fuma\u00e7a em S\u00e3o Jo\u00e3o Del-Rei\/Tiradentes: Tel.: (32) 3371- 8485 ou <a href=\"http:\/\/www.vli-logistica.com.br\/sustentabilidade\/trem-turistico\/\" target=\"_blank\" rel=\"noopener\">www.vli-logistica.com.br<\/a>.<\/p>\n<\/div>\n<p><script>\n\t\t! function(f, b, e, v, n, t, s) {\n\t\t\tif (f.fbq) return;\n\t\t\tn = f.fbq = function() {\n\t\t\t\tn.callMethod ?\n\t\t\t\t\tn.callMethod.apply(n, arguments) : n.queue.push(arguments)\n\t\t\t};\n\t\t\tif (!f._fbq) f._fbq = n;\n\t\t\tn.push = n;\n\t\t\tn.loaded = !0;\n\t\t\tn.version = '2.0';\n\t\t\tn.queue = [];\n\t\t\tt = b.createElement(e);\n\t\t\tt.async = !0;\n\t\t\tt.src = v;\n\t\t\ts = b.getElementsByTagName(e)[0];\n\t\t\ts.parentNode.insertBefore(t, s)\n\t\t}(window, document, 'script',\n\t\t\t'https:\/\/connect.facebook.net\/en_US\/fbevents.js');\n\t\tfbq('init', '338315473262380');\n\t\tfbq('track', 'PageView');\n\t<\/script><br \/>\n<br \/><br \/>\n<br \/><a href=\"https:\/\/catracalivre.com.br\/viagem-livre\/passeio-de-maria-fumaca-em-tiradentes-tem-horarios-especiais\/\">Source link <\/a><\/p>\n<div class='code-block code-block-4' style='margin: 8px auto 8px 0; text-align: left; display: block; clear: both;'>\n\ud83d\udce2 Aviso Legal\n\nO site ismaelcolosi.com.br atua apenas como um canal de divulga\u00e7\u00e3o de oportunidades de emprego e n\u00e3o se responsabiliza pelo processo seletivo, contrata\u00e7\u00e3o ou qualquer outra etapa relacionada \u00e0s vagas publicadas. Todas as informa\u00e7\u00f5es s\u00e3o de responsabilidade dos anunciantes.\n\n\u26a0\ufe0f Aten\u00e7\u00e3o! Nunca pague por promessas de emprego nem compre cursos que garantam contrata\u00e7\u00e3o. Desconfie de qualquer cobran\u00e7a para participar de sele\u00e7\u00f5es.\n\n\n\n<\/div>\n<!-- CONTENT END 1 -->\n","protected":false},"excerpt":{"rendered":"<p>Que tal voltar ao passado e fazer um passeio de Maria Fuma\u00e7a? O trem que liga as cidades mineiras de S\u00e3o Jo\u00e3o del Rei e&#8230;<\/p>\n","protected":false},"author":1,"featured_media":21730,"comment_status":"open","ping_status":"open","sticky":false,"template":"","format":"standard","meta":{"_uag_custom_page_level_css":"","advanced_seo_description":"","jetpack_seo_html_title":"","jetpack_seo_noindex":false,"jetpack_post_was_ever_published":false,"_jetpack_newsletter_access":"","_jetpack_dont_email_post_to_subs":false,"_jetpack_newsletter_tier_id":0,"_jetpack_memberships_contains_paywalled_content":false,"_jetpack_memberships_contains_paid_content":false,"footnotes":"","jetpack_publicize_message":"","jetpack_publicize_feature_enabled":true,"jetpack_social_post_already_shared":true,"jetpack_social_options":{"image_generator_settings":{"template":"highway","default_image_id":0,"font":"","enabled":false},"version":2}},"categories":[19],"tags":[],"class_list":["post-21729","post","type-post","status-publish","format-standard","has-post-thumbnail","hentry","category-variedades"],"jetpack_publicize_connections":[],"jetpack_featured_media_url":"https:\/\/i0.wp.com\/ismaelcolosi.com.br\/wp-content\/uploads\/2023\/12\/maria-fumaca-tiradentes.jpg?fit=1200%2C638&ssl=1","uagb_featured_image_src":{"full":["https:\/\/i0.wp.com\/ismaelcolosi.com.br\/wp-content\/uploads\/2023\/12\/maria-fumaca-tiradentes.jpg?fit=1200%2C638&ssl=1",1200,638,false],"thumbnail":["https:\/\/i0.wp.com\/ismaelcolosi.com.br\/wp-content\/uploads\/2023\/12\/maria-fumaca-tiradentes.jpg?resize=150%2C150&ssl=1",150,150,true],"medium":["https:\/\/i0.wp.com\/ismaelcolosi.com.br\/wp-content\/uploads\/2023\/12\/maria-fumaca-tiradentes.jpg?fit=300%2C160&ssl=1",300,160,true],"medium_large":["https:\/\/i0.wp.com\/ismaelcolosi.com.br\/wp-content\/uploads\/2023\/12\/maria-fumaca-tiradentes.jpg?fit=768%2C408&ssl=1",768,408,true],"large":["https:\/\/i0.wp.com\/ismaelcolosi.com.br\/wp-content\/uploads\/2023\/12\/maria-fumaca-tiradentes.jpg?fit=1024%2C544&ssl=1",1024,544,true],"1536x1536":["https:\/\/i0.wp.com\/ismaelcolosi.com.br\/wp-content\/uploads\/2023\/12\/maria-fumaca-tiradentes.jpg?fit=1200%2C638&ssl=1",1200,638,true],"2048x2048":["https:\/\/i0.wp.com\/ismaelcolosi.com.br\/wp-content\/uploads\/2023\/12\/maria-fumaca-tiradentes.jpg?fit=1200%2C638&ssl=1",1200,638,true],"really-simple-thumb":["https:\/\/i0.wp.com\/ismaelcolosi.com.br\/wp-content\/uploads\/2023\/12\/maria-fumaca-tiradentes.jpg?resize=370%2C247&ssl=1",370,247,true]},"uagb_author_info":{"display_name":"ismaelcolosi.com.br","author_link":"https:\/\/ismaelcolosi.com.br\/index.php\/author\/vidareal-online\/"},"uagb_comment_info":0,"uagb_excerpt":"Que tal voltar ao passado e fazer um passeio de Maria Fuma\u00e7a? O trem que liga as cidades mineiras de S\u00e3o Jo\u00e3o del Rei e...","jetpack-related-posts":[{"id":42241,"url":"https:\/\/ismaelcolosi.com.br\/index.php\/2024\/03\/13\/sesc-ribeirao-preto-leva-turistas-para-passeio-de-maria-fumaca-saiba-como-participar\/","url_meta":{"origin":21729,"position":0},"title":"Sesc Ribeir\u00e3o Preto leva turistas para passeio de Maria Fuma\u00e7a; Saiba como participar","author":"ismaelcolosi.com.br","date":"13 de March de 2024","format":false,"excerpt":"O Sesc Ribeir\u00e3o Preto est\u00e1 com inscri\u00e7\u00f5es abertas a partir desta quarta-feira (13) para um passeio de Maria Fuma\u00e7a nos trilhos culturais de Campinas, Jaguari\u00fana e Jundia\u00ed. As inscri\u00e7\u00f5es para o passeio, que ser\u00e1 no dia 1\u00ba de maio, podem ser feitas pelo portal do Sesc ou na\u00a0 central de\u2026","rel":"","context":"In &quot;Not\u00edcias de Ribeir\u00e3o Preto-SP e Regi\u00e3o&quot;","block_context":{"text":"Not\u00edcias de Ribeir\u00e3o Preto-SP e Regi\u00e3o","link":"https:\/\/ismaelcolosi.com.br\/index.php\/category\/noticias-de-ribeirao-preto-sp-e-regiao-ismael-colosi\/"},"img":{"alt_text":"","src":"https:\/\/i0.wp.com\/ismaelcolosi.com.br\/wp-content\/uploads\/2024\/03\/Copia-de-Copia-de-TAMANHO-EXATO-PARA-FOTOS-NO-SISTEMA-NOVO-44.jpg?fit=1200%2C675&ssl=1&resize=350%2C200","width":350,"height":200,"srcset":"https:\/\/i0.wp.com\/ismaelcolosi.com.br\/wp-content\/uploads\/2024\/03\/Copia-de-Copia-de-TAMANHO-EXATO-PARA-FOTOS-NO-SISTEMA-NOVO-44.jpg?fit=1200%2C675&ssl=1&resize=350%2C200 1x, https:\/\/i0.wp.com\/ismaelcolosi.com.br\/wp-content\/uploads\/2024\/03\/Copia-de-Copia-de-TAMANHO-EXATO-PARA-FOTOS-NO-SISTEMA-NOVO-44.jpg?fit=1200%2C675&ssl=1&resize=525%2C300 1.5x, https:\/\/i0.wp.com\/ismaelcolosi.com.br\/wp-content\/uploads\/2024\/03\/Copia-de-Copia-de-TAMANHO-EXATO-PARA-FOTOS-NO-SISTEMA-NOVO-44.jpg?fit=1200%2C675&ssl=1&resize=700%2C400 2x, https:\/\/i0.wp.com\/ismaelcolosi.com.br\/wp-content\/uploads\/2024\/03\/Copia-de-Copia-de-TAMANHO-EXATO-PARA-FOTOS-NO-SISTEMA-NOVO-44.jpg?fit=1200%2C675&ssl=1&resize=1050%2C600 3x"},"classes":[]},{"id":33006,"url":"https:\/\/ismaelcolosi.com.br\/index.php\/2024\/01\/27\/circuito-das-aguas\/","url_meta":{"origin":21729,"position":1},"title":"Circuito das \u00c1guas &#8211; Jornal Tribuna Ribeir\u00e3o","author":"ismaelcolosi.com.br","date":"27 de January de 2024","format":false,"excerpt":"27 de janeiro de 2024 | 9:0326 de janeiro de 2024 | 12:26 0A DSE Viagens \u2013 Darcy Silveira Excurs\u00f5es carregou mais um grupo para conhecer as belezas de \u00c1guas de S\u00e3o Louren\u00e7o, Caxambu, Baependi e Soledade.Hospedado no Hotel Guanabara de S\u00e3o Louren\u00e7o, com direito a caf\u00e9 da manh\u00e3, almo\u00e7o\u2026","rel":"","context":"In &quot;Not\u00edcias de Ribeir\u00e3o Preto-SP e Regi\u00e3o&quot;","block_context":{"text":"Not\u00edcias de Ribeir\u00e3o Preto-SP e Regi\u00e3o","link":"https:\/\/ismaelcolosi.com.br\/index.php\/category\/noticias-de-ribeirao-preto-sp-e-regiao-ismael-colosi\/"},"img":{"alt_text":"","src":"https:\/\/i0.wp.com\/ismaelcolosi.com.br\/wp-content\/uploads\/2024\/01\/1-2-scaled.jpg?fit=860%2C645&ssl=1&resize=350%2C200","width":350,"height":200,"srcset":"https:\/\/i0.wp.com\/ismaelcolosi.com.br\/wp-content\/uploads\/2024\/01\/1-2-scaled.jpg?fit=860%2C645&ssl=1&resize=350%2C200 1x, https:\/\/i0.wp.com\/ismaelcolosi.com.br\/wp-content\/uploads\/2024\/01\/1-2-scaled.jpg?fit=860%2C645&ssl=1&resize=525%2C300 1.5x, https:\/\/i0.wp.com\/ismaelcolosi.com.br\/wp-content\/uploads\/2024\/01\/1-2-scaled.jpg?fit=860%2C645&ssl=1&resize=700%2C400 2x"},"classes":[]},{"id":12590,"url":"https:\/\/ismaelcolosi.com.br\/index.php\/2023\/12\/08\/estado-abre-consulta-sobre-trem-turistico\/","url_meta":{"origin":21729,"position":2},"title":"Estado abre consulta sobre trem tur\u00edstico \u00a0","author":"ismaelcolosi.com.br","date":"8 de December de 2023","format":false,"excerpt":"A Secretaria de Turismo e Viagens de S\u00e3o Paulo abriu audi\u00eancia p\u00fablica virtual para ouvir a popula\u00e7\u00e3o sobre a cria\u00e7\u00e3o de dez trens tur\u00edsticos na malha ferrovi\u00e1ria estadual, em trechos como Cruzeiro-Passa Quatro (MG) e Boituva \u2013 Laranjal Paulista, al\u00e9m de Ribeir\u00e3o Preto-Tamba\u00fa. A pesquisa ser\u00e1 realizada at\u00e9 o dia\u2026","rel":"","context":"In &quot;Not\u00edcias de Ribeir\u00e3o Preto-SP e Regi\u00e3o&quot;","block_context":{"text":"Not\u00edcias de Ribeir\u00e3o Preto-SP e Regi\u00e3o","link":"https:\/\/ismaelcolosi.com.br\/index.php\/category\/noticias-de-ribeirao-preto-sp-e-regiao-ismael-colosi\/"},"img":{"alt_text":"","src":"https:\/\/i0.wp.com\/ismaelcolosi.com.br\/wp-content\/uploads\/2023\/12\/trem-scaled.jpg?fit=967%2C645&ssl=1&resize=350%2C200","width":350,"height":200,"srcset":"https:\/\/i0.wp.com\/ismaelcolosi.com.br\/wp-content\/uploads\/2023\/12\/trem-scaled.jpg?fit=967%2C645&ssl=1&resize=350%2C200 1x, https:\/\/i0.wp.com\/ismaelcolosi.com.br\/wp-content\/uploads\/2023\/12\/trem-scaled.jpg?fit=967%2C645&ssl=1&resize=525%2C300 1.5x, https:\/\/i0.wp.com\/ismaelcolosi.com.br\/wp-content\/uploads\/2023\/12\/trem-scaled.jpg?fit=967%2C645&ssl=1&resize=700%2C400 2x"},"classes":[]},{"id":62006,"url":"https:\/\/ismaelcolosi.com.br\/index.php\/2024\/08\/24\/nuvem-de-fumaca-e-poeira-faz-dia-virar-noite-em-ribeirao-preto-veja-video\/","url_meta":{"origin":21729,"position":3},"title":"Nuvem de fuma\u00e7a e poeira faz dia virar noite em Ribeir\u00e3o Preto; Veja v\u00eddeo","author":"ismaelcolosi.com.br","date":"24 de August de 2024","format":false,"excerpt":"Uma nuvem de fuma\u00e7a e poeira encobriu Ribeir\u00e3o Preto no fim da tarde deste s\u00e1bado (24). Assista ao v\u00eddeo abaixo. O tempo seco aliado \u00e0s queimadas e o vento provocado pela movimenta\u00e7\u00e3o de uma frente fria contribuem para a forma\u00e7\u00e3o deste cen\u00e1rio. As condi\u00e7\u00f5es desfavor\u00e1veis do clima levaram a Prefeitura\u2026","rel":"","context":"In &quot;Not\u00edcias de Ribeir\u00e3o Preto-SP e Regi\u00e3o&quot;","block_context":{"text":"Not\u00edcias de Ribeir\u00e3o Preto-SP e Regi\u00e3o","link":"https:\/\/ismaelcolosi.com.br\/index.php\/category\/noticias-de-ribeirao-preto-sp-e-regiao-ismael-colosi\/"},"img":{"alt_text":"","src":"https:\/\/i0.wp.com\/ismaelcolosi.com.br\/wp-content\/uploads\/2024\/08\/NUVEM-POEIRA_2024-08-24_20-57-24_jpg_2024-08-24_20-57-24.webp.webp?fit=1200%2C913&ssl=1&resize=350%2C200","width":350,"height":200,"srcset":"https:\/\/i0.wp.com\/ismaelcolosi.com.br\/wp-content\/uploads\/2024\/08\/NUVEM-POEIRA_2024-08-24_20-57-24_jpg_2024-08-24_20-57-24.webp.webp?fit=1200%2C913&ssl=1&resize=350%2C200 1x, https:\/\/i0.wp.com\/ismaelcolosi.com.br\/wp-content\/uploads\/2024\/08\/NUVEM-POEIRA_2024-08-24_20-57-24_jpg_2024-08-24_20-57-24.webp.webp?fit=1200%2C913&ssl=1&resize=525%2C300 1.5x, https:\/\/i0.wp.com\/ismaelcolosi.com.br\/wp-content\/uploads\/2024\/08\/NUVEM-POEIRA_2024-08-24_20-57-24_jpg_2024-08-24_20-57-24.webp.webp?fit=1200%2C913&ssl=1&resize=700%2C400 2x, https:\/\/i0.wp.com\/ismaelcolosi.com.br\/wp-content\/uploads\/2024\/08\/NUVEM-POEIRA_2024-08-24_20-57-24_jpg_2024-08-24_20-57-24.webp.webp?fit=1200%2C913&ssl=1&resize=1050%2C600 3x"},"classes":[]},{"id":62065,"url":"https:\/\/ismaelcolosi.com.br\/index.php\/2024\/08\/25\/domingo-comeca-com-fumaca-e-chuva-em-ribeirao-preto-video\/","url_meta":{"origin":21729,"position":4},"title":"Domingo come\u00e7a com fuma\u00e7a e chuva em Ribeir\u00e3o Preto; V\u00eddeo","author":"ismaelcolosi.com.br","date":"25 de August de 2024","format":false,"excerpt":"O domingo (25) em Ribeir\u00e3o Preto come\u00e7ou com muita fuma\u00e7a e chuva leve em alguns pontos da cidade. Segundo o Inmet (Instituto Nacional de Meteorologia), todo o interior de S\u00e3o Paulo est\u00e1 em alerta para chuvas intensas. A Prefeitura de Ribeir\u00e3o Preto informou que, at\u00e9 o momento, n\u00e3o houve nenhum\u2026","rel":"","context":"In &quot;Not\u00edcias de Ribeir\u00e3o Preto-SP e Regi\u00e3o&quot;","block_context":{"text":"Not\u00edcias de Ribeir\u00e3o Preto-SP e Regi\u00e3o","link":"https:\/\/ismaelcolosi.com.br\/index.php\/category\/noticias-de-ribeirao-preto-sp-e-regiao-ismael-colosi\/"},"img":{"alt_text":"","src":"https:\/\/i0.wp.com\/ismaelcolosi.com.br\/wp-content\/uploads\/2024\/08\/fumaca-e-chuva_2024-08-25_13-00-00_jpg_2024-08-25_13-00-00.webp.webp?fit=1200%2C795&ssl=1&resize=350%2C200","width":350,"height":200,"srcset":"https:\/\/i0.wp.com\/ismaelcolosi.com.br\/wp-content\/uploads\/2024\/08\/fumaca-e-chuva_2024-08-25_13-00-00_jpg_2024-08-25_13-00-00.webp.webp?fit=1200%2C795&ssl=1&resize=350%2C200 1x, https:\/\/i0.wp.com\/ismaelcolosi.com.br\/wp-content\/uploads\/2024\/08\/fumaca-e-chuva_2024-08-25_13-00-00_jpg_2024-08-25_13-00-00.webp.webp?fit=1200%2C795&ssl=1&resize=525%2C300 1.5x, https:\/\/i0.wp.com\/ismaelcolosi.com.br\/wp-content\/uploads\/2024\/08\/fumaca-e-chuva_2024-08-25_13-00-00_jpg_2024-08-25_13-00-00.webp.webp?fit=1200%2C795&ssl=1&resize=700%2C400 2x, https:\/\/i0.wp.com\/ismaelcolosi.com.br\/wp-content\/uploads\/2024\/08\/fumaca-e-chuva_2024-08-25_13-00-00_jpg_2024-08-25_13-00-00.webp.webp?fit=1200%2C795&ssl=1&resize=1050%2C600 3x"},"classes":[]},{"id":63297,"url":"https:\/\/ismaelcolosi.com.br\/index.php\/2024\/09\/01\/fumaca-de-queimadas-volta-a-encobrir-ribeirao-preto-veja-video\/","url_meta":{"origin":21729,"position":5},"title":"Fuma\u00e7a de queimadas volta a encobrir Ribeir\u00e3o Preto; Veja v\u00eddeo","author":"ismaelcolosi.com.br","date":"1 de September de 2024","format":false,"excerpt":"Ribeir\u00e3o Preto amanheceu neste domingo (1) encoberta por fuma\u00e7a de queimadas. Assista ao v\u00eddeo. A cidade e a regi\u00e3o t\u00eam registrado uma sequ\u00eancia de inc\u00eandios florestais que causam este cen\u00e1rio. A Cetesb (Companhia Ambiental do Estado de S\u00e3o Paulo) classificou a qualidade do ar como ruim na manh\u00e3 deste domingo,\u2026","rel":"","context":"In &quot;Not\u00edcias de Ribeir\u00e3o Preto-SP e Regi\u00e3o&quot;","block_context":{"text":"Not\u00edcias de Ribeir\u00e3o Preto-SP e Regi\u00e3o","link":"https:\/\/ismaelcolosi.com.br\/index.php\/category\/noticias-de-ribeirao-preto-sp-e-regiao-ismael-colosi\/"},"img":{"alt_text":"","src":"https:\/\/i0.wp.com\/ismaelcolosi.com.br\/wp-content\/uploads\/2024\/09\/WhatsApp-Image-2024-09-01-at-09.24.40-1_2024-09-01_12-44-31_jpeg_2024-09-01_12-44-31.webp.webp?fit=1200%2C553&ssl=1&resize=350%2C200","width":350,"height":200,"srcset":"https:\/\/i0.wp.com\/ismaelcolosi.com.br\/wp-content\/uploads\/2024\/09\/WhatsApp-Image-2024-09-01-at-09.24.40-1_2024-09-01_12-44-31_jpeg_2024-09-01_12-44-31.webp.webp?fit=1200%2C553&ssl=1&resize=350%2C200 1x, https:\/\/i0.wp.com\/ismaelcolosi.com.br\/wp-content\/uploads\/2024\/09\/WhatsApp-Image-2024-09-01-at-09.24.40-1_2024-09-01_12-44-31_jpeg_2024-09-01_12-44-31.webp.webp?fit=1200%2C553&ssl=1&resize=525%2C300 1.5x, https:\/\/i0.wp.com\/ismaelcolosi.com.br\/wp-content\/uploads\/2024\/09\/WhatsApp-Image-2024-09-01-at-09.24.40-1_2024-09-01_12-44-31_jpeg_2024-09-01_12-44-31.webp.webp?fit=1200%2C553&ssl=1&resize=700%2C400 2x, https:\/\/i0.wp.com\/ismaelcolosi.com.br\/wp-content\/uploads\/2024\/09\/WhatsApp-Image-2024-09-01-at-09.24.40-1_2024-09-01_12-44-31_jpeg_2024-09-01_12-44-31.webp.webp?fit=1200%2C553&ssl=1&resize=1050%2C600 3x"},"classes":[]}],"jetpack_sharing_enabled":true,"jetpack_shortlink":"https:\/\/wp.me\/pfMlyK-5Et","_links":{"self":[{"href":"https:\/\/ismaelcolosi.com.br\/index.php\/wp-json\/wp\/v2\/posts\/21729","targetHints":{"allow":["GET"]}}],"collection":[{"href":"https:\/\/ismaelcolosi.com.br\/index.php\/wp-json\/wp\/v2\/posts"}],"about":[{"href":"https:\/\/ismaelcolosi.com.br\/index.php\/wp-json\/wp\/v2\/types\/post"}],"author":[{"embeddable":true,"href":"https:\/\/ismaelcolosi.com.br\/index.php\/wp-json\/wp\/v2\/users\/1"}],"replies":[{"embeddable":true,"href":"https:\/\/ismaelcolosi.com.br\/index.php\/wp-json\/wp\/v2\/comments?post=21729"}],"version-history":[{"count":0,"href":"https:\/\/ismaelcolosi.com.br\/index.php\/wp-json\/wp\/v2\/posts\/21729\/revisions"}],"wp:featuredmedia":[{"embeddable":true,"href":"https:\/\/ismaelcolosi.com.br\/index.php\/wp-json\/wp\/v2\/media\/21730"}],"wp:attachment":[{"href":"https:\/\/ismaelcolosi.com.br\/index.php\/wp-json\/wp\/v2\/media?parent=21729"}],"wp:term":[{"taxonomy":"category","embeddable":true,"href":"https:\/\/ismaelcolosi.com.br\/index.php\/wp-json\/wp\/v2\/categories?post=21729"},{"taxonomy":"post_tag","embeddable":true,"href":"https:\/\/ismaelcolosi.com.br\/index.php\/wp-json\/wp\/v2\/tags?post=21729"}],"curies":[{"name":"wp","href":"https:\/\/api.w.org\/{rel}","templated":true}]}}