{"id":21493,"date":"2023-12-27T22:13:26","date_gmt":"2023-12-28T01:13:26","guid":{"rendered":"https:\/\/ismaelcolosi.com.br\/index.php\/2023\/12\/27\/quem-e-a-garotinha-de-4-anos-que-estava-desaparecida-e-foi-encontrada-sem-vida-em-sc\/"},"modified":"2023-12-27T22:13:26","modified_gmt":"2023-12-28T01:13:26","slug":"quem-e-a-garotinha-de-4-anos-que-estava-desaparecida-e-foi-encontrada-sem-vida-em-sc","status":"publish","type":"post","link":"https:\/\/ismaelcolosi.com.br\/index.php\/2023\/12\/27\/quem-e-a-garotinha-de-4-anos-que-estava-desaparecida-e-foi-encontrada-sem-vida-em-sc\/","title":{"rendered":"Quem \u00e9 a garotinha de 4 anos que estava desaparecida e foi encontrada sem vida em SC"},"content":{"rendered":"<p> <br \/>\n<\/p>\n<div itemprop=\"text\">\n<p>O corpo da garotinha de quatro anos, que estava desaparecida desde domingo (24), foi localizado no in\u00edcio da tarde desta quarta-feira (27), conforme informa\u00e7\u00f5es fornecidas pelos socorristas do Corpo de Bombeiros.<\/p>\n<p>Ela foi encontrada a uma dist\u00e2ncia de aproximadamente 13 quil\u00f4metros do local onde foi avistada pela \u00faltima vez. A v\u00edtima identificada como Lavinia Oliveira Pereira.<\/p>\n<p>A menina sumiu ap\u00f3s escorregar de uma rocha e cair nas \u00e1guas de um rio que corta a cidade de Pedras Grandes, situado na regi\u00e3o Sul de Santa Catarina.<\/p>\n<p>De acordo com relatos de testemunhas aos socorristas, a v\u00edtima estava sentada em uma pedra com sua madrinha no momento da trag\u00e9dia.<\/p>\n<p>A madrinha, desprovida de habilidades de nata\u00e7\u00e3o, lan\u00e7ou-se no rio na tentativa de prestar socorro \u00e0 crian\u00e7a, mas acabou sendo v\u00edtima de afogamento tamb\u00e9m.<\/p>\n<p>A equipe do 8\u00ba Batalh\u00e3o de Bombeiros Militar recebeu o chamado e chegou \u00e0 \u00e1rea em quest\u00e3o em quest\u00e3o de minutos. Os bombeiros conseguiram resgatar a madrinha das \u00e1guas, encaminhando-a ao hospital com evid\u00eancias de hipotermia.<\/p>\n<p>No entanto, naquele primeiro momento, a menina n\u00e3o foi encontrada. <span style=\"font-size: inherit;\">A menina foi localizada \u00e0s 13h15 desta quarta-feira em Tubar\u00e3o (SC), munic\u00edpio vizinho.\u00a0<\/span><\/p>\n<p>Para assistir ao v\u00eddeo <a href=\"https:\/\/g1.globo.com\/sc\/santa-catarina\/video\/bombeiros-encontram-corpo-de-menina-de-4-anos-que-desapareceu-em-sc-12223797.ghtml\" target=\"_blank\" rel=\"nofollow noopener sponsored\">CLIQUE AQUI!<\/a><\/p>\n<p><span style=\"font-size: inherit;\">O corpo foi encontrado ap\u00f3s seis horas e meia de intensos esfor\u00e7os. <\/span>Talita Oliveira, m\u00e3e da crian\u00e7a, havia se manifestado sobre a filha quando a not\u00edcia do desaparecimento foi divulgada.<\/p>\n<p><i>\u201c<\/i><strong>Menina muito inteligente, muito amorosa. O sonho dela era ir para a escolinha para brincar com os amiguinhos. Ela gostava de desenhar, tomar banho de piscina. Era uma filha maravilhosa<\/strong><i>\u201c,<\/i> ressaltou a m\u00e3e j\u00e1 bastante abalada.<\/p>\n<\/div>\n<p><br \/>\n<br \/><a href=\"https:\/\/fnmais.com\/video-quem-garotinha-4-anos-que-estava-desaparecida-foi-encontrada-sem-vida-em-sc\/\">Source link <\/a><\/p>\n<div class='code-block code-block-4' style='margin: 8px auto 8px 0; text-align: left; display: block; clear: both;'>\n\ud83d\udce2 Aviso Legal\n\nO site ismaelcolosi.com.br atua apenas como um canal de divulga\u00e7\u00e3o de oportunidades de emprego e n\u00e3o se responsabiliza pelo processo seletivo, contrata\u00e7\u00e3o ou qualquer outra etapa relacionada \u00e0s vagas publicadas. Todas as informa\u00e7\u00f5es s\u00e3o de responsabilidade dos anunciantes.\n\n\u26a0\ufe0f Aten\u00e7\u00e3o! Nunca pague por promessas de emprego nem compre cursos que garantam contrata\u00e7\u00e3o. Desconfie de qualquer cobran\u00e7a para participar de sele\u00e7\u00f5es.\n\n\n\n<\/div>\n<!-- CONTENT END 1 -->\n","protected":false},"excerpt":{"rendered":"<p>O corpo da garotinha de quatro anos, que estava desaparecida desde domingo (24), foi localizado no in\u00edcio da tarde desta quarta-feira (27), conforme informa\u00e7\u00f5es fornecidas&#8230;<\/p>\n","protected":false},"author":1,"featured_media":21494,"comment_status":"open","ping_status":"open","sticky":false,"template":"","format":"standard","meta":{"_uag_custom_page_level_css":"","advanced_seo_description":"","jetpack_seo_html_title":"","jetpack_seo_noindex":false,"jetpack_post_was_ever_published":false,"_jetpack_newsletter_access":"","_jetpack_dont_email_post_to_subs":false,"_jetpack_newsletter_tier_id":0,"_jetpack_memberships_contains_paywalled_content":false,"_jetpack_memberships_contains_paid_content":false,"footnotes":"","jetpack_publicize_message":"","jetpack_publicize_feature_enabled":true,"jetpack_social_post_already_shared":true,"jetpack_social_options":{"image_generator_settings":{"template":"highway","default_image_id":0,"font":"","enabled":false},"version":2}},"categories":[1],"tags":[],"class_list":["post-21493","post","type-post","status-publish","format-standard","has-post-thumbnail","hentry","category-blog"],"jetpack_publicize_connections":[],"jetpack_featured_media_url":"https:\/\/i0.wp.com\/ismaelcolosi.com.br\/wp-content\/uploads\/2023\/12\/postimg-658cbab3253629916.jpg?fit=1200%2C628&ssl=1","uagb_featured_image_src":{"full":["https:\/\/i0.wp.com\/ismaelcolosi.com.br\/wp-content\/uploads\/2023\/12\/postimg-658cbab3253629916.jpg?fit=1200%2C628&ssl=1",1200,628,false],"thumbnail":["https:\/\/i0.wp.com\/ismaelcolosi.com.br\/wp-content\/uploads\/2023\/12\/postimg-658cbab3253629916.jpg?resize=150%2C150&ssl=1",150,150,true],"medium":["https:\/\/i0.wp.com\/ismaelcolosi.com.br\/wp-content\/uploads\/2023\/12\/postimg-658cbab3253629916.jpg?fit=300%2C157&ssl=1",300,157,true],"medium_large":["https:\/\/i0.wp.com\/ismaelcolosi.com.br\/wp-content\/uploads\/2023\/12\/postimg-658cbab3253629916.jpg?fit=768%2C402&ssl=1",768,402,true],"large":["https:\/\/i0.wp.com\/ismaelcolosi.com.br\/wp-content\/uploads\/2023\/12\/postimg-658cbab3253629916.jpg?fit=1024%2C536&ssl=1",1024,536,true],"1536x1536":["https:\/\/i0.wp.com\/ismaelcolosi.com.br\/wp-content\/uploads\/2023\/12\/postimg-658cbab3253629916.jpg?fit=1200%2C628&ssl=1",1200,628,true],"2048x2048":["https:\/\/i0.wp.com\/ismaelcolosi.com.br\/wp-content\/uploads\/2023\/12\/postimg-658cbab3253629916.jpg?fit=1200%2C628&ssl=1",1200,628,true],"really-simple-thumb":["https:\/\/i0.wp.com\/ismaelcolosi.com.br\/wp-content\/uploads\/2023\/12\/postimg-658cbab3253629916.jpg?resize=370%2C247&ssl=1",370,247,true]},"uagb_author_info":{"display_name":"ismaelcolosi.com.br","author_link":"https:\/\/ismaelcolosi.com.br\/index.php\/author\/vidareal-online\/"},"uagb_comment_info":0,"uagb_excerpt":"O corpo da garotinha de quatro anos, que estava desaparecida desde domingo (24), foi localizado no in\u00edcio da tarde desta quarta-feira (27), conforme informa\u00e7\u00f5es fornecidas...","jetpack-related-posts":[{"id":6755,"url":"https:\/\/ismaelcolosi.com.br\/index.php\/2023\/11\/26\/garota-de-12-anos-cai-da-janela-de-apartamento-de-5o-andar\/","url_meta":{"origin":21493,"position":0},"title":"Garota de 12 anos cai da janela de apartamento de 5\u00ba andar","author":"ismaelcolosi.com.br","date":"26 de November de 2023","format":false,"excerpt":"Um triste episodio marcou a vida de uma fam\u00edlia devido a um tr\u00e1gico acidente que aconteceu na \u00faltima sexta-feira (24).De acordo com as primeiras informa\u00e7\u00f5es repassadas pelas autoridades que respons\u00e1veis por atender a ocorr\u00eancia, uma pr\u00e9-adolescente de 12 anos caiu da janela do quinto andar de um edif\u00edcio.O caso aconteceu\u2026","rel":"","context":"In &quot;Blog&quot;","block_context":{"text":"Blog","link":"https:\/\/ismaelcolosi.com.br\/index.php\/category\/blog\/"},"img":{"alt_text":"","src":"https:\/\/i0.wp.com\/ismaelcolosi.com.br\/wp-content\/uploads\/2023\/11\/postimg-6563cf961e2b45989.jpg?fit=1200%2C628&ssl=1&resize=350%2C200","width":350,"height":200,"srcset":"https:\/\/i0.wp.com\/ismaelcolosi.com.br\/wp-content\/uploads\/2023\/11\/postimg-6563cf961e2b45989.jpg?fit=1200%2C628&ssl=1&resize=350%2C200 1x, https:\/\/i0.wp.com\/ismaelcolosi.com.br\/wp-content\/uploads\/2023\/11\/postimg-6563cf961e2b45989.jpg?fit=1200%2C628&ssl=1&resize=525%2C300 1.5x, https:\/\/i0.wp.com\/ismaelcolosi.com.br\/wp-content\/uploads\/2023\/11\/postimg-6563cf961e2b45989.jpg?fit=1200%2C628&ssl=1&resize=700%2C400 2x, https:\/\/i0.wp.com\/ismaelcolosi.com.br\/wp-content\/uploads\/2023\/11\/postimg-6563cf961e2b45989.jpg?fit=1200%2C628&ssl=1&resize=1050%2C600 3x"},"classes":[]},{"id":21395,"url":"https:\/\/ismaelcolosi.com.br\/index.php\/2023\/12\/27\/chega-ao-fim-de-forma-tragica-as-buscas-por-menina-de-4-anos-que-desapareceu-apos-cair-em-rio-de-sc-era-uma-filha-maravilhosa\/","url_meta":{"origin":21493,"position":1},"title":"Chega ao fim de forma tr\u00e1gica as buscas por menina de 4 anos que desapareceu ap\u00f3s cair em rio de SC: &#8216;Era uma filha maravilhosa&#8217;","author":"ismaelcolosi.com.br","date":"27 de December de 2023","format":false,"excerpt":"O corpo da menina de 4 anos, Lavinia Oliveira Pereira, desaparecida desde domingo em Pedras Grandes, Sul de Santa Catarina, foi encontrado no in\u00edcio da tarde desta quarta-feira, cerca de 13 quil\u00f4metros do local onde foi vista pela \u00faltima vez, de acordo com informa\u00e7\u00f5es dos bombeiros.A trag\u00e9dia ocorreu quando a\u2026","rel":"","context":"In &quot;Blog&quot;","block_context":{"text":"Blog","link":"https:\/\/ismaelcolosi.com.br\/index.php\/category\/blog\/"},"img":{"alt_text":"","src":"https:\/\/i0.wp.com\/ismaelcolosi.com.br\/wp-content\/uploads\/2023\/12\/postimg-658c82d7959899819.jpg?fit=1200%2C628&ssl=1&resize=350%2C200","width":350,"height":200,"srcset":"https:\/\/i0.wp.com\/ismaelcolosi.com.br\/wp-content\/uploads\/2023\/12\/postimg-658c82d7959899819.jpg?fit=1200%2C628&ssl=1&resize=350%2C200 1x, https:\/\/i0.wp.com\/ismaelcolosi.com.br\/wp-content\/uploads\/2023\/12\/postimg-658c82d7959899819.jpg?fit=1200%2C628&ssl=1&resize=525%2C300 1.5x, https:\/\/i0.wp.com\/ismaelcolosi.com.br\/wp-content\/uploads\/2023\/12\/postimg-658c82d7959899819.jpg?fit=1200%2C628&ssl=1&resize=700%2C400 2x, https:\/\/i0.wp.com\/ismaelcolosi.com.br\/wp-content\/uploads\/2023\/12\/postimg-658c82d7959899819.jpg?fit=1200%2C628&ssl=1&resize=1050%2C600 3x"},"classes":[]},{"id":23643,"url":"https:\/\/ismaelcolosi.com.br\/index.php\/2024\/01\/02\/chega-ao-fim-de-forma-tragica-as-buscas-por-vitima-desaparecida-que-caiu-de-helicoptero-em-mg\/","url_meta":{"origin":21493,"position":2},"title":"Chega ao fim de forma tr\u00e1gica as buscas por v\u00edtima desaparecida que caiu de helic\u00f3ptero em MG","author":"ismaelcolosi.com.br","date":"2 de January de 2024","format":false,"excerpt":"O tr\u00e1gico acidente envolvendo o helic\u00f3ptero que caiu na regi\u00e3o de Lago de Furnas, em Capit\u00f3lio, Minas Gerais, resultou em um triste desdobramento, com a confirma\u00e7\u00e3o da morte de um dos quatro tripulantes que estavam a bordo.A v\u00edtima, identificada como um homem, foi encontrada sem vida pelos mergulhadores do Corpo\u2026","rel":"","context":"In &quot;Blog&quot;","block_context":{"text":"Blog","link":"https:\/\/ismaelcolosi.com.br\/index.php\/category\/blog\/"},"img":{"alt_text":"","src":"https:\/\/i0.wp.com\/ismaelcolosi.com.br\/wp-content\/uploads\/2024\/01\/postimg-6594722a4caa49770.jpg?fit=1200%2C628&ssl=1&resize=350%2C200","width":350,"height":200,"srcset":"https:\/\/i0.wp.com\/ismaelcolosi.com.br\/wp-content\/uploads\/2024\/01\/postimg-6594722a4caa49770.jpg?fit=1200%2C628&ssl=1&resize=350%2C200 1x, https:\/\/i0.wp.com\/ismaelcolosi.com.br\/wp-content\/uploads\/2024\/01\/postimg-6594722a4caa49770.jpg?fit=1200%2C628&ssl=1&resize=525%2C300 1.5x, https:\/\/i0.wp.com\/ismaelcolosi.com.br\/wp-content\/uploads\/2024\/01\/postimg-6594722a4caa49770.jpg?fit=1200%2C628&ssl=1&resize=700%2C400 2x, https:\/\/i0.wp.com\/ismaelcolosi.com.br\/wp-content\/uploads\/2024\/01\/postimg-6594722a4caa49770.jpg?fit=1200%2C628&ssl=1&resize=1050%2C600 3x"},"classes":[]},{"id":31356,"url":"https:\/\/ismaelcolosi.com.br\/index.php\/2024\/01\/22\/buscas-por-mulher-que-estava-desaparecida-tem-desfecho-tragico-detalhes-sao-expostos\/","url_meta":{"origin":21493,"position":3},"title":"Buscas por mulher que estava desaparecida tem desfecho tr\u00e1gico; detalhes s\u00e3o expostos","author":"ismaelcolosi.com.br","date":"22 de January de 2024","format":false,"excerpt":"As buscas por uma mulher que estava desaparecida terminaram de maneira tr\u00e1gica neste domingo (21). De acordo com as informa\u00e7\u00f5es repassadas pelos socorristas do Corpo de Bombeiros, a mulher foi identificada como Maristela Medeiros Anselmo Costa, de 59 anos.A mulher que estava desaparecida desde o \u00faltimo dia 18 de janeiro,\u2026","rel":"","context":"In &quot;Blog&quot;","block_context":{"text":"Blog","link":"https:\/\/ismaelcolosi.com.br\/index.php\/category\/blog\/"},"img":{"alt_text":"","src":"https:\/\/i0.wp.com\/ismaelcolosi.com.br\/wp-content\/uploads\/2024\/01\/postimg-65add26e1ec6c2890.jpg?fit=1200%2C628&ssl=1&resize=350%2C200","width":350,"height":200,"srcset":"https:\/\/i0.wp.com\/ismaelcolosi.com.br\/wp-content\/uploads\/2024\/01\/postimg-65add26e1ec6c2890.jpg?fit=1200%2C628&ssl=1&resize=350%2C200 1x, https:\/\/i0.wp.com\/ismaelcolosi.com.br\/wp-content\/uploads\/2024\/01\/postimg-65add26e1ec6c2890.jpg?fit=1200%2C628&ssl=1&resize=525%2C300 1.5x, https:\/\/i0.wp.com\/ismaelcolosi.com.br\/wp-content\/uploads\/2024\/01\/postimg-65add26e1ec6c2890.jpg?fit=1200%2C628&ssl=1&resize=700%2C400 2x, https:\/\/i0.wp.com\/ismaelcolosi.com.br\/wp-content\/uploads\/2024\/01\/postimg-65add26e1ec6c2890.jpg?fit=1200%2C628&ssl=1&resize=1050%2C600 3x"},"classes":[]},{"id":4164,"url":"https:\/\/ismaelcolosi.com.br\/index.php\/2023\/11\/20\/utm_sourcerssutm_mediumrssutm_campaignfamilia-encontra-mulher-que-estava-desaparecida-a-mulher-estava-sendo-mantida-em-carcere-em-um-motel\/","url_meta":{"origin":21493,"position":4},"title":"Fam\u00edlia encontra mulher que estava desaparecida; a mulher estava sendo mantida em c\u00e1rcere em um motel \u2013 X Tudo Ribeir\u00e3o","author":"ismaelcolosi.com.br","date":"20 de November de 2023","format":false,"excerpt":"Foi encontrada nesta segunda-feira (20\/11), a mulher de 57 anos, que estava desaparecida desde a \u00faltima quinta-feira, ap\u00f3s sair de moto com o ex-ficante no bairro Ipiranga, na zona Norte e Ribeir\u00e3o Preto.\u00a0 Segundo informa\u00e7\u00f5es da fam\u00edlia ao Portal X Tudo Ribeir\u00e3o, as filhas receberam uma liga\u00e7\u00e3o da m\u00e3e identificada\u2026","rel":"","context":"In &quot;Not\u00edcias de Ribeir\u00e3o Preto-SP e Regi\u00e3o&quot;","block_context":{"text":"Not\u00edcias de Ribeir\u00e3o Preto-SP e Regi\u00e3o","link":"https:\/\/ismaelcolosi.com.br\/index.php\/category\/noticias-de-ribeirao-preto-sp-e-regiao-ismael-colosi\/"},"img":{"alt_text":"","src":"https:\/\/i0.wp.com\/ismaelcolosi.com.br\/wp-content\/uploads\/2023\/11\/1700535143_WhatsApp-Image-2023-11-19-at-22.26.36.jpeg?fit=757%2C755&ssl=1&resize=350%2C200","width":350,"height":200,"srcset":"https:\/\/i0.wp.com\/ismaelcolosi.com.br\/wp-content\/uploads\/2023\/11\/1700535143_WhatsApp-Image-2023-11-19-at-22.26.36.jpeg?fit=757%2C755&ssl=1&resize=350%2C200 1x, https:\/\/i0.wp.com\/ismaelcolosi.com.br\/wp-content\/uploads\/2023\/11\/1700535143_WhatsApp-Image-2023-11-19-at-22.26.36.jpeg?fit=757%2C755&ssl=1&resize=525%2C300 1.5x, https:\/\/i0.wp.com\/ismaelcolosi.com.br\/wp-content\/uploads\/2023\/11\/1700535143_WhatsApp-Image-2023-11-19-at-22.26.36.jpeg?fit=757%2C755&ssl=1&resize=700%2C400 2x"},"classes":[]},{"id":13681,"url":"https:\/\/ismaelcolosi.com.br\/index.php\/2023\/12\/10\/corpo-da-menina-e-encontrado-e-policia-pega-o-suspeito-um-primo-da-vitima\/","url_meta":{"origin":21493,"position":5},"title":"corpo da menina \u00e9 encontrado e pol\u00edcia pega o suspeito, um primo da v\u00edtima","author":"ismaelcolosi.com.br","date":"10 de December de 2023","format":false,"excerpt":"Neste domingo (10\/12), um homem foi detido pelas autoridades sob acusa\u00e7\u00e3o de ter cometido crime contra a menina Kemilly Hadassa Silva. A menina havia sido dada como desaparecida pela fam\u00edlia recentemente, mas seu corpo foi encontrado sem vida ap\u00f3s a pol\u00edcia receber informa\u00e7\u00f5es sobre a localiza\u00e7\u00e3o.O suspeito foi preso em\u2026","rel":"","context":"In &quot;Blog&quot;","block_context":{"text":"Blog","link":"https:\/\/ismaelcolosi.com.br\/index.php\/category\/blog\/"},"img":{"alt_text":"","src":"https:\/\/i0.wp.com\/ismaelcolosi.com.br\/wp-content\/uploads\/2023\/12\/postimg-6576740dd56ce2114.jpg?fit=1200%2C638&ssl=1&resize=350%2C200","width":350,"height":200,"srcset":"https:\/\/i0.wp.com\/ismaelcolosi.com.br\/wp-content\/uploads\/2023\/12\/postimg-6576740dd56ce2114.jpg?fit=1200%2C638&ssl=1&resize=350%2C200 1x, https:\/\/i0.wp.com\/ismaelcolosi.com.br\/wp-content\/uploads\/2023\/12\/postimg-6576740dd56ce2114.jpg?fit=1200%2C638&ssl=1&resize=525%2C300 1.5x, https:\/\/i0.wp.com\/ismaelcolosi.com.br\/wp-content\/uploads\/2023\/12\/postimg-6576740dd56ce2114.jpg?fit=1200%2C638&ssl=1&resize=700%2C400 2x, https:\/\/i0.wp.com\/ismaelcolosi.com.br\/wp-content\/uploads\/2023\/12\/postimg-6576740dd56ce2114.jpg?fit=1200%2C638&ssl=1&resize=1050%2C600 3x"},"classes":[]}],"jetpack_sharing_enabled":true,"jetpack_shortlink":"https:\/\/wp.me\/pfMlyK-5AF","_links":{"self":[{"href":"https:\/\/ismaelcolosi.com.br\/index.php\/wp-json\/wp\/v2\/posts\/21493","targetHints":{"allow":["GET"]}}],"collection":[{"href":"https:\/\/ismaelcolosi.com.br\/index.php\/wp-json\/wp\/v2\/posts"}],"about":[{"href":"https:\/\/ismaelcolosi.com.br\/index.php\/wp-json\/wp\/v2\/types\/post"}],"author":[{"embeddable":true,"href":"https:\/\/ismaelcolosi.com.br\/index.php\/wp-json\/wp\/v2\/users\/1"}],"replies":[{"embeddable":true,"href":"https:\/\/ismaelcolosi.com.br\/index.php\/wp-json\/wp\/v2\/comments?post=21493"}],"version-history":[{"count":0,"href":"https:\/\/ismaelcolosi.com.br\/index.php\/wp-json\/wp\/v2\/posts\/21493\/revisions"}],"wp:featuredmedia":[{"embeddable":true,"href":"https:\/\/ismaelcolosi.com.br\/index.php\/wp-json\/wp\/v2\/media\/21494"}],"wp:attachment":[{"href":"https:\/\/ismaelcolosi.com.br\/index.php\/wp-json\/wp\/v2\/media?parent=21493"}],"wp:term":[{"taxonomy":"category","embeddable":true,"href":"https:\/\/ismaelcolosi.com.br\/index.php\/wp-json\/wp\/v2\/categories?post=21493"},{"taxonomy":"post_tag","embeddable":true,"href":"https:\/\/ismaelcolosi.com.br\/index.php\/wp-json\/wp\/v2\/tags?post=21493"}],"curies":[{"name":"wp","href":"https:\/\/api.w.org\/{rel}","templated":true}]}}