{"id":21003,"date":"2023-12-26T22:46:03","date_gmt":"2023-12-27T01:46:03","guid":{"rendered":"https:\/\/ismaelcolosi.com.br\/index.php\/2023\/12\/26\/utm_sourcerssutm_mediumrssutm_campaignhomem-e-executado-a-tiros-em-pontal\/"},"modified":"2023-12-26T22:46:03","modified_gmt":"2023-12-27T01:46:03","slug":"utm_sourcerssutm_mediumrssutm_campaignhomem-e-executado-a-tiros-em-pontal","status":"publish","type":"post","link":"https:\/\/ismaelcolosi.com.br\/index.php\/2023\/12\/26\/utm_sourcerssutm_mediumrssutm_campaignhomem-e-executado-a-tiros-em-pontal\/","title":{"rendered":"Homem \u00e9 executado a tiros em Pontal \u2013 X Tudo Ribeir\u00e3o"},"content":{"rendered":"<p> <br \/>\n<\/p>\n<div>\n<p>Um homem ainda sem identifica\u00e7\u00e3o foi executado a tiros defronte a um bar no final da tarde desta ter\u00e7a-feira (26\/12), na cidade de Pontal.<\/p>\n<p>Segundo informa\u00e7\u00f5es iniciais da Pol\u00edcia Militar, populares disseram que a v\u00edtima estava defronte a um bar, quando foi alvejada por v\u00e1rios tiros.<\/p><div class='code-block code-block-8' style='margin: 8px auto; text-align: center; display: block; clear: both;'>\n<script>\n  atOptions = {\n    'key' : '66e2e2111ca34da796271819fc334058',\n    'format' : 'iframe',\n    'height' : 250,\n    'width' : 300,\n    'params' : {}\n  };\n<\/script>\n<script src=\"https:\/\/www.highperformanceformat.com\/66e2e2111ca34da796271819fc334058\/invoke.js\"><\/script>\n<\/div>\n\n<p>A v\u00edtima chegou a ser socorrida, mas chegou sem vida em uma unidade hospitalar da cidade.<\/p>\n<p>A PM preservou o local at\u00e9 o t\u00e9rmino dos trabalhos da Per\u00edcia T\u00e9cnica da Pol\u00edcia Cient\u00edfica.<\/p>\n<figure class=\"wp-block-image size-large\"><\/figure>\n<p>Mat\u00e9ria em atualiza\u00e7\u00e3o.<\/p>\n<\/p><\/div>\n<p><br \/>\n<br \/><a href=\"https:\/\/xtudoribeirao.com.br\/2023\/12\/26\/homem-e-executado-a-tiros-em-pontal\/?utm_source=rss&#038;utm_medium=rss&#038;utm_campaign=homem-e-executado-a-tiros-em-pontal\">Source link <\/a><\/p>\n<div class='code-block code-block-4' style='margin: 8px auto 8px 0; text-align: left; display: block; clear: both;'>\n\ud83d\udce2 Aviso Legal\n\nO site ismaelcolosi.com.br atua apenas como um canal de divulga\u00e7\u00e3o de oportunidades de emprego e n\u00e3o se responsabiliza pelo processo seletivo, contrata\u00e7\u00e3o ou qualquer outra etapa relacionada \u00e0s vagas publicadas. Todas as informa\u00e7\u00f5es s\u00e3o de responsabilidade dos anunciantes.\n\n\u26a0\ufe0f Aten\u00e7\u00e3o! Nunca pague por promessas de emprego nem compre cursos que garantam contrata\u00e7\u00e3o. Desconfie de qualquer cobran\u00e7a para participar de sele\u00e7\u00f5es.\n\n\n\n<\/div>\n<!-- CONTENT END 1 -->\n","protected":false},"excerpt":{"rendered":"<p>Um homem ainda sem identifica\u00e7\u00e3o foi executado a tiros defronte a um bar no final da tarde desta ter\u00e7a-feira (26\/12), na cidade de Pontal. Segundo&#8230;<\/p>\n","protected":false},"author":1,"featured_media":21004,"comment_status":"open","ping_status":"open","sticky":false,"template":"","format":"standard","meta":{"_uag_custom_page_level_css":"","advanced_seo_description":"","jetpack_seo_html_title":"","jetpack_seo_noindex":false,"jetpack_post_was_ever_published":false,"_jetpack_newsletter_access":"","_jetpack_dont_email_post_to_subs":false,"_jetpack_newsletter_tier_id":0,"_jetpack_memberships_contains_paywalled_content":false,"_jetpack_memberships_contains_paid_content":false,"footnotes":"","jetpack_publicize_message":"","jetpack_publicize_feature_enabled":true,"jetpack_social_post_already_shared":true,"jetpack_social_options":{"image_generator_settings":{"template":"highway","default_image_id":0,"font":"","enabled":false},"version":2}},"categories":[11],"tags":[443,59,2194,26,298,43],"class_list":["post-21003","post","type-post","status-publish","format-standard","has-post-thumbnail","hentry","category-noticias-de-ribeirao-preto-sp-e-regiao-ismael-colosi","tag-executado","tag-homem","tag-pontal","tag-ribeirao","tag-tiros","tag-tudo"],"jetpack_publicize_connections":[],"jetpack_featured_media_url":"https:\/\/i0.wp.com\/ismaelcolosi.com.br\/wp-content\/uploads\/2023\/12\/IMG_2897.jpeg?fit=1290%2C678&ssl=1","uagb_featured_image_src":{"full":["https:\/\/i0.wp.com\/ismaelcolosi.com.br\/wp-content\/uploads\/2023\/12\/IMG_2897.jpeg?fit=1290%2C678&ssl=1",1290,678,false],"thumbnail":["https:\/\/i0.wp.com\/ismaelcolosi.com.br\/wp-content\/uploads\/2023\/12\/IMG_2897.jpeg?resize=150%2C150&ssl=1",150,150,true],"medium":["https:\/\/i0.wp.com\/ismaelcolosi.com.br\/wp-content\/uploads\/2023\/12\/IMG_2897.jpeg?fit=300%2C158&ssl=1",300,158,true],"medium_large":["https:\/\/i0.wp.com\/ismaelcolosi.com.br\/wp-content\/uploads\/2023\/12\/IMG_2897.jpeg?fit=768%2C404&ssl=1",768,404,true],"large":["https:\/\/i0.wp.com\/ismaelcolosi.com.br\/wp-content\/uploads\/2023\/12\/IMG_2897.jpeg?fit=1024%2C538&ssl=1",1024,538,true],"1536x1536":["https:\/\/i0.wp.com\/ismaelcolosi.com.br\/wp-content\/uploads\/2023\/12\/IMG_2897.jpeg?fit=1290%2C678&ssl=1",1290,678,true],"2048x2048":["https:\/\/i0.wp.com\/ismaelcolosi.com.br\/wp-content\/uploads\/2023\/12\/IMG_2897.jpeg?fit=1290%2C678&ssl=1",1290,678,true],"really-simple-thumb":["https:\/\/i0.wp.com\/ismaelcolosi.com.br\/wp-content\/uploads\/2023\/12\/IMG_2897.jpeg?resize=370%2C247&ssl=1",370,247,true]},"uagb_author_info":{"display_name":"ismaelcolosi.com.br","author_link":"https:\/\/ismaelcolosi.com.br\/index.php\/author\/vidareal-online\/"},"uagb_comment_info":0,"uagb_excerpt":"Um homem ainda sem identifica\u00e7\u00e3o foi executado a tiros defronte a um bar no final da tarde desta ter\u00e7a-feira (26\/12), na cidade de Pontal. Segundo...","jetpack-related-posts":[{"id":841,"url":"https:\/\/ismaelcolosi.com.br\/index.php\/2023\/11\/09\/homem-e-executado-a-tiros-na-rua-tabatinga-em-ribeirao-preto-x-tudo-ribeirao\/","url_meta":{"origin":21003,"position":0},"title":"Homem \u00e9 executado a tiros na rua Tabatinga, em Ribeir\u00e3o Preto \u2013 X Tudo Ribeir\u00e3o","author":"ismaelcolosi.com.br","date":"9 de November de 2023","format":false,"excerpt":"Um homem ainda sem identifica\u00e7\u00e3o foi executado a tiros na noite desta ter\u00e7a-feira (31\/10), na rua Tabatinga, no bairro Ipiranga na zona Norte de Ribeir\u00e3o Preto.\u00a0 Segundo informa\u00e7\u00f5es iniciais da Pol\u00edcia Militar, a v\u00edtima estava defronte ao numeral 2850 da rua Tabatinga, quando foi surpreendida pelo atirador. De acordo com\u2026","rel":"","context":"In &quot;Not\u00edcias de Ribeir\u00e3o Preto-SP e Regi\u00e3o&quot;","block_context":{"text":"Not\u00edcias de Ribeir\u00e3o Preto-SP e Regi\u00e3o","link":"https:\/\/ismaelcolosi.com.br\/index.php\/category\/noticias-de-ribeirao-preto-sp-e-regiao-ismael-colosi\/"},"img":{"alt_text":"","src":"https:\/\/i0.wp.com\/ismaelcolosi.com.br\/wp-content\/uploads\/2023\/11\/WhatsApp-Image-2023-10-31-at-21.29.19.jpeg?fit=1200%2C696&ssl=1&resize=350%2C200","width":350,"height":200,"srcset":"https:\/\/i0.wp.com\/ismaelcolosi.com.br\/wp-content\/uploads\/2023\/11\/WhatsApp-Image-2023-10-31-at-21.29.19.jpeg?fit=1200%2C696&ssl=1&resize=350%2C200 1x, https:\/\/i0.wp.com\/ismaelcolosi.com.br\/wp-content\/uploads\/2023\/11\/WhatsApp-Image-2023-10-31-at-21.29.19.jpeg?fit=1200%2C696&ssl=1&resize=525%2C300 1.5x, https:\/\/i0.wp.com\/ismaelcolosi.com.br\/wp-content\/uploads\/2023\/11\/WhatsApp-Image-2023-10-31-at-21.29.19.jpeg?fit=1200%2C696&ssl=1&resize=700%2C400 2x, https:\/\/i0.wp.com\/ismaelcolosi.com.br\/wp-content\/uploads\/2023\/11\/WhatsApp-Image-2023-10-31-at-21.29.19.jpeg?fit=1200%2C696&ssl=1&resize=1050%2C600 3x"},"classes":[]},{"id":4202,"url":"https:\/\/ismaelcolosi.com.br\/index.php\/2023\/11\/21\/utm_sourcerssutm_mediumrssutm_campaignhomem-e-executado-a-tiros-na-rua-angelo-pedreschi-em-rp\/","url_meta":{"origin":21003,"position":1},"title":"Homem \u00e9 executado a tiros na rua \u00c2ngelo Pedreschi em RP \u2013 X Tudo Ribeir\u00e3o","author":"ismaelcolosi.com.br","date":"21 de November de 2023","format":false,"excerpt":"Um homem ainda sem identifica\u00e7\u00e3o foi executado a tiros na noite desta segunda-feira (20\/11), no Parque Ribeir\u00e3o, na zona Oeste da cidade Segundo as autoridades, a v\u00edtima estava sentada defronte \u00e0 um bar situado na rua \u00c2ngelo Pedreschi, quando foi alvejado pelos disparos. Testemunhas acionaram o socorro, mas a morte\u2026","rel":"","context":"In &quot;Not\u00edcias de Ribeir\u00e3o Preto-SP e Regi\u00e3o&quot;","block_context":{"text":"Not\u00edcias de Ribeir\u00e3o Preto-SP e Regi\u00e3o","link":"https:\/\/ismaelcolosi.com.br\/index.php\/category\/noticias-de-ribeirao-preto-sp-e-regiao-ismael-colosi\/"},"img":{"alt_text":"","src":"https:\/\/i0.wp.com\/ismaelcolosi.com.br\/wp-content\/uploads\/2023\/11\/Troca-de-tiros.jpg?fit=1200%2C674&ssl=1&resize=350%2C200","width":350,"height":200,"srcset":"https:\/\/i0.wp.com\/ismaelcolosi.com.br\/wp-content\/uploads\/2023\/11\/Troca-de-tiros.jpg?fit=1200%2C674&ssl=1&resize=350%2C200 1x, https:\/\/i0.wp.com\/ismaelcolosi.com.br\/wp-content\/uploads\/2023\/11\/Troca-de-tiros.jpg?fit=1200%2C674&ssl=1&resize=525%2C300 1.5x, https:\/\/i0.wp.com\/ismaelcolosi.com.br\/wp-content\/uploads\/2023\/11\/Troca-de-tiros.jpg?fit=1200%2C674&ssl=1&resize=700%2C400 2x, https:\/\/i0.wp.com\/ismaelcolosi.com.br\/wp-content\/uploads\/2023\/11\/Troca-de-tiros.jpg?fit=1200%2C674&ssl=1&resize=1050%2C600 3x"},"classes":[]},{"id":54241,"url":"https:\/\/ismaelcolosi.com.br\/index.php\/2024\/06\/23\/homem-e-morto-a-tiros-durante-partida-de-futebol-amador-em-cidade-na-regiao-de-ribeirao\/","url_meta":{"origin":21003,"position":2},"title":"Homem \u00e9 morto a tiros durante partida de futebol amador em cidade na regi\u00e3o de Ribeir\u00e3o","author":"ismaelcolosi.com.br","date":"23 de June de 2024","format":false,"excerpt":"Um homem foi morto a tiros na tarde deste domingo (23), durante a final de um campeonato de futebol amador em Bebedouro, cidade na regi\u00e3o de Ribeir\u00e3o Preto. De acordo com as primeiras informa\u00e7\u00f5es, apuradas por uma equipe da EPTV, a partida estava sendo realizada no campo anexo ao Samb\u00f3dromo\u2026","rel":"","context":"In &quot;Not\u00edcias de Ribeir\u00e3o Preto-SP e Regi\u00e3o&quot;","block_context":{"text":"Not\u00edcias de Ribeir\u00e3o Preto-SP e Regi\u00e3o","link":"https:\/\/ismaelcolosi.com.br\/index.php\/category\/noticias-de-ribeirao-preto-sp-e-regiao-ismael-colosi\/"},"img":{"alt_text":"","src":"https:\/\/i0.wp.com\/ismaelcolosi.com.br\/wp-content\/uploads\/2024\/06\/Copia-de-Copia-de-TAMANHO-EXATO-PARA-FOTOS-NO-SISTEMA-NOVO-94_2024-06-23_20-40-59_png_2024-06-23_20-40-59.webp.webp?fit=1200%2C675&ssl=1&resize=350%2C200","width":350,"height":200,"srcset":"https:\/\/i0.wp.com\/ismaelcolosi.com.br\/wp-content\/uploads\/2024\/06\/Copia-de-Copia-de-TAMANHO-EXATO-PARA-FOTOS-NO-SISTEMA-NOVO-94_2024-06-23_20-40-59_png_2024-06-23_20-40-59.webp.webp?fit=1200%2C675&ssl=1&resize=350%2C200 1x, https:\/\/i0.wp.com\/ismaelcolosi.com.br\/wp-content\/uploads\/2024\/06\/Copia-de-Copia-de-TAMANHO-EXATO-PARA-FOTOS-NO-SISTEMA-NOVO-94_2024-06-23_20-40-59_png_2024-06-23_20-40-59.webp.webp?fit=1200%2C675&ssl=1&resize=525%2C300 1.5x, https:\/\/i0.wp.com\/ismaelcolosi.com.br\/wp-content\/uploads\/2024\/06\/Copia-de-Copia-de-TAMANHO-EXATO-PARA-FOTOS-NO-SISTEMA-NOVO-94_2024-06-23_20-40-59_png_2024-06-23_20-40-59.webp.webp?fit=1200%2C675&ssl=1&resize=700%2C400 2x, https:\/\/i0.wp.com\/ismaelcolosi.com.br\/wp-content\/uploads\/2024\/06\/Copia-de-Copia-de-TAMANHO-EXATO-PARA-FOTOS-NO-SISTEMA-NOVO-94_2024-06-23_20-40-59_png_2024-06-23_20-40-59.webp.webp?fit=1200%2C675&ssl=1&resize=1050%2C600 3x"},"classes":[]},{"id":41657,"url":"https:\/\/ismaelcolosi.com.br\/index.php\/2024\/03\/10\/homem-que-estava-desaparecido-e-encontrado-morto-na-regiao-de-ribeirao\/","url_meta":{"origin":21003,"position":3},"title":"Homem que estava desaparecido \u00e9 encontrado morto na regi\u00e3o de Ribeir\u00e3o","author":"ismaelcolosi.com.br","date":"10 de March de 2024","format":false,"excerpt":"Um homem foi assassinado na noite de s\u00e1bado (9) em uma estrada de terra que liga Pontal ao distrito de Cruz das Posses, em Sert\u00e3ozinho, na regi\u00e3o de Ribeir\u00e3o Preto. O corpo foi encontrado por um homem que passava pelo local e acionou a PM (Pol\u00edcia Militar). A identidade da\u2026","rel":"","context":"In &quot;Not\u00edcias de Ribeir\u00e3o Preto-SP e Regi\u00e3o&quot;","block_context":{"text":"Not\u00edcias de Ribeir\u00e3o Preto-SP e Regi\u00e3o","link":"https:\/\/ismaelcolosi.com.br\/index.php\/category\/noticias-de-ribeirao-preto-sp-e-regiao-ismael-colosi\/"},"img":{"alt_text":"","src":"https:\/\/i0.wp.com\/ismaelcolosi.com.br\/wp-content\/uploads\/2024\/03\/1710076529_WhatsApp-Image-2023-12-09-at-13.55.44.jpeg?fit=1024%2C576&ssl=1&resize=350%2C200","width":350,"height":200,"srcset":"https:\/\/i0.wp.com\/ismaelcolosi.com.br\/wp-content\/uploads\/2024\/03\/1710076529_WhatsApp-Image-2023-12-09-at-13.55.44.jpeg?fit=1024%2C576&ssl=1&resize=350%2C200 1x, https:\/\/i0.wp.com\/ismaelcolosi.com.br\/wp-content\/uploads\/2024\/03\/1710076529_WhatsApp-Image-2023-12-09-at-13.55.44.jpeg?fit=1024%2C576&ssl=1&resize=525%2C300 1.5x, https:\/\/i0.wp.com\/ismaelcolosi.com.br\/wp-content\/uploads\/2024\/03\/1710076529_WhatsApp-Image-2023-12-09-at-13.55.44.jpeg?fit=1024%2C576&ssl=1&resize=700%2C400 2x"},"classes":[]},{"id":25827,"url":"https:\/\/ismaelcolosi.com.br\/index.php\/2024\/01\/08\/guarda-civil-e-executado-a-tiros-no-rosto-com-sua-propria-arma-de-fogo-durante-assalto\/","url_meta":{"origin":21003,"position":4},"title":"Guarda civil \u00e9 executado a tiros no rosto com sua pr\u00f3pria arma de fogo durante assalto","author":"ismaelcolosi.com.br","date":"8 de January de 2024","format":false,"excerpt":"Um crime tr\u00e1gico foi registrado pelas autoridades policiais no final da tarde do \u00faltimo domingo, dia 07 de janeiro, no bairro Cap\u00e3o Redondo, situado na Zona Sul da cidade de S\u00e3o Paulo (S\u00e3o Paulo).Um guarda civil metropolitano foi executado com disparo de arma de fogo efetuado durante uma tentativa de\u2026","rel":"","context":"In &quot;Blog&quot;","block_context":{"text":"Blog","link":"https:\/\/ismaelcolosi.com.br\/index.php\/category\/blog\/"},"img":{"alt_text":"","src":"https:\/\/i0.wp.com\/ismaelcolosi.com.br\/wp-content\/uploads\/2024\/01\/postimg-659c40da1926f4704.jpg?fit=1200%2C628&ssl=1&resize=350%2C200","width":350,"height":200,"srcset":"https:\/\/i0.wp.com\/ismaelcolosi.com.br\/wp-content\/uploads\/2024\/01\/postimg-659c40da1926f4704.jpg?fit=1200%2C628&ssl=1&resize=350%2C200 1x, https:\/\/i0.wp.com\/ismaelcolosi.com.br\/wp-content\/uploads\/2024\/01\/postimg-659c40da1926f4704.jpg?fit=1200%2C628&ssl=1&resize=525%2C300 1.5x, https:\/\/i0.wp.com\/ismaelcolosi.com.br\/wp-content\/uploads\/2024\/01\/postimg-659c40da1926f4704.jpg?fit=1200%2C628&ssl=1&resize=700%2C400 2x, https:\/\/i0.wp.com\/ismaelcolosi.com.br\/wp-content\/uploads\/2024\/01\/postimg-659c40da1926f4704.jpg?fit=1200%2C628&ssl=1&resize=1050%2C600 3x"},"classes":[]},{"id":47856,"url":"https:\/\/ismaelcolosi.com.br\/index.php\/2024\/04\/29\/homem-de-28-anos-e-executado-em-frente-campo-de-futebol-na-zona-leste-de-ribeirao\/","url_meta":{"origin":21003,"position":5},"title":"Homem de 28 anos \u00e9 executado em frente campo de futebol na zona Leste de Ribeir\u00e3o","author":"ismaelcolosi.com.br","date":"29 de April de 2024","format":false,"excerpt":"Um homem de 28 anos foi morto a tiros na madrugada deste domingo (28), em frente a um campo de futebol no Jardim Juliana, zona Leste de Ribeir\u00e3o Preto. Segundo o boletim de ocorr\u00eancia (BO), o v\u00edtima, identificada como Yuri C\u00e9sar dos Santos de Almeida, foi encontrada pela PM (Pol\u00edcia\u2026","rel":"","context":"In &quot;Not\u00edcias de Ribeir\u00e3o Preto-SP e Regi\u00e3o&quot;","block_context":{"text":"Not\u00edcias de Ribeir\u00e3o Preto-SP e Regi\u00e3o","link":"https:\/\/ismaelcolosi.com.br\/index.php\/category\/noticias-de-ribeirao-preto-sp-e-regiao-ismael-colosi\/"},"img":{"alt_text":"","src":"https:\/\/i0.wp.com\/ismaelcolosi.com.br\/wp-content\/uploads\/2024\/04\/1714396151_20220620_114539075_policia_qru_1024x576_25052021184749_jpg_715985292.jpg?fit=1200%2C606&ssl=1&resize=350%2C200","width":350,"height":200,"srcset":"https:\/\/i0.wp.com\/ismaelcolosi.com.br\/wp-content\/uploads\/2024\/04\/1714396151_20220620_114539075_policia_qru_1024x576_25052021184749_jpg_715985292.jpg?fit=1200%2C606&ssl=1&resize=350%2C200 1x, https:\/\/i0.wp.com\/ismaelcolosi.com.br\/wp-content\/uploads\/2024\/04\/1714396151_20220620_114539075_policia_qru_1024x576_25052021184749_jpg_715985292.jpg?fit=1200%2C606&ssl=1&resize=525%2C300 1.5x, https:\/\/i0.wp.com\/ismaelcolosi.com.br\/wp-content\/uploads\/2024\/04\/1714396151_20220620_114539075_policia_qru_1024x576_25052021184749_jpg_715985292.jpg?fit=1200%2C606&ssl=1&resize=700%2C400 2x, https:\/\/i0.wp.com\/ismaelcolosi.com.br\/wp-content\/uploads\/2024\/04\/1714396151_20220620_114539075_policia_qru_1024x576_25052021184749_jpg_715985292.jpg?fit=1200%2C606&ssl=1&resize=1050%2C600 3x"},"classes":[]}],"jetpack_sharing_enabled":true,"jetpack_shortlink":"https:\/\/wp.me\/pfMlyK-5sL","_links":{"self":[{"href":"https:\/\/ismaelcolosi.com.br\/index.php\/wp-json\/wp\/v2\/posts\/21003","targetHints":{"allow":["GET"]}}],"collection":[{"href":"https:\/\/ismaelcolosi.com.br\/index.php\/wp-json\/wp\/v2\/posts"}],"about":[{"href":"https:\/\/ismaelcolosi.com.br\/index.php\/wp-json\/wp\/v2\/types\/post"}],"author":[{"embeddable":true,"href":"https:\/\/ismaelcolosi.com.br\/index.php\/wp-json\/wp\/v2\/users\/1"}],"replies":[{"embeddable":true,"href":"https:\/\/ismaelcolosi.com.br\/index.php\/wp-json\/wp\/v2\/comments?post=21003"}],"version-history":[{"count":0,"href":"https:\/\/ismaelcolosi.com.br\/index.php\/wp-json\/wp\/v2\/posts\/21003\/revisions"}],"wp:featuredmedia":[{"embeddable":true,"href":"https:\/\/ismaelcolosi.com.br\/index.php\/wp-json\/wp\/v2\/media\/21004"}],"wp:attachment":[{"href":"https:\/\/ismaelcolosi.com.br\/index.php\/wp-json\/wp\/v2\/media?parent=21003"}],"wp:term":[{"taxonomy":"category","embeddable":true,"href":"https:\/\/ismaelcolosi.com.br\/index.php\/wp-json\/wp\/v2\/categories?post=21003"},{"taxonomy":"post_tag","embeddable":true,"href":"https:\/\/ismaelcolosi.com.br\/index.php\/wp-json\/wp\/v2\/tags?post=21003"}],"curies":[{"name":"wp","href":"https:\/\/api.w.org\/{rel}","templated":true}]}}