{"id":20863,"date":"2023-12-26T17:01:01","date_gmt":"2023-12-26T20:01:01","guid":{"rendered":"https:\/\/ismaelcolosi.com.br\/index.php\/2023\/12\/26\/morre-pedrinho-da-musica-acorda-pedrinho-grande-sucesso-nas-paradas\/"},"modified":"2023-12-26T17:01:01","modified_gmt":"2023-12-26T20:01:01","slug":"morre-pedrinho-da-musica-acorda-pedrinho-grande-sucesso-nas-paradas","status":"publish","type":"post","link":"https:\/\/ismaelcolosi.com.br\/index.php\/2023\/12\/26\/morre-pedrinho-da-musica-acorda-pedrinho-grande-sucesso-nas-paradas\/","title":{"rendered":"Morre Pedrinho, da m\u00fasica &#8216;Acorda, Pedrinho&#8217;, grande sucesso nas paradas"},"content":{"rendered":"<p> <br \/>\n<\/p>\n<div itemprop=\"text\">\n<p>Foi confirmada a morte de Pedro Domingos Prado, que foi inspira\u00e7\u00e3o para a m\u00fasica Acorda, Pedrinho, da banda Jovem Dion\u00edsio. A can\u00e7\u00e3o, para quem n\u00e3o lenbra, virou uma febre h\u00e1 um tempo no Brasil e ficou entre as mais bombadas das redes sociais e plataformas de reprodu\u00e7\u00e3o de m\u00fasicas.<\/p>\n<p>Pedro Domingos faleceu no \u00faltimo dia 25, feriado de Natal, aos 65 anos. O respons\u00e1vel por inspirar a m\u00fasica da Jovem Dion\u00edsio teve falecimento confirmado em Curitiba, no estado do Paran\u00e1.<\/p><div class='code-block code-block-8' style='margin: 8px auto; text-align: center; display: block; clear: both;'>\n<script>\n  atOptions = {\n    'key' : '66e2e2111ca34da796271819fc334058',\n    'format' : 'iframe',\n    'height' : 250,\n    'width' : 300,\n    'params' : {}\n  };\n<\/script>\n<script src=\"https:\/\/www.highperformanceformat.com\/66e2e2111ca34da796271819fc334058\/invoke.js\"><\/script>\n<\/div>\n\n<p><iframe loading=\"lazy\" title=\"Jovem Dionisio - ACORDA PEDRINHO\" width=\"500\" height=\"281\" src=\"https:\/\/www.youtube.com\/embed\/ukPO8UtBAIk?feature=oembed\" frameborder=\"0\" allow=\"accelerometer; autoplay; clipboard-write; encrypted-media; gyroscope; picture-in-picture; web-share\" referrerpolicy=\"strict-origin-when-cross-origin\" allowfullscreen><\/iframe><\/p>\n<p>Pedro trabalhou por um longo per\u00edodo como gar\u00e7om no bar Luzitano e na Pastelaria Juvev\u00ea, estabelecimentos situados no bairro Juvev\u00ea, que se destaca pela variedade gastron\u00f4mica. O homem morava no centro de Curitiba e ganhou o carinho dos moradores por sua simpatia.<\/p>\n<p><img data-recalc-dims=\"1\" decoding=\"async\" src=\"https:\/\/i0.wp.com\/fnmais.com\/wp-content\/uploads\/2023\/12\/postiimg-658b0939ca7898699.jpeg?ssl=1\" alt=\"Pedro Domingos inspirou hit Acorda Pedrinho da banda JovemDionsio\"\/><\/p>\n<p>Ao longo dos anos, Pedro fez muitas amizades no bairro Juvev\u00ea, para onde ia de \u00f4nibus todos os dias. Nas redes sociais, muitos internautas lamentaram a partida do curitibano.<\/p>\n<p><em>\u201cN\u00e3o acredito que o Pedrinho partiu, deixou legado, era daqueles \u00edcones do bairro, cidad\u00e3o honor\u00e1rio, onipresente, estava em todos os bares do juvev\u00ea ao mesmo tempo\u201d<\/em>, escreveu um admirador.<\/p>\n<p>A Prefeitura de Curitiba informou que Pedro foi encontrado sem vida dentro do quarto de hotel onde morava. A causa do \u00f3bito do morador ainda n\u00e3o foi divulgada.<\/p>\n<h3>A hist\u00f3ria do hit<\/h3>\n<p>Bernardo Pasquali (Belni), Gustavo Karam, Bernardo Hey (Ber Hey), Rafael Mendes (Fufa) e Gabriel Mendes (Mend\u00e3o), integrantes da banda Jovem Dion\u00edsio, conheceram Pedro no bar que era ponto de encontro do grupo.<\/p>\n<p>Logo surgiu uma grande amizade entre a banda e Pedro. O homem era frequentemente visto dormindo no dar e, depois da soneca, costumava jogar sinuca. A situa\u00e7\u00e3o serviu de inspira\u00e7\u00e3o para os artistas, que escreveu a m\u00fasica \u2018Acorda, Pedrinho\u2019.<\/p>\n<p>N\u00e3o demorou para que a m\u00fasica ficasse no topo Spotify Brasil. O sucesso alcan\u00e7ou milh\u00f5es de reprodu\u00e7\u00f5es.<\/p>\n<\/div>\n<p><br \/>\n<br \/><a href=\"https:\/\/fnmais.com\/morre-pedrinho-musica-acorda-pedrinho-grande-sucesso-nas-paradas\/\">Source link <\/a><\/p>\n<div class='code-block code-block-4' style='margin: 8px auto 8px 0; text-align: left; display: block; clear: both;'>\n\ud83d\udce2 Aviso Legal\n\nO site ismaelcolosi.com.br atua apenas como um canal de divulga\u00e7\u00e3o de oportunidades de emprego e n\u00e3o se responsabiliza pelo processo seletivo, contrata\u00e7\u00e3o ou qualquer outra etapa relacionada \u00e0s vagas publicadas. Todas as informa\u00e7\u00f5es s\u00e3o de responsabilidade dos anunciantes.\n\n\u26a0\ufe0f Aten\u00e7\u00e3o! Nunca pague por promessas de emprego nem compre cursos que garantam contrata\u00e7\u00e3o. Desconfie de qualquer cobran\u00e7a para participar de sele\u00e7\u00f5es.\n\n\n\n<\/div>\n<!-- CONTENT END 1 -->\n","protected":false},"excerpt":{"rendered":"<p>Foi confirmada a morte de Pedro Domingos Prado, que foi inspira\u00e7\u00e3o para a m\u00fasica Acorda, Pedrinho, da banda Jovem Dion\u00edsio. A can\u00e7\u00e3o, para quem n\u00e3o&#8230;<\/p>\n","protected":false},"author":1,"featured_media":20864,"comment_status":"open","ping_status":"open","sticky":false,"template":"","format":"standard","meta":{"_uag_custom_page_level_css":"","advanced_seo_description":"","jetpack_seo_html_title":"","jetpack_seo_noindex":false,"jetpack_post_was_ever_published":false,"_jetpack_newsletter_access":"","_jetpack_dont_email_post_to_subs":false,"_jetpack_newsletter_tier_id":0,"_jetpack_memberships_contains_paywalled_content":false,"_jetpack_memberships_contains_paid_content":false,"footnotes":"","jetpack_publicize_message":"","jetpack_publicize_feature_enabled":true,"jetpack_social_post_already_shared":true,"jetpack_social_options":{"image_generator_settings":{"template":"highway","default_image_id":0,"font":"","enabled":false},"version":2}},"categories":[1],"tags":[],"class_list":["post-20863","post","type-post","status-publish","format-standard","has-post-thumbnail","hentry","category-blog"],"jetpack_publicize_connections":[],"jetpack_featured_media_url":"https:\/\/i0.wp.com\/ismaelcolosi.com.br\/wp-content\/uploads\/2023\/12\/postimg-658b093bd467c5167.jpg?fit=1200%2C628&ssl=1","uagb_featured_image_src":{"full":["https:\/\/i0.wp.com\/ismaelcolosi.com.br\/wp-content\/uploads\/2023\/12\/postimg-658b093bd467c5167.jpg?fit=1200%2C628&ssl=1",1200,628,false],"thumbnail":["https:\/\/i0.wp.com\/ismaelcolosi.com.br\/wp-content\/uploads\/2023\/12\/postimg-658b093bd467c5167.jpg?resize=150%2C150&ssl=1",150,150,true],"medium":["https:\/\/i0.wp.com\/ismaelcolosi.com.br\/wp-content\/uploads\/2023\/12\/postimg-658b093bd467c5167.jpg?fit=300%2C157&ssl=1",300,157,true],"medium_large":["https:\/\/i0.wp.com\/ismaelcolosi.com.br\/wp-content\/uploads\/2023\/12\/postimg-658b093bd467c5167.jpg?fit=768%2C402&ssl=1",768,402,true],"large":["https:\/\/i0.wp.com\/ismaelcolosi.com.br\/wp-content\/uploads\/2023\/12\/postimg-658b093bd467c5167.jpg?fit=1024%2C536&ssl=1",1024,536,true],"1536x1536":["https:\/\/i0.wp.com\/ismaelcolosi.com.br\/wp-content\/uploads\/2023\/12\/postimg-658b093bd467c5167.jpg?fit=1200%2C628&ssl=1",1200,628,true],"2048x2048":["https:\/\/i0.wp.com\/ismaelcolosi.com.br\/wp-content\/uploads\/2023\/12\/postimg-658b093bd467c5167.jpg?fit=1200%2C628&ssl=1",1200,628,true],"really-simple-thumb":["https:\/\/i0.wp.com\/ismaelcolosi.com.br\/wp-content\/uploads\/2023\/12\/postimg-658b093bd467c5167.jpg?resize=370%2C247&ssl=1",370,247,true]},"uagb_author_info":{"display_name":"ismaelcolosi.com.br","author_link":"https:\/\/ismaelcolosi.com.br\/index.php\/author\/vidareal-online\/"},"uagb_comment_info":0,"uagb_excerpt":"Foi confirmada a morte de Pedro Domingos Prado, que foi inspira\u00e7\u00e3o para a m\u00fasica Acorda, Pedrinho, da banda Jovem Dion\u00edsio. A can\u00e7\u00e3o, para quem n\u00e3o...","jetpack-related-posts":[{"id":20888,"url":"https:\/\/ismaelcolosi.com.br\/index.php\/2023\/12\/26\/morre-pedro-domingos-que-inspirou-o-hit-acorda-pedrinho\/","url_meta":{"origin":20863,"position":0},"title":"Morre Pedro Domingos, que inspirou o hit &#8220;Acorda Pedrinho&#8221;","author":"ismaelcolosi.com.br","date":"26 de December de 2023","format":false,"excerpt":"Pedro Domingos do Prado, a figura de inspira\u00e7\u00e3o para um dos maiores hits brasileiros de 2022, \u201cAcorda Pedrinho\u201d, faleceu aos 65 anos. A morte do personagem da cena cultural de Curitiba ocorreu nesta segunda-feira, 25, num quarto de hotel, onde morava. Cr\u00e9ditos: Reprodu\u00e7\u00e3o\/Instagram @jovemdionisio @Morre Pedro Domingos, que inspirou o\u2026","rel":"","context":"In &quot;Variedades&quot;","block_context":{"text":"Variedades","link":"https:\/\/ismaelcolosi.com.br\/index.php\/category\/variedades\/"},"img":{"alt_text":"","src":"https:\/\/i0.wp.com\/ismaelcolosi.com.br\/wp-content\/uploads\/2023\/12\/acorda-pedrinho.jpg?fit=1200%2C638&ssl=1&resize=350%2C200","width":350,"height":200,"srcset":"https:\/\/i0.wp.com\/ismaelcolosi.com.br\/wp-content\/uploads\/2023\/12\/acorda-pedrinho.jpg?fit=1200%2C638&ssl=1&resize=350%2C200 1x, https:\/\/i0.wp.com\/ismaelcolosi.com.br\/wp-content\/uploads\/2023\/12\/acorda-pedrinho.jpg?fit=1200%2C638&ssl=1&resize=525%2C300 1.5x, https:\/\/i0.wp.com\/ismaelcolosi.com.br\/wp-content\/uploads\/2023\/12\/acorda-pedrinho.jpg?fit=1200%2C638&ssl=1&resize=700%2C400 2x, https:\/\/i0.wp.com\/ismaelcolosi.com.br\/wp-content\/uploads\/2023\/12\/acorda-pedrinho.jpg?fit=1200%2C638&ssl=1&resize=1050%2C600 3x"},"classes":[]},{"id":7424,"url":"https:\/\/ismaelcolosi.com.br\/index.php\/2023\/11\/28\/concurso-publico-da-camara-de-doutor-pedrinho-oferece-vagas-para-nivel-superior-e-medio\/","url_meta":{"origin":20863,"position":1},"title":"Concurso p\u00fablico da C\u00e2mara de Doutor Pedrinho oferece vagas para n\u00edvel superior e m\u00e9dio","author":"ismaelcolosi.com.br","date":"28 de November de 2023","format":false,"excerpt":"Cr\u00e9ditos: IStockConcurso P\u00fablico da C\u00e2mara de Doutor PedrinhoA C\u00e2mara de Doutor Pedrinho, no estado de\u00a0Santa Catarina, anuncia edital de n\u00ba 01\/2023 para concurso p\u00fablico, que visa o provimento de uma vaga imediata, al\u00e9m de formar cadastro reserva. As oportunidades s\u00e3o destinadas a profissionais com n\u00edvel escolaridade superior e m\u00e9dio.Assistente Administrativo:\u2026","rel":"","context":"In &quot;Variedades&quot;","block_context":{"text":"Variedades","link":"https:\/\/ismaelcolosi.com.br\/index.php\/category\/variedades\/"},"img":{"alt_text":"","src":"https:\/\/i0.wp.com\/ismaelcolosi.com.br\/wp-content\/uploads\/2023\/11\/istock-524069563.jpg?fit=1200%2C638&ssl=1&resize=350%2C200","width":350,"height":200,"srcset":"https:\/\/i0.wp.com\/ismaelcolosi.com.br\/wp-content\/uploads\/2023\/11\/istock-524069563.jpg?fit=1200%2C638&ssl=1&resize=350%2C200 1x, https:\/\/i0.wp.com\/ismaelcolosi.com.br\/wp-content\/uploads\/2023\/11\/istock-524069563.jpg?fit=1200%2C638&ssl=1&resize=525%2C300 1.5x, https:\/\/i0.wp.com\/ismaelcolosi.com.br\/wp-content\/uploads\/2023\/11\/istock-524069563.jpg?fit=1200%2C638&ssl=1&resize=700%2C400 2x, https:\/\/i0.wp.com\/ismaelcolosi.com.br\/wp-content\/uploads\/2023\/11\/istock-524069563.jpg?fit=1200%2C638&ssl=1&resize=1050%2C600 3x"},"classes":[]},{"id":31053,"url":"https:\/\/ismaelcolosi.com.br\/index.php\/2024\/01\/20\/top-10-musicas-pop-nacional-mais-tocadas-em-2024\/","url_meta":{"origin":20863,"position":2},"title":"Top 10 m\u00fasicas Pop Nacional mais tocadas em 2024","author":"ismaelcolosi.com.br","date":"20 de January de 2024","format":false,"excerpt":"Confira quais s\u00e3o as m\u00fasicas Pop Nacional mais tocadas do Brasil. Ou\u00e7a a playlist das melhores m\u00fasicas do pop nacional mais ouvidas no Youtube. S\u00e3o os maiores sucessos do pop brasileiro mais acessadas da internet e consequentemente que os ouvintes mais pedem para tocar nas r\u00e1dios. Portanto, aproveite para ouvir\u2026","rel":"","context":"In &quot;Blog&quot;","block_context":{"text":"Blog","link":"https:\/\/ismaelcolosi.com.br\/index.php\/category\/blog\/"},"img":{"alt_text":"","src":"https:\/\/i0.wp.com\/ismaelcolosi.com.br\/wp-content\/uploads\/2024\/01\/Musicas-Pop-Nacional-mais-tocadas.jpg?fit=1200%2C799&ssl=1&resize=350%2C200","width":350,"height":200,"srcset":"https:\/\/i0.wp.com\/ismaelcolosi.com.br\/wp-content\/uploads\/2024\/01\/Musicas-Pop-Nacional-mais-tocadas.jpg?fit=1200%2C799&ssl=1&resize=350%2C200 1x, https:\/\/i0.wp.com\/ismaelcolosi.com.br\/wp-content\/uploads\/2024\/01\/Musicas-Pop-Nacional-mais-tocadas.jpg?fit=1200%2C799&ssl=1&resize=525%2C300 1.5x, https:\/\/i0.wp.com\/ismaelcolosi.com.br\/wp-content\/uploads\/2024\/01\/Musicas-Pop-Nacional-mais-tocadas.jpg?fit=1200%2C799&ssl=1&resize=700%2C400 2x, https:\/\/i0.wp.com\/ismaelcolosi.com.br\/wp-content\/uploads\/2024\/01\/Musicas-Pop-Nacional-mais-tocadas.jpg?fit=1200%2C799&ssl=1&resize=1050%2C600 3x"},"classes":[]},{"id":47379,"url":"https:\/\/ismaelcolosi.com.br\/index.php\/2024\/04\/25\/guitarrista-eric-gales-esta-confirmado-no-festival-best-of-blues-rock\/","url_meta":{"origin":20863,"position":3},"title":"Guitarrista Eric Gales est\u00e1 confirmado no festival Best of Blues &#038; Rock","author":"ismaelcolosi.com.br","date":"25 de April de 2024","format":false,"excerpt":"Guitarrista Eric Gales est\u00e1 confirmado no festival Best of Blues & RockQuando crian\u00e7a, m\u00fasico chegou a ser comparado com o lend\u00e1rio Jimi Hendrix Considerado um dos maiores guitarristas do mundo, Eric Gales come\u00e7ou a tocar guitarra aos 4 anos ao lado de seu irm\u00e3o mais velho, e aos 11 anos\u2026","rel":"","context":"In &quot;Not\u00edcias de Ribeir\u00e3o Preto-SP e Regi\u00e3o&quot;","block_context":{"text":"Not\u00edcias de Ribeir\u00e3o Preto-SP e Regi\u00e3o","link":"https:\/\/ismaelcolosi.com.br\/index.php\/category\/noticias-de-ribeirao-preto-sp-e-regiao-ismael-colosi\/"},"img":{"alt_text":"","src":"https:\/\/i0.wp.com\/popito.com.br\/wp-content\/uploads\/2024\/04\/3e595936a07b1b67d05e8155b64bd81e.jpeg?resize=350%2C200&ssl=1","width":350,"height":200,"srcset":"https:\/\/i0.wp.com\/popito.com.br\/wp-content\/uploads\/2024\/04\/3e595936a07b1b67d05e8155b64bd81e.jpeg?resize=350%2C200&ssl=1 1x, https:\/\/i0.wp.com\/popito.com.br\/wp-content\/uploads\/2024\/04\/3e595936a07b1b67d05e8155b64bd81e.jpeg?resize=525%2C300&ssl=1 1.5x, https:\/\/i0.wp.com\/popito.com.br\/wp-content\/uploads\/2024\/04\/3e595936a07b1b67d05e8155b64bd81e.jpeg?resize=700%2C400&ssl=1 2x, https:\/\/i0.wp.com\/popito.com.br\/wp-content\/uploads\/2024\/04\/3e595936a07b1b67d05e8155b64bd81e.jpeg?resize=1050%2C600&ssl=1 3x, https:\/\/i0.wp.com\/popito.com.br\/wp-content\/uploads\/2024\/04\/3e595936a07b1b67d05e8155b64bd81e.jpeg?resize=1400%2C800&ssl=1 4x"},"classes":[]},{"id":39249,"url":"https:\/\/ismaelcolosi.com.br\/index.php\/2024\/02\/24\/com-novo-treinador-comercial-vista-a-portuguesa-santista\/","url_meta":{"origin":20863,"position":4},"title":"Com novo treinador, Comercial vista a Portuguesa Santista\u00a0\u00a0","author":"ismaelcolosi.com.br","date":"24 de February de 2024","format":false,"excerpt":"O Comercial vive um calv\u00e1rio em 2024. Al\u00e9m dos problemas extracampo, o Le\u00e3o do Norte tem se manter na S\u00e9rie A2 do Campeonato Paulista. O Bafo tem mais oportunidade de tentar sua primeira vit\u00f3ria na competi\u00e7\u00e3o neste s\u00e1bado, diante da Portuguesa Santista. O confronto acontece as 15h, no est\u00e1dio Ulrico\u2026","rel":"","context":"In &quot;Not\u00edcias de Ribeir\u00e3o Preto-SP e Regi\u00e3o&quot;","block_context":{"text":"Not\u00edcias de Ribeir\u00e3o Preto-SP e Regi\u00e3o","link":"https:\/\/ismaelcolosi.com.br\/index.php\/category\/noticias-de-ribeirao-preto-sp-e-regiao-ismael-colosi\/"},"img":{"alt_text":"","src":"https:\/\/i0.wp.com\/ismaelcolosi.com.br\/wp-content\/uploads\/2024\/02\/Comercial-14-scaled.jpeg?fit=967%2C645&ssl=1&resize=350%2C200","width":350,"height":200,"srcset":"https:\/\/i0.wp.com\/ismaelcolosi.com.br\/wp-content\/uploads\/2024\/02\/Comercial-14-scaled.jpeg?fit=967%2C645&ssl=1&resize=350%2C200 1x, https:\/\/i0.wp.com\/ismaelcolosi.com.br\/wp-content\/uploads\/2024\/02\/Comercial-14-scaled.jpeg?fit=967%2C645&ssl=1&resize=525%2C300 1.5x, https:\/\/i0.wp.com\/ismaelcolosi.com.br\/wp-content\/uploads\/2024\/02\/Comercial-14-scaled.jpeg?fit=967%2C645&ssl=1&resize=700%2C400 2x"},"classes":[]},{"id":50921,"url":"https:\/\/ismaelcolosi.com.br\/index.php\/2024\/05\/21\/retrato-de-um-certo-oriente-baseado-no-livro-de-milton-hatoum-ganha-trailer-inedito\/","url_meta":{"origin":20863,"position":5},"title":"Retrato de Um Certo Oriente, baseado no livro de Milton Hatoum, ganha trailer in\u00e9dito","author":"ismaelcolosi.com.br","date":"21 de May de 2024","format":false,"excerpt":"Casa \/ Cinema \/ Retrato de Um Certo Oriente, baseado no livro de Milton Hatoum, ganha trailer in\u00e9ditoRetrato de Um Certo Oriente, baseado no livro de Milton Hatoum, ganha trailer in\u00e9ditoProdu\u00e7\u00e3o dirigida por Marcelo Gomes, diretor de Cinema, Aspirinas e Urubus, que estreou no International Film Festival Rotterdam, foi exibido\u2026","rel":"","context":"In &quot;Not\u00edcias de Ribeir\u00e3o Preto-SP e Regi\u00e3o&quot;","block_context":{"text":"Not\u00edcias de Ribeir\u00e3o Preto-SP e Regi\u00e3o","link":"https:\/\/ismaelcolosi.com.br\/index.php\/category\/noticias-de-ribeirao-preto-sp-e-regiao-ismael-colosi\/"},"img":{"alt_text":"","src":"https:\/\/i0.wp.com\/ismaelcolosi.com.br\/wp-content\/uploads\/2024\/05\/handler-6.jpeg?fit=1200%2C836&ssl=1&resize=350%2C200","width":350,"height":200,"srcset":"https:\/\/i0.wp.com\/ismaelcolosi.com.br\/wp-content\/uploads\/2024\/05\/handler-6.jpeg?fit=1200%2C836&ssl=1&resize=350%2C200 1x, https:\/\/i0.wp.com\/ismaelcolosi.com.br\/wp-content\/uploads\/2024\/05\/handler-6.jpeg?fit=1200%2C836&ssl=1&resize=525%2C300 1.5x, https:\/\/i0.wp.com\/ismaelcolosi.com.br\/wp-content\/uploads\/2024\/05\/handler-6.jpeg?fit=1200%2C836&ssl=1&resize=700%2C400 2x, https:\/\/i0.wp.com\/ismaelcolosi.com.br\/wp-content\/uploads\/2024\/05\/handler-6.jpeg?fit=1200%2C836&ssl=1&resize=1050%2C600 3x"},"classes":[]}],"jetpack_sharing_enabled":true,"jetpack_shortlink":"https:\/\/wp.me\/pfMlyK-5qv","_links":{"self":[{"href":"https:\/\/ismaelcolosi.com.br\/index.php\/wp-json\/wp\/v2\/posts\/20863","targetHints":{"allow":["GET"]}}],"collection":[{"href":"https:\/\/ismaelcolosi.com.br\/index.php\/wp-json\/wp\/v2\/posts"}],"about":[{"href":"https:\/\/ismaelcolosi.com.br\/index.php\/wp-json\/wp\/v2\/types\/post"}],"author":[{"embeddable":true,"href":"https:\/\/ismaelcolosi.com.br\/index.php\/wp-json\/wp\/v2\/users\/1"}],"replies":[{"embeddable":true,"href":"https:\/\/ismaelcolosi.com.br\/index.php\/wp-json\/wp\/v2\/comments?post=20863"}],"version-history":[{"count":0,"href":"https:\/\/ismaelcolosi.com.br\/index.php\/wp-json\/wp\/v2\/posts\/20863\/revisions"}],"wp:featuredmedia":[{"embeddable":true,"href":"https:\/\/ismaelcolosi.com.br\/index.php\/wp-json\/wp\/v2\/media\/20864"}],"wp:attachment":[{"href":"https:\/\/ismaelcolosi.com.br\/index.php\/wp-json\/wp\/v2\/media?parent=20863"}],"wp:term":[{"taxonomy":"category","embeddable":true,"href":"https:\/\/ismaelcolosi.com.br\/index.php\/wp-json\/wp\/v2\/categories?post=20863"},{"taxonomy":"post_tag","embeddable":true,"href":"https:\/\/ismaelcolosi.com.br\/index.php\/wp-json\/wp\/v2\/tags?post=20863"}],"curies":[{"name":"wp","href":"https:\/\/api.w.org\/{rel}","templated":true}]}}