{"id":20585,"date":"2023-12-26T01:03:15","date_gmt":"2023-12-26T04:03:15","guid":{"rendered":"https:\/\/ismaelcolosi.com.br\/index.php\/2023\/12\/26\/quem-sao-as-5-vitimas-da-mesma-familia-que-nao-resistiram-apos-carro-cair-em-rio-em-ro\/"},"modified":"2023-12-26T01:03:15","modified_gmt":"2023-12-26T04:03:15","slug":"quem-sao-as-5-vitimas-da-mesma-familia-que-nao-resistiram-apos-carro-cair-em-rio-em-ro","status":"publish","type":"post","link":"https:\/\/ismaelcolosi.com.br\/index.php\/2023\/12\/26\/quem-sao-as-5-vitimas-da-mesma-familia-que-nao-resistiram-apos-carro-cair-em-rio-em-ro\/","title":{"rendered":"Quem s\u00e3o as 5 v\u00edtimas da mesma fam\u00edlia que n\u00e3o resistiram ap\u00f3s carro cair em rio em RO"},"content":{"rendered":"<p> [ad_1]<br \/>\n<\/p>\n<div itemprop=\"text\">\n<p>Uma trag\u00e9dia aconteceu e tirou a vida de cinco pessoas da mesma fam\u00edlia na localidade de Pimenteiras do Oeste, em Rond\u00f4nia. As v\u00edtimas foram identificas e mais detalhes diante do assunto foram divulgados.<\/p>\n<p>No tr\u00e1gico acidente ocorrido em Pimenteiras do Oeste, as v\u00edtimas foram identificadas como S\u00f4nia Valadares dos Santos, uma m\u00e9dica de 44 anos, natural de Cerejeiras, Rond\u00f4nia. S\u00f4nia, que costumava visitar parentes na regi\u00e3o, estava acompanhada por Marcos Valadares dos Santos (46 anos), Leice C\u00e2ndida Oliveira Santos (43 anos), Jo\u00e3o Carlos Valadares Cidalio (22 anos) e Guilherme Valadares Guimar\u00e3es dos Santos (9 anos).<\/p>\n<p>O acidente ocorreu quando S\u00f4nia, dirigindo um Mitsubishi Pajero com placa de Goi\u00e2nia \u2013 Goi\u00e1s, perdeu o controle do ve\u00edculo ao tentar atravessar a ponte sobre o Rio Santa Cruz.<\/p>\n<p>Infelizmente, o carro ficou submerso no rio, com as rodas para cima, tornando imposs\u00edvel a sa\u00edda das v\u00edtimas. Das seis pessoas a bordo, Silvani Valadares foi a \u00fanica sobrevivente e est\u00e1 sob cuidados m\u00e9dicos, sem apresentar riscos de sa\u00fade.<\/p>\n<p>Os corpos das v\u00edtimas foram posteriormente recuperados do local por uma funer\u00e1ria. Atualmente, as autoridades est\u00e3o conduzindo investiga\u00e7\u00f5es para determinar as circunst\u00e2ncias exatas que levaram ao acidente.<\/p>\n<p>Em resposta a esse tr\u00e1gico incidente, as autoridades locais est\u00e3o emitindo alertas aos motoristas, solicitando que redobrem a aten\u00e7\u00e3o ao trafegar pela regi\u00e3o, especialmente em \u00e1reas onde as condi\u00e7\u00f5es da estrada e do clima podem representar riscos. Este epis\u00f3dio serve como um lembrete tr\u00e1gico da import\u00e2ncia da seguran\u00e7a nas estradas e da necessidade de precau\u00e7\u00e3o ao dirigir.<\/p>\n<\/div>\n<p>[ad_2]<br \/>\n<br \/><a href=\"https:\/\/fnmais.com\/quem-sao-5-vitimas-mesma-familia-que-nao-resistiram-apos-carro-cair-em-rio-em-ro\/\" target=\"_blank\" rel=\"noopener\">Source link <\/a><\/p>\n<div class='code-block code-block-4' style='margin: 8px auto 8px 0; text-align: left; display: block; clear: both;'>\n\ud83d\udce2 Aviso Legal\n\nO site ismaelcolosi.com.br atua apenas como um canal de divulga\u00e7\u00e3o de oportunidades de emprego e n\u00e3o se responsabiliza pelo processo seletivo, contrata\u00e7\u00e3o ou qualquer outra etapa relacionada \u00e0s vagas publicadas. Todas as informa\u00e7\u00f5es s\u00e3o de responsabilidade dos anunciantes.\n\n\u26a0\ufe0f Aten\u00e7\u00e3o! Nunca pague por promessas de emprego nem compre cursos que garantam contrata\u00e7\u00e3o. Desconfie de qualquer cobran\u00e7a para participar de sele\u00e7\u00f5es.\n\n\n\n<\/div>\n<!-- CONTENT END 1 -->\n","protected":false},"excerpt":{"rendered":"<p>[ad_1] Uma trag\u00e9dia aconteceu e tirou a vida de cinco pessoas da mesma fam\u00edlia na localidade de Pimenteiras do Oeste, em Rond\u00f4nia. As v\u00edtimas foram identificas e mais detalhes diante do assunto foram divulgados. No tr\u00e1gico acidente ocorrido em Pimenteiras do Oeste, as v\u00edtimas foram identificadas como S\u00f4nia Valadares dos Santos, uma m\u00e9dica de 44&hellip;&nbsp;<\/p>\n","protected":false},"author":1,"featured_media":20586,"comment_status":"open","ping_status":"open","sticky":false,"template":"","format":"standard","meta":{"_uag_custom_page_level_css":"","neve_meta_sidebar":"","neve_meta_container":"","neve_meta_enable_content_width":"","neve_meta_content_width":0,"neve_meta_title_alignment":"","neve_meta_author_avatar":"","neve_post_elements_order":"","neve_meta_disable_header":"","neve_meta_disable_footer":"","neve_meta_disable_title":"","_jetpack_newsletter_access":"","_jetpack_dont_email_post_to_subs":false,"_jetpack_newsletter_tier_id":0,"_jetpack_memberships_contains_paywalled_content":false,"_jetpack_memberships_contains_paid_content":false,"footnotes":""},"categories":[1],"tags":[],"class_list":["post-20585","post","type-post","status-publish","format-standard","has-post-thumbnail","hentry","category-blog"],"uagb_featured_image_src":{"full":["https:\/\/i0.wp.com\/ismaelcolosi.com.br\/wp-content\/uploads\/2023\/12\/postimg-658a439c5379a5311.jpg?fit=1200%2C628&ssl=1",1200,628,false],"thumbnail":["https:\/\/i0.wp.com\/ismaelcolosi.com.br\/wp-content\/uploads\/2023\/12\/postimg-658a439c5379a5311.jpg?resize=150%2C150&ssl=1",150,150,true],"medium":["https:\/\/i0.wp.com\/ismaelcolosi.com.br\/wp-content\/uploads\/2023\/12\/postimg-658a439c5379a5311.jpg?fit=300%2C157&ssl=1",300,157,true],"medium_large":["https:\/\/i0.wp.com\/ismaelcolosi.com.br\/wp-content\/uploads\/2023\/12\/postimg-658a439c5379a5311.jpg?fit=768%2C402&ssl=1",768,402,true],"large":["https:\/\/i0.wp.com\/ismaelcolosi.com.br\/wp-content\/uploads\/2023\/12\/postimg-658a439c5379a5311.jpg?fit=1024%2C536&ssl=1",1024,536,true],"1536x1536":["https:\/\/i0.wp.com\/ismaelcolosi.com.br\/wp-content\/uploads\/2023\/12\/postimg-658a439c5379a5311.jpg?fit=1200%2C628&ssl=1",1200,628,true],"2048x2048":["https:\/\/i0.wp.com\/ismaelcolosi.com.br\/wp-content\/uploads\/2023\/12\/postimg-658a439c5379a5311.jpg?fit=1200%2C628&ssl=1",1200,628,true],"neve-blog":["https:\/\/i0.wp.com\/ismaelcolosi.com.br\/wp-content\/uploads\/2023\/12\/postimg-658a439c5379a5311.jpg?resize=930%2C620&ssl=1",930,620,true]},"uagb_author_info":{"display_name":"ismaelcolosi.com.br","author_link":"https:\/\/ismaelcolosi.com.br\/author\/vidareal-online\/"},"uagb_comment_info":0,"uagb_excerpt":"[ad_1] Uma trag\u00e9dia aconteceu e tirou a vida de cinco pessoas da mesma fam\u00edlia na localidade de Pimenteiras do Oeste, em Rond\u00f4nia. As v\u00edtimas foram identificas e mais detalhes diante do assunto foram divulgados. No tr\u00e1gico acidente ocorrido em Pimenteiras do Oeste, as v\u00edtimas foram identificadas como S\u00f4nia Valadares dos Santos, uma m\u00e9dica de 44&hellip;&nbsp;","jetpack-related-posts":[{"id":15313,"url":"https:\/\/ismaelcolosi.com.br\/index.php\/2023\/12\/13\/mae-passa-por-local-onde-ocorreu-acidente-de-transito-e-descobre-que-a-vitima-fatal-e-o-proprio-filho\/","url_meta":{"origin":20585,"position":0},"title":"M\u00e3e passa por local onde ocorreu acidente de tr\u00e2nsito e descobre que a v\u00edtima fatal \u00e9 o pr\u00f3prio filho","author":"ismaelcolosi.com.br","date":"13 de Dezembro de 2023","format":false,"excerpt":"[ad_1] Este caso triste ganhou uma grande repercuss\u00e3o nas redes sociais e se tornou destaque nos principais portais de not\u00edcias de todo o pa\u00eds.Na noite do \u00faltimo s\u00e1bado (9), um jovem de 18 anos, que n\u00e3o possu\u00eda habilita\u00e7\u00e3o para conduzir motocicletas, faleceu em um acidente no trevo entre as rodovias\u2026","rel":"","context":"In &quot;Blog&quot;","block_context":{"text":"Blog","link":"https:\/\/ismaelcolosi.com.br\/index.php\/category\/blog\/"},"img":{"alt_text":"","src":"https:\/\/i0.wp.com\/ismaelcolosi.com.br\/wp-content\/uploads\/2023\/12\/postimg-6579ba55e420f9744.jpg?fit=1200%2C628&ssl=1&resize=350%2C200","width":350,"height":200,"srcset":"https:\/\/i0.wp.com\/ismaelcolosi.com.br\/wp-content\/uploads\/2023\/12\/postimg-6579ba55e420f9744.jpg?fit=1200%2C628&ssl=1&resize=350%2C200 1x, https:\/\/i0.wp.com\/ismaelcolosi.com.br\/wp-content\/uploads\/2023\/12\/postimg-6579ba55e420f9744.jpg?fit=1200%2C628&ssl=1&resize=525%2C300 1.5x, https:\/\/i0.wp.com\/ismaelcolosi.com.br\/wp-content\/uploads\/2023\/12\/postimg-6579ba55e420f9744.jpg?fit=1200%2C628&ssl=1&resize=700%2C400 2x, https:\/\/i0.wp.com\/ismaelcolosi.com.br\/wp-content\/uploads\/2023\/12\/postimg-6579ba55e420f9744.jpg?fit=1200%2C628&ssl=1&resize=1050%2C600 3x"},"classes":[]},{"id":7589,"url":"https:\/\/ismaelcolosi.com.br\/index.php\/2023\/11\/28\/quem-sao-as-vitimas-de-grave-acidente-na-fernao-dias-que-causou-6-falecimentos-eram-da-mesma-familia-e-outros-iam-para-consulta\/","url_meta":{"origin":20585,"position":1},"title":"Quem s\u00e3o as v\u00edtimas de grave acidente na Fern\u00e3o Dias que causou 6 falecimentos; eram da mesma fam\u00edlia e outros iam para consulta","author":"ismaelcolosi.com.br","date":"28 de Novembro de 2023","format":false,"excerpt":"[ad_1] Nesta segunda-feira, dia 27 de novembro, um tr\u00e1gico acidente aconteceu em uma rodovia e tirou a vida de seis pessoas. A situa\u00e7\u00e3o ocorreu na rodovia Fern\u00e3o Dias, na regi\u00e3o de Minas Gerais, em Belo Horizonte. Segundo o que foi informado, quatro v\u00edtimas eram da mesma fam\u00edlia.O local \u00e9 pr\u00f3ximo\u2026","rel":"","context":"In &quot;Blog&quot;","block_context":{"text":"Blog","link":"https:\/\/ismaelcolosi.com.br\/index.php\/category\/blog\/"},"img":{"alt_text":"","src":"https:\/\/i0.wp.com\/ismaelcolosi.com.br\/wp-content\/uploads\/2023\/11\/postimg-656613f0c75073881.jpg?fit=1200%2C628&ssl=1&resize=350%2C200","width":350,"height":200,"srcset":"https:\/\/i0.wp.com\/ismaelcolosi.com.br\/wp-content\/uploads\/2023\/11\/postimg-656613f0c75073881.jpg?fit=1200%2C628&ssl=1&resize=350%2C200 1x, https:\/\/i0.wp.com\/ismaelcolosi.com.br\/wp-content\/uploads\/2023\/11\/postimg-656613f0c75073881.jpg?fit=1200%2C628&ssl=1&resize=525%2C300 1.5x, https:\/\/i0.wp.com\/ismaelcolosi.com.br\/wp-content\/uploads\/2023\/11\/postimg-656613f0c75073881.jpg?fit=1200%2C628&ssl=1&resize=700%2C400 2x, https:\/\/i0.wp.com\/ismaelcolosi.com.br\/wp-content\/uploads\/2023\/11\/postimg-656613f0c75073881.jpg?fit=1200%2C628&ssl=1&resize=1050%2C600 3x"},"classes":[]},{"id":25523,"url":"https:\/\/ismaelcolosi.com.br\/index.php\/2024\/01\/07\/quem-sao-as-vitimas-fatais-do-grave-acidente-na-br-282-que-deixou-varios-feridos-entre-eles-uma-crianca-em-estado-grave\/","url_meta":{"origin":20585,"position":2},"title":"Quem s\u00e3o as v\u00edtimas fatais do grave acidente na BR-282, que deixou v\u00e1rios feridos, entre eles uma crian\u00e7a em estado grave","author":"ismaelcolosi.com.br","date":"7 de Janeiro de 2024","format":false,"excerpt":"[ad_1] Na manh\u00e3 deste \u00faltimo s\u00e1bado (6), um s\u00e9rio acidente de tr\u00e2nsito ocorreu na rodovia BR-282, na altura do munic\u00edpio de Xanxer\u00ea, localizado na regi\u00e3o Oeste de Santa Catarina, resultando em duas v\u00edtimas fatais e sete feridos.Os socorristas do Corpo de Bombeiros, respons\u00e1veis pelo atendimento da ocorr\u00eancia informaram que a\u2026","rel":"","context":"In &quot;Blog&quot;","block_context":{"text":"Blog","link":"https:\/\/ismaelcolosi.com.br\/index.php\/category\/blog\/"},"img":{"alt_text":"","src":"https:\/\/i0.wp.com\/ismaelcolosi.com.br\/wp-content\/uploads\/2024\/01\/postimg-659ae460a29672334.jpg?fit=1200%2C628&ssl=1&resize=350%2C200","width":350,"height":200,"srcset":"https:\/\/i0.wp.com\/ismaelcolosi.com.br\/wp-content\/uploads\/2024\/01\/postimg-659ae460a29672334.jpg?fit=1200%2C628&ssl=1&resize=350%2C200 1x, https:\/\/i0.wp.com\/ismaelcolosi.com.br\/wp-content\/uploads\/2024\/01\/postimg-659ae460a29672334.jpg?fit=1200%2C628&ssl=1&resize=525%2C300 1.5x, https:\/\/i0.wp.com\/ismaelcolosi.com.br\/wp-content\/uploads\/2024\/01\/postimg-659ae460a29672334.jpg?fit=1200%2C628&ssl=1&resize=700%2C400 2x, https:\/\/i0.wp.com\/ismaelcolosi.com.br\/wp-content\/uploads\/2024\/01\/postimg-659ae460a29672334.jpg?fit=1200%2C628&ssl=1&resize=1050%2C600 3x"},"classes":[]},{"id":10716,"url":"https:\/\/ismaelcolosi.com.br\/index.php\/2023\/12\/05\/quem-sao-mae-e-filha-que-morreram-em-grave-acidente-causado-por-motorista-embriagado\/","url_meta":{"origin":20585,"position":3},"title":"Quem s\u00e3o m\u00e3e e filha que morreram em grave acidente causado por motorista embriagado","author":"ismaelcolosi.com.br","date":"5 de Dezembro de 2023","format":false,"excerpt":"[ad_1] Um grave acidente provocado por um motorista b\u00eabado provocou uma verdadeira trag\u00e9dia e deixou uma fam\u00edlia devastada e mergulhada na dor do luto por causa do \u00f3bito de entes queridos.Uma mulher de 27 anos e sua filha, de 12 anos, perderam a vida em uma colis\u00e3o fatal que envolveu\u2026","rel":"","context":"In &quot;Blog&quot;","block_context":{"text":"Blog","link":"https:\/\/ismaelcolosi.com.br\/index.php\/category\/blog\/"},"img":{"alt_text":"","src":"https:\/\/i0.wp.com\/ismaelcolosi.com.br\/wp-content\/uploads\/2023\/12\/postimg-656e939e669e18056.jpg?fit=1200%2C628&ssl=1&resize=350%2C200","width":350,"height":200,"srcset":"https:\/\/i0.wp.com\/ismaelcolosi.com.br\/wp-content\/uploads\/2023\/12\/postimg-656e939e669e18056.jpg?fit=1200%2C628&ssl=1&resize=350%2C200 1x, https:\/\/i0.wp.com\/ismaelcolosi.com.br\/wp-content\/uploads\/2023\/12\/postimg-656e939e669e18056.jpg?fit=1200%2C628&ssl=1&resize=525%2C300 1.5x, https:\/\/i0.wp.com\/ismaelcolosi.com.br\/wp-content\/uploads\/2023\/12\/postimg-656e939e669e18056.jpg?fit=1200%2C628&ssl=1&resize=700%2C400 2x, https:\/\/i0.wp.com\/ismaelcolosi.com.br\/wp-content\/uploads\/2023\/12\/postimg-656e939e669e18056.jpg?fit=1200%2C628&ssl=1&resize=1050%2C600 3x"},"classes":[]},{"id":25841,"url":"https:\/\/ismaelcolosi.com.br\/index.php\/2024\/01\/08\/quem-sao-as-vitimas-fatais-do-acidente-entre-onibus-e-caminhao-que-ocorreu-no-interior-da-ba\/","url_meta":{"origin":20585,"position":4},"title":"Quem s\u00e3o as v\u00edtimas fatais do acidente entre \u00f4nibus e caminh\u00e3o que ocorreu no interior da BA","author":"ismaelcolosi.com.br","date":"8 de Janeiro de 2024","format":false,"excerpt":"[ad_1] Uma trag\u00e9dia ocorreu na noite deste \u00faltimo domingo (7), na rodovia BR-324, na altura da cidade de S\u00e3o Jos\u00e9 do Jacu\u00edpe, localizada na regi\u00e3o norte da Bahia, envolvendo um micro-\u00f4nibus que\u00a0transportava\u00a0turistas e um caminh\u00e3o.A Pol\u00edcia Rodovi\u00e1ria Federal (FRF), j\u00e1 identificou pelo menos 11 pessoas que morreram nesta trag\u00e9dia, entre\u2026","rel":"","context":"In &quot;Blog&quot;","block_context":{"text":"Blog","link":"https:\/\/ismaelcolosi.com.br\/index.php\/category\/blog\/"},"img":{"alt_text":"","src":"https:\/\/i0.wp.com\/ismaelcolosi.com.br\/wp-content\/uploads\/2024\/01\/postimg-659c46b1536576547.jpg?fit=1200%2C628&ssl=1&resize=350%2C200","width":350,"height":200,"srcset":"https:\/\/i0.wp.com\/ismaelcolosi.com.br\/wp-content\/uploads\/2024\/01\/postimg-659c46b1536576547.jpg?fit=1200%2C628&ssl=1&resize=350%2C200 1x, https:\/\/i0.wp.com\/ismaelcolosi.com.br\/wp-content\/uploads\/2024\/01\/postimg-659c46b1536576547.jpg?fit=1200%2C628&ssl=1&resize=525%2C300 1.5x, https:\/\/i0.wp.com\/ismaelcolosi.com.br\/wp-content\/uploads\/2024\/01\/postimg-659c46b1536576547.jpg?fit=1200%2C628&ssl=1&resize=700%2C400 2x, https:\/\/i0.wp.com\/ismaelcolosi.com.br\/wp-content\/uploads\/2024\/01\/postimg-659c46b1536576547.jpg?fit=1200%2C628&ssl=1&resize=1050%2C600 3x"},"classes":[]},{"id":8277,"url":"https:\/\/ismaelcolosi.com.br\/index.php\/2023\/11\/29\/quem-e-a-brasileira-que-foi-morta-nos-eua-pelo-proprio-namorado\/","url_meta":{"origin":20585,"position":5},"title":"Quem \u00e9 a brasileira que foi morta nos EUA pelo pr\u00f3prio namorado","author":"ismaelcolosi.com.br","date":"29 de Novembro de 2023","format":false,"excerpt":"[ad_1] Uma hist\u00f3ria de amor transformada em trag\u00e9dia chocou a comunidade brasileira em Marlborough, Massachusetts, nos Estados Unidos.Kethlen de Paula Alves Tavares, uma jovem de 28 anos natural de Governador Valadares (MG), foi encontrada morta junto com seu namorado Marlon Costa, de 27 anos e natural de Ipatinga, ap\u00f3s um\u2026","rel":"","context":"In &quot;Blog&quot;","block_context":{"text":"Blog","link":"https:\/\/ismaelcolosi.com.br\/index.php\/category\/blog\/"},"img":{"alt_text":"","src":"https:\/\/i0.wp.com\/ismaelcolosi.com.br\/wp-content\/uploads\/2023\/11\/postimg-6567bace24a042945.jpg?fit=1200%2C628&ssl=1&resize=350%2C200","width":350,"height":200,"srcset":"https:\/\/i0.wp.com\/ismaelcolosi.com.br\/wp-content\/uploads\/2023\/11\/postimg-6567bace24a042945.jpg?fit=1200%2C628&ssl=1&resize=350%2C200 1x, https:\/\/i0.wp.com\/ismaelcolosi.com.br\/wp-content\/uploads\/2023\/11\/postimg-6567bace24a042945.jpg?fit=1200%2C628&ssl=1&resize=525%2C300 1.5x, https:\/\/i0.wp.com\/ismaelcolosi.com.br\/wp-content\/uploads\/2023\/11\/postimg-6567bace24a042945.jpg?fit=1200%2C628&ssl=1&resize=700%2C400 2x, https:\/\/i0.wp.com\/ismaelcolosi.com.br\/wp-content\/uploads\/2023\/11\/postimg-6567bace24a042945.jpg?fit=1200%2C628&ssl=1&resize=1050%2C600 3x"},"classes":[]}],"jetpack_sharing_enabled":true,"jetpack_shortlink":"https:\/\/wp.me\/pfMlyK-5m1","jetpack_featured_media_url":"https:\/\/i0.wp.com\/ismaelcolosi.com.br\/wp-content\/uploads\/2023\/12\/postimg-658a439c5379a5311.jpg?fit=1200%2C628&ssl=1","_links":{"self":[{"href":"https:\/\/ismaelcolosi.com.br\/index.php\/wp-json\/wp\/v2\/posts\/20585","targetHints":{"allow":["GET"]}}],"collection":[{"href":"https:\/\/ismaelcolosi.com.br\/index.php\/wp-json\/wp\/v2\/posts"}],"about":[{"href":"https:\/\/ismaelcolosi.com.br\/index.php\/wp-json\/wp\/v2\/types\/post"}],"author":[{"embeddable":true,"href":"https:\/\/ismaelcolosi.com.br\/index.php\/wp-json\/wp\/v2\/users\/1"}],"replies":[{"embeddable":true,"href":"https:\/\/ismaelcolosi.com.br\/index.php\/wp-json\/wp\/v2\/comments?post=20585"}],"version-history":[{"count":0,"href":"https:\/\/ismaelcolosi.com.br\/index.php\/wp-json\/wp\/v2\/posts\/20585\/revisions"}],"wp:featuredmedia":[{"embeddable":true,"href":"https:\/\/ismaelcolosi.com.br\/index.php\/wp-json\/wp\/v2\/media\/20586"}],"wp:attachment":[{"href":"https:\/\/ismaelcolosi.com.br\/index.php\/wp-json\/wp\/v2\/media?parent=20585"}],"wp:term":[{"taxonomy":"category","embeddable":true,"href":"https:\/\/ismaelcolosi.com.br\/index.php\/wp-json\/wp\/v2\/categories?post=20585"},{"taxonomy":"post_tag","embeddable":true,"href":"https:\/\/ismaelcolosi.com.br\/index.php\/wp-json\/wp\/v2\/tags?post=20585"}],"curies":[{"name":"wp","href":"https:\/\/api.w.org\/{rel}","templated":true}]}}