{"id":20564,"date":"2023-12-25T22:16:12","date_gmt":"2023-12-26T01:16:12","guid":{"rendered":"https:\/\/ismaelcolosi.com.br\/index.php\/2023\/12\/25\/josiane-de-carvalho-falece-na-vespera-do-natal-pelas-maos-do-companheiro-corpo-foi-abandonado-em-calcada\/"},"modified":"2023-12-25T22:16:12","modified_gmt":"2023-12-26T01:16:12","slug":"josiane-de-carvalho-falece-na-vespera-do-natal-pelas-maos-do-companheiro-corpo-foi-abandonado-em-calcada","status":"publish","type":"post","link":"https:\/\/ismaelcolosi.com.br\/index.php\/2023\/12\/25\/josiane-de-carvalho-falece-na-vespera-do-natal-pelas-maos-do-companheiro-corpo-foi-abandonado-em-calcada\/","title":{"rendered":"Josiane de Carvalho falece na V\u00e9spera do Natal pelas m\u00e3os do companheiro; corpo foi abandonado em cal\u00e7ada"},"content":{"rendered":"<p> [ad_1]<br \/>\n<\/p>\n<div itemprop=\"text\">\n<p>Uma mulher de 32 anos foi assassinada na madrugada do \u00faltimo domingo, 24 de dezembro, na cidade de Sabin\u00f3polis, em Minas Gerais. O crime ocorreu no bairro Oper\u00e1rios do munic\u00edpio.<\/p>\n<p>A Pol\u00edcia Militar de Minas Gerais foi chamada para responder ao incidente e registrou um boletim de ocorr\u00eancia relacionado ao crime, que teve como v\u00edtima Josiane de Carvalho.<\/p>\n<p>Josiane de Carvalho foi encontrada sem vida, seu corpo deixado em uma cal\u00e7ada, cercado por uma grande quantidade de sangue e apresentando um ferimento significativo na regi\u00e3o do peito.<\/p>\n<p>Ap\u00f3s receber depoimentos de testemunhas que relataram a din\u00e2mica do crime, a Pol\u00edcia Militar identificou o suspeito como o companheiro de Josiane de Carvalho, um homem de 35 anos. Com base nas informa\u00e7\u00f5es fornecidas pelas testemunhas, as autoridades policiais iniciaram os trabalhos de rastreamento para localizar o paradeiro do suspeito.<\/p>\n<p>O suspeito foi encontrado pela pol\u00edcia enquanto caminhava pelas ruas, e durante a abordagem, os policiais encontraram uma mochila em sua posse. Ao verificar o conte\u00fado da mochila, foi encontrada uma faca.<\/p>\n<p>Questionado pelos policiais militares, o companheiro de Josiane de Carvalho confessou ser o respons\u00e1vel pela morte da v\u00edtima, alegando que n\u00e3o tinha a inten\u00e7\u00e3o de mat\u00e1-la. Diante da confiss\u00e3o, o acusado foi detido em flagrante pelos agentes da Pol\u00edcia Militar.<\/p>\n<p>O suspeito foi levado para uma Delegacia de Pol\u00edcia e permanece \u00e0 disposi\u00e7\u00e3o do Poder Judici\u00e1rio. Enquanto isso, o corpo da v\u00edtima foi encaminhado ao IML (Instituto M\u00e9dico-Legal) de Guanh\u00e3es, onde ser\u00e3o realizados os laudos periciais para auxiliar nas investiga\u00e7\u00f5es em curso.<\/p>\n<\/div>\n<p>[ad_2]<br \/>\n<br \/><a href=\"https:\/\/fnmais.com\/josiane-carvalho-falece-na-vespera-natal-pelas-maos-companheiro-corpo-foi-abandonado-em-calcada\/\" target=\"_blank\" rel=\"noopener\">Source link <\/a><\/p>\n<div class='code-block code-block-4' style='margin: 8px auto 8px 0; text-align: left; display: block; clear: both;'>\n\ud83d\udce2 Aviso Legal\n\nO site ismaelcolosi.com.br atua apenas como um canal de divulga\u00e7\u00e3o de oportunidades de emprego e n\u00e3o se responsabiliza pelo processo seletivo, contrata\u00e7\u00e3o ou qualquer outra etapa relacionada \u00e0s vagas publicadas. Todas as informa\u00e7\u00f5es s\u00e3o de responsabilidade dos anunciantes.\n\n\u26a0\ufe0f Aten\u00e7\u00e3o! Nunca pague por promessas de emprego nem compre cursos que garantam contrata\u00e7\u00e3o. Desconfie de qualquer cobran\u00e7a para participar de sele\u00e7\u00f5es.\n\n\n\n<\/div>\n<!-- CONTENT END 1 -->\n","protected":false},"excerpt":{"rendered":"<p>[ad_1] Uma mulher de 32 anos foi assassinada na madrugada do \u00faltimo domingo, 24 de dezembro, na cidade de Sabin\u00f3polis, em Minas Gerais. O crime ocorreu no bairro Oper\u00e1rios do munic\u00edpio. A Pol\u00edcia Militar de Minas Gerais foi chamada para responder ao incidente e registrou um boletim de ocorr\u00eancia relacionado ao crime, que teve como&hellip;&nbsp;<\/p>\n","protected":false},"author":1,"featured_media":20565,"comment_status":"open","ping_status":"open","sticky":false,"template":"","format":"standard","meta":{"_uag_custom_page_level_css":"","neve_meta_sidebar":"","neve_meta_container":"","neve_meta_enable_content_width":"","neve_meta_content_width":0,"neve_meta_title_alignment":"","neve_meta_author_avatar":"","neve_post_elements_order":"","neve_meta_disable_header":"","neve_meta_disable_footer":"","neve_meta_disable_title":"","_jetpack_newsletter_access":"","_jetpack_dont_email_post_to_subs":false,"_jetpack_newsletter_tier_id":0,"_jetpack_memberships_contains_paywalled_content":false,"_jetpack_memberships_contains_paid_content":false,"footnotes":""},"categories":[1],"tags":[],"class_list":["post-20564","post","type-post","status-publish","format-standard","has-post-thumbnail","hentry","category-blog"],"uagb_featured_image_src":{"full":["https:\/\/i0.wp.com\/ismaelcolosi.com.br\/wp-content\/uploads\/2023\/12\/postimg-658a088b5f9222417.jpg?fit=1200%2C628&ssl=1",1200,628,false],"thumbnail":["https:\/\/i0.wp.com\/ismaelcolosi.com.br\/wp-content\/uploads\/2023\/12\/postimg-658a088b5f9222417.jpg?resize=150%2C150&ssl=1",150,150,true],"medium":["https:\/\/i0.wp.com\/ismaelcolosi.com.br\/wp-content\/uploads\/2023\/12\/postimg-658a088b5f9222417.jpg?fit=300%2C157&ssl=1",300,157,true],"medium_large":["https:\/\/i0.wp.com\/ismaelcolosi.com.br\/wp-content\/uploads\/2023\/12\/postimg-658a088b5f9222417.jpg?fit=768%2C402&ssl=1",768,402,true],"large":["https:\/\/i0.wp.com\/ismaelcolosi.com.br\/wp-content\/uploads\/2023\/12\/postimg-658a088b5f9222417.jpg?fit=1024%2C536&ssl=1",1024,536,true],"1536x1536":["https:\/\/i0.wp.com\/ismaelcolosi.com.br\/wp-content\/uploads\/2023\/12\/postimg-658a088b5f9222417.jpg?fit=1200%2C628&ssl=1",1200,628,true],"2048x2048":["https:\/\/i0.wp.com\/ismaelcolosi.com.br\/wp-content\/uploads\/2023\/12\/postimg-658a088b5f9222417.jpg?fit=1200%2C628&ssl=1",1200,628,true],"neve-blog":["https:\/\/i0.wp.com\/ismaelcolosi.com.br\/wp-content\/uploads\/2023\/12\/postimg-658a088b5f9222417.jpg?resize=930%2C620&ssl=1",930,620,true]},"uagb_author_info":{"display_name":"ismaelcolosi.com.br","author_link":"https:\/\/ismaelcolosi.com.br\/author\/vidareal-online\/"},"uagb_comment_info":0,"uagb_excerpt":"[ad_1] Uma mulher de 32 anos foi assassinada na madrugada do \u00faltimo domingo, 24 de dezembro, na cidade de Sabin\u00f3polis, em Minas Gerais. O crime ocorreu no bairro Oper\u00e1rios do munic\u00edpio. A Pol\u00edcia Militar de Minas Gerais foi chamada para responder ao incidente e registrou um boletim de ocorr\u00eancia relacionado ao crime, que teve como&hellip;&nbsp;","jetpack-related-posts":[{"id":68384,"url":"https:\/\/ismaelcolosi.com.br\/index.php\/2024\/09\/29\/mulher-morre-apos-ser-agredida-na-regiao-de-ribeirao-preto-marido-e-suspeito\/","url_meta":{"origin":20564,"position":0},"title":"Mulher morre ap\u00f3s ser agredida na regi\u00e3o de Ribeir\u00e3o Preto; Marido \u00e9 suspeito","author":"ismaelcolosi.com.br","date":"29 de Setembro de 2024","format":false,"excerpt":"[ad_1] Uma mulher morreu neste s\u00e1bado (28) ap\u00f3s ser agredida em Santa Rosa de Viterbo, cidade na regi\u00e3o de Ribeir\u00e3o Preto. O marido da v\u00edtima \u00e9 o suspeito e foi preso. De acordo com apura\u00e7\u00e3o da EPTV, Josiane Aparecida Martins foi encontrada sem vida em um quarto da resid\u00eancia em\u2026","rel":"","context":"In &quot;Not\u00edcias de Ribeir\u00e3o Preto-SP e Regi\u00e3o&quot;","block_context":{"text":"Not\u00edcias de Ribeir\u00e3o Preto-SP e Regi\u00e3o","link":"https:\/\/ismaelcolosi.com.br\/index.php\/category\/noticias-de-ribeirao-preto-sp-e-regiao-ismael-colosi\/"},"img":{"alt_text":"","src":"https:\/\/i0.wp.com\/ismaelcolosi.com.br\/wp-content\/uploads\/2024\/09\/Copia-de-Copia-de-Copia-de-TAMANHO-EXATO-PARA-FOTOS-NO-SISTEMA-NOVO-80_2024-09-29_19-28-13_png_2024-09-29_19-28-14.webp.webp?fit=1200%2C675&ssl=1&resize=350%2C200","width":350,"height":200,"srcset":"https:\/\/i0.wp.com\/ismaelcolosi.com.br\/wp-content\/uploads\/2024\/09\/Copia-de-Copia-de-Copia-de-TAMANHO-EXATO-PARA-FOTOS-NO-SISTEMA-NOVO-80_2024-09-29_19-28-13_png_2024-09-29_19-28-14.webp.webp?fit=1200%2C675&ssl=1&resize=350%2C200 1x, https:\/\/i0.wp.com\/ismaelcolosi.com.br\/wp-content\/uploads\/2024\/09\/Copia-de-Copia-de-Copia-de-TAMANHO-EXATO-PARA-FOTOS-NO-SISTEMA-NOVO-80_2024-09-29_19-28-13_png_2024-09-29_19-28-14.webp.webp?fit=1200%2C675&ssl=1&resize=525%2C300 1.5x, https:\/\/i0.wp.com\/ismaelcolosi.com.br\/wp-content\/uploads\/2024\/09\/Copia-de-Copia-de-Copia-de-TAMANHO-EXATO-PARA-FOTOS-NO-SISTEMA-NOVO-80_2024-09-29_19-28-13_png_2024-09-29_19-28-14.webp.webp?fit=1200%2C675&ssl=1&resize=700%2C400 2x, https:\/\/i0.wp.com\/ismaelcolosi.com.br\/wp-content\/uploads\/2024\/09\/Copia-de-Copia-de-Copia-de-TAMANHO-EXATO-PARA-FOTOS-NO-SISTEMA-NOVO-80_2024-09-29_19-28-13_png_2024-09-29_19-28-14.webp.webp?fit=1200%2C675&ssl=1&resize=1050%2C600 3x"},"classes":[]},{"id":30025,"url":"https:\/\/ismaelcolosi.com.br\/index.php\/2024\/01\/19\/quem-e-a-jovem-de-22-anos-que-perdeu-a-vida-de-forma-cruel-pelas-maos-de-ex-policia-expoe-detalhes\/","url_meta":{"origin":20564,"position":1},"title":"Quem \u00e9 a jovem de 22 anos que perdeu a vida de forma cruel pelas m\u00e3os de ex; pol\u00edcia exp\u00f5e detalhes","author":"ismaelcolosi.com.br","date":"19 de Janeiro de 2024","format":false,"excerpt":"[ad_1] Um crime b\u00e1rbaro ganhou uma enorme repercuss\u00e3o e se tornou destaque nos principais portais de not\u00edcias do pa\u00eds.\u00a0 No in\u00edcio da tarde desta sexta-feira (19), uma jovem foi fatalmente agredida com golpes de faca.O crime aconteceu no Residencial Sonho Dourado, localizado na cidade de Po\u00e7os de Caldas, que fica\u2026","rel":"","context":"In &quot;Blog&quot;","block_context":{"text":"Blog","link":"https:\/\/ismaelcolosi.com.br\/index.php\/category\/blog\/"},"img":{"alt_text":"","src":"https:\/\/i0.wp.com\/ismaelcolosi.com.br\/wp-content\/uploads\/2024\/01\/postimg-65ab07318a2d63058.jpg?fit=1200%2C628&ssl=1&resize=350%2C200","width":350,"height":200,"srcset":"https:\/\/i0.wp.com\/ismaelcolosi.com.br\/wp-content\/uploads\/2024\/01\/postimg-65ab07318a2d63058.jpg?fit=1200%2C628&ssl=1&resize=350%2C200 1x, https:\/\/i0.wp.com\/ismaelcolosi.com.br\/wp-content\/uploads\/2024\/01\/postimg-65ab07318a2d63058.jpg?fit=1200%2C628&ssl=1&resize=525%2C300 1.5x, https:\/\/i0.wp.com\/ismaelcolosi.com.br\/wp-content\/uploads\/2024\/01\/postimg-65ab07318a2d63058.jpg?fit=1200%2C628&ssl=1&resize=700%2C400 2x, https:\/\/i0.wp.com\/ismaelcolosi.com.br\/wp-content\/uploads\/2024\/01\/postimg-65ab07318a2d63058.jpg?fit=1200%2C628&ssl=1&resize=1050%2C600 3x"},"classes":[]},{"id":19425,"url":"https:\/\/ismaelcolosi.com.br\/index.php\/2023\/12\/22\/briga-de-familia-termina-com-um-morto-e-dois-feridos-na-regiao\/","url_meta":{"origin":20564,"position":2},"title":"Briga de fam\u00edlia termina com um morto e dois feridos na regi\u00e3o","author":"ismaelcolosi.com.br","date":"22 de Dezembro de 2023","format":false,"excerpt":"[ad_1] V\u00edtima fatal veio de Minas Gerais armado e teria feito amea\u00e7as ao ex-cunhado, que o matou com um tiro espingarda 22 de dezembro de 2023 | 11:30 0Por: Adalberto LuqueUm homem morreu e dois adolescentes ficaram feridos, na noite desta quinta-feira (21), na cidade de Descalvado. Segundo informa\u00e7\u00f5es da\u2026","rel":"","context":"In &quot;Not\u00edcias de Ribeir\u00e3o Preto-SP e Regi\u00e3o&quot;","block_context":{"text":"Not\u00edcias de Ribeir\u00e3o Preto-SP e Regi\u00e3o","link":"https:\/\/ismaelcolosi.com.br\/index.php\/category\/noticias-de-ribeirao-preto-sp-e-regiao-ismael-colosi\/"},"img":{"alt_text":"","src":"https:\/\/i0.wp.com\/ismaelcolosi.com.br\/wp-content\/uploads\/2023\/12\/PM-Foto-Divulgacao-Policia-Militar.jpg?fit=649%2C433&ssl=1&resize=350%2C200","width":350,"height":200,"srcset":"https:\/\/i0.wp.com\/ismaelcolosi.com.br\/wp-content\/uploads\/2023\/12\/PM-Foto-Divulgacao-Policia-Militar.jpg?fit=649%2C433&ssl=1&resize=350%2C200 1x, https:\/\/i0.wp.com\/ismaelcolosi.com.br\/wp-content\/uploads\/2023\/12\/PM-Foto-Divulgacao-Policia-Militar.jpg?fit=649%2C433&ssl=1&resize=525%2C300 1.5x"},"classes":[]},{"id":53690,"url":"https:\/\/ismaelcolosi.com.br\/index.php\/2024\/06\/18\/policia-reconstitui-morte-de-jovem-baleada-em-condominio-na-zona-leste-de-ribeirao-preto\/","url_meta":{"origin":20564,"position":3},"title":"Pol\u00edcia reconstitui morte de jovem baleada em condom\u00ednio na zona Leste de Ribeir\u00e3o Preto","author":"ismaelcolosi.com.br","date":"18 de Junho de 2024","format":false,"excerpt":"[ad_1] A Pol\u00edcia Civil realizou nesta ter\u00e7a-feira (18), a reconstitui\u00e7\u00e3o da morte de Ana J\u00falia dos Santos Borsoi, de 19 anos, em um condom\u00ednio na zona Leste de Ribeir\u00e3o Preto. A jovem morreu ap\u00f3s ser atingida no t\u00f3rax por um disparo de arma de fogo, realizado no dia 27 de\u2026","rel":"","context":"In &quot;Not\u00edcias de Ribeir\u00e3o Preto-SP e Regi\u00e3o&quot;","block_context":{"text":"Not\u00edcias de Ribeir\u00e3o Preto-SP e Regi\u00e3o","link":"https:\/\/ismaelcolosi.com.br\/index.php\/category\/noticias-de-ribeirao-preto-sp-e-regiao-ismael-colosi\/"},"img":{"alt_text":"","src":"https:\/\/i0.wp.com\/ismaelcolosi.com.br\/wp-content\/uploads\/2024\/04\/Copia-de-Copia-de-TAMANHO-EXATO-PARA-FOTOS-NO-SISTEMA-NOVO-23-1_2024-04-29_23-57-41_jpg.webp.webp?fit=1200%2C675&ssl=1&resize=350%2C200","width":350,"height":200,"srcset":"https:\/\/i0.wp.com\/ismaelcolosi.com.br\/wp-content\/uploads\/2024\/04\/Copia-de-Copia-de-TAMANHO-EXATO-PARA-FOTOS-NO-SISTEMA-NOVO-23-1_2024-04-29_23-57-41_jpg.webp.webp?fit=1200%2C675&ssl=1&resize=350%2C200 1x, https:\/\/i0.wp.com\/ismaelcolosi.com.br\/wp-content\/uploads\/2024\/04\/Copia-de-Copia-de-TAMANHO-EXATO-PARA-FOTOS-NO-SISTEMA-NOVO-23-1_2024-04-29_23-57-41_jpg.webp.webp?fit=1200%2C675&ssl=1&resize=525%2C300 1.5x, https:\/\/i0.wp.com\/ismaelcolosi.com.br\/wp-content\/uploads\/2024\/04\/Copia-de-Copia-de-TAMANHO-EXATO-PARA-FOTOS-NO-SISTEMA-NOVO-23-1_2024-04-29_23-57-41_jpg.webp.webp?fit=1200%2C675&ssl=1&resize=700%2C400 2x, https:\/\/i0.wp.com\/ismaelcolosi.com.br\/wp-content\/uploads\/2024\/04\/Copia-de-Copia-de-TAMANHO-EXATO-PARA-FOTOS-NO-SISTEMA-NOVO-23-1_2024-04-29_23-57-41_jpg.webp.webp?fit=1200%2C675&ssl=1&resize=1050%2C600 3x"},"classes":[]},{"id":38893,"url":"https:\/\/ismaelcolosi.com.br\/index.php\/2024\/02\/22\/mulher-e-morta-com-requintes-de-crueldade-na-regiao\/","url_meta":{"origin":20564,"position":4},"title":"Mulher \u00e9 morta com requintes de crueldade na regi\u00e3o","author":"ismaelcolosi.com.br","date":"22 de Fevereiro de 2024","format":false,"excerpt":"[ad_1] Companheiro que foi solto da cadeia h\u00e1 quatro meses \u00e9 o principal suspeito de ter ateado fogo no corpo da v\u00edtima; homem fez v\u00eddeochamada para outra mulher ap\u00f3s feminic\u00eddio 22 de fevereiro de 2024 | 10:10 0Por: Adalberto LuqueUma mulher de 24 anos foi morta, na madrugada desta quarta-feira\u2026","rel":"","context":"In &quot;Not\u00edcias de Ribeir\u00e3o Preto-SP e Regi\u00e3o&quot;","block_context":{"text":"Not\u00edcias de Ribeir\u00e3o Preto-SP e Regi\u00e3o","link":"https:\/\/ismaelcolosi.com.br\/index.php\/category\/noticias-de-ribeirao-preto-sp-e-regiao-ismael-colosi\/"},"img":{"alt_text":"","src":"https:\/\/i0.wp.com\/ismaelcolosi.com.br\/wp-content\/uploads\/2024\/02\/00-22-fev-2024-feminicidio-franca-foto-redes-sociais.jpg?fit=554%2C551&ssl=1&resize=350%2C200","width":350,"height":200,"srcset":"https:\/\/i0.wp.com\/ismaelcolosi.com.br\/wp-content\/uploads\/2024\/02\/00-22-fev-2024-feminicidio-franca-foto-redes-sociais.jpg?fit=554%2C551&ssl=1&resize=350%2C200 1x, https:\/\/i0.wp.com\/ismaelcolosi.com.br\/wp-content\/uploads\/2024\/02\/00-22-fev-2024-feminicidio-franca-foto-redes-sociais.jpg?fit=554%2C551&ssl=1&resize=525%2C300 1.5x"},"classes":[]},{"id":78112,"url":"https:\/\/ismaelcolosi.com.br\/index.php\/2024\/12\/02\/preso-suspeito-de-feminicidio-na-regiao\/","url_meta":{"origin":20564,"position":5},"title":"Preso suspeito de feminic\u00eddio na regi\u00e3o","author":"ismaelcolosi.com.br","date":"2 de Dezembro de 2024","format":false,"excerpt":"[ad_1] Por: Adalberto Luque A Pol\u00edcia Civil prendeu, na manh\u00e3 desta segunda-feira (2), Rog\u00e9rio dos Santos. Ele \u00e9 suspeito de ter matado com mais de 20 facadas sua ex-companheira, \u00c9lida Renata Benedito de Oliveira, de 39 anos. O crime ocorreu na madrugada de 10 de novembro, em Guariba, regi\u00e3o metropolitana\u2026","rel":"","context":"In &quot;Not\u00edcias de Ribeir\u00e3o Preto-SP e Regi\u00e3o&quot;","block_context":{"text":"Not\u00edcias de Ribeir\u00e3o Preto-SP e Regi\u00e3o","link":"https:\/\/ismaelcolosi.com.br\/index.php\/category\/noticias-de-ribeirao-preto-sp-e-regiao-ismael-colosi\/"},"img":{"alt_text":"","src":"https:\/\/i0.wp.com\/ismaelcolosi.com.br\/wp-content\/uploads\/2024\/12\/11nov2024-feminicidioguariba-scaled.jpg?fit=800%2C494&ssl=1&resize=350%2C200","width":350,"height":200,"srcset":"https:\/\/i0.wp.com\/ismaelcolosi.com.br\/wp-content\/uploads\/2024\/12\/11nov2024-feminicidioguariba-scaled.jpg?fit=800%2C494&ssl=1&resize=350%2C200 1x, https:\/\/i0.wp.com\/ismaelcolosi.com.br\/wp-content\/uploads\/2024\/12\/11nov2024-feminicidioguariba-scaled.jpg?fit=800%2C494&ssl=1&resize=525%2C300 1.5x, https:\/\/i0.wp.com\/ismaelcolosi.com.br\/wp-content\/uploads\/2024\/12\/11nov2024-feminicidioguariba-scaled.jpg?fit=800%2C494&ssl=1&resize=700%2C400 2x"},"classes":[]}],"jetpack_sharing_enabled":true,"jetpack_shortlink":"https:\/\/wp.me\/pfMlyK-5lG","jetpack_featured_media_url":"https:\/\/i0.wp.com\/ismaelcolosi.com.br\/wp-content\/uploads\/2023\/12\/postimg-658a088b5f9222417.jpg?fit=1200%2C628&ssl=1","_links":{"self":[{"href":"https:\/\/ismaelcolosi.com.br\/index.php\/wp-json\/wp\/v2\/posts\/20564","targetHints":{"allow":["GET"]}}],"collection":[{"href":"https:\/\/ismaelcolosi.com.br\/index.php\/wp-json\/wp\/v2\/posts"}],"about":[{"href":"https:\/\/ismaelcolosi.com.br\/index.php\/wp-json\/wp\/v2\/types\/post"}],"author":[{"embeddable":true,"href":"https:\/\/ismaelcolosi.com.br\/index.php\/wp-json\/wp\/v2\/users\/1"}],"replies":[{"embeddable":true,"href":"https:\/\/ismaelcolosi.com.br\/index.php\/wp-json\/wp\/v2\/comments?post=20564"}],"version-history":[{"count":0,"href":"https:\/\/ismaelcolosi.com.br\/index.php\/wp-json\/wp\/v2\/posts\/20564\/revisions"}],"wp:featuredmedia":[{"embeddable":true,"href":"https:\/\/ismaelcolosi.com.br\/index.php\/wp-json\/wp\/v2\/media\/20565"}],"wp:attachment":[{"href":"https:\/\/ismaelcolosi.com.br\/index.php\/wp-json\/wp\/v2\/media?parent=20564"}],"wp:term":[{"taxonomy":"category","embeddable":true,"href":"https:\/\/ismaelcolosi.com.br\/index.php\/wp-json\/wp\/v2\/categories?post=20564"},{"taxonomy":"post_tag","embeddable":true,"href":"https:\/\/ismaelcolosi.com.br\/index.php\/wp-json\/wp\/v2\/tags?post=20564"}],"curies":[{"name":"wp","href":"https:\/\/api.w.org\/{rel}","templated":true}]}}