{"id":20559,"date":"2023-12-25T21:55:41","date_gmt":"2023-12-26T00:55:41","guid":{"rendered":"https:\/\/ismaelcolosi.com.br\/index.php\/2023\/12\/25\/mulher-de-49-anos-falece-na-noite-do-natal-apos-seu-marido-atropelar-um-cachorro\/"},"modified":"2023-12-25T21:55:41","modified_gmt":"2023-12-26T00:55:41","slug":"mulher-de-49-anos-falece-na-noite-do-natal-apos-seu-marido-atropelar-um-cachorro","status":"publish","type":"post","link":"https:\/\/ismaelcolosi.com.br\/index.php\/2023\/12\/25\/mulher-de-49-anos-falece-na-noite-do-natal-apos-seu-marido-atropelar-um-cachorro\/","title":{"rendered":"Mulher de 49 anos falece na Noite do Natal ap\u00f3s seu marido atropelar um cachorro"},"content":{"rendered":"<p> [ad_1]<br \/>\n<\/p>\n<div itemprop=\"text\">\n<p>Um tr\u00e1gico acidente de tr\u00e2nsito foi registrado na regi\u00e3o Nordeste do Brasil na noite do \u00faltimo domingo, dia 24 de dezembro, quando se comemorou a V\u00e9spera do Natal.<\/p>\n<p>Na cidade de Diamante, situada no Sert\u00e3o do Estado da Para\u00edba, um casal que transitava por uma rodovia sobre uma motocicleta caiu do ve\u00edculo ao atingirem um cachorro que vagava pela estrada.<\/p>\n<p>De acordo com a Pol\u00edcia Militar, que esteve no local para o atendimento da ocorr\u00eancia, a v\u00edtima fatal, que estava na garupa da motocicleta, perdeu a vida ainda no local do acidente diante da gravidade dos ferimentos. O condutor, a seu turno, foi resgatado com vida, mas apresenta ferimentos muito graves.<\/p>\n<p>O casal transitava pela rodovia PB-386, quando um cachorro cruzou a estrada, ocasionando o atropelamento. Com o impacto, o casal caiu da motocicleta, sendo o tombo a causa do \u00f3bito da mulher e dos graves ferimentos do companheiro dela.<\/p>\n<p>A v\u00edtima fatal foi identificada pelo nome de Lucicleide Pereira da Silva, e tinha 49 anos de idade. Equipes de socorristas foram ao local do acidente na tentativa de salv\u00e1-la, mas o \u00f3bito foi constatado sobre o asfalto.<\/p>\n<p>O corpo da mulher foi encaminhado ao Instituto M\u00e9dico Legal, o IML, da cidade de Patos, para a realiza\u00e7\u00e3o de laudos de necr\u00f3psia. Na sequ\u00eancia, o cad\u00e1ver foi liberado para que os familiares realizassem o sepultamento.<\/p>\n<p>O condutor da motocicleta, por sua vez, foi inicialmente encaminhado ao Hospital Distrital de Itaporanga, onde deu entrada. Contudo, considerando a gravidade dos seus ferimentos, a tend\u00eancia \u00e9 que passe por uma transfer\u00eancia para o Hospital Regional da cidade de Patos.<\/p>\n<\/div>\n<p>[ad_2]<br \/>\n<br \/><a href=\"https:\/\/fnmais.com\/mulher-49-anos-falece-na-noite-natal-apos-seu-marido-atropelar-cachorro\/\" target=\"_blank\" rel=\"noopener\">Source link <\/a><\/p>\n<div class='code-block code-block-4' style='margin: 8px auto 8px 0; text-align: left; display: block; clear: both;'>\n\ud83d\udce2 Aviso Legal\n\nO site ismaelcolosi.com.br atua apenas como um canal de divulga\u00e7\u00e3o de oportunidades de emprego e n\u00e3o se responsabiliza pelo processo seletivo, contrata\u00e7\u00e3o ou qualquer outra etapa relacionada \u00e0s vagas publicadas. Todas as informa\u00e7\u00f5es s\u00e3o de responsabilidade dos anunciantes.\n\n\u26a0\ufe0f Aten\u00e7\u00e3o! Nunca pague por promessas de emprego nem compre cursos que garantam contrata\u00e7\u00e3o. Desconfie de qualquer cobran\u00e7a para participar de sele\u00e7\u00f5es.\n\n\n\n<\/div>\n<!-- CONTENT END 1 -->\n","protected":false},"excerpt":{"rendered":"<p>[ad_1] Um tr\u00e1gico acidente de tr\u00e2nsito foi registrado na regi\u00e3o Nordeste do Brasil na noite do \u00faltimo domingo, dia 24 de dezembro, quando se comemorou a V\u00e9spera do Natal. Na cidade de Diamante, situada no Sert\u00e3o do Estado da Para\u00edba, um casal que transitava por uma rodovia sobre uma motocicleta caiu do ve\u00edculo ao atingirem&hellip;&nbsp;<\/p>\n","protected":false},"author":1,"featured_media":20560,"comment_status":"open","ping_status":"open","sticky":false,"template":"","format":"standard","meta":{"_uag_custom_page_level_css":"","neve_meta_sidebar":"","neve_meta_container":"","neve_meta_enable_content_width":"","neve_meta_content_width":0,"neve_meta_title_alignment":"","neve_meta_author_avatar":"","neve_post_elements_order":"","neve_meta_disable_header":"","neve_meta_disable_footer":"","neve_meta_disable_title":"","_jetpack_newsletter_access":"","_jetpack_dont_email_post_to_subs":false,"_jetpack_newsletter_tier_id":0,"_jetpack_memberships_contains_paywalled_content":false,"_jetpack_memberships_contains_paid_content":false,"footnotes":""},"categories":[1],"tags":[],"class_list":["post-20559","post","type-post","status-publish","format-standard","has-post-thumbnail","hentry","category-blog"],"uagb_featured_image_src":{"full":["https:\/\/i0.wp.com\/ismaelcolosi.com.br\/wp-content\/uploads\/2023\/12\/postimg-658a0943f083c2588.jpg?fit=1200%2C628&ssl=1",1200,628,false],"thumbnail":["https:\/\/i0.wp.com\/ismaelcolosi.com.br\/wp-content\/uploads\/2023\/12\/postimg-658a0943f083c2588.jpg?resize=150%2C150&ssl=1",150,150,true],"medium":["https:\/\/i0.wp.com\/ismaelcolosi.com.br\/wp-content\/uploads\/2023\/12\/postimg-658a0943f083c2588.jpg?fit=300%2C157&ssl=1",300,157,true],"medium_large":["https:\/\/i0.wp.com\/ismaelcolosi.com.br\/wp-content\/uploads\/2023\/12\/postimg-658a0943f083c2588.jpg?fit=768%2C402&ssl=1",768,402,true],"large":["https:\/\/i0.wp.com\/ismaelcolosi.com.br\/wp-content\/uploads\/2023\/12\/postimg-658a0943f083c2588.jpg?fit=1024%2C536&ssl=1",1024,536,true],"1536x1536":["https:\/\/i0.wp.com\/ismaelcolosi.com.br\/wp-content\/uploads\/2023\/12\/postimg-658a0943f083c2588.jpg?fit=1200%2C628&ssl=1",1200,628,true],"2048x2048":["https:\/\/i0.wp.com\/ismaelcolosi.com.br\/wp-content\/uploads\/2023\/12\/postimg-658a0943f083c2588.jpg?fit=1200%2C628&ssl=1",1200,628,true],"neve-blog":["https:\/\/i0.wp.com\/ismaelcolosi.com.br\/wp-content\/uploads\/2023\/12\/postimg-658a0943f083c2588.jpg?resize=930%2C620&ssl=1",930,620,true]},"uagb_author_info":{"display_name":"ismaelcolosi.com.br","author_link":"https:\/\/ismaelcolosi.com.br\/author\/vidareal-online\/"},"uagb_comment_info":0,"uagb_excerpt":"[ad_1] Um tr\u00e1gico acidente de tr\u00e2nsito foi registrado na regi\u00e3o Nordeste do Brasil na noite do \u00faltimo domingo, dia 24 de dezembro, quando se comemorou a V\u00e9spera do Natal. Na cidade de Diamante, situada no Sert\u00e3o do Estado da Para\u00edba, um casal que transitava por uma rodovia sobre uma motocicleta caiu do ve\u00edculo ao atingirem&hellip;&nbsp;","jetpack-related-posts":[{"id":4528,"url":"https:\/\/ismaelcolosi.com.br\/index.php\/2023\/11\/21\/casal-de-jovens-morre-apos-grave-acidente-e-motorista-tem-atitude-revoltante-apos-atropela-los\/","url_meta":{"origin":20559,"position":0},"title":"casal de jovens morre ap\u00f3s grave acidente e motorista tem atitude revoltante ap\u00f3s atropel\u00e1-los","author":"ismaelcolosi.com.br","date":"21 de Novembro de 2023","format":false,"excerpt":"[ad_1] Um casal acabou perdendo a vida depois de serem v\u00edtimas de um grave acidente na rodovia Man\u00edlio Gobbi (SP-284), que fica situada em Paragua\u00e7u Paulista, no estado de S\u00e3o Paulo. O tr\u00e1gico fato ocorreu na manh\u00e3 desta ter\u00e7a-feira (21).A Pol\u00edcia Rodovi\u00e1ria Federal (PRF) foi acionada ap\u00f3s o acidente e\u2026","rel":"","context":"In &quot;Blog&quot;","block_context":{"text":"Blog","link":"https:\/\/ismaelcolosi.com.br\/index.php\/category\/blog\/"},"img":{"alt_text":"","src":"https:\/\/i0.wp.com\/ismaelcolosi.com.br\/wp-content\/uploads\/2023\/11\/postimg-655cde1cace894013.jpg?fit=1200%2C628&ssl=1&resize=350%2C200","width":350,"height":200,"srcset":"https:\/\/i0.wp.com\/ismaelcolosi.com.br\/wp-content\/uploads\/2023\/11\/postimg-655cde1cace894013.jpg?fit=1200%2C628&ssl=1&resize=350%2C200 1x, https:\/\/i0.wp.com\/ismaelcolosi.com.br\/wp-content\/uploads\/2023\/11\/postimg-655cde1cace894013.jpg?fit=1200%2C628&ssl=1&resize=525%2C300 1.5x, https:\/\/i0.wp.com\/ismaelcolosi.com.br\/wp-content\/uploads\/2023\/11\/postimg-655cde1cace894013.jpg?fit=1200%2C628&ssl=1&resize=700%2C400 2x, https:\/\/i0.wp.com\/ismaelcolosi.com.br\/wp-content\/uploads\/2023\/11\/postimg-655cde1cace894013.jpg?fit=1200%2C628&ssl=1&resize=1050%2C600 3x"},"classes":[]},{"id":24263,"url":"https:\/\/ismaelcolosi.com.br\/index.php\/2024\/01\/03\/utm_sourcerssutm_mediumrssutm_campaignmotociclista-morre-na-rod-anhanguera-em-rp\/","url_meta":{"origin":20559,"position":1},"title":"Motociclista morre na Rod. Anhanguera em RP \u2013 X Tudo Ribeir\u00e3o","author":"ismaelcolosi.com.br","date":"3 de Janeiro de 2024","format":false,"excerpt":"[ad_1] Uma motociclista ainda sem identifica\u00e7\u00e3o morreu ap\u00f3s se envolver em um acidente de tr\u00e2nsito na rodovia Anhanguera, na noite desta quarta-feira (3\/1), em Ribeir\u00e3o Preto. Segundo informa\u00e7\u00f5es da Pol\u00edcia Militar Rodovi\u00e1ria, a v\u00edtima transitava com sua motocicleta no sentido Ribeir\u00e3o Preto \u2013 Cravinhos, quando pr\u00f3ximo do pontilh\u00e3o da Thomaz\u2026","rel":"","context":"In &quot;Not\u00edcias de Ribeir\u00e3o Preto-SP e Regi\u00e3o&quot;","block_context":{"text":"Not\u00edcias de Ribeir\u00e3o Preto-SP e Regi\u00e3o","link":"https:\/\/ismaelcolosi.com.br\/index.php\/category\/noticias-de-ribeirao-preto-sp-e-regiao-ismael-colosi\/"},"img":{"alt_text":"","src":"https:\/\/i0.wp.com\/ismaelcolosi.com.br\/wp-content\/uploads\/2024\/01\/acdc21c7-e5c7-4f91-a7d9-e399da8013f6.jpeg?fit=1200%2C728&ssl=1&resize=350%2C200","width":350,"height":200,"srcset":"https:\/\/i0.wp.com\/ismaelcolosi.com.br\/wp-content\/uploads\/2024\/01\/acdc21c7-e5c7-4f91-a7d9-e399da8013f6.jpeg?fit=1200%2C728&ssl=1&resize=350%2C200 1x, https:\/\/i0.wp.com\/ismaelcolosi.com.br\/wp-content\/uploads\/2024\/01\/acdc21c7-e5c7-4f91-a7d9-e399da8013f6.jpeg?fit=1200%2C728&ssl=1&resize=525%2C300 1.5x, https:\/\/i0.wp.com\/ismaelcolosi.com.br\/wp-content\/uploads\/2024\/01\/acdc21c7-e5c7-4f91-a7d9-e399da8013f6.jpeg?fit=1200%2C728&ssl=1&resize=700%2C400 2x, https:\/\/i0.wp.com\/ismaelcolosi.com.br\/wp-content\/uploads\/2024\/01\/acdc21c7-e5c7-4f91-a7d9-e399da8013f6.jpeg?fit=1200%2C728&ssl=1&resize=1050%2C600 3x"},"classes":[]},{"id":19540,"url":"https:\/\/ismaelcolosi.com.br\/index.php\/2023\/12\/22\/crianca-e-casal-nao-sobrevivem-apos-carro-colidir-com-anta-e-bater-em-um-caminhao-na-br-262\/","url_meta":{"origin":20559,"position":2},"title":"Crian\u00e7a e casal n\u00e3o sobrevivem ap\u00f3s carro colidir com anta e bater em um caminh\u00e3o na BR-262","author":"ismaelcolosi.com.br","date":"22 de Dezembro de 2023","format":false,"excerpt":"[ad_1] Na noite desta quinta-feira, dia 21 de dezembro, ocorreu um tr\u00e1gico acidente na BR-262, na regi\u00e3o de Ribas do Rio Padro, algo que resultou na perda de tr\u00eas vidas. As v\u00edtimas foram identificadas pelos nomes de Rodrigo Sotto, de 34 anos de idade, Maristela da Silva, de 33 anos,\u2026","rel":"","context":"In &quot;Blog&quot;","block_context":{"text":"Blog","link":"https:\/\/ismaelcolosi.com.br\/index.php\/category\/blog\/"},"img":{"alt_text":"","src":"https:\/\/i0.wp.com\/ismaelcolosi.com.br\/wp-content\/uploads\/2023\/12\/postimg-6585ca5d92e569682.jpg?fit=1200%2C628&ssl=1&resize=350%2C200","width":350,"height":200,"srcset":"https:\/\/i0.wp.com\/ismaelcolosi.com.br\/wp-content\/uploads\/2023\/12\/postimg-6585ca5d92e569682.jpg?fit=1200%2C628&ssl=1&resize=350%2C200 1x, https:\/\/i0.wp.com\/ismaelcolosi.com.br\/wp-content\/uploads\/2023\/12\/postimg-6585ca5d92e569682.jpg?fit=1200%2C628&ssl=1&resize=525%2C300 1.5x, https:\/\/i0.wp.com\/ismaelcolosi.com.br\/wp-content\/uploads\/2023\/12\/postimg-6585ca5d92e569682.jpg?fit=1200%2C628&ssl=1&resize=700%2C400 2x, https:\/\/i0.wp.com\/ismaelcolosi.com.br\/wp-content\/uploads\/2023\/12\/postimg-6585ca5d92e569682.jpg?fit=1200%2C628&ssl=1&resize=1050%2C600 3x"},"classes":[]},{"id":25223,"url":"https:\/\/ismaelcolosi.com.br\/index.php\/2024\/01\/06\/utm_sourcerssutm_mediumrssutm_campaignmotociclista-morre-apos-atropelar-duas-capivaras-entre-serrana-e-serra-azul\/","url_meta":{"origin":20559,"position":3},"title":"Motociclista morre ap\u00f3s atropelar duas capivaras entre Serrana e Serra Azul \u2013 X Tudo Ribeir\u00e3o","author":"ismaelcolosi.com.br","date":"6 de Janeiro de 2024","format":false,"excerpt":"[ad_1] Um motociclista de 42 anos morreu ap\u00f3s atropelar duas capivaras na madrugada deste s\u00e1bado (6\/1), na rodovia Abra\u00e3o Assed, entre as cidades de Serrana e Serra Azul.\u00a0 Segundo apurado com a PMR (Pol\u00edcia Militar Rodovi\u00e1ria), por volta das 02h55 usu\u00e1rios da rodovia acionaram os PMs versando sobre um grave\u2026","rel":"","context":"In &quot;Not\u00edcias de Ribeir\u00e3o Preto-SP e Regi\u00e3o&quot;","block_context":{"text":"Not\u00edcias de Ribeir\u00e3o Preto-SP e Regi\u00e3o","link":"https:\/\/ismaelcolosi.com.br\/index.php\/category\/noticias-de-ribeirao-preto-sp-e-regiao-ismael-colosi\/"},"img":{"alt_text":"","src":"https:\/\/i0.wp.com\/ismaelcolosi.com.br\/wp-content\/uploads\/2024\/01\/WhatsApp-Image-2024-01-06-at-09.28.58.jpeg?fit=1200%2C901&ssl=1&resize=350%2C200","width":350,"height":200,"srcset":"https:\/\/i0.wp.com\/ismaelcolosi.com.br\/wp-content\/uploads\/2024\/01\/WhatsApp-Image-2024-01-06-at-09.28.58.jpeg?fit=1200%2C901&ssl=1&resize=350%2C200 1x, https:\/\/i0.wp.com\/ismaelcolosi.com.br\/wp-content\/uploads\/2024\/01\/WhatsApp-Image-2024-01-06-at-09.28.58.jpeg?fit=1200%2C901&ssl=1&resize=525%2C300 1.5x, https:\/\/i0.wp.com\/ismaelcolosi.com.br\/wp-content\/uploads\/2024\/01\/WhatsApp-Image-2024-01-06-at-09.28.58.jpeg?fit=1200%2C901&ssl=1&resize=700%2C400 2x, https:\/\/i0.wp.com\/ismaelcolosi.com.br\/wp-content\/uploads\/2024\/01\/WhatsApp-Image-2024-01-06-at-09.28.58.jpeg?fit=1200%2C901&ssl=1&resize=1050%2C600 3x"},"classes":[]},{"id":51289,"url":"https:\/\/ismaelcolosi.com.br\/index.php\/2024\/05\/25\/policial-morre-apos-ser-atropelado-em-rodovia-na-regiao-de-ribeirao-preto\/","url_meta":{"origin":20559,"position":4},"title":"Policial morre ap\u00f3s ser atropelado em rodovia na regi\u00e3o de Ribeir\u00e3o Preto","author":"ismaelcolosi.com.br","date":"25 de Maio de 2024","format":false,"excerpt":"[ad_1] Mat\u00e9ria atualizada \u00e0s 19h15, de 25 de maio de 2024 Um policial rodovi\u00e1rio morreu ap\u00f3s ser atropelado no come\u00e7o da noite deste s\u00e1bado (25), na rodovia Anhanguera (SP-330), pr\u00f3ximo ao quil\u00f4metro 303, entre Ribeir\u00e3o Preto e Cravinhos. De acordo com as primeiras da EPTV, que est\u00e1 com uma equipe\u2026","rel":"","context":"In &quot;Not\u00edcias de Ribeir\u00e3o Preto-SP e Regi\u00e3o&quot;","block_context":{"text":"Not\u00edcias de Ribeir\u00e3o Preto-SP e Regi\u00e3o","link":"https:\/\/ismaelcolosi.com.br\/index.php\/category\/noticias-de-ribeirao-preto-sp-e-regiao-ismael-colosi\/"},"img":{"alt_text":"","src":"https:\/\/i0.wp.com\/ismaelcolosi.com.br\/wp-content\/uploads\/2024\/05\/WhatsApp-Image-2024-05-25-at-19.24.08_2024-05-25_22-25-30_jpeg_2024-05-25_22-25-30.webp.webp?fit=1110%2C528&ssl=1&resize=350%2C200","width":350,"height":200,"srcset":"https:\/\/i0.wp.com\/ismaelcolosi.com.br\/wp-content\/uploads\/2024\/05\/WhatsApp-Image-2024-05-25-at-19.24.08_2024-05-25_22-25-30_jpeg_2024-05-25_22-25-30.webp.webp?fit=1110%2C528&ssl=1&resize=350%2C200 1x, https:\/\/i0.wp.com\/ismaelcolosi.com.br\/wp-content\/uploads\/2024\/05\/WhatsApp-Image-2024-05-25-at-19.24.08_2024-05-25_22-25-30_jpeg_2024-05-25_22-25-30.webp.webp?fit=1110%2C528&ssl=1&resize=525%2C300 1.5x, https:\/\/i0.wp.com\/ismaelcolosi.com.br\/wp-content\/uploads\/2024\/05\/WhatsApp-Image-2024-05-25-at-19.24.08_2024-05-25_22-25-30_jpeg_2024-05-25_22-25-30.webp.webp?fit=1110%2C528&ssl=1&resize=700%2C400 2x, https:\/\/i0.wp.com\/ismaelcolosi.com.br\/wp-content\/uploads\/2024\/05\/WhatsApp-Image-2024-05-25-at-19.24.08_2024-05-25_22-25-30_jpeg_2024-05-25_22-25-30.webp.webp?fit=1110%2C528&ssl=1&resize=1050%2C600 3x"},"classes":[]},{"id":37052,"url":"https:\/\/ismaelcolosi.com.br\/index.php\/2024\/02\/14\/mulher-morre-em-acidente-na-zona-oeste\/","url_meta":{"origin":20559,"position":5},"title":"Mulher morre em acidente na zona Oeste","author":"ismaelcolosi.com.br","date":"14 de Fevereiro de 2024","format":false,"excerpt":"[ad_1] V\u00edtima estava em motocicleta que colidiu contra ve\u00edculo 14 de fevereiro de 2024 | 8:38 0Por: Adalberto LuqueUma jovem de 24 anos morreu, na madrugada desta segunda-feira (12), ap\u00f3s um acidente ocorrido na Avenida Bandeirantes, Vila Virg\u00ednia, zona Oeste de Ribeir\u00e3o Preto. A v\u00edtima estaria em uma motocicleta.Segundo informa\u00e7\u00f5es,\u2026","rel":"","context":"In &quot;Not\u00edcias de Ribeir\u00e3o Preto-SP e Regi\u00e3o&quot;","block_context":{"text":"Not\u00edcias de Ribeir\u00e3o Preto-SP e Regi\u00e3o","link":"https:\/\/ismaelcolosi.com.br\/index.php\/category\/noticias-de-ribeirao-preto-sp-e-regiao-ismael-colosi\/"},"img":{"alt_text":"","src":"https:\/\/i0.wp.com\/ismaelcolosi.com.br\/wp-content\/uploads\/2024\/02\/LUQUE-Samu-02-Foto-Alfredo-Risk-scaled.jpg?fit=1200%2C800&ssl=1&resize=350%2C200","width":350,"height":200,"srcset":"https:\/\/i0.wp.com\/ismaelcolosi.com.br\/wp-content\/uploads\/2024\/02\/LUQUE-Samu-02-Foto-Alfredo-Risk-scaled.jpg?fit=1200%2C800&ssl=1&resize=350%2C200 1x, https:\/\/i0.wp.com\/ismaelcolosi.com.br\/wp-content\/uploads\/2024\/02\/LUQUE-Samu-02-Foto-Alfredo-Risk-scaled.jpg?fit=1200%2C800&ssl=1&resize=525%2C300 1.5x, https:\/\/i0.wp.com\/ismaelcolosi.com.br\/wp-content\/uploads\/2024\/02\/LUQUE-Samu-02-Foto-Alfredo-Risk-scaled.jpg?fit=1200%2C800&ssl=1&resize=700%2C400 2x, https:\/\/i0.wp.com\/ismaelcolosi.com.br\/wp-content\/uploads\/2024\/02\/LUQUE-Samu-02-Foto-Alfredo-Risk-scaled.jpg?fit=1200%2C800&ssl=1&resize=1050%2C600 3x"},"classes":[]}],"jetpack_sharing_enabled":true,"jetpack_shortlink":"https:\/\/wp.me\/pfMlyK-5lB","jetpack_featured_media_url":"https:\/\/i0.wp.com\/ismaelcolosi.com.br\/wp-content\/uploads\/2023\/12\/postimg-658a0943f083c2588.jpg?fit=1200%2C628&ssl=1","_links":{"self":[{"href":"https:\/\/ismaelcolosi.com.br\/index.php\/wp-json\/wp\/v2\/posts\/20559","targetHints":{"allow":["GET"]}}],"collection":[{"href":"https:\/\/ismaelcolosi.com.br\/index.php\/wp-json\/wp\/v2\/posts"}],"about":[{"href":"https:\/\/ismaelcolosi.com.br\/index.php\/wp-json\/wp\/v2\/types\/post"}],"author":[{"embeddable":true,"href":"https:\/\/ismaelcolosi.com.br\/index.php\/wp-json\/wp\/v2\/users\/1"}],"replies":[{"embeddable":true,"href":"https:\/\/ismaelcolosi.com.br\/index.php\/wp-json\/wp\/v2\/comments?post=20559"}],"version-history":[{"count":0,"href":"https:\/\/ismaelcolosi.com.br\/index.php\/wp-json\/wp\/v2\/posts\/20559\/revisions"}],"wp:featuredmedia":[{"embeddable":true,"href":"https:\/\/ismaelcolosi.com.br\/index.php\/wp-json\/wp\/v2\/media\/20560"}],"wp:attachment":[{"href":"https:\/\/ismaelcolosi.com.br\/index.php\/wp-json\/wp\/v2\/media?parent=20559"}],"wp:term":[{"taxonomy":"category","embeddable":true,"href":"https:\/\/ismaelcolosi.com.br\/index.php\/wp-json\/wp\/v2\/categories?post=20559"},{"taxonomy":"post_tag","embeddable":true,"href":"https:\/\/ismaelcolosi.com.br\/index.php\/wp-json\/wp\/v2\/tags?post=20559"}],"curies":[{"name":"wp","href":"https:\/\/api.w.org\/{rel}","templated":true}]}}