{"id":20554,"date":"2023-12-25T21:38:33","date_gmt":"2023-12-26T00:38:33","guid":{"rendered":"https:\/\/ismaelcolosi.com.br\/index.php\/2023\/12\/25\/mae-confessa-que-tirou-a-vida-da-filha-de-apenas-1-ano-no-rj-e-motivacao-e-revoltante\/"},"modified":"2023-12-25T21:38:33","modified_gmt":"2023-12-26T00:38:33","slug":"mae-confessa-que-tirou-a-vida-da-filha-de-apenas-1-ano-no-rj-e-motivacao-e-revoltante","status":"publish","type":"post","link":"https:\/\/ismaelcolosi.com.br\/index.php\/2023\/12\/25\/mae-confessa-que-tirou-a-vida-da-filha-de-apenas-1-ano-no-rj-e-motivacao-e-revoltante\/","title":{"rendered":"M\u00e3e confessa que tirou a vida da filha de apenas 1 ano no RJ e motiva\u00e7\u00e3o \u00e9 revoltante"},"content":{"rendered":"<p> [ad_1]<br \/>\n<\/p>\n<div itemprop=\"text\">\n<p>Neste \u00faltimo domingo, dia 24 de dezembro, uma mulher foi detida em Campos dos Goytacazes, no Rio de Janeiro, sob a suspeita de agredir e tirar a vida de sua filha de apenas 1 ano de idade.<\/p>\n<p>A trag\u00e9dia aconteceu neste s\u00e1bado, dia 23 de dezembro, na invas\u00e3o das Casinhas do Novo Horizonte, localizada no subdistrito de Guarus. A m\u00e3e admitiu ter se irritado com o choro da crian\u00e7a enquanto estava no carrinho de beb\u00ea.<\/p>\n<p>A mulher confessou ter arremessado a menina duas vezes no ch\u00e3o, al\u00e9m de a ter golpeado com uma vara e depois, ter dado alguns medicamentos para \u00e0 v\u00edtima.<\/p>\n<p>Os policiais militares foram acionados no domingo para verificar a ocorr\u00eancia de maus tratos a uma crian\u00e7a no Hospital Ferreira Machado.<\/p>\n<p>A assist\u00eancia social do hospital informou que a mulher chegou com a crian\u00e7a j\u00e1 sem vida, exibindo evid\u00eancias de agress\u00e3o. Com isso, a mulher foi presa e conduzida \u00e0 146\u00aa Delegacia de Pol\u00edcia, onde o caso foi formalmente registrado, sendo ela autuada por les\u00e3o corporal seguida de morte.<\/p>\n<p>O delegado Carlos Augusto, titular da Delegacia de Guarus, afirmou que a m\u00e3e confirmou os fatos, e uma amiga da suspeita relatou que ela estaria enfrentando uma depress\u00e3o p\u00f3s-parto.<\/p>\n<p>Diante dos grav\u00edssimos acontecimentos, a mulher foi transferida para o pres\u00eddio feminino de Campos. A trag\u00e9dia chocou a comunidade local, destacando a import\u00e2ncia de lidar adequadamente com quest\u00f5es relacionadas \u00e0 sa\u00fade mental materna e a necessidade de prote\u00e7\u00e3o das crian\u00e7as contra a viol\u00eancia dom\u00e9stica.<\/p>\n<\/div>\n<p>[ad_2]<br \/>\n<br \/><a href=\"https:\/\/fnmais.com\/mae-confessa-que-tirou-vida-filha-apenas-1-ano-no-rj-motivacao-revoltante\/\" target=\"_blank\" rel=\"noopener\">Source link <\/a><\/p>\n<div class='code-block code-block-4' style='margin: 8px auto 8px 0; text-align: left; display: block; clear: both;'>\n\ud83d\udce2 Aviso Legal\n\nO site ismaelcolosi.com.br atua apenas como um canal de divulga\u00e7\u00e3o de oportunidades de emprego e n\u00e3o se responsabiliza pelo processo seletivo, contrata\u00e7\u00e3o ou qualquer outra etapa relacionada \u00e0s vagas publicadas. Todas as informa\u00e7\u00f5es s\u00e3o de responsabilidade dos anunciantes.\n\n\u26a0\ufe0f Aten\u00e7\u00e3o! Nunca pague por promessas de emprego nem compre cursos que garantam contrata\u00e7\u00e3o. Desconfie de qualquer cobran\u00e7a para participar de sele\u00e7\u00f5es.\n\n\n\n<\/div>\n<!-- CONTENT END 1 -->\n","protected":false},"excerpt":{"rendered":"<p>[ad_1] Neste \u00faltimo domingo, dia 24 de dezembro, uma mulher foi detida em Campos dos Goytacazes, no Rio de Janeiro, sob a suspeita de agredir e tirar a vida de sua filha de apenas 1 ano de idade. A trag\u00e9dia aconteceu neste s\u00e1bado, dia 23 de dezembro, na invas\u00e3o das Casinhas do Novo Horizonte, localizada&hellip;&nbsp;<\/p>\n","protected":false},"author":1,"featured_media":20555,"comment_status":"open","ping_status":"open","sticky":false,"template":"","format":"standard","meta":{"_uag_custom_page_level_css":"","neve_meta_sidebar":"","neve_meta_container":"","neve_meta_enable_content_width":"","neve_meta_content_width":0,"neve_meta_title_alignment":"","neve_meta_author_avatar":"","neve_post_elements_order":"","neve_meta_disable_header":"","neve_meta_disable_footer":"","neve_meta_disable_title":"","_jetpack_newsletter_access":"","_jetpack_dont_email_post_to_subs":false,"_jetpack_newsletter_tier_id":0,"_jetpack_memberships_contains_paywalled_content":false,"_jetpack_memberships_contains_paid_content":false,"footnotes":""},"categories":[1],"tags":[],"class_list":["post-20554","post","type-post","status-publish","format-standard","has-post-thumbnail","hentry","category-blog"],"uagb_featured_image_src":{"full":["https:\/\/i0.wp.com\/ismaelcolosi.com.br\/wp-content\/uploads\/2023\/12\/postimg-658a09f0743682892.jpg?fit=1200%2C628&ssl=1",1200,628,false],"thumbnail":["https:\/\/i0.wp.com\/ismaelcolosi.com.br\/wp-content\/uploads\/2023\/12\/postimg-658a09f0743682892.jpg?resize=150%2C150&ssl=1",150,150,true],"medium":["https:\/\/i0.wp.com\/ismaelcolosi.com.br\/wp-content\/uploads\/2023\/12\/postimg-658a09f0743682892.jpg?fit=300%2C157&ssl=1",300,157,true],"medium_large":["https:\/\/i0.wp.com\/ismaelcolosi.com.br\/wp-content\/uploads\/2023\/12\/postimg-658a09f0743682892.jpg?fit=768%2C402&ssl=1",768,402,true],"large":["https:\/\/i0.wp.com\/ismaelcolosi.com.br\/wp-content\/uploads\/2023\/12\/postimg-658a09f0743682892.jpg?fit=1024%2C536&ssl=1",1024,536,true],"1536x1536":["https:\/\/i0.wp.com\/ismaelcolosi.com.br\/wp-content\/uploads\/2023\/12\/postimg-658a09f0743682892.jpg?fit=1200%2C628&ssl=1",1200,628,true],"2048x2048":["https:\/\/i0.wp.com\/ismaelcolosi.com.br\/wp-content\/uploads\/2023\/12\/postimg-658a09f0743682892.jpg?fit=1200%2C628&ssl=1",1200,628,true],"neve-blog":["https:\/\/i0.wp.com\/ismaelcolosi.com.br\/wp-content\/uploads\/2023\/12\/postimg-658a09f0743682892.jpg?resize=930%2C620&ssl=1",930,620,true]},"uagb_author_info":{"display_name":"ismaelcolosi.com.br","author_link":"https:\/\/ismaelcolosi.com.br\/author\/vidareal-online\/"},"uagb_comment_info":0,"uagb_excerpt":"[ad_1] Neste \u00faltimo domingo, dia 24 de dezembro, uma mulher foi detida em Campos dos Goytacazes, no Rio de Janeiro, sob a suspeita de agredir e tirar a vida de sua filha de apenas 1 ano de idade. A trag\u00e9dia aconteceu neste s\u00e1bado, dia 23 de dezembro, na invas\u00e3o das Casinhas do Novo Horizonte, localizada&hellip;&nbsp;","jetpack-related-posts":[{"id":25816,"url":"https:\/\/ismaelcolosi.com.br\/index.php\/2024\/01\/08\/mae-tira-a-vida-de-filha-e-danca-sem-roupa-ao-redor-do-cadaver-ela-alega-que-recebeu-ordens-de-deus\/","url_meta":{"origin":20554,"position":0},"title":"M\u00e3e tira a vida de filha e dan\u00e7a sem roupa ao redor do cad\u00e1ver; ela alega que recebeu ordens de Deus","author":"ismaelcolosi.com.br","date":"8 de Janeiro de 2024","format":false,"excerpt":"[ad_1] Um terr\u00edvel caso de homic\u00eddio foi notificado ap\u00f3s uma mulher, identificada pelo nome de Nephiterea Sancho, de 36 anos, ter sido encontrada dan\u00e7ando nua ao redor do cad\u00e1ver de sua filha, Hosanna Sancho, de apenas 6 anos de idade.O incidente aconteceu nesta \u00faltima quarta-feira, dia 3 de janeiro, e\u2026","rel":"","context":"In &quot;Blog&quot;","block_context":{"text":"Blog","link":"https:\/\/ismaelcolosi.com.br\/index.php\/category\/blog\/"},"img":{"alt_text":"","src":"https:\/\/i0.wp.com\/ismaelcolosi.com.br\/wp-content\/uploads\/2024\/01\/postimg-659c3c4dd3de32683.jpg?fit=1200%2C628&ssl=1&resize=350%2C200","width":350,"height":200,"srcset":"https:\/\/i0.wp.com\/ismaelcolosi.com.br\/wp-content\/uploads\/2024\/01\/postimg-659c3c4dd3de32683.jpg?fit=1200%2C628&ssl=1&resize=350%2C200 1x, https:\/\/i0.wp.com\/ismaelcolosi.com.br\/wp-content\/uploads\/2024\/01\/postimg-659c3c4dd3de32683.jpg?fit=1200%2C628&ssl=1&resize=525%2C300 1.5x, https:\/\/i0.wp.com\/ismaelcolosi.com.br\/wp-content\/uploads\/2024\/01\/postimg-659c3c4dd3de32683.jpg?fit=1200%2C628&ssl=1&resize=700%2C400 2x, https:\/\/i0.wp.com\/ismaelcolosi.com.br\/wp-content\/uploads\/2024\/01\/postimg-659c3c4dd3de32683.jpg?fit=1200%2C628&ssl=1&resize=1050%2C600 3x"},"classes":[]},{"id":18736,"url":"https:\/\/ismaelcolosi.com.br\/index.php\/2023\/12\/20\/mae-suspeita-de-afogar-as-filhas-e-em-seguida-tirar-a-propria-vida-deixou-carta-macabra-para-ex-policia-investiga-o-caso\/","url_meta":{"origin":20554,"position":1},"title":"M\u00e3e suspeita de afogar as filhas e em seguida tirar a pr\u00f3pria vida deixou carta macabra para ex, pol\u00edcia investiga o caso","author":"ismaelcolosi.com.br","date":"20 de Dezembro de 2023","format":false,"excerpt":"[ad_1] Uma mulher conhecida como J\u00e9ssica Silva do Nascimento \u00e9 suspeita de ter causado a morte de suas filhas, Alice e Let\u00edcia, nesta ter\u00e7a-feira (20), na cidade de Parna\u00edba, localizada no litoral do estado do Piau\u00ed.Logo em seguida, ela foi encontrada sem vida, e h\u00e1 ind\u00edcios de que tenha cometido\u2026","rel":"","context":"In &quot;Blog&quot;","block_context":{"text":"Blog","link":"https:\/\/ismaelcolosi.com.br\/index.php\/category\/blog\/"},"img":{"alt_text":"","src":"https:\/\/i0.wp.com\/ismaelcolosi.com.br\/wp-content\/uploads\/2023\/12\/postimg-658399f8b44d11127.jpg?fit=1200%2C628&ssl=1&resize=350%2C200","width":350,"height":200,"srcset":"https:\/\/i0.wp.com\/ismaelcolosi.com.br\/wp-content\/uploads\/2023\/12\/postimg-658399f8b44d11127.jpg?fit=1200%2C628&ssl=1&resize=350%2C200 1x, https:\/\/i0.wp.com\/ismaelcolosi.com.br\/wp-content\/uploads\/2023\/12\/postimg-658399f8b44d11127.jpg?fit=1200%2C628&ssl=1&resize=525%2C300 1.5x, https:\/\/i0.wp.com\/ismaelcolosi.com.br\/wp-content\/uploads\/2023\/12\/postimg-658399f8b44d11127.jpg?fit=1200%2C628&ssl=1&resize=700%2C400 2x, https:\/\/i0.wp.com\/ismaelcolosi.com.br\/wp-content\/uploads\/2023\/12\/postimg-658399f8b44d11127.jpg?fit=1200%2C628&ssl=1&resize=1050%2C600 3x"},"classes":[]},{"id":8049,"url":"https:\/\/ismaelcolosi.com.br\/index.php\/2023\/11\/29\/rapaz-confessa-ter-matado-pai-irmaozinho-de-5-anos-e-madrasta-ele-havia-contado-o-motivo-para-a-mae\/","url_meta":{"origin":20554,"position":2},"title":"Rapaz confessa ter matado pai, irm\u00e3ozinho de 5 anos e madrasta; ele havia contado o motivo para a m\u00e3e","author":"ismaelcolosi.com.br","date":"29 de Novembro de 2023","format":false,"excerpt":"[ad_1] Um jovem acabou confessando ter tirado a vida da madrasta, do pai e do irm\u00e3o. O crime b\u00e1rbaro configurado como triplo homic\u00eddio aconteceu no Bronx, um condado situado em Nova Iorque, nos Estados Unidos.O respons\u00e1vel pelo crime tem 19 anos foi identificado como Jayden Rivera. De acordo com o\u2026","rel":"","context":"In &quot;Blog&quot;","block_context":{"text":"Blog","link":"https:\/\/ismaelcolosi.com.br\/index.php\/category\/blog\/"},"img":{"alt_text":"","src":"https:\/\/i0.wp.com\/ismaelcolosi.com.br\/wp-content\/uploads\/2023\/11\/postimg-656738650d51d8917.jpg?fit=1200%2C628&ssl=1&resize=350%2C200","width":350,"height":200,"srcset":"https:\/\/i0.wp.com\/ismaelcolosi.com.br\/wp-content\/uploads\/2023\/11\/postimg-656738650d51d8917.jpg?fit=1200%2C628&ssl=1&resize=350%2C200 1x, https:\/\/i0.wp.com\/ismaelcolosi.com.br\/wp-content\/uploads\/2023\/11\/postimg-656738650d51d8917.jpg?fit=1200%2C628&ssl=1&resize=525%2C300 1.5x, https:\/\/i0.wp.com\/ismaelcolosi.com.br\/wp-content\/uploads\/2023\/11\/postimg-656738650d51d8917.jpg?fit=1200%2C628&ssl=1&resize=700%2C400 2x, https:\/\/i0.wp.com\/ismaelcolosi.com.br\/wp-content\/uploads\/2023\/11\/postimg-656738650d51d8917.jpg?fit=1200%2C628&ssl=1&resize=1050%2C600 3x"},"classes":[]},{"id":13546,"url":"https:\/\/ismaelcolosi.com.br\/index.php\/2023\/12\/10\/moradores-alegam-que-homem-confessou-ter-tirado-a-vida-da-crianca-hadassa-desaparecida-no-rj-videos-flagram-retaliacao\/","url_meta":{"origin":20554,"position":3},"title":"Moradores alegam que homem confessou ter tirado a vida da crian\u00e7a Hadassa, desaparecida no RJ; v\u00eddeos flagram retalia\u00e7\u00e3o","author":"ismaelcolosi.com.br","date":"10 de Dezembro de 2023","format":false,"excerpt":"[ad_1] A menina Kemilly Hadassa Silva, de 4 anos de idade, est\u00e1 desaparecida desde a \u00faltima sexta-feira, dia 8 de dezembro. E agora, de acordo com novas informa\u00e7\u00f5es divulgadas, moradores de Nova Igua\u00e7u, no Rio de Janeiro, afirmam que homem confessou o crime.De acordo com a Pol\u00edcia Militar, as autoridades\u2026","rel":"","context":"In &quot;Blog&quot;","block_context":{"text":"Blog","link":"https:\/\/ismaelcolosi.com.br\/index.php\/category\/blog\/"},"img":{"alt_text":"","src":"https:\/\/i0.wp.com\/ismaelcolosi.com.br\/wp-content\/uploads\/2023\/12\/postimg-6575f20e401761491.jpg?fit=1200%2C628&ssl=1&resize=350%2C200","width":350,"height":200,"srcset":"https:\/\/i0.wp.com\/ismaelcolosi.com.br\/wp-content\/uploads\/2023\/12\/postimg-6575f20e401761491.jpg?fit=1200%2C628&ssl=1&resize=350%2C200 1x, https:\/\/i0.wp.com\/ismaelcolosi.com.br\/wp-content\/uploads\/2023\/12\/postimg-6575f20e401761491.jpg?fit=1200%2C628&ssl=1&resize=525%2C300 1.5x, https:\/\/i0.wp.com\/ismaelcolosi.com.br\/wp-content\/uploads\/2023\/12\/postimg-6575f20e401761491.jpg?fit=1200%2C628&ssl=1&resize=700%2C400 2x, https:\/\/i0.wp.com\/ismaelcolosi.com.br\/wp-content\/uploads\/2023\/12\/postimg-6575f20e401761491.jpg?fit=1200%2C628&ssl=1&resize=1050%2C600 3x"},"classes":[]},{"id":29893,"url":"https:\/\/ismaelcolosi.com.br\/index.php\/2024\/01\/19\/policia-prende-um-dos-suspeitos-do-assassinato-e-detalhes-do-crime-sao-expostos\/","url_meta":{"origin":20554,"position":4},"title":"pol\u00edcia prende um dos suspeitos do assassinato e detalhes do crime s\u00e3o expostos","author":"ismaelcolosi.com.br","date":"19 de Janeiro de 2024","format":false,"excerpt":"[ad_1] Um dos suspeitos de tirar as vidas de tr\u00eas membros de uma mesma fam\u00edlia foi preso nesta semana. O crime aconteceu em Votuporanga, no interior de S\u00e3o Paulo, no final de dezembro do ano passado.Anderson Marinho, de 35 anos, a mulher, Mirele Tofalete, de 33, e a filha do\u2026","rel":"","context":"In &quot;Blog&quot;","block_context":{"text":"Blog","link":"https:\/\/ismaelcolosi.com.br\/index.php\/category\/blog\/"},"img":{"alt_text":"","src":"https:\/\/i0.wp.com\/ismaelcolosi.com.br\/wp-content\/uploads\/2024\/01\/postimg-65aabbf33452b2982.jpg?fit=1200%2C628&ssl=1&resize=350%2C200","width":350,"height":200,"srcset":"https:\/\/i0.wp.com\/ismaelcolosi.com.br\/wp-content\/uploads\/2024\/01\/postimg-65aabbf33452b2982.jpg?fit=1200%2C628&ssl=1&resize=350%2C200 1x, https:\/\/i0.wp.com\/ismaelcolosi.com.br\/wp-content\/uploads\/2024\/01\/postimg-65aabbf33452b2982.jpg?fit=1200%2C628&ssl=1&resize=525%2C300 1.5x, https:\/\/i0.wp.com\/ismaelcolosi.com.br\/wp-content\/uploads\/2024\/01\/postimg-65aabbf33452b2982.jpg?fit=1200%2C628&ssl=1&resize=700%2C400 2x, https:\/\/i0.wp.com\/ismaelcolosi.com.br\/wp-content\/uploads\/2024\/01\/postimg-65aabbf33452b2982.jpg?fit=1200%2C628&ssl=1&resize=1050%2C600 3x"},"classes":[]},{"id":13681,"url":"https:\/\/ismaelcolosi.com.br\/index.php\/2023\/12\/10\/corpo-da-menina-e-encontrado-e-policia-pega-o-suspeito-um-primo-da-vitima\/","url_meta":{"origin":20554,"position":5},"title":"corpo da menina \u00e9 encontrado e pol\u00edcia pega o suspeito, um primo da v\u00edtima","author":"ismaelcolosi.com.br","date":"10 de Dezembro de 2023","format":false,"excerpt":"[ad_1] Neste domingo (10\/12), um homem foi detido pelas autoridades sob acusa\u00e7\u00e3o de ter cometido crime contra a menina Kemilly Hadassa Silva. A menina havia sido dada como desaparecida pela fam\u00edlia recentemente, mas seu corpo foi encontrado sem vida ap\u00f3s a pol\u00edcia receber informa\u00e7\u00f5es sobre a localiza\u00e7\u00e3o.O suspeito foi preso\u2026","rel":"","context":"In &quot;Blog&quot;","block_context":{"text":"Blog","link":"https:\/\/ismaelcolosi.com.br\/index.php\/category\/blog\/"},"img":{"alt_text":"","src":"https:\/\/i0.wp.com\/ismaelcolosi.com.br\/wp-content\/uploads\/2023\/12\/postimg-6576740dd56ce2114.jpg?fit=1200%2C638&ssl=1&resize=350%2C200","width":350,"height":200,"srcset":"https:\/\/i0.wp.com\/ismaelcolosi.com.br\/wp-content\/uploads\/2023\/12\/postimg-6576740dd56ce2114.jpg?fit=1200%2C638&ssl=1&resize=350%2C200 1x, https:\/\/i0.wp.com\/ismaelcolosi.com.br\/wp-content\/uploads\/2023\/12\/postimg-6576740dd56ce2114.jpg?fit=1200%2C638&ssl=1&resize=525%2C300 1.5x, https:\/\/i0.wp.com\/ismaelcolosi.com.br\/wp-content\/uploads\/2023\/12\/postimg-6576740dd56ce2114.jpg?fit=1200%2C638&ssl=1&resize=700%2C400 2x, https:\/\/i0.wp.com\/ismaelcolosi.com.br\/wp-content\/uploads\/2023\/12\/postimg-6576740dd56ce2114.jpg?fit=1200%2C638&ssl=1&resize=1050%2C600 3x"},"classes":[]}],"jetpack_sharing_enabled":true,"jetpack_shortlink":"https:\/\/wp.me\/pfMlyK-5lw","jetpack_featured_media_url":"https:\/\/i0.wp.com\/ismaelcolosi.com.br\/wp-content\/uploads\/2023\/12\/postimg-658a09f0743682892.jpg?fit=1200%2C628&ssl=1","_links":{"self":[{"href":"https:\/\/ismaelcolosi.com.br\/index.php\/wp-json\/wp\/v2\/posts\/20554","targetHints":{"allow":["GET"]}}],"collection":[{"href":"https:\/\/ismaelcolosi.com.br\/index.php\/wp-json\/wp\/v2\/posts"}],"about":[{"href":"https:\/\/ismaelcolosi.com.br\/index.php\/wp-json\/wp\/v2\/types\/post"}],"author":[{"embeddable":true,"href":"https:\/\/ismaelcolosi.com.br\/index.php\/wp-json\/wp\/v2\/users\/1"}],"replies":[{"embeddable":true,"href":"https:\/\/ismaelcolosi.com.br\/index.php\/wp-json\/wp\/v2\/comments?post=20554"}],"version-history":[{"count":0,"href":"https:\/\/ismaelcolosi.com.br\/index.php\/wp-json\/wp\/v2\/posts\/20554\/revisions"}],"wp:featuredmedia":[{"embeddable":true,"href":"https:\/\/ismaelcolosi.com.br\/index.php\/wp-json\/wp\/v2\/media\/20555"}],"wp:attachment":[{"href":"https:\/\/ismaelcolosi.com.br\/index.php\/wp-json\/wp\/v2\/media?parent=20554"}],"wp:term":[{"taxonomy":"category","embeddable":true,"href":"https:\/\/ismaelcolosi.com.br\/index.php\/wp-json\/wp\/v2\/categories?post=20554"},{"taxonomy":"post_tag","embeddable":true,"href":"https:\/\/ismaelcolosi.com.br\/index.php\/wp-json\/wp\/v2\/tags?post=20554"}],"curies":[{"name":"wp","href":"https:\/\/api.w.org\/{rel}","templated":true}]}}