{"id":20540,"date":"2023-12-25T20:58:27","date_gmt":"2023-12-25T23:58:27","guid":{"rendered":"https:\/\/ismaelcolosi.com.br\/index.php\/2023\/12\/25\/quem-sao-os-familiares-que-perderam-suas-vidas-durante-ceia-de-natal-no-pr-motivo-foi-exposto\/"},"modified":"2023-12-25T20:58:27","modified_gmt":"2023-12-25T23:58:27","slug":"quem-sao-os-familiares-que-perderam-suas-vidas-durante-ceia-de-natal-no-pr-motivo-foi-exposto","status":"publish","type":"post","link":"https:\/\/ismaelcolosi.com.br\/index.php\/2023\/12\/25\/quem-sao-os-familiares-que-perderam-suas-vidas-durante-ceia-de-natal-no-pr-motivo-foi-exposto\/","title":{"rendered":"Quem s\u00e3o os familiares que perderam suas vidas durante ceia de Natal no PR; motivo foi exposto"},"content":{"rendered":"<p> [ad_1]<br \/>\n<\/p>\n<div itemprop=\"text\">\n<p>A trag\u00e9dia familiar ocorrida em Maring\u00e1, no noroeste do Paran\u00e1, no \u00faltimo domingo, dia 24 de dezembro, teve suas v\u00edtimas identificadas. Rubens de Oliveira Santos, de 53 anos, seu filho Caio Kodama Santos, de 18 anos, e o enteado Jos\u00e9 Rafael Santos, de 24 anos, foram as v\u00edtimas fatais do atentado a tiros.<\/p>\n<p>O autor dos disparos foi identificado como D\u00e1rio Jorge Kodama, de 56 anos, que, ap\u00f3s os crimes, tirou a pr\u00f3pria vida. Toda a situa\u00e7\u00e3o tr\u00e1gica chamou aten\u00e7\u00e3o das autoridades.<\/p>\n<p>O ataque aconteceu quando D\u00e1rio invadiu a resid\u00eancia onde a fam\u00edlia se encontrava para uma confraterniza\u00e7\u00e3o. Ele efetuou v\u00e1rios disparos, resultando na morte de Rubens, Caio e Jos\u00e9 Rafael, que n\u00e3o resistiram aos ferimentos.<\/p>\n<p>Al\u00e9m das v\u00edtimas fatais, outras quatro pessoas foram atingidas pelos tiros e socorridas, incluindo dois adolescentes de 16 e 17 anos, uma mulher de 53 anos e um homem de 26 anos.<\/p>\n<p>De acordo com informa\u00e7\u00f5es dos Bombeiros, o atirador, D\u00e1rio, era meio-irm\u00e3o da propriet\u00e1ria da resid\u00eancia. A motiva\u00e7\u00e3o por tr\u00e1s do atentado aponta para uma disputa pela heran\u00e7a da casa, evidenciando um conflito familiar que trouxe consequ\u00eancias tr\u00e1gicas aos envolvidos.<\/p>\n<p>No momento, diversos canais de comunica\u00e7\u00e3o est\u00e3o repercutindo toda a trag\u00e9dia, devido ao grande desfecho tr\u00e1gico que aconteceu em pleno Natal, data comemorativa que costuma contar com celebra\u00e7\u00f5es que re\u00fanem familiares e amigos.<\/p>\n<p>Mais detalhes sobre o crime devem ser investigado pelas autoridades. Com isso, mais informa\u00e7\u00f5es ser\u00e3o divulgadas conforme o andamento das investiga\u00e7\u00f5es.<\/p>\n<\/div>\n<p>[ad_2]<br \/>\n<br \/><a href=\"https:\/\/fnmais.com\/quem-sao-familiares-que-perderam-suas-vidas-durante-ceia-natal-no-pr-motivo-foi-exposto\/\" target=\"_blank\" rel=\"noopener\">Source link <\/a><\/p>\n<div class='code-block code-block-4' style='margin: 8px auto 8px 0; text-align: left; display: block; clear: both;'>\n\ud83d\udce2 Aviso Legal\n\nO site ismaelcolosi.com.br atua apenas como um canal de divulga\u00e7\u00e3o de oportunidades de emprego e n\u00e3o se responsabiliza pelo processo seletivo, contrata\u00e7\u00e3o ou qualquer outra etapa relacionada \u00e0s vagas publicadas. Todas as informa\u00e7\u00f5es s\u00e3o de responsabilidade dos anunciantes.\n\n\u26a0\ufe0f Aten\u00e7\u00e3o! Nunca pague por promessas de emprego nem compre cursos que garantam contrata\u00e7\u00e3o. Desconfie de qualquer cobran\u00e7a para participar de sele\u00e7\u00f5es.\n\n\n\n<\/div>\n<!-- CONTENT END 1 -->\n","protected":false},"excerpt":{"rendered":"<p>[ad_1] A trag\u00e9dia familiar ocorrida em Maring\u00e1, no noroeste do Paran\u00e1, no \u00faltimo domingo, dia 24 de dezembro, teve suas v\u00edtimas identificadas. Rubens de Oliveira Santos, de 53 anos, seu filho Caio Kodama Santos, de 18 anos, e o enteado Jos\u00e9 Rafael Santos, de 24 anos, foram as v\u00edtimas fatais do atentado a tiros. O&hellip;&nbsp;<\/p>\n","protected":false},"author":1,"featured_media":20541,"comment_status":"open","ping_status":"open","sticky":false,"template":"","format":"standard","meta":{"_uag_custom_page_level_css":"","neve_meta_sidebar":"","neve_meta_container":"","neve_meta_enable_content_width":"","neve_meta_content_width":0,"neve_meta_title_alignment":"","neve_meta_author_avatar":"","neve_post_elements_order":"","neve_meta_disable_header":"","neve_meta_disable_footer":"","neve_meta_disable_title":"","_jetpack_newsletter_access":"","_jetpack_dont_email_post_to_subs":false,"_jetpack_newsletter_tier_id":0,"_jetpack_memberships_contains_paywalled_content":false,"_jetpack_memberships_contains_paid_content":false,"footnotes":""},"categories":[1],"tags":[],"class_list":["post-20540","post","type-post","status-publish","format-standard","has-post-thumbnail","hentry","category-blog"],"uagb_featured_image_src":{"full":["https:\/\/i0.wp.com\/ismaelcolosi.com.br\/wp-content\/uploads\/2023\/12\/postimg-658a0a9a1a5322998.jpg?fit=1200%2C628&ssl=1",1200,628,false],"thumbnail":["https:\/\/i0.wp.com\/ismaelcolosi.com.br\/wp-content\/uploads\/2023\/12\/postimg-658a0a9a1a5322998.jpg?resize=150%2C150&ssl=1",150,150,true],"medium":["https:\/\/i0.wp.com\/ismaelcolosi.com.br\/wp-content\/uploads\/2023\/12\/postimg-658a0a9a1a5322998.jpg?fit=300%2C157&ssl=1",300,157,true],"medium_large":["https:\/\/i0.wp.com\/ismaelcolosi.com.br\/wp-content\/uploads\/2023\/12\/postimg-658a0a9a1a5322998.jpg?fit=768%2C402&ssl=1",768,402,true],"large":["https:\/\/i0.wp.com\/ismaelcolosi.com.br\/wp-content\/uploads\/2023\/12\/postimg-658a0a9a1a5322998.jpg?fit=1024%2C536&ssl=1",1024,536,true],"1536x1536":["https:\/\/i0.wp.com\/ismaelcolosi.com.br\/wp-content\/uploads\/2023\/12\/postimg-658a0a9a1a5322998.jpg?fit=1200%2C628&ssl=1",1200,628,true],"2048x2048":["https:\/\/i0.wp.com\/ismaelcolosi.com.br\/wp-content\/uploads\/2023\/12\/postimg-658a0a9a1a5322998.jpg?fit=1200%2C628&ssl=1",1200,628,true],"neve-blog":["https:\/\/i0.wp.com\/ismaelcolosi.com.br\/wp-content\/uploads\/2023\/12\/postimg-658a0a9a1a5322998.jpg?resize=930%2C620&ssl=1",930,620,true]},"uagb_author_info":{"display_name":"ismaelcolosi.com.br","author_link":"https:\/\/ismaelcolosi.com.br\/author\/vidareal-online\/"},"uagb_comment_info":0,"uagb_excerpt":"[ad_1] A trag\u00e9dia familiar ocorrida em Maring\u00e1, no noroeste do Paran\u00e1, no \u00faltimo domingo, dia 24 de dezembro, teve suas v\u00edtimas identificadas. Rubens de Oliveira Santos, de 53 anos, seu filho Caio Kodama Santos, de 18 anos, e o enteado Jos\u00e9 Rafael Santos, de 24 anos, foram as v\u00edtimas fatais do atentado a tiros. O&hellip;&nbsp;","jetpack-related-posts":[{"id":20532,"url":"https:\/\/ismaelcolosi.com.br\/index.php\/2023\/12\/25\/pai-e-filho-perderam-suas-vidas-abracados-durante-ceia-de-natal-no-pr-video-flagrou-tragico-momento\/","url_meta":{"origin":20540,"position":0},"title":"Pai e filho perderam suas vidas abra\u00e7ados durante ceia de Natal no PR; v\u00eddeo flagrou tr\u00e1gico momento","author":"ismaelcolosi.com.br","date":"25 de Dezembro de 2023","format":false,"excerpt":"[ad_1] A trag\u00e9dia que assolou uma fam\u00edlia durante a ceia de Natal em Maring\u00e1, no norte do Paran\u00e1, revelou-se ainda mais devastadora com a descoberta dos corpos de pai e filho, encontrados abra\u00e7ados na casa onde tr\u00eas membros da mesma fam\u00edlia perderam a vida.O atentado, ocorrido neste \u00faltimo domingo, dia\u2026","rel":"","context":"In &quot;Blog&quot;","block_context":{"text":"Blog","link":"https:\/\/ismaelcolosi.com.br\/index.php\/category\/blog\/"},"img":{"alt_text":"","src":"https:\/\/i0.wp.com\/ismaelcolosi.com.br\/wp-content\/uploads\/2023\/12\/postimg-658a0af8b81599786.jpg?fit=1200%2C628&ssl=1&resize=350%2C200","width":350,"height":200,"srcset":"https:\/\/i0.wp.com\/ismaelcolosi.com.br\/wp-content\/uploads\/2023\/12\/postimg-658a0af8b81599786.jpg?fit=1200%2C628&ssl=1&resize=350%2C200 1x, https:\/\/i0.wp.com\/ismaelcolosi.com.br\/wp-content\/uploads\/2023\/12\/postimg-658a0af8b81599786.jpg?fit=1200%2C628&ssl=1&resize=525%2C300 1.5x, https:\/\/i0.wp.com\/ismaelcolosi.com.br\/wp-content\/uploads\/2023\/12\/postimg-658a0af8b81599786.jpg?fit=1200%2C628&ssl=1&resize=700%2C400 2x, https:\/\/i0.wp.com\/ismaelcolosi.com.br\/wp-content\/uploads\/2023\/12\/postimg-658a0af8b81599786.jpg?fit=1200%2C628&ssl=1&resize=1050%2C600 3x"},"classes":[]},{"id":20878,"url":"https:\/\/ismaelcolosi.com.br\/index.php\/2023\/12\/26\/pai-e-filho-perderam-a-vida-abracados-em-ataque-a-tiros-durante-ceia-de-natal-em-seguida-atirador-tirou-a-propria-vida\/","url_meta":{"origin":20540,"position":1},"title":"Pai e filho perderam a vida abra\u00e7ados em ataque a tiros durante ceia de Natal, em seguida atirador tirou a pr\u00f3pria vida","author":"ismaelcolosi.com.br","date":"26 de Dezembro de 2023","format":false,"excerpt":"[ad_1] O que era para ser uma noite de alegria e festividade em fam\u00edlia terminou de maneira tr\u00e1gica, uma fam\u00edlia moradora da cidade de Maring\u00e1 que fica no interior do estado do Paran\u00e1, foi v\u00edtima de um ataque a tiros durante a ceia de Natal.Os corpos do pai e do\u2026","rel":"","context":"In &quot;Blog&quot;","block_context":{"text":"Blog","link":"https:\/\/ismaelcolosi.com.br\/index.php\/category\/blog\/"},"img":{"alt_text":"","src":"https:\/\/i0.wp.com\/ismaelcolosi.com.br\/wp-content\/uploads\/2023\/12\/postimg-658b08e6879ce8246.jpg?fit=1200%2C628&ssl=1&resize=350%2C200","width":350,"height":200,"srcset":"https:\/\/i0.wp.com\/ismaelcolosi.com.br\/wp-content\/uploads\/2023\/12\/postimg-658b08e6879ce8246.jpg?fit=1200%2C628&ssl=1&resize=350%2C200 1x, https:\/\/i0.wp.com\/ismaelcolosi.com.br\/wp-content\/uploads\/2023\/12\/postimg-658b08e6879ce8246.jpg?fit=1200%2C628&ssl=1&resize=525%2C300 1.5x, https:\/\/i0.wp.com\/ismaelcolosi.com.br\/wp-content\/uploads\/2023\/12\/postimg-658b08e6879ce8246.jpg?fit=1200%2C628&ssl=1&resize=700%2C400 2x, https:\/\/i0.wp.com\/ismaelcolosi.com.br\/wp-content\/uploads\/2023\/12\/postimg-658b08e6879ce8246.jpg?fit=1200%2C628&ssl=1&resize=1050%2C600 3x"},"classes":[]},{"id":36932,"url":"https:\/\/ismaelcolosi.com.br\/index.php\/2024\/02\/13\/delegacia-de-homicidios-ja-investiga-latrocinio-de-pm-aposentado\/","url_meta":{"origin":20540,"position":2},"title":"Delegacia de Homic\u00eddios j\u00e1 investiga latroc\u00ednio de PM aposentado","author":"ismaelcolosi.com.br","date":"13 de Fevereiro de 2024","format":false,"excerpt":"[ad_1] Daniel Alves Tremura foi morto a tiros e seu enteado, Rafael Bernardes Faria foi ferido quando trabalhavam como seguran\u00e7as 12 de fevereiro de 2024 | 13:5312 de fevereiro de 2024 | 13:56 2Por: Adalberto LuqueA Divis\u00e3o Especializada em Investiga\u00e7\u00f5es Criminais (DEIC), j\u00e1 est\u00e1 atuando no caso do latroc\u00ednio do\u2026","rel":"","context":"In &quot;Not\u00edcias de Ribeir\u00e3o Preto-SP e Regi\u00e3o&quot;","block_context":{"text":"Not\u00edcias de Ribeir\u00e3o Preto-SP e Regi\u00e3o","link":"https:\/\/ismaelcolosi.com.br\/index.php\/category\/noticias-de-ribeirao-preto-sp-e-regiao-ismael-colosi\/"},"img":{"alt_text":"","src":"https:\/\/i0.wp.com\/ismaelcolosi.com.br\/wp-content\/uploads\/2024\/02\/FOTO-01-Falta-efetivo-Foto-Alfredo-Risk-scaled.jpg?fit=968%2C645&ssl=1&resize=350%2C200","width":350,"height":200,"srcset":"https:\/\/i0.wp.com\/ismaelcolosi.com.br\/wp-content\/uploads\/2024\/02\/FOTO-01-Falta-efetivo-Foto-Alfredo-Risk-scaled.jpg?fit=968%2C645&ssl=1&resize=350%2C200 1x, https:\/\/i0.wp.com\/ismaelcolosi.com.br\/wp-content\/uploads\/2024\/02\/FOTO-01-Falta-efetivo-Foto-Alfredo-Risk-scaled.jpg?fit=968%2C645&ssl=1&resize=525%2C300 1.5x, https:\/\/i0.wp.com\/ismaelcolosi.com.br\/wp-content\/uploads\/2024\/02\/FOTO-01-Falta-efetivo-Foto-Alfredo-Risk-scaled.jpg?fit=968%2C645&ssl=1&resize=700%2C400 2x"},"classes":[]},{"id":36858,"url":"https:\/\/ismaelcolosi.com.br\/index.php\/2024\/02\/12\/saiba-quem-era-o-policial-morto-em-tentativa-de-assalto-em-ribeirao-preto\/","url_meta":{"origin":20540,"position":3},"title":"Saiba quem era o policial morto em tentativa de assalto em Ribeir\u00e3o Preto","author":"ismaelcolosi.com.br","date":"12 de Fevereiro de 2024","format":false,"excerpt":"[ad_1] O policial aposentado Darie Alves Tremura, de 63 anos, v\u00edtima de latroc\u00ednio na manh\u00e3 desta segunda-feira (12), no Centro de Ribeir\u00e3o Preto, foi 3\u00ba Sargento da Pol\u00edcia Militar por 26 anos e h\u00e1 16 anos estava aposentado. Atualmente, Darie prestava servi\u00e7o para o Cons\u00f3rcio Pr\u00f3Urbano, respons\u00e1vel pelo transporte coletivo\u2026","rel":"","context":"In &quot;Not\u00edcias de Ribeir\u00e3o Preto-SP e Regi\u00e3o&quot;","block_context":{"text":"Not\u00edcias de Ribeir\u00e3o Preto-SP e Regi\u00e3o","link":"https:\/\/ismaelcolosi.com.br\/index.php\/category\/noticias-de-ribeirao-preto-sp-e-regiao-ismael-colosi\/"},"img":{"alt_text":"","src":"https:\/\/i0.wp.com\/ismaelcolosi.com.br\/wp-content\/uploads\/2024\/02\/WhatsApp-Image-2024-02-12-at-16.27.00.jpeg?fit=1200%2C675&ssl=1&resize=350%2C200","width":350,"height":200,"srcset":"https:\/\/i0.wp.com\/ismaelcolosi.com.br\/wp-content\/uploads\/2024\/02\/WhatsApp-Image-2024-02-12-at-16.27.00.jpeg?fit=1200%2C675&ssl=1&resize=350%2C200 1x, https:\/\/i0.wp.com\/ismaelcolosi.com.br\/wp-content\/uploads\/2024\/02\/WhatsApp-Image-2024-02-12-at-16.27.00.jpeg?fit=1200%2C675&ssl=1&resize=525%2C300 1.5x, https:\/\/i0.wp.com\/ismaelcolosi.com.br\/wp-content\/uploads\/2024\/02\/WhatsApp-Image-2024-02-12-at-16.27.00.jpeg?fit=1200%2C675&ssl=1&resize=700%2C400 2x, https:\/\/i0.wp.com\/ismaelcolosi.com.br\/wp-content\/uploads\/2024\/02\/WhatsApp-Image-2024-02-12-at-16.27.00.jpeg?fit=1200%2C675&ssl=1&resize=1050%2C600 3x"},"classes":[]},{"id":25618,"url":"https:\/\/ismaelcolosi.com.br\/index.php\/2024\/01\/07\/motivacao-do-crime-que-ceifou-a-vida-de-casal-e-exposta-e-identificacao-dos-suspeitos-gera-perplexidade-na-comunidade-local\/","url_meta":{"origin":20540,"position":4},"title":"Motiva\u00e7\u00e3o do crime que ceifou a vida de casal \u00e9 exposta e identifica\u00e7\u00e3o dos suspeitos gera perplexidade na comunidade local","author":"ismaelcolosi.com.br","date":"7 de Janeiro de 2024","format":false,"excerpt":"[ad_1] A Pol\u00edcia Civil elucidou os motivos por tr\u00e1s da morte de um casal residente na cidade de Treze T\u00edlias, localizada na regi\u00e3o do Meio-Oeste de Santa Catarina.As v\u00edtimas fatais s\u00e3o Marisa Mergener, uma professora de 42 anos, e seu esposo Reginaldo Tonet, de 41 anos, que atuava como empres\u00e1rio.O\u2026","rel":"","context":"In &quot;Blog&quot;","block_context":{"text":"Blog","link":"https:\/\/ismaelcolosi.com.br\/index.php\/category\/blog\/"},"img":{"alt_text":"","src":"https:\/\/i0.wp.com\/ismaelcolosi.com.br\/wp-content\/uploads\/2024\/01\/postimg-659b59f06c17a6736.jpg?fit=1200%2C628&ssl=1&resize=350%2C200","width":350,"height":200,"srcset":"https:\/\/i0.wp.com\/ismaelcolosi.com.br\/wp-content\/uploads\/2024\/01\/postimg-659b59f06c17a6736.jpg?fit=1200%2C628&ssl=1&resize=350%2C200 1x, https:\/\/i0.wp.com\/ismaelcolosi.com.br\/wp-content\/uploads\/2024\/01\/postimg-659b59f06c17a6736.jpg?fit=1200%2C628&ssl=1&resize=525%2C300 1.5x, https:\/\/i0.wp.com\/ismaelcolosi.com.br\/wp-content\/uploads\/2024\/01\/postimg-659b59f06c17a6736.jpg?fit=1200%2C628&ssl=1&resize=700%2C400 2x, https:\/\/i0.wp.com\/ismaelcolosi.com.br\/wp-content\/uploads\/2024\/01\/postimg-659b59f06c17a6736.jpg?fit=1200%2C628&ssl=1&resize=1050%2C600 3x"},"classes":[]},{"id":38071,"url":"https:\/\/ismaelcolosi.com.br\/index.php\/2024\/02\/19\/vitima-de-tiroteio-no-centro-de-ribeirao-recebe-alta-de-hospital\/","url_meta":{"origin":20540,"position":5},"title":"V\u00edtima de tiroteio no Centro de Ribeir\u00e3o recebe alta de hospital","author":"ismaelcolosi.com.br","date":"19 de Fevereiro de 2024","format":false,"excerpt":"[ad_1] O enteado do policial militar aposentado Darie Alves Tremura, de 63 anos, que morreu ap\u00f3s ser v\u00edtima de um de assalto no dia 12 de fevereiro, teve alta do hospital, neste domingo (18), em Ribeir\u00e3o Preto. Rafael Bernardes Faria, de 36 anos, foi baleado enquanto ele e o policial\u2026","rel":"","context":"In &quot;Not\u00edcias de Ribeir\u00e3o Preto-SP e Regi\u00e3o&quot;","block_context":{"text":"Not\u00edcias de Ribeir\u00e3o Preto-SP e Regi\u00e3o","link":"https:\/\/ismaelcolosi.com.br\/index.php\/category\/noticias-de-ribeirao-preto-sp-e-regiao-ismael-colosi\/"},"img":{"alt_text":"","src":"https:\/\/i0.wp.com\/ismaelcolosi.com.br\/wp-content\/uploads\/2024\/02\/1708374250_assalto-ribeirao-preto.jpg?fit=1000%2C813&ssl=1&resize=350%2C200","width":350,"height":200,"srcset":"https:\/\/i0.wp.com\/ismaelcolosi.com.br\/wp-content\/uploads\/2024\/02\/1708374250_assalto-ribeirao-preto.jpg?fit=1000%2C813&ssl=1&resize=350%2C200 1x, https:\/\/i0.wp.com\/ismaelcolosi.com.br\/wp-content\/uploads\/2024\/02\/1708374250_assalto-ribeirao-preto.jpg?fit=1000%2C813&ssl=1&resize=525%2C300 1.5x, https:\/\/i0.wp.com\/ismaelcolosi.com.br\/wp-content\/uploads\/2024\/02\/1708374250_assalto-ribeirao-preto.jpg?fit=1000%2C813&ssl=1&resize=700%2C400 2x"},"classes":[]}],"jetpack_sharing_enabled":true,"jetpack_shortlink":"https:\/\/wp.me\/pfMlyK-5li","jetpack_featured_media_url":"https:\/\/i0.wp.com\/ismaelcolosi.com.br\/wp-content\/uploads\/2023\/12\/postimg-658a0a9a1a5322998.jpg?fit=1200%2C628&ssl=1","_links":{"self":[{"href":"https:\/\/ismaelcolosi.com.br\/index.php\/wp-json\/wp\/v2\/posts\/20540","targetHints":{"allow":["GET"]}}],"collection":[{"href":"https:\/\/ismaelcolosi.com.br\/index.php\/wp-json\/wp\/v2\/posts"}],"about":[{"href":"https:\/\/ismaelcolosi.com.br\/index.php\/wp-json\/wp\/v2\/types\/post"}],"author":[{"embeddable":true,"href":"https:\/\/ismaelcolosi.com.br\/index.php\/wp-json\/wp\/v2\/users\/1"}],"replies":[{"embeddable":true,"href":"https:\/\/ismaelcolosi.com.br\/index.php\/wp-json\/wp\/v2\/comments?post=20540"}],"version-history":[{"count":0,"href":"https:\/\/ismaelcolosi.com.br\/index.php\/wp-json\/wp\/v2\/posts\/20540\/revisions"}],"wp:featuredmedia":[{"embeddable":true,"href":"https:\/\/ismaelcolosi.com.br\/index.php\/wp-json\/wp\/v2\/media\/20541"}],"wp:attachment":[{"href":"https:\/\/ismaelcolosi.com.br\/index.php\/wp-json\/wp\/v2\/media?parent=20540"}],"wp:term":[{"taxonomy":"category","embeddable":true,"href":"https:\/\/ismaelcolosi.com.br\/index.php\/wp-json\/wp\/v2\/categories?post=20540"},{"taxonomy":"post_tag","embeddable":true,"href":"https:\/\/ismaelcolosi.com.br\/index.php\/wp-json\/wp\/v2\/tags?post=20540"}],"curies":[{"name":"wp","href":"https:\/\/api.w.org\/{rel}","templated":true}]}}