{"id":20532,"date":"2023-12-25T20:29:42","date_gmt":"2023-12-25T23:29:42","guid":{"rendered":"https:\/\/ismaelcolosi.com.br\/index.php\/2023\/12\/25\/pai-e-filho-perderam-suas-vidas-abracados-durante-ceia-de-natal-no-pr-video-flagrou-tragico-momento\/"},"modified":"2023-12-25T20:29:42","modified_gmt":"2023-12-25T23:29:42","slug":"pai-e-filho-perderam-suas-vidas-abracados-durante-ceia-de-natal-no-pr-video-flagrou-tragico-momento","status":"publish","type":"post","link":"https:\/\/ismaelcolosi.com.br\/index.php\/2023\/12\/25\/pai-e-filho-perderam-suas-vidas-abracados-durante-ceia-de-natal-no-pr-video-flagrou-tragico-momento\/","title":{"rendered":"Pai e filho perderam suas vidas abra\u00e7ados durante ceia de Natal no PR; v\u00eddeo flagrou tr\u00e1gico momento"},"content":{"rendered":"<p> [ad_1]<br \/>\n<\/p>\n<div itemprop=\"text\">\n<p>A trag\u00e9dia que assolou uma fam\u00edlia durante a ceia de Natal em Maring\u00e1, no norte do Paran\u00e1, revelou-se ainda mais devastadora com a descoberta dos corpos de pai e filho, encontrados abra\u00e7ados na casa onde tr\u00eas membros da mesma fam\u00edlia perderam a vida.<\/p>\n<p>O atentado, ocorrido neste \u00faltimo domingo, dia 24 de dezembro, resultou em sete v\u00edtimas, sendo tr\u00eas fatais, ap\u00f3s uma sequ\u00eancia de tiros disparados por Dario Jorge Kodama, de 56 anos, que, em seguida, tirou a pr\u00f3pria vida.<\/p>\n<p>As v\u00edtimas fatais foram identificadas como Rubens de Oliveira Santos, de 53 anos, o filho Caio Kodama Santos, de 18 anos, e o enteado Jos\u00e9 Rafael Santos, de 24 anos.<\/p>\n<p><a href=\"https:\/\/g1.globo.com\/pr\/parana\/video\/camera-registra-serie-de-tiros-que-matou-tres-da-mesma-familia-durante-ceia-de-natal-12218425.ghtml\" target=\"_blank\" rel=\"nofollow noopener\">ASSISTA O V\u00cdDEO<\/a><\/p>\n<p>O cen\u00e1rio do crime revelou uma cena angustiante e que causou como\u00e7\u00e3o, com o filho abra\u00e7ado ao pai, sugerindo uma tentativa de amparo durante o ataque. A motiva\u00e7\u00e3o para a trag\u00e9dia est\u00e1 relacionada \u00e0 disputa pela heran\u00e7a entre os familiares.<\/p>\n<p>O atirador invadiu a resid\u00eancia, onde a fam\u00edlia estava reunida para a confraterniza\u00e7\u00e3o natalina, e disparou contra as v\u00edtimas. Al\u00e9m das tr\u00eas mortes, outras quatro pessoas foram feridas, incluindo dois adolescentes de 16 e 17 anos, uma mulher de 53 anos e um homem de 26 anos.<\/p>\n<p>Dario Jorge Kodama era meio-irm\u00e3o da dona da casa, e a pol\u00edcia aponta desentendimentos familiares sobre a heran\u00e7a como a causa do ataque. Uma c\u00e2mera de seguran\u00e7a registrou o momento dos tiros, cerca de 15 disparos, sem mostrar a movimenta\u00e7\u00e3o do agressor.<\/p>\n<p>O caso est\u00e1 sob investiga\u00e7\u00e3o da Pol\u00edcia Civil.<\/p>\n<\/div>\n<p>[ad_2]<br \/>\n<br \/><a href=\"https:\/\/fnmais.com\/pai-filho-perderam-suas-vidas-abracados-durante-ceia-natal-no-pr-video-flagrou-tragico-momento\/\" target=\"_blank\" rel=\"noopener\">Source link <\/a><\/p>\n<div class='code-block code-block-4' style='margin: 8px auto 8px 0; text-align: left; display: block; clear: both;'>\n\ud83d\udce2 Aviso Legal\n\nO site ismaelcolosi.com.br atua apenas como um canal de divulga\u00e7\u00e3o de oportunidades de emprego e n\u00e3o se responsabiliza pelo processo seletivo, contrata\u00e7\u00e3o ou qualquer outra etapa relacionada \u00e0s vagas publicadas. Todas as informa\u00e7\u00f5es s\u00e3o de responsabilidade dos anunciantes.\n\n\u26a0\ufe0f Aten\u00e7\u00e3o! Nunca pague por promessas de emprego nem compre cursos que garantam contrata\u00e7\u00e3o. Desconfie de qualquer cobran\u00e7a para participar de sele\u00e7\u00f5es.\n\n\n\n<\/div>\n<!-- CONTENT END 1 -->\n","protected":false},"excerpt":{"rendered":"<p>[ad_1] A trag\u00e9dia que assolou uma fam\u00edlia durante a ceia de Natal em Maring\u00e1, no norte do Paran\u00e1, revelou-se ainda mais devastadora com a descoberta dos corpos de pai e filho, encontrados abra\u00e7ados na casa onde tr\u00eas membros da mesma fam\u00edlia perderam a vida. O atentado, ocorrido neste \u00faltimo domingo, dia 24 de dezembro, resultou&hellip;&nbsp;<\/p>\n","protected":false},"author":1,"featured_media":20533,"comment_status":"open","ping_status":"open","sticky":false,"template":"","format":"standard","meta":{"_uag_custom_page_level_css":"","neve_meta_sidebar":"","neve_meta_container":"","neve_meta_enable_content_width":"","neve_meta_content_width":0,"neve_meta_title_alignment":"","neve_meta_author_avatar":"","neve_post_elements_order":"","neve_meta_disable_header":"","neve_meta_disable_footer":"","neve_meta_disable_title":"","_jetpack_newsletter_access":"","_jetpack_dont_email_post_to_subs":false,"_jetpack_newsletter_tier_id":0,"_jetpack_memberships_contains_paywalled_content":false,"_jetpack_memberships_contains_paid_content":false,"footnotes":""},"categories":[1],"tags":[],"class_list":["post-20532","post","type-post","status-publish","format-standard","has-post-thumbnail","hentry","category-blog"],"uagb_featured_image_src":{"full":["https:\/\/i0.wp.com\/ismaelcolosi.com.br\/wp-content\/uploads\/2023\/12\/postimg-658a0af8b81599786.jpg?fit=1200%2C628&ssl=1",1200,628,false],"thumbnail":["https:\/\/i0.wp.com\/ismaelcolosi.com.br\/wp-content\/uploads\/2023\/12\/postimg-658a0af8b81599786.jpg?resize=150%2C150&ssl=1",150,150,true],"medium":["https:\/\/i0.wp.com\/ismaelcolosi.com.br\/wp-content\/uploads\/2023\/12\/postimg-658a0af8b81599786.jpg?fit=300%2C157&ssl=1",300,157,true],"medium_large":["https:\/\/i0.wp.com\/ismaelcolosi.com.br\/wp-content\/uploads\/2023\/12\/postimg-658a0af8b81599786.jpg?fit=768%2C402&ssl=1",768,402,true],"large":["https:\/\/i0.wp.com\/ismaelcolosi.com.br\/wp-content\/uploads\/2023\/12\/postimg-658a0af8b81599786.jpg?fit=1024%2C536&ssl=1",1024,536,true],"1536x1536":["https:\/\/i0.wp.com\/ismaelcolosi.com.br\/wp-content\/uploads\/2023\/12\/postimg-658a0af8b81599786.jpg?fit=1200%2C628&ssl=1",1200,628,true],"2048x2048":["https:\/\/i0.wp.com\/ismaelcolosi.com.br\/wp-content\/uploads\/2023\/12\/postimg-658a0af8b81599786.jpg?fit=1200%2C628&ssl=1",1200,628,true],"neve-blog":["https:\/\/i0.wp.com\/ismaelcolosi.com.br\/wp-content\/uploads\/2023\/12\/postimg-658a0af8b81599786.jpg?resize=930%2C620&ssl=1",930,620,true]},"uagb_author_info":{"display_name":"ismaelcolosi.com.br","author_link":"https:\/\/ismaelcolosi.com.br\/author\/vidareal-online\/"},"uagb_comment_info":0,"uagb_excerpt":"[ad_1] A trag\u00e9dia que assolou uma fam\u00edlia durante a ceia de Natal em Maring\u00e1, no norte do Paran\u00e1, revelou-se ainda mais devastadora com a descoberta dos corpos de pai e filho, encontrados abra\u00e7ados na casa onde tr\u00eas membros da mesma fam\u00edlia perderam a vida. O atentado, ocorrido neste \u00faltimo domingo, dia 24 de dezembro, resultou&hellip;&nbsp;","jetpack-related-posts":[{"id":20878,"url":"https:\/\/ismaelcolosi.com.br\/index.php\/2023\/12\/26\/pai-e-filho-perderam-a-vida-abracados-em-ataque-a-tiros-durante-ceia-de-natal-em-seguida-atirador-tirou-a-propria-vida\/","url_meta":{"origin":20532,"position":0},"title":"Pai e filho perderam a vida abra\u00e7ados em ataque a tiros durante ceia de Natal, em seguida atirador tirou a pr\u00f3pria vida","author":"ismaelcolosi.com.br","date":"26 de Dezembro de 2023","format":false,"excerpt":"[ad_1] O que era para ser uma noite de alegria e festividade em fam\u00edlia terminou de maneira tr\u00e1gica, uma fam\u00edlia moradora da cidade de Maring\u00e1 que fica no interior do estado do Paran\u00e1, foi v\u00edtima de um ataque a tiros durante a ceia de Natal.Os corpos do pai e do\u2026","rel":"","context":"In &quot;Blog&quot;","block_context":{"text":"Blog","link":"https:\/\/ismaelcolosi.com.br\/index.php\/category\/blog\/"},"img":{"alt_text":"","src":"https:\/\/i0.wp.com\/ismaelcolosi.com.br\/wp-content\/uploads\/2023\/12\/postimg-658b08e6879ce8246.jpg?fit=1200%2C628&ssl=1&resize=350%2C200","width":350,"height":200,"srcset":"https:\/\/i0.wp.com\/ismaelcolosi.com.br\/wp-content\/uploads\/2023\/12\/postimg-658b08e6879ce8246.jpg?fit=1200%2C628&ssl=1&resize=350%2C200 1x, https:\/\/i0.wp.com\/ismaelcolosi.com.br\/wp-content\/uploads\/2023\/12\/postimg-658b08e6879ce8246.jpg?fit=1200%2C628&ssl=1&resize=525%2C300 1.5x, https:\/\/i0.wp.com\/ismaelcolosi.com.br\/wp-content\/uploads\/2023\/12\/postimg-658b08e6879ce8246.jpg?fit=1200%2C628&ssl=1&resize=700%2C400 2x, https:\/\/i0.wp.com\/ismaelcolosi.com.br\/wp-content\/uploads\/2023\/12\/postimg-658b08e6879ce8246.jpg?fit=1200%2C628&ssl=1&resize=1050%2C600 3x"},"classes":[]},{"id":20540,"url":"https:\/\/ismaelcolosi.com.br\/index.php\/2023\/12\/25\/quem-sao-os-familiares-que-perderam-suas-vidas-durante-ceia-de-natal-no-pr-motivo-foi-exposto\/","url_meta":{"origin":20532,"position":1},"title":"Quem s\u00e3o os familiares que perderam suas vidas durante ceia de Natal no PR; motivo foi exposto","author":"ismaelcolosi.com.br","date":"25 de Dezembro de 2023","format":false,"excerpt":"[ad_1] A trag\u00e9dia familiar ocorrida em Maring\u00e1, no noroeste do Paran\u00e1, no \u00faltimo domingo, dia 24 de dezembro, teve suas v\u00edtimas identificadas. Rubens de Oliveira Santos, de 53 anos, seu filho Caio Kodama Santos, de 18 anos, e o enteado Jos\u00e9 Rafael Santos, de 24 anos, foram as v\u00edtimas fatais\u2026","rel":"","context":"In &quot;Blog&quot;","block_context":{"text":"Blog","link":"https:\/\/ismaelcolosi.com.br\/index.php\/category\/blog\/"},"img":{"alt_text":"","src":"https:\/\/i0.wp.com\/ismaelcolosi.com.br\/wp-content\/uploads\/2023\/12\/postimg-658a0a9a1a5322998.jpg?fit=1200%2C628&ssl=1&resize=350%2C200","width":350,"height":200,"srcset":"https:\/\/i0.wp.com\/ismaelcolosi.com.br\/wp-content\/uploads\/2023\/12\/postimg-658a0a9a1a5322998.jpg?fit=1200%2C628&ssl=1&resize=350%2C200 1x, https:\/\/i0.wp.com\/ismaelcolosi.com.br\/wp-content\/uploads\/2023\/12\/postimg-658a0a9a1a5322998.jpg?fit=1200%2C628&ssl=1&resize=525%2C300 1.5x, https:\/\/i0.wp.com\/ismaelcolosi.com.br\/wp-content\/uploads\/2023\/12\/postimg-658a0a9a1a5322998.jpg?fit=1200%2C628&ssl=1&resize=700%2C400 2x, https:\/\/i0.wp.com\/ismaelcolosi.com.br\/wp-content\/uploads\/2023\/12\/postimg-658a0a9a1a5322998.jpg?fit=1200%2C628&ssl=1&resize=1050%2C600 3x"},"classes":[]},{"id":5352,"url":"https:\/\/ismaelcolosi.com.br\/index.php\/2023\/11\/23\/quem-sao-pai-mae-e-filha-que-perderam-a-vida-em-grave-acidente-entre-varios-veiculos-na-br-153\/","url_meta":{"origin":20532,"position":2},"title":"Quem s\u00e3o pai, m\u00e3e e filha que perderam a vida em grave acidente entre v\u00e1rios ve\u00edculos na BR-153","author":"ismaelcolosi.com.br","date":"23 de Novembro de 2023","format":false,"excerpt":"[ad_1] Nesta \u00faltima quarta-feira, dia 22 de novembro, uma fam\u00edlia morreu ap\u00f3s ter sofrido um grave acidente envolvendo v\u00e1rios ve\u00edculos na BR-153. O caso aconteceu entre as regi\u00f5es de General Carneiro e Uni\u00e3o Vit\u00f3ria, no sul do Paran\u00e1.A colis\u00e3o envolveu uma carreta bi-trem, dois caminh\u00f5es e um autom\u00f3vel. Infelizmente, as\u2026","rel":"","context":"In &quot;Blog&quot;","block_context":{"text":"Blog","link":"https:\/\/ismaelcolosi.com.br\/index.php\/category\/blog\/"},"img":{"alt_text":"","src":"https:\/\/i0.wp.com\/ismaelcolosi.com.br\/wp-content\/uploads\/2023\/11\/postimg-655f78ebc5dda1386.jpg?fit=1200%2C628&ssl=1&resize=350%2C200","width":350,"height":200,"srcset":"https:\/\/i0.wp.com\/ismaelcolosi.com.br\/wp-content\/uploads\/2023\/11\/postimg-655f78ebc5dda1386.jpg?fit=1200%2C628&ssl=1&resize=350%2C200 1x, https:\/\/i0.wp.com\/ismaelcolosi.com.br\/wp-content\/uploads\/2023\/11\/postimg-655f78ebc5dda1386.jpg?fit=1200%2C628&ssl=1&resize=525%2C300 1.5x, https:\/\/i0.wp.com\/ismaelcolosi.com.br\/wp-content\/uploads\/2023\/11\/postimg-655f78ebc5dda1386.jpg?fit=1200%2C628&ssl=1&resize=700%2C400 2x, https:\/\/i0.wp.com\/ismaelcolosi.com.br\/wp-content\/uploads\/2023\/11\/postimg-655f78ebc5dda1386.jpg?fit=1200%2C628&ssl=1&resize=1050%2C600 3x"},"classes":[]},{"id":25961,"url":"https:\/\/ismaelcolosi.com.br\/index.php\/2024\/01\/08\/filha-do-dono-do-onibus-de-turismo-e-uma-das-24-vitimas-fatais-do-acidente-na-ba-pai-esta-em-choque\/","url_meta":{"origin":20532,"position":3},"title":"Filha do dono do \u00f4nibus de turismo \u00e9 uma das 24 v\u00edtimas fatais do acidente na BA; pai est\u00e1 &#8216;em choque&#8217;","author":"ismaelcolosi.com.br","date":"8 de Janeiro de 2024","format":false,"excerpt":"[ad_1] A filha do dono do \u00f4nibus que se chocou contra um caminh\u00e3o a caminho de Jacobina, na Bahia, est\u00e1 entre as v\u00edtimas fatais do acidente que aconteceu na noite do \u00faltimo domingo (07\/01).O ve\u00edculo coletivo estava transportando dezenas de passageiros que haviam passado o fim de semana na praia\u2026","rel":"","context":"In &quot;Blog&quot;","block_context":{"text":"Blog","link":"https:\/\/ismaelcolosi.com.br\/index.php\/category\/blog\/"},"img":{"alt_text":"","src":"https:\/\/i0.wp.com\/ismaelcolosi.com.br\/wp-content\/uploads\/2024\/01\/postimg-659c83a28249d3851.jpg?fit=1200%2C628&ssl=1&resize=350%2C200","width":350,"height":200,"srcset":"https:\/\/i0.wp.com\/ismaelcolosi.com.br\/wp-content\/uploads\/2024\/01\/postimg-659c83a28249d3851.jpg?fit=1200%2C628&ssl=1&resize=350%2C200 1x, https:\/\/i0.wp.com\/ismaelcolosi.com.br\/wp-content\/uploads\/2024\/01\/postimg-659c83a28249d3851.jpg?fit=1200%2C628&ssl=1&resize=525%2C300 1.5x, https:\/\/i0.wp.com\/ismaelcolosi.com.br\/wp-content\/uploads\/2024\/01\/postimg-659c83a28249d3851.jpg?fit=1200%2C628&ssl=1&resize=700%2C400 2x, https:\/\/i0.wp.com\/ismaelcolosi.com.br\/wp-content\/uploads\/2024\/01\/postimg-659c83a28249d3851.jpg?fit=1200%2C628&ssl=1&resize=1050%2C600 3x"},"classes":[]},{"id":7647,"url":"https:\/\/ismaelcolosi.com.br\/index.php\/2023\/11\/28\/apos-perder-contato-com-a-familia-pai-pede-ajuda-para-amigo-no-mt-mae-e-3-filhas-foram-vitimas-de-chacina\/","url_meta":{"origin":20532,"position":4},"title":"ap\u00f3s perder contato com a fam\u00edlia, pai pede ajuda para amigo no MT; m\u00e3e e 3 filhas foram v\u00edtimas de chacina","author":"ismaelcolosi.com.br","date":"28 de Novembro de 2023","format":false,"excerpt":"[ad_1] Neste \u00faltimo domingo, dia 26 de novembro, o pai das tr\u00eas meninas mortas, com a m\u00e3e, dentro da casa em Sorriso, no Mato Grosso. Ap\u00f3s notar que n\u00e3o conseguia mais ter contato com sua fam\u00edlia, o homem mandou um \u00e1udio para um amigo, pedindo por ajuda.O homem trabalha como\u2026","rel":"","context":"In &quot;Blog&quot;","block_context":{"text":"Blog","link":"https:\/\/ismaelcolosi.com.br\/index.php\/category\/blog\/"},"img":{"alt_text":"","src":"https:\/\/i0.wp.com\/ismaelcolosi.com.br\/wp-content\/uploads\/2023\/11\/postimg-6566291634dca1216.jpg?fit=1200%2C628&ssl=1&resize=350%2C200","width":350,"height":200,"srcset":"https:\/\/i0.wp.com\/ismaelcolosi.com.br\/wp-content\/uploads\/2023\/11\/postimg-6566291634dca1216.jpg?fit=1200%2C628&ssl=1&resize=350%2C200 1x, https:\/\/i0.wp.com\/ismaelcolosi.com.br\/wp-content\/uploads\/2023\/11\/postimg-6566291634dca1216.jpg?fit=1200%2C628&ssl=1&resize=525%2C300 1.5x, https:\/\/i0.wp.com\/ismaelcolosi.com.br\/wp-content\/uploads\/2023\/11\/postimg-6566291634dca1216.jpg?fit=1200%2C628&ssl=1&resize=700%2C400 2x, https:\/\/i0.wp.com\/ismaelcolosi.com.br\/wp-content\/uploads\/2023\/11\/postimg-6566291634dca1216.jpg?fit=1200%2C628&ssl=1&resize=1050%2C600 3x"},"classes":[]},{"id":21310,"url":"https:\/\/ismaelcolosi.com.br\/index.php\/2023\/12\/27\/pai-e-preso-suspeito-de-tirar-a-vida-da-esposa-e-dos-quatro-filhos-de-forma-cruel-no-dia-de-natal\/","url_meta":{"origin":20532,"position":5},"title":"Pai \u00e9 preso suspeito de tirar a vida da esposa e dos quatro filhos de forma cruel no dia de Natal","author":"ismaelcolosi.com.br","date":"27 de Dezembro de 2023","format":false,"excerpt":"[ad_1] Um indiv\u00edduo de 33 anos, apontado como autor do assassinato de sua esposa e dos quatro filhos na noite de segunda-feira (25) em sua resid\u00eancia em Meaux, foi capturado na ter\u00e7a-feira (26) em Sevran.A casa da fam\u00edlia fica localizada no departamento de Seine-et-Marne, a cerca de 50 km a\u2026","rel":"","context":"In &quot;Blog&quot;","block_context":{"text":"Blog","link":"https:\/\/ismaelcolosi.com.br\/index.php\/category\/blog\/"},"img":{"alt_text":"","src":"https:\/\/i0.wp.com\/ismaelcolosi.com.br\/wp-content\/uploads\/2023\/12\/postimg-658c60a33f2008668.jpg?fit=1200%2C628&ssl=1&resize=350%2C200","width":350,"height":200,"srcset":"https:\/\/i0.wp.com\/ismaelcolosi.com.br\/wp-content\/uploads\/2023\/12\/postimg-658c60a33f2008668.jpg?fit=1200%2C628&ssl=1&resize=350%2C200 1x, https:\/\/i0.wp.com\/ismaelcolosi.com.br\/wp-content\/uploads\/2023\/12\/postimg-658c60a33f2008668.jpg?fit=1200%2C628&ssl=1&resize=525%2C300 1.5x, https:\/\/i0.wp.com\/ismaelcolosi.com.br\/wp-content\/uploads\/2023\/12\/postimg-658c60a33f2008668.jpg?fit=1200%2C628&ssl=1&resize=700%2C400 2x, https:\/\/i0.wp.com\/ismaelcolosi.com.br\/wp-content\/uploads\/2023\/12\/postimg-658c60a33f2008668.jpg?fit=1200%2C628&ssl=1&resize=1050%2C600 3x"},"classes":[]}],"jetpack_sharing_enabled":true,"jetpack_shortlink":"https:\/\/wp.me\/pfMlyK-5la","jetpack_featured_media_url":"https:\/\/i0.wp.com\/ismaelcolosi.com.br\/wp-content\/uploads\/2023\/12\/postimg-658a0af8b81599786.jpg?fit=1200%2C628&ssl=1","_links":{"self":[{"href":"https:\/\/ismaelcolosi.com.br\/index.php\/wp-json\/wp\/v2\/posts\/20532","targetHints":{"allow":["GET"]}}],"collection":[{"href":"https:\/\/ismaelcolosi.com.br\/index.php\/wp-json\/wp\/v2\/posts"}],"about":[{"href":"https:\/\/ismaelcolosi.com.br\/index.php\/wp-json\/wp\/v2\/types\/post"}],"author":[{"embeddable":true,"href":"https:\/\/ismaelcolosi.com.br\/index.php\/wp-json\/wp\/v2\/users\/1"}],"replies":[{"embeddable":true,"href":"https:\/\/ismaelcolosi.com.br\/index.php\/wp-json\/wp\/v2\/comments?post=20532"}],"version-history":[{"count":0,"href":"https:\/\/ismaelcolosi.com.br\/index.php\/wp-json\/wp\/v2\/posts\/20532\/revisions"}],"wp:featuredmedia":[{"embeddable":true,"href":"https:\/\/ismaelcolosi.com.br\/index.php\/wp-json\/wp\/v2\/media\/20533"}],"wp:attachment":[{"href":"https:\/\/ismaelcolosi.com.br\/index.php\/wp-json\/wp\/v2\/media?parent=20532"}],"wp:term":[{"taxonomy":"category","embeddable":true,"href":"https:\/\/ismaelcolosi.com.br\/index.php\/wp-json\/wp\/v2\/categories?post=20532"},{"taxonomy":"post_tag","embeddable":true,"href":"https:\/\/ismaelcolosi.com.br\/index.php\/wp-json\/wp\/v2\/tags?post=20532"}],"curies":[{"name":"wp","href":"https:\/\/api.w.org\/{rel}","templated":true}]}}