{"id":20528,"date":"2023-12-25T20:12:10","date_gmt":"2023-12-25T23:12:10","guid":{"rendered":"https:\/\/ismaelcolosi.com.br\/index.php\/2023\/12\/25\/gestante-e-motorista-de-prefeitura-perdem-a-vida-tragicamente-em-acidente-na-ba-ele-levava-vitima-para-atendimento-medico\/"},"modified":"2023-12-25T20:12:10","modified_gmt":"2023-12-25T23:12:10","slug":"gestante-e-motorista-de-prefeitura-perdem-a-vida-tragicamente-em-acidente-na-ba-ele-levava-vitima-para-atendimento-medico","status":"publish","type":"post","link":"https:\/\/ismaelcolosi.com.br\/index.php\/2023\/12\/25\/gestante-e-motorista-de-prefeitura-perdem-a-vida-tragicamente-em-acidente-na-ba-ele-levava-vitima-para-atendimento-medico\/","title":{"rendered":"Gestante e motorista de prefeitura perdem a vida tragicamente em acidente na BA; ele levava v\u00edtima para atendimento m\u00e9dico"},"content":{"rendered":"<p> <br \/>\n<\/p>\n<div itemprop=\"text\">\n<p>Um tr\u00e1gico acidente na BA-210 resultou na morte de uma gestante, identificada como Alane Barbosa Coelho, de 29 anos, e de um funcion\u00e1rio da prefeitura de Gl\u00f3ria, no norte da Bahia, identificado como Jo\u00e3o Barbosa de Jesus. O acidente ocorreu no s\u00e1bado, dia 23 de dezembro.<\/p>\n<p>Toda a situa\u00e7\u00e3o ocorreu enquanto o motorista, que trabalhava para a prefeitura, estava levando a gestante para atendimento m\u00e9dico na cidade de Paulo Afonso. E infelizmente, eles sofreram com uma trag\u00e9dia que tirou a vida dos dois.<\/p>\n<p>De acordo com informa\u00e7\u00f5es da Pol\u00edcia Militar, o ve\u00edculo, que carrega o s\u00edmbolo da prefeitura de Gl\u00f3ria, saiu da pista, capotou e foi parar em uma \u00e1rea de vegeta\u00e7\u00e3o, resultando na destrui\u00e7\u00e3o completa do autom\u00f3vel. I<\/p>\n<p>Infelizmente, Alane Barbosa Coelho e o beb\u00ea que ela esperava n\u00e3o resistiram aos ferimentos e faleceram no local. Toda a situa\u00e7\u00e3o gerou uma grande como\u00e7\u00e3o devido ao caso relatado.<\/p>\n<p>Em rela\u00e7\u00e3o ao motorista, Jo\u00e3o Barbosa de Jesus foi socorrido e levado para a Unidade de Pronto Atendimento (UPA) de Santo Ant\u00f4nio de Jesus, por\u00e9m, lamentavelmente, n\u00e3o resistiu aos ferimentos e veio a falecer.<\/p>\n<p>Por enquanto, n\u00e3o h\u00e1 informa\u00e7\u00f5es sobre o m\u00eas de gesta\u00e7\u00e3o em que Alane se encontrava. E neste momento, acomunidade local est\u00e1 profundamente abalada por essa trag\u00e9dia, e o acidente serve como um lembrete tr\u00e1gico dos perigos nas estradas. A perda de duas vidas \u00e9 motivo de pesar, e a solidariedade \u00e9 estendida \u00e0s fam\u00edlias enlutadas nesse momento dif\u00edcil.<\/p>\n<\/div>\n<p><br \/>\n<br \/><a href=\"https:\/\/fnmais.com\/gestante-motorista-prefeitura-perdem-vida-tragicamente-em-acidente-na-ba-ele-levava-vitima-para-atendimento-medico\/\">Source link <\/a><\/p>\n<div class='code-block code-block-4' style='margin: 8px auto 8px 0; text-align: left; display: block; clear: both;'>\n\ud83d\udce2 Aviso Legal\n\nO site ismaelcolosi.com.br atua apenas como um canal de divulga\u00e7\u00e3o de oportunidades de emprego e n\u00e3o se responsabiliza pelo processo seletivo, contrata\u00e7\u00e3o ou qualquer outra etapa relacionada \u00e0s vagas publicadas. Todas as informa\u00e7\u00f5es s\u00e3o de responsabilidade dos anunciantes.\n\n\u26a0\ufe0f Aten\u00e7\u00e3o! Nunca pague por promessas de emprego nem compre cursos que garantam contrata\u00e7\u00e3o. Desconfie de qualquer cobran\u00e7a para participar de sele\u00e7\u00f5es.\n\n\n\n<\/div>\n<!-- CONTENT END 1 -->\n","protected":false},"excerpt":{"rendered":"<p>Um tr\u00e1gico acidente na BA-210 resultou na morte de uma gestante, identificada como Alane Barbosa Coelho, de 29 anos, e de um funcion\u00e1rio da prefeitura&#8230;<\/p>\n","protected":false},"author":1,"featured_media":20529,"comment_status":"open","ping_status":"open","sticky":false,"template":"","format":"standard","meta":{"_uag_custom_page_level_css":"","advanced_seo_description":"","jetpack_seo_html_title":"","jetpack_seo_noindex":false,"jetpack_post_was_ever_published":false,"_jetpack_newsletter_access":"","_jetpack_dont_email_post_to_subs":false,"_jetpack_newsletter_tier_id":0,"_jetpack_memberships_contains_paywalled_content":false,"_jetpack_memberships_contains_paid_content":false,"footnotes":"","jetpack_publicize_message":"","jetpack_publicize_feature_enabled":true,"jetpack_social_post_already_shared":true,"jetpack_social_options":{"image_generator_settings":{"template":"highway","default_image_id":0,"font":"","enabled":false},"version":2}},"categories":[1],"tags":[],"class_list":["post-20528","post","type-post","status-publish","format-standard","has-post-thumbnail","hentry","category-blog"],"jetpack_publicize_connections":[],"jetpack_featured_media_url":"https:\/\/i0.wp.com\/ismaelcolosi.com.br\/wp-content\/uploads\/2023\/12\/postimg-658a0b61f37065270.jpg?fit=1200%2C628&ssl=1","uagb_featured_image_src":{"full":["https:\/\/i0.wp.com\/ismaelcolosi.com.br\/wp-content\/uploads\/2023\/12\/postimg-658a0b61f37065270.jpg?fit=1200%2C628&ssl=1",1200,628,false],"thumbnail":["https:\/\/i0.wp.com\/ismaelcolosi.com.br\/wp-content\/uploads\/2023\/12\/postimg-658a0b61f37065270.jpg?resize=150%2C150&ssl=1",150,150,true],"medium":["https:\/\/i0.wp.com\/ismaelcolosi.com.br\/wp-content\/uploads\/2023\/12\/postimg-658a0b61f37065270.jpg?fit=300%2C157&ssl=1",300,157,true],"medium_large":["https:\/\/i0.wp.com\/ismaelcolosi.com.br\/wp-content\/uploads\/2023\/12\/postimg-658a0b61f37065270.jpg?fit=768%2C402&ssl=1",768,402,true],"large":["https:\/\/i0.wp.com\/ismaelcolosi.com.br\/wp-content\/uploads\/2023\/12\/postimg-658a0b61f37065270.jpg?fit=1024%2C536&ssl=1",1024,536,true],"1536x1536":["https:\/\/i0.wp.com\/ismaelcolosi.com.br\/wp-content\/uploads\/2023\/12\/postimg-658a0b61f37065270.jpg?fit=1200%2C628&ssl=1",1200,628,true],"2048x2048":["https:\/\/i0.wp.com\/ismaelcolosi.com.br\/wp-content\/uploads\/2023\/12\/postimg-658a0b61f37065270.jpg?fit=1200%2C628&ssl=1",1200,628,true],"really-simple-thumb":["https:\/\/i0.wp.com\/ismaelcolosi.com.br\/wp-content\/uploads\/2023\/12\/postimg-658a0b61f37065270.jpg?resize=370%2C247&ssl=1",370,247,true]},"uagb_author_info":{"display_name":"ismaelcolosi.com.br","author_link":"https:\/\/ismaelcolosi.com.br\/index.php\/author\/vidareal-online\/"},"uagb_comment_info":0,"uagb_excerpt":"Um tr\u00e1gico acidente na BA-210 resultou na morte de uma gestante, identificada como Alane Barbosa Coelho, de 29 anos, e de um funcion\u00e1rio da prefeitura...","jetpack-related-posts":[{"id":19590,"url":"https:\/\/ismaelcolosi.com.br\/index.php\/2023\/12\/22\/quem-sao-as-vitimas-fatais-do-acidente-com-ambulancia\/","url_meta":{"origin":20528,"position":0},"title":"quem s\u00e3o as v\u00edtimas fatais do acidente com ambul\u00e2ncia","author":"ismaelcolosi.com.br","date":"22 de December de 2023","format":false,"excerpt":"Um acidente grave deixou v\u00e1rias v\u00edtimas fatais na tarde da \u00faltima quinta-feira (21\/12). O tr\u00e1gico epis\u00f3dio ocorreu na BR-040, pr\u00f3ximo a Santos Dumont, na Zona da Mata mineira, em uma curva do km 736 da rodovia.O acidente envolveu uma carreta e uma ambul\u00e2ncia. No total, 5 pessoas faleceram na colis\u00e3o.\u2026","rel":"","context":"In &quot;Blog&quot;","block_context":{"text":"Blog","link":"https:\/\/ismaelcolosi.com.br\/index.php\/category\/blog\/"},"img":{"alt_text":"","src":"https:\/\/i0.wp.com\/ismaelcolosi.com.br\/wp-content\/uploads\/2023\/12\/postimg-6585f368a27225526.jpg?fit=1200%2C628&ssl=1&resize=350%2C200","width":350,"height":200,"srcset":"https:\/\/i0.wp.com\/ismaelcolosi.com.br\/wp-content\/uploads\/2023\/12\/postimg-6585f368a27225526.jpg?fit=1200%2C628&ssl=1&resize=350%2C200 1x, https:\/\/i0.wp.com\/ismaelcolosi.com.br\/wp-content\/uploads\/2023\/12\/postimg-6585f368a27225526.jpg?fit=1200%2C628&ssl=1&resize=525%2C300 1.5x, https:\/\/i0.wp.com\/ismaelcolosi.com.br\/wp-content\/uploads\/2023\/12\/postimg-6585f368a27225526.jpg?fit=1200%2C628&ssl=1&resize=700%2C400 2x, https:\/\/i0.wp.com\/ismaelcolosi.com.br\/wp-content\/uploads\/2023\/12\/postimg-6585f368a27225526.jpg?fit=1200%2C628&ssl=1&resize=1050%2C600 3x"},"classes":[]},{"id":27658,"url":"https:\/\/ismaelcolosi.com.br\/index.php\/2024\/01\/12\/gravissimo-acidente-mata-pai-mae-filho-e-cunhado-na-ba\/","url_meta":{"origin":20528,"position":1},"title":"Grav\u00edssimo acidente mata pai, m\u00e3e, filho e cunhado na BA","author":"ismaelcolosi.com.br","date":"12 de January de 2024","format":false,"excerpt":"Uma trag\u00e9dia chocante ocorreu na BR-116, entre as cidades de Po\u00e7\u00f5es e Planalto, na Bahia, deixando uma comunidade inteira em luto. Quatro membros de uma mesma fam\u00edlia, que viajavam de S\u00e3o Paulo para Sergipe, perderam suas vidas em um acidente devastador.O grupo, composto por Maria Tainara de Oliveira Carvalho (m\u00e3e),\u2026","rel":"","context":"In &quot;Blog&quot;","block_context":{"text":"Blog","link":"https:\/\/ismaelcolosi.com.br\/index.php\/category\/blog\/"},"img":{"alt_text":"","src":"https:\/\/i0.wp.com\/ismaelcolosi.com.br\/wp-content\/uploads\/2024\/01\/postimg-65a1c82012d342582.jpg?fit=1200%2C628&ssl=1&resize=350%2C200","width":350,"height":200,"srcset":"https:\/\/i0.wp.com\/ismaelcolosi.com.br\/wp-content\/uploads\/2024\/01\/postimg-65a1c82012d342582.jpg?fit=1200%2C628&ssl=1&resize=350%2C200 1x, https:\/\/i0.wp.com\/ismaelcolosi.com.br\/wp-content\/uploads\/2024\/01\/postimg-65a1c82012d342582.jpg?fit=1200%2C628&ssl=1&resize=525%2C300 1.5x, https:\/\/i0.wp.com\/ismaelcolosi.com.br\/wp-content\/uploads\/2024\/01\/postimg-65a1c82012d342582.jpg?fit=1200%2C628&ssl=1&resize=700%2C400 2x, https:\/\/i0.wp.com\/ismaelcolosi.com.br\/wp-content\/uploads\/2024\/01\/postimg-65a1c82012d342582.jpg?fit=1200%2C628&ssl=1&resize=1050%2C600 3x"},"classes":[]},{"id":27105,"url":"https:\/\/ismaelcolosi.com.br\/index.php\/2024\/01\/11\/numero-de-vitimas-fatais-entre-acidente-em-onibus-na-bahia-sobe-para-25\/","url_meta":{"origin":20528,"position":2},"title":"N\u00famero de v\u00edtimas fatais entre acidente em \u00f4nibus na Bahia sobe para 25","author":"ismaelcolosi.com.br","date":"11 de January de 2024","format":false,"excerpt":"Foi a \u00f3bito mais uma v\u00edtima do grave acidente entre um \u00f4nibus de turismo e um caminh\u00e3o de carga. At\u00e9 a atualiza\u00e7\u00e3o anterior, o n\u00famero de v\u00edtimas fatais registrados na trag\u00e9dia era de 24 e agora foi para 25 com a morte de Maria da Concei\u00e7\u00e3o Fernandes, de 33 anos.Maria\u2026","rel":"","context":"In &quot;Blog&quot;","block_context":{"text":"Blog","link":"https:\/\/ismaelcolosi.com.br\/index.php\/category\/blog\/"},"img":{"alt_text":"","src":"https:\/\/i0.wp.com\/ismaelcolosi.com.br\/wp-content\/uploads\/2024\/01\/postimg-659ffaac9057f9969.jpg?fit=1200%2C628&ssl=1&resize=350%2C200","width":350,"height":200,"srcset":"https:\/\/i0.wp.com\/ismaelcolosi.com.br\/wp-content\/uploads\/2024\/01\/postimg-659ffaac9057f9969.jpg?fit=1200%2C628&ssl=1&resize=350%2C200 1x, https:\/\/i0.wp.com\/ismaelcolosi.com.br\/wp-content\/uploads\/2024\/01\/postimg-659ffaac9057f9969.jpg?fit=1200%2C628&ssl=1&resize=525%2C300 1.5x, https:\/\/i0.wp.com\/ismaelcolosi.com.br\/wp-content\/uploads\/2024\/01\/postimg-659ffaac9057f9969.jpg?fit=1200%2C628&ssl=1&resize=700%2C400 2x, https:\/\/i0.wp.com\/ismaelcolosi.com.br\/wp-content\/uploads\/2024\/01\/postimg-659ffaac9057f9969.jpg?fit=1200%2C628&ssl=1&resize=1050%2C600 3x"},"classes":[]},{"id":7589,"url":"https:\/\/ismaelcolosi.com.br\/index.php\/2023\/11\/28\/quem-sao-as-vitimas-de-grave-acidente-na-fernao-dias-que-causou-6-falecimentos-eram-da-mesma-familia-e-outros-iam-para-consulta\/","url_meta":{"origin":20528,"position":3},"title":"Quem s\u00e3o as v\u00edtimas de grave acidente na Fern\u00e3o Dias que causou 6 falecimentos; eram da mesma fam\u00edlia e outros iam para consulta","author":"ismaelcolosi.com.br","date":"28 de November de 2023","format":false,"excerpt":"Nesta segunda-feira, dia 27 de novembro, um tr\u00e1gico acidente aconteceu em uma rodovia e tirou a vida de seis pessoas. A situa\u00e7\u00e3o ocorreu na rodovia Fern\u00e3o Dias, na regi\u00e3o de Minas Gerais, em Belo Horizonte. Segundo o que foi informado, quatro v\u00edtimas eram da mesma fam\u00edlia.O local \u00e9 pr\u00f3ximo de\u2026","rel":"","context":"In &quot;Blog&quot;","block_context":{"text":"Blog","link":"https:\/\/ismaelcolosi.com.br\/index.php\/category\/blog\/"},"img":{"alt_text":"","src":"https:\/\/i0.wp.com\/ismaelcolosi.com.br\/wp-content\/uploads\/2023\/11\/postimg-656613f0c75073881.jpg?fit=1200%2C628&ssl=1&resize=350%2C200","width":350,"height":200,"srcset":"https:\/\/i0.wp.com\/ismaelcolosi.com.br\/wp-content\/uploads\/2023\/11\/postimg-656613f0c75073881.jpg?fit=1200%2C628&ssl=1&resize=350%2C200 1x, https:\/\/i0.wp.com\/ismaelcolosi.com.br\/wp-content\/uploads\/2023\/11\/postimg-656613f0c75073881.jpg?fit=1200%2C628&ssl=1&resize=525%2C300 1.5x, https:\/\/i0.wp.com\/ismaelcolosi.com.br\/wp-content\/uploads\/2023\/11\/postimg-656613f0c75073881.jpg?fit=1200%2C628&ssl=1&resize=700%2C400 2x, https:\/\/i0.wp.com\/ismaelcolosi.com.br\/wp-content\/uploads\/2023\/11\/postimg-656613f0c75073881.jpg?fit=1200%2C628&ssl=1&resize=1050%2C600 3x"},"classes":[]},{"id":19469,"url":"https:\/\/ismaelcolosi.com.br\/index.php\/2023\/12\/22\/paciente-gravida-medica-enfermeira-e-motorista-vitimas-fatais-do-acidente-com-ambulancia-sao-identificadas\/","url_meta":{"origin":20528,"position":4},"title":"Paciente gr\u00e1vida, m\u00e9dica, enfermeira e motorista: V\u00edtimas fatais do acidente com ambul\u00e2ncia s\u00e3o identificadas","author":"ismaelcolosi.com.br","date":"22 de December de 2023","format":false,"excerpt":"A rodovia BR-040, foi cen\u00e1rio de um tr\u00e1gico acidente que deixou v\u00e1rias v\u00edtimas fatais. A colis\u00e3o entre em uma ambul\u00e2ncia e uma carreta ceifou a vida de cinco pessoas.A trag\u00e9dia aconteceu pr\u00f3ximo a cidade de Santos Dumont, que fica localizada na regi\u00e3o da Zona da Mata mineira, s\u00e3o residentes da\u2026","rel":"","context":"In &quot;Blog&quot;","block_context":{"text":"Blog","link":"https:\/\/ismaelcolosi.com.br\/index.php\/category\/blog\/"},"img":{"alt_text":"","src":"https:\/\/i0.wp.com\/ismaelcolosi.com.br\/wp-content\/uploads\/2023\/12\/postimg-6585b3975b9ed3806.jpg?fit=1200%2C628&ssl=1&resize=350%2C200","width":350,"height":200,"srcset":"https:\/\/i0.wp.com\/ismaelcolosi.com.br\/wp-content\/uploads\/2023\/12\/postimg-6585b3975b9ed3806.jpg?fit=1200%2C628&ssl=1&resize=350%2C200 1x, https:\/\/i0.wp.com\/ismaelcolosi.com.br\/wp-content\/uploads\/2023\/12\/postimg-6585b3975b9ed3806.jpg?fit=1200%2C628&ssl=1&resize=525%2C300 1.5x, https:\/\/i0.wp.com\/ismaelcolosi.com.br\/wp-content\/uploads\/2023\/12\/postimg-6585b3975b9ed3806.jpg?fit=1200%2C628&ssl=1&resize=700%2C400 2x, https:\/\/i0.wp.com\/ismaelcolosi.com.br\/wp-content\/uploads\/2023\/12\/postimg-6585b3975b9ed3806.jpg?fit=1200%2C628&ssl=1&resize=1050%2C600 3x"},"classes":[]},{"id":10038,"url":"https:\/\/ismaelcolosi.com.br\/index.php\/2023\/12\/03\/motorista-de-automovel-perde-a-vida-preso-as-ferragens-ao-colidir-violentamente-contra-carreta\/","url_meta":{"origin":20528,"position":5},"title":"motorista de autom\u00f3vel perde a vida preso \u00e0s ferragens ao colidir violentamente contra carreta","author":"ismaelcolosi.com.br","date":"3 de December de 2023","format":false,"excerpt":"Uma trag\u00e9dia ocorreu neste final de semana, especificamente na manh\u00e3 do domingo, 3 de dezembro, na cidade de Atalaia, localizada no interior do estado de Alagoas, no Nordeste do Brasil.O acidente, registrado nas primeiras horas do dia, envolveu um choque frontal entre um ve\u00edculo de passeio e uma carreta em\u2026","rel":"","context":"In &quot;Blog&quot;","block_context":{"text":"Blog","link":"https:\/\/ismaelcolosi.com.br\/index.php\/category\/blog\/"},"img":{"alt_text":"","src":"https:\/\/i0.wp.com\/ismaelcolosi.com.br\/wp-content\/uploads\/2023\/12\/postimg-656cbf2a41ab78045.jpg?fit=1200%2C628&ssl=1&resize=350%2C200","width":350,"height":200,"srcset":"https:\/\/i0.wp.com\/ismaelcolosi.com.br\/wp-content\/uploads\/2023\/12\/postimg-656cbf2a41ab78045.jpg?fit=1200%2C628&ssl=1&resize=350%2C200 1x, https:\/\/i0.wp.com\/ismaelcolosi.com.br\/wp-content\/uploads\/2023\/12\/postimg-656cbf2a41ab78045.jpg?fit=1200%2C628&ssl=1&resize=525%2C300 1.5x, https:\/\/i0.wp.com\/ismaelcolosi.com.br\/wp-content\/uploads\/2023\/12\/postimg-656cbf2a41ab78045.jpg?fit=1200%2C628&ssl=1&resize=700%2C400 2x, https:\/\/i0.wp.com\/ismaelcolosi.com.br\/wp-content\/uploads\/2023\/12\/postimg-656cbf2a41ab78045.jpg?fit=1200%2C628&ssl=1&resize=1050%2C600 3x"},"classes":[]}],"jetpack_sharing_enabled":true,"jetpack_shortlink":"https:\/\/wp.me\/pfMlyK-5l6","_links":{"self":[{"href":"https:\/\/ismaelcolosi.com.br\/index.php\/wp-json\/wp\/v2\/posts\/20528","targetHints":{"allow":["GET"]}}],"collection":[{"href":"https:\/\/ismaelcolosi.com.br\/index.php\/wp-json\/wp\/v2\/posts"}],"about":[{"href":"https:\/\/ismaelcolosi.com.br\/index.php\/wp-json\/wp\/v2\/types\/post"}],"author":[{"embeddable":true,"href":"https:\/\/ismaelcolosi.com.br\/index.php\/wp-json\/wp\/v2\/users\/1"}],"replies":[{"embeddable":true,"href":"https:\/\/ismaelcolosi.com.br\/index.php\/wp-json\/wp\/v2\/comments?post=20528"}],"version-history":[{"count":0,"href":"https:\/\/ismaelcolosi.com.br\/index.php\/wp-json\/wp\/v2\/posts\/20528\/revisions"}],"wp:featuredmedia":[{"embeddable":true,"href":"https:\/\/ismaelcolosi.com.br\/index.php\/wp-json\/wp\/v2\/media\/20529"}],"wp:attachment":[{"href":"https:\/\/ismaelcolosi.com.br\/index.php\/wp-json\/wp\/v2\/media?parent=20528"}],"wp:term":[{"taxonomy":"category","embeddable":true,"href":"https:\/\/ismaelcolosi.com.br\/index.php\/wp-json\/wp\/v2\/categories?post=20528"},{"taxonomy":"post_tag","embeddable":true,"href":"https:\/\/ismaelcolosi.com.br\/index.php\/wp-json\/wp\/v2\/tags?post=20528"}],"curies":[{"name":"wp","href":"https:\/\/api.w.org\/{rel}","templated":true}]}}