{"id":20521,"date":"2023-12-25T19:49:49","date_gmt":"2023-12-25T22:49:49","guid":{"rendered":"https:\/\/ismaelcolosi.com.br\/index.php\/2023\/12\/25\/mulher-apanha-feio-dentro-de-banheiro-de-restaurante-ao-ser-confundida-com-uma-pessoa-trans\/"},"modified":"2023-12-25T19:49:49","modified_gmt":"2023-12-25T22:49:49","slug":"mulher-apanha-feio-dentro-de-banheiro-de-restaurante-ao-ser-confundida-com-uma-pessoa-trans","status":"publish","type":"post","link":"https:\/\/ismaelcolosi.com.br\/index.php\/2023\/12\/25\/mulher-apanha-feio-dentro-de-banheiro-de-restaurante-ao-ser-confundida-com-uma-pessoa-trans\/","title":{"rendered":"Mulher apanha feio dentro de banheiro de restaurante ao ser confundida com uma pessoa trans"},"content":{"rendered":"<p> [ad_1]<br \/>\n<\/p>\n<div itemprop=\"text\">\n<p>Uma mulher foi violentamente agredida dentro de um restaurante famoso na noite do \u00faltimo s\u00e1bado, dia 23 de dezembro. O crime aconteceu quando a mo\u00e7a deixava o banheiro feminino, momento em que foi abordada pelo agressor.<\/p>\n<p>O homem em quest\u00e3o quis saber se a v\u00edtima era do sexo masculino ou feminino e, diante de suas incertezas, deu in\u00edcio a uma s\u00e9rie de agress\u00f5es por acreditar que a v\u00edtima fosse uma transexual que estivesse utilizando o banheiro feminino do estabelecimento comercial.<\/p>\n<p>O caso foi registrado no restaurante Guaiamum Gigante, situado no bairro de Parnamirim, na Zona Norte de Recife, a capital do estado do Pernambuco.<\/p>\n<p>De acordo com a agredida, ao perguntar ao agressor o porqu\u00ea do questionamento, n\u00e3o recebeu resposta, mas passou a ser covardemente atacada com diversos socos \u2013 a maioria deles em seu rosto.<\/p>\n<p>A v\u00edtima \u00e9 uma mulher cisg\u00eanera, ou seja, nasceu com o sexo biol\u00f3gico feminino e se identifica como uma mulher. Ainda assim, a mulher definiu o crime do qual foi v\u00edtima como um caso velado de transfobia.<\/p>\n<p>Em entrevista concedida para o portal G1, a v\u00edtima lamentou o fato de ter sido agredida por conta de uma confus\u00e3o sobre a sua sexualidade. Segundo ela, o crime foi claramente motivado pela percep\u00e7\u00e3o do agressor no sentido de que um transexual fosse merecedor de agress\u00f5es e de que n\u00e3o pudesse frequentar estabelecimentos comerciais.<\/p>\n<p>Al\u00e9m disso, ela acusou o restaurante de ter contribu\u00eddo com o agressor, auxiliando-o a fugir do estabelecimento antes que a pol\u00edcia chegasse. O caso foi entregue nas m\u00e3os da Pol\u00edcia Civil e \u00e9 investigado como les\u00e3o corporal.<\/p>\n<\/div>\n<p>[ad_2]<br \/>\n<br \/><a href=\"https:\/\/fnmais.com\/mulher-apanha-feio-dentro-banheiro-restaurante-ao-ser-confundida-com-pessoa-trans\/\" target=\"_blank\" rel=\"noopener\">Source link <\/a><\/p>\n<div class='code-block code-block-4' style='margin: 8px auto 8px 0; text-align: left; display: block; clear: both;'>\n\ud83d\udce2 Aviso Legal\n\nO site ismaelcolosi.com.br atua apenas como um canal de divulga\u00e7\u00e3o de oportunidades de emprego e n\u00e3o se responsabiliza pelo processo seletivo, contrata\u00e7\u00e3o ou qualquer outra etapa relacionada \u00e0s vagas publicadas. Todas as informa\u00e7\u00f5es s\u00e3o de responsabilidade dos anunciantes.\n\n\u26a0\ufe0f Aten\u00e7\u00e3o! Nunca pague por promessas de emprego nem compre cursos que garantam contrata\u00e7\u00e3o. Desconfie de qualquer cobran\u00e7a para participar de sele\u00e7\u00f5es.\n\n\n\n<\/div>\n<!-- CONTENT END 1 -->\n","protected":false},"excerpt":{"rendered":"<p>[ad_1] Uma mulher foi violentamente agredida dentro de um restaurante famoso na noite do \u00faltimo s\u00e1bado, dia 23 de dezembro. O crime aconteceu quando a mo\u00e7a deixava o banheiro feminino, momento em que foi abordada pelo agressor. O homem em quest\u00e3o quis saber se a v\u00edtima era do sexo masculino ou feminino e, diante de&hellip;&nbsp;<\/p>\n","protected":false},"author":1,"featured_media":20522,"comment_status":"open","ping_status":"open","sticky":false,"template":"","format":"standard","meta":{"_uag_custom_page_level_css":"","neve_meta_sidebar":"","neve_meta_container":"","neve_meta_enable_content_width":"","neve_meta_content_width":0,"neve_meta_title_alignment":"","neve_meta_author_avatar":"","neve_post_elements_order":"","neve_meta_disable_header":"","neve_meta_disable_footer":"","neve_meta_disable_title":"","_jetpack_newsletter_access":"","_jetpack_dont_email_post_to_subs":false,"_jetpack_newsletter_tier_id":0,"_jetpack_memberships_contains_paywalled_content":false,"_jetpack_memberships_contains_paid_content":false,"footnotes":""},"categories":[1],"tags":[],"class_list":["post-20521","post","type-post","status-publish","format-standard","has-post-thumbnail","hentry","category-blog"],"uagb_featured_image_src":{"full":["https:\/\/i0.wp.com\/ismaelcolosi.com.br\/wp-content\/uploads\/2023\/12\/postimg-658a01189014a6658.jpg?fit=1200%2C628&ssl=1",1200,628,false],"thumbnail":["https:\/\/i0.wp.com\/ismaelcolosi.com.br\/wp-content\/uploads\/2023\/12\/postimg-658a01189014a6658.jpg?resize=150%2C150&ssl=1",150,150,true],"medium":["https:\/\/i0.wp.com\/ismaelcolosi.com.br\/wp-content\/uploads\/2023\/12\/postimg-658a01189014a6658.jpg?fit=300%2C157&ssl=1",300,157,true],"medium_large":["https:\/\/i0.wp.com\/ismaelcolosi.com.br\/wp-content\/uploads\/2023\/12\/postimg-658a01189014a6658.jpg?fit=768%2C402&ssl=1",768,402,true],"large":["https:\/\/i0.wp.com\/ismaelcolosi.com.br\/wp-content\/uploads\/2023\/12\/postimg-658a01189014a6658.jpg?fit=1024%2C536&ssl=1",1024,536,true],"1536x1536":["https:\/\/i0.wp.com\/ismaelcolosi.com.br\/wp-content\/uploads\/2023\/12\/postimg-658a01189014a6658.jpg?fit=1200%2C628&ssl=1",1200,628,true],"2048x2048":["https:\/\/i0.wp.com\/ismaelcolosi.com.br\/wp-content\/uploads\/2023\/12\/postimg-658a01189014a6658.jpg?fit=1200%2C628&ssl=1",1200,628,true],"neve-blog":["https:\/\/i0.wp.com\/ismaelcolosi.com.br\/wp-content\/uploads\/2023\/12\/postimg-658a01189014a6658.jpg?resize=930%2C620&ssl=1",930,620,true]},"uagb_author_info":{"display_name":"ismaelcolosi.com.br","author_link":"https:\/\/ismaelcolosi.com.br\/author\/vidareal-online\/"},"uagb_comment_info":0,"uagb_excerpt":"[ad_1] Uma mulher foi violentamente agredida dentro de um restaurante famoso na noite do \u00faltimo s\u00e1bado, dia 23 de dezembro. O crime aconteceu quando a mo\u00e7a deixava o banheiro feminino, momento em que foi abordada pelo agressor. O homem em quest\u00e3o quis saber se a v\u00edtima era do sexo masculino ou feminino e, diante de&hellip;&nbsp;","jetpack-related-posts":[{"id":44602,"url":"https:\/\/ismaelcolosi.com.br\/index.php\/2024\/03\/28\/mulher-flagra-garcom-filmando-dentro-de-banheiro-feminino-em-restaurante-de-ribeirao-preto\/","url_meta":{"origin":20521,"position":0},"title":"Mulher flagra gar\u00e7om filmando dentro de banheiro feminino em restaurante de Ribeir\u00e3o Preto","author":"ismaelcolosi.com.br","date":"28 de Mar\u00e7o de 2024","format":false,"excerpt":"[ad_1] Uma mulher, de 35 anos, procurou a pol\u00edcia para denunciar um gar\u00e7om, por importuna\u00e7\u00e3o sexual, na noite desta quarta-feira (27), ap\u00f3s ela flagrar que estava sendo filmada enquanto utilizava o banheiro de um restaurante na zona Sul de Ribeir\u00e3o Preto. A v\u00edtima relatou no boletim de ocorr\u00eancia (BO), que\u2026","rel":"","context":"In &quot;Not\u00edcias de Ribeir\u00e3o Preto-SP e Regi\u00e3o&quot;","block_context":{"text":"Not\u00edcias de Ribeir\u00e3o Preto-SP e Regi\u00e3o","link":"https:\/\/ismaelcolosi.com.br\/index.php\/category\/noticias-de-ribeirao-preto-sp-e-regiao-ismael-colosi\/"},"img":{"alt_text":"","src":"https:\/\/i0.wp.com\/ismaelcolosi.com.br\/wp-content\/uploads\/2024\/03\/1711660462_HomemmorreapscairdeandaimeenquantotrabalhavaemRibeiroPreto_Tamanho_2_image.jpg?fit=1200%2C900&ssl=1&resize=350%2C200","width":350,"height":200,"srcset":"https:\/\/i0.wp.com\/ismaelcolosi.com.br\/wp-content\/uploads\/2024\/03\/1711660462_HomemmorreapscairdeandaimeenquantotrabalhavaemRibeiroPreto_Tamanho_2_image.jpg?fit=1200%2C900&ssl=1&resize=350%2C200 1x, https:\/\/i0.wp.com\/ismaelcolosi.com.br\/wp-content\/uploads\/2024\/03\/1711660462_HomemmorreapscairdeandaimeenquantotrabalhavaemRibeiroPreto_Tamanho_2_image.jpg?fit=1200%2C900&ssl=1&resize=525%2C300 1.5x, https:\/\/i0.wp.com\/ismaelcolosi.com.br\/wp-content\/uploads\/2024\/03\/1711660462_HomemmorreapscairdeandaimeenquantotrabalhavaemRibeiroPreto_Tamanho_2_image.jpg?fit=1200%2C900&ssl=1&resize=700%2C400 2x, https:\/\/i0.wp.com\/ismaelcolosi.com.br\/wp-content\/uploads\/2024\/03\/1711660462_HomemmorreapscairdeandaimeenquantotrabalhavaemRibeiroPreto_Tamanho_2_image.jpg?fit=1200%2C900&ssl=1&resize=1050%2C600 3x"},"classes":[]},{"id":44614,"url":"https:\/\/ismaelcolosi.com.br\/index.php\/2024\/03\/28\/garcom-e-flagrado-filmando-mulher-no-banheiro-de-restaurante-na-zona-sul\/","url_meta":{"origin":20521,"position":1},"title":"Gar\u00e7om \u00e9 flagrado filmando mulher no banheiro de restaurante na zona Sul","author":"ismaelcolosi.com.br","date":"28 de Mar\u00e7o de 2024","format":false,"excerpt":"[ad_1] Assim que foi descoberto, homem deixou cair o celular e fugiu do local para evitar ser preso 28 de mar\u00e7o de 2024 | 18:42 2 Por: Adalberto Luque Um gar\u00e7om foi flagrado por uma cliente enquanto filmava ela no banheiro de um restaurante na City Ribeir\u00e3o, zona Sul de\u2026","rel":"","context":"In &quot;Not\u00edcias de Ribeir\u00e3o Preto-SP e Regi\u00e3o&quot;","block_context":{"text":"Not\u00edcias de Ribeir\u00e3o Preto-SP e Regi\u00e3o","link":"https:\/\/ismaelcolosi.com.br\/index.php\/category\/noticias-de-ribeirao-preto-sp-e-regiao-ismael-colosi\/"},"img":{"alt_text":"","src":"https:\/\/i0.wp.com\/ismaelcolosi.com.br\/wp-content\/uploads\/2024\/03\/00-07-mar-2024-Luque-Viaturas-PM-Foto-Alfredo-Fisk-scaled.jpg?fit=967%2C645&ssl=1&resize=350%2C200","width":350,"height":200,"srcset":"https:\/\/i0.wp.com\/ismaelcolosi.com.br\/wp-content\/uploads\/2024\/03\/00-07-mar-2024-Luque-Viaturas-PM-Foto-Alfredo-Fisk-scaled.jpg?fit=967%2C645&ssl=1&resize=350%2C200 1x, https:\/\/i0.wp.com\/ismaelcolosi.com.br\/wp-content\/uploads\/2024\/03\/00-07-mar-2024-Luque-Viaturas-PM-Foto-Alfredo-Fisk-scaled.jpg?fit=967%2C645&ssl=1&resize=525%2C300 1.5x, https:\/\/i0.wp.com\/ismaelcolosi.com.br\/wp-content\/uploads\/2024\/03\/00-07-mar-2024-Luque-Viaturas-PM-Foto-Alfredo-Fisk-scaled.jpg?fit=967%2C645&ssl=1&resize=700%2C400 2x"},"classes":[]},{"id":3291,"url":"https:\/\/ismaelcolosi.com.br\/index.php\/2023\/11\/17\/utm_sourcerssutm_mediumrssutm_campaignc4g4o-defeca-no-chao-de-banheiro-publico-e-e-trancado-apos-fazer-ameacas-em-matao\/","url_meta":{"origin":20521,"position":2},"title":"C4G4O defeca no ch\u00e3o de banheiro p\u00fablico e \u00e9 trancado ap\u00f3s fazer amea\u00e7as em Mat\u00e3o \u2013 X Tudo Ribeir\u00e3o","author":"ismaelcolosi.com.br","date":"17 de Novembro de 2023","format":false,"excerpt":"[ad_1] Um c4g4o de 37 anos, foi trancado no banheiro de um Parque Ecol\u00f3gico da cidade de Mat\u00e3o, ap\u00f3s defecar no ch\u00e3o e amea\u00e7ar uma funcion\u00e1ria do local.\u00a0 Segundo informa\u00e7\u00f5es da PM, uma funcion\u00e1ria do Parque Ecol\u00f3gico Dr. Laert Tarallo Mendes, acionou os Policiais com a informa\u00e7\u00e3o que teria sido\u2026","rel":"","context":"In &quot;Not\u00edcias de Ribeir\u00e3o Preto-SP e Regi\u00e3o&quot;","block_context":{"text":"Not\u00edcias de Ribeir\u00e3o Preto-SP e Regi\u00e3o","link":"https:\/\/ismaelcolosi.com.br\/index.php\/category\/noticias-de-ribeirao-preto-sp-e-regiao-ismael-colosi\/"},"img":{"alt_text":"","src":"https:\/\/i0.wp.com\/ismaelcolosi.com.br\/wp-content\/uploads\/2023\/11\/WhatsApp-Image-2023-11-17-at-23.40.21.jpeg?fit=471%2C478&ssl=1&resize=350%2C200","width":350,"height":200},"classes":[]},{"id":42735,"url":"https:\/\/ismaelcolosi.com.br\/index.php\/2024\/03\/16\/abrasel-faz-parceria-para-o-nao-se-cale\/","url_meta":{"origin":20521,"position":3},"title":"Abrasel faz parceria para o \u2018N\u00e3o se cale\u2019\u00a0","author":"ismaelcolosi.com.br","date":"16 de Mar\u00e7o de 2024","format":false,"excerpt":"[ad_1] 16 de mar\u00e7o de 2024 | 14:0015 de mar\u00e7o de 2024 | 20:25 0A Associa\u00e7\u00e3o Brasileira de Bares e Restaurantes da Alta Mogiana (Abrasel) criou uma forma objetiva de aplicar a nova lei estadual que obriga funcion\u00e1rios de bares, restaurantes e casas noturnas a realizar o curso de aplica\u00e7\u00e3o\u2026","rel":"","context":"In &quot;Not\u00edcias de Ribeir\u00e3o Preto-SP e Regi\u00e3o&quot;","block_context":{"text":"Not\u00edcias de Ribeir\u00e3o Preto-SP e Regi\u00e3o","link":"https:\/\/ismaelcolosi.com.br\/index.php\/category\/noticias-de-ribeirao-preto-sp-e-regiao-ismael-colosi\/"},"img":{"alt_text":"","src":"https:\/\/i0.wp.com\/ismaelcolosi.com.br\/wp-content\/uploads\/2024\/03\/Abrasel-Divulgacao-01-scaled.jpg?fit=1000%2C606&ssl=1&resize=350%2C200","width":350,"height":200,"srcset":"https:\/\/i0.wp.com\/ismaelcolosi.com.br\/wp-content\/uploads\/2024\/03\/Abrasel-Divulgacao-01-scaled.jpg?fit=1000%2C606&ssl=1&resize=350%2C200 1x, https:\/\/i0.wp.com\/ismaelcolosi.com.br\/wp-content\/uploads\/2024\/03\/Abrasel-Divulgacao-01-scaled.jpg?fit=1000%2C606&ssl=1&resize=525%2C300 1.5x, https:\/\/i0.wp.com\/ismaelcolosi.com.br\/wp-content\/uploads\/2024\/03\/Abrasel-Divulgacao-01-scaled.jpg?fit=1000%2C606&ssl=1&resize=700%2C400 2x"},"classes":[]},{"id":4613,"url":"https:\/\/ismaelcolosi.com.br\/index.php\/2023\/11\/21\/vereadora-denuncia-ter-sido-vitima-de-transfobia-em-camara-de-cidade-na-regiao-de-ribeirao\/","url_meta":{"origin":20521,"position":4},"title":"Vereadora denuncia ter sido v\u00edtima de transfobia em C\u00e2mara de cidade na regi\u00e3o de Ribeir\u00e3o","author":"ismaelcolosi.com.br","date":"21 de Novembro de 2023","format":false,"excerpt":"[ad_1] Em Patroc\u00ednio Paulista, cidade na regi\u00e3o de Ribeir\u00e3o Preto, a vereadora Dandara Ferreira (MDB) registrou um boletim de ocorr\u00eancia por transfobia, contra o tamb\u00e9m vereador Alcides Resende (Cidadania). A vereadora, que \u00e9 uma mulher transexual, alega ter sido v\u00edtima de inj\u00faria racial durante uma discuss\u00e3o na C\u00e2mara Municipal dos\u2026","rel":"","context":"In &quot;Not\u00edcias de Ribeir\u00e3o Preto-SP e Regi\u00e3o&quot;","block_context":{"text":"Not\u00edcias de Ribeir\u00e3o Preto-SP e Regi\u00e3o","link":"https:\/\/ismaelcolosi.com.br\/index.php\/category\/noticias-de-ribeirao-preto-sp-e-regiao-ismael-colosi\/"},"img":{"alt_text":"","src":"https:\/\/i0.wp.com\/ismaelcolosi.com.br\/wp-content\/uploads\/2023\/11\/Vereadora.png?fit=1200%2C708&ssl=1&resize=350%2C200","width":350,"height":200,"srcset":"https:\/\/i0.wp.com\/ismaelcolosi.com.br\/wp-content\/uploads\/2023\/11\/Vereadora.png?fit=1200%2C708&ssl=1&resize=350%2C200 1x, https:\/\/i0.wp.com\/ismaelcolosi.com.br\/wp-content\/uploads\/2023\/11\/Vereadora.png?fit=1200%2C708&ssl=1&resize=525%2C300 1.5x, https:\/\/i0.wp.com\/ismaelcolosi.com.br\/wp-content\/uploads\/2023\/11\/Vereadora.png?fit=1200%2C708&ssl=1&resize=700%2C400 2x, https:\/\/i0.wp.com\/ismaelcolosi.com.br\/wp-content\/uploads\/2023\/11\/Vereadora.png?fit=1200%2C708&ssl=1&resize=1050%2C600 3x"},"classes":[]},{"id":49583,"url":"https:\/\/ismaelcolosi.com.br\/index.php\/2024\/05\/11\/homem-morre-apos-ser-esfaqueado-na-regiao-de-ribeirao-preto\/","url_meta":{"origin":20521,"position":5},"title":"Homem morre ap\u00f3s ser esfaqueado na regi\u00e3o de Ribeir\u00e3o Preto","author":"ismaelcolosi.com.br","date":"11 de Maio de 2024","format":false,"excerpt":"[ad_1] Um homem de 30 anos morreu ap\u00f3s ter sido esfaqueado em Barrinha, na regi\u00e3o de Ribeir\u00e3o Preto, na madrugada deste s\u00e1bado (11). Ele chegou a ser socorrido, mas n\u00e3o resistiu aos ferimentos. Segundo o boletim de ocorr\u00eancia (BO), o pai da v\u00edtima informou \u00e0 pol\u00edcia que ele havia sa\u00eddo\u2026","rel":"","context":"In &quot;Not\u00edcias de Ribeir\u00e3o Preto-SP e Regi\u00e3o&quot;","block_context":{"text":"Not\u00edcias de Ribeir\u00e3o Preto-SP e Regi\u00e3o","link":"https:\/\/ismaelcolosi.com.br\/index.php\/category\/noticias-de-ribeirao-preto-sp-e-regiao-ismael-colosi\/"},"img":{"alt_text":"","src":"https:\/\/i0.wp.com\/ismaelcolosi.com.br\/wp-content\/uploads\/2024\/05\/1715451090_WhatsApp-Image-2023-12-09-at-13.55.44.jpeg?fit=1024%2C576&ssl=1&resize=350%2C200","width":350,"height":200,"srcset":"https:\/\/i0.wp.com\/ismaelcolosi.com.br\/wp-content\/uploads\/2024\/05\/1715451090_WhatsApp-Image-2023-12-09-at-13.55.44.jpeg?fit=1024%2C576&ssl=1&resize=350%2C200 1x, https:\/\/i0.wp.com\/ismaelcolosi.com.br\/wp-content\/uploads\/2024\/05\/1715451090_WhatsApp-Image-2023-12-09-at-13.55.44.jpeg?fit=1024%2C576&ssl=1&resize=525%2C300 1.5x, https:\/\/i0.wp.com\/ismaelcolosi.com.br\/wp-content\/uploads\/2024\/05\/1715451090_WhatsApp-Image-2023-12-09-at-13.55.44.jpeg?fit=1024%2C576&ssl=1&resize=700%2C400 2x"},"classes":[]}],"jetpack_sharing_enabled":true,"jetpack_shortlink":"https:\/\/wp.me\/pfMlyK-5kZ","jetpack_featured_media_url":"https:\/\/i0.wp.com\/ismaelcolosi.com.br\/wp-content\/uploads\/2023\/12\/postimg-658a01189014a6658.jpg?fit=1200%2C628&ssl=1","_links":{"self":[{"href":"https:\/\/ismaelcolosi.com.br\/index.php\/wp-json\/wp\/v2\/posts\/20521","targetHints":{"allow":["GET"]}}],"collection":[{"href":"https:\/\/ismaelcolosi.com.br\/index.php\/wp-json\/wp\/v2\/posts"}],"about":[{"href":"https:\/\/ismaelcolosi.com.br\/index.php\/wp-json\/wp\/v2\/types\/post"}],"author":[{"embeddable":true,"href":"https:\/\/ismaelcolosi.com.br\/index.php\/wp-json\/wp\/v2\/users\/1"}],"replies":[{"embeddable":true,"href":"https:\/\/ismaelcolosi.com.br\/index.php\/wp-json\/wp\/v2\/comments?post=20521"}],"version-history":[{"count":0,"href":"https:\/\/ismaelcolosi.com.br\/index.php\/wp-json\/wp\/v2\/posts\/20521\/revisions"}],"wp:featuredmedia":[{"embeddable":true,"href":"https:\/\/ismaelcolosi.com.br\/index.php\/wp-json\/wp\/v2\/media\/20522"}],"wp:attachment":[{"href":"https:\/\/ismaelcolosi.com.br\/index.php\/wp-json\/wp\/v2\/media?parent=20521"}],"wp:term":[{"taxonomy":"category","embeddable":true,"href":"https:\/\/ismaelcolosi.com.br\/index.php\/wp-json\/wp\/v2\/categories?post=20521"},{"taxonomy":"post_tag","embeddable":true,"href":"https:\/\/ismaelcolosi.com.br\/index.php\/wp-json\/wp\/v2\/tags?post=20521"}],"curies":[{"name":"wp","href":"https:\/\/api.w.org\/{rel}","templated":true}]}}