{"id":20307,"date":"2023-12-24T21:48:18","date_gmt":"2023-12-25T00:48:18","guid":{"rendered":"https:\/\/ismaelcolosi.com.br\/index.php\/2023\/12\/24\/mae-e-dois-filhos-sem-vida\/"},"modified":"2023-12-24T21:48:18","modified_gmt":"2023-12-25T00:48:18","slug":"mae-e-dois-filhos-sem-vida","status":"publish","type":"post","link":"https:\/\/ismaelcolosi.com.br\/index.php\/2023\/12\/24\/mae-e-dois-filhos-sem-vida\/","title":{"rendered":"M\u00e3e e dois filhos sem vida"},"content":{"rendered":"<p> [ad_1]<br \/>\n<\/p>\n<div itemprop=\"text\">\n<p>Uma tempestade devastadora resultou em s\u00e9rios danos e trag\u00e9dia, levando \u00e0 perda de uma mulher de 32 anos e seus dois filhos, com idades de 3 e 11 anos, entre a noite de s\u00e1bado (23) e as primeiras horas da manh\u00e3 de domingo (24), na cidade de Paracatu, localizada na regi\u00e3o Noroeste de Minas Gerais.<\/p>\n<p>As v\u00edtimas perderam a vida quando o ve\u00edculo da fam\u00edlia foi arrastado pela intensa correnteza, ap\u00f3s o motorista tentar cruzar uma \u00e1rea alagada. Por volta de 23h50 da noite, os socorristas do Corpo de Bombeiros receberam um chamado para se dirigir ao bairro Alto do C\u00f3rrego.<\/p>\n<p>Naquele local, o condutor, que conseguiu se salvar, informou aos bombeiros que seu ve\u00edculo fora arrastado pela correnteza, e sua esposa e filhos ficaram presos no carro.<\/p>\n<p>Pouco depois, os bombeiros localizaram a m\u00e3e e o filho mais velho ainda dentro do ve\u00edculo. A partir desse momento, iniciaram as buscas pela crian\u00e7a mais nova, cujo corpo s\u00f3 foi encontrado na tarde deste domingo.<\/p>\n<p>Segundo os bombeiros, ela estava a aproximadamente 100 metros do local onde o carro foi descoberto. Nas plataformas de m\u00eddia social, o prefeito do munic\u00edpio de Paracatu, Igor Santos (DEM), expressou seu pesar pelas trag\u00e9dias e compartilhou v\u00e1rias imagens das opera\u00e7\u00f5es de reconstru\u00e7\u00e3o nas \u00e1reas mais impactadas pela intensa tempestade.<\/p>\n<p>De acordo com ele, o volume de chuva registrado no munic\u00edpio atingiu a marca de 182 mm, uma quantidade excepcionalmente elevada. N\u00e3o h\u00e1 informa\u00e7\u00f5es sobre o vel\u00f3rio e sepultamento das v\u00edtimas.<\/p>\n<\/div>\n<p>[ad_2]<br \/>\n<br \/><a href=\"https:\/\/fnmais.com\/carro-arrastado-pela-enxurrada-durante-forte-chuva-expoe-tragedia-mae-dois-filhos-sem-vida\/\" target=\"_blank\" rel=\"noopener\">Source link <\/a><\/p>\n<div class='code-block code-block-4' style='margin: 8px auto 8px 0; text-align: left; display: block; clear: both;'>\n\ud83d\udce2 Aviso Legal\n\nO site ismaelcolosi.com.br atua apenas como um canal de divulga\u00e7\u00e3o de oportunidades de emprego e n\u00e3o se responsabiliza pelo processo seletivo, contrata\u00e7\u00e3o ou qualquer outra etapa relacionada \u00e0s vagas publicadas. Todas as informa\u00e7\u00f5es s\u00e3o de responsabilidade dos anunciantes.\n\n\u26a0\ufe0f Aten\u00e7\u00e3o! Nunca pague por promessas de emprego nem compre cursos que garantam contrata\u00e7\u00e3o. Desconfie de qualquer cobran\u00e7a para participar de sele\u00e7\u00f5es.\n\n\n\n<\/div>\n<!-- CONTENT END 1 -->\n","protected":false},"excerpt":{"rendered":"<p>[ad_1] Uma tempestade devastadora resultou em s\u00e9rios danos e trag\u00e9dia, levando \u00e0 perda de uma mulher de 32 anos e seus dois filhos, com idades de 3 e 11 anos, entre a noite de s\u00e1bado (23) e as primeiras horas da manh\u00e3 de domingo (24), na cidade de Paracatu, localizada na regi\u00e3o Noroeste de Minas&hellip;&nbsp;<\/p>\n","protected":false},"author":1,"featured_media":20308,"comment_status":"open","ping_status":"open","sticky":false,"template":"","format":"standard","meta":{"_uag_custom_page_level_css":"","neve_meta_sidebar":"","neve_meta_container":"","neve_meta_enable_content_width":"","neve_meta_content_width":0,"neve_meta_title_alignment":"","neve_meta_author_avatar":"","neve_post_elements_order":"","neve_meta_disable_header":"","neve_meta_disable_footer":"","neve_meta_disable_title":"","_jetpack_newsletter_access":"","_jetpack_dont_email_post_to_subs":false,"_jetpack_newsletter_tier_id":0,"_jetpack_memberships_contains_paywalled_content":false,"_jetpack_memberships_contains_paid_content":false,"footnotes":""},"categories":[1],"tags":[],"class_list":["post-20307","post","type-post","status-publish","format-standard","has-post-thumbnail","hentry","category-blog"],"uagb_featured_image_src":{"full":["https:\/\/i0.wp.com\/ismaelcolosi.com.br\/wp-content\/uploads\/2023\/12\/postimg-6588c74a47a4b1638.jpg?fit=1200%2C628&ssl=1",1200,628,false],"thumbnail":["https:\/\/i0.wp.com\/ismaelcolosi.com.br\/wp-content\/uploads\/2023\/12\/postimg-6588c74a47a4b1638.jpg?resize=150%2C150&ssl=1",150,150,true],"medium":["https:\/\/i0.wp.com\/ismaelcolosi.com.br\/wp-content\/uploads\/2023\/12\/postimg-6588c74a47a4b1638.jpg?fit=300%2C157&ssl=1",300,157,true],"medium_large":["https:\/\/i0.wp.com\/ismaelcolosi.com.br\/wp-content\/uploads\/2023\/12\/postimg-6588c74a47a4b1638.jpg?fit=768%2C402&ssl=1",768,402,true],"large":["https:\/\/i0.wp.com\/ismaelcolosi.com.br\/wp-content\/uploads\/2023\/12\/postimg-6588c74a47a4b1638.jpg?fit=1024%2C536&ssl=1",1024,536,true],"1536x1536":["https:\/\/i0.wp.com\/ismaelcolosi.com.br\/wp-content\/uploads\/2023\/12\/postimg-6588c74a47a4b1638.jpg?fit=1200%2C628&ssl=1",1200,628,true],"2048x2048":["https:\/\/i0.wp.com\/ismaelcolosi.com.br\/wp-content\/uploads\/2023\/12\/postimg-6588c74a47a4b1638.jpg?fit=1200%2C628&ssl=1",1200,628,true],"neve-blog":["https:\/\/i0.wp.com\/ismaelcolosi.com.br\/wp-content\/uploads\/2023\/12\/postimg-6588c74a47a4b1638.jpg?resize=930%2C620&ssl=1",930,620,true]},"uagb_author_info":{"display_name":"ismaelcolosi.com.br","author_link":"https:\/\/ismaelcolosi.com.br\/author\/vidareal-online\/"},"uagb_comment_info":0,"uagb_excerpt":"[ad_1] Uma tempestade devastadora resultou em s\u00e9rios danos e trag\u00e9dia, levando \u00e0 perda de uma mulher de 32 anos e seus dois filhos, com idades de 3 e 11 anos, entre a noite de s\u00e1bado (23) e as primeiras horas da manh\u00e3 de domingo (24), na cidade de Paracatu, localizada na regi\u00e3o Noroeste de Minas&hellip;&nbsp;","jetpack-related-posts":[{"id":30021,"url":"https:\/\/ismaelcolosi.com.br\/index.php\/2024\/01\/19\/mae-e-filha-perdem-a-vida-apos-serem-arrastadas-por-enxurrada-em-temporal-de-sp\/","url_meta":{"origin":20307,"position":0},"title":"M\u00e3e e filha perdem a vida ap\u00f3s serem arrastadas por enxurrada em temporal de SP","author":"ismaelcolosi.com.br","date":"19 de Janeiro de 2024","format":false,"excerpt":"[ad_1] Um forte temporal atingiu v\u00e1rias cidades do estado de S\u00e3o Paulo, incluindo a capital paulista. Infelizmente a chuva intensa provocou uma trag\u00e9dia.Duas mulheres perderam a vida por afogamento devido a uma inunda\u00e7\u00e3o durante a chuva ocorrida na cidade de Limeira (SP) na noite de sexta-feira (19). As v\u00edtimas eram\u2026","rel":"","context":"In &quot;Blog&quot;","block_context":{"text":"Blog","link":"https:\/\/ismaelcolosi.com.br\/index.php\/category\/blog\/"},"img":{"alt_text":"","src":"https:\/\/i0.wp.com\/ismaelcolosi.com.br\/wp-content\/uploads\/2024\/01\/postimg-65ab17b156ff84699.jpg?fit=1200%2C628&ssl=1&resize=350%2C200","width":350,"height":200,"srcset":"https:\/\/i0.wp.com\/ismaelcolosi.com.br\/wp-content\/uploads\/2024\/01\/postimg-65ab17b156ff84699.jpg?fit=1200%2C628&ssl=1&resize=350%2C200 1x, https:\/\/i0.wp.com\/ismaelcolosi.com.br\/wp-content\/uploads\/2024\/01\/postimg-65ab17b156ff84699.jpg?fit=1200%2C628&ssl=1&resize=525%2C300 1.5x, https:\/\/i0.wp.com\/ismaelcolosi.com.br\/wp-content\/uploads\/2024\/01\/postimg-65ab17b156ff84699.jpg?fit=1200%2C628&ssl=1&resize=700%2C400 2x, https:\/\/i0.wp.com\/ismaelcolosi.com.br\/wp-content\/uploads\/2024\/01\/postimg-65ab17b156ff84699.jpg?fit=1200%2C628&ssl=1&resize=1050%2C600 3x"},"classes":[]},{"id":17240,"url":"https:\/\/ismaelcolosi.com.br\/index.php\/2023\/12\/17\/quem-sao-mae-e-filho-que-perderam-a-vida-em-acidente-tragico-velorio-e-sepultamento-foi-marcado-por-grande-comocao\/","url_meta":{"origin":20307,"position":1},"title":"Quem s\u00e3o m\u00e3e e filho que perderam a vida em acidente tr\u00e1gico, vel\u00f3rio e sepultamento foi marcado por grande como\u00e7\u00e3o","author":"ismaelcolosi.com.br","date":"17 de Dezembro de 2023","format":false,"excerpt":"[ad_1] Uma trag\u00e9dia ocorreu na tarde desta da \u00faltima sexta-feira (15) com a colis\u00e3o frontal entre um caminh\u00e3o e uma caminhonete na rodovia RO-460, em processo de asfaltamento no munic\u00edpio de Buritis, localizado no interior de Rond\u00f4nia, que fica na regi\u00e3o Vale do Jamari, resultando na perda de duas vidas.De\u2026","rel":"","context":"In &quot;Blog&quot;","block_context":{"text":"Blog","link":"https:\/\/ismaelcolosi.com.br\/index.php\/category\/blog\/"},"img":{"alt_text":"","src":"https:\/\/i0.wp.com\/ismaelcolosi.com.br\/wp-content\/uploads\/2023\/12\/postimg-657f85f5652382634.jpg?fit=1200%2C628&ssl=1&resize=350%2C200","width":350,"height":200,"srcset":"https:\/\/i0.wp.com\/ismaelcolosi.com.br\/wp-content\/uploads\/2023\/12\/postimg-657f85f5652382634.jpg?fit=1200%2C628&ssl=1&resize=350%2C200 1x, https:\/\/i0.wp.com\/ismaelcolosi.com.br\/wp-content\/uploads\/2023\/12\/postimg-657f85f5652382634.jpg?fit=1200%2C628&ssl=1&resize=525%2C300 1.5x, https:\/\/i0.wp.com\/ismaelcolosi.com.br\/wp-content\/uploads\/2023\/12\/postimg-657f85f5652382634.jpg?fit=1200%2C628&ssl=1&resize=700%2C400 2x, https:\/\/i0.wp.com\/ismaelcolosi.com.br\/wp-content\/uploads\/2023\/12\/postimg-657f85f5652382634.jpg?fit=1200%2C628&ssl=1&resize=1050%2C600 3x"},"classes":[]},{"id":28870,"url":"https:\/\/ismaelcolosi.com.br\/index.php\/2024\/01\/16\/quem-eram-mae-e-filho-que-perderam-a-vida-em-grave-acidente-na-br-282\/","url_meta":{"origin":20307,"position":2},"title":"Quem eram m\u00e3e e filho que perderam a vida em grave acidente na BR-282","author":"ismaelcolosi.com.br","date":"16 de Janeiro de 2024","format":false,"excerpt":"[ad_1] No fim da manh\u00e3 desta ter\u00e7a-feira (16), um grave acidente que teve como cen\u00e1rio a rodovia BR-282, que provocou uma enorme trag\u00e9dia deixando uma fam\u00edlia de luto.O acidente envolvendo um carro e um caminh\u00e3o na BR-282, na altura do munic\u00edpio de Ponte Serrada, que fica localizado no interior do\u2026","rel":"","context":"In &quot;Blog&quot;","block_context":{"text":"Blog","link":"https:\/\/ismaelcolosi.com.br\/index.php\/category\/blog\/"},"img":{"alt_text":"","src":"https:\/\/i0.wp.com\/ismaelcolosi.com.br\/wp-content\/uploads\/2024\/01\/postimg-65a722b4e05c58716.jpg?fit=1200%2C628&ssl=1&resize=350%2C200","width":350,"height":200,"srcset":"https:\/\/i0.wp.com\/ismaelcolosi.com.br\/wp-content\/uploads\/2024\/01\/postimg-65a722b4e05c58716.jpg?fit=1200%2C628&ssl=1&resize=350%2C200 1x, https:\/\/i0.wp.com\/ismaelcolosi.com.br\/wp-content\/uploads\/2024\/01\/postimg-65a722b4e05c58716.jpg?fit=1200%2C628&ssl=1&resize=525%2C300 1.5x, https:\/\/i0.wp.com\/ismaelcolosi.com.br\/wp-content\/uploads\/2024\/01\/postimg-65a722b4e05c58716.jpg?fit=1200%2C628&ssl=1&resize=700%2C400 2x, https:\/\/i0.wp.com\/ismaelcolosi.com.br\/wp-content\/uploads\/2024\/01\/postimg-65a722b4e05c58716.jpg?fit=1200%2C628&ssl=1&resize=1050%2C600 3x"},"classes":[]},{"id":10716,"url":"https:\/\/ismaelcolosi.com.br\/index.php\/2023\/12\/05\/quem-sao-mae-e-filha-que-morreram-em-grave-acidente-causado-por-motorista-embriagado\/","url_meta":{"origin":20307,"position":3},"title":"Quem s\u00e3o m\u00e3e e filha que morreram em grave acidente causado por motorista embriagado","author":"ismaelcolosi.com.br","date":"5 de Dezembro de 2023","format":false,"excerpt":"[ad_1] Um grave acidente provocado por um motorista b\u00eabado provocou uma verdadeira trag\u00e9dia e deixou uma fam\u00edlia devastada e mergulhada na dor do luto por causa do \u00f3bito de entes queridos.Uma mulher de 27 anos e sua filha, de 12 anos, perderam a vida em uma colis\u00e3o fatal que envolveu\u2026","rel":"","context":"In &quot;Blog&quot;","block_context":{"text":"Blog","link":"https:\/\/ismaelcolosi.com.br\/index.php\/category\/blog\/"},"img":{"alt_text":"","src":"https:\/\/i0.wp.com\/ismaelcolosi.com.br\/wp-content\/uploads\/2023\/12\/postimg-656e939e669e18056.jpg?fit=1200%2C628&ssl=1&resize=350%2C200","width":350,"height":200,"srcset":"https:\/\/i0.wp.com\/ismaelcolosi.com.br\/wp-content\/uploads\/2023\/12\/postimg-656e939e669e18056.jpg?fit=1200%2C628&ssl=1&resize=350%2C200 1x, https:\/\/i0.wp.com\/ismaelcolosi.com.br\/wp-content\/uploads\/2023\/12\/postimg-656e939e669e18056.jpg?fit=1200%2C628&ssl=1&resize=525%2C300 1.5x, https:\/\/i0.wp.com\/ismaelcolosi.com.br\/wp-content\/uploads\/2023\/12\/postimg-656e939e669e18056.jpg?fit=1200%2C628&ssl=1&resize=700%2C400 2x, https:\/\/i0.wp.com\/ismaelcolosi.com.br\/wp-content\/uploads\/2023\/12\/postimg-656e939e669e18056.jpg?fit=1200%2C628&ssl=1&resize=1050%2C600 3x"},"classes":[]},{"id":27278,"url":"https:\/\/ismaelcolosi.com.br\/index.php\/2024\/01\/11\/video-flagra-o-momento-em-que-familia-perde-a-vida-de-maneira-tragica-pai-mae-e-filho-sao-identificados\/","url_meta":{"origin":20307,"position":4},"title":"V\u00eddeo flagra o momento em que fam\u00edlia perde a vida de maneira tr\u00e1gica; pai, m\u00e3e e filho s\u00e3o identificados","author":"ismaelcolosi.com.br","date":"11 de Janeiro de 2024","format":false,"excerpt":"[ad_1] Um tr\u00e1gico acidente ocorreu nesta \u00faltima quarta-feira (10,) no Centro da cidade de Baturit\u00e9, localizada no interior do estado do Cear\u00e1, resultando na perda de um casal e seu filho pequeno.O fat\u00eddico acidente teve lugar quando a motocicleta em que viajavam foi colhida por um caminh\u00e3o na Rua Senador\u2026","rel":"","context":"In &quot;Blog&quot;","block_context":{"text":"Blog","link":"https:\/\/ismaelcolosi.com.br\/index.php\/category\/blog\/"},"img":{"alt_text":"","src":"https:\/\/i0.wp.com\/ismaelcolosi.com.br\/wp-content\/uploads\/2024\/01\/postimg-65a07a0c82c683638.jpg?fit=1200%2C628&ssl=1&resize=350%2C200","width":350,"height":200,"srcset":"https:\/\/i0.wp.com\/ismaelcolosi.com.br\/wp-content\/uploads\/2024\/01\/postimg-65a07a0c82c683638.jpg?fit=1200%2C628&ssl=1&resize=350%2C200 1x, https:\/\/i0.wp.com\/ismaelcolosi.com.br\/wp-content\/uploads\/2024\/01\/postimg-65a07a0c82c683638.jpg?fit=1200%2C628&ssl=1&resize=525%2C300 1.5x, https:\/\/i0.wp.com\/ismaelcolosi.com.br\/wp-content\/uploads\/2024\/01\/postimg-65a07a0c82c683638.jpg?fit=1200%2C628&ssl=1&resize=700%2C400 2x, https:\/\/i0.wp.com\/ismaelcolosi.com.br\/wp-content\/uploads\/2024\/01\/postimg-65a07a0c82c683638.jpg?fit=1200%2C628&ssl=1&resize=1050%2C600 3x"},"classes":[]},{"id":16146,"url":"https:\/\/ismaelcolosi.com.br\/index.php\/2023\/12\/15\/quem-e-a-jovem-que-perdeu-a-vida-em-acidente-na-br-262-carro-foi-arrastado-por-cerca-de-50-metros-por-carreta-video\/","url_meta":{"origin":20307,"position":5},"title":"Quem \u00e9 a jovem que perdeu a vida em acidente na BR-262 \u2013 Carro foi arrastado por cerca de 50 metros por carreta \u2013 V\u00cdDEO","author":"ismaelcolosi.com.br","date":"15 de Dezembro de 2023","format":false,"excerpt":"[ad_1] Na manh\u00e3 desta \u00faltima quinta-feira (14), um terr\u00edvel acidente envolvendo um carro e uma carreta terminou de maneira tr\u00e1gica. O caso aconteceu na\u00a0altura do munic\u00edpio de Ribas do Rio Pardo, localizada a cerca de 97 km da cidade de Campo Grande, capital do estado do Mato Grosso do Sul.De\u2026","rel":"","context":"In &quot;Blog&quot;","block_context":{"text":"Blog","link":"https:\/\/ismaelcolosi.com.br\/index.php\/category\/blog\/"},"img":{"alt_text":"","src":"https:\/\/i0.wp.com\/ismaelcolosi.com.br\/wp-content\/uploads\/2023\/12\/postimg-657bcafd6f5101394.jpg?fit=1200%2C628&ssl=1&resize=350%2C200","width":350,"height":200,"srcset":"https:\/\/i0.wp.com\/ismaelcolosi.com.br\/wp-content\/uploads\/2023\/12\/postimg-657bcafd6f5101394.jpg?fit=1200%2C628&ssl=1&resize=350%2C200 1x, https:\/\/i0.wp.com\/ismaelcolosi.com.br\/wp-content\/uploads\/2023\/12\/postimg-657bcafd6f5101394.jpg?fit=1200%2C628&ssl=1&resize=525%2C300 1.5x, https:\/\/i0.wp.com\/ismaelcolosi.com.br\/wp-content\/uploads\/2023\/12\/postimg-657bcafd6f5101394.jpg?fit=1200%2C628&ssl=1&resize=700%2C400 2x, https:\/\/i0.wp.com\/ismaelcolosi.com.br\/wp-content\/uploads\/2023\/12\/postimg-657bcafd6f5101394.jpg?fit=1200%2C628&ssl=1&resize=1050%2C600 3x"},"classes":[]}],"jetpack_sharing_enabled":true,"jetpack_shortlink":"https:\/\/wp.me\/pfMlyK-5hx","jetpack_featured_media_url":"https:\/\/i0.wp.com\/ismaelcolosi.com.br\/wp-content\/uploads\/2023\/12\/postimg-6588c74a47a4b1638.jpg?fit=1200%2C628&ssl=1","_links":{"self":[{"href":"https:\/\/ismaelcolosi.com.br\/index.php\/wp-json\/wp\/v2\/posts\/20307","targetHints":{"allow":["GET"]}}],"collection":[{"href":"https:\/\/ismaelcolosi.com.br\/index.php\/wp-json\/wp\/v2\/posts"}],"about":[{"href":"https:\/\/ismaelcolosi.com.br\/index.php\/wp-json\/wp\/v2\/types\/post"}],"author":[{"embeddable":true,"href":"https:\/\/ismaelcolosi.com.br\/index.php\/wp-json\/wp\/v2\/users\/1"}],"replies":[{"embeddable":true,"href":"https:\/\/ismaelcolosi.com.br\/index.php\/wp-json\/wp\/v2\/comments?post=20307"}],"version-history":[{"count":0,"href":"https:\/\/ismaelcolosi.com.br\/index.php\/wp-json\/wp\/v2\/posts\/20307\/revisions"}],"wp:featuredmedia":[{"embeddable":true,"href":"https:\/\/ismaelcolosi.com.br\/index.php\/wp-json\/wp\/v2\/media\/20308"}],"wp:attachment":[{"href":"https:\/\/ismaelcolosi.com.br\/index.php\/wp-json\/wp\/v2\/media?parent=20307"}],"wp:term":[{"taxonomy":"category","embeddable":true,"href":"https:\/\/ismaelcolosi.com.br\/index.php\/wp-json\/wp\/v2\/categories?post=20307"},{"taxonomy":"post_tag","embeddable":true,"href":"https:\/\/ismaelcolosi.com.br\/index.php\/wp-json\/wp\/v2\/tags?post=20307"}],"curies":[{"name":"wp","href":"https:\/\/api.w.org\/{rel}","templated":true}]}}