{"id":20175,"date":"2023-12-24T13:13:16","date_gmt":"2023-12-24T16:13:16","guid":{"rendered":"https:\/\/ismaelcolosi.com.br\/index.php\/2023\/12\/24\/rp-mobi-altera-linha-alimentadora-da-zona-sul-de-ribeirao-preto\/"},"modified":"2023-12-24T13:13:16","modified_gmt":"2023-12-24T16:13:16","slug":"rp-mobi-altera-linha-alimentadora-da-zona-sul-de-ribeirao-preto","status":"publish","type":"post","link":"https:\/\/ismaelcolosi.com.br\/index.php\/2023\/12\/24\/rp-mobi-altera-linha-alimentadora-da-zona-sul-de-ribeirao-preto\/","title":{"rendered":"RP Mobi altera linha alimentadora da zona Sul de Ribeir\u00e3o Preto"},"content":{"rendered":"<p> <br \/>\n<\/p>\n<div>\n<p><strong>A RP Mobi, antiga Transerp, anunciou que, a partir da pr\u00f3xima ter\u00e7a-feira (26), a \u2018linha alimentadora 14 \u2013 Jardim Bot\u00e2nico\u2019 ter\u00e1 seu quadro de hor\u00e1rios alterado e o itiner\u00e1rio estendido nos dias \u00fateis, de segunda a sexta-feira<\/strong>.<\/p>\n<p>\u201cA altera\u00e7\u00e3o nos hor\u00e1rios da linha tem como objetivo proporcionar melhores condi\u00e7\u00f5es de acessibilidade ao transporte coletivo urbano\u201d, informou a RP Mobi.<\/p><div class='code-block code-block-8' style='margin: 8px auto; text-align: center; display: block; clear: both;'>\n<script>\n  atOptions = {\n    'key' : '66e2e2111ca34da796271819fc334058',\n    'format' : 'iframe',\n    'height' : 250,\n    'width' : 300,\n    'params' : {}\n  };\n<\/script>\n<script src=\"https:\/\/www.highperformanceformat.com\/66e2e2111ca34da796271819fc334058\/invoke.js\"><\/script>\n<\/div>\n\n<p>A altera\u00e7\u00e3o atende os moradores do\u00a0<strong>condom\u00ednio residencial Aspen e Recreio Humait\u00e1<\/strong>\u00a0situados ao longo da <strong>rodovia Ant\u00f4nio Machado Sant\u2019Anna<\/strong>.<\/p>\n<h4 class=\"wp-block-heading\"><strong>Confira a altera\u00e7\u00e3o do itiner\u00e1rio:<\/strong><\/h4>\n<p><em>Normal at\u00e9 a rodovia Ant\u00f4nio Machado Sant\u2019Anna (sentido Araraquara), seguindo por esta at\u00e9 o acesso ao distrito de Bonfim Paulista \u2013 Sa\u00edda 10, seguindo \u00e0 esquerda, retorno, passagem sob a rodovia Ant\u00f4nio Machado Sant\u2019Anna, rotat\u00f3ria, acesso ao condom\u00ednio residencial Aspen, Alameda Dr. Celso Pinheiro Machado de Souza, retorno junto \u00e0 portaria do Condom\u00ednio Residencial Aspen, Alameda Dr. Celso Pinheiro Machado de Souza, rotat\u00f3ria, al\u00e7a de acesso \u00e0 rodovia, Rodovia Ant\u00f4nio Machado Sant\u2019Anna (sentido Ribeir\u00e3o Preto), retomando ao seu itiner\u00e1rio normal.<\/em><\/p>\n<h4 class=\"wp-block-heading\"><strong>Hor\u00e1rios:<\/strong><\/h4>\n<p>Segunda a sexta-feira<\/p>\n<p>06:10 \u2013\u00a006:50*\u00a0\u2013\u00a008:10#\u00a0\u2013 12:00 \u2013 13:00 \u2013 14:00 \u2013 15:00 \u2013\u00a015:50*\u00a0\u2013\u00a017:00**\u00a0\u2013 18:00 \u2013 19:00<\/p>\n<p>*Extens\u00e3o at\u00e9 Alto do Castelo e Aspen \/ Humait\u00e1<\/p>\n<p>**Extens\u00e3o at\u00e9 Aspen \/ Humait\u00e1<\/p>\n<p>VEJA TAMB\u00c9M<br \/>Saiba quem s\u00e3o as v\u00edtimas que morreram na queda de avi\u00e3o na regi\u00e3o de Ribeir\u00e3o<\/p>\n<h4 class=\"wp-block-heading\"><strong>FIQUE ON<\/strong><\/h4>\n<p>Fique ligado em tudo que acontece em Ribeir\u00e3o Preto e regi\u00e3o. Siga os perfis do\u00a0<strong>acidade on<\/strong>\u00a0no\u00a0<a href=\"https:\/\/www.instagram.com\/acidadeonribeirao\" target=\"_blank\" rel=\"noreferrer noopener\">Instagram\u00a0<\/a>e no<a href=\"https:\/\/www.facebook.com\/acidadeonribeirao\" target=\"_blank\" rel=\"noreferrer noopener\">\u00a0Facebook.<\/a><\/p>\n<p>Receba not\u00edcias do\u00a0<strong>acidade on\u00a0<\/strong>no WhatsApp.\u00a0<a href=\"https:\/\/chat.whatsapp.com\/Bnv2w66ZT4VDyZW3oiZ69n\" target=\"_blank\" rel=\"noreferrer noopener\">Para entrar no grupo, basta clicar aqui.<\/a><\/p>\n<p>Fa\u00e7a uma den\u00fancia ou sugira uma reportagem sobre Ribeir\u00e3o Preto e regi\u00e3o pelo WhatsApp:\u00a0<strong>(16) 99117 7802.<\/strong><\/p>\n<p>LEIA MAIS<br \/>Litoral de S\u00e3o Paulo tem 33 praias impr\u00f3prias; Veja quais s\u00e3o<\/p>\n<p><!-- AI CONTENT END 1 -->\n<\/div>\n<p><script async src=\"\/\/www.instagram.com\/embed.js\"><\/script><br \/>\n<br \/><br \/>\n<br \/><a href=\"https:\/\/www.acidadeon.com\/ribeiraopreto\/cotidiano\/rp-mobi-altera-linha-alimentadora-da-zona-sul-de-ribeirao-preto\/\">Source link <\/a><\/p>\n<div class='code-block code-block-4' style='margin: 8px auto 8px 0; text-align: left; display: block; clear: both;'>\n\ud83d\udce2 Aviso Legal\n\nO site ismaelcolosi.com.br atua apenas como um canal de divulga\u00e7\u00e3o de oportunidades de emprego e n\u00e3o se responsabiliza pelo processo seletivo, contrata\u00e7\u00e3o ou qualquer outra etapa relacionada \u00e0s vagas publicadas. Todas as informa\u00e7\u00f5es s\u00e3o de responsabilidade dos anunciantes.\n\n\u26a0\ufe0f Aten\u00e7\u00e3o! Nunca pague por promessas de emprego nem compre cursos que garantam contrata\u00e7\u00e3o. Desconfie de qualquer cobran\u00e7a para participar de sele\u00e7\u00f5es.\n\n\n\n<\/div>\n<!-- CONTENT END 1 -->\n","protected":false},"excerpt":{"rendered":"<p>A RP Mobi, antiga Transerp, anunciou que, a partir da pr\u00f3xima ter\u00e7a-feira (26), a \u2018linha alimentadora 14 \u2013 Jardim Bot\u00e2nico\u2019 ter\u00e1 seu quadro de hor\u00e1rios&#8230;<\/p>\n","protected":false},"author":1,"featured_media":20176,"comment_status":"open","ping_status":"open","sticky":false,"template":"","format":"standard","meta":{"_uag_custom_page_level_css":"","advanced_seo_description":"","jetpack_seo_html_title":"","jetpack_seo_noindex":false,"jetpack_post_was_ever_published":false,"_jetpack_newsletter_access":"","_jetpack_dont_email_post_to_subs":false,"_jetpack_newsletter_tier_id":0,"_jetpack_memberships_contains_paywalled_content":false,"_jetpack_memberships_contains_paid_content":false,"footnotes":"","jetpack_publicize_message":"","jetpack_publicize_feature_enabled":true,"jetpack_social_post_already_shared":true,"jetpack_social_options":{"image_generator_settings":{"template":"highway","default_image_id":0,"font":"","enabled":false},"version":2}},"categories":[11],"tags":[2615,2614,1158,40,27,26,420,340],"class_list":["post-20175","post","type-post","status-publish","format-standard","has-post-thumbnail","hentry","category-noticias-de-ribeirao-preto-sp-e-regiao-ismael-colosi","tag-alimentadora","tag-altera","tag-linha","tag-mobi","tag-preto","tag-ribeirao","tag-sul","tag-zona"],"jetpack_publicize_connections":[],"jetpack_featured_media_url":"https:\/\/i0.wp.com\/ismaelcolosi.com.br\/wp-content\/uploads\/2023\/12\/onibus.jpeg?fit=1156%2C867&ssl=1","uagb_featured_image_src":{"full":["https:\/\/i0.wp.com\/ismaelcolosi.com.br\/wp-content\/uploads\/2023\/12\/onibus.jpeg?fit=1156%2C867&ssl=1",1156,867,false],"thumbnail":["https:\/\/i0.wp.com\/ismaelcolosi.com.br\/wp-content\/uploads\/2023\/12\/onibus.jpeg?resize=150%2C150&ssl=1",150,150,true],"medium":["https:\/\/i0.wp.com\/ismaelcolosi.com.br\/wp-content\/uploads\/2023\/12\/onibus.jpeg?fit=300%2C225&ssl=1",300,225,true],"medium_large":["https:\/\/i0.wp.com\/ismaelcolosi.com.br\/wp-content\/uploads\/2023\/12\/onibus.jpeg?fit=768%2C576&ssl=1",768,576,true],"large":["https:\/\/i0.wp.com\/ismaelcolosi.com.br\/wp-content\/uploads\/2023\/12\/onibus.jpeg?fit=1024%2C768&ssl=1",1024,768,true],"1536x1536":["https:\/\/i0.wp.com\/ismaelcolosi.com.br\/wp-content\/uploads\/2023\/12\/onibus.jpeg?fit=1156%2C867&ssl=1",1156,867,true],"2048x2048":["https:\/\/i0.wp.com\/ismaelcolosi.com.br\/wp-content\/uploads\/2023\/12\/onibus.jpeg?fit=1156%2C867&ssl=1",1156,867,true],"really-simple-thumb":["https:\/\/i0.wp.com\/ismaelcolosi.com.br\/wp-content\/uploads\/2023\/12\/onibus.jpeg?resize=370%2C247&ssl=1",370,247,true]},"uagb_author_info":{"display_name":"ismaelcolosi.com.br","author_link":"https:\/\/ismaelcolosi.com.br\/index.php\/author\/vidareal-online\/"},"uagb_comment_info":0,"uagb_excerpt":"A RP Mobi, antiga Transerp, anunciou que, a partir da pr\u00f3xima ter\u00e7a-feira (26), a \u2018linha alimentadora 14 \u2013 Jardim Bot\u00e2nico\u2019 ter\u00e1 seu quadro de hor\u00e1rios...","jetpack-related-posts":[{"id":20493,"url":"https:\/\/ismaelcolosi.com.br\/index.php\/2023\/12\/25\/linha-de-onibus-14-jardim-botanico-tera-quadro-de-horarios-alterado-nesta-terca-26\/","url_meta":{"origin":20175,"position":0},"title":"Linha de \u00f4nibus 14 \u2013 Jardim Bot\u00e2nico ter\u00e1 quadro de hor\u00e1rios alterado nesta ter\u00e7a, 26","author":"ismaelcolosi.com.br","date":"25 de December de 2023","format":false,"excerpt":"25 de dezembro de 2023 | 18:0022 de dezembro de 2023 | 17:53 0A RP Mobi anunciou que a partir da pr\u00f3xima ter\u00e7a-feira, dia 26 de janeiro, a linha alimentadora 14 \u2013 Jardim Bot\u00e2nico ter\u00e1 seu quadro de hor\u00e1rios alterado e o itiner\u00e1rio estendido nos dias \u00fateis, de segunda a\u2026","rel":"","context":"In &quot;Not\u00edcias de Ribeir\u00e3o Preto-SP e Regi\u00e3o&quot;","block_context":{"text":"Not\u00edcias de Ribeir\u00e3o Preto-SP e Regi\u00e3o","link":"https:\/\/ismaelcolosi.com.br\/index.php\/category\/noticias-de-ribeirao-preto-sp-e-regiao-ismael-colosi\/"},"img":{"alt_text":"","src":"https:\/\/i0.wp.com\/ismaelcolosi.com.br\/wp-content\/uploads\/2023\/12\/foto_jd_botanico-scaled.jpeg?fit=860%2C645&ssl=1&resize=350%2C200","width":350,"height":200,"srcset":"https:\/\/i0.wp.com\/ismaelcolosi.com.br\/wp-content\/uploads\/2023\/12\/foto_jd_botanico-scaled.jpeg?fit=860%2C645&ssl=1&resize=350%2C200 1x, https:\/\/i0.wp.com\/ismaelcolosi.com.br\/wp-content\/uploads\/2023\/12\/foto_jd_botanico-scaled.jpeg?fit=860%2C645&ssl=1&resize=525%2C300 1.5x, https:\/\/i0.wp.com\/ismaelcolosi.com.br\/wp-content\/uploads\/2023\/12\/foto_jd_botanico-scaled.jpeg?fit=860%2C645&ssl=1&resize=700%2C400 2x"},"classes":[]},{"id":8719,"url":"https:\/\/ismaelcolosi.com.br\/index.php\/2023\/11\/30\/alteracao-no-trajeto-da-linha-de-onibus-norte-sul-comeca-nesta-sexta-feira-veja-o-itinerario\/","url_meta":{"origin":20175,"position":1},"title":"Altera\u00e7\u00e3o no trajeto da linha de \u00f4nibus Norte-Sul come\u00e7a nesta sexta-feira; Veja o itiner\u00e1rio","author":"ismaelcolosi.com.br","date":"30 de November de 2023","format":false,"excerpt":"A partir desta sexta-feira (1\u00ba), o trajeto da linha 910 \u2013 Norte-Sul 1 B, ser\u00e1 alterado no sentido Ribeir\u00e3o Verde ao Ribeir\u00e3o Shopping. A altera\u00e7\u00e3o foi anunciada pela RP Mobi, empresa que gerencia o tr\u00e2nsito e transporte urbano de Ribeir\u00e3o Preto. De acordo com o \u00f3rg\u00e3o, a modifica\u00e7\u00e3o acontece para\u2026","rel":"","context":"In &quot;Not\u00edcias de Ribeir\u00e3o Preto-SP e Regi\u00e3o&quot;","block_context":{"text":"Not\u00edcias de Ribeir\u00e3o Preto-SP e Regi\u00e3o","link":"https:\/\/ismaelcolosi.com.br\/index.php\/category\/noticias-de-ribeirao-preto-sp-e-regiao-ismael-colosi\/"},"img":{"alt_text":"","src":"https:\/\/i0.wp.com\/ismaelcolosi.com.br\/wp-content\/uploads\/2023\/11\/1701379214_novos-onibus-ribeirao-preto.jpg?fit=1200%2C800&ssl=1&resize=350%2C200","width":350,"height":200,"srcset":"https:\/\/i0.wp.com\/ismaelcolosi.com.br\/wp-content\/uploads\/2023\/11\/1701379214_novos-onibus-ribeirao-preto.jpg?fit=1200%2C800&ssl=1&resize=350%2C200 1x, https:\/\/i0.wp.com\/ismaelcolosi.com.br\/wp-content\/uploads\/2023\/11\/1701379214_novos-onibus-ribeirao-preto.jpg?fit=1200%2C800&ssl=1&resize=525%2C300 1.5x, https:\/\/i0.wp.com\/ismaelcolosi.com.br\/wp-content\/uploads\/2023\/11\/1701379214_novos-onibus-ribeirao-preto.jpg?fit=1200%2C800&ssl=1&resize=700%2C400 2x, https:\/\/i0.wp.com\/ismaelcolosi.com.br\/wp-content\/uploads\/2023\/11\/1701379214_novos-onibus-ribeirao-preto.jpg?fit=1200%2C800&ssl=1&resize=1050%2C600 3x"},"classes":[]},{"id":24659,"url":"https:\/\/ismaelcolosi.com.br\/index.php\/2024\/01\/04\/linha-de-onibus-da-zona-oeste-tem-alteracao-no-trajeto-em-ribeirao-confira-o-itinerario\/","url_meta":{"origin":20175,"position":2},"title":"Linha de \u00f4nibus da zona Oeste tem altera\u00e7\u00e3o no trajeto em Ribeir\u00e3o; Confira o itiner\u00e1rio","author":"ismaelcolosi.com.br","date":"4 de January de 2024","format":false,"excerpt":"A linha 506 \u2013 Jardim Progresso \u2013 do transporte p\u00fablico de Ribeir\u00e3o Preto ter\u00e1 o trajeto alterado, nesta sexta-feira (5). De acordo com a RP Mobi, empresa que opera o transporte coletivo na cidade, a altera\u00e7\u00e3o acontece devido ao servi\u00e7o de manuten\u00e7\u00e3o na rede de energia el\u00e9trica na rua B\u2026","rel":"","context":"In &quot;Not\u00edcias de Ribeir\u00e3o Preto-SP e Regi\u00e3o&quot;","block_context":{"text":"Not\u00edcias de Ribeir\u00e3o Preto-SP e Regi\u00e3o","link":"https:\/\/ismaelcolosi.com.br\/index.php\/category\/noticias-de-ribeirao-preto-sp-e-regiao-ismael-colosi\/"},"img":{"alt_text":"","src":"https:\/\/i0.wp.com\/ismaelcolosi.com.br\/wp-content\/uploads\/2024\/01\/rp-mobi.jpg?fit=1200%2C675&ssl=1&resize=350%2C200","width":350,"height":200,"srcset":"https:\/\/i0.wp.com\/ismaelcolosi.com.br\/wp-content\/uploads\/2024\/01\/rp-mobi.jpg?fit=1200%2C675&ssl=1&resize=350%2C200 1x, https:\/\/i0.wp.com\/ismaelcolosi.com.br\/wp-content\/uploads\/2024\/01\/rp-mobi.jpg?fit=1200%2C675&ssl=1&resize=525%2C300 1.5x, https:\/\/i0.wp.com\/ismaelcolosi.com.br\/wp-content\/uploads\/2024\/01\/rp-mobi.jpg?fit=1200%2C675&ssl=1&resize=700%2C400 2x, https:\/\/i0.wp.com\/ismaelcolosi.com.br\/wp-content\/uploads\/2024\/01\/rp-mobi.jpg?fit=1200%2C675&ssl=1&resize=1050%2C600 3x"},"classes":[]},{"id":44618,"url":"https:\/\/ismaelcolosi.com.br\/index.php\/2024\/03\/28\/linha-de-onibus-da-zona-leste-tem-itinerario-ampliado\/","url_meta":{"origin":20175,"position":3},"title":"Linha de \u00f4nibus da zona Leste tem itiner\u00e1rio ampliado","author":"ismaelcolosi.com.br","date":"28 de March de 2024","format":false,"excerpt":"A linha de \u00f4nibus 43 \u2013 Portal dos Ip\u00eas ter\u00e1 o itiner\u00e1rio ampliado a partir desta segunda-feira (1\u00ba). O trajeto ser\u00e1 prolongado at\u00e9 o loteamento Santa Iria Garden, que fica na rodovia Abr\u00e3o Assed. Veja como fica o novo itiner\u00e1rio: Segundo a RP Mobi, empresa que gerencia o tr\u00e2nsito e\u2026","rel":"","context":"In &quot;Not\u00edcias de Ribeir\u00e3o Preto-SP e Regi\u00e3o&quot;","block_context":{"text":"Not\u00edcias de Ribeir\u00e3o Preto-SP e Regi\u00e3o","link":"https:\/\/ismaelcolosi.com.br\/index.php\/category\/noticias-de-ribeirao-preto-sp-e-regiao-ismael-colosi\/"},"img":{"alt_text":"","src":"https:\/\/i0.wp.com\/ismaelcolosi.com.br\/wp-content\/uploads\/2024\/03\/linha_alimentadora_foto_ascom_rpmobi.jpeg?fit=1156%2C867&ssl=1&resize=350%2C200","width":350,"height":200,"srcset":"https:\/\/i0.wp.com\/ismaelcolosi.com.br\/wp-content\/uploads\/2024\/03\/linha_alimentadora_foto_ascom_rpmobi.jpeg?fit=1156%2C867&ssl=1&resize=350%2C200 1x, https:\/\/i0.wp.com\/ismaelcolosi.com.br\/wp-content\/uploads\/2024\/03\/linha_alimentadora_foto_ascom_rpmobi.jpeg?fit=1156%2C867&ssl=1&resize=525%2C300 1.5x, https:\/\/i0.wp.com\/ismaelcolosi.com.br\/wp-content\/uploads\/2024\/03\/linha_alimentadora_foto_ascom_rpmobi.jpeg?fit=1156%2C867&ssl=1&resize=700%2C400 2x, https:\/\/i0.wp.com\/ismaelcolosi.com.br\/wp-content\/uploads\/2024\/03\/linha_alimentadora_foto_ascom_rpmobi.jpeg?fit=1156%2C867&ssl=1&resize=1050%2C600 3x"},"classes":[]},{"id":44851,"url":"https:\/\/ismaelcolosi.com.br\/index.php\/2024\/03\/31\/linha-de-onibus-tera-trajeto-ampliado-em-ribeirao-preto-veja-o-itinerario\/","url_meta":{"origin":20175,"position":4},"title":"Linha de \u00f4nibus ter\u00e1 trajeto ampliado em Ribeir\u00e3o Preto; Veja o itiner\u00e1rio","author":"ismaelcolosi.com.br","date":"31 de March de 2024","format":false,"excerpt":"A partir desta segunda-feira (1\u00ba), a linha de \u00f4nibus 43 \u2013 Portal dos Ip\u00eas ter\u00e1 o itiner\u00e1rio ampliado, de acordo com comunicado da RP Mobi, empresa respons\u00e1vel pela mobilidade urbana de Ribeir\u00e3o Preto. A amplia\u00e7\u00e3o, segundo a pasta, tem o intuito de \u201cproporcionar melhores condi\u00e7\u00f5es de acessibilidade ao transporte coletivo\u2026","rel":"","context":"In &quot;Not\u00edcias de Ribeir\u00e3o Preto-SP e Regi\u00e3o&quot;","block_context":{"text":"Not\u00edcias de Ribeir\u00e3o Preto-SP e Regi\u00e3o","link":"https:\/\/ismaelcolosi.com.br\/index.php\/category\/noticias-de-ribeirao-preto-sp-e-regiao-ismael-colosi\/"},"img":{"alt_text":"","src":"https:\/\/i0.wp.com\/ismaelcolosi.com.br\/wp-content\/uploads\/2024\/03\/alimentadoras_fotos_rpmobi__3.jpeg?fit=1200%2C900&ssl=1&resize=350%2C200","width":350,"height":200,"srcset":"https:\/\/i0.wp.com\/ismaelcolosi.com.br\/wp-content\/uploads\/2024\/03\/alimentadoras_fotos_rpmobi__3.jpeg?fit=1200%2C900&ssl=1&resize=350%2C200 1x, https:\/\/i0.wp.com\/ismaelcolosi.com.br\/wp-content\/uploads\/2024\/03\/alimentadoras_fotos_rpmobi__3.jpeg?fit=1200%2C900&ssl=1&resize=525%2C300 1.5x, https:\/\/i0.wp.com\/ismaelcolosi.com.br\/wp-content\/uploads\/2024\/03\/alimentadoras_fotos_rpmobi__3.jpeg?fit=1200%2C900&ssl=1&resize=700%2C400 2x, https:\/\/i0.wp.com\/ismaelcolosi.com.br\/wp-content\/uploads\/2024\/03\/alimentadoras_fotos_rpmobi__3.jpeg?fit=1200%2C900&ssl=1&resize=1050%2C600 3x"},"classes":[]},{"id":49380,"url":"https:\/\/ismaelcolosi.com.br\/index.php\/2024\/05\/10\/ruas-de-ribeirao-preto-passam-a-ter-sentido-unico-veja-os-locais\/","url_meta":{"origin":20175,"position":5},"title":"Ruas de Ribeir\u00e3o Preto passam a ter sentido \u00fanico; Veja os locais","author":"ismaelcolosi.com.br","date":"10 de May de 2024","format":false,"excerpt":"Tr\u00eas ruas na liga\u00e7\u00e3o os bairros Iguatemi e Nova Ribeir\u00e2nia, na zona Leste de Ribeir\u00e3o Preto, passaram a ter sentido \u00fanico. De acordo com a RP Mobi, as mudan\u00e7as foram necess\u00e1rias, em raz\u00e3o da implanta\u00e7\u00e3o do corredor de \u00f4nibus na avenida Le\u00e3o XIII. Essas ruas tinham um trecho com m\u00e3o\u2026","rel":"","context":"In &quot;Not\u00edcias de Ribeir\u00e3o Preto-SP e Regi\u00e3o&quot;","block_context":{"text":"Not\u00edcias de Ribeir\u00e3o Preto-SP e Regi\u00e3o","link":"https:\/\/ismaelcolosi.com.br\/index.php\/category\/noticias-de-ribeirao-preto-sp-e-regiao-ismael-colosi\/"},"img":{"alt_text":"","src":"https:\/\/i0.wp.com\/ismaelcolosi.com.br\/wp-content\/uploads\/2024\/05\/sentido-unico_2024-05-10_14-38-34_jpg_2024-05-10_14-38-34.webp.webp?fit=1196%2C800&ssl=1&resize=350%2C200","width":350,"height":200,"srcset":"https:\/\/i0.wp.com\/ismaelcolosi.com.br\/wp-content\/uploads\/2024\/05\/sentido-unico_2024-05-10_14-38-34_jpg_2024-05-10_14-38-34.webp.webp?fit=1196%2C800&ssl=1&resize=350%2C200 1x, https:\/\/i0.wp.com\/ismaelcolosi.com.br\/wp-content\/uploads\/2024\/05\/sentido-unico_2024-05-10_14-38-34_jpg_2024-05-10_14-38-34.webp.webp?fit=1196%2C800&ssl=1&resize=525%2C300 1.5x, https:\/\/i0.wp.com\/ismaelcolosi.com.br\/wp-content\/uploads\/2024\/05\/sentido-unico_2024-05-10_14-38-34_jpg_2024-05-10_14-38-34.webp.webp?fit=1196%2C800&ssl=1&resize=700%2C400 2x, https:\/\/i0.wp.com\/ismaelcolosi.com.br\/wp-content\/uploads\/2024\/05\/sentido-unico_2024-05-10_14-38-34_jpg_2024-05-10_14-38-34.webp.webp?fit=1196%2C800&ssl=1&resize=1050%2C600 3x"},"classes":[]}],"jetpack_sharing_enabled":true,"jetpack_shortlink":"https:\/\/wp.me\/pfMlyK-5fp","_links":{"self":[{"href":"https:\/\/ismaelcolosi.com.br\/index.php\/wp-json\/wp\/v2\/posts\/20175","targetHints":{"allow":["GET"]}}],"collection":[{"href":"https:\/\/ismaelcolosi.com.br\/index.php\/wp-json\/wp\/v2\/posts"}],"about":[{"href":"https:\/\/ismaelcolosi.com.br\/index.php\/wp-json\/wp\/v2\/types\/post"}],"author":[{"embeddable":true,"href":"https:\/\/ismaelcolosi.com.br\/index.php\/wp-json\/wp\/v2\/users\/1"}],"replies":[{"embeddable":true,"href":"https:\/\/ismaelcolosi.com.br\/index.php\/wp-json\/wp\/v2\/comments?post=20175"}],"version-history":[{"count":0,"href":"https:\/\/ismaelcolosi.com.br\/index.php\/wp-json\/wp\/v2\/posts\/20175\/revisions"}],"wp:featuredmedia":[{"embeddable":true,"href":"https:\/\/ismaelcolosi.com.br\/index.php\/wp-json\/wp\/v2\/media\/20176"}],"wp:attachment":[{"href":"https:\/\/ismaelcolosi.com.br\/index.php\/wp-json\/wp\/v2\/media?parent=20175"}],"wp:term":[{"taxonomy":"category","embeddable":true,"href":"https:\/\/ismaelcolosi.com.br\/index.php\/wp-json\/wp\/v2\/categories?post=20175"},{"taxonomy":"post_tag","embeddable":true,"href":"https:\/\/ismaelcolosi.com.br\/index.php\/wp-json\/wp\/v2\/tags?post=20175"}],"curies":[{"name":"wp","href":"https:\/\/api.w.org\/{rel}","templated":true}]}}