{"id":19913,"date":"2023-12-23T16:30:29","date_gmt":"2023-12-23T19:30:29","guid":{"rendered":"https:\/\/ismaelcolosi.com.br\/index.php\/2023\/12\/23\/comunidade-de-ribeirao-preto-alaga-e-moradores-perdem-moveis-e-roupas\/"},"modified":"2023-12-23T16:30:29","modified_gmt":"2023-12-23T19:30:29","slug":"comunidade-de-ribeirao-preto-alaga-e-moradores-perdem-moveis-e-roupas","status":"publish","type":"post","link":"https:\/\/ismaelcolosi.com.br\/index.php\/2023\/12\/23\/comunidade-de-ribeirao-preto-alaga-e-moradores-perdem-moveis-e-roupas\/","title":{"rendered":"Comunidade de Ribeir\u00e3o Preto alaga e moradores perdem m\u00f3veis e roupas"},"content":{"rendered":"<p> <br \/>\n<\/p>\n<div data-td-block-uid=\"tdi_104\">\n<div class=\"tdb-block-inner td-fix-index\">\n<p><strong>Moradores da comunidade da Locomotiva, no Jardim J\u00f3quei Clube, na zona Norte de Ribeir\u00e3o Preto, perderam eletrodom\u00e9sticos, m\u00f3veis, roupas e carros em alagamento registrado neste s\u00e1bado (23).<\/strong><\/p>\n<p>Segundo informa\u00e7\u00f5es l\u00edderes comunit\u00e1rios do local, mais de 100 fam\u00edlias tiveram suas moradias alagadas \u2013 no total, 350 fam\u00edlias vivem na Locomotiva. <strong>A \u00e1gua subiu aproximadamente um metro e meio.<\/strong><\/p>\n<p>No in\u00edcio da tarde deste s\u00e1bado (23), uma for\u00e7a-tarefa envolvendo os pr\u00f3prios moradores da comunidade tentava salvar geladeiras e outros eletrodom\u00e9sticos nas casas atingidas pela \u00e1gua.<\/p>\n<h4 class=\"wp-block-heading\"><strong>O que diz a Prefeitura<\/strong><\/h4>\n<p>A Prefeitura emitiu uma nota, por meio da assessoria de imprensa, dizendo que \u201cn\u00e3o h\u00e1 desabrigados\u201d.<\/p>\n<p>\u201cPara as comunidades do Brejo e Nova Uni\u00e3o foi solicitada a presen\u00e7a de assistentes sociais para o acompanhamento de fam\u00edlias que tenham perdido itens materiais\u201d.<\/p>\n<p>Para ver mais imagens dos estragos causados pela chuva em Ribeir\u00e3o Preto, <a href=\"https:\/\/www.instagram.com\/acidadeonribeirao\/\" target=\"_blank\" rel=\"noreferrer noopener\">clique aqui.<\/a><\/p>\n<blockquote class=\"instagram-media\" data-instgrm-permalink=\"https:\/\/www.instagram.com\/reel\/C1NM-CZOrZi\/?utm_source=ig_embed&amp;utm_campaign=loading\" data-instgrm-version=\"14\" style=\" background:#FFF; border:0; border-radius:3px; box-shadow:0 0 1px 0 rgba(0,0,0,0.5),0 1px 10px 0 rgba(0,0,0,0.15); margin: 1px; max-width:540px; min-width:326px; padding:0; width:99.375%; width:-webkit-calc(100% - 2px); width:calc(100% - 2px);\"\/>\n<p>VEJA TAMB\u00c9M<br \/>Estudo em Ribeir\u00e3o para tratar c\u00e2ncer vai receber aporte de R$ 100 milh\u00f5es<\/p>\n<h4 class=\"wp-block-heading\"><strong>FIQUE ON<\/strong><\/h4>\n<p>Fique ligado em tudo que acontece em Ribeir\u00e3o Preto e regi\u00e3o. Siga os perfis do\u00a0<strong>acidade on<\/strong>\u00a0no\u00a0<a href=\"https:\/\/www.instagram.com\/acidadeonribeirao\" target=\"_blank\" rel=\"noreferrer noopener\">Instagram\u00a0<\/a>e no<a href=\"https:\/\/www.facebook.com\/acidadeonribeirao\" target=\"_blank\" rel=\"noreferrer noopener\">\u00a0Facebook.<\/a><\/p>\n<p>Receba not\u00edcias do\u00a0<strong>acidade on\u00a0<\/strong>no WhatsApp.\u00a0<a href=\"https:\/\/chat.whatsapp.com\/Bnv2w66ZT4VDyZW3oiZ69n\" target=\"_blank\" rel=\"noreferrer noopener\">Para entrar no grupo, basta clicar aqui.<\/a><\/p>\n<p>Fa\u00e7a uma den\u00fancia ou sugira uma reportagem sobre Ribeir\u00e3o Preto e regi\u00e3o pelo WhatsApp:\u00a0<strong>(16) 99117 7802.<\/strong><\/p>\n<p>LEIA MAIS<br \/>Calor e chuva: Confira como deve ser o ver\u00e3o no Brasil<\/p>\n<p><!-- AI CONTENT END 1 -->\n<\/div>\n<\/div>\n<p><script async src=\"\/\/www.instagram.com\/embed.js\"><\/script><br \/>\n<br \/><br \/>\n<br \/><a href=\"https:\/\/www.acidadeon.com\/ribeiraopreto\/cotidiano\/comunidade-de-ribeirao-preto-alaga-e-moradores-perdem-moveis-e-roupas\/\">Source link <\/a><\/p>\n<div class='code-block code-block-4' style='margin: 8px auto 8px 0; text-align: left; display: block; clear: both;'>\n\ud83d\udce2 Aviso Legal\n\nO site ismaelcolosi.com.br atua apenas como um canal de divulga\u00e7\u00e3o de oportunidades de emprego e n\u00e3o se responsabiliza pelo processo seletivo, contrata\u00e7\u00e3o ou qualquer outra etapa relacionada \u00e0s vagas publicadas. Todas as informa\u00e7\u00f5es s\u00e3o de responsabilidade dos anunciantes.\n\n\u26a0\ufe0f Aten\u00e7\u00e3o! Nunca pague por promessas de emprego nem compre cursos que garantam contrata\u00e7\u00e3o. Desconfie de qualquer cobran\u00e7a para participar de sele\u00e7\u00f5es.\n\n\n\n<\/div>\n<!-- CONTENT END 1 -->\n","protected":false},"excerpt":{"rendered":"<p>Moradores da comunidade da Locomotiva, no Jardim J\u00f3quei Clube, na zona Norte de Ribeir\u00e3o Preto, perderam eletrodom\u00e9sticos, m\u00f3veis, roupas e carros em alagamento registrado neste&#8230;<\/p>\n","protected":false},"author":1,"featured_media":19914,"comment_status":"open","ping_status":"open","sticky":false,"template":"","format":"standard","meta":{"_uag_custom_page_level_css":"","advanced_seo_description":"","jetpack_seo_html_title":"","jetpack_seo_noindex":false,"jetpack_post_was_ever_published":false,"_jetpack_newsletter_access":"","_jetpack_dont_email_post_to_subs":false,"_jetpack_newsletter_tier_id":0,"_jetpack_memberships_contains_paywalled_content":false,"_jetpack_memberships_contains_paid_content":false,"footnotes":"","jetpack_publicize_message":"","jetpack_publicize_feature_enabled":true,"jetpack_social_post_already_shared":true,"jetpack_social_options":{"image_generator_settings":{"template":"highway","default_image_id":0,"font":"","enabled":false},"version":2}},"categories":[11],"tags":[2581,2580,307,2583,2582,27,26,2113],"class_list":["post-19913","post","type-post","status-publish","format-standard","has-post-thumbnail","hentry","category-noticias-de-ribeirao-preto-sp-e-regiao-ismael-colosi","tag-alaga","tag-comunidade","tag-moradores","tag-moveis","tag-perdem","tag-preto","tag-ribeirao","tag-roupas"],"jetpack_publicize_connections":[],"jetpack_featured_media_url":"https:\/\/i0.wp.com\/ismaelcolosi.com.br\/wp-content\/uploads\/2023\/12\/WhatsApp-Image-2023-12-23-at-15.46.54-scaled.jpeg?fit=2560%2C1761&ssl=1","uagb_featured_image_src":{"full":["https:\/\/i0.wp.com\/ismaelcolosi.com.br\/wp-content\/uploads\/2023\/12\/WhatsApp-Image-2023-12-23-at-15.46.54-scaled.jpeg?fit=2560%2C1761&ssl=1",2560,1761,false],"thumbnail":["https:\/\/i0.wp.com\/ismaelcolosi.com.br\/wp-content\/uploads\/2023\/12\/WhatsApp-Image-2023-12-23-at-15.46.54-scaled.jpeg?resize=150%2C150&ssl=1",150,150,true],"medium":["https:\/\/i0.wp.com\/ismaelcolosi.com.br\/wp-content\/uploads\/2023\/12\/WhatsApp-Image-2023-12-23-at-15.46.54-scaled.jpeg?fit=300%2C206&ssl=1",300,206,true],"medium_large":["https:\/\/i0.wp.com\/ismaelcolosi.com.br\/wp-content\/uploads\/2023\/12\/WhatsApp-Image-2023-12-23-at-15.46.54-scaled.jpeg?fit=768%2C528&ssl=1",768,528,true],"large":["https:\/\/i0.wp.com\/ismaelcolosi.com.br\/wp-content\/uploads\/2023\/12\/WhatsApp-Image-2023-12-23-at-15.46.54-scaled.jpeg?fit=1024%2C704&ssl=1",1024,704,true],"1536x1536":["https:\/\/i0.wp.com\/ismaelcolosi.com.br\/wp-content\/uploads\/2023\/12\/WhatsApp-Image-2023-12-23-at-15.46.54-scaled.jpeg?fit=1536%2C1057&ssl=1",1536,1057,true],"2048x2048":["https:\/\/i0.wp.com\/ismaelcolosi.com.br\/wp-content\/uploads\/2023\/12\/WhatsApp-Image-2023-12-23-at-15.46.54-scaled.jpeg?fit=2048%2C1409&ssl=1",2048,1409,true],"really-simple-thumb":["https:\/\/i0.wp.com\/ismaelcolosi.com.br\/wp-content\/uploads\/2023\/12\/WhatsApp-Image-2023-12-23-at-15.46.54-scaled.jpeg?resize=370%2C247&ssl=1",370,247,true]},"uagb_author_info":{"display_name":"ismaelcolosi.com.br","author_link":"https:\/\/ismaelcolosi.com.br\/index.php\/author\/vidareal-online\/"},"uagb_comment_info":0,"uagb_excerpt":"Moradores da comunidade da Locomotiva, no Jardim J\u00f3quei Clube, na zona Norte de Ribeir\u00e3o Preto, perderam eletrodom\u00e9sticos, m\u00f3veis, roupas e carros em alagamento registrado neste...","jetpack-related-posts":[{"id":1156,"url":"https:\/\/ismaelcolosi.com.br\/index.php\/2023\/11\/10\/reintegracao-de-posse-pode-despejar-28-familias-em-ribeirao-preto\/","url_meta":{"origin":19913,"position":0},"title":"Reintegra\u00e7\u00e3o de posse pode despejar 28 fam\u00edlias em Ribeir\u00e3o Preto","author":"ismaelcolosi.com.br","date":"10 de November de 2023","format":false,"excerpt":"A 1\u00aa Vara da Fazenda P\u00fablica de Ribeir\u00e3o Preto determinou que seja cumprida a reintegra\u00e7\u00e3o de posse de uma \u00e1rea onde est\u00e1 instalada uma comunidade no Jardim Progresso, na zona Oeste, desde 2013. No local vivem 28 fam\u00edlias, que devem deixar o local at\u00e9 o dia 21 de novembro. A\u2026","rel":"","context":"In &quot;Not\u00edcias de Ribeir\u00e3o Preto-SP e Regi\u00e3o&quot;","block_context":{"text":"Not\u00edcias de Ribeir\u00e3o Preto-SP e Regi\u00e3o","link":"https:\/\/ismaelcolosi.com.br\/index.php\/category\/noticias-de-ribeirao-preto-sp-e-regiao-ismael-colosi\/"},"img":{"alt_text":"","src":"https:\/\/i0.wp.com\/ismaelcolosi.com.br\/wp-content\/uploads\/2023\/11\/reintegracao-de-posse-Jardim-Progresso.jpg?fit=1084%2C796&ssl=1&resize=350%2C200","width":350,"height":200,"srcset":"https:\/\/i0.wp.com\/ismaelcolosi.com.br\/wp-content\/uploads\/2023\/11\/reintegracao-de-posse-Jardim-Progresso.jpg?fit=1084%2C796&ssl=1&resize=350%2C200 1x, https:\/\/i0.wp.com\/ismaelcolosi.com.br\/wp-content\/uploads\/2023\/11\/reintegracao-de-posse-Jardim-Progresso.jpg?fit=1084%2C796&ssl=1&resize=525%2C300 1.5x, https:\/\/i0.wp.com\/ismaelcolosi.com.br\/wp-content\/uploads\/2023\/11\/reintegracao-de-posse-Jardim-Progresso.jpg?fit=1084%2C796&ssl=1&resize=700%2C400 2x, https:\/\/i0.wp.com\/ismaelcolosi.com.br\/wp-content\/uploads\/2023\/11\/reintegracao-de-posse-Jardim-Progresso.jpg?fit=1084%2C796&ssl=1&resize=1050%2C600 3x"},"classes":[]},{"id":75900,"url":"https:\/\/ismaelcolosi.com.br\/index.php\/2024\/11\/08\/barragem-em-ribeirao-preto-gera-preocupacao-em-moradores-medidas-de-seguranca-sao-reivindicadas\/","url_meta":{"origin":19913,"position":1},"title":"Barragem em Ribeir\u00e3o Preto Gera Preocupa\u00e7\u00e3o em Moradores: Medidas de Seguran\u00e7a S\u00e3o Reivindicadas","author":"ismaelcolosi.com.br","date":"8 de November de 2024","format":false,"excerpt":"Moradores de Ribeir\u00e3o Preto est\u00e3o em alerta com a situa\u00e7\u00e3o de uma barragem na cidade, manifestando preocupa\u00e7\u00f5es sobre a seguran\u00e7a e integridade da estrutura. Localizada em uma regi\u00e3o residencial, a barragem apresenta sinais de deteriora\u00e7\u00e3o que levantam temores quanto \u00e0 possibilidade de um acidente, sobretudo ap\u00f3s os recentes per\u00edodos de\u2026","rel":"","context":"In &quot;Not\u00edcias de Ribeir\u00e3o Preto-SP e Regi\u00e3o&quot;","block_context":{"text":"Not\u00edcias de Ribeir\u00e3o Preto-SP e Regi\u00e3o","link":"https:\/\/ismaelcolosi.com.br\/index.php\/category\/noticias-de-ribeirao-preto-sp-e-regiao-ismael-colosi\/"},"img":{"alt_text":"","src":"https:\/\/i0.wp.com\/ismaelcolosi.com.br\/wp-content\/uploads\/2024\/11\/IMG_9388.jpeg?fit=739%2C415&ssl=1&resize=350%2C200","width":350,"height":200,"srcset":"https:\/\/i0.wp.com\/ismaelcolosi.com.br\/wp-content\/uploads\/2024\/11\/IMG_9388.jpeg?fit=739%2C415&ssl=1&resize=350%2C200 1x, https:\/\/i0.wp.com\/ismaelcolosi.com.br\/wp-content\/uploads\/2024\/11\/IMG_9388.jpeg?fit=739%2C415&ssl=1&resize=525%2C300 1.5x, https:\/\/i0.wp.com\/ismaelcolosi.com.br\/wp-content\/uploads\/2024\/11\/IMG_9388.jpeg?fit=739%2C415&ssl=1&resize=700%2C400 2x"},"classes":[]},{"id":32209,"url":"https:\/\/ismaelcolosi.com.br\/index.php\/2024\/01\/24\/video-motoristas-reclamam-de-rotatoria-na-zona-norte\/","url_meta":{"origin":19913,"position":2},"title":"V\u00cdDEO &#8211; Motoristas reclamam de rotat\u00f3ria na zona Norte","author":"ismaelcolosi.com.br","date":"24 de January de 2024","format":false,"excerpt":"Sempre que chove, local alaga e fica intransit\u00e1vel, obrigando motoristas a seguirem na contram\u00e3o 24 de janeiro de 2024 | 12:2524 de janeiro de 2024 | 12:25 0Por: Adalberto LuqueA rotat\u00f3ria localizada no final das ruas Uruguai e Peru, no Parque Industrial Coronel Quito Junqueira, zona Norte de Ribeir\u00e3o Preto,\u2026","rel":"","context":"In &quot;Not\u00edcias de Ribeir\u00e3o Preto-SP e Regi\u00e3o&quot;","block_context":{"text":"Not\u00edcias de Ribeir\u00e3o Preto-SP e Regi\u00e3o","link":"https:\/\/ismaelcolosi.com.br\/index.php\/category\/noticias-de-ribeirao-preto-sp-e-regiao-ismael-colosi\/"},"img":{"alt_text":"","src":"https:\/\/i0.wp.com\/ismaelcolosi.com.br\/wp-content\/uploads\/2024\/01\/00-24-jan-2024-rotatoria-alagada-01-foto-Viviane-Nahas-scaled.jpg?fit=1000%2C499&ssl=1&resize=350%2C200","width":350,"height":200,"srcset":"https:\/\/i0.wp.com\/ismaelcolosi.com.br\/wp-content\/uploads\/2024\/01\/00-24-jan-2024-rotatoria-alagada-01-foto-Viviane-Nahas-scaled.jpg?fit=1000%2C499&ssl=1&resize=350%2C200 1x, https:\/\/i0.wp.com\/ismaelcolosi.com.br\/wp-content\/uploads\/2024\/01\/00-24-jan-2024-rotatoria-alagada-01-foto-Viviane-Nahas-scaled.jpg?fit=1000%2C499&ssl=1&resize=525%2C300 1.5x, https:\/\/i0.wp.com\/ismaelcolosi.com.br\/wp-content\/uploads\/2024\/01\/00-24-jan-2024-rotatoria-alagada-01-foto-Viviane-Nahas-scaled.jpg?fit=1000%2C499&ssl=1&resize=700%2C400 2x"},"classes":[]},{"id":39862,"url":"https:\/\/ismaelcolosi.com.br\/index.php\/2024\/02\/28\/prefeitura-realizara-2a-edicao-do-drive-thru-de-coleta-de-eletroeletronicos\/","url_meta":{"origin":19913,"position":3},"title":"Prefeitura realizar\u00e1 2\u00aa edi\u00e7\u00e3o do Drive-Thru de Coleta de Eletroeletr\u00f4nicos","author":"ismaelcolosi.com.br","date":"28 de February de 2024","format":false,"excerpt":"28 de fevereiro de 2024 | 18:0027 de fevereiro de 2024 | 19:55 0A Secretaria da Infraestrutura, em parceria com a Associa\u00e7\u00e3o Brasileira de Reciclagem de Eletroeletr\u00f4nicos e Eletrodom\u00e9sticos (ABREE), realizar\u00e1 a 2\u00b0 edi\u00e7\u00e3o da campanha de arrecada\u00e7\u00e3o de eletroeletr\u00f4nicos e eletrodom\u00e9sticos p\u00f3s-consumo, no pr\u00f3ximo s\u00e1bado, 02 de mar\u00e7o, das\u2026","rel":"","context":"In &quot;Not\u00edcias de Ribeir\u00e3o Preto-SP e Regi\u00e3o&quot;","block_context":{"text":"Not\u00edcias de Ribeir\u00e3o Preto-SP e Regi\u00e3o","link":"https:\/\/ismaelcolosi.com.br\/index.php\/category\/noticias-de-ribeirao-preto-sp-e-regiao-ismael-colosi\/"},"img":{"alt_text":"","src":"https:\/\/i0.wp.com\/ismaelcolosi.com.br\/wp-content\/uploads\/2024\/02\/coleta_eletroeletronicos_-_copia-scaled.jpg?fit=873%2C645&ssl=1&resize=350%2C200","width":350,"height":200,"srcset":"https:\/\/i0.wp.com\/ismaelcolosi.com.br\/wp-content\/uploads\/2024\/02\/coleta_eletroeletronicos_-_copia-scaled.jpg?fit=873%2C645&ssl=1&resize=350%2C200 1x, https:\/\/i0.wp.com\/ismaelcolosi.com.br\/wp-content\/uploads\/2024\/02\/coleta_eletroeletronicos_-_copia-scaled.jpg?fit=873%2C645&ssl=1&resize=525%2C300 1.5x, https:\/\/i0.wp.com\/ismaelcolosi.com.br\/wp-content\/uploads\/2024\/02\/coleta_eletroeletronicos_-_copia-scaled.jpg?fit=873%2C645&ssl=1&resize=700%2C400 2x"},"classes":[]},{"id":9612,"url":"https:\/\/ismaelcolosi.com.br\/index.php\/2023\/12\/02\/obra-no-centro-de-ribeirao-causa-vazamento-de-agua-limpa-veja-o-video\/","url_meta":{"origin":19913,"position":4},"title":"Obra no Centro de Ribeir\u00e3o causa vazamento de \u00e1gua limpa; Veja o v\u00eddeo","author":"ismaelcolosi.com.br","date":"2 de December de 2023","format":false,"excerpt":"O rompimento de uma tubula\u00e7\u00e3o da rede de \u00e1gua em frente \u00e0 pra\u00e7a 7 de Setembro, entre as ruas Lafaiete e Marechal Deodoro, no Centro de Ribeir\u00e3o Preto, chamou a aten\u00e7\u00e3o dos moradores da cidade neste s\u00e1bado (2). O local foi interditado pela Prefeitura de Ribeir\u00e3o, na \u00faltima sexta-feira (1\u00ba),\u2026","rel":"","context":"In &quot;Not\u00edcias de Ribeir\u00e3o Preto-SP e Regi\u00e3o&quot;","block_context":{"text":"Not\u00edcias de Ribeir\u00e3o Preto-SP e Regi\u00e3o","link":"https:\/\/ismaelcolosi.com.br\/index.php\/category\/noticias-de-ribeirao-preto-sp-e-regiao-ismael-colosi\/"},"img":{"alt_text":"","src":"https:\/\/i0.wp.com\/ismaelcolosi.com.br\/wp-content\/uploads\/2023\/12\/WhatsApp-Image-2023-12-02-at-11.11.02.jpeg?fit=1200%2C900&ssl=1&resize=350%2C200","width":350,"height":200,"srcset":"https:\/\/i0.wp.com\/ismaelcolosi.com.br\/wp-content\/uploads\/2023\/12\/WhatsApp-Image-2023-12-02-at-11.11.02.jpeg?fit=1200%2C900&ssl=1&resize=350%2C200 1x, https:\/\/i0.wp.com\/ismaelcolosi.com.br\/wp-content\/uploads\/2023\/12\/WhatsApp-Image-2023-12-02-at-11.11.02.jpeg?fit=1200%2C900&ssl=1&resize=525%2C300 1.5x, https:\/\/i0.wp.com\/ismaelcolosi.com.br\/wp-content\/uploads\/2023\/12\/WhatsApp-Image-2023-12-02-at-11.11.02.jpeg?fit=1200%2C900&ssl=1&resize=700%2C400 2x, https:\/\/i0.wp.com\/ismaelcolosi.com.br\/wp-content\/uploads\/2023\/12\/WhatsApp-Image-2023-12-02-at-11.11.02.jpeg?fit=1200%2C900&ssl=1&resize=1050%2C600 3x"},"classes":[]},{"id":39950,"url":"https:\/\/ismaelcolosi.com.br\/index.php\/2024\/02\/29\/abree-e-prefeitura-rp-realizam-campanha-de-arrecadacao-de-eletroeletronicos\/","url_meta":{"origin":19913,"position":5},"title":"ABREE e Prefeitura RP realizam campanha de arrecada\u00e7\u00e3o de eletroeletr\u00f4nicos","author":"ismaelcolosi.com.br","date":"29 de February de 2024","format":false,"excerpt":"29 de fevereiro de 2024 | 9:3929 de fevereiro de 2024 | 9:41 0No dia 2 de mar\u00e7o, a ABREE \u2013 Associa\u00e7\u00e3o Brasileira de Reciclagem de Eletroeletr\u00f4nicos e Eletrodom\u00e9sticos, em parceria com a Prefeitura de Ribeir\u00e3o Preto, por meio da Secret\u00e1ria da Infraestrutura, promover\u00e1 a segunda edi\u00e7\u00e3o da campanha de\u2026","rel":"","context":"In &quot;Not\u00edcias de Ribeir\u00e3o Preto-SP e Regi\u00e3o&quot;","block_context":{"text":"Not\u00edcias de Ribeir\u00e3o Preto-SP e Regi\u00e3o","link":"https:\/\/ismaelcolosi.com.br\/index.php\/category\/noticias-de-ribeirao-preto-sp-e-regiao-ismael-colosi\/"},"img":{"alt_text":"","src":"https:\/\/i0.wp.com\/ismaelcolosi.com.br\/wp-content\/uploads\/2024\/02\/seminario-internacional-dos-residuos-557x557_557x557-1.jpg?fit=557%2C557&ssl=1&resize=350%2C200","width":350,"height":200,"srcset":"https:\/\/i0.wp.com\/ismaelcolosi.com.br\/wp-content\/uploads\/2024\/02\/seminario-internacional-dos-residuos-557x557_557x557-1.jpg?fit=557%2C557&ssl=1&resize=350%2C200 1x, https:\/\/i0.wp.com\/ismaelcolosi.com.br\/wp-content\/uploads\/2024\/02\/seminario-internacional-dos-residuos-557x557_557x557-1.jpg?fit=557%2C557&ssl=1&resize=525%2C300 1.5x"},"classes":[]}],"jetpack_sharing_enabled":true,"jetpack_shortlink":"https:\/\/wp.me\/pfMlyK-5bb","_links":{"self":[{"href":"https:\/\/ismaelcolosi.com.br\/index.php\/wp-json\/wp\/v2\/posts\/19913","targetHints":{"allow":["GET"]}}],"collection":[{"href":"https:\/\/ismaelcolosi.com.br\/index.php\/wp-json\/wp\/v2\/posts"}],"about":[{"href":"https:\/\/ismaelcolosi.com.br\/index.php\/wp-json\/wp\/v2\/types\/post"}],"author":[{"embeddable":true,"href":"https:\/\/ismaelcolosi.com.br\/index.php\/wp-json\/wp\/v2\/users\/1"}],"replies":[{"embeddable":true,"href":"https:\/\/ismaelcolosi.com.br\/index.php\/wp-json\/wp\/v2\/comments?post=19913"}],"version-history":[{"count":0,"href":"https:\/\/ismaelcolosi.com.br\/index.php\/wp-json\/wp\/v2\/posts\/19913\/revisions"}],"wp:featuredmedia":[{"embeddable":true,"href":"https:\/\/ismaelcolosi.com.br\/index.php\/wp-json\/wp\/v2\/media\/19914"}],"wp:attachment":[{"href":"https:\/\/ismaelcolosi.com.br\/index.php\/wp-json\/wp\/v2\/media?parent=19913"}],"wp:term":[{"taxonomy":"category","embeddable":true,"href":"https:\/\/ismaelcolosi.com.br\/index.php\/wp-json\/wp\/v2\/categories?post=19913"},{"taxonomy":"post_tag","embeddable":true,"href":"https:\/\/ismaelcolosi.com.br\/index.php\/wp-json\/wp\/v2\/tags?post=19913"}],"curies":[{"name":"wp","href":"https:\/\/api.w.org\/{rel}","templated":true}]}}