{"id":19909,"date":"2023-12-23T16:25:05","date_gmt":"2023-12-23T19:25:05","guid":{"rendered":"https:\/\/ismaelcolosi.com.br\/index.php\/2023\/12\/23\/a-causa-do-alzheimer-pode-estar-vindo-de-dentro-da-sua-boca\/"},"modified":"2023-12-23T16:25:05","modified_gmt":"2023-12-23T19:25:05","slug":"a-causa-do-alzheimer-pode-estar-vindo-de-dentro-da-sua-boca","status":"publish","type":"post","link":"https:\/\/ismaelcolosi.com.br\/index.php\/2023\/12\/23\/a-causa-do-alzheimer-pode-estar-vindo-de-dentro-da-sua-boca\/","title":{"rendered":"A causa do Alzheimer pode estar vindo de dentro da sua boca"},"content":{"rendered":"<p> <br \/>\n<\/p>\n<div>\n<p>Embora os mecanismos exatos do <a href=\"https:\/\/catracalivre.com.br\/saude-bem-estar\/os-sintomas-mais-comuns-de-alzheimer\/\">Alzheimer<\/a> sejam algo que os investigadores ainda est\u00e3o se aprofundando, numerosos estudos sugerem que a propaga\u00e7\u00e3o da doen\u00e7a vai muito al\u00e9m do que costum\u00e1vamos pensar.<\/p>\n<p>Um desses estudos, publicado em 2019, sugeriu o que poderia ser uma das pistas mais definitivas at\u00e9 agora para uma bact\u00e9ria respons\u00e1vel pelo Alzheimer, e vem de um lado um tanto inesperado: a doen\u00e7a gengival.<\/p><div class='code-block code-block-8' style='margin: 8px auto; text-align: center; display: block; clear: both;'>\n<script>\n  atOptions = {\n    'key' : '66e2e2111ca34da796271819fc334058',\n    'format' : 'iframe',\n    'height' : 250,\n    'width' : 300,\n    'params' : {}\n  };\n<\/script>\n<script src=\"https:\/\/www.highperformanceformat.com\/66e2e2111ca34da796271819fc334058\/invoke.js\"><\/script>\n<\/div>\n\n<div id=\"attachment_2330352\" class=\"wp-caption alignnone\">\n<div class=\"d-flex justify-content-center\" data-attachment-id=\"2330352\">\n<div class=\"position-relative d-inline-block\"><img data-recalc-dims=\"1\" data-portal-copyright=\"mironovm\/DepositPhotos\" fetchpriority=\"high\" decoding=\"async\" class=\"wp-image-2330352 size-large\" src=\"https:\/\/i0.wp.com\/catracalivre.com.br\/wp-content\/uploads\/2023\/12\/depositphotos-256245310-l-910x607.jpg?resize=910%2C607&#038;ssl=1\" alt=\"Doen\u00e7a gengival pode estar ligada ao Alzheimer\" width=\"910\" height=\"607\" srcset=\"https:\/\/catracalivre.com.br\/wp-content\/uploads\/2023\/12\/depositphotos-256245310-l-910x607.jpg 910w, https:\/\/catracalivre.com.br\/wp-content\/uploads\/2023\/12\/depositphotos-256245310-l-450x300.jpg 450w, https:\/\/catracalivre.com.br\/wp-content\/uploads\/2023\/12\/depositphotos-256245310-l-768x512.jpg 768w\" sizes=\"(max-width: 910px) 100vw, 910px\"\/><\/p>\n<p>Cr\u00e9ditos: mironovm\/DepositPhotos<\/p>\n<\/div>\n<\/div>\n<p><span class=\"post-imagem__legenda\">Doen\u00e7a gengival pode estar ligada ao Alzheimer<\/span><\/p>\n<\/div>\n<p>Num <a href=\"https:\/\/www.science.org\/doi\/10.1126\/sciadv.aau3333\" rel=\"noopener\">artigo<\/a>, investigadores da Universidade de Louisville relataram a descoberta da bact\u00e9ria Porphyromonas gingivalis nos <a href=\"https:\/\/catracalivre.com.br\/saude-bem-estar\/6-melhores-alimentos-para-o-cerebro-que-voce-nao-come-o-suficiente\/\">c\u00e9rebros<\/a> de pacientes falecidos com Alzheimer.<\/p>\n<p>Esse agente patog\u00e9nico est\u00e1 por tr\u00e1s da periodontite cr\u00f4nica, tamb\u00e9m conhecida como <a href=\"https:\/\/catracalivre.com.br\/saude-bem-estar\/gengivite-doenca-leva-a-perda-de-dentes-entenda-os-motivos\/\">doen\u00e7a gengival.<\/a><\/p>\n<p>N\u00e3o foi a primeira vez que houve uma associa\u00e7\u00e3o entre estes dois fatores, mas os pesquisadores foram al\u00e9m.<\/p>\n<h2>Testes em ratos<\/h2>\n<p>Em experimentos separados com camundongos, a infec\u00e7\u00e3o oral pelo pat\u00f3geno levou \u00e0 coloniza\u00e7\u00e3o do c\u00e9rebro pela bact\u00e9ria, juntamente com o aumento da produ\u00e7\u00e3o de beta amil\u00f3ide, a prote\u00edna pegajosa comumente associada ao Alzheimer.<\/p>\n<p>A equipe de pesquisa ent\u00e3o percebeu que havia\u00a0uma linha forte de investiga\u00e7\u00e3o aqui.<\/p>\n<p>Agentes infecciosos j\u00e1 foram implicados no desenvolvimento e progress\u00e3o da doen\u00e7a de Alzheimer antes, mas as evid\u00eancias da causalidade n\u00e3o foram convincentes na \u00e9poca.<\/p>\n<p>Agora, pela primeira vez, segundo os cientistas, existem evid\u00eancias s\u00f3lidas conectando o pat\u00f3geno intracelular Gram-negativo, P. gingivalis, e o Alzheimer.<\/p>\n<p>Al\u00e9m disso, a equipe identificou enzimas t\u00f3xicas chamadas gengipa\u00ednas, secretadas pelas bact\u00e9rias nos c\u00e9rebros de pacientes com Alzheimer, que se correlacionaram com dois marcadores separados da doen\u00e7a: a prote\u00edna tau e uma prote\u00edna chamada ubiquitina.<\/p>\n<p>Isto \u00e9 importante porque, embora a P. gingivalis e a doen\u00e7a j\u00e1 tenham sido associadas antes, nunca se soube se a doen\u00e7a gengival causa Alzheimer ou se a dem\u00eancia leva a cuidados orais deficientes.<\/p>\n<p>O fato de os baixos n\u00edveis de bact\u00e9rias gengivais serem evidentes mesmo em pessoas que nunca foram diagnosticadas com Alzheimer pode ser uma prova definitiva \u2013 sugerindo que poderiam ter desenvolvido a doen\u00e7a se tivessem vivido mais tempo.<\/p>\n<\/div>\n<p><script>\n\t\t! function(f, b, e, v, n, t, s) {\n\t\t\tif (f.fbq) return;\n\t\t\tn = f.fbq = function() {\n\t\t\t\tn.callMethod ?\n\t\t\t\t\tn.callMethod.apply(n, arguments) : n.queue.push(arguments)\n\t\t\t};\n\t\t\tif (!f._fbq) f._fbq = n;\n\t\t\tn.push = n;\n\t\t\tn.loaded = !0;\n\t\t\tn.version = '2.0';\n\t\t\tn.queue = [];\n\t\t\tt = b.createElement(e);\n\t\t\tt.async = !0;\n\t\t\tt.src = v;\n\t\t\ts = b.getElementsByTagName(e)[0];\n\t\t\ts.parentNode.insertBefore(t, s)\n\t\t}(window, document, 'script',\n\t\t\t'https:\/\/connect.facebook.net\/en_US\/fbevents.js');\n\t\tfbq('init', '338315473262380');\n\t\tfbq('track', 'PageView');\n\t<\/script><br \/>\n<br \/><br \/>\n<br \/><a href=\"https:\/\/catracalivre.com.br\/saude-bem-estar\/a-causa-do-alzheimer-pode-estar-vindo-de-dentro-da-sua-boca\/\">Source link <\/a><\/p>\n<div class='code-block code-block-4' style='margin: 8px auto 8px 0; text-align: left; display: block; clear: both;'>\n\ud83d\udce2 Aviso Legal\n\nO site ismaelcolosi.com.br atua apenas como um canal de divulga\u00e7\u00e3o de oportunidades de emprego e n\u00e3o se responsabiliza pelo processo seletivo, contrata\u00e7\u00e3o ou qualquer outra etapa relacionada \u00e0s vagas publicadas. Todas as informa\u00e7\u00f5es s\u00e3o de responsabilidade dos anunciantes.\n\n\u26a0\ufe0f Aten\u00e7\u00e3o! Nunca pague por promessas de emprego nem compre cursos que garantam contrata\u00e7\u00e3o. Desconfie de qualquer cobran\u00e7a para participar de sele\u00e7\u00f5es.\n\n\n\n<\/div>\n<!-- CONTENT END 1 -->\n","protected":false},"excerpt":{"rendered":"<p>Embora os mecanismos exatos do Alzheimer sejam algo que os investigadores ainda est\u00e3o se aprofundando, numerosos estudos sugerem que a propaga\u00e7\u00e3o da doen\u00e7a vai muito&#8230;<\/p>\n","protected":false},"author":1,"featured_media":19910,"comment_status":"open","ping_status":"open","sticky":false,"template":"","format":"standard","meta":{"_uag_custom_page_level_css":"","advanced_seo_description":"","jetpack_seo_html_title":"","jetpack_seo_noindex":false,"jetpack_post_was_ever_published":false,"_jetpack_newsletter_access":"","_jetpack_dont_email_post_to_subs":false,"_jetpack_newsletter_tier_id":0,"_jetpack_memberships_contains_paywalled_content":false,"_jetpack_memberships_contains_paid_content":false,"footnotes":"","jetpack_publicize_message":"","jetpack_publicize_feature_enabled":true,"jetpack_social_post_already_shared":true,"jetpack_social_options":{"image_generator_settings":{"template":"highway","default_image_id":0,"font":"","enabled":false},"version":2}},"categories":[19],"tags":[],"class_list":["post-19909","post","type-post","status-publish","format-standard","has-post-thumbnail","hentry","category-variedades"],"jetpack_publicize_connections":[],"jetpack_featured_media_url":"https:\/\/i0.wp.com\/ismaelcolosi.com.br\/wp-content\/uploads\/2023\/12\/depositphotos-256245310-l.jpg?fit=1200%2C638&ssl=1","uagb_featured_image_src":{"full":["https:\/\/i0.wp.com\/ismaelcolosi.com.br\/wp-content\/uploads\/2023\/12\/depositphotos-256245310-l.jpg?fit=1200%2C638&ssl=1",1200,638,false],"thumbnail":["https:\/\/i0.wp.com\/ismaelcolosi.com.br\/wp-content\/uploads\/2023\/12\/depositphotos-256245310-l.jpg?resize=150%2C150&ssl=1",150,150,true],"medium":["https:\/\/i0.wp.com\/ismaelcolosi.com.br\/wp-content\/uploads\/2023\/12\/depositphotos-256245310-l.jpg?fit=300%2C160&ssl=1",300,160,true],"medium_large":["https:\/\/i0.wp.com\/ismaelcolosi.com.br\/wp-content\/uploads\/2023\/12\/depositphotos-256245310-l.jpg?fit=768%2C408&ssl=1",768,408,true],"large":["https:\/\/i0.wp.com\/ismaelcolosi.com.br\/wp-content\/uploads\/2023\/12\/depositphotos-256245310-l.jpg?fit=1024%2C544&ssl=1",1024,544,true],"1536x1536":["https:\/\/i0.wp.com\/ismaelcolosi.com.br\/wp-content\/uploads\/2023\/12\/depositphotos-256245310-l.jpg?fit=1200%2C638&ssl=1",1200,638,true],"2048x2048":["https:\/\/i0.wp.com\/ismaelcolosi.com.br\/wp-content\/uploads\/2023\/12\/depositphotos-256245310-l.jpg?fit=1200%2C638&ssl=1",1200,638,true],"really-simple-thumb":["https:\/\/i0.wp.com\/ismaelcolosi.com.br\/wp-content\/uploads\/2023\/12\/depositphotos-256245310-l.jpg?resize=370%2C247&ssl=1",370,247,true]},"uagb_author_info":{"display_name":"ismaelcolosi.com.br","author_link":"https:\/\/ismaelcolosi.com.br\/index.php\/author\/vidareal-online\/"},"uagb_comment_info":0,"uagb_excerpt":"Embora os mecanismos exatos do Alzheimer sejam algo que os investigadores ainda est\u00e3o se aprofundando, numerosos estudos sugerem que a propaga\u00e7\u00e3o da doen\u00e7a vai muito...","jetpack-related-posts":[{"id":19107,"url":"https:\/\/ismaelcolosi.com.br\/index.php\/2023\/12\/21\/mania-nada-higienica-pode-levar-ao-alzheimer-revela-pesquisa\/","url_meta":{"origin":19909,"position":0},"title":"Mania nada higi\u00eanica pode levar ao Alzheimer, revela pesquisa","author":"ismaelcolosi.com.br","date":"21 de December de 2023","format":false,"excerpt":"Cr\u00e9ditos: Depositphotos\/ingridatLimpar nariz com o dedo pode aumentar chances de Alzheimer Um h\u00e1bito bastante comum que a maioria das pessoas tem, mas que geralmente \u00e9 feito \u00e0s escondidas, pode ser uma pr\u00e1tica de risco que aumenta as chances de desenvolver Alzheimer e outros tipos de dem\u00eancia. Pois \u00e9\u2026 A mania\u2026","rel":"","context":"In &quot;Variedades&quot;","block_context":{"text":"Variedades","link":"https:\/\/ismaelcolosi.com.br\/index.php\/category\/variedades\/"},"img":{"alt_text":"","src":"https:\/\/i0.wp.com\/ismaelcolosi.com.br\/wp-content\/uploads\/2023\/12\/depositphotos-61732811-xl-scaled.jpg?fit=1200%2C638&ssl=1&resize=350%2C200","width":350,"height":200,"srcset":"https:\/\/i0.wp.com\/ismaelcolosi.com.br\/wp-content\/uploads\/2023\/12\/depositphotos-61732811-xl-scaled.jpg?fit=1200%2C638&ssl=1&resize=350%2C200 1x, https:\/\/i0.wp.com\/ismaelcolosi.com.br\/wp-content\/uploads\/2023\/12\/depositphotos-61732811-xl-scaled.jpg?fit=1200%2C638&ssl=1&resize=525%2C300 1.5x, https:\/\/i0.wp.com\/ismaelcolosi.com.br\/wp-content\/uploads\/2023\/12\/depositphotos-61732811-xl-scaled.jpg?fit=1200%2C638&ssl=1&resize=700%2C400 2x, https:\/\/i0.wp.com\/ismaelcolosi.com.br\/wp-content\/uploads\/2023\/12\/depositphotos-61732811-xl-scaled.jpg?fit=1200%2C638&ssl=1&resize=1050%2C600 3x"},"classes":[]},{"id":19157,"url":"https:\/\/ismaelcolosi.com.br\/index.php\/2023\/12\/21\/estudo-indica-sinal-precoce-de-alzheimer-que-aparece-ao-caminhar\/","url_meta":{"origin":19909,"position":1},"title":"Estudo indica sinal precoce de Alzheimer que aparece ao caminhar","author":"ismaelcolosi.com.br","date":"21 de December de 2023","format":false,"excerpt":"Cr\u00e9ditos: Depositphotos\/blasbikeSinal de Alzheimer que pode ser detectado ao caminhar Voc\u00ea j\u00e1 ouviu falar sobre a chance de detectar a doen\u00e7a de Alzheimer monitorando a maneira como as pessoas andam? Isso pode soar estranho, mas um estudo realizado pela University College London aponta justamente para essa possibilidade. A pesquisa, publicada\u2026","rel":"","context":"In &quot;Variedades&quot;","block_context":{"text":"Variedades","link":"https:\/\/ismaelcolosi.com.br\/index.php\/category\/variedades\/"},"img":{"alt_text":"","src":"https:\/\/i0.wp.com\/ismaelcolosi.com.br\/wp-content\/uploads\/2023\/12\/depositphotos-3530329-xl-scaled.jpg?fit=1200%2C638&ssl=1&resize=350%2C200","width":350,"height":200,"srcset":"https:\/\/i0.wp.com\/ismaelcolosi.com.br\/wp-content\/uploads\/2023\/12\/depositphotos-3530329-xl-scaled.jpg?fit=1200%2C638&ssl=1&resize=350%2C200 1x, https:\/\/i0.wp.com\/ismaelcolosi.com.br\/wp-content\/uploads\/2023\/12\/depositphotos-3530329-xl-scaled.jpg?fit=1200%2C638&ssl=1&resize=525%2C300 1.5x, https:\/\/i0.wp.com\/ismaelcolosi.com.br\/wp-content\/uploads\/2023\/12\/depositphotos-3530329-xl-scaled.jpg?fit=1200%2C638&ssl=1&resize=700%2C400 2x, https:\/\/i0.wp.com\/ismaelcolosi.com.br\/wp-content\/uploads\/2023\/12\/depositphotos-3530329-xl-scaled.jpg?fit=1200%2C638&ssl=1&resize=1050%2C600 3x"},"classes":[]},{"id":9813,"url":"https:\/\/ismaelcolosi.com.br\/index.php\/2023\/12\/02\/pessoas-com-gene-da-doenca-apresentam-sintoma-em-comum\/","url_meta":{"origin":19909,"position":2},"title":"pessoas com gene da doen\u00e7a apresentam sintoma em comum","author":"ismaelcolosi.com.br","date":"2 de December de 2023","format":false,"excerpt":"Cr\u00e9ditos: Getty Images\/iStockphotoGene do Alzheimer: Para entender rela\u00e7\u00e3o entre olfato e doen\u00e7a, estudo levou em considera\u00e7\u00e3o tanto a capacidade de detectar um odor quanto a de identificar o cheiro que estava sendo sentido \u2013 iStock\/Getty Images Em meio \u00e0 produ\u00e7\u00e3o de estudos sobre tratamento para o Alzheimer, cientistas identificaram que\u2026","rel":"","context":"In &quot;Variedades&quot;","block_context":{"text":"Variedades","link":"https:\/\/ismaelcolosi.com.br\/index.php\/category\/variedades\/"},"img":{"alt_text":"","src":"https:\/\/i0.wp.com\/ismaelcolosi.com.br\/wp-content\/uploads\/2023\/12\/istock-1182020787.jpg?fit=1200%2C638&ssl=1&resize=350%2C200","width":350,"height":200,"srcset":"https:\/\/i0.wp.com\/ismaelcolosi.com.br\/wp-content\/uploads\/2023\/12\/istock-1182020787.jpg?fit=1200%2C638&ssl=1&resize=350%2C200 1x, https:\/\/i0.wp.com\/ismaelcolosi.com.br\/wp-content\/uploads\/2023\/12\/istock-1182020787.jpg?fit=1200%2C638&ssl=1&resize=525%2C300 1.5x, https:\/\/i0.wp.com\/ismaelcolosi.com.br\/wp-content\/uploads\/2023\/12\/istock-1182020787.jpg?fit=1200%2C638&ssl=1&resize=700%2C400 2x, https:\/\/i0.wp.com\/ismaelcolosi.com.br\/wp-content\/uploads\/2023\/12\/istock-1182020787.jpg?fit=1200%2C638&ssl=1&resize=1050%2C600 3x"},"classes":[]},{"id":22188,"url":"https:\/\/ismaelcolosi.com.br\/index.php\/2023\/12\/29\/autopsias-cerebrais-sugerem-um-novo-culpado-por-tras-do-alzheimer\/","url_meta":{"origin":19909,"position":3},"title":"Aut\u00f3psias cerebrais sugerem um novo culpado por tr\u00e1s do Alzheimer","author":"ismaelcolosi.com.br","date":"29 de December de 2023","format":false,"excerpt":"A an\u00e1lise do tecido cerebral humano atrav\u00e9s de aut\u00f3psias revela diferen\u00e7as na forma como as c\u00e9lulas imunit\u00e1rias se comportam em c\u00e9rebros com doen\u00e7a\u00a0de Alzheimer\u00a0em compara\u00e7\u00e3o com c\u00e9rebros saud\u00e1veis, indicando um potencial novo alvo de tratamento. Uma pesquisa da Universidade de Washington, nos EUA, publicada em agosto, descobriu que a uma\u2026","rel":"","context":"In &quot;Variedades&quot;","block_context":{"text":"Variedades","link":"https:\/\/ismaelcolosi.com.br\/index.php\/category\/variedades\/"},"img":{"alt_text":"","src":"https:\/\/i0.wp.com\/ismaelcolosi.com.br\/wp-content\/uploads\/2023\/12\/istock-97506009.jpg?fit=1200%2C638&ssl=1&resize=350%2C200","width":350,"height":200,"srcset":"https:\/\/i0.wp.com\/ismaelcolosi.com.br\/wp-content\/uploads\/2023\/12\/istock-97506009.jpg?fit=1200%2C638&ssl=1&resize=350%2C200 1x, https:\/\/i0.wp.com\/ismaelcolosi.com.br\/wp-content\/uploads\/2023\/12\/istock-97506009.jpg?fit=1200%2C638&ssl=1&resize=525%2C300 1.5x, https:\/\/i0.wp.com\/ismaelcolosi.com.br\/wp-content\/uploads\/2023\/12\/istock-97506009.jpg?fit=1200%2C638&ssl=1&resize=700%2C400 2x, https:\/\/i0.wp.com\/ismaelcolosi.com.br\/wp-content\/uploads\/2023\/12\/istock-97506009.jpg?fit=1200%2C638&ssl=1&resize=1050%2C600 3x"},"classes":[]},{"id":16636,"url":"https:\/\/ismaelcolosi.com.br\/index.php\/2023\/12\/16\/gene-protege-contra-o-alzheimer-e-parkinson-diz-estudo\/","url_meta":{"origin":19909,"position":4},"title":"Gene protege contra o Alzheimer e Parkinson, diz estudo","author":"ismaelcolosi.com.br","date":"16 de December de 2023","format":false,"excerpt":"Cr\u00e9ditos: Getty ImagesGene protetor est\u00e1 vinculado \u00e0 blindagem de sintomas de doen\u00e7as como Alzheimer e Parkinson \u2013 iStock\/Getty Images Dados observados em um estudo realizado nos Estados Unidos mostram que, uma em cada cinco pessoas, \u00e9 portadora de um gene que pode oferecer prote\u00e7\u00e3o contra doen\u00e7as como o Alzheimer e\u2026","rel":"","context":"In &quot;Variedades&quot;","block_context":{"text":"Variedades","link":"https:\/\/ismaelcolosi.com.br\/index.php\/category\/variedades\/"},"img":{"alt_text":"","src":"https:\/\/i0.wp.com\/ismaelcolosi.com.br\/wp-content\/uploads\/2023\/12\/istock-1248230910.jpg?fit=1200%2C638&ssl=1&resize=350%2C200","width":350,"height":200,"srcset":"https:\/\/i0.wp.com\/ismaelcolosi.com.br\/wp-content\/uploads\/2023\/12\/istock-1248230910.jpg?fit=1200%2C638&ssl=1&resize=350%2C200 1x, https:\/\/i0.wp.com\/ismaelcolosi.com.br\/wp-content\/uploads\/2023\/12\/istock-1248230910.jpg?fit=1200%2C638&ssl=1&resize=525%2C300 1.5x, https:\/\/i0.wp.com\/ismaelcolosi.com.br\/wp-content\/uploads\/2023\/12\/istock-1248230910.jpg?fit=1200%2C638&ssl=1&resize=700%2C400 2x, https:\/\/i0.wp.com\/ismaelcolosi.com.br\/wp-content\/uploads\/2023\/12\/istock-1248230910.jpg?fit=1200%2C638&ssl=1&resize=1050%2C600 3x"},"classes":[]},{"id":20774,"url":"https:\/\/ismaelcolosi.com.br\/index.php\/2023\/12\/26\/como-reconhecer-sinais-de-alzheimer-em-um-parente\/","url_meta":{"origin":19909,"position":5},"title":"Como reconhecer sinais de Alzheimer em um parente","author":"ismaelcolosi.com.br","date":"26 de December de 2023","format":false,"excerpt":"O reconhecimento precoce do Alzheimer pode ser desafiador, pois os sintomas podem se manifestar de maneira gradual e variar de pessoa para pessoa. No entanto, ficar atento a mudan\u00e7as significativas no comportamento ou na cogni\u00e7\u00e3o de um parente, \u00e9 importante para procurar avalia\u00e7\u00e3o m\u00e9dica. Atualmente n\u00e3o existe cura para a\u2026","rel":"","context":"In &quot;Variedades&quot;","block_context":{"text":"Variedades","link":"https:\/\/ismaelcolosi.com.br\/index.php\/category\/variedades\/"},"img":{"alt_text":"","src":"https:\/\/i0.wp.com\/ismaelcolosi.com.br\/wp-content\/uploads\/2023\/12\/istock-1434989791.jpg?fit=1200%2C638&ssl=1&resize=350%2C200","width":350,"height":200,"srcset":"https:\/\/i0.wp.com\/ismaelcolosi.com.br\/wp-content\/uploads\/2023\/12\/istock-1434989791.jpg?fit=1200%2C638&ssl=1&resize=350%2C200 1x, https:\/\/i0.wp.com\/ismaelcolosi.com.br\/wp-content\/uploads\/2023\/12\/istock-1434989791.jpg?fit=1200%2C638&ssl=1&resize=525%2C300 1.5x, https:\/\/i0.wp.com\/ismaelcolosi.com.br\/wp-content\/uploads\/2023\/12\/istock-1434989791.jpg?fit=1200%2C638&ssl=1&resize=700%2C400 2x, https:\/\/i0.wp.com\/ismaelcolosi.com.br\/wp-content\/uploads\/2023\/12\/istock-1434989791.jpg?fit=1200%2C638&ssl=1&resize=1050%2C600 3x"},"classes":[]}],"jetpack_sharing_enabled":true,"jetpack_shortlink":"https:\/\/wp.me\/pfMlyK-5b7","_links":{"self":[{"href":"https:\/\/ismaelcolosi.com.br\/index.php\/wp-json\/wp\/v2\/posts\/19909","targetHints":{"allow":["GET"]}}],"collection":[{"href":"https:\/\/ismaelcolosi.com.br\/index.php\/wp-json\/wp\/v2\/posts"}],"about":[{"href":"https:\/\/ismaelcolosi.com.br\/index.php\/wp-json\/wp\/v2\/types\/post"}],"author":[{"embeddable":true,"href":"https:\/\/ismaelcolosi.com.br\/index.php\/wp-json\/wp\/v2\/users\/1"}],"replies":[{"embeddable":true,"href":"https:\/\/ismaelcolosi.com.br\/index.php\/wp-json\/wp\/v2\/comments?post=19909"}],"version-history":[{"count":0,"href":"https:\/\/ismaelcolosi.com.br\/index.php\/wp-json\/wp\/v2\/posts\/19909\/revisions"}],"wp:featuredmedia":[{"embeddable":true,"href":"https:\/\/ismaelcolosi.com.br\/index.php\/wp-json\/wp\/v2\/media\/19910"}],"wp:attachment":[{"href":"https:\/\/ismaelcolosi.com.br\/index.php\/wp-json\/wp\/v2\/media?parent=19909"}],"wp:term":[{"taxonomy":"category","embeddable":true,"href":"https:\/\/ismaelcolosi.com.br\/index.php\/wp-json\/wp\/v2\/categories?post=19909"},{"taxonomy":"post_tag","embeddable":true,"href":"https:\/\/ismaelcolosi.com.br\/index.php\/wp-json\/wp\/v2\/tags?post=19909"}],"curies":[{"name":"wp","href":"https:\/\/api.w.org\/{rel}","templated":true}]}}