{"id":19772,"date":"2023-12-23T07:57:06","date_gmt":"2023-12-23T10:57:06","guid":{"rendered":"https:\/\/ismaelcolosi.com.br\/index.php\/2023\/12\/23\/bolsa-familia-reinicia-pagamentos-com-bonus-natalino\/"},"modified":"2023-12-23T07:57:06","modified_gmt":"2023-12-23T10:57:06","slug":"bolsa-familia-reinicia-pagamentos-com-bonus-natalino","status":"publish","type":"post","link":"https:\/\/ismaelcolosi.com.br\/index.php\/2023\/12\/23\/bolsa-familia-reinicia-pagamentos-com-bonus-natalino\/","title":{"rendered":"Bolsa Fam\u00edlia reinicia pagamentos com b\u00f4nus natalino"},"content":{"rendered":"<p> <br \/>\n<\/p>\n<div>\n<div id=\"attachment_2286104\" class=\"wp-caption alignnone\">\n<div class=\"d-flex justify-content-center\" data-attachment-id=\"2286104\">\n<div class=\"position-relative d-inline-block\"><img data-recalc-dims=\"1\" data-portal-copyright=\"Ag\u00eancia Brasil\/Marcello Casal Jr\" fetchpriority=\"high\" decoding=\"async\" class=\"size-full wp-image-2286104\" src=\"https:\/\/i0.wp.com\/catracalivre.com.br\/wp-content\/uploads\/2023\/07\/bolsa-familia-paga-novo-grupo-com-valores-extras-em-julho.jpg?resize=1170%2C700&#038;ssl=1\" alt=\"Bolsa Fam\u00edlia de dezembro tem MEGA novidade e empolga quem recebe HOJE\" width=\"1170\" height=\"700\" srcset=\"https:\/\/catracalivre.com.br\/wp-content\/uploads\/2023\/07\/bolsa-familia-paga-novo-grupo-com-valores-extras-em-julho.jpg 1170w, https:\/\/catracalivre.com.br\/wp-content\/uploads\/2023\/07\/bolsa-familia-paga-novo-grupo-com-valores-extras-em-julho-450x269.jpg 450w, https:\/\/catracalivre.com.br\/wp-content\/uploads\/2023\/07\/bolsa-familia-paga-novo-grupo-com-valores-extras-em-julho-768x459.jpg 768w\" sizes=\"(max-width: 1170px) 100vw, 1170px\"\/><\/p>\n<p>Cr\u00e9ditos: Ag\u00eancia Brasil\/Marcello Casal Jr<\/p><div class='code-block code-block-8' style='margin: 8px auto; text-align: center; display: block; clear: both;'>\n<script>\n  atOptions = {\n    'key' : '66e2e2111ca34da796271819fc334058',\n    'format' : 'iframe',\n    'height' : 250,\n    'width' : 300,\n    'params' : {}\n  };\n<\/script>\n<script src=\"https:\/\/www.highperformanceformat.com\/66e2e2111ca34da796271819fc334058\/invoke.js\"><\/script>\n<\/div>\n\n<\/div>\n<\/div>\n<p><span class=\"post-imagem__legenda\">Bolsa Fam\u00edlia de dezembro tem MEGA novidade e empolga quem recebe HOJE<\/span><\/p>\n<\/div>\n<p>O Programa Bolsa Fam\u00edlia, crucial para milh\u00f5es de brasileiros, est\u00e1 retomando seus pagamentos neste m\u00eas de dezembro, trazendo consigo um esperado b\u00f4nus natalino. Com a proximidade das festas de fim de ano, esse dep\u00f3sito \u00e9 aguardado ansiosamente por benefici\u00e1rios em todo o pa\u00eds, proporcionando suporte financeiro para as celebra\u00e7\u00f5es e compras t\u00edpicas desta \u00e9poca.<\/p>\n<h2>Calend\u00e1rio de pagamentos e benef\u00edcios extras<\/h2>\n<p>Os pagamentos do <a href=\"https:\/\/catracalivre.com.br\/cidadania\/bolsa-familia-de-dezembro-inicia-pagamento-hoje-veja-quem-recebe\/\">Bolsa Fam\u00edlia<\/a> deste m\u00eas t\u00eam in\u00edcio nesta segunda-feira, 18\/12. Este \u00e9 um momento crucial para os cidad\u00e3os que dependem desses recursos, especialmente porque o governo federal prev\u00ea pagamentos extras para determinadas categorias de benefici\u00e1rios.<\/p>\n<p>Neste m\u00eas, as fam\u00edlias vinculadas ao Bolsa Fam\u00edlia t\u00eam direito a aux\u00edlios adicionais destinados a filhos entre 0 e 17 anos. Al\u00e9m disso, o retorno do Aux\u00edlio G\u00e1s visa auxiliar as fam\u00edlias na compra do botij\u00e3o de g\u00e1s de 13 kg, uma necessidade essencial em muitos lares.<\/p>\n<h2>Benef\u00edcios espec\u00edficos para cada faixa et\u00e1ria<\/h2>\n<p>As fam\u00edlias com filhos entre 0 e 6 anos est\u00e3o aptas a receber uma parcela extra de R$ 150,00, enquanto para jovens entre 7 e 18 anos incompletos e mulheres gr\u00e1vidas, o benef\u00edcio adicional \u00e9 de R$ 50,00. Esses valores extras, essenciais para o or\u00e7amento familiar, podem ser acessados mediante a apresenta\u00e7\u00e3o de documentos atualizados em uma unidade do Centro de Refer\u00eancia de Assist\u00eancia Social (CRAS).<\/p>\n<p>\u00c9 crucial destacar que, ao contr\u00e1rio do Aux\u00edlio G\u00e1s, que \u00e9 concedido mensalmente, os benef\u00edcios adicionais para filhos e gestantes s\u00e3o pagos uma vez, como parte do suporte natalino do Bolsa Fam\u00edlia.<\/p>\n<h2>Calend\u00e1rio de pagamentos para dezembro<\/h2>\n<p>Para garantir que todos estejam cientes das datas espec\u00edficas de pagamento, o Bolsa Fam\u00edlia segue um calend\u00e1rio organizado de acordo com o N\u00famero de Identifica\u00e7\u00e3o Social (NIS). Confira as datas para o m\u00eas de dezembro:<\/p>\n<ul>\n<li>NIS final 1: dep\u00f3sito em 11 de dezembro;<\/li>\n<li>NIS final 2: dep\u00f3sito em 12 de dezembro;<\/li>\n<li>NIS final 3: dep\u00f3sito em 13 de dezembro;<\/li>\n<li>NIS final 4: dep\u00f3sito em 14 de dezembro;<\/li>\n<li>NIS final 5: dep\u00f3sito em 15 de dezembro;<\/li>\n<li>NIS final 6: dep\u00f3sito em 18 de dezembro;<\/li>\n<li>NIS final 7: dep\u00f3sito em 19 de dezembro;<\/li>\n<li>NIS final 8: dep\u00f3sito em 20 de dezembro;<\/li>\n<li>NIS final 9: dep\u00f3sito em 21 de dezembro;<\/li>\n<li>NIS final 0: dep\u00f3sito em 22 de dezembro.<\/li>\n<\/ul>\n<\/div>\n<p><script>\n\t\t! function(f, b, e, v, n, t, s) {\n\t\t\tif (f.fbq) return;\n\t\t\tn = f.fbq = function() {\n\t\t\t\tn.callMethod ?\n\t\t\t\t\tn.callMethod.apply(n, arguments) : n.queue.push(arguments)\n\t\t\t};\n\t\t\tif (!f._fbq) f._fbq = n;\n\t\t\tn.push = n;\n\t\t\tn.loaded = !0;\n\t\t\tn.version = '2.0';\n\t\t\tn.queue = [];\n\t\t\tt = b.createElement(e);\n\t\t\tt.async = !0;\n\t\t\tt.src = v;\n\t\t\ts = b.getElementsByTagName(e)[0];\n\t\t\ts.parentNode.insertBefore(t, s)\n\t\t}(window, document, 'script',\n\t\t\t'https:\/\/connect.facebook.net\/en_US\/fbevents.js');\n\t\tfbq('init', '338315473262380');\n\t\tfbq('track', 'PageView');\n\t<\/script><br \/>\n<br \/><br \/>\n<br \/><a href=\"https:\/\/catracalivre.com.br\/cidadania\/bolsa-familia-reinicia-pagamentos-com-bonus-natalino\/\">Source link <\/a><\/p>\n<div class='code-block code-block-4' style='margin: 8px auto 8px 0; text-align: left; display: block; clear: both;'>\n\ud83d\udce2 Aviso Legal\n\nO site ismaelcolosi.com.br atua apenas como um canal de divulga\u00e7\u00e3o de oportunidades de emprego e n\u00e3o se responsabiliza pelo processo seletivo, contrata\u00e7\u00e3o ou qualquer outra etapa relacionada \u00e0s vagas publicadas. Todas as informa\u00e7\u00f5es s\u00e3o de responsabilidade dos anunciantes.\n\n\u26a0\ufe0f Aten\u00e7\u00e3o! Nunca pague por promessas de emprego nem compre cursos que garantam contrata\u00e7\u00e3o. Desconfie de qualquer cobran\u00e7a para participar de sele\u00e7\u00f5es.\n\n\n<div data-type=\"_mgwidget\" data-widget-id=\"2000896\">\n<\/div>\n<script>(function(w,q){w[q]=w[q]||[];w[q].push([\"_mgc.load\"])})(window,\"_mgq\");\n<\/script>\n<\/div>\n<!-- CONTENT END 1 -->\n","protected":false},"excerpt":{"rendered":"<p>Cr\u00e9ditos: Ag\u00eancia Brasil\/Marcello Casal Jr Bolsa Fam\u00edlia de dezembro tem MEGA novidade e empolga quem recebe HOJE O Programa Bolsa Fam\u00edlia, crucial para milh\u00f5es de&#8230;<\/p>\n","protected":false},"author":1,"featured_media":19773,"comment_status":"open","ping_status":"open","sticky":false,"template":"","format":"standard","meta":{"_uag_custom_page_level_css":"","jetpack_post_was_ever_published":false,"_jetpack_newsletter_access":"","_jetpack_dont_email_post_to_subs":false,"_jetpack_newsletter_tier_id":0,"_jetpack_memberships_contains_paywalled_content":false,"_jetpack_memberships_contains_paid_content":false,"footnotes":"","jetpack_publicize_message":"","jetpack_publicize_feature_enabled":true,"jetpack_social_post_already_shared":true,"jetpack_social_options":{"image_generator_settings":{"template":"highway","default_image_id":0,"font":"","enabled":false},"version":2}},"categories":[19],"tags":[],"class_list":["post-19772","post","type-post","status-publish","format-standard","has-post-thumbnail","hentry","category-variedades"],"aioseo_notices":[],"jetpack_publicize_connections":[],"jetpack_featured_media_url":"https:\/\/i0.wp.com\/ismaelcolosi.com.br\/wp-content\/uploads\/2023\/12\/1703329030_bolsa-familia-na-conta-saiba-se-voce-vai-receber-hoje.jpg?fit=1200%2C638&ssl=1","uagb_featured_image_src":{"full":["https:\/\/i0.wp.com\/ismaelcolosi.com.br\/wp-content\/uploads\/2023\/12\/1703329030_bolsa-familia-na-conta-saiba-se-voce-vai-receber-hoje.jpg?fit=1200%2C638&ssl=1",1200,638,false],"thumbnail":["https:\/\/i0.wp.com\/ismaelcolosi.com.br\/wp-content\/uploads\/2023\/12\/1703329030_bolsa-familia-na-conta-saiba-se-voce-vai-receber-hoje.jpg?resize=150%2C150&ssl=1",150,150,true],"medium":["https:\/\/i0.wp.com\/ismaelcolosi.com.br\/wp-content\/uploads\/2023\/12\/1703329030_bolsa-familia-na-conta-saiba-se-voce-vai-receber-hoje.jpg?fit=300%2C160&ssl=1",300,160,true],"medium_large":["https:\/\/i0.wp.com\/ismaelcolosi.com.br\/wp-content\/uploads\/2023\/12\/1703329030_bolsa-familia-na-conta-saiba-se-voce-vai-receber-hoje.jpg?fit=768%2C408&ssl=1",768,408,true],"large":["https:\/\/i0.wp.com\/ismaelcolosi.com.br\/wp-content\/uploads\/2023\/12\/1703329030_bolsa-familia-na-conta-saiba-se-voce-vai-receber-hoje.jpg?fit=1024%2C544&ssl=1",1024,544,true],"1536x1536":["https:\/\/i0.wp.com\/ismaelcolosi.com.br\/wp-content\/uploads\/2023\/12\/1703329030_bolsa-familia-na-conta-saiba-se-voce-vai-receber-hoje.jpg?fit=1200%2C638&ssl=1",1200,638,true],"2048x2048":["https:\/\/i0.wp.com\/ismaelcolosi.com.br\/wp-content\/uploads\/2023\/12\/1703329030_bolsa-familia-na-conta-saiba-se-voce-vai-receber-hoje.jpg?fit=1200%2C638&ssl=1",1200,638,true],"really-simple-thumb":["https:\/\/i0.wp.com\/ismaelcolosi.com.br\/wp-content\/uploads\/2023\/12\/1703329030_bolsa-familia-na-conta-saiba-se-voce-vai-receber-hoje.jpg?resize=370%2C247&ssl=1",370,247,true]},"uagb_author_info":{"display_name":"ismaelcolosi.com.br","author_link":"https:\/\/ismaelcolosi.com.br\/index.php\/author\/vidareal-online\/"},"uagb_comment_info":0,"uagb_excerpt":"Cr\u00e9ditos: Ag\u00eancia Brasil\/Marcello Casal Jr Bolsa Fam\u00edlia de dezembro tem MEGA novidade e empolga quem recebe HOJE O Programa Bolsa Fam\u00edlia, crucial para milh\u00f5es de...","jetpack-related-posts":[{"id":13693,"url":"https:\/\/ismaelcolosi.com.br\/index.php\/2023\/12\/11\/o-calendario-do-bolsa-familia-de-dezembro-esta-surpreendente\/","url_meta":{"origin":19772,"position":0},"title":"O calend\u00e1rio do Bolsa Fam\u00edlia de dezembro est\u00e1 SURPREENDENTE","author":"ismaelcolosi.com.br","date":"11 de December de 2023","format":false,"excerpt":"O governo federal anunciou o calend\u00e1rio de pagamento do programa Bolsa Fam\u00edlia para o m\u00eas de dezembro. De acordo com o planejamento do Governo Federal, os pagamentos ter\u00e3o in\u00edcio no dia 11 e se estender\u00e3o at\u00e9 o dia 22, antecipando os pagamentos para o Natal.Cr\u00e9ditos: Ag\u00eancia Brasil\/Marcello Casal JrO calend\u00e1rio\u2026","rel":"","context":"In &quot;Variedades&quot;","block_context":{"text":"Variedades","link":"https:\/\/ismaelcolosi.com.br\/index.php\/category\/variedades\/"},"img":{"alt_text":"","src":"https:\/\/i0.wp.com\/ismaelcolosi.com.br\/wp-content\/uploads\/2023\/12\/governo-bloqueia-12-milhao-de-usuarios-do-bolsa-familia-hoje.png?fit=1200%2C638&ssl=1&resize=350%2C200","width":350,"height":200,"srcset":"https:\/\/i0.wp.com\/ismaelcolosi.com.br\/wp-content\/uploads\/2023\/12\/governo-bloqueia-12-milhao-de-usuarios-do-bolsa-familia-hoje.png?fit=1200%2C638&ssl=1&resize=350%2C200 1x, https:\/\/i0.wp.com\/ismaelcolosi.com.br\/wp-content\/uploads\/2023\/12\/governo-bloqueia-12-milhao-de-usuarios-do-bolsa-familia-hoje.png?fit=1200%2C638&ssl=1&resize=525%2C300 1.5x, https:\/\/i0.wp.com\/ismaelcolosi.com.br\/wp-content\/uploads\/2023\/12\/governo-bloqueia-12-milhao-de-usuarios-do-bolsa-familia-hoje.png?fit=1200%2C638&ssl=1&resize=700%2C400 2x, https:\/\/i0.wp.com\/ismaelcolosi.com.br\/wp-content\/uploads\/2023\/12\/governo-bloqueia-12-milhao-de-usuarios-do-bolsa-familia-hoje.png?fit=1200%2C638&ssl=1&resize=1050%2C600 3x"},"classes":[]},{"id":10736,"url":"https:\/\/ismaelcolosi.com.br\/index.php\/2023\/12\/05\/calendario-de-pagamento-do-bolsa-familia-sera-diferente-em-dezembro\/","url_meta":{"origin":19772,"position":1},"title":"Calend\u00e1rio de pagamento do Bolsa Fam\u00edlia ser\u00e1 diferente em dezembro","author":"ismaelcolosi.com.br","date":"5 de December de 2023","format":false,"excerpt":"O governo federal anunciou o calend\u00e1rio de pagamento do programa Bolsa Fam\u00edlia para o m\u00eas de dezembro. De acordo com o planejamento do Governo Federal, os pagamentos ter\u00e3o in\u00edcio no dia 11 e se estender\u00e3o at\u00e9 o dia 22, antecipando os pagamentos para o Natal.Cr\u00e9ditos: Ag\u00eancia Brasil\/Marcello Casal JrCalend\u00e1rio de\u2026","rel":"","context":"In &quot;Variedades&quot;","block_context":{"text":"Variedades","link":"https:\/\/ismaelcolosi.com.br\/index.php\/category\/variedades\/"},"img":{"alt_text":"","src":"https:\/\/i0.wp.com\/ismaelcolosi.com.br\/wp-content\/uploads\/2023\/12\/bolsa-familia-paga-novo-grupo-com-valores-extras-em-julho.jpg?fit=1200%2C638&ssl=1&resize=350%2C200","width":350,"height":200,"srcset":"https:\/\/i0.wp.com\/ismaelcolosi.com.br\/wp-content\/uploads\/2023\/12\/bolsa-familia-paga-novo-grupo-com-valores-extras-em-julho.jpg?fit=1200%2C638&ssl=1&resize=350%2C200 1x, https:\/\/i0.wp.com\/ismaelcolosi.com.br\/wp-content\/uploads\/2023\/12\/bolsa-familia-paga-novo-grupo-com-valores-extras-em-julho.jpg?fit=1200%2C638&ssl=1&resize=525%2C300 1.5x, https:\/\/i0.wp.com\/ismaelcolosi.com.br\/wp-content\/uploads\/2023\/12\/bolsa-familia-paga-novo-grupo-com-valores-extras-em-julho.jpg?fit=1200%2C638&ssl=1&resize=700%2C400 2x, https:\/\/i0.wp.com\/ismaelcolosi.com.br\/wp-content\/uploads\/2023\/12\/bolsa-familia-paga-novo-grupo-com-valores-extras-em-julho.jpg?fit=1200%2C638&ssl=1&resize=1050%2C600 3x"},"classes":[]},{"id":2491,"url":"https:\/\/ismaelcolosi.com.br\/index.php\/2023\/11\/15\/entenda-como-vai-ser-o-abono-de-natal-no-bolsa-familia-em-2023\/","url_meta":{"origin":19772,"position":2},"title":"Entenda como vai ser o abono de Natal no Bolsa Fam\u00edlia em 2023","author":"ismaelcolosi.com.br","date":"15 de November de 2023","format":false,"excerpt":"O Bolsa Fam\u00edlia, programa de assist\u00eancia social crucial do Brasil, continua a ser uma remunera\u00e7\u00e3o para in\u00fameras fam\u00edlias em todo o pa\u00eds. No entanto, com o final do ano se aproximando, muitos se perguntam se haver\u00e1 um abono natalino, uma ajuda financeira extra para enfrentar as despesas festivas. Recentemente, o\u2026","rel":"","context":"In &quot;Variedades&quot;","block_context":{"text":"Variedades","link":"https:\/\/ismaelcolosi.com.br\/index.php\/category\/variedades\/"},"img":{"alt_text":"","src":"https:\/\/i0.wp.com\/ismaelcolosi.com.br\/wp-content\/uploads\/2023\/11\/bolsa-familia-paga-novo-grupo-com-valores-extras-em-julho.jpg?fit=1200%2C638&ssl=1&resize=350%2C200","width":350,"height":200,"srcset":"https:\/\/i0.wp.com\/ismaelcolosi.com.br\/wp-content\/uploads\/2023\/11\/bolsa-familia-paga-novo-grupo-com-valores-extras-em-julho.jpg?fit=1200%2C638&ssl=1&resize=350%2C200 1x, https:\/\/i0.wp.com\/ismaelcolosi.com.br\/wp-content\/uploads\/2023\/11\/bolsa-familia-paga-novo-grupo-com-valores-extras-em-julho.jpg?fit=1200%2C638&ssl=1&resize=525%2C300 1.5x, https:\/\/i0.wp.com\/ismaelcolosi.com.br\/wp-content\/uploads\/2023\/11\/bolsa-familia-paga-novo-grupo-com-valores-extras-em-julho.jpg?fit=1200%2C638&ssl=1&resize=700%2C400 2x, https:\/\/i0.wp.com\/ismaelcolosi.com.br\/wp-content\/uploads\/2023\/11\/bolsa-familia-paga-novo-grupo-com-valores-extras-em-julho.jpg?fit=1200%2C638&ssl=1&resize=1050%2C600 3x"},"classes":[]},{"id":14324,"url":"https:\/\/ismaelcolosi.com.br\/index.php\/2023\/12\/11\/caixa-inicia-pagamento-de-dezembro-para-este-grupo\/","url_meta":{"origin":19772,"position":3},"title":"Caixa inicia pagamento de dezembro para este grupo","author":"ismaelcolosi.com.br","date":"11 de December de 2023","format":false,"excerpt":"O governo federal inicia calend\u00e1rio de pagamento do programa Bolsa Fam\u00edlia para o m\u00eas de dezembro. De acordo com o planejamento do Governo Federal, os pagamentos ter\u00e3o in\u00edcio, hoje, 11 de dezembro e se estender\u00e3o at\u00e9 o dia 22, seguindo uma ordem baseada no \u00faltimo d\u00edgito do N\u00famero de Identifica\u00e7\u00e3o\u2026","rel":"","context":"In &quot;Variedades&quot;","block_context":{"text":"Variedades","link":"https:\/\/ismaelcolosi.com.br\/index.php\/category\/variedades\/"},"img":{"alt_text":"","src":"https:\/\/i0.wp.com\/ismaelcolosi.com.br\/wp-content\/uploads\/2023\/12\/1702346811_bolsa-familia-paga-novo-grupo-com-valores-extras-em-julho.jpg?fit=1200%2C638&ssl=1&resize=350%2C200","width":350,"height":200,"srcset":"https:\/\/i0.wp.com\/ismaelcolosi.com.br\/wp-content\/uploads\/2023\/12\/1702346811_bolsa-familia-paga-novo-grupo-com-valores-extras-em-julho.jpg?fit=1200%2C638&ssl=1&resize=350%2C200 1x, https:\/\/i0.wp.com\/ismaelcolosi.com.br\/wp-content\/uploads\/2023\/12\/1702346811_bolsa-familia-paga-novo-grupo-com-valores-extras-em-julho.jpg?fit=1200%2C638&ssl=1&resize=525%2C300 1.5x, https:\/\/i0.wp.com\/ismaelcolosi.com.br\/wp-content\/uploads\/2023\/12\/1702346811_bolsa-familia-paga-novo-grupo-com-valores-extras-em-julho.jpg?fit=1200%2C638&ssl=1&resize=700%2C400 2x, https:\/\/i0.wp.com\/ismaelcolosi.com.br\/wp-content\/uploads\/2023\/12\/1702346811_bolsa-familia-paga-novo-grupo-com-valores-extras-em-julho.jpg?fit=1200%2C638&ssl=1&resize=1050%2C600 3x"},"classes":[]},{"id":22371,"url":"https:\/\/ismaelcolosi.com.br\/index.php\/2023\/12\/29\/consulta-ao-cpf-e-crucial-para-evitar-bloqueio-do-bolsa-familia\/","url_meta":{"origin":19772,"position":4},"title":"Consulta ao CPF \u00e9 crucial para evitar bloqueio do Bolsa Fam\u00edlia","author":"ismaelcolosi.com.br","date":"29 de December de 2023","format":false,"excerpt":"Cr\u00e9ditos: Ag\u00eancia Brasil\/Marcello Casal JrPend\u00eancia no CPF pode resultar na suspens\u00e3o do pagamento do Bolsa Fam\u00edliaCom a chegada do ano de 2024, o Minist\u00e9rio do Desenvolvimento Social (MDS) alerta os benefici\u00e1rios do Bolsa Fam\u00edlia sobre a import\u00e2ncia da consulta ao CPF para evitar o bloqueio do benef\u00edcio.A consulta, que j\u00e1\u2026","rel":"","context":"In &quot;Variedades&quot;","block_context":{"text":"Variedades","link":"https:\/\/ismaelcolosi.com.br\/index.php\/category\/variedades\/"},"img":{"alt_text":"","src":"https:\/\/i0.wp.com\/ismaelcolosi.com.br\/wp-content\/uploads\/2023\/12\/1703885021_bolsa-familia-caixa-libera-pagamento-para-novo-grupo-em-julho.jpg?fit=1200%2C638&ssl=1&resize=350%2C200","width":350,"height":200,"srcset":"https:\/\/i0.wp.com\/ismaelcolosi.com.br\/wp-content\/uploads\/2023\/12\/1703885021_bolsa-familia-caixa-libera-pagamento-para-novo-grupo-em-julho.jpg?fit=1200%2C638&ssl=1&resize=350%2C200 1x, https:\/\/i0.wp.com\/ismaelcolosi.com.br\/wp-content\/uploads\/2023\/12\/1703885021_bolsa-familia-caixa-libera-pagamento-para-novo-grupo-em-julho.jpg?fit=1200%2C638&ssl=1&resize=525%2C300 1.5x, https:\/\/i0.wp.com\/ismaelcolosi.com.br\/wp-content\/uploads\/2023\/12\/1703885021_bolsa-familia-caixa-libera-pagamento-para-novo-grupo-em-julho.jpg?fit=1200%2C638&ssl=1&resize=700%2C400 2x, https:\/\/i0.wp.com\/ismaelcolosi.com.br\/wp-content\/uploads\/2023\/12\/1703885021_bolsa-familia-caixa-libera-pagamento-para-novo-grupo-em-julho.jpg?fit=1200%2C638&ssl=1&resize=1050%2C600 3x"},"classes":[]},{"id":13637,"url":"https:\/\/ismaelcolosi.com.br\/index.php\/2023\/12\/10\/pix-automatico-facilita-pagamentos-recorrentes-e-ate-mesadas\/","url_meta":{"origin":19772,"position":5},"title":"Pix autom\u00e1tico facilita pagamentos recorrentes e at\u00e9 mesadas","author":"ismaelcolosi.com.br","date":"10 de December de 2023","format":false,"excerpt":"O Pix autom\u00e1tico, que permite pagamentos recorrentes e at\u00e9 mesmo mesadas, entrar\u00e1 em vigor em 28 de outubro de 2024, segundo informou o Banco Central (BC). A novidade vai facilitar a vida de quem paga contas de servi\u00e7os p\u00fablicos, assinaturas, mensalidades e at\u00e9 mesmo presta servi\u00e7os recorrentes a outras pessoas.Cr\u00e9ditos:\u2026","rel":"","context":"In &quot;Variedades&quot;","block_context":{"text":"Variedades","link":"https:\/\/ismaelcolosi.com.br\/index.php\/category\/variedades\/"},"img":{"alt_text":"","src":"https:\/\/i0.wp.com\/ismaelcolosi.com.br\/wp-content\/uploads\/2023\/12\/1702247134_atencao-banco-central-comunica-vazamento-de-dados-de-chaves-pix.jpg?fit=1200%2C638&ssl=1&resize=350%2C200","width":350,"height":200,"srcset":"https:\/\/i0.wp.com\/ismaelcolosi.com.br\/wp-content\/uploads\/2023\/12\/1702247134_atencao-banco-central-comunica-vazamento-de-dados-de-chaves-pix.jpg?fit=1200%2C638&ssl=1&resize=350%2C200 1x, https:\/\/i0.wp.com\/ismaelcolosi.com.br\/wp-content\/uploads\/2023\/12\/1702247134_atencao-banco-central-comunica-vazamento-de-dados-de-chaves-pix.jpg?fit=1200%2C638&ssl=1&resize=525%2C300 1.5x, https:\/\/i0.wp.com\/ismaelcolosi.com.br\/wp-content\/uploads\/2023\/12\/1702247134_atencao-banco-central-comunica-vazamento-de-dados-de-chaves-pix.jpg?fit=1200%2C638&ssl=1&resize=700%2C400 2x, https:\/\/i0.wp.com\/ismaelcolosi.com.br\/wp-content\/uploads\/2023\/12\/1702247134_atencao-banco-central-comunica-vazamento-de-dados-de-chaves-pix.jpg?fit=1200%2C638&ssl=1&resize=1050%2C600 3x"},"classes":[]}],"jetpack_sharing_enabled":true,"jetpack_shortlink":"https:\/\/wp.me\/pfMlyK-58U","_links":{"self":[{"href":"https:\/\/ismaelcolosi.com.br\/index.php\/wp-json\/wp\/v2\/posts\/19772","targetHints":{"allow":["GET"]}}],"collection":[{"href":"https:\/\/ismaelcolosi.com.br\/index.php\/wp-json\/wp\/v2\/posts"}],"about":[{"href":"https:\/\/ismaelcolosi.com.br\/index.php\/wp-json\/wp\/v2\/types\/post"}],"author":[{"embeddable":true,"href":"https:\/\/ismaelcolosi.com.br\/index.php\/wp-json\/wp\/v2\/users\/1"}],"replies":[{"embeddable":true,"href":"https:\/\/ismaelcolosi.com.br\/index.php\/wp-json\/wp\/v2\/comments?post=19772"}],"version-history":[{"count":0,"href":"https:\/\/ismaelcolosi.com.br\/index.php\/wp-json\/wp\/v2\/posts\/19772\/revisions"}],"wp:featuredmedia":[{"embeddable":true,"href":"https:\/\/ismaelcolosi.com.br\/index.php\/wp-json\/wp\/v2\/media\/19773"}],"wp:attachment":[{"href":"https:\/\/ismaelcolosi.com.br\/index.php\/wp-json\/wp\/v2\/media?parent=19772"}],"wp:term":[{"taxonomy":"category","embeddable":true,"href":"https:\/\/ismaelcolosi.com.br\/index.php\/wp-json\/wp\/v2\/categories?post=19772"},{"taxonomy":"post_tag","embeddable":true,"href":"https:\/\/ismaelcolosi.com.br\/index.php\/wp-json\/wp\/v2\/tags?post=19772"}],"curies":[{"name":"wp","href":"https:\/\/api.w.org\/{rel}","templated":true}]}}