{"id":19664,"date":"2023-12-22T21:50:54","date_gmt":"2023-12-23T00:50:54","guid":{"rendered":"https:\/\/ismaelcolosi.com.br\/index.php\/2023\/12\/22\/hemocentro-rp-ministerio-da-saude-libera-r-100-milhoes-para-terapia-car-t-cell\/"},"modified":"2023-12-22T21:50:54","modified_gmt":"2023-12-23T00:50:54","slug":"hemocentro-rp-ministerio-da-saude-libera-r-100-milhoes-para-terapia-car-t-cell","status":"publish","type":"post","link":"https:\/\/ismaelcolosi.com.br\/index.php\/2023\/12\/22\/hemocentro-rp-ministerio-da-saude-libera-r-100-milhoes-para-terapia-car-t-cell\/","title":{"rendered":"Hemocentro RP: Minist\u00e9rio da Sa\u00fade libera R$ 100 milh\u00f5es para terapia CAR-T Cell\u00a0"},"content":{"rendered":"<p> <br \/>\n<\/p>\n<div id=\"\">\n<h2 class=\"penci-post-subtitle\">Verba ser\u00e1 liberada pelo Programa de Acelera\u00e7\u00e3o do Crescimento\u00a0<\/h2>\n<p> <span class=\"entry-meta-item penci-posted-on\"><i class=\"fa fa-clock-o\"\/><time class=\"entry-date published\" datetime=\"2023-12-22T17:00:47-03:00\">22 de dezembro de 2023 | 17:00<\/time><time class=\"updated\" datetime=\"2023-12-22T15:43:00-03:00\">22 de dezembro de 2023 | 15:43<\/time><\/span><\/p>\n<p> <span class=\"penci-social-buttons penci-social-share-footer\"><a href=\"#\" class=\"penci-post-like penci_post-meta_item  single-like-button penci-social-item like\" data-post_id=\"368153\" title=\"Like\" data-like=\"Like\" data-unlike=\"Unlike\"><i class=\"fa fa-thumbs-o-up\"\/><span class=\"penci-share-number\">0<\/span><\/a><i class=\"fa fa-facebook\"\/><a class=\"penci-social-item twitter\" target=\"_blank\" rel=\"noopener\" title=\"\" href=\"https:\/\/twitter.com\/intent\/tweet?text=Hemocentro%20RP:%20Minist\u00e9rio%20da%20Sa\u00fade%20libera%20R$%20100%20milh\u00f5es%20para%20terapia%20CAR-T%20Cell\u00a0%20-%20https:\/\/www.tribunaribeirao.com.br\/site\/hemocentro-rp-ministerio-da-saude-libera-r-100-milhoes-para-terapia-car-t-cell\/\"><i class=\"fa fa-twitter\"\/><\/a><i class=\"fa fa-whatsapp\"\/><\/span><\/div>\n<div>\n<p><span data-contrast=\"auto\">O Minist\u00e9rio da Sa\u00fade confirmou o repasse de R$ 100 milh\u00f5es para o financiamento da pesquisa de desenvolvimento da terapia celular CAR-T Cell na Funda\u00e7\u00e3o Hemocentro de Ribeir\u00e3o Preto, ligada \u00e0 Universidade de S\u00e3o Paulo (USP), em parceria com o Instituto Butantan.<\/span><span data-ccp-props=\"{&quot;201341983&quot;:0,&quot;335559739&quot;:160,&quot;335559740&quot;:259}\">\u00a0<\/span><\/p><div class='code-block code-block-8' style='margin: 8px auto; text-align: center; display: block; clear: both;'>\n<script>\n  atOptions = {\n    'key' : '66e2e2111ca34da796271819fc334058',\n    'format' : 'iframe',\n    'height' : 250,\n    'width' : 300,\n    'params' : {}\n  };\n<\/script>\n<script src=\"https:\/\/www.highperformanceformat.com\/66e2e2111ca34da796271819fc334058\/invoke.js\"><\/script>\n<\/div>\n\n<p><span data-contrast=\"auto\">Os recursos ser\u00e3o liberados por meio do Novo Programa de Acelera\u00e7\u00e3o do Crescimento (PAC-Sa\u00fade) e o conv\u00eanio est\u00e1 em fase de celebra\u00e7\u00e3o, o que ocorrer\u00e1 ainda em 2023.\u00a0<\/span><span data-ccp-props=\"{&quot;201341983&quot;:0,&quot;335559739&quot;:160,&quot;335559740&quot;:259}\">\u00a0<\/span><\/p>\n<p><span data-contrast=\"auto\">\u201cNeste governo, nosso objetivo \u00e9 garantir \u00e0 popula\u00e7\u00e3o mais carente o acesso a tratamentos mais modernos contra o c\u00e2ncer\u201d, disse o secret\u00e1rio de Ci\u00eancia, Tecnologia e Inova\u00e7\u00e3o e do Complexo Econ\u00f4mico-Industrial da Sa\u00fade, Carlos Gadelha.\u00a0<\/span><span data-ccp-props=\"{&quot;201341983&quot;:0,&quot;335559739&quot;:160,&quot;335559740&quot;:259}\">\u00a0<\/span><\/p>\n<p><span data-contrast=\"auto\">O estudo cl\u00ednico \u00e9 financiado pelo Minist\u00e9rio da Sa\u00fade, com apoio de estrutura por parte do Butantan e investimento de pesquisa da Fapesp (Funda\u00e7\u00e3o de Amparo \u00e0 Pesquisa do Estado de S\u00e3o Paulo) e do CNPq (Conselho Nacional de Desenvolvimento Cient\u00edfico e Tecnol\u00f3gico).\u00a0<\/span><span data-ccp-props=\"{&quot;201341983&quot;:0,&quot;335559739&quot;:160,&quot;335559740&quot;:259}\">\u00a0<\/span><\/p>\n<p><b><span data-contrast=\"auto\">Combate ao c\u00e2ncer<\/span><\/b><span data-ccp-props=\"{&quot;201341983&quot;:0,&quot;335559739&quot;:160,&quot;335559740&quot;:259}\">\u00a0<\/span><\/p>\n<p><span data-contrast=\"auto\">A terapia celular CAR-T Cell \u00e9 uma t\u00e9cnica que combate o c\u00e2ncer no sangue com as pr\u00f3prias c\u00e9lulas de defesa do paciente modificadas em laborat\u00f3rio.<\/span><span data-ccp-props=\"{&quot;201341983&quot;:0,&quot;335559739&quot;:160,&quot;335559740&quot;:259}\">\u00a0<\/span><\/p>\n<p><span data-contrast=\"auto\">S\u00e3o usados linf\u00f3citos T, c\u00e9lulas do sistema imune respons\u00e1veis por combater agentes patog\u00eanicos e matar c\u00e9lulas infectadas. Os linf\u00f3citos T s\u00e3o retirados, isolados, ativados e reprogramados para que consigam identificar c\u00e9lulas do c\u00e2ncer.\u00a0<\/span><span data-ccp-props=\"{&quot;201341983&quot;:0,&quot;335559739&quot;:160,&quot;335559740&quot;:259}\">\u00a0<\/span><\/p>\n<p><span data-contrast=\"auto\">\u201cDepois disso s\u00e3o inseridos de volta no organismo do paciente e nesse momento, as c\u00e9lulas de defesa modificadas voltam com mais for\u00e7a para eliminar as c\u00e9lulas tumorais. Todo esse processo, desde a coleta, modifica\u00e7\u00e3o das c\u00e9lulas e aplica\u00e7\u00e3o no paciente, pode durar em torno de 60 dias\u201d, explicou o Hemocentro.\u00a0<\/span><span data-ccp-props=\"{&quot;201341983&quot;:0,&quot;335559739&quot;:160,&quot;335559740&quot;:259}\">\u00a0<\/span><\/p>\n<p><b><span data-contrast=\"auto\">Leucemia<\/span><\/b><span data-ccp-props=\"{&quot;201341983&quot;:0,&quot;335559739&quot;:160,&quot;335559740&quot;:259}\">\u00a0<\/span><\/p>\n<p><span data-contrast=\"auto\">Segundo as informa\u00e7\u00f5es do Hemocentro de Ribeir\u00e3o Preto, no estado de S\u00e3o Paulo, o Estudo Cl\u00ednico de fase 1\/2 vai incluir 81 pacientes com leucemia linfoide aguda de c\u00e9lulas B e linfoma n\u00e3o Hodgkin de c\u00e9lulas B, de forma gratuita.<\/span><span data-ccp-props=\"{&quot;201341983&quot;:0,&quot;335559739&quot;:160,&quot;335559740&quot;:259}\">\u00a0<\/span><\/p>\n<p><span data-contrast=\"auto\">O foco do estudo \u00e9 integrado por pacientes que n\u00e3o responderam ou apresentaram o retorno da doen\u00e7a ap\u00f3s a primeira linha de tratamento convencional, com o uso da quimioterapia, e o transplante de medula \u00f3ssea.\u00a0\u00a0<\/span><span data-ccp-props=\"{&quot;201341983&quot;:0,&quot;335559739&quot;:160,&quot;335559740&quot;:259}\">\u00a0<\/span><\/p>\n<p><span data-contrast=\"auto\">\u201cO CAR-T, desenvolvido no Hemocentro de Ribeir\u00e3o Preto, \u00e9 \u201ctreinado\u201d para atingir um alvo espec\u00edfico que se chama CD19, presente somente na leucemia linfoide aguda de c\u00e9lulas B e no linfoma n\u00e3o Hodgkin de c\u00e9lulas B. Por isso, essa imunoterapia n\u00e3o possui efetividade em outros tipos de c\u00e2nceres s\u00f3lidos\u201d, explicou o Hemocentro.\u00a0<\/span><span data-ccp-props=\"{&quot;201341983&quot;:0,&quot;335559739&quot;:160,&quot;335559740&quot;:259}\">\u00a0<\/span><\/p>\n<p><span data-contrast=\"auto\">Para participar do estudo cl\u00ednico, o paciente que acredita preencher os requisitos deve conversar com o seu m\u00e9dico e solicitar que ele entre em contato pelo e-mail, anexando o relat\u00f3rio de sa\u00fade do candidato. O pedido ser\u00e1 analisado pela equipe m\u00e9dica das institui\u00e7\u00f5es participantes e, se o paciente se enquadrar, o m\u00e9dico respons\u00e1vel ser\u00e1 avisado.<\/span><span data-ccp-props=\"{&quot;201341983&quot;:0,&quot;335559739&quot;:160,&quot;335559740&quot;:259}\">\u00a0<\/span><\/p>\n<p><span data-ccp-props=\"{&quot;201341983&quot;:0,&quot;335559739&quot;:160,&quot;335559740&quot;:259}\">\u00a0<\/span><\/p>\n<p>\u00a0<\/p>\n<\/div>\n<p><script async src=\"\/\/platform.twitter.com\/widgets.js\" charset=\"utf-8\"><\/script><br \/>\n<br \/><br \/>\n<br \/><a href=\"https:\/\/www.tribunaribeirao.com.br\/site\/hemocentro-rp-ministerio-da-saude-libera-r-100-milhoes-para-terapia-car-t-cell\/\">Source link <\/a><\/p>\n<div class='code-block code-block-4' style='margin: 8px auto 8px 0; text-align: left; display: block; clear: both;'>\n\ud83d\udce2 Aviso Legal\n\nO site ismaelcolosi.com.br atua apenas como um canal de divulga\u00e7\u00e3o de oportunidades de emprego e n\u00e3o se responsabiliza pelo processo seletivo, contrata\u00e7\u00e3o ou qualquer outra etapa relacionada \u00e0s vagas publicadas. Todas as informa\u00e7\u00f5es s\u00e3o de responsabilidade dos anunciantes.\n\n\u26a0\ufe0f Aten\u00e7\u00e3o! Nunca pague por promessas de emprego nem compre cursos que garantam contrata\u00e7\u00e3o. Desconfie de qualquer cobran\u00e7a para participar de sele\u00e7\u00f5es.\n\n\n\n<\/div>\n<!-- CONTENT END 1 -->\n","protected":false},"excerpt":{"rendered":"<p>Verba ser\u00e1 liberada pelo Programa de Acelera\u00e7\u00e3o do Crescimento\u00a0 22 de dezembro de 2023 | 17:0022 de dezembro de 2023 | 15:43 0 O Minist\u00e9rio&#8230;<\/p>\n","protected":false},"author":1,"featured_media":19665,"comment_status":"open","ping_status":"open","sticky":false,"template":"","format":"standard","meta":{"_uag_custom_page_level_css":"","advanced_seo_description":"","jetpack_seo_html_title":"","jetpack_seo_noindex":false,"jetpack_post_was_ever_published":false,"_jetpack_newsletter_access":"","_jetpack_dont_email_post_to_subs":false,"_jetpack_newsletter_tier_id":0,"_jetpack_memberships_contains_paywalled_content":false,"_jetpack_memberships_contains_paid_content":false,"footnotes":"","jetpack_publicize_message":"","jetpack_publicize_feature_enabled":true,"jetpack_social_post_already_shared":true,"jetpack_social_options":{"image_generator_settings":{"template":"highway","default_image_id":0,"font":"","enabled":false},"version":2}},"categories":[11],"tags":[2564,2565,2200,1948,262,1890,71,158,2563],"class_list":["post-19664","post","type-post","status-publish","format-standard","has-post-thumbnail","hentry","category-noticias-de-ribeirao-preto-sp-e-regiao-ismael-colosi","tag-cart","tag-cell","tag-hemocentro","tag-libera","tag-milhoes","tag-ministerio","tag-para","tag-saude","tag-terapia"],"jetpack_publicize_connections":[],"jetpack_featured_media_url":"https:\/\/i0.wp.com\/ismaelcolosi.com.br\/wp-content\/uploads\/2023\/12\/2-hermocentro-energia_nuclear_usada_para_diagnostico_de_cancer-scaled.jpg?fit=1000%2C598&ssl=1","uagb_featured_image_src":{"full":["https:\/\/i0.wp.com\/ismaelcolosi.com.br\/wp-content\/uploads\/2023\/12\/2-hermocentro-energia_nuclear_usada_para_diagnostico_de_cancer-scaled.jpg?fit=1000%2C598&ssl=1",1000,598,false],"thumbnail":["https:\/\/i0.wp.com\/ismaelcolosi.com.br\/wp-content\/uploads\/2023\/12\/2-hermocentro-energia_nuclear_usada_para_diagnostico_de_cancer-scaled.jpg?resize=150%2C150&ssl=1",150,150,true],"medium":["https:\/\/i0.wp.com\/ismaelcolosi.com.br\/wp-content\/uploads\/2023\/12\/2-hermocentro-energia_nuclear_usada_para_diagnostico_de_cancer-scaled.jpg?fit=300%2C179&ssl=1",300,179,true],"medium_large":["https:\/\/i0.wp.com\/ismaelcolosi.com.br\/wp-content\/uploads\/2023\/12\/2-hermocentro-energia_nuclear_usada_para_diagnostico_de_cancer-scaled.jpg?fit=768%2C459&ssl=1",768,459,true],"large":["https:\/\/i0.wp.com\/ismaelcolosi.com.br\/wp-content\/uploads\/2023\/12\/2-hermocentro-energia_nuclear_usada_para_diagnostico_de_cancer-scaled.jpg?fit=1000%2C598&ssl=1",1000,598,true],"1536x1536":["https:\/\/i0.wp.com\/ismaelcolosi.com.br\/wp-content\/uploads\/2023\/12\/2-hermocentro-energia_nuclear_usada_para_diagnostico_de_cancer-scaled.jpg?fit=1000%2C598&ssl=1",1000,598,true],"2048x2048":["https:\/\/i0.wp.com\/ismaelcolosi.com.br\/wp-content\/uploads\/2023\/12\/2-hermocentro-energia_nuclear_usada_para_diagnostico_de_cancer-scaled.jpg?fit=1000%2C598&ssl=1",1000,598,true],"really-simple-thumb":["https:\/\/i0.wp.com\/ismaelcolosi.com.br\/wp-content\/uploads\/2023\/12\/2-hermocentro-energia_nuclear_usada_para_diagnostico_de_cancer-scaled.jpg?resize=370%2C247&ssl=1",370,247,true]},"uagb_author_info":{"display_name":"ismaelcolosi.com.br","author_link":"https:\/\/ismaelcolosi.com.br\/index.php\/author\/vidareal-online\/"},"uagb_comment_info":0,"uagb_excerpt":"Verba ser\u00e1 liberada pelo Programa de Acelera\u00e7\u00e3o do Crescimento\u00a0 22 de dezembro de 2023 | 17:0022 de dezembro de 2023 | 15:43 0 O Minist\u00e9rio...","jetpack-related-posts":[{"id":25501,"url":"https:\/\/ismaelcolosi.com.br\/index.php\/2024\/01\/07\/entenda-como-funciona-a-terapia-celular-car-t-cell-contra-o-cancer\/","url_meta":{"origin":19664,"position":0},"title":"Entenda como funciona a terapia celular CAR-T Cell contra o c\u00e2ncer\u00a0","author":"ismaelcolosi.com.br","date":"7 de January de 2024","format":false,"excerpt":"A terapia celular CAR-T Cell tem obtido resultado importante no tratamento de alguns tipos de c\u00e2ncer, por meio da reprograma\u00e7\u00e3o das c\u00e9lulas de defesa do corpo. A tecnologia celular CAR-T \u00e9 um tipo de imunoterapia que utiliza linf\u00f3citos T, c\u00e9lulas do sistema imunol\u00f3gico respons\u00e1veis por combater agentes patog\u00eanicos e c\u00e9lulas\u2026","rel":"","context":"In &quot;Not\u00edcias de Ribeir\u00e3o Preto-SP e Regi\u00e3o&quot;","block_context":{"text":"Not\u00edcias de Ribeir\u00e3o Preto-SP e Regi\u00e3o","link":"https:\/\/ismaelcolosi.com.br\/index.php\/category\/noticias-de-ribeirao-preto-sp-e-regiao-ismael-colosi\/"},"img":{"alt_text":"","src":"https:\/\/i0.wp.com\/ismaelcolosi.com.br\/wp-content\/uploads\/2024\/01\/2-cancer-foto-2-antes_depois-scaled.jpg?fit=1000%2C598&ssl=1&resize=350%2C200","width":350,"height":200,"srcset":"https:\/\/i0.wp.com\/ismaelcolosi.com.br\/wp-content\/uploads\/2024\/01\/2-cancer-foto-2-antes_depois-scaled.jpg?fit=1000%2C598&ssl=1&resize=350%2C200 1x, https:\/\/i0.wp.com\/ismaelcolosi.com.br\/wp-content\/uploads\/2024\/01\/2-cancer-foto-2-antes_depois-scaled.jpg?fit=1000%2C598&ssl=1&resize=525%2C300 1.5x, https:\/\/i0.wp.com\/ismaelcolosi.com.br\/wp-content\/uploads\/2024\/01\/2-cancer-foto-2-antes_depois-scaled.jpg?fit=1000%2C598&ssl=1&resize=700%2C400 2x"},"classes":[]},{"id":42017,"url":"https:\/\/ismaelcolosi.com.br\/index.php\/2024\/03\/12\/usp-inicia-teste-contra-o-cancer\/","url_meta":{"origin":19664,"position":1},"title":"USP inicia teste contra o c\u00e2ncer\u00a0","author":"ismaelcolosi.com.br","date":"12 de March de 2024","format":false,"excerpt":"12 de mar\u00e7o de 2024 | 15:0012 de mar\u00e7o de 2024 | 9:27 0Com informa\u00e7\u00f5es de Carlos Fioravanti \u00a0(Revista Fapesp)\u00a0\u00a0Come\u00e7a na pr\u00f3xima sexta-feira, 15 de mar\u00e7o, o estudo cl\u00ednico com o uso de terapia CAR-T conduzido pelo Hemocentro de Ribeir\u00e3o Preto, em parceria com o Hospital das Cl\u00ednicas da Faculdade\u2026","rel":"","context":"In &quot;Not\u00edcias de Ribeir\u00e3o Preto-SP e Regi\u00e3o&quot;","block_context":{"text":"Not\u00edcias de Ribeir\u00e3o Preto-SP e Regi\u00e3o","link":"https:\/\/ismaelcolosi.com.br\/index.php\/category\/noticias-de-ribeirao-preto-sp-e-regiao-ismael-colosi\/"},"img":{"alt_text":"","src":"https:\/\/i0.wp.com\/ismaelcolosi.com.br\/wp-content\/uploads\/2024\/03\/Linfoma-Nut-Guilherme-Sircili-scaled.jpg?fit=1000%2C585&ssl=1&resize=350%2C200","width":350,"height":200,"srcset":"https:\/\/i0.wp.com\/ismaelcolosi.com.br\/wp-content\/uploads\/2024\/03\/Linfoma-Nut-Guilherme-Sircili-scaled.jpg?fit=1000%2C585&ssl=1&resize=350%2C200 1x, https:\/\/i0.wp.com\/ismaelcolosi.com.br\/wp-content\/uploads\/2024\/03\/Linfoma-Nut-Guilherme-Sircili-scaled.jpg?fit=1000%2C585&ssl=1&resize=525%2C300 1.5x, https:\/\/i0.wp.com\/ismaelcolosi.com.br\/wp-content\/uploads\/2024\/03\/Linfoma-Nut-Guilherme-Sircili-scaled.jpg?fit=1000%2C585&ssl=1&resize=700%2C400 2x"},"classes":[]},{"id":44112,"url":"https:\/\/ismaelcolosi.com.br\/index.php\/2024\/03\/25\/ministra-da-saude-participa-de-lancamento-de-estudo-clinico-contra-cancer-no-hc-de-ribeirao\/","url_meta":{"origin":19664,"position":2},"title":"Ministra da Sa\u00fade participa de lan\u00e7amento de estudo cl\u00ednico contra c\u00e2ncer no HC de Ribeir\u00e3o","author":"ismaelcolosi.com.br","date":"25 de March de 2024","format":false,"excerpt":"A ministra da Sa\u00fade, N\u00edsia Trindade, esteve em Ribeir\u00e3o Preto, nesta segunda-feira (25), para participar do lan\u00e7amento de um estudo cl\u00ednico com a terapia que usa as c\u00e9lulas CAR-T para combate a linfoma n\u00e3o Hodgkin de c\u00e9lulas B e leucemia linf\u00f3ide de c\u00e9lulas B. Na ocasi\u00e3o, a ministra tamb\u00e9m conheceu\u2026","rel":"","context":"In &quot;Not\u00edcias de Ribeir\u00e3o Preto-SP e Regi\u00e3o&quot;","block_context":{"text":"Not\u00edcias de Ribeir\u00e3o Preto-SP e Regi\u00e3o","link":"https:\/\/ismaelcolosi.com.br\/index.php\/category\/noticias-de-ribeirao-preto-sp-e-regiao-ismael-colosi\/"},"img":{"alt_text":"","src":"https:\/\/i0.wp.com\/ismaelcolosi.com.br\/wp-content\/uploads\/2024\/03\/AnyConv.com__Copia-de-Copia-de-TAMANHO-EXATO-PARA-FOTOS-NO-SISTEMA-NOVO.webp.webp?fit=1200%2C675&ssl=1&resize=350%2C200","width":350,"height":200,"srcset":"https:\/\/i0.wp.com\/ismaelcolosi.com.br\/wp-content\/uploads\/2024\/03\/AnyConv.com__Copia-de-Copia-de-TAMANHO-EXATO-PARA-FOTOS-NO-SISTEMA-NOVO.webp.webp?fit=1200%2C675&ssl=1&resize=350%2C200 1x, https:\/\/i0.wp.com\/ismaelcolosi.com.br\/wp-content\/uploads\/2024\/03\/AnyConv.com__Copia-de-Copia-de-TAMANHO-EXATO-PARA-FOTOS-NO-SISTEMA-NOVO.webp.webp?fit=1200%2C675&ssl=1&resize=525%2C300 1.5x, https:\/\/i0.wp.com\/ismaelcolosi.com.br\/wp-content\/uploads\/2024\/03\/AnyConv.com__Copia-de-Copia-de-TAMANHO-EXATO-PARA-FOTOS-NO-SISTEMA-NOVO.webp.webp?fit=1200%2C675&ssl=1&resize=700%2C400 2x, https:\/\/i0.wp.com\/ismaelcolosi.com.br\/wp-content\/uploads\/2024\/03\/AnyConv.com__Copia-de-Copia-de-TAMANHO-EXATO-PARA-FOTOS-NO-SISTEMA-NOVO.webp.webp?fit=1200%2C675&ssl=1&resize=1050%2C600 3x"},"classes":[]},{"id":44194,"url":"https:\/\/ismaelcolosi.com.br\/index.php\/2024\/03\/26\/ministra-da-saude-participa-de-lancamento-de-estudo-clinico-contra-cancer-no-hc-de-ribeirao-2\/","url_meta":{"origin":19664,"position":3},"title":"Ministra da Sa\u00fade participa de lan\u00e7amento de estudo cl\u00ednico contra c\u00e2ncer no HC de Ribeir\u00e3o","author":"ismaelcolosi.com.br","date":"26 de March de 2024","format":false,"excerpt":"A ministra da Sa\u00fade, N\u00edsia Trindade, esteve em Ribeir\u00e3o Preto, nesta segunda-feira (25), para participar do lan\u00e7amento de um estudo cl\u00ednico com a terapia que usa as c\u00e9lulas CAR-T para combate a linfoma n\u00e3o Hodgkin de c\u00e9lulas B e leucemia linf\u00f3ide de c\u00e9lulas B. Na ocasi\u00e3o, a ministra tamb\u00e9m conheceu\u2026","rel":"","context":"In &quot;Not\u00edcias de Ribeir\u00e3o Preto-SP e Regi\u00e3o&quot;","block_context":{"text":"Not\u00edcias de Ribeir\u00e3o Preto-SP e Regi\u00e3o","link":"https:\/\/ismaelcolosi.com.br\/index.php\/category\/noticias-de-ribeirao-preto-sp-e-regiao-ismael-colosi\/"},"img":{"alt_text":"","src":"https:\/\/i0.wp.com\/ismaelcolosi.com.br\/wp-content\/uploads\/2024\/03\/AnyConv.com__Copia-de-Copia-de-TAMANHO-EXATO-PARA-FOTOS-NO-SISTEMA-NOVO.webp.webp?fit=1200%2C675&ssl=1&resize=350%2C200","width":350,"height":200,"srcset":"https:\/\/i0.wp.com\/ismaelcolosi.com.br\/wp-content\/uploads\/2024\/03\/AnyConv.com__Copia-de-Copia-de-TAMANHO-EXATO-PARA-FOTOS-NO-SISTEMA-NOVO.webp.webp?fit=1200%2C675&ssl=1&resize=350%2C200 1x, https:\/\/i0.wp.com\/ismaelcolosi.com.br\/wp-content\/uploads\/2024\/03\/AnyConv.com__Copia-de-Copia-de-TAMANHO-EXATO-PARA-FOTOS-NO-SISTEMA-NOVO.webp.webp?fit=1200%2C675&ssl=1&resize=525%2C300 1.5x, https:\/\/i0.wp.com\/ismaelcolosi.com.br\/wp-content\/uploads\/2024\/03\/AnyConv.com__Copia-de-Copia-de-TAMANHO-EXATO-PARA-FOTOS-NO-SISTEMA-NOVO.webp.webp?fit=1200%2C675&ssl=1&resize=700%2C400 2x, https:\/\/i0.wp.com\/ismaelcolosi.com.br\/wp-content\/uploads\/2024\/03\/AnyConv.com__Copia-de-Copia-de-TAMANHO-EXATO-PARA-FOTOS-NO-SISTEMA-NOVO.webp.webp?fit=1200%2C675&ssl=1&resize=1050%2C600 3x"},"classes":[]},{"id":41843,"url":"https:\/\/ismaelcolosi.com.br\/index.php\/2024\/03\/11\/hc-ribeirao-preto-comeca-testes-de-terapia-celular-contra-o-cancer-nesta-semana\/","url_meta":{"origin":19664,"position":4},"title":"HC Ribeir\u00e3o Preto come\u00e7a testes de terapia celular contra o c\u00e2ncer nesta semana","author":"ismaelcolosi.com.br","date":"11 de March de 2024","format":false,"excerpt":"O Hospital das Cl\u00ednicas de Ribeir\u00e3o Preto vai come\u00e7ar na pr\u00f3xima sexta-feira (15) o teste de terapia celular contra o c\u00e2ncer. De acordo com a USP (Universidade de S\u00e3o Paulo), ter\u00e1 in\u00edcio a inclus\u00e3o dos candidatos no estudo cl\u00ednico das fases 1 e 2 no tratamento com c\u00e9lulas CAR-T em\u2026","rel":"","context":"In &quot;Not\u00edcias de Ribeir\u00e3o Preto-SP e Regi\u00e3o&quot;","block_context":{"text":"Not\u00edcias de Ribeir\u00e3o Preto-SP e Regi\u00e3o","link":"https:\/\/ismaelcolosi.com.br\/index.php\/category\/noticias-de-ribeirao-preto-sp-e-regiao-ismael-colosi\/"},"img":{"alt_text":"","src":"https:\/\/i0.wp.com\/ismaelcolosi.com.br\/wp-content\/uploads\/2024\/03\/AnyConv.com__nutera-rp.webp.webp?fit=796%2C445&ssl=1&resize=350%2C200","width":350,"height":200,"srcset":"https:\/\/i0.wp.com\/ismaelcolosi.com.br\/wp-content\/uploads\/2024\/03\/AnyConv.com__nutera-rp.webp.webp?fit=796%2C445&ssl=1&resize=350%2C200 1x, https:\/\/i0.wp.com\/ismaelcolosi.com.br\/wp-content\/uploads\/2024\/03\/AnyConv.com__nutera-rp.webp.webp?fit=796%2C445&ssl=1&resize=525%2C300 1.5x, https:\/\/i0.wp.com\/ismaelcolosi.com.br\/wp-content\/uploads\/2024\/03\/AnyConv.com__nutera-rp.webp.webp?fit=796%2C445&ssl=1&resize=700%2C400 2x"},"classes":[]},{"id":26826,"url":"https:\/\/ismaelcolosi.com.br\/index.php\/2024\/01\/10\/ministerio-da-saude-distribui-novo-medicamento-para-pacientes-com-hiv-2\/","url_meta":{"origin":19664,"position":5},"title":"Minist\u00e9rio da Sa\u00fade distribui novo medicamento para pacientes com HIV \u2013 Folha de Ribeir\u00e3o","author":"ismaelcolosi.com.br","date":"10 de January de 2024","format":false,"excerpt":"O Minist\u00e9rio da Sa\u00fade informou ter conclu\u00eddo a distribui\u00e7\u00e3o de 5,6 milh\u00f5es de comprimidos de um novo medicamento para o tratamento de pacientes com aids ou HIV. O rem\u00e9dio foi repassado a estados e ao Distrito Federal. \u00a0 O medicamento une em um \u00fanico comprimido dois antirretrovirais: dolutegravir e lamivudina.\u2026","rel":"","context":"In &quot;Not\u00edcias de Ribeir\u00e3o Preto-SP e Regi\u00e3o&quot;","block_context":{"text":"Not\u00edcias de Ribeir\u00e3o Preto-SP e Regi\u00e3o","link":"https:\/\/ismaelcolosi.com.br\/index.php\/category\/noticias-de-ribeirao-preto-sp-e-regiao-ismael-colosi\/"},"img":{"alt_text":"","src":"","width":0,"height":0},"classes":[]}],"jetpack_sharing_enabled":true,"jetpack_shortlink":"https:\/\/wp.me\/pfMlyK-57a","_links":{"self":[{"href":"https:\/\/ismaelcolosi.com.br\/index.php\/wp-json\/wp\/v2\/posts\/19664","targetHints":{"allow":["GET"]}}],"collection":[{"href":"https:\/\/ismaelcolosi.com.br\/index.php\/wp-json\/wp\/v2\/posts"}],"about":[{"href":"https:\/\/ismaelcolosi.com.br\/index.php\/wp-json\/wp\/v2\/types\/post"}],"author":[{"embeddable":true,"href":"https:\/\/ismaelcolosi.com.br\/index.php\/wp-json\/wp\/v2\/users\/1"}],"replies":[{"embeddable":true,"href":"https:\/\/ismaelcolosi.com.br\/index.php\/wp-json\/wp\/v2\/comments?post=19664"}],"version-history":[{"count":0,"href":"https:\/\/ismaelcolosi.com.br\/index.php\/wp-json\/wp\/v2\/posts\/19664\/revisions"}],"wp:featuredmedia":[{"embeddable":true,"href":"https:\/\/ismaelcolosi.com.br\/index.php\/wp-json\/wp\/v2\/media\/19665"}],"wp:attachment":[{"href":"https:\/\/ismaelcolosi.com.br\/index.php\/wp-json\/wp\/v2\/media?parent=19664"}],"wp:term":[{"taxonomy":"category","embeddable":true,"href":"https:\/\/ismaelcolosi.com.br\/index.php\/wp-json\/wp\/v2\/categories?post=19664"},{"taxonomy":"post_tag","embeddable":true,"href":"https:\/\/ismaelcolosi.com.br\/index.php\/wp-json\/wp\/v2\/tags?post=19664"}],"curies":[{"name":"wp","href":"https:\/\/api.w.org\/{rel}","templated":true}]}}