{"id":19409,"date":"2023-12-22T10:59:14","date_gmt":"2023-12-22T13:59:14","guid":{"rendered":"https:\/\/ismaelcolosi.com.br\/index.php\/2023\/12\/22\/ex-bbb-jaquelline-grohalski-vence-a-fazenda-15-e-recebe-comentario-polemico-de-boninho\/"},"modified":"2023-12-22T10:59:14","modified_gmt":"2023-12-22T13:59:14","slug":"ex-bbb-jaquelline-grohalski-vence-a-fazenda-15-e-recebe-comentario-polemico-de-boninho","status":"publish","type":"post","link":"https:\/\/ismaelcolosi.com.br\/index.php\/2023\/12\/22\/ex-bbb-jaquelline-grohalski-vence-a-fazenda-15-e-recebe-comentario-polemico-de-boninho\/","title":{"rendered":"Ex-BBB Jaquelline Grohalski vence &#8216;A Fazenda 15&#8217; e recebe coment\u00e1rio pol\u00eamico de Boninho"},"content":{"rendered":"<p> <br \/>\n<\/p>\n<div itemprop=\"text\">\n<p>A Fazenda 15 chegou ao fim na noite de quinta feira. O reality contou com a participa\u00e7\u00e3o de 22 famosos. Entre atores, cantores, influenciadores e ex BBBs, a edi\u00e7\u00e3o entregou o pr\u00eamio<\/p>\n<p>A grande campe\u00e3 foi a ex BBB Jaqueline Grohalski foi quem levou para casa o pr\u00eamio de R$ 1,5 milh\u00e3o de reais. Ela disputou o p\u00f3dio com M\u00e1rcia Fu, Andr\u00e9 Gon\u00e7alves e WL.<\/p><div class='code-block code-block-8' style='margin: 8px auto; text-align: center; display: block; clear: both;'>\n<script>\n  atOptions = {\n    'key' : '66e2e2111ca34da796271819fc334058',\n    'format' : 'iframe',\n    'height' : 250,\n    'width' : 300,\n    'params' : {}\n  };\n<\/script>\n<script src=\"https:\/\/www.highperformanceformat.com\/66e2e2111ca34da796271819fc334058\/invoke.js\"><\/script>\n<\/div>\n\n<p>A campe\u00e3 tem 29 anos e \u00e9 m\u00e3e de uma menina de 10 anos, Isabella. Ela ficou famosa ap\u00f3s sua participa\u00e7\u00e3o no reality show Big Brother Brasil. Ela saiu logo no segundo pared\u00e3o da casa que enfrentou com Gleice Damasceno e Mahmoud Baydoun.<\/p>\n<p>Ap\u00f3s a entrega do pr\u00eamio, o nome de Jaqueline virou not\u00edcia em todos v\u00e1rios ve\u00edculos de m\u00eddia, inclusive no Instagram. Em uma das postagens, o diretor Boninho deixou um coment\u00e1rio curioso.<\/p>\n<div class=\"code-block code-block-9\" style=\"margin: 8px auto; text-align: center; display: block; clear: both;\">\n<p><span style=\"font-size: xx-small;\"><b>PUBLICIDADE<\/b><\/span><\/p>\n<div class=\"separator\" style=\"clear: both; text-align: center;\"><a href=\"https:\/\/breeze.bet\/?c=1&amp;utm_source=fbs\" imageanchor=\"1\" style=\"margin-left: 1em; margin-right: 1em;\" target=\"_blank\" rel=\"noopener\"><img data-recalc-dims=\"1\" loading=\"lazy\" decoding=\"async\" border=\"0\" data-original-height=\"250\" data-original-width=\"300\" height=\"250\" src=\"https:\/\/i0.wp.com\/blogger.googleusercontent.com\/img\/b\/R29vZ2xl\/AVvXsEhHMStsQpenim-wcfJXHMndm0o0P6BrbXYcb_zvAoVvLcdQw8AP_XKlfa98ltKcznGeZ-LpsBl2FxLCp8WOYwgFSB3cRFm5w-61F-0aTWm387IgHB-GZMFhX20JbEzho8NVK1flhSUYOat_fFInLDqTMO3djGgM3zf7gMkbu8Ut7Zlm-7-ZYF292G63voBG\/s1600\/at%C3%A9%20X2500.png?resize=300%2C250&#038;ssl=1\" width=\"300\"\/><\/a><\/div>\n<\/div>\n<p>Segundo ele, somente nesta noite tomou conhecimento da participa\u00e7\u00e3o dela no programa ao qual dirige \u201cS\u00f3 hoje descobri que ela era a Jaque do BBB 18. Boiei\u201d.<\/p>\n<p>Jaqueline iniciou um relacionamento na casa com o ex marido da cantora Jojo Todynho. O ex pe\u00e3o, que encerrou sua participa\u00e7\u00e3o ap\u00f3s desistir do programa, parece estar esperando por ela aqui fora.<\/p>\n<p>Lucas Souza foi um dos convidados de Gkay para a Farofa que recusou o convite. Segundo ele, n\u00e3o iria \u00e0 festa em respeito a Jaqueline que na \u00e9poca do convite estava em confinamento. Para ele, n\u00e3o era um ambiente de um homem comprometido ir sozinho.<\/p>\n<\/div>\n<p><br \/>\n<br \/><a href=\"https:\/\/fnmais.com\/ex-bbb-jaquelline-grohalski-vence-fazenda-15-recebe-comentario-polemico-boninho\/\">Source link <\/a><\/p>\n<div class='code-block code-block-4' style='margin: 8px auto 8px 0; text-align: left; display: block; clear: both;'>\n\ud83d\udce2 Aviso Legal\n\nO site ismaelcolosi.com.br atua apenas como um canal de divulga\u00e7\u00e3o de oportunidades de emprego e n\u00e3o se responsabiliza pelo processo seletivo, contrata\u00e7\u00e3o ou qualquer outra etapa relacionada \u00e0s vagas publicadas. Todas as informa\u00e7\u00f5es s\u00e3o de responsabilidade dos anunciantes.\n\n\u26a0\ufe0f Aten\u00e7\u00e3o! Nunca pague por promessas de emprego nem compre cursos que garantam contrata\u00e7\u00e3o. Desconfie de qualquer cobran\u00e7a para participar de sele\u00e7\u00f5es.\n\n\n\n<\/div>\n<!-- CONTENT END 1 -->\n","protected":false},"excerpt":{"rendered":"<p>A Fazenda 15 chegou ao fim na noite de quinta feira. O reality contou com a participa\u00e7\u00e3o de 22 famosos. Entre atores, cantores, influenciadores e&#8230;<\/p>\n","protected":false},"author":1,"featured_media":19410,"comment_status":"open","ping_status":"open","sticky":false,"template":"","format":"standard","meta":{"_uag_custom_page_level_css":"","advanced_seo_description":"","jetpack_seo_html_title":"","jetpack_seo_noindex":false,"jetpack_post_was_ever_published":false,"_jetpack_newsletter_access":"","_jetpack_dont_email_post_to_subs":false,"_jetpack_newsletter_tier_id":0,"_jetpack_memberships_contains_paywalled_content":false,"_jetpack_memberships_contains_paid_content":false,"footnotes":"","jetpack_publicize_message":"","jetpack_publicize_feature_enabled":true,"jetpack_social_post_already_shared":true,"jetpack_social_options":{"image_generator_settings":{"template":"highway","default_image_id":0,"font":"","enabled":false},"version":2}},"categories":[1],"tags":[],"class_list":["post-19409","post","type-post","status-publish","format-standard","has-post-thumbnail","hentry","category-blog"],"jetpack_publicize_connections":[],"jetpack_featured_media_url":"https:\/\/i0.wp.com\/ismaelcolosi.com.br\/wp-content\/uploads\/2023\/12\/postimg-658595ed897666082.jpg?fit=1200%2C628&ssl=1","uagb_featured_image_src":{"full":["https:\/\/i0.wp.com\/ismaelcolosi.com.br\/wp-content\/uploads\/2023\/12\/postimg-658595ed897666082.jpg?fit=1200%2C628&ssl=1",1200,628,false],"thumbnail":["https:\/\/i0.wp.com\/ismaelcolosi.com.br\/wp-content\/uploads\/2023\/12\/postimg-658595ed897666082.jpg?resize=150%2C150&ssl=1",150,150,true],"medium":["https:\/\/i0.wp.com\/ismaelcolosi.com.br\/wp-content\/uploads\/2023\/12\/postimg-658595ed897666082.jpg?fit=300%2C157&ssl=1",300,157,true],"medium_large":["https:\/\/i0.wp.com\/ismaelcolosi.com.br\/wp-content\/uploads\/2023\/12\/postimg-658595ed897666082.jpg?fit=768%2C402&ssl=1",768,402,true],"large":["https:\/\/i0.wp.com\/ismaelcolosi.com.br\/wp-content\/uploads\/2023\/12\/postimg-658595ed897666082.jpg?fit=1024%2C536&ssl=1",1024,536,true],"1536x1536":["https:\/\/i0.wp.com\/ismaelcolosi.com.br\/wp-content\/uploads\/2023\/12\/postimg-658595ed897666082.jpg?fit=1200%2C628&ssl=1",1200,628,true],"2048x2048":["https:\/\/i0.wp.com\/ismaelcolosi.com.br\/wp-content\/uploads\/2023\/12\/postimg-658595ed897666082.jpg?fit=1200%2C628&ssl=1",1200,628,true],"really-simple-thumb":["https:\/\/i0.wp.com\/ismaelcolosi.com.br\/wp-content\/uploads\/2023\/12\/postimg-658595ed897666082.jpg?resize=370%2C247&ssl=1",370,247,true]},"uagb_author_info":{"display_name":"ismaelcolosi.com.br","author_link":"https:\/\/ismaelcolosi.com.br\/index.php\/author\/vidareal-online\/"},"uagb_comment_info":0,"uagb_excerpt":"A Fazenda 15 chegou ao fim na noite de quinta feira. O reality contou com a participa\u00e7\u00e3o de 22 famosos. Entre atores, cantores, influenciadores e...","jetpack-related-posts":[{"id":4488,"url":"https:\/\/ismaelcolosi.com.br\/index.php\/2023\/11\/21\/jojo-todynho-volta-a-desabafar-sobre-fim-do-casamento-taquei-fogo\/","url_meta":{"origin":19409,"position":0},"title":"Jojo Todynho volta a desabafar sobre fim do casamento: &#8216;Taquei fogo&#8217;","author":"ismaelcolosi.com.br","date":"21 de November de 2023","format":false,"excerpt":"A manh\u00e3 da ter\u00e7a feira, 21 de novembro, da cantora Jojo Todynho come\u00e7ou agitada e com muita irrita\u00e7\u00e3o. Ela apareceu em seu perfil nas redes sociais para falar mais uma vez de um assunto que vem aborrecendo ela sucessivamente.Ap\u00f3s o fim do relacionamento com o ex militar Lucas Souza, Jojo\u2026","rel":"","context":"In &quot;Blog&quot;","block_context":{"text":"Blog","link":"https:\/\/ismaelcolosi.com.br\/index.php\/category\/blog\/"},"img":{"alt_text":"","src":"https:\/\/i0.wp.com\/ismaelcolosi.com.br\/wp-content\/uploads\/2023\/11\/postimg-655cf376895179613.jpg?fit=1200%2C628&ssl=1&resize=350%2C200","width":350,"height":200,"srcset":"https:\/\/i0.wp.com\/ismaelcolosi.com.br\/wp-content\/uploads\/2023\/11\/postimg-655cf376895179613.jpg?fit=1200%2C628&ssl=1&resize=350%2C200 1x, https:\/\/i0.wp.com\/ismaelcolosi.com.br\/wp-content\/uploads\/2023\/11\/postimg-655cf376895179613.jpg?fit=1200%2C628&ssl=1&resize=525%2C300 1.5x, https:\/\/i0.wp.com\/ismaelcolosi.com.br\/wp-content\/uploads\/2023\/11\/postimg-655cf376895179613.jpg?fit=1200%2C628&ssl=1&resize=700%2C400 2x, https:\/\/i0.wp.com\/ismaelcolosi.com.br\/wp-content\/uploads\/2023\/11\/postimg-655cf376895179613.jpg?fit=1200%2C628&ssl=1&resize=1050%2C600 3x"},"classes":[]},{"id":4510,"url":"https:\/\/ismaelcolosi.com.br\/index.php\/2023\/11\/21\/de-salto-alto-jaqueline-toma-atitude-em-meio-a-briga-de-cezar-black-e-lucas-souza\/","url_meta":{"origin":19409,"position":1},"title":"De salto alto, Jaqueline toma atitude em meio a briga de C\u00e9zar Black e Lucas Souza","author":"ismaelcolosi.com.br","date":"21 de November de 2023","format":false,"excerpt":"Fogo no feno! Se \u00e9 de pol\u00eamicas que o p\u00fablico gosta, A Fazenda d\u00e1 de sobra. As brigas di\u00e1rias no reality s\u00e3o um ingrediente especial para transformar a sede num grande bolo de confus\u00e3o.A briga entre os participantes C\u00e9zar Black e Lucas Souza rendeu uma confus\u00e3o generalizada, mas quem chamou\u2026","rel":"","context":"In &quot;Blog&quot;","block_context":{"text":"Blog","link":"https:\/\/ismaelcolosi.com.br\/index.php\/category\/blog\/"},"img":{"alt_text":"","src":"https:\/\/i0.wp.com\/ismaelcolosi.com.br\/wp-content\/uploads\/2023\/11\/postimg-655cf214eb6b84745.jpg?fit=1200%2C628&ssl=1&resize=350%2C200","width":350,"height":200,"srcset":"https:\/\/i0.wp.com\/ismaelcolosi.com.br\/wp-content\/uploads\/2023\/11\/postimg-655cf214eb6b84745.jpg?fit=1200%2C628&ssl=1&resize=350%2C200 1x, https:\/\/i0.wp.com\/ismaelcolosi.com.br\/wp-content\/uploads\/2023\/11\/postimg-655cf214eb6b84745.jpg?fit=1200%2C628&ssl=1&resize=525%2C300 1.5x, https:\/\/i0.wp.com\/ismaelcolosi.com.br\/wp-content\/uploads\/2023\/11\/postimg-655cf214eb6b84745.jpg?fit=1200%2C628&ssl=1&resize=700%2C400 2x, https:\/\/i0.wp.com\/ismaelcolosi.com.br\/wp-content\/uploads\/2023\/11\/postimg-655cf214eb6b84745.jpg?fit=1200%2C628&ssl=1&resize=1050%2C600 3x"},"classes":[]},{"id":25857,"url":"https:\/\/ismaelcolosi.com.br\/index.php\/2024\/01\/08\/lembra-da-campea-do-bbb11-saiba-como-esta-maria-melilo-12-anos-apos-vencer-o-programa\/","url_meta":{"origin":19409,"position":2},"title":"Lembra da campe\u00e3 do BBB11? Saiba como est\u00e1 Maria Melilo 12 anos ap\u00f3s vencer o programa","author":"ismaelcolosi.com.br","date":"8 de January de 2024","format":false,"excerpt":"De bom humor, sorriso largo e aos 27 anos de idade, Maria Melilo ficou conhecida em todas as partes do Brasil ap\u00f3s se consagrar campe\u00e3 da decima primeira edi\u00e7\u00e3o do Big Brother Brasil, reality show transmitido pela TV Globo.Maria Melilo levou o premio milion\u00e1rio para casa ap\u00f3s receber exatos\u00a0\u00a043% dos\u2026","rel":"","context":"In &quot;Blog&quot;","block_context":{"text":"Blog","link":"https:\/\/ismaelcolosi.com.br\/index.php\/category\/blog\/"},"img":{"alt_text":"","src":"https:\/\/i0.wp.com\/ismaelcolosi.com.br\/wp-content\/uploads\/2024\/01\/postimg-659c3b72574862753.jpg?fit=1200%2C628&ssl=1&resize=350%2C200","width":350,"height":200,"srcset":"https:\/\/i0.wp.com\/ismaelcolosi.com.br\/wp-content\/uploads\/2024\/01\/postimg-659c3b72574862753.jpg?fit=1200%2C628&ssl=1&resize=350%2C200 1x, https:\/\/i0.wp.com\/ismaelcolosi.com.br\/wp-content\/uploads\/2024\/01\/postimg-659c3b72574862753.jpg?fit=1200%2C628&ssl=1&resize=525%2C300 1.5x, https:\/\/i0.wp.com\/ismaelcolosi.com.br\/wp-content\/uploads\/2024\/01\/postimg-659c3b72574862753.jpg?fit=1200%2C628&ssl=1&resize=700%2C400 2x, https:\/\/i0.wp.com\/ismaelcolosi.com.br\/wp-content\/uploads\/2024\/01\/postimg-659c3b72574862753.jpg?fit=1200%2C628&ssl=1&resize=1050%2C600 3x"},"classes":[]},{"id":18391,"url":"https:\/\/ismaelcolosi.com.br\/index.php\/2023\/12\/20\/na-reta-final-saiba-quem-sao-os-finalistas-do-reality\/","url_meta":{"origin":19409,"position":3},"title":"Na reta final, saiba quem s\u00e3o os finalistas do reality","author":"ismaelcolosi.com.br","date":"20 de December de 2023","format":false,"excerpt":"A Fazenda 15 est\u00e1 chegando em sua reta final. O reality contou com a participa\u00e7\u00e3o de 22 integrantes entre ex BBBs, atores, cantor e outras personalidades das telinhas.\u201cForam tr\u00eas longos meses e o empenho e o sacrif\u00edcio de cada um de voc\u00eas trouxe voc\u00eas at\u00e9 aqui\u201d, comentou a apresentadora do\u2026","rel":"","context":"In &quot;Blog&quot;","block_context":{"text":"Blog","link":"https:\/\/ismaelcolosi.com.br\/index.php\/category\/blog\/"},"img":{"alt_text":"","src":"https:\/\/i0.wp.com\/ismaelcolosi.com.br\/wp-content\/uploads\/2023\/12\/postimg-6582ebd098ab35425.jpg?fit=1200%2C628&ssl=1&resize=350%2C200","width":350,"height":200,"srcset":"https:\/\/i0.wp.com\/ismaelcolosi.com.br\/wp-content\/uploads\/2023\/12\/postimg-6582ebd098ab35425.jpg?fit=1200%2C628&ssl=1&resize=350%2C200 1x, https:\/\/i0.wp.com\/ismaelcolosi.com.br\/wp-content\/uploads\/2023\/12\/postimg-6582ebd098ab35425.jpg?fit=1200%2C628&ssl=1&resize=525%2C300 1.5x, https:\/\/i0.wp.com\/ismaelcolosi.com.br\/wp-content\/uploads\/2023\/12\/postimg-6582ebd098ab35425.jpg?fit=1200%2C628&ssl=1&resize=700%2C400 2x, https:\/\/i0.wp.com\/ismaelcolosi.com.br\/wp-content\/uploads\/2023\/12\/postimg-6582ebd098ab35425.jpg?fit=1200%2C628&ssl=1&resize=1050%2C600 3x"},"classes":[]},{"id":5011,"url":"https:\/\/ismaelcolosi.com.br\/index.php\/2023\/11\/22\/peoes-recebem-a-noticia-de-que-lucas-souza-desistiu-do-programa-e-jaqueline-surta\/","url_meta":{"origin":19409,"position":4},"title":"Pe\u00f5es Recebem a Not\u00edcia de que Lucas Souza Desistiu do Programa e Jaqueline Surta","author":"ismaelcolosi.com.br","date":"22 de November de 2023","format":false,"excerpt":"O ex-militar Lucas Souza, envolvido em pol\u00eamicas recentes, optou por abandonar oficialmente a competi\u00e7\u00e3o em \u201cA Fazenda 15\u201d. Segundo informa\u00e7\u00f5es do jornalista Gabriel Perline, do IG, a equipe de Lucas confirmou sua decis\u00e3o de deixar o reality show, mesmo diante das tentativas do diretor Rodrigo Carelli de persuadi-lo a permanecer.A\u2026","rel":"","context":"In &quot;Blog&quot;","block_context":{"text":"Blog","link":"https:\/\/ismaelcolosi.com.br\/index.php\/category\/blog\/"},"img":{"alt_text":"","src":"https:\/\/i0.wp.com\/ismaelcolosi.com.br\/wp-content\/uploads\/2023\/11\/postimg-655e6d35ce4cf1411.jpg?fit=1200%2C628&ssl=1&resize=350%2C200","width":350,"height":200,"srcset":"https:\/\/i0.wp.com\/ismaelcolosi.com.br\/wp-content\/uploads\/2023\/11\/postimg-655e6d35ce4cf1411.jpg?fit=1200%2C628&ssl=1&resize=350%2C200 1x, https:\/\/i0.wp.com\/ismaelcolosi.com.br\/wp-content\/uploads\/2023\/11\/postimg-655e6d35ce4cf1411.jpg?fit=1200%2C628&ssl=1&resize=525%2C300 1.5x, https:\/\/i0.wp.com\/ismaelcolosi.com.br\/wp-content\/uploads\/2023\/11\/postimg-655e6d35ce4cf1411.jpg?fit=1200%2C628&ssl=1&resize=700%2C400 2x, https:\/\/i0.wp.com\/ismaelcolosi.com.br\/wp-content\/uploads\/2023\/11\/postimg-655e6d35ce4cf1411.jpg?fit=1200%2C628&ssl=1&resize=1050%2C600 3x"},"classes":[]},{"id":27015,"url":"https:\/\/ismaelcolosi.com.br\/index.php\/2024\/01\/11\/luana-piovani-questiona-lado-fofo-da-relacao-de-wanessa-camargo-e-dado-dolabella\/","url_meta":{"origin":19409,"position":5},"title":"Luana Piovani questiona lado &#8216;fofo&#8217; da rela\u00e7\u00e3o de Wanessa Camargo e Dado Dolabella","author":"ismaelcolosi.com.br","date":"11 de January de 2024","format":false,"excerpt":"Como convidada do camarote de Boninho, Wanessa Camargo \u00e9 uma das participantes do BBB24. A cantora foi uma das revela\u00e7\u00f5es do programa que surpreendeu o p\u00fablico com sua participa\u00e7\u00e3o.J\u00e1 na casa, ela tem sido bastante elogiada pelo p\u00fablico que acompanha a intera\u00e7\u00e3o dela na casa e j\u00e1 foi dona at\u00e9\u2026","rel":"","context":"In &quot;Blog&quot;","block_context":{"text":"Blog","link":"https:\/\/ismaelcolosi.com.br\/index.php\/category\/blog\/"},"img":{"alt_text":"","src":"https:\/\/i0.wp.com\/ismaelcolosi.com.br\/wp-content\/uploads\/2024\/01\/postimg-659ff0c389ee73437.jpg?fit=1200%2C628&ssl=1&resize=350%2C200","width":350,"height":200,"srcset":"https:\/\/i0.wp.com\/ismaelcolosi.com.br\/wp-content\/uploads\/2024\/01\/postimg-659ff0c389ee73437.jpg?fit=1200%2C628&ssl=1&resize=350%2C200 1x, https:\/\/i0.wp.com\/ismaelcolosi.com.br\/wp-content\/uploads\/2024\/01\/postimg-659ff0c389ee73437.jpg?fit=1200%2C628&ssl=1&resize=525%2C300 1.5x, https:\/\/i0.wp.com\/ismaelcolosi.com.br\/wp-content\/uploads\/2024\/01\/postimg-659ff0c389ee73437.jpg?fit=1200%2C628&ssl=1&resize=700%2C400 2x, https:\/\/i0.wp.com\/ismaelcolosi.com.br\/wp-content\/uploads\/2024\/01\/postimg-659ff0c389ee73437.jpg?fit=1200%2C628&ssl=1&resize=1050%2C600 3x"},"classes":[]}],"jetpack_sharing_enabled":true,"jetpack_shortlink":"https:\/\/wp.me\/pfMlyK-533","_links":{"self":[{"href":"https:\/\/ismaelcolosi.com.br\/index.php\/wp-json\/wp\/v2\/posts\/19409","targetHints":{"allow":["GET"]}}],"collection":[{"href":"https:\/\/ismaelcolosi.com.br\/index.php\/wp-json\/wp\/v2\/posts"}],"about":[{"href":"https:\/\/ismaelcolosi.com.br\/index.php\/wp-json\/wp\/v2\/types\/post"}],"author":[{"embeddable":true,"href":"https:\/\/ismaelcolosi.com.br\/index.php\/wp-json\/wp\/v2\/users\/1"}],"replies":[{"embeddable":true,"href":"https:\/\/ismaelcolosi.com.br\/index.php\/wp-json\/wp\/v2\/comments?post=19409"}],"version-history":[{"count":0,"href":"https:\/\/ismaelcolosi.com.br\/index.php\/wp-json\/wp\/v2\/posts\/19409\/revisions"}],"wp:featuredmedia":[{"embeddable":true,"href":"https:\/\/ismaelcolosi.com.br\/index.php\/wp-json\/wp\/v2\/media\/19410"}],"wp:attachment":[{"href":"https:\/\/ismaelcolosi.com.br\/index.php\/wp-json\/wp\/v2\/media?parent=19409"}],"wp:term":[{"taxonomy":"category","embeddable":true,"href":"https:\/\/ismaelcolosi.com.br\/index.php\/wp-json\/wp\/v2\/categories?post=19409"},{"taxonomy":"post_tag","embeddable":true,"href":"https:\/\/ismaelcolosi.com.br\/index.php\/wp-json\/wp\/v2\/tags?post=19409"}],"curies":[{"name":"wp","href":"https:\/\/api.w.org\/{rel}","templated":true}]}}