{"id":19276,"date":"2023-12-22T03:48:07","date_gmt":"2023-12-22T06:48:07","guid":{"rendered":"https:\/\/ismaelcolosi.com.br\/index.php\/2023\/12\/22\/luto-jovem-cantora-gospel-perde-a-vida-em-acidente-tragico\/"},"modified":"2023-12-22T03:48:07","modified_gmt":"2023-12-22T06:48:07","slug":"luto-jovem-cantora-gospel-perde-a-vida-em-acidente-tragico","status":"publish","type":"post","link":"https:\/\/ismaelcolosi.com.br\/index.php\/2023\/12\/22\/luto-jovem-cantora-gospel-perde-a-vida-em-acidente-tragico\/","title":{"rendered":"Luto: Jovem cantora gospel perde a vida em acidente tr\u00e1gico"},"content":{"rendered":"<p> [ad_1]<br \/>\n<\/p>\n<div itemprop=\"text\">\n<p>Na tarde desta quinta-feira (21), a rodovia BR-101 foi o cen\u00e1rio de uma terr\u00edvel trag\u00e9dia que ceifou a vida de uma jovem e querida cantora gospel.<\/p>\n<p>A jovem Acl\u00e9cia Silva dos Santos, de 18 anos, que al\u00e9m de ser estudante tamb\u00e9m se destacava como cantora gospel, perdeu a vida em um tr\u00e1gico acidente nesta tarde. O acidente ocorreu na altura de Novo Horizonte que fica no distrito do munic\u00edpio de Ibirapitanga, localizado no interior do estado da Bahia e envolveu uma ambul\u00e2ncia da Secretaria Municipal de Sa\u00fade local e uma carreta.<\/p>\n<p>Segundo os primeiros relatos sobre a trag\u00e9dia, Acl\u00e9cia, acompanhada de seus colegas, dirigiu-se ao Col\u00e9gio Estadual Paulo Cesar da Nova Almeida (CEPAN) em Ibirapitanga para obter um certificado. No trajeto de volta ao distrito, ocorreu o acidente que resultou na tr\u00e1gica morte da cantora. Conforme testemunhas locais, a ambul\u00e2ncia transportava outras cinco pessoas, e pelo menos uma delas foi transferida em estado grave para uma unidade de sa\u00fade em Itabuna (BA).<\/p>\n<p>De acordo com um professor da cantora gospel, foi revelado que ela estava programada para participar de uma viagem de despedida com sua turma nesta \u00faltima quarta-feira (20), com destino a cidade de Ilh\u00e9us. Contudo, ela acabou n\u00e3o comparecendo \u00e0 confraterniza\u00e7\u00e3o devido a um compromisso inadi\u00e1vel com a gravadora.<\/p>\n<div class=\"code-block code-block-9\" style=\"margin: 8px auto; text-align: center; display: block; clear: both;\">\n<p><span style=\"font-size: xx-small;\"><b>PUBLICIDADE<\/b><\/span><\/p>\n<div class=\"separator\" style=\"clear: both; text-align: center;\"><a href=\"https:\/\/breeze.bet\/?c=1&amp;utm_source=fbs\" imageanchor=\"1\" style=\"margin-left: 1em; margin-right: 1em;\" target=\"_blank\" rel=\"noopener\"><img data-recalc-dims=\"1\" loading=\"lazy\" decoding=\"async\" border=\"0\" data-original-height=\"250\" data-original-width=\"300\" height=\"250\" src=\"https:\/\/i0.wp.com\/blogger.googleusercontent.com\/img\/b\/R29vZ2xl\/AVvXsEhHMStsQpenim-wcfJXHMndm0o0P6BrbXYcb_zvAoVvLcdQw8AP_XKlfa98ltKcznGeZ-LpsBl2FxLCp8WOYwgFSB3cRFm5w-61F-0aTWm387IgHB-GZMFhX20JbEzho8NVK1flhSUYOat_fFInLDqTMO3djGgM3zf7gMkbu8Ut7Zlm-7-ZYF292G63voBG\/s1600\/at%C3%A9%20X2500.png?resize=300%2C250&#038;ssl=1\" width=\"300\"\/><\/a><\/div>\n<\/div>\n<p><em>\u201cUma perda irrepar\u00e1vel. Uma aluna especial, um ser humano iluminado. Estamos todos consternados\u201d<\/em>, ressaltou o educando.<\/p>\n<blockquote class=\"instagram-media\" style=\"background: #FFF; border: 0; border-radius: 3px; box-shadow: 0 0 1px 0 rgba(0,0,0,0.5),0 1px 10px 0 rgba(0,0,0,0.15); margin: 1px; max-width: 540px; min-width: 326px; padding: 0; width: calc(100% - 2px);\" data-instgrm-captioned=\"\" data-instgrm-permalink=\"https:\/\/www.instagram.com\/reel\/C1IOpVPPXIY\/?utm_source=ig_embed&amp;utm_campaign=loading\" data-instgrm-version=\"14\">\n<p>\u00a0<\/p>\n<p>Ver essa foto no Instagram<\/p>\n<p>\u00a0<\/p>\n<p style=\"color: #c9c8cd; font-family: Arial,sans-serif; font-size: 14px; line-height: 17px; margin-bottom: 0; margin-top: 8px; overflow: hidden; padding: 8px 0 7px; text-align: center; text-overflow: ellipsis; white-space: nowrap;\"><a style=\"color: #c9c8cd; font-family: Arial,sans-serif; font-size: 14px; font-style: normal; font-weight: normal; line-height: 17px; text-decoration: none;\" href=\"https:\/\/www.instagram.com\/reel\/C1IOpVPPXIY\/?utm_source=ig_embed&amp;utm_campaign=loading\" target=\"_blank\" rel=\"noopener\">Uma publica\u00e7\u00e3o compartilhada por Giro Ipia\u00fa (@giroipiau)<\/a><\/p>\n<\/blockquote>\n<p>At\u00e9 o momento, n\u00e3o foram divulgadas informa\u00e7\u00f5es a respeito do local e hor\u00e1rio do vel\u00f3rio e sepultamento, assim como sobre o estado de sa\u00fade das outras pessoas que estavam no ve\u00edculo.<\/p>\n<\/div>\n<p><script async src=\"\/\/www.instagram.com\/embed.js\"><\/script><br \/>\n<br \/>[ad_2]<br \/>\n<br \/><a href=\"https:\/\/fnmais.com\/luto-jovem-cantora-gospel-perde-vida-em-acidente-tragico-video\/\" target=\"_blank\" rel=\"noopener\">Source link <\/a><\/p>\n<div class='code-block code-block-4' style='margin: 8px auto 8px 0; text-align: left; display: block; clear: both;'>\n\ud83d\udce2 Aviso Legal\n\nO site ismaelcolosi.com.br atua apenas como um canal de divulga\u00e7\u00e3o de oportunidades de emprego e n\u00e3o se responsabiliza pelo processo seletivo, contrata\u00e7\u00e3o ou qualquer outra etapa relacionada \u00e0s vagas publicadas. Todas as informa\u00e7\u00f5es s\u00e3o de responsabilidade dos anunciantes.\n\n\u26a0\ufe0f Aten\u00e7\u00e3o! Nunca pague por promessas de emprego nem compre cursos que garantam contrata\u00e7\u00e3o. Desconfie de qualquer cobran\u00e7a para participar de sele\u00e7\u00f5es.\n\n\n\n<\/div>\n<!-- CONTENT END 1 -->\n","protected":false},"excerpt":{"rendered":"<p>[ad_1] Na tarde desta quinta-feira (21), a rodovia BR-101 foi o cen\u00e1rio de uma terr\u00edvel trag\u00e9dia que ceifou a vida de uma jovem e querida cantora gospel. A jovem Acl\u00e9cia Silva dos Santos, de 18 anos, que al\u00e9m de ser estudante tamb\u00e9m se destacava como cantora gospel, perdeu a vida em um tr\u00e1gico acidente nesta&hellip;&nbsp;<\/p>\n","protected":false},"author":1,"featured_media":19277,"comment_status":"open","ping_status":"open","sticky":false,"template":"","format":"standard","meta":{"_uag_custom_page_level_css":"","neve_meta_sidebar":"","neve_meta_container":"","neve_meta_enable_content_width":"","neve_meta_content_width":0,"neve_meta_title_alignment":"","neve_meta_author_avatar":"","neve_post_elements_order":"","neve_meta_disable_header":"","neve_meta_disable_footer":"","neve_meta_disable_title":"","_jetpack_newsletter_access":"","_jetpack_dont_email_post_to_subs":false,"_jetpack_newsletter_tier_id":0,"_jetpack_memberships_contains_paywalled_content":false,"_jetpack_memberships_contains_paid_content":false,"footnotes":""},"categories":[1],"tags":[],"class_list":["post-19276","post","type-post","status-publish","format-standard","has-post-thumbnail","hentry","category-blog"],"uagb_featured_image_src":{"full":["https:\/\/i0.wp.com\/ismaelcolosi.com.br\/wp-content\/uploads\/2023\/12\/postimg-658515459864a2790.jpg?fit=1200%2C628&ssl=1",1200,628,false],"thumbnail":["https:\/\/i0.wp.com\/ismaelcolosi.com.br\/wp-content\/uploads\/2023\/12\/postimg-658515459864a2790.jpg?resize=150%2C150&ssl=1",150,150,true],"medium":["https:\/\/i0.wp.com\/ismaelcolosi.com.br\/wp-content\/uploads\/2023\/12\/postimg-658515459864a2790.jpg?fit=300%2C157&ssl=1",300,157,true],"medium_large":["https:\/\/i0.wp.com\/ismaelcolosi.com.br\/wp-content\/uploads\/2023\/12\/postimg-658515459864a2790.jpg?fit=768%2C402&ssl=1",768,402,true],"large":["https:\/\/i0.wp.com\/ismaelcolosi.com.br\/wp-content\/uploads\/2023\/12\/postimg-658515459864a2790.jpg?fit=1024%2C536&ssl=1",1024,536,true],"1536x1536":["https:\/\/i0.wp.com\/ismaelcolosi.com.br\/wp-content\/uploads\/2023\/12\/postimg-658515459864a2790.jpg?fit=1200%2C628&ssl=1",1200,628,true],"2048x2048":["https:\/\/i0.wp.com\/ismaelcolosi.com.br\/wp-content\/uploads\/2023\/12\/postimg-658515459864a2790.jpg?fit=1200%2C628&ssl=1",1200,628,true],"neve-blog":["https:\/\/i0.wp.com\/ismaelcolosi.com.br\/wp-content\/uploads\/2023\/12\/postimg-658515459864a2790.jpg?resize=930%2C620&ssl=1",930,620,true]},"uagb_author_info":{"display_name":"ismaelcolosi.com.br","author_link":"https:\/\/ismaelcolosi.com.br\/author\/vidareal-online\/"},"uagb_comment_info":0,"uagb_excerpt":"[ad_1] Na tarde desta quinta-feira (21), a rodovia BR-101 foi o cen\u00e1rio de uma terr\u00edvel trag\u00e9dia que ceifou a vida de uma jovem e querida cantora gospel. A jovem Acl\u00e9cia Silva dos Santos, de 18 anos, que al\u00e9m de ser estudante tamb\u00e9m se destacava como cantora gospel, perdeu a vida em um tr\u00e1gico acidente nesta&hellip;&nbsp;","jetpack-related-posts":[{"id":24296,"url":"https:\/\/ismaelcolosi.com.br\/index.php\/2024\/01\/04\/marido-de-cantora-gospel-perde-a-vida-de-forma-tragica-dias-apos-sair-ileso-acidente-que-deixou-carro-completamente-destruido\/","url_meta":{"origin":19276,"position":0},"title":"Marido de cantora gospel perde a vida de forma tr\u00e1gica dias ap\u00f3s sair ileso acidente que deixou carro completamente destru\u00eddo","author":"ismaelcolosi.com.br","date":"4 de Janeiro de 2024","format":false,"excerpt":"[ad_1] Ricardo Henrique, esposo da cantora gospel Sulamita Alves, faleceu nesta quarta-feira (3). A confirma\u00e7\u00e3o veio por meio da assessoria da artista em suas redes sociais. Ele teria perdido a vida em um incidente de afogamento. A nota de pesar declara:\u201cViemos por meio desta publica\u00e7\u00e3o informar o esposo da nossa\u2026","rel":"","context":"In &quot;Blog&quot;","block_context":{"text":"Blog","link":"https:\/\/ismaelcolosi.com.br\/index.php\/category\/blog\/"},"img":{"alt_text":"","src":"https:\/\/i0.wp.com\/ismaelcolosi.com.br\/wp-content\/uploads\/2024\/01\/postimg-6596245031bdc9405.jpg?fit=1200%2C628&ssl=1&resize=350%2C200","width":350,"height":200,"srcset":"https:\/\/i0.wp.com\/ismaelcolosi.com.br\/wp-content\/uploads\/2024\/01\/postimg-6596245031bdc9405.jpg?fit=1200%2C628&ssl=1&resize=350%2C200 1x, https:\/\/i0.wp.com\/ismaelcolosi.com.br\/wp-content\/uploads\/2024\/01\/postimg-6596245031bdc9405.jpg?fit=1200%2C628&ssl=1&resize=525%2C300 1.5x, https:\/\/i0.wp.com\/ismaelcolosi.com.br\/wp-content\/uploads\/2024\/01\/postimg-6596245031bdc9405.jpg?fit=1200%2C628&ssl=1&resize=700%2C400 2x, https:\/\/i0.wp.com\/ismaelcolosi.com.br\/wp-content\/uploads\/2024\/01\/postimg-6596245031bdc9405.jpg?fit=1200%2C628&ssl=1&resize=1050%2C600 3x"},"classes":[]},{"id":31095,"url":"https:\/\/ismaelcolosi.com.br\/index.php\/2024\/01\/21\/quem-e-o-jovem-que-perdeu-a-vida-de-forma-tragica-na-br-280\/","url_meta":{"origin":19276,"position":1},"title":"Quem \u00e9 o jovem que perdeu a vida de forma tr\u00e1gica na BR-280","author":"ismaelcolosi.com.br","date":"21 de Janeiro de 2024","format":false,"excerpt":"[ad_1] Na madrugada da \u00faltima sexta-feira (19), um grave acidente que teve como cen\u00e1rio a rodovia BR-280, provocou uma trag\u00e9dia que certamente deixou uma fam\u00edlia enlutada diante da perda de um ente querido de maneira precoce e violenta.Um indiv\u00edduo de 26 anos, cujo nome \u00e9 Dautiele Gon\u00e7alves da Silva, perdeu\u2026","rel":"","context":"In &quot;Blog&quot;","block_context":{"text":"Blog","link":"https:\/\/ismaelcolosi.com.br\/index.php\/category\/blog\/"},"img":{"alt_text":"","src":"https:\/\/i0.wp.com\/ismaelcolosi.com.br\/wp-content\/uploads\/2024\/01\/postimg-65ac98039169f8779.jpg?fit=1200%2C628&ssl=1&resize=350%2C200","width":350,"height":200,"srcset":"https:\/\/i0.wp.com\/ismaelcolosi.com.br\/wp-content\/uploads\/2024\/01\/postimg-65ac98039169f8779.jpg?fit=1200%2C628&ssl=1&resize=350%2C200 1x, https:\/\/i0.wp.com\/ismaelcolosi.com.br\/wp-content\/uploads\/2024\/01\/postimg-65ac98039169f8779.jpg?fit=1200%2C628&ssl=1&resize=525%2C300 1.5x, https:\/\/i0.wp.com\/ismaelcolosi.com.br\/wp-content\/uploads\/2024\/01\/postimg-65ac98039169f8779.jpg?fit=1200%2C628&ssl=1&resize=700%2C400 2x, https:\/\/i0.wp.com\/ismaelcolosi.com.br\/wp-content\/uploads\/2024\/01\/postimg-65ac98039169f8779.jpg?fit=1200%2C628&ssl=1&resize=1050%2C600 3x"},"classes":[]},{"id":20181,"url":"https:\/\/ismaelcolosi.com.br\/index.php\/2023\/12\/24\/cinco-pessoas-perderam-suas-vidas-ao-se-envolver-em-tragico-acidente-com-viatura-na-br-010\/","url_meta":{"origin":19276,"position":2},"title":"Cinco pessoas perderam suas vidas ao se envolver em tr\u00e1gico acidente com viatura na BR-010","author":"ismaelcolosi.com.br","date":"24 de Dezembro de 2023","format":false,"excerpt":"[ad_1] Na tarde deste \u00faltimo s\u00e1bado, dia 23 de dezembro, na rodovia BR-010, conhecida como Bel\u00e9m-Bras\u00edlia, nas proximidades da cidade de Aurora do Par\u00e1, no nordeste paraentese, uma trag\u00e9dia aconteceu.Uma viatura da Pol\u00edcia Militar colidiu contra um ve\u00edculo de passeio, o que resultou na morte de cinco pessoas, incluindo dois\u2026","rel":"","context":"In &quot;Blog&quot;","block_context":{"text":"Blog","link":"https:\/\/ismaelcolosi.com.br\/index.php\/category\/blog\/"},"img":{"alt_text":"","src":"https:\/\/i0.wp.com\/ismaelcolosi.com.br\/wp-content\/uploads\/2023\/12\/postimg-65885ea1cf71b4419.jpg?fit=1200%2C628&ssl=1&resize=350%2C200","width":350,"height":200,"srcset":"https:\/\/i0.wp.com\/ismaelcolosi.com.br\/wp-content\/uploads\/2023\/12\/postimg-65885ea1cf71b4419.jpg?fit=1200%2C628&ssl=1&resize=350%2C200 1x, https:\/\/i0.wp.com\/ismaelcolosi.com.br\/wp-content\/uploads\/2023\/12\/postimg-65885ea1cf71b4419.jpg?fit=1200%2C628&ssl=1&resize=525%2C300 1.5x, https:\/\/i0.wp.com\/ismaelcolosi.com.br\/wp-content\/uploads\/2023\/12\/postimg-65885ea1cf71b4419.jpg?fit=1200%2C628&ssl=1&resize=700%2C400 2x, https:\/\/i0.wp.com\/ismaelcolosi.com.br\/wp-content\/uploads\/2023\/12\/postimg-65885ea1cf71b4419.jpg?fit=1200%2C628&ssl=1&resize=1050%2C600 3x"},"classes":[]},{"id":16140,"url":"https:\/\/ismaelcolosi.com.br\/index.php\/2023\/12\/15\/aos-prantos-missionaria-expoe-como-foram-os-ultimos-minutos-de-vida-do-cantor-pedro-henrique-que-faleceu-em-cima-do-palco-videos-viralizam\/","url_meta":{"origin":19276,"position":3},"title":"Aos prantos, mission\u00e1ria exp\u00f5e como foram os \u00faltimos minutos de vida do cantor Pedro Henrique que faleceu em cima do palco \u2013 V\u00eddeos viralizam","author":"ismaelcolosi.com.br","date":"15 de Dezembro de 2023","format":false,"excerpt":"[ad_1] O tr\u00e1gico incidente que resultou na morte do cantor gospel Pedro Henrique aconteceu diante de uma plateia numerosa em um culto evang\u00e9lico, na cidade de Feira de Santana, localizada no interior do estado da Bahia na noite da \u00faltima quarta-feira (13).Entre as pessoas que testemunharam o ocorrido estava a\u2026","rel":"","context":"In &quot;Blog&quot;","block_context":{"text":"Blog","link":"https:\/\/ismaelcolosi.com.br\/index.php\/category\/blog\/"},"img":{"alt_text":"","src":"https:\/\/i0.wp.com\/ismaelcolosi.com.br\/wp-content\/uploads\/2023\/12\/postimg-657bce98228a39722.jpg?fit=1200%2C628&ssl=1&resize=350%2C200","width":350,"height":200,"srcset":"https:\/\/i0.wp.com\/ismaelcolosi.com.br\/wp-content\/uploads\/2023\/12\/postimg-657bce98228a39722.jpg?fit=1200%2C628&ssl=1&resize=350%2C200 1x, https:\/\/i0.wp.com\/ismaelcolosi.com.br\/wp-content\/uploads\/2023\/12\/postimg-657bce98228a39722.jpg?fit=1200%2C628&ssl=1&resize=525%2C300 1.5x, https:\/\/i0.wp.com\/ismaelcolosi.com.br\/wp-content\/uploads\/2023\/12\/postimg-657bce98228a39722.jpg?fit=1200%2C628&ssl=1&resize=700%2C400 2x, https:\/\/i0.wp.com\/ismaelcolosi.com.br\/wp-content\/uploads\/2023\/12\/postimg-657bce98228a39722.jpg?fit=1200%2C628&ssl=1&resize=1050%2C600 3x"},"classes":[]},{"id":25169,"url":"https:\/\/ismaelcolosi.com.br\/index.php\/2024\/01\/06\/tragedia-quem-e-o-ator-de-indiana-jones-que-perdeu-a-vida-lado-das-duas-filhas-apos-acidente-tragico\/","url_meta":{"origin":19276,"position":4},"title":"Trag\u00e9dia! Quem \u00e9 o ator de Indiana Jones que perdeu a vida lado das duas filhas ap\u00f3s acidente tr\u00e1gico","author":"ismaelcolosi.com.br","date":"6 de Janeiro de 2024","format":false,"excerpt":"[ad_1] O cinema est\u00e1 de luto por causa da morte de um querido ator e de suas filhas em um tr\u00e1gico acidente a\u00e9reo.Aos 51 anos, o ator Christian Oliver faleceu em um tr\u00e1gico acidente a\u00e9reo. Ele estava a bordo de um jato particular acompanhado de suas duas filhas, Madita, de\u2026","rel":"","context":"In &quot;Blog&quot;","block_context":{"text":"Blog","link":"https:\/\/ismaelcolosi.com.br\/index.php\/category\/blog\/"},"img":{"alt_text":"","src":"https:\/\/i0.wp.com\/ismaelcolosi.com.br\/wp-content\/uploads\/2024\/01\/postimg-6598d9973b87d4080.jpg?fit=1200%2C628&ssl=1&resize=350%2C200","width":350,"height":200,"srcset":"https:\/\/i0.wp.com\/ismaelcolosi.com.br\/wp-content\/uploads\/2024\/01\/postimg-6598d9973b87d4080.jpg?fit=1200%2C628&ssl=1&resize=350%2C200 1x, https:\/\/i0.wp.com\/ismaelcolosi.com.br\/wp-content\/uploads\/2024\/01\/postimg-6598d9973b87d4080.jpg?fit=1200%2C628&ssl=1&resize=525%2C300 1.5x, https:\/\/i0.wp.com\/ismaelcolosi.com.br\/wp-content\/uploads\/2024\/01\/postimg-6598d9973b87d4080.jpg?fit=1200%2C628&ssl=1&resize=700%2C400 2x, https:\/\/i0.wp.com\/ismaelcolosi.com.br\/wp-content\/uploads\/2024\/01\/postimg-6598d9973b87d4080.jpg?fit=1200%2C628&ssl=1&resize=1050%2C600 3x"},"classes":[]},{"id":10971,"url":"https:\/\/ismaelcolosi.com.br\/index.php\/2023\/12\/05\/iremos-lembrar-sempre-do-seu-sorriso-video-do-acidente\/","url_meta":{"origin":19276,"position":5},"title":"&#8220;Iremos lembrar sempre do seu sorriso&#8221;; v\u00eddeo do acidente","author":"ismaelcolosi.com.br","date":"5 de Dezembro de 2023","format":false,"excerpt":"[ad_1] Uma mulher perdeu sua vida ap\u00f3s se envolver em um tr\u00e1gico acidente de tr\u00e2nsito na regi\u00e3o de Recife, em Pernambuco. Al\u00e9m dela, um homem tamb\u00e9m n\u00e3o resistiu, devido a gravidade de toda a situa\u00e7\u00e3o.A v\u00edtima foi identificada pelo nome de Emily Matias, de 25 anos de idade. Ela era\u2026","rel":"","context":"In &quot;Blog&quot;","block_context":{"text":"Blog","link":"https:\/\/ismaelcolosi.com.br\/index.php\/category\/blog\/"},"img":{"alt_text":"","src":"https:\/\/i0.wp.com\/ismaelcolosi.com.br\/wp-content\/uploads\/2023\/12\/postimg-656f36ec9f1603811.jpg?fit=1200%2C628&ssl=1&resize=350%2C200","width":350,"height":200,"srcset":"https:\/\/i0.wp.com\/ismaelcolosi.com.br\/wp-content\/uploads\/2023\/12\/postimg-656f36ec9f1603811.jpg?fit=1200%2C628&ssl=1&resize=350%2C200 1x, https:\/\/i0.wp.com\/ismaelcolosi.com.br\/wp-content\/uploads\/2023\/12\/postimg-656f36ec9f1603811.jpg?fit=1200%2C628&ssl=1&resize=525%2C300 1.5x, https:\/\/i0.wp.com\/ismaelcolosi.com.br\/wp-content\/uploads\/2023\/12\/postimg-656f36ec9f1603811.jpg?fit=1200%2C628&ssl=1&resize=700%2C400 2x, https:\/\/i0.wp.com\/ismaelcolosi.com.br\/wp-content\/uploads\/2023\/12\/postimg-656f36ec9f1603811.jpg?fit=1200%2C628&ssl=1&resize=1050%2C600 3x"},"classes":[]}],"jetpack_sharing_enabled":true,"jetpack_shortlink":"https:\/\/wp.me\/pfMlyK-50U","jetpack_featured_media_url":"https:\/\/i0.wp.com\/ismaelcolosi.com.br\/wp-content\/uploads\/2023\/12\/postimg-658515459864a2790.jpg?fit=1200%2C628&ssl=1","_links":{"self":[{"href":"https:\/\/ismaelcolosi.com.br\/index.php\/wp-json\/wp\/v2\/posts\/19276","targetHints":{"allow":["GET"]}}],"collection":[{"href":"https:\/\/ismaelcolosi.com.br\/index.php\/wp-json\/wp\/v2\/posts"}],"about":[{"href":"https:\/\/ismaelcolosi.com.br\/index.php\/wp-json\/wp\/v2\/types\/post"}],"author":[{"embeddable":true,"href":"https:\/\/ismaelcolosi.com.br\/index.php\/wp-json\/wp\/v2\/users\/1"}],"replies":[{"embeddable":true,"href":"https:\/\/ismaelcolosi.com.br\/index.php\/wp-json\/wp\/v2\/comments?post=19276"}],"version-history":[{"count":0,"href":"https:\/\/ismaelcolosi.com.br\/index.php\/wp-json\/wp\/v2\/posts\/19276\/revisions"}],"wp:featuredmedia":[{"embeddable":true,"href":"https:\/\/ismaelcolosi.com.br\/index.php\/wp-json\/wp\/v2\/media\/19277"}],"wp:attachment":[{"href":"https:\/\/ismaelcolosi.com.br\/index.php\/wp-json\/wp\/v2\/media?parent=19276"}],"wp:term":[{"taxonomy":"category","embeddable":true,"href":"https:\/\/ismaelcolosi.com.br\/index.php\/wp-json\/wp\/v2\/categories?post=19276"},{"taxonomy":"post_tag","embeddable":true,"href":"https:\/\/ismaelcolosi.com.br\/index.php\/wp-json\/wp\/v2\/tags?post=19276"}],"curies":[{"name":"wp","href":"https:\/\/api.w.org\/{rel}","templated":true}]}}