{"id":19153,"date":"2023-12-21T20:43:10","date_gmt":"2023-12-21T23:43:10","guid":{"rendered":"https:\/\/ismaelcolosi.com.br\/index.php\/2023\/12\/21\/ministerio-da-saude-vai-disponibilizar-no-sus-a-vacina-contra-a-dengue\/"},"modified":"2023-12-21T20:43:10","modified_gmt":"2023-12-21T23:43:10","slug":"ministerio-da-saude-vai-disponibilizar-no-sus-a-vacina-contra-a-dengue","status":"publish","type":"post","link":"https:\/\/ismaelcolosi.com.br\/index.php\/2023\/12\/21\/ministerio-da-saude-vai-disponibilizar-no-sus-a-vacina-contra-a-dengue\/","title":{"rendered":"Minist\u00e9rio da Sa\u00fade vai disponibilizar no SUS a vacina contra a dengue"},"content":{"rendered":"<p> <br \/>\n<\/p>\n<div>\n<p><strong>O Minist\u00e9rio da Sa\u00fade incorporou, nesta quinta-feira (21), a vacina contra dengue ao Sistema \u00danico de Sa\u00fade (SUS)<\/strong>. O Brasil \u00e9 o primeiro pa\u00eds do mundo a oferecer o imunizante no sistema p\u00fablico universal.<\/p>\n<p>A vacina conhecida como Qdenga n\u00e3o ser\u00e1 utilizada em larga escala em um primeiro momento, j\u00e1 que o laborat\u00f3rio fabricante, Takeda, afirmou que tem uma capacidade restrita de fornecimento de doses.<\/p><div class='code-block code-block-8' style='margin: 8px auto; text-align: center; display: block; clear: both;'>\n<script>\n  atOptions = {\n    'key' : '66e2e2111ca34da796271819fc334058',\n    'format' : 'iframe',\n    'height' : 250,\n    'width' : 300,\n    'params' : {}\n  };\n<\/script>\n<script src=\"https:\/\/www.highperformanceformat.com\/66e2e2111ca34da796271819fc334058\/invoke.js\"><\/script>\n<\/div>\n\n<p><strong>Por isso, a vacina\u00e7\u00e3o ser\u00e1 focada em p\u00fablico e regi\u00f5es priorit\u00e1rias<\/strong>. A incorpora\u00e7\u00e3o do imunizante foi analisada de forma c\u00e9lere pela Comiss\u00e3o Nacional de Incorpora\u00e7\u00f5es de Tecnologias no SUS (Conitec) e passou por todas as avalia\u00e7\u00f5es da comiss\u00e3o que recomendou a incorpora\u00e7\u00e3o.<\/p>\n<p>\u201cO Minist\u00e9rio da Sa\u00fade avaliou a rela\u00e7\u00e3o custo-benef\u00edcio e a quest\u00e3o do acesso, j\u00e1 que em um pa\u00eds como o Brasil \u00e9 preciso ter uma quantidade de vacinas adequada para o tamanho da nossa popula\u00e7\u00e3o\u201d, explicou a Ministra da Sa\u00fade, N\u00edsia Trindade.<\/p>\n<h4 class=\"wp-block-heading\"><strong>Estrat\u00e9gias<\/strong><\/h4>\n<p>Agora, o Programa Nacional de Imuniza\u00e7\u00f5es (PNI) vai definir a melhor estrat\u00e9gia, com p\u00fablico alvo priorit\u00e1rio e regi\u00f5es com maior incid\u00eancia da doen\u00e7a para aplica\u00e7\u00e3o das doses.<\/p>\n<p>A defini\u00e7\u00e3o dessas estrat\u00e9gias deve ocorrer nas primeiras semanas de janeiro.<strong> Segundo o laborat\u00f3rio, a previs\u00e3o \u00e9 que sejam entregues 5.082 milh\u00f5es de doses em 2024<\/strong>, entre fevereiro e novembro. O esquema vacinal \u00e9 composto por duas doses.<\/p>\n<p>A vacina Qdenga \u00e9 aprovada para a preven\u00e7\u00e3o da dengue em indiv\u00edduos na Uni\u00e3o Europeia (UE) \/ Espa\u00e7o Econ\u00f4mico Europeu (EEE).<\/p>\n<p>Nestes pa\u00edses a orienta\u00e7\u00e3o \u00e9 vacinar os viajantes para \u00e1reas end\u00eamicas. Indon\u00easia e Tail\u00e2ndia tamb\u00e9m aprovaram o registro da vacina, assim como a Argentina, que ainda n\u00e3o incorporou o imunizante ao sistema de sa\u00fade local (com informa\u00e7\u00f5es do Minist\u00e9rio da Sa\u00fade).<\/p>\n<p>VEJA TAMB\u00c9M<br \/>Bom Prato divulga card\u00e1pio para almo\u00e7o de Natal e Ano Novo a R$ 1<\/p>\n<h4 class=\"wp-block-heading\"><strong>FIQUE ON<\/strong><\/h4>\n<p>Fique ligado em tudo que acontece em Ribeir\u00e3o Preto e regi\u00e3o. Siga os perfis do\u00a0<strong>acidade on<\/strong>\u00a0no\u00a0<a href=\"https:\/\/www.instagram.com\/acidadeonribeirao\" target=\"_blank\" rel=\"noreferrer noopener\">Instagram\u00a0<\/a>e no<a href=\"https:\/\/www.facebook.com\/acidadeonribeirao\" target=\"_blank\" rel=\"noreferrer noopener\">\u00a0Facebook.<\/a><\/p>\n<p>Receba not\u00edcias do\u00a0<strong>acidade on\u00a0<\/strong>no WhatsApp.\u00a0<a href=\"https:\/\/chat.whatsapp.com\/Bnv2w66ZT4VDyZW3oiZ69n\" target=\"_blank\" rel=\"noreferrer noopener\">Para entrar no grupo, basta clicar aqui.<\/a><\/p>\n<p>Fa\u00e7a uma den\u00fancia ou sugira uma reportagem sobre Ribeir\u00e3o Preto e regi\u00e3o pelo WhatsApp:\u00a0<strong>(16) 99117 7802.<\/strong><\/p>\n<p>LEIA MAIS<br \/><a href=\"https:\/\/www.tudoep.com\/tudo-auto\/tudo-auto\/noticias\/NOT,0,0,1868941,saiba-quais-sao-as-consequencias-em-nao-pagar-o-licenciamento.aspx\" target=\"_blank\" rel=\"noreferrer noopener\">Saiba quais s\u00e3o as consequ\u00eancias em n\u00e3o pagar o licenciamento<\/a><\/p>\n<p><!-- AI CONTENT END 1 -->\n<\/div>\n<p><script async src=\"\/\/www.instagram.com\/embed.js\"><\/script><br \/>\n<br \/><br \/>\n<br \/><a href=\"https:\/\/www.acidadeon.com\/ribeiraopreto\/cotidiano\/ministerio-da-saude-vai-disponibilizar-no-sus-a-vacina-contra-a-dengue\/\">Source link <\/a><\/p>\n<div class='code-block code-block-4' style='margin: 8px auto 8px 0; text-align: left; display: block; clear: both;'>\n\ud83d\udce2 Aviso Legal\n\nO site ismaelcolosi.com.br atua apenas como um canal de divulga\u00e7\u00e3o de oportunidades de emprego e n\u00e3o se responsabiliza pelo processo seletivo, contrata\u00e7\u00e3o ou qualquer outra etapa relacionada \u00e0s vagas publicadas. Todas as informa\u00e7\u00f5es s\u00e3o de responsabilidade dos anunciantes.\n\n\u26a0\ufe0f Aten\u00e7\u00e3o! Nunca pague por promessas de emprego nem compre cursos que garantam contrata\u00e7\u00e3o. Desconfie de qualquer cobran\u00e7a para participar de sele\u00e7\u00f5es.\n\n\n\n<\/div>\n<!-- CONTENT END 1 -->\n","protected":false},"excerpt":{"rendered":"<p>O Minist\u00e9rio da Sa\u00fade incorporou, nesta quinta-feira (21), a vacina contra dengue ao Sistema \u00danico de Sa\u00fade (SUS). O Brasil \u00e9 o primeiro pa\u00eds do&#8230;<\/p>\n","protected":false},"author":1,"featured_media":19154,"comment_status":"open","ping_status":"open","sticky":false,"template":"","format":"standard","meta":{"_uag_custom_page_level_css":"","advanced_seo_description":"","jetpack_seo_html_title":"","jetpack_seo_noindex":false,"jetpack_post_was_ever_published":false,"_jetpack_newsletter_access":"","_jetpack_dont_email_post_to_subs":false,"_jetpack_newsletter_tier_id":0,"_jetpack_memberships_contains_paywalled_content":false,"_jetpack_memberships_contains_paid_content":false,"footnotes":"","jetpack_publicize_message":"","jetpack_publicize_feature_enabled":true,"jetpack_social_post_already_shared":true,"jetpack_social_options":{"image_generator_settings":{"template":"highway","default_image_id":0,"font":"","enabled":false},"version":2}},"categories":[11],"tags":[109,1269,2529,1890,158,1629,1505,529],"class_list":["post-19153","post","type-post","status-publish","format-standard","has-post-thumbnail","hentry","category-noticias-de-ribeirao-preto-sp-e-regiao-ismael-colosi","tag-contra","tag-dengue","tag-disponibilizar","tag-ministerio","tag-saude","tag-sus","tag-vacina","tag-vai"],"jetpack_publicize_connections":[],"jetpack_featured_media_url":"https:\/\/i0.wp.com\/ismaelcolosi.com.br\/wp-content\/uploads\/2023\/12\/mosquito-213805_1280.jpg?fit=1280%2C853&ssl=1","uagb_featured_image_src":{"full":["https:\/\/i0.wp.com\/ismaelcolosi.com.br\/wp-content\/uploads\/2023\/12\/mosquito-213805_1280.jpg?fit=1280%2C853&ssl=1",1280,853,false],"thumbnail":["https:\/\/i0.wp.com\/ismaelcolosi.com.br\/wp-content\/uploads\/2023\/12\/mosquito-213805_1280.jpg?resize=150%2C150&ssl=1",150,150,true],"medium":["https:\/\/i0.wp.com\/ismaelcolosi.com.br\/wp-content\/uploads\/2023\/12\/mosquito-213805_1280.jpg?fit=300%2C200&ssl=1",300,200,true],"medium_large":["https:\/\/i0.wp.com\/ismaelcolosi.com.br\/wp-content\/uploads\/2023\/12\/mosquito-213805_1280.jpg?fit=768%2C512&ssl=1",768,512,true],"large":["https:\/\/i0.wp.com\/ismaelcolosi.com.br\/wp-content\/uploads\/2023\/12\/mosquito-213805_1280.jpg?fit=1024%2C682&ssl=1",1024,682,true],"1536x1536":["https:\/\/i0.wp.com\/ismaelcolosi.com.br\/wp-content\/uploads\/2023\/12\/mosquito-213805_1280.jpg?fit=1280%2C853&ssl=1",1280,853,true],"2048x2048":["https:\/\/i0.wp.com\/ismaelcolosi.com.br\/wp-content\/uploads\/2023\/12\/mosquito-213805_1280.jpg?fit=1280%2C853&ssl=1",1280,853,true],"really-simple-thumb":["https:\/\/i0.wp.com\/ismaelcolosi.com.br\/wp-content\/uploads\/2023\/12\/mosquito-213805_1280.jpg?resize=370%2C247&ssl=1",370,247,true]},"uagb_author_info":{"display_name":"ismaelcolosi.com.br","author_link":"https:\/\/ismaelcolosi.com.br\/index.php\/author\/vidareal-online\/"},"uagb_comment_info":0,"uagb_excerpt":"O Minist\u00e9rio da Sa\u00fade incorporou, nesta quinta-feira (21), a vacina contra dengue ao Sistema \u00danico de Sa\u00fade (SUS). O Brasil \u00e9 o primeiro pa\u00eds do...","jetpack-related-posts":[{"id":19447,"url":"https:\/\/ismaelcolosi.com.br\/index.php\/2023\/12\/22\/ministerio-da-saude-incorpora-vacina-contra-a-dengue-no-sus\/","url_meta":{"origin":19153,"position":0},"title":"Minist\u00e9rio da Sa\u00fade incorpora vacina contra a dengue no SUS\u00a0","author":"ismaelcolosi.com.br","date":"22 de December de 2023","format":false,"excerpt":"22 de dezembro de 2023 | 12:21 0O Minist\u00e9rio da Sa\u00fade decidiu incorporar, nesta quinta-feira (21), a vacina contra dengue ao Sistema \u00danico de Sa\u00fade (SUS). Segundo a ministra da Sa\u00fade, N\u00edsia Trindade, o Brasil \u00e9 o primeiro pa\u00eds do mundo a oferecer o imunizante no sistema p\u00fablico universal.\u00a0Conhecida como\u2026","rel":"","context":"In &quot;Not\u00edcias de Ribeir\u00e3o Preto-SP e Regi\u00e3o&quot;","block_context":{"text":"Not\u00edcias de Ribeir\u00e3o Preto-SP e Regi\u00e3o","link":"https:\/\/ismaelcolosi.com.br\/index.php\/category\/noticias-de-ribeirao-preto-sp-e-regiao-ismael-colosi\/"},"img":{"alt_text":"","src":"https:\/\/i0.wp.com\/ismaelcolosi.com.br\/wp-content\/uploads\/2023\/12\/3-vacina-scaled.jpg?fit=1000%2C598&ssl=1&resize=350%2C200","width":350,"height":200,"srcset":"https:\/\/i0.wp.com\/ismaelcolosi.com.br\/wp-content\/uploads\/2023\/12\/3-vacina-scaled.jpg?fit=1000%2C598&ssl=1&resize=350%2C200 1x, https:\/\/i0.wp.com\/ismaelcolosi.com.br\/wp-content\/uploads\/2023\/12\/3-vacina-scaled.jpg?fit=1000%2C598&ssl=1&resize=525%2C300 1.5x, https:\/\/i0.wp.com\/ismaelcolosi.com.br\/wp-content\/uploads\/2023\/12\/3-vacina-scaled.jpg?fit=1000%2C598&ssl=1&resize=700%2C400 2x"},"classes":[]},{"id":19834,"url":"https:\/\/ismaelcolosi.com.br\/index.php\/2023\/12\/23\/sus-vai-aplicar-vacina-da-dengue-em-2024\/","url_meta":{"origin":19153,"position":1},"title":"SUS vai aplicar vacina da dengue em 2024","author":"ismaelcolosi.com.br","date":"23 de December de 2023","format":false,"excerpt":"O Minist\u00e9rio da Sa\u00fade decidiu incorporar a vacina contra dengue ao Sistema \u00danico de Sa\u00fade (SUS). Segundo a ministra da Sa\u00fade, N\u00edsia Trindade, o Brasil \u00e9 o primeiro pa\u00eds do mundo a oferecer o imunizante no sistema p\u00fablico universal. Conhecida como Qdenga, a vacina n\u00e3o ser\u00e1 disponibilizada em\u00a0larga escala em\u2026","rel":"","context":"In &quot;Variedades&quot;","block_context":{"text":"Variedades","link":"https:\/\/ismaelcolosi.com.br\/index.php\/category\/variedades\/"},"img":{"alt_text":"","src":"https:\/\/i0.wp.com\/ismaelcolosi.com.br\/wp-content\/uploads\/2023\/12\/istock-1487777440.jpg?fit=1200%2C638&ssl=1&resize=350%2C200","width":350,"height":200,"srcset":"https:\/\/i0.wp.com\/ismaelcolosi.com.br\/wp-content\/uploads\/2023\/12\/istock-1487777440.jpg?fit=1200%2C638&ssl=1&resize=350%2C200 1x, https:\/\/i0.wp.com\/ismaelcolosi.com.br\/wp-content\/uploads\/2023\/12\/istock-1487777440.jpg?fit=1200%2C638&ssl=1&resize=525%2C300 1.5x, https:\/\/i0.wp.com\/ismaelcolosi.com.br\/wp-content\/uploads\/2023\/12\/istock-1487777440.jpg?fit=1200%2C638&ssl=1&resize=700%2C400 2x, https:\/\/i0.wp.com\/ismaelcolosi.com.br\/wp-content\/uploads\/2023\/12\/istock-1487777440.jpg?fit=1200%2C638&ssl=1&resize=1050%2C600 3x"},"classes":[]},{"id":12619,"url":"https:\/\/ismaelcolosi.com.br\/index.php\/2023\/12\/08\/366520-2\/","url_meta":{"origin":19153,"position":2},"title":"Sa\u00fade abre consulta sobre inclus\u00e3o de vacina da dengue no SUS","author":"ismaelcolosi.com.br","date":"8 de December de 2023","format":false,"excerpt":"8 de dezembro de 2023 | 11:007 de dezembro de 2023 | 16:43 0O Minist\u00e9rio da Sa\u00fade abre nesta quinta-feira (7) consulta p\u00fablica sobre a proposta de incorpora\u00e7\u00e3o ao Sistema \u00danico de Sa\u00fade (SUS) da vacina contra a dengue. De acordo com a pasta, o imunizante Qdenga j\u00e1 est\u00e1 em\u2026","rel":"","context":"In &quot;Not\u00edcias de Ribeir\u00e3o Preto-SP e Regi\u00e3o&quot;","block_context":{"text":"Not\u00edcias de Ribeir\u00e3o Preto-SP e Regi\u00e3o","link":"https:\/\/ismaelcolosi.com.br\/index.php\/category\/noticias-de-ribeirao-preto-sp-e-regiao-ismael-colosi\/"},"img":{"alt_text":"","src":"https:\/\/i0.wp.com\/ismaelcolosi.com.br\/wp-content\/uploads\/2023\/12\/WhatsApp-Image-2023-08-05-at-07.43.01.jpeg?fit=768%2C512&ssl=1&resize=350%2C200","width":350,"height":200,"srcset":"https:\/\/i0.wp.com\/ismaelcolosi.com.br\/wp-content\/uploads\/2023\/12\/WhatsApp-Image-2023-08-05-at-07.43.01.jpeg?fit=768%2C512&ssl=1&resize=350%2C200 1x, https:\/\/i0.wp.com\/ismaelcolosi.com.br\/wp-content\/uploads\/2023\/12\/WhatsApp-Image-2023-08-05-at-07.43.01.jpeg?fit=768%2C512&ssl=1&resize=525%2C300 1.5x, https:\/\/i0.wp.com\/ismaelcolosi.com.br\/wp-content\/uploads\/2023\/12\/WhatsApp-Image-2023-08-05-at-07.43.01.jpeg?fit=768%2C512&ssl=1&resize=700%2C400 2x"},"classes":[]},{"id":13285,"url":"https:\/\/ismaelcolosi.com.br\/index.php\/2023\/12\/09\/veja-o-que-se-sabe-sobre-a-vacina-da-dengue-ser-oferecida-pelo-sus\/","url_meta":{"origin":19153,"position":3},"title":"Veja o que se sabe sobre a vacina da dengue ser oferecida pelo SUS","author":"ismaelcolosi.com.br","date":"9 de December de 2023","format":false,"excerpt":"A Comiss\u00e3o Nacional de Incorpora\u00e7\u00f5es de Tecnologias no Sistema \u00danico de Sa\u00fade (Conitec) deve decidir ainda este ano sobre a incorpora\u00e7\u00e3o da vacina contra a dengue ao Sistema \u00danico de Sa\u00fade (SUS). De acordo com o secret\u00e1rio de Ci\u00eancia, Tecnologia e Insumos Estrat\u00e9gicos do Minist\u00e9rio da Sa\u00fade, Leandro Pinheiro Safatle,\u2026","rel":"","context":"In &quot;Not\u00edcias de Ribeir\u00e3o Preto-SP e Regi\u00e3o&quot;","block_context":{"text":"Not\u00edcias de Ribeir\u00e3o Preto-SP e Regi\u00e3o","link":"https:\/\/ismaelcolosi.com.br\/index.php\/category\/noticias-de-ribeirao-preto-sp-e-regiao-ismael-colosi\/"},"img":{"alt_text":"","src":"https:\/\/i0.wp.com\/ismaelcolosi.com.br\/wp-content\/uploads\/2023\/12\/science-1029385_1280.jpg?fit=1200%2C800&ssl=1&resize=350%2C200","width":350,"height":200,"srcset":"https:\/\/i0.wp.com\/ismaelcolosi.com.br\/wp-content\/uploads\/2023\/12\/science-1029385_1280.jpg?fit=1200%2C800&ssl=1&resize=350%2C200 1x, https:\/\/i0.wp.com\/ismaelcolosi.com.br\/wp-content\/uploads\/2023\/12\/science-1029385_1280.jpg?fit=1200%2C800&ssl=1&resize=525%2C300 1.5x, https:\/\/i0.wp.com\/ismaelcolosi.com.br\/wp-content\/uploads\/2023\/12\/science-1029385_1280.jpg?fit=1200%2C800&ssl=1&resize=700%2C400 2x, https:\/\/i0.wp.com\/ismaelcolosi.com.br\/wp-content\/uploads\/2023\/12\/science-1029385_1280.jpg?fit=1200%2C800&ssl=1&resize=1050%2C600 3x"},"classes":[]},{"id":28953,"url":"https:\/\/ismaelcolosi.com.br\/index.php\/2024\/01\/17\/vacinacao-contra-a-dengue-vai-priorizar-jovens-de-6-a-16-anos\/","url_meta":{"origin":19153,"position":4},"title":"Vacina\u00e7\u00e3o contra a dengue vai priorizar jovens de 6 a 16 anos\u00a0","author":"ismaelcolosi.com.br","date":"17 de January de 2024","format":false,"excerpt":"16 de janeiro de 2024 | 14:0016 de janeiro de 2024 | 9:10 0O Minist\u00e9rio da Sa\u00fade informou nesta segunda-feira, 15 de janeiro, que ir\u00e1 priorizar a faixa et\u00e1ria de 6 a 16 anos na aplica\u00e7\u00e3o da vacina contra a dengue. O pa\u00eds ir\u00e1 adquirir 5,2 milh\u00f5es doses da Qdenga,\u2026","rel":"","context":"In &quot;Not\u00edcias de Ribeir\u00e3o Preto-SP e Regi\u00e3o&quot;","block_context":{"text":"Not\u00edcias de Ribeir\u00e3o Preto-SP e Regi\u00e3o","link":"https:\/\/ismaelcolosi.com.br\/index.php\/category\/noticias-de-ribeirao-preto-sp-e-regiao-ismael-colosi\/"},"img":{"alt_text":"","src":"https:\/\/i0.wp.com\/ismaelcolosi.com.br\/wp-content\/uploads\/2024\/01\/DengueVAC-Rogerio-Vidmantas-Prefeitura-de-Dourados-scaled.jpg?fit=1000%2C604&ssl=1&resize=350%2C200","width":350,"height":200,"srcset":"https:\/\/i0.wp.com\/ismaelcolosi.com.br\/wp-content\/uploads\/2024\/01\/DengueVAC-Rogerio-Vidmantas-Prefeitura-de-Dourados-scaled.jpg?fit=1000%2C604&ssl=1&resize=350%2C200 1x, https:\/\/i0.wp.com\/ismaelcolosi.com.br\/wp-content\/uploads\/2024\/01\/DengueVAC-Rogerio-Vidmantas-Prefeitura-de-Dourados-scaled.jpg?fit=1000%2C604&ssl=1&resize=525%2C300 1.5x, https:\/\/i0.wp.com\/ismaelcolosi.com.br\/wp-content\/uploads\/2024\/01\/DengueVAC-Rogerio-Vidmantas-Prefeitura-de-Dourados-scaled.jpg?fit=1000%2C604&ssl=1&resize=700%2C400 2x"},"classes":[]},{"id":28600,"url":"https:\/\/ismaelcolosi.com.br\/index.php\/2024\/01\/16\/vacinacao-contra-dengue-vai-priorizar-faixa-etaria-de-6-a-16-anos\/","url_meta":{"origin":19153,"position":5},"title":"Vacina\u00e7\u00e3o contra dengue vai priorizar faixa et\u00e1ria de 6 a 16 anos \u2013 Folha de Ribeir\u00e3o","author":"ismaelcolosi.com.br","date":"16 de January de 2024","format":false,"excerpt":"O Minist\u00e9rio da Sa\u00fade informou nesta segunda-feira (15) que ir\u00e1 priorizar a faixa et\u00e1ria de 6 a 16 anos na aplica\u00e7\u00e3o da vacina contra a dengue. O pa\u00eds ir\u00e1 adquirir\u00a05,2 milh\u00f5es de doses da Qdenga, fabricada pelo laborat\u00f3rio japon\u00eas Takeda, al\u00e9m de receber doa\u00e7\u00f5es. O quantitativo ir\u00e1 possibilitar vacina\u00e7\u00e3o de\u2026","rel":"","context":"In &quot;Not\u00edcias de Ribeir\u00e3o Preto-SP e Regi\u00e3o&quot;","block_context":{"text":"Not\u00edcias de Ribeir\u00e3o Preto-SP e Regi\u00e3o","link":"https:\/\/ismaelcolosi.com.br\/index.php\/category\/noticias-de-ribeirao-preto-sp-e-regiao-ismael-colosi\/"},"img":{"alt_text":"","src":"","width":0,"height":0},"classes":[]}],"jetpack_sharing_enabled":true,"jetpack_shortlink":"https:\/\/wp.me\/pfMlyK-4YV","_links":{"self":[{"href":"https:\/\/ismaelcolosi.com.br\/index.php\/wp-json\/wp\/v2\/posts\/19153","targetHints":{"allow":["GET"]}}],"collection":[{"href":"https:\/\/ismaelcolosi.com.br\/index.php\/wp-json\/wp\/v2\/posts"}],"about":[{"href":"https:\/\/ismaelcolosi.com.br\/index.php\/wp-json\/wp\/v2\/types\/post"}],"author":[{"embeddable":true,"href":"https:\/\/ismaelcolosi.com.br\/index.php\/wp-json\/wp\/v2\/users\/1"}],"replies":[{"embeddable":true,"href":"https:\/\/ismaelcolosi.com.br\/index.php\/wp-json\/wp\/v2\/comments?post=19153"}],"version-history":[{"count":0,"href":"https:\/\/ismaelcolosi.com.br\/index.php\/wp-json\/wp\/v2\/posts\/19153\/revisions"}],"wp:featuredmedia":[{"embeddable":true,"href":"https:\/\/ismaelcolosi.com.br\/index.php\/wp-json\/wp\/v2\/media\/19154"}],"wp:attachment":[{"href":"https:\/\/ismaelcolosi.com.br\/index.php\/wp-json\/wp\/v2\/media?parent=19153"}],"wp:term":[{"taxonomy":"category","embeddable":true,"href":"https:\/\/ismaelcolosi.com.br\/index.php\/wp-json\/wp\/v2\/categories?post=19153"},{"taxonomy":"post_tag","embeddable":true,"href":"https:\/\/ismaelcolosi.com.br\/index.php\/wp-json\/wp\/v2\/tags?post=19153"}],"curies":[{"name":"wp","href":"https:\/\/api.w.org\/{rel}","templated":true}]}}