{"id":18982,"date":"2023-12-21T13:38:03","date_gmt":"2023-12-21T16:38:03","guid":{"rendered":"https:\/\/ismaelcolosi.com.br\/index.php\/2023\/12\/21\/colisao-entre-onibus-e-carreta-deixa-veiculos-destruidos-e-diversas-vitimas\/"},"modified":"2023-12-21T13:38:03","modified_gmt":"2023-12-21T16:38:03","slug":"colisao-entre-onibus-e-carreta-deixa-veiculos-destruidos-e-diversas-vitimas","status":"publish","type":"post","link":"https:\/\/ismaelcolosi.com.br\/index.php\/2023\/12\/21\/colisao-entre-onibus-e-carreta-deixa-veiculos-destruidos-e-diversas-vitimas\/","title":{"rendered":"Colis\u00e3o entre \u00f4nibus e carreta deixa ve\u00edculos destru\u00eddos e diversas v\u00edtimas"},"content":{"rendered":"<p> [ad_1]<br \/>\n<\/p>\n<div itemprop=\"text\">\n<p>Na madrugada desta quinta-feira (21), a rodovia BR-116, foi cen\u00e1rio de uma verdadeira trag\u00e9dia. Um grave acidente envolvendo um \u00f4nibus e uma carreta deixou os ve\u00edculos destru\u00eddos, al\u00e9m de v\u00e1rias v\u00edtimas.<\/p>\n<p>O acidente aconteceu na altura do munic\u00edpio de Muria\u00e9, localizado no interior do estado de Minas Gerais. De acordo com as primeiras informa\u00e7\u00f5es da Pol\u00edcia Rodovi\u00e1ria Federal (PRF), uma pessoa perdeu a vida e 10 pessoas ficaram feridas.<\/p>\n<p>A v\u00edtima fatal \u00e9 o motorista do \u00f4nibus, ele tinha 42 anos, seu nome n\u00e3o foi revelado pelas autoridades competentes que atenderam a ocorr\u00eancia. Nove passageiros e o ajudante da carreta ficaram feridos.<\/p>\n<p>Ainda de acordo com as informa\u00e7\u00f5es da Pol\u00edcia Rodovi\u00e1ria Federal (PRF), o \u00f4nibus partiu de S\u00e3o Paulo com destino a cidade de Vit\u00f3ria da Conquista, localizada no interior do estado da Bahia.<\/p>\n<div class=\"code-block code-block-9\" style=\"margin: 8px auto; text-align: center; display: block; clear: both;\">\n<p><span style=\"font-size: xx-small;\"><b>PUBLICIDADE<\/b><\/span><\/p>\n<div class=\"separator\" style=\"clear: both; text-align: center;\"><a href=\"https:\/\/breeze.bet\/?c=1&amp;utm_source=fbs\" imageanchor=\"1\" style=\"margin-left: 1em; margin-right: 1em;\" target=\"_blank\" rel=\"noopener\"><img data-recalc-dims=\"1\" loading=\"lazy\" decoding=\"async\" border=\"0\" data-original-height=\"250\" data-original-width=\"300\" height=\"250\" src=\"https:\/\/i0.wp.com\/blogger.googleusercontent.com\/img\/b\/R29vZ2xl\/AVvXsEhHMStsQpenim-wcfJXHMndm0o0P6BrbXYcb_zvAoVvLcdQw8AP_XKlfa98ltKcznGeZ-LpsBl2FxLCp8WOYwgFSB3cRFm5w-61F-0aTWm387IgHB-GZMFhX20JbEzho8NVK1flhSUYOat_fFInLDqTMO3djGgM3zf7gMkbu8Ut7Zlm-7-ZYF292G63voBG\/s1600\/at%C3%A9%20X2500.png?resize=300%2C250&#038;ssl=1\" width=\"300\"\/><\/a><\/div>\n<\/div>\n<p>O \u00f4nibus levava 57 passageiros, al\u00e9m do motorista e do auxiliar, no ve\u00edculo de carga estavam o motorista e o ajudante.<\/p>\n<p><img data-recalc-dims=\"1\" decoding=\"async\" src=\"https:\/\/i0.wp.com\/fnmais.com\/wp-content\/uploads\/2023\/12\/postiimg-65846725e76c86989.jpeg?w=1200&#038;ssl=1\" alt=\"Carreta ficou destruda aps acidente na BR-116 em MG Foto Rdio MuriaReproduo\"\/><\/p>\n<p>Segundo informa\u00e7\u00f5es colhidas pelas autoridades que atenderam o caso, o motorista da carreta teria perdido o controle do ve\u00edculo em uma curva e por isso invadiu a contram\u00e3o.<\/p>\n<p>O ve\u00edculo de carga atingiu a frente do \u00f4nibus com o semirreboque. A rodovia precisou ficar totalmente interditada na altura do trecho do km 715,6 por mais de tr\u00eas horas. As causas do acidente est\u00e3o sob investiga\u00e7\u00e3o.<\/p>\n<p>Para assistir o v\u00eddeo <a href=\"https:\/\/g1.globo.com\/mg\/zona-da-mata\/video\/veja-como-ficou-onibus-e-carreta-que-se-envolveram-em-grave-acidente-na-br-116-em-muriae-12211114.ghtml\" target=\"_blank\" rel=\"nofollow noopener\">CLIQUE AQUI!<\/a><\/p>\n<p>A empresa respons\u00e1vel pelo \u00f4nibus lamentou o acidente e afirmou que est\u00e1 prestando todo o apoio necess\u00e1rio as v\u00edtimas e seus familiares.<\/p>\n<\/div>\n<p>[ad_2]<br \/>\n<br \/><a href=\"https:\/\/fnmais.com\/colisao-entre-onibus-carreta-deixa-veiculos-destruidos-diversas-vitimas-video\/\" target=\"_blank\" rel=\"noopener\">Source link <\/a><\/p>\n<div class='code-block code-block-4' style='margin: 8px auto 8px 0; text-align: left; display: block; clear: both;'>\n\ud83d\udce2 Aviso Legal\n\nO site ismaelcolosi.com.br atua apenas como um canal de divulga\u00e7\u00e3o de oportunidades de emprego e n\u00e3o se responsabiliza pelo processo seletivo, contrata\u00e7\u00e3o ou qualquer outra etapa relacionada \u00e0s vagas publicadas. Todas as informa\u00e7\u00f5es s\u00e3o de responsabilidade dos anunciantes.\n\n\u26a0\ufe0f Aten\u00e7\u00e3o! Nunca pague por promessas de emprego nem compre cursos que garantam contrata\u00e7\u00e3o. Desconfie de qualquer cobran\u00e7a para participar de sele\u00e7\u00f5es.\n\n\n\n<\/div>\n<!-- CONTENT END 1 -->\n","protected":false},"excerpt":{"rendered":"<p>[ad_1] Na madrugada desta quinta-feira (21), a rodovia BR-116, foi cen\u00e1rio de uma verdadeira trag\u00e9dia. Um grave acidente envolvendo um \u00f4nibus e uma carreta deixou os ve\u00edculos destru\u00eddos, al\u00e9m de v\u00e1rias v\u00edtimas. O acidente aconteceu na altura do munic\u00edpio de Muria\u00e9, localizado no interior do estado de Minas Gerais. De acordo com as primeiras informa\u00e7\u00f5es&hellip;&nbsp;<\/p>\n","protected":false},"author":1,"featured_media":18983,"comment_status":"open","ping_status":"open","sticky":false,"template":"","format":"standard","meta":{"_uag_custom_page_level_css":"","neve_meta_sidebar":"","neve_meta_container":"","neve_meta_enable_content_width":"","neve_meta_content_width":0,"neve_meta_title_alignment":"","neve_meta_author_avatar":"","neve_post_elements_order":"","neve_meta_disable_header":"","neve_meta_disable_footer":"","neve_meta_disable_title":"","_jetpack_newsletter_access":"","_jetpack_dont_email_post_to_subs":false,"_jetpack_newsletter_tier_id":0,"_jetpack_memberships_contains_paywalled_content":false,"_jetpack_memberships_contains_paid_content":false,"footnotes":""},"categories":[1],"tags":[],"class_list":["post-18982","post","type-post","status-publish","format-standard","has-post-thumbnail","hentry","category-blog"],"uagb_featured_image_src":{"full":["https:\/\/i0.wp.com\/ismaelcolosi.com.br\/wp-content\/uploads\/2023\/12\/postimg-6584672946d0c1005.jpg?fit=1200%2C628&ssl=1",1200,628,false],"thumbnail":["https:\/\/i0.wp.com\/ismaelcolosi.com.br\/wp-content\/uploads\/2023\/12\/postimg-6584672946d0c1005.jpg?resize=150%2C150&ssl=1",150,150,true],"medium":["https:\/\/i0.wp.com\/ismaelcolosi.com.br\/wp-content\/uploads\/2023\/12\/postimg-6584672946d0c1005.jpg?fit=300%2C157&ssl=1",300,157,true],"medium_large":["https:\/\/i0.wp.com\/ismaelcolosi.com.br\/wp-content\/uploads\/2023\/12\/postimg-6584672946d0c1005.jpg?fit=768%2C402&ssl=1",768,402,true],"large":["https:\/\/i0.wp.com\/ismaelcolosi.com.br\/wp-content\/uploads\/2023\/12\/postimg-6584672946d0c1005.jpg?fit=1024%2C536&ssl=1",1024,536,true],"1536x1536":["https:\/\/i0.wp.com\/ismaelcolosi.com.br\/wp-content\/uploads\/2023\/12\/postimg-6584672946d0c1005.jpg?fit=1200%2C628&ssl=1",1200,628,true],"2048x2048":["https:\/\/i0.wp.com\/ismaelcolosi.com.br\/wp-content\/uploads\/2023\/12\/postimg-6584672946d0c1005.jpg?fit=1200%2C628&ssl=1",1200,628,true],"neve-blog":["https:\/\/i0.wp.com\/ismaelcolosi.com.br\/wp-content\/uploads\/2023\/12\/postimg-6584672946d0c1005.jpg?resize=930%2C620&ssl=1",930,620,true]},"uagb_author_info":{"display_name":"ismaelcolosi.com.br","author_link":"https:\/\/ismaelcolosi.com.br\/author\/vidareal-online\/"},"uagb_comment_info":0,"uagb_excerpt":"[ad_1] Na madrugada desta quinta-feira (21), a rodovia BR-116, foi cen\u00e1rio de uma verdadeira trag\u00e9dia. Um grave acidente envolvendo um \u00f4nibus e uma carreta deixou os ve\u00edculos destru\u00eddos, al\u00e9m de v\u00e1rias v\u00edtimas. O acidente aconteceu na altura do munic\u00edpio de Muria\u00e9, localizado no interior do estado de Minas Gerais. De acordo com as primeiras informa\u00e7\u00f5es&hellip;&nbsp;","jetpack-related-posts":[{"id":12823,"url":"https:\/\/ismaelcolosi.com.br\/index.php\/2023\/12\/08\/acidente-entre-caminhao-e-carreta-na-br-282-deixa-vitimas-fatais-e-detalhes-sobre-a-colisao-sao-expostos\/","url_meta":{"origin":18982,"position":0},"title":"Acidente entre caminh\u00e3o e carreta na BR-282 deixa v\u00edtimas fatais e detalhes sobre a colis\u00e3o s\u00e3o expostos","author":"ismaelcolosi.com.br","date":"8 de Dezembro de 2023","format":false,"excerpt":"[ad_1] Na manh\u00e3 desta sexta-feira (8), um grave acidente provocou uma enorme trag\u00e9dia deixando v\u00edtimas fatais. As primeiras informa\u00e7\u00f5es repassadas pelas autoridades respons\u00e1veis por atender a ocorr\u00eancia.Segundo as informa\u00e7\u00f5es, a colis\u00e3o frontal entre um caminh\u00e3o e uma carreta aconteceu por volta das 7h30, na rodovia BR-282, na altura do munic\u00edpio\u2026","rel":"","context":"In &quot;Blog&quot;","block_context":{"text":"Blog","link":"https:\/\/ismaelcolosi.com.br\/index.php\/category\/blog\/"},"img":{"alt_text":"","src":"https:\/\/i0.wp.com\/ismaelcolosi.com.br\/wp-content\/uploads\/2023\/12\/postimg-6573712feb1b31817.jpg?fit=1200%2C628&ssl=1&resize=350%2C200","width":350,"height":200,"srcset":"https:\/\/i0.wp.com\/ismaelcolosi.com.br\/wp-content\/uploads\/2023\/12\/postimg-6573712feb1b31817.jpg?fit=1200%2C628&ssl=1&resize=350%2C200 1x, https:\/\/i0.wp.com\/ismaelcolosi.com.br\/wp-content\/uploads\/2023\/12\/postimg-6573712feb1b31817.jpg?fit=1200%2C628&ssl=1&resize=525%2C300 1.5x, https:\/\/i0.wp.com\/ismaelcolosi.com.br\/wp-content\/uploads\/2023\/12\/postimg-6573712feb1b31817.jpg?fit=1200%2C628&ssl=1&resize=700%2C400 2x, https:\/\/i0.wp.com\/ismaelcolosi.com.br\/wp-content\/uploads\/2023\/12\/postimg-6573712feb1b31817.jpg?fit=1200%2C628&ssl=1&resize=1050%2C600 3x"},"classes":[]},{"id":15910,"url":"https:\/\/ismaelcolosi.com.br\/index.php\/2023\/12\/14\/grave-acidente-entre-onibus-e-caminhao-deixa-vitimas-fatais-na-br-050\/","url_meta":{"origin":18982,"position":1},"title":"Grave acidente entre \u00f4nibus e caminh\u00e3o deixa v\u00edtimas fatais na BR-050","author":"ismaelcolosi.com.br","date":"14 de Dezembro de 2023","format":false,"excerpt":"[ad_1] Na madrugada desta quinta-feira (14), um grave acidente envolvendo um \u00f4nibus e um caminh\u00e3o deixou v\u00edtimas fatais na rodovia BR-050. O caso aconteceu na altura do munic\u00edpio de Uberaba, localizado no Tri\u00e2ngulo Mineiro.De acordo com as primeiras informa\u00e7\u00f5es repassadas pela Pol\u00edcia Rodovi\u00e1ria Federal (PRF), o \u00f4nibus levava cerca de\u2026","rel":"","context":"In &quot;Blog&quot;","block_context":{"text":"Blog","link":"https:\/\/ismaelcolosi.com.br\/index.php\/category\/blog\/"},"img":{"alt_text":"","src":"https:\/\/i0.wp.com\/ismaelcolosi.com.br\/wp-content\/uploads\/2023\/12\/postimg-657b48a2ee9c83763.jpg?fit=1200%2C628&ssl=1&resize=350%2C200","width":350,"height":200,"srcset":"https:\/\/i0.wp.com\/ismaelcolosi.com.br\/wp-content\/uploads\/2023\/12\/postimg-657b48a2ee9c83763.jpg?fit=1200%2C628&ssl=1&resize=350%2C200 1x, https:\/\/i0.wp.com\/ismaelcolosi.com.br\/wp-content\/uploads\/2023\/12\/postimg-657b48a2ee9c83763.jpg?fit=1200%2C628&ssl=1&resize=525%2C300 1.5x, https:\/\/i0.wp.com\/ismaelcolosi.com.br\/wp-content\/uploads\/2023\/12\/postimg-657b48a2ee9c83763.jpg?fit=1200%2C628&ssl=1&resize=700%2C400 2x, https:\/\/i0.wp.com\/ismaelcolosi.com.br\/wp-content\/uploads\/2023\/12\/postimg-657b48a2ee9c83763.jpg?fit=1200%2C628&ssl=1&resize=1050%2C600 3x"},"classes":[]},{"id":7142,"url":"https:\/\/ismaelcolosi.com.br\/index.php\/2023\/11\/27\/tragedia-na-br-381-acidente-envolvendo-11-veiculos-deixa-pelo-menos-3-vitimas-fatais-e-numero-feridos-ainda-e-desconhecido\/","url_meta":{"origin":18982,"position":2},"title":"Trag\u00e9dia na BR-381: Acidente envolvendo 11 ve\u00edculos deixa pelo menos 3 v\u00edtimas fatais e n\u00famero feridos ainda \u00e9 desconhecido","author":"ismaelcolosi.com.br","date":"27 de Novembro de 2023","format":false,"excerpt":"[ad_1] Um acidente grave envolvendo 11 ve\u00edculos resultou em pelo menos tr\u00eas \u00f3bitos no final da manh\u00e3 desta segunda-feira (27) no quil\u00f4metro 517 da Rodovia Fern\u00e3o Dias, BR-381, pr\u00f3ximo a Igarap\u00e9, na regi\u00e3o metropolitana de Belo Horizonte.Segundo informa\u00e7\u00f5es da Arteris, a concession\u00e1ria respons\u00e1vel pelo trecho, a colis\u00e3o inclui oito autom\u00f3veis\u2026","rel":"","context":"In &quot;Blog&quot;","block_context":{"text":"Blog","link":"https:\/\/ismaelcolosi.com.br\/index.php\/category\/blog\/"},"img":{"alt_text":"","src":"https:\/\/i0.wp.com\/ismaelcolosi.com.br\/wp-content\/uploads\/2023\/11\/postimg-6564d2d1357673855.jpg?fit=1200%2C628&ssl=1&resize=350%2C200","width":350,"height":200,"srcset":"https:\/\/i0.wp.com\/ismaelcolosi.com.br\/wp-content\/uploads\/2023\/11\/postimg-6564d2d1357673855.jpg?fit=1200%2C628&ssl=1&resize=350%2C200 1x, https:\/\/i0.wp.com\/ismaelcolosi.com.br\/wp-content\/uploads\/2023\/11\/postimg-6564d2d1357673855.jpg?fit=1200%2C628&ssl=1&resize=525%2C300 1.5x, https:\/\/i0.wp.com\/ismaelcolosi.com.br\/wp-content\/uploads\/2023\/11\/postimg-6564d2d1357673855.jpg?fit=1200%2C628&ssl=1&resize=700%2C400 2x, https:\/\/i0.wp.com\/ismaelcolosi.com.br\/wp-content\/uploads\/2023\/11\/postimg-6564d2d1357673855.jpg?fit=1200%2C628&ssl=1&resize=1050%2C600 3x"},"classes":[]},{"id":19469,"url":"https:\/\/ismaelcolosi.com.br\/index.php\/2023\/12\/22\/paciente-gravida-medica-enfermeira-e-motorista-vitimas-fatais-do-acidente-com-ambulancia-sao-identificadas\/","url_meta":{"origin":18982,"position":3},"title":"Paciente gr\u00e1vida, m\u00e9dica, enfermeira e motorista: V\u00edtimas fatais do acidente com ambul\u00e2ncia s\u00e3o identificadas","author":"ismaelcolosi.com.br","date":"22 de Dezembro de 2023","format":false,"excerpt":"[ad_1] A rodovia BR-040, foi cen\u00e1rio de um tr\u00e1gico acidente que deixou v\u00e1rias v\u00edtimas fatais. A colis\u00e3o entre em uma ambul\u00e2ncia e uma carreta ceifou a vida de cinco pessoas.A trag\u00e9dia aconteceu pr\u00f3ximo a cidade de Santos Dumont, que fica localizada na regi\u00e3o da Zona da Mata mineira, s\u00e3o residentes\u2026","rel":"","context":"In &quot;Blog&quot;","block_context":{"text":"Blog","link":"https:\/\/ismaelcolosi.com.br\/index.php\/category\/blog\/"},"img":{"alt_text":"","src":"https:\/\/i0.wp.com\/ismaelcolosi.com.br\/wp-content\/uploads\/2023\/12\/postimg-6585b3975b9ed3806.jpg?fit=1200%2C628&ssl=1&resize=350%2C200","width":350,"height":200,"srcset":"https:\/\/i0.wp.com\/ismaelcolosi.com.br\/wp-content\/uploads\/2023\/12\/postimg-6585b3975b9ed3806.jpg?fit=1200%2C628&ssl=1&resize=350%2C200 1x, https:\/\/i0.wp.com\/ismaelcolosi.com.br\/wp-content\/uploads\/2023\/12\/postimg-6585b3975b9ed3806.jpg?fit=1200%2C628&ssl=1&resize=525%2C300 1.5x, https:\/\/i0.wp.com\/ismaelcolosi.com.br\/wp-content\/uploads\/2023\/12\/postimg-6585b3975b9ed3806.jpg?fit=1200%2C628&ssl=1&resize=700%2C400 2x, https:\/\/i0.wp.com\/ismaelcolosi.com.br\/wp-content\/uploads\/2023\/12\/postimg-6585b3975b9ed3806.jpg?fit=1200%2C628&ssl=1&resize=1050%2C600 3x"},"classes":[]},{"id":31550,"url":"https:\/\/ismaelcolosi.com.br\/index.php\/2024\/01\/22\/carro-bate-em-carreta-destroi-familia-pai-mae-e-bebe-perderam-a-vida-crianca-foi-ejetada-do-carro\/","url_meta":{"origin":18982,"position":4},"title":"Carro bate em carreta, destr\u00f3i fam\u00edlia, pai, m\u00e3e e beb\u00ea perderam a vida, crian\u00e7a foi ejetada do carro","author":"ismaelcolosi.com.br","date":"22 de Janeiro de 2024","format":false,"excerpt":"[ad_1] Uma colis\u00e3o frontal entre um carro e uma carreta destruiu uma fam\u00edlia, o acidente teve como cen\u00e1rio a rodovia BR-25 e aconteceu na tarde deste domingo (21). No final da tarde deste \u00faltimo domingo, um tr\u00e1gico acidente na BR-251, pr\u00f3ximo a localidade de Curral de Dentro, que fica no\u2026","rel":"","context":"In &quot;Blog&quot;","block_context":{"text":"Blog","link":"https:\/\/ismaelcolosi.com.br\/index.php\/category\/blog\/"},"img":{"alt_text":"","src":"https:\/\/i0.wp.com\/ismaelcolosi.com.br\/wp-content\/uploads\/2024\/01\/postimg-65aeb8e91dccd9738.jpg?fit=1200%2C628&ssl=1&resize=350%2C200","width":350,"height":200,"srcset":"https:\/\/i0.wp.com\/ismaelcolosi.com.br\/wp-content\/uploads\/2024\/01\/postimg-65aeb8e91dccd9738.jpg?fit=1200%2C628&ssl=1&resize=350%2C200 1x, https:\/\/i0.wp.com\/ismaelcolosi.com.br\/wp-content\/uploads\/2024\/01\/postimg-65aeb8e91dccd9738.jpg?fit=1200%2C628&ssl=1&resize=525%2C300 1.5x, https:\/\/i0.wp.com\/ismaelcolosi.com.br\/wp-content\/uploads\/2024\/01\/postimg-65aeb8e91dccd9738.jpg?fit=1200%2C628&ssl=1&resize=700%2C400 2x, https:\/\/i0.wp.com\/ismaelcolosi.com.br\/wp-content\/uploads\/2024\/01\/postimg-65aeb8e91dccd9738.jpg?fit=1200%2C628&ssl=1&resize=1050%2C600 3x"},"classes":[]},{"id":16146,"url":"https:\/\/ismaelcolosi.com.br\/index.php\/2023\/12\/15\/quem-e-a-jovem-que-perdeu-a-vida-em-acidente-na-br-262-carro-foi-arrastado-por-cerca-de-50-metros-por-carreta-video\/","url_meta":{"origin":18982,"position":5},"title":"Quem \u00e9 a jovem que perdeu a vida em acidente na BR-262 \u2013 Carro foi arrastado por cerca de 50 metros por carreta \u2013 V\u00cdDEO","author":"ismaelcolosi.com.br","date":"15 de Dezembro de 2023","format":false,"excerpt":"[ad_1] Na manh\u00e3 desta \u00faltima quinta-feira (14), um terr\u00edvel acidente envolvendo um carro e uma carreta terminou de maneira tr\u00e1gica. O caso aconteceu na\u00a0altura do munic\u00edpio de Ribas do Rio Pardo, localizada a cerca de 97 km da cidade de Campo Grande, capital do estado do Mato Grosso do Sul.De\u2026","rel":"","context":"In &quot;Blog&quot;","block_context":{"text":"Blog","link":"https:\/\/ismaelcolosi.com.br\/index.php\/category\/blog\/"},"img":{"alt_text":"","src":"https:\/\/i0.wp.com\/ismaelcolosi.com.br\/wp-content\/uploads\/2023\/12\/postimg-657bcafd6f5101394.jpg?fit=1200%2C628&ssl=1&resize=350%2C200","width":350,"height":200,"srcset":"https:\/\/i0.wp.com\/ismaelcolosi.com.br\/wp-content\/uploads\/2023\/12\/postimg-657bcafd6f5101394.jpg?fit=1200%2C628&ssl=1&resize=350%2C200 1x, https:\/\/i0.wp.com\/ismaelcolosi.com.br\/wp-content\/uploads\/2023\/12\/postimg-657bcafd6f5101394.jpg?fit=1200%2C628&ssl=1&resize=525%2C300 1.5x, https:\/\/i0.wp.com\/ismaelcolosi.com.br\/wp-content\/uploads\/2023\/12\/postimg-657bcafd6f5101394.jpg?fit=1200%2C628&ssl=1&resize=700%2C400 2x, https:\/\/i0.wp.com\/ismaelcolosi.com.br\/wp-content\/uploads\/2023\/12\/postimg-657bcafd6f5101394.jpg?fit=1200%2C628&ssl=1&resize=1050%2C600 3x"},"classes":[]}],"jetpack_sharing_enabled":true,"jetpack_shortlink":"https:\/\/wp.me\/pfMlyK-4Wa","jetpack_featured_media_url":"https:\/\/i0.wp.com\/ismaelcolosi.com.br\/wp-content\/uploads\/2023\/12\/postimg-6584672946d0c1005.jpg?fit=1200%2C628&ssl=1","_links":{"self":[{"href":"https:\/\/ismaelcolosi.com.br\/index.php\/wp-json\/wp\/v2\/posts\/18982","targetHints":{"allow":["GET"]}}],"collection":[{"href":"https:\/\/ismaelcolosi.com.br\/index.php\/wp-json\/wp\/v2\/posts"}],"about":[{"href":"https:\/\/ismaelcolosi.com.br\/index.php\/wp-json\/wp\/v2\/types\/post"}],"author":[{"embeddable":true,"href":"https:\/\/ismaelcolosi.com.br\/index.php\/wp-json\/wp\/v2\/users\/1"}],"replies":[{"embeddable":true,"href":"https:\/\/ismaelcolosi.com.br\/index.php\/wp-json\/wp\/v2\/comments?post=18982"}],"version-history":[{"count":0,"href":"https:\/\/ismaelcolosi.com.br\/index.php\/wp-json\/wp\/v2\/posts\/18982\/revisions"}],"wp:featuredmedia":[{"embeddable":true,"href":"https:\/\/ismaelcolosi.com.br\/index.php\/wp-json\/wp\/v2\/media\/18983"}],"wp:attachment":[{"href":"https:\/\/ismaelcolosi.com.br\/index.php\/wp-json\/wp\/v2\/media?parent=18982"}],"wp:term":[{"taxonomy":"category","embeddable":true,"href":"https:\/\/ismaelcolosi.com.br\/index.php\/wp-json\/wp\/v2\/categories?post=18982"},{"taxonomy":"post_tag","embeddable":true,"href":"https:\/\/ismaelcolosi.com.br\/index.php\/wp-json\/wp\/v2\/tags?post=18982"}],"curies":[{"name":"wp","href":"https:\/\/api.w.org\/{rel}","templated":true}]}}