{"id":18773,"date":"2023-12-21T00:52:37","date_gmt":"2023-12-21T03:52:37","guid":{"rendered":"https:\/\/ismaelcolosi.com.br\/index.php\/2023\/12\/21\/jap-participacoes-s-a-ata-de-assembleia-geral-de-constituicao-de-sociedade-anonima\/"},"modified":"2023-12-21T00:52:37","modified_gmt":"2023-12-21T03:52:37","slug":"jap-participacoes-s-a-ata-de-assembleia-geral-de-constituicao-de-sociedade-anonima","status":"publish","type":"post","link":"https:\/\/ismaelcolosi.com.br\/index.php\/2023\/12\/21\/jap-participacoes-s-a-ata-de-assembleia-geral-de-constituicao-de-sociedade-anonima\/","title":{"rendered":"JAP Participa\u00e7\u00f5es S.A. \u2013 Ata de Assembleia Geral de Constitui\u00e7\u00e3o de Sociedade An\u00f4nima"},"content":{"rendered":"<p> <br \/>\n<\/p>\n<p><\/p>\n<p>O post JAP Participa\u00e7\u00f5es S.A. &#8211; Ata de Assembleia Geral de Constitui\u00e7\u00e3o de Sociedade An\u00f4nima apareceu primeiro em Jornal Tribuna Ribeir\u00e3o.<\/p><div class='code-block code-block-8' style='margin: 8px auto; text-align: center; display: block; clear: both;'>\n<script>\n  atOptions = {\n    'key' : '66e2e2111ca34da796271819fc334058',\n    'format' : 'iframe',\n    'height' : 250,\n    'width' : 300,\n    'params' : {}\n  };\n<\/script>\n<script src=\"https:\/\/www.highperformanceformat.com\/66e2e2111ca34da796271819fc334058\/invoke.js\"><\/script>\n<\/div>\n\n<p><br \/>\n<br \/><a href=\"https:\/\/www.tribunaribeirao.com.br\/site\/jap-participacoes-s-a-ata-de-assembleia-geral-de-constituicao-de-sociedade-anonima\/\">Source link <\/a><\/p>\n<div class='code-block code-block-4' style='margin: 8px auto 8px 0; text-align: left; display: block; clear: both;'>\n\ud83d\udce2 Aviso Legal\n\nO site ismaelcolosi.com.br atua apenas como um canal de divulga\u00e7\u00e3o de oportunidades de emprego e n\u00e3o se responsabiliza pelo processo seletivo, contrata\u00e7\u00e3o ou qualquer outra etapa relacionada \u00e0s vagas publicadas. Todas as informa\u00e7\u00f5es s\u00e3o de responsabilidade dos anunciantes.\n\n\u26a0\ufe0f Aten\u00e7\u00e3o! Nunca pague por promessas de emprego nem compre cursos que garantam contrata\u00e7\u00e3o. Desconfie de qualquer cobran\u00e7a para participar de sele\u00e7\u00f5es.\n\n\n\n<\/div>\n<!-- CONTENT END 1 -->\n","protected":false},"excerpt":{"rendered":"<p>O post JAP Participa\u00e7\u00f5es S.A. &#8211; Ata de Assembleia Geral de Constitui\u00e7\u00e3o de Sociedade An\u00f4nima apareceu primeiro em Jornal Tribuna Ribeir\u00e3o. Source link \ud83d\udce2 Aviso&#8230;<\/p>\n","protected":false},"author":1,"featured_media":18774,"comment_status":"open","ping_status":"open","sticky":false,"template":"","format":"standard","meta":{"_uag_custom_page_level_css":"","advanced_seo_description":"","jetpack_seo_html_title":"","jetpack_seo_noindex":false,"jetpack_post_was_ever_published":false,"_jetpack_newsletter_access":"","_jetpack_dont_email_post_to_subs":false,"_jetpack_newsletter_tier_id":0,"_jetpack_memberships_contains_paywalled_content":false,"_jetpack_memberships_contains_paid_content":false,"footnotes":"","jetpack_publicize_message":"","jetpack_publicize_feature_enabled":true,"jetpack_social_post_already_shared":true,"jetpack_social_options":{"image_generator_settings":{"template":"highway","default_image_id":0,"font":"","enabled":false},"version":2}},"categories":[11],"tags":[2495,950,1479,2493,951,2491,2492,947,2494],"class_list":["post-18773","post","type-post","status-publish","format-standard","has-post-thumbnail","hentry","category-noticias-de-ribeirao-preto-sp-e-regiao-ismael-colosi","tag-anonima","tag-assembleia","tag-ata","tag-constituicao","tag-geral","tag-jap","tag-participacoes","tag-s-a","tag-sociedade"],"jetpack_publicize_connections":[],"jetpack_featured_media_url":"https:\/\/i0.wp.com\/ismaelcolosi.com.br\/wp-content\/uploads\/2023\/12\/1703130760_publicidade-legal.png?fit=700%2C450&ssl=1","uagb_featured_image_src":{"full":["https:\/\/i0.wp.com\/ismaelcolosi.com.br\/wp-content\/uploads\/2023\/12\/1703130760_publicidade-legal.png?fit=700%2C450&ssl=1",700,450,false],"thumbnail":["https:\/\/i0.wp.com\/ismaelcolosi.com.br\/wp-content\/uploads\/2023\/12\/1703130760_publicidade-legal.png?resize=150%2C150&ssl=1",150,150,true],"medium":["https:\/\/i0.wp.com\/ismaelcolosi.com.br\/wp-content\/uploads\/2023\/12\/1703130760_publicidade-legal.png?fit=300%2C193&ssl=1",300,193,true],"medium_large":["https:\/\/i0.wp.com\/ismaelcolosi.com.br\/wp-content\/uploads\/2023\/12\/1703130760_publicidade-legal.png?fit=700%2C450&ssl=1",700,450,true],"large":["https:\/\/i0.wp.com\/ismaelcolosi.com.br\/wp-content\/uploads\/2023\/12\/1703130760_publicidade-legal.png?fit=700%2C450&ssl=1",700,450,true],"1536x1536":["https:\/\/i0.wp.com\/ismaelcolosi.com.br\/wp-content\/uploads\/2023\/12\/1703130760_publicidade-legal.png?fit=700%2C450&ssl=1",700,450,true],"2048x2048":["https:\/\/i0.wp.com\/ismaelcolosi.com.br\/wp-content\/uploads\/2023\/12\/1703130760_publicidade-legal.png?fit=700%2C450&ssl=1",700,450,true],"really-simple-thumb":["https:\/\/i0.wp.com\/ismaelcolosi.com.br\/wp-content\/uploads\/2023\/12\/1703130760_publicidade-legal.png?resize=370%2C247&ssl=1",370,247,true]},"uagb_author_info":{"display_name":"ismaelcolosi.com.br","author_link":"https:\/\/ismaelcolosi.com.br\/index.php\/author\/vidareal-online\/"},"uagb_comment_info":0,"uagb_excerpt":"O post JAP Participa\u00e7\u00f5es S.A. &#8211; Ata de Assembleia Geral de Constitui\u00e7\u00e3o de Sociedade An\u00f4nima apareceu primeiro em Jornal Tribuna Ribeir\u00e3o. Source link","jetpack-related-posts":[{"id":19222,"url":"https:\/\/ismaelcolosi.com.br\/index.php\/2023\/12\/22\/jap-participacoes-s-a-errata\/","url_meta":{"origin":18773,"position":0},"title":"JAP Participa\u00e7\u00f5es S.A \u2013 ERRATA","author":"ismaelcolosi.com.br","date":"22 de December de 2023","format":false,"excerpt":"O post JAP Participa\u00e7\u00f5es S.A \u2013 ERRATA apareceu primeiro em Jornal Tribuna Ribeir\u00e3o. Source link","rel":"","context":"In &quot;Not\u00edcias de Ribeir\u00e3o Preto-SP e Regi\u00e3o&quot;","block_context":{"text":"Not\u00edcias de Ribeir\u00e3o Preto-SP e Regi\u00e3o","link":"https:\/\/ismaelcolosi.com.br\/index.php\/category\/noticias-de-ribeirao-preto-sp-e-regiao-ismael-colosi\/"},"img":{"alt_text":"","src":"https:\/\/i0.wp.com\/ismaelcolosi.com.br\/wp-content\/uploads\/2023\/12\/1703216197_publicidade-legal.png?fit=700%2C450&ssl=1&resize=350%2C200","width":350,"height":200,"srcset":"https:\/\/i0.wp.com\/ismaelcolosi.com.br\/wp-content\/uploads\/2023\/12\/1703216197_publicidade-legal.png?fit=700%2C450&ssl=1&resize=350%2C200 1x, https:\/\/i0.wp.com\/ismaelcolosi.com.br\/wp-content\/uploads\/2023\/12\/1703216197_publicidade-legal.png?fit=700%2C450&ssl=1&resize=525%2C300 1.5x, https:\/\/i0.wp.com\/ismaelcolosi.com.br\/wp-content\/uploads\/2023\/12\/1703216197_publicidade-legal.png?fit=700%2C450&ssl=1&resize=700%2C400 2x"},"classes":[]},{"id":1031,"url":"https:\/\/ismaelcolosi.com.br\/index.php\/2023\/11\/10\/autovias-s-a-ata-de-assembleia-geral-extraordinaria-realizada-em-10-de-outubro-de-2023\/","url_meta":{"origin":18773,"position":1},"title":"Autovias S.A. \u2013 Ata de Assembleia Geral Extraordin\u00e1ria realizada em 10 de outubro de 2023","author":"ismaelcolosi.com.br","date":"10 de November de 2023","format":false,"excerpt":"O post Autovias S.A. \u2013 Ata de Assembleia Geral Extraordin\u00e1ria realizada em 10 de outubro de 2023 apareceu primeiro em Jornal Tribuna Ribeir\u00e3o. Source link","rel":"","context":"In &quot;Not\u00edcias de Ribeir\u00e3o Preto-SP e Regi\u00e3o&quot;","block_context":{"text":"Not\u00edcias de Ribeir\u00e3o Preto-SP e Regi\u00e3o","link":"https:\/\/ismaelcolosi.com.br\/index.php\/category\/noticias-de-ribeirao-preto-sp-e-regiao-ismael-colosi\/"},"img":{"alt_text":"","src":"https:\/\/i0.wp.com\/ismaelcolosi.com.br\/wp-content\/uploads\/2023\/11\/pdfdownload.png?fit=1000%2C268&ssl=1&resize=350%2C200","width":350,"height":200,"srcset":"https:\/\/i0.wp.com\/ismaelcolosi.com.br\/wp-content\/uploads\/2023\/11\/pdfdownload.png?fit=1000%2C268&ssl=1&resize=350%2C200 1x, https:\/\/i0.wp.com\/ismaelcolosi.com.br\/wp-content\/uploads\/2023\/11\/pdfdownload.png?fit=1000%2C268&ssl=1&resize=525%2C300 1.5x, https:\/\/i0.wp.com\/ismaelcolosi.com.br\/wp-content\/uploads\/2023\/11\/pdfdownload.png?fit=1000%2C268&ssl=1&resize=700%2C400 2x"},"classes":[]},{"id":42086,"url":"https:\/\/ismaelcolosi.com.br\/index.php\/2024\/03\/12\/descubra-o-que-e-e-para-que-serve-a-sociedade-anonima-sa\/","url_meta":{"origin":18773,"position":2},"title":"Descubra o que \u00e9 e para que serve a Sociedade An\u00f4nima (SA)","author":"ismaelcolosi.com.br","date":"12 de March de 2024","format":false,"excerpt":"Veja os diferenciais que a forma jur\u00eddica da Sociedade An\u00f4nima trazem para o seu neg\u00f3cio garantir o sucesso!\u00a0 Voc\u00ea est\u00e1 entrando no mundo dos neg\u00f3cios agora e est\u00e1 cogitando na ideia de ter parcerias? Veja a seguir como a Sociedade An\u00f4nima pode ajudar na trajet\u00f3ria da sua nova empresa junto\u2026","rel":"","context":"In &quot;Empreendedorismo&quot;","block_context":{"text":"Empreendedorismo","link":"https:\/\/ismaelcolosi.com.br\/index.php\/category\/empreendedorismo-negocios-ismael-colosi-negocios\/"},"img":{"alt_text":"","src":"https:\/\/i0.wp.com\/ismaelcolosi.com.br\/wp-content\/uploads\/2024\/03\/SA-1024x286.jpg?fit=1024%2C286&ssl=1&resize=350%2C200","width":350,"height":200,"srcset":"https:\/\/i0.wp.com\/ismaelcolosi.com.br\/wp-content\/uploads\/2024\/03\/SA-1024x286.jpg?fit=1024%2C286&ssl=1&resize=350%2C200 1x, https:\/\/i0.wp.com\/ismaelcolosi.com.br\/wp-content\/uploads\/2024\/03\/SA-1024x286.jpg?fit=1024%2C286&ssl=1&resize=525%2C300 1.5x, https:\/\/i0.wp.com\/ismaelcolosi.com.br\/wp-content\/uploads\/2024\/03\/SA-1024x286.jpg?fit=1024%2C286&ssl=1&resize=700%2C400 2x"},"classes":[]},{"id":89595,"url":"https:\/\/ismaelcolosi.com.br\/index.php\/2026\/03\/24\/descubra-o-que-e-e-para-que-serve-a-sociedade-anonima-sa-2\/","url_meta":{"origin":18773,"position":3},"title":"Descubra o que \u00e9 e para que serve a Sociedade An\u00f4nima (SA)","author":"ismaelcolosi.com.br","date":"24 de March de 2026","format":false,"excerpt":"Veja os diferenciais que a forma jur\u00eddica da Sociedade An\u00f4nima trazem para o seu neg\u00f3cio garantir o sucesso!\u00a0 Voc\u00ea est\u00e1 entrando no mundo dos neg\u00f3cios agora e est\u00e1 cogitando na ideia de ter parcerias? Veja a seguir como a Sociedade An\u00f4nima pode ajudar na trajet\u00f3ria da sua nova empresa junto\u2026","rel":"","context":"In &quot;Empreendedorismo&quot;","block_context":{"text":"Empreendedorismo","link":"https:\/\/ismaelcolosi.com.br\/index.php\/category\/empreendedorismo-negocios-ismael-colosi-negocios\/"},"img":{"alt_text":"","src":"https:\/\/i0.wp.com\/ismaelcolosi.com.br\/wp-content\/uploads\/2026\/03\/SA-1024x286.jpg?fit=1024%2C286&ssl=1&resize=350%2C200","width":350,"height":200,"srcset":"https:\/\/i0.wp.com\/ismaelcolosi.com.br\/wp-content\/uploads\/2026\/03\/SA-1024x286.jpg?fit=1024%2C286&ssl=1&resize=350%2C200 1x, https:\/\/i0.wp.com\/ismaelcolosi.com.br\/wp-content\/uploads\/2026\/03\/SA-1024x286.jpg?fit=1024%2C286&ssl=1&resize=525%2C300 1.5x, https:\/\/i0.wp.com\/ismaelcolosi.com.br\/wp-content\/uploads\/2026\/03\/SA-1024x286.jpg?fit=1024%2C286&ssl=1&resize=700%2C400 2x"},"classes":[]},{"id":7338,"url":"https:\/\/ismaelcolosi.com.br\/index.php\/2023\/11\/28\/calcados-sandalo-s-a-edital-de-convocacao-para-assembleia-geral-extraordinaria\/","url_meta":{"origin":18773,"position":4},"title":"Cal\u00e7ados S\u00e2ndalo S.A. \u2013 Edital de Convoca\u00e7\u00e3o para Assembl\u00e9ia Geral Extraordin\u00e1ria","author":"ismaelcolosi.com.br","date":"28 de November de 2023","format":false,"excerpt":"O post Cal\u00e7ados S\u00e2ndalo S.A. \u2013 Edital de Convoca\u00e7\u00e3o para Assembl\u00e9ia Geral Extraordin\u00e1ria apareceu primeiro em Jornal Tribuna Ribeir\u00e3o. Source link","rel":"","context":"In &quot;Not\u00edcias de Ribeir\u00e3o Preto-SP e Regi\u00e3o&quot;","block_context":{"text":"Not\u00edcias de Ribeir\u00e3o Preto-SP e Regi\u00e3o","link":"https:\/\/ismaelcolosi.com.br\/index.php\/category\/noticias-de-ribeirao-preto-sp-e-regiao-ismael-colosi\/"},"img":{"alt_text":"","src":"https:\/\/i0.wp.com\/ismaelcolosi.com.br\/wp-content\/uploads\/2023\/11\/publicidade-legal.png?fit=700%2C450&ssl=1&resize=350%2C200","width":350,"height":200,"srcset":"https:\/\/i0.wp.com\/ismaelcolosi.com.br\/wp-content\/uploads\/2023\/11\/publicidade-legal.png?fit=700%2C450&ssl=1&resize=350%2C200 1x, https:\/\/i0.wp.com\/ismaelcolosi.com.br\/wp-content\/uploads\/2023\/11\/publicidade-legal.png?fit=700%2C450&ssl=1&resize=525%2C300 1.5x, https:\/\/i0.wp.com\/ismaelcolosi.com.br\/wp-content\/uploads\/2023\/11\/publicidade-legal.png?fit=700%2C450&ssl=1&resize=700%2C400 2x"},"classes":[]},{"id":42685,"url":"https:\/\/ismaelcolosi.com.br\/index.php\/2024\/03\/16\/agropecuaria-rio-das-antas-s-a-assembleia-geral-ordinaria-e-extraordinaria-convocaca\/","url_meta":{"origin":18773,"position":5},"title":"Agropecu\u00e1ria Rio das Antas S.A. \u2013 Assembleia Geral Ordin\u00e1ria e Extraordin\u00e1ria \u2013 Convoca\u00e7\u00e3","author":"ismaelcolosi.com.br","date":"16 de March de 2024","format":false,"excerpt":"O post Agropecu\u00e1ria Rio das Antas S.A. \u2013 Assembleia Geral Ordin\u00e1ria e Extraordin\u00e1ria \u2013 Convoca\u00e7\u00e3 apareceu primeiro em Jornal Tribuna Ribeir\u00e3o. Source link","rel":"","context":"In &quot;Not\u00edcias de Ribeir\u00e3o Preto-SP e Regi\u00e3o&quot;","block_context":{"text":"Not\u00edcias de Ribeir\u00e3o Preto-SP e Regi\u00e3o","link":"https:\/\/ismaelcolosi.com.br\/index.php\/category\/noticias-de-ribeirao-preto-sp-e-regiao-ismael-colosi\/"},"img":{"alt_text":"","src":"https:\/\/i0.wp.com\/ismaelcolosi.com.br\/wp-content\/uploads\/2024\/03\/1710570086_publicidade-legal.png?fit=700%2C450&ssl=1&resize=350%2C200","width":350,"height":200,"srcset":"https:\/\/i0.wp.com\/ismaelcolosi.com.br\/wp-content\/uploads\/2024\/03\/1710570086_publicidade-legal.png?fit=700%2C450&ssl=1&resize=350%2C200 1x, https:\/\/i0.wp.com\/ismaelcolosi.com.br\/wp-content\/uploads\/2024\/03\/1710570086_publicidade-legal.png?fit=700%2C450&ssl=1&resize=525%2C300 1.5x, https:\/\/i0.wp.com\/ismaelcolosi.com.br\/wp-content\/uploads\/2024\/03\/1710570086_publicidade-legal.png?fit=700%2C450&ssl=1&resize=700%2C400 2x"},"classes":[]}],"jetpack_sharing_enabled":true,"jetpack_shortlink":"https:\/\/wp.me\/pfMlyK-4SN","_links":{"self":[{"href":"https:\/\/ismaelcolosi.com.br\/index.php\/wp-json\/wp\/v2\/posts\/18773","targetHints":{"allow":["GET"]}}],"collection":[{"href":"https:\/\/ismaelcolosi.com.br\/index.php\/wp-json\/wp\/v2\/posts"}],"about":[{"href":"https:\/\/ismaelcolosi.com.br\/index.php\/wp-json\/wp\/v2\/types\/post"}],"author":[{"embeddable":true,"href":"https:\/\/ismaelcolosi.com.br\/index.php\/wp-json\/wp\/v2\/users\/1"}],"replies":[{"embeddable":true,"href":"https:\/\/ismaelcolosi.com.br\/index.php\/wp-json\/wp\/v2\/comments?post=18773"}],"version-history":[{"count":0,"href":"https:\/\/ismaelcolosi.com.br\/index.php\/wp-json\/wp\/v2\/posts\/18773\/revisions"}],"wp:featuredmedia":[{"embeddable":true,"href":"https:\/\/ismaelcolosi.com.br\/index.php\/wp-json\/wp\/v2\/media\/18774"}],"wp:attachment":[{"href":"https:\/\/ismaelcolosi.com.br\/index.php\/wp-json\/wp\/v2\/media?parent=18773"}],"wp:term":[{"taxonomy":"category","embeddable":true,"href":"https:\/\/ismaelcolosi.com.br\/index.php\/wp-json\/wp\/v2\/categories?post=18773"},{"taxonomy":"post_tag","embeddable":true,"href":"https:\/\/ismaelcolosi.com.br\/index.php\/wp-json\/wp\/v2\/tags?post=18773"}],"curies":[{"name":"wp","href":"https:\/\/api.w.org\/{rel}","templated":true}]}}