{"id":18580,"date":"2023-12-20T17:25:14","date_gmt":"2023-12-20T20:25:14","guid":{"rendered":"https:\/\/ismaelcolosi.com.br\/index.php\/2023\/12\/20\/quem-era-o-jogador-de-17-anos-que-morreu-em-grave-acidente-de-moto-em-sc\/"},"modified":"2023-12-20T17:25:14","modified_gmt":"2023-12-20T20:25:14","slug":"quem-era-o-jogador-de-17-anos-que-morreu-em-grave-acidente-de-moto-em-sc","status":"publish","type":"post","link":"https:\/\/ismaelcolosi.com.br\/index.php\/2023\/12\/20\/quem-era-o-jogador-de-17-anos-que-morreu-em-grave-acidente-de-moto-em-sc\/","title":{"rendered":"Quem era o jogador de 17 anos que morreu em grave acidente de moto em SC"},"content":{"rendered":"<p> [ad_1]<br \/>\n<\/p>\n<div itemprop=\"text\">\n<p>O mundo do futebol em Rio do Campo, no Vale do Itaja\u00ed, foi atingido por uma devastadora not\u00edcia: Erick Douglas Cordeiro, um jovem talentoso de 17 anos, teve sua jornada interrompida de maneira abrupta em um tr\u00e1gico acidente de tr\u00e2nsito.<\/p>\n<p>Descrito por seu treinador, Mauricio Felippe Marian, como uma promessa promissora e admir\u00e1vel, o adolescente encontrou seu destino fat\u00eddico em uma colis\u00e3o entre a motocicleta que pilotava e um ve\u00edculo na noite da \u00faltima ter\u00e7a, dia 19 de dezembro.<\/p>\n<p>Com uma dedica\u00e7\u00e3o incans\u00e1vel e uma personalidade tranquila, Erick era um membro ativo da secretaria municipal de esportes e estava prestes a ingressar em um clube amador na categoria sub-20 no pr\u00f3ximo ano.<\/p>\n<p>Sua paix\u00e3o pelo esporte era evidente para aqueles que o conheciam de perto, especialmente seu treinador, que destacou n\u00e3o apenas suas habilidades esportivas, mas tamb\u00e9m sua humildade, responsabilidade e educa\u00e7\u00e3o.<\/p>\n<div class=\"code-block code-block-9\" style=\"margin: 8px auto; text-align: center; display: block; clear: both;\">\n<p><span style=\"font-size: xx-small;\"><b>PUBLICIDADE<\/b><\/span><\/p>\n<div class=\"separator\" style=\"clear: both; text-align: center;\"><a href=\"https:\/\/breeze.bet\/?c=1&amp;utm_source=fbs\" imageanchor=\"1\" style=\"margin-left: 1em; margin-right: 1em;\" target=\"_blank\" rel=\"noopener\"><img data-recalc-dims=\"1\" loading=\"lazy\" decoding=\"async\" border=\"0\" data-original-height=\"250\" data-original-width=\"300\" height=\"250\" src=\"https:\/\/i0.wp.com\/blogger.googleusercontent.com\/img\/b\/R29vZ2xl\/AVvXsEhHMStsQpenim-wcfJXHMndm0o0P6BrbXYcb_zvAoVvLcdQw8AP_XKlfa98ltKcznGeZ-LpsBl2FxLCp8WOYwgFSB3cRFm5w-61F-0aTWm387IgHB-GZMFhX20JbEzho8NVK1flhSUYOat_fFInLDqTMO3djGgM3zf7gMkbu8Ut7Zlm-7-ZYF292G63voBG\/s1600\/at%C3%A9%20X2500.png?resize=300%2C250&#038;ssl=1\" width=\"300\"\/><\/a><\/div>\n<\/div>\n<p>O impacto da perda de Erick reverberou profundamente na pequena comunidade de Rio do Campo, composta por apenas 6 mil habitantes. Sua popularidade e conex\u00e3o com muitos jovens na regi\u00e3o, especialmente aqueles ligados ao meio esportivo, provocaram uma onda de como\u00e7\u00e3o e tristeza.<\/p>\n<p>O futuro promissor de Erick foi tragicamente interrompido no momento em que se preparava para jogar no Sport Club de Rio do Campo na categoria sub-20 em 2024, uma oportunidade que poderia abrir portas para sua carreira no futebol profissional.<\/p>\n<p>A Liga Riosulense de Futebol expressou seu pesar pela perda irrepar\u00e1vel do jovem atleta, unindo-se em solidariedade \u00e0 fam\u00edlia, ao clube e aos amigos.<\/p>\n<\/div>\n<p>[ad_2]<br \/>\n<br \/><a href=\"https:\/\/fnmais.com\/quem-era-jogador-17-anos-que-morreu-em-grave-acidente-moto-em-sc\/\" target=\"_blank\" rel=\"noopener\">Source link <\/a><\/p>\n<div class='code-block code-block-4' style='margin: 8px auto 8px 0; text-align: left; display: block; clear: both;'>\n\ud83d\udce2 Aviso Legal\n\nO site ismaelcolosi.com.br atua apenas como um canal de divulga\u00e7\u00e3o de oportunidades de emprego e n\u00e3o se responsabiliza pelo processo seletivo, contrata\u00e7\u00e3o ou qualquer outra etapa relacionada \u00e0s vagas publicadas. Todas as informa\u00e7\u00f5es s\u00e3o de responsabilidade dos anunciantes.\n\n\u26a0\ufe0f Aten\u00e7\u00e3o! Nunca pague por promessas de emprego nem compre cursos que garantam contrata\u00e7\u00e3o. Desconfie de qualquer cobran\u00e7a para participar de sele\u00e7\u00f5es.\n\n\n\n<\/div>\n<!-- CONTENT END 1 -->\n","protected":false},"excerpt":{"rendered":"<p>[ad_1] O mundo do futebol em Rio do Campo, no Vale do Itaja\u00ed, foi atingido por uma devastadora not\u00edcia: Erick Douglas Cordeiro, um jovem talentoso de 17 anos, teve sua jornada interrompida de maneira abrupta em um tr\u00e1gico acidente de tr\u00e2nsito. Descrito por seu treinador, Mauricio Felippe Marian, como uma promessa promissora e admir\u00e1vel, o&hellip;&nbsp;<\/p>\n","protected":false},"author":1,"featured_media":18581,"comment_status":"open","ping_status":"open","sticky":false,"template":"","format":"standard","meta":{"_uag_custom_page_level_css":"","neve_meta_sidebar":"","neve_meta_container":"","neve_meta_enable_content_width":"","neve_meta_content_width":0,"neve_meta_title_alignment":"","neve_meta_author_avatar":"","neve_post_elements_order":"","neve_meta_disable_header":"","neve_meta_disable_footer":"","neve_meta_disable_title":"","_jetpack_newsletter_access":"","_jetpack_dont_email_post_to_subs":false,"_jetpack_newsletter_tier_id":0,"_jetpack_memberships_contains_paywalled_content":false,"_jetpack_memberships_contains_paid_content":false,"footnotes":""},"categories":[1],"tags":[],"class_list":["post-18580","post","type-post","status-publish","format-standard","has-post-thumbnail","hentry","category-blog"],"uagb_featured_image_src":{"full":["https:\/\/i0.wp.com\/ismaelcolosi.com.br\/wp-content\/uploads\/2023\/12\/postimg-65833449e33157208.jpg?fit=1200%2C628&ssl=1",1200,628,false],"thumbnail":["https:\/\/i0.wp.com\/ismaelcolosi.com.br\/wp-content\/uploads\/2023\/12\/postimg-65833449e33157208.jpg?resize=150%2C150&ssl=1",150,150,true],"medium":["https:\/\/i0.wp.com\/ismaelcolosi.com.br\/wp-content\/uploads\/2023\/12\/postimg-65833449e33157208.jpg?fit=300%2C157&ssl=1",300,157,true],"medium_large":["https:\/\/i0.wp.com\/ismaelcolosi.com.br\/wp-content\/uploads\/2023\/12\/postimg-65833449e33157208.jpg?fit=768%2C402&ssl=1",768,402,true],"large":["https:\/\/i0.wp.com\/ismaelcolosi.com.br\/wp-content\/uploads\/2023\/12\/postimg-65833449e33157208.jpg?fit=1024%2C536&ssl=1",1024,536,true],"1536x1536":["https:\/\/i0.wp.com\/ismaelcolosi.com.br\/wp-content\/uploads\/2023\/12\/postimg-65833449e33157208.jpg?fit=1200%2C628&ssl=1",1200,628,true],"2048x2048":["https:\/\/i0.wp.com\/ismaelcolosi.com.br\/wp-content\/uploads\/2023\/12\/postimg-65833449e33157208.jpg?fit=1200%2C628&ssl=1",1200,628,true],"neve-blog":["https:\/\/i0.wp.com\/ismaelcolosi.com.br\/wp-content\/uploads\/2023\/12\/postimg-65833449e33157208.jpg?resize=930%2C620&ssl=1",930,620,true]},"uagb_author_info":{"display_name":"ismaelcolosi.com.br","author_link":"https:\/\/ismaelcolosi.com.br\/author\/vidareal-online\/"},"uagb_comment_info":0,"uagb_excerpt":"[ad_1] O mundo do futebol em Rio do Campo, no Vale do Itaja\u00ed, foi atingido por uma devastadora not\u00edcia: Erick Douglas Cordeiro, um jovem talentoso de 17 anos, teve sua jornada interrompida de maneira abrupta em um tr\u00e1gico acidente de tr\u00e2nsito. Descrito por seu treinador, Mauricio Felippe Marian, como uma promessa promissora e admir\u00e1vel, o&hellip;&nbsp;","jetpack-related-posts":[{"id":66126,"url":"https:\/\/ismaelcolosi.com.br\/index.php\/2024\/09\/16\/dois-motociclistas-morrem-apos-batida-entre-motos-em-avenida-de-ribeirao\/","url_meta":{"origin":18580,"position":0},"title":"Dois motociclistas morrem ap\u00f3s batida entre motos em avenida de Ribeir\u00e3o","author":"ismaelcolosi.com.br","date":"16 de Setembro de 2024","format":false,"excerpt":"[ad_1] Dois motociclistas morreram na noite do \u00faltimo s\u00e1bado (14), ap\u00f3s a batida entre as motos que condiziam pela avenida Alfredo Ravanelli, zona Leste de Ribeir\u00e3o Preto. Segundo o boletim de ocorr\u00eancia (BO), as v\u00edtimas foram identificadas como \u00c9rick Souza Pires da Silva, de 23 anos, e Luan Aparecido Silva\u2026","rel":"","context":"In &quot;Not\u00edcias de Ribeir\u00e3o Preto-SP e Regi\u00e3o&quot;","block_context":{"text":"Not\u00edcias de Ribeir\u00e3o Preto-SP e Regi\u00e3o","link":"https:\/\/ismaelcolosi.com.br\/index.php\/category\/noticias-de-ribeirao-preto-sp-e-regiao-ismael-colosi\/"},"img":{"alt_text":"","src":"https:\/\/ismaelcolosi.com.br\/wp-content\/uploads\/2024\/02\/whatsapp_image_2022-08-14_at_12_10_03.jpe","width":350,"height":200,"srcset":"https:\/\/ismaelcolosi.com.br\/wp-content\/uploads\/2024\/02\/whatsapp_image_2022-08-14_at_12_10_03.jpe 1x, https:\/\/ismaelcolosi.com.br\/wp-content\/uploads\/2024\/02\/whatsapp_image_2022-08-14_at_12_10_03.jpe 1.5x, https:\/\/ismaelcolosi.com.br\/wp-content\/uploads\/2024\/02\/whatsapp_image_2022-08-14_at_12_10_03.jpe 2x, https:\/\/ismaelcolosi.com.br\/wp-content\/uploads\/2024\/02\/whatsapp_image_2022-08-14_at_12_10_03.jpe 3x"},"classes":[]},{"id":56673,"url":"https:\/\/ismaelcolosi.com.br\/index.php\/2024\/07\/14\/dunga-capitao-do-tetra-capota-carro-no-parana-apos-passagem-por-ribeirao-preto\/","url_meta":{"origin":18580,"position":1},"title":"Dunga, capit\u00e3o do tetra, capota carro no Paran\u00e1 ap\u00f3s passagem por Ribeir\u00e3o Preto","author":"ismaelcolosi.com.br","date":"14 de Julho de 2024","format":false,"excerpt":"[ad_1] Ex-treinador da sele\u00e7\u00e3o brasileira,\u00a0Dunga\u00a0sofreu acidente e capotou carro neste s\u00e1bado (13), na BR-116, pr\u00f3ximo a Campina Grande do Sul, na Regi\u00e3o Metropolitana de Curitiba, no Paran\u00e1. Capit\u00e3o do tetra, o ex-jogador estava ao lado de sua mulher, Evanir Verri. Eles eram os \u00fanicos no ve\u00edculo e foram atendidos ainda\u2026","rel":"","context":"In &quot;Not\u00edcias de Ribeir\u00e3o Preto-SP e Regi\u00e3o&quot;","block_context":{"text":"Not\u00edcias de Ribeir\u00e3o Preto-SP e Regi\u00e3o","link":"https:\/\/ismaelcolosi.com.br\/index.php\/category\/noticias-de-ribeirao-preto-sp-e-regiao-ismael-colosi\/"},"img":{"alt_text":"","src":"https:\/\/i0.wp.com\/ismaelcolosi.com.br\/wp-content\/uploads\/2024\/07\/DUNGA_2024-07-13_21-55-22_jpg_2024-07-13_21-55-22.webp.webp?fit=1200%2C709&ssl=1&resize=350%2C200","width":350,"height":200,"srcset":"https:\/\/i0.wp.com\/ismaelcolosi.com.br\/wp-content\/uploads\/2024\/07\/DUNGA_2024-07-13_21-55-22_jpg_2024-07-13_21-55-22.webp.webp?fit=1200%2C709&ssl=1&resize=350%2C200 1x, https:\/\/i0.wp.com\/ismaelcolosi.com.br\/wp-content\/uploads\/2024\/07\/DUNGA_2024-07-13_21-55-22_jpg_2024-07-13_21-55-22.webp.webp?fit=1200%2C709&ssl=1&resize=525%2C300 1.5x, https:\/\/i0.wp.com\/ismaelcolosi.com.br\/wp-content\/uploads\/2024\/07\/DUNGA_2024-07-13_21-55-22_jpg_2024-07-13_21-55-22.webp.webp?fit=1200%2C709&ssl=1&resize=700%2C400 2x, https:\/\/i0.wp.com\/ismaelcolosi.com.br\/wp-content\/uploads\/2024\/07\/DUNGA_2024-07-13_21-55-22_jpg_2024-07-13_21-55-22.webp.webp?fit=1200%2C709&ssl=1&resize=1050%2C600 3x"},"classes":[]},{"id":5397,"url":"https:\/\/ismaelcolosi.com.br\/index.php\/2023\/11\/23\/morre-rubens-minelli-um-dos-maiores-treinadores-do-futebol-brasileiro\/","url_meta":{"origin":18580,"position":2},"title":"Morre Rubens Minelli, um dos maiores treinadores do futebol brasileiro","author":"ismaelcolosi.com.br","date":"23 de Novembro de 2023","format":false,"excerpt":"[ad_1] Morreu nesta quinta-feira (23), aos 94 anos, o ex-treinador Rubens Minelli, que fez hist\u00f3ria no futebol brasileiro em equipes como Palmeiras, S\u00e3o Paulo, Internacional e Gr\u00eamio. Em Ribeir\u00e3o Preto, Minelli foi t\u00e9cnico do Botafogo nos anos 1960. A morte do ex-treinador foi confirmada por clubes pelos quais ele teve\u2026","rel":"","context":"In &quot;Not\u00edcias de Ribeir\u00e3o Preto-SP e Regi\u00e3o&quot;","block_context":{"text":"Not\u00edcias de Ribeir\u00e3o Preto-SP e Regi\u00e3o","link":"https:\/\/ismaelcolosi.com.br\/index.php\/category\/noticias-de-ribeirao-preto-sp-e-regiao-ismael-colosi\/"},"img":{"alt_text":"","src":"https:\/\/i0.wp.com\/ismaelcolosi.com.br\/wp-content\/uploads\/2023\/11\/rubens-minelli.jpg?fit=1080%2C608&ssl=1&resize=350%2C200","width":350,"height":200,"srcset":"https:\/\/i0.wp.com\/ismaelcolosi.com.br\/wp-content\/uploads\/2023\/11\/rubens-minelli.jpg?fit=1080%2C608&ssl=1&resize=350%2C200 1x, https:\/\/i0.wp.com\/ismaelcolosi.com.br\/wp-content\/uploads\/2023\/11\/rubens-minelli.jpg?fit=1080%2C608&ssl=1&resize=525%2C300 1.5x, https:\/\/i0.wp.com\/ismaelcolosi.com.br\/wp-content\/uploads\/2023\/11\/rubens-minelli.jpg?fit=1080%2C608&ssl=1&resize=700%2C400 2x, https:\/\/i0.wp.com\/ismaelcolosi.com.br\/wp-content\/uploads\/2023\/11\/rubens-minelli.jpg?fit=1080%2C608&ssl=1&resize=1050%2C600 3x"},"classes":[]},{"id":31804,"url":"https:\/\/ismaelcolosi.com.br\/index.php\/2024\/01\/23\/rp-abre-seletiva-para-time-feminino-de-basquete\/","url_meta":{"origin":18580,"position":3},"title":"RP abre seletiva para time feminino de basquete","author":"ismaelcolosi.com.br","date":"23 de Janeiro de 2024","format":false,"excerpt":"[ad_1] 23 de janeiro de 2024 | 11:0022 de janeiro de 2024 | 18:29 0A Secretaria de Esportes de Ribeir\u00e3o Preto\u00a0est\u00e1 com inscri\u00e7\u00f5es abertas para a seletiva de novas jogadoras para o time feminino de basquete. Podem participar meninas de 15 a 20 anos (nascidas at\u00e9 2004). A seletiva vai\u2026","rel":"","context":"In &quot;Not\u00edcias de Ribeir\u00e3o Preto-SP e Regi\u00e3o&quot;","block_context":{"text":"Not\u00edcias de Ribeir\u00e3o Preto-SP e Regi\u00e3o","link":"https:\/\/ismaelcolosi.com.br\/index.php\/category\/noticias-de-ribeirao-preto-sp-e-regiao-ismael-colosi\/"},"img":{"alt_text":"","src":"https:\/\/i0.wp.com\/ismaelcolosi.com.br\/wp-content\/uploads\/2024\/01\/BRA_USA.jpg?fit=967%2C645&ssl=1&resize=350%2C200","width":350,"height":200,"srcset":"https:\/\/i0.wp.com\/ismaelcolosi.com.br\/wp-content\/uploads\/2024\/01\/BRA_USA.jpg?fit=967%2C645&ssl=1&resize=350%2C200 1x, https:\/\/i0.wp.com\/ismaelcolosi.com.br\/wp-content\/uploads\/2024\/01\/BRA_USA.jpg?fit=967%2C645&ssl=1&resize=525%2C300 1.5x, https:\/\/i0.wp.com\/ismaelcolosi.com.br\/wp-content\/uploads\/2024\/01\/BRA_USA.jpg?fit=967%2C645&ssl=1&resize=700%2C400 2x"},"classes":[]},{"id":31684,"url":"https:\/\/ismaelcolosi.com.br\/index.php\/2024\/01\/23\/time-de-basquete-feminino-de-ribeirao-preto-busca-novos-talentos\/","url_meta":{"origin":18580,"position":4},"title":"Time de basquete feminino de Ribeir\u00e3o busca novos talentos; Veja como se inscrever","author":"ismaelcolosi.com.br","date":"23 de Janeiro de 2024","format":false,"excerpt":"[ad_1] O time de basquete feminino da Secretaria de Esportes de Ribeir\u00e3o Preto ir\u00e1 realizar, no dia 31 de janeiro, seletivas para buscar novos talentos que v\u00e3o integrar a equipe da cidade. Apesar de n\u00e3o ter limite de vagas, apenas as atletas que se destacarem na avalia\u00e7\u00e3o v\u00e3o fazer parte\u2026","rel":"","context":"In &quot;Not\u00edcias de Ribeir\u00e3o Preto-SP e Regi\u00e3o&quot;","block_context":{"text":"Not\u00edcias de Ribeir\u00e3o Preto-SP e Regi\u00e3o","link":"https:\/\/ismaelcolosi.com.br\/index.php\/category\/noticias-de-ribeirao-preto-sp-e-regiao-ismael-colosi\/"},"img":{"alt_text":"","src":"https:\/\/i0.wp.com\/ismaelcolosi.com.br\/wp-content\/uploads\/2024\/01\/Copia-de-Copia-de-TAMANHO-EXATO-PARA-FOTOS-NO-SISTEMA-NOVO-1-1.jpg?fit=1200%2C675&ssl=1&resize=350%2C200","width":350,"height":200,"srcset":"https:\/\/i0.wp.com\/ismaelcolosi.com.br\/wp-content\/uploads\/2024\/01\/Copia-de-Copia-de-TAMANHO-EXATO-PARA-FOTOS-NO-SISTEMA-NOVO-1-1.jpg?fit=1200%2C675&ssl=1&resize=350%2C200 1x, https:\/\/i0.wp.com\/ismaelcolosi.com.br\/wp-content\/uploads\/2024\/01\/Copia-de-Copia-de-TAMANHO-EXATO-PARA-FOTOS-NO-SISTEMA-NOVO-1-1.jpg?fit=1200%2C675&ssl=1&resize=525%2C300 1.5x, https:\/\/i0.wp.com\/ismaelcolosi.com.br\/wp-content\/uploads\/2024\/01\/Copia-de-Copia-de-TAMANHO-EXATO-PARA-FOTOS-NO-SISTEMA-NOVO-1-1.jpg?fit=1200%2C675&ssl=1&resize=700%2C400 2x, https:\/\/i0.wp.com\/ismaelcolosi.com.br\/wp-content\/uploads\/2024\/01\/Copia-de-Copia-de-TAMANHO-EXATO-PARA-FOTOS-NO-SISTEMA-NOVO-1-1.jpg?fit=1200%2C675&ssl=1&resize=1050%2C600 3x"},"classes":[]},{"id":25175,"url":"https:\/\/ismaelcolosi.com.br\/index.php\/2024\/01\/06\/tetracampeao-do-mundo-zagallo-tem-falecimento-confirmado-aos-92-anos-de-idade\/","url_meta":{"origin":18580,"position":5},"title":"Tetracampe\u00e3o do mundo, Zagallo tem falecimento confirmado aos 92 anos de idade","author":"ismaelcolosi.com.br","date":"6 de Janeiro de 2024","format":false,"excerpt":"[ad_1] Recentemente, foi divulgado a not\u00edcia do falecimento de M\u00e1rio Jorge Lobo Zagallo, mais conhecido como \u2018Velho Lobo\u2019, sendo considerado uma das figuras mais emblem\u00e1ticas do futebol brasileiro, ele deixou a muitos de luto.Ele faleceu aos 92 anos de idade, nesta \u00faltima s\u00e1bado, dia 6 de janeiro. O ex-atleta foi\u2026","rel":"","context":"In &quot;Blog&quot;","block_context":{"text":"Blog","link":"https:\/\/ismaelcolosi.com.br\/index.php\/category\/blog\/"},"img":{"alt_text":"","src":"https:\/\/i0.wp.com\/ismaelcolosi.com.br\/wp-content\/uploads\/2024\/01\/postimg-6598d7b1c8ac16502.jpg?fit=1200%2C628&ssl=1&resize=350%2C200","width":350,"height":200,"srcset":"https:\/\/i0.wp.com\/ismaelcolosi.com.br\/wp-content\/uploads\/2024\/01\/postimg-6598d7b1c8ac16502.jpg?fit=1200%2C628&ssl=1&resize=350%2C200 1x, https:\/\/i0.wp.com\/ismaelcolosi.com.br\/wp-content\/uploads\/2024\/01\/postimg-6598d7b1c8ac16502.jpg?fit=1200%2C628&ssl=1&resize=525%2C300 1.5x, https:\/\/i0.wp.com\/ismaelcolosi.com.br\/wp-content\/uploads\/2024\/01\/postimg-6598d7b1c8ac16502.jpg?fit=1200%2C628&ssl=1&resize=700%2C400 2x, https:\/\/i0.wp.com\/ismaelcolosi.com.br\/wp-content\/uploads\/2024\/01\/postimg-6598d7b1c8ac16502.jpg?fit=1200%2C628&ssl=1&resize=1050%2C600 3x"},"classes":[]}],"jetpack_sharing_enabled":true,"jetpack_shortlink":"https:\/\/wp.me\/pfMlyK-4PG","jetpack_featured_media_url":"https:\/\/i0.wp.com\/ismaelcolosi.com.br\/wp-content\/uploads\/2023\/12\/postimg-65833449e33157208.jpg?fit=1200%2C628&ssl=1","_links":{"self":[{"href":"https:\/\/ismaelcolosi.com.br\/index.php\/wp-json\/wp\/v2\/posts\/18580","targetHints":{"allow":["GET"]}}],"collection":[{"href":"https:\/\/ismaelcolosi.com.br\/index.php\/wp-json\/wp\/v2\/posts"}],"about":[{"href":"https:\/\/ismaelcolosi.com.br\/index.php\/wp-json\/wp\/v2\/types\/post"}],"author":[{"embeddable":true,"href":"https:\/\/ismaelcolosi.com.br\/index.php\/wp-json\/wp\/v2\/users\/1"}],"replies":[{"embeddable":true,"href":"https:\/\/ismaelcolosi.com.br\/index.php\/wp-json\/wp\/v2\/comments?post=18580"}],"version-history":[{"count":0,"href":"https:\/\/ismaelcolosi.com.br\/index.php\/wp-json\/wp\/v2\/posts\/18580\/revisions"}],"wp:featuredmedia":[{"embeddable":true,"href":"https:\/\/ismaelcolosi.com.br\/index.php\/wp-json\/wp\/v2\/media\/18581"}],"wp:attachment":[{"href":"https:\/\/ismaelcolosi.com.br\/index.php\/wp-json\/wp\/v2\/media?parent=18580"}],"wp:term":[{"taxonomy":"category","embeddable":true,"href":"https:\/\/ismaelcolosi.com.br\/index.php\/wp-json\/wp\/v2\/categories?post=18580"},{"taxonomy":"post_tag","embeddable":true,"href":"https:\/\/ismaelcolosi.com.br\/index.php\/wp-json\/wp\/v2\/tags?post=18580"}],"curies":[{"name":"wp","href":"https:\/\/api.w.org\/{rel}","templated":true}]}}