{"id":18580,"date":"2023-12-20T17:25:14","date_gmt":"2023-12-20T20:25:14","guid":{"rendered":"https:\/\/ismaelcolosi.com.br\/index.php\/2023\/12\/20\/quem-era-o-jogador-de-17-anos-que-morreu-em-grave-acidente-de-moto-em-sc\/"},"modified":"2023-12-20T17:25:14","modified_gmt":"2023-12-20T20:25:14","slug":"quem-era-o-jogador-de-17-anos-que-morreu-em-grave-acidente-de-moto-em-sc","status":"publish","type":"post","link":"https:\/\/ismaelcolosi.com.br\/index.php\/2023\/12\/20\/quem-era-o-jogador-de-17-anos-que-morreu-em-grave-acidente-de-moto-em-sc\/","title":{"rendered":"Quem era o jogador de 17 anos que morreu em grave acidente de moto em SC"},"content":{"rendered":"<p> <br \/>\n<\/p>\n<div itemprop=\"text\">\n<p>O mundo do futebol em Rio do Campo, no Vale do Itaja\u00ed, foi atingido por uma devastadora not\u00edcia: Erick Douglas Cordeiro, um jovem talentoso de 17 anos, teve sua jornada interrompida de maneira abrupta em um tr\u00e1gico acidente de tr\u00e2nsito.<\/p>\n<p>Descrito por seu treinador, Mauricio Felippe Marian, como uma promessa promissora e admir\u00e1vel, o adolescente encontrou seu destino fat\u00eddico em uma colis\u00e3o entre a motocicleta que pilotava e um ve\u00edculo na noite da \u00faltima ter\u00e7a, dia 19 de dezembro.<\/p><div class='code-block code-block-8' style='margin: 8px auto; text-align: center; display: block; clear: both;'>\n<script>\n  atOptions = {\n    'key' : '66e2e2111ca34da796271819fc334058',\n    'format' : 'iframe',\n    'height' : 250,\n    'width' : 300,\n    'params' : {}\n  };\n<\/script>\n<script src=\"https:\/\/www.highperformanceformat.com\/66e2e2111ca34da796271819fc334058\/invoke.js\"><\/script>\n<\/div>\n\n<p>Com uma dedica\u00e7\u00e3o incans\u00e1vel e uma personalidade tranquila, Erick era um membro ativo da secretaria municipal de esportes e estava prestes a ingressar em um clube amador na categoria sub-20 no pr\u00f3ximo ano.<\/p>\n<p>Sua paix\u00e3o pelo esporte era evidente para aqueles que o conheciam de perto, especialmente seu treinador, que destacou n\u00e3o apenas suas habilidades esportivas, mas tamb\u00e9m sua humildade, responsabilidade e educa\u00e7\u00e3o.<\/p>\n<div class=\"code-block code-block-9\" style=\"margin: 8px auto; text-align: center; display: block; clear: both;\">\n<p><span style=\"font-size: xx-small;\"><b>PUBLICIDADE<\/b><\/span><\/p>\n<div class=\"separator\" style=\"clear: both; text-align: center;\"><a href=\"https:\/\/breeze.bet\/?c=1&amp;utm_source=fbs\" imageanchor=\"1\" style=\"margin-left: 1em; margin-right: 1em;\" target=\"_blank\" rel=\"noopener\"><img data-recalc-dims=\"1\" loading=\"lazy\" decoding=\"async\" border=\"0\" data-original-height=\"250\" data-original-width=\"300\" height=\"250\" src=\"https:\/\/i0.wp.com\/blogger.googleusercontent.com\/img\/b\/R29vZ2xl\/AVvXsEhHMStsQpenim-wcfJXHMndm0o0P6BrbXYcb_zvAoVvLcdQw8AP_XKlfa98ltKcznGeZ-LpsBl2FxLCp8WOYwgFSB3cRFm5w-61F-0aTWm387IgHB-GZMFhX20JbEzho8NVK1flhSUYOat_fFInLDqTMO3djGgM3zf7gMkbu8Ut7Zlm-7-ZYF292G63voBG\/s1600\/at%C3%A9%20X2500.png?resize=300%2C250&#038;ssl=1\" width=\"300\"\/><\/a><\/div>\n<\/div>\n<p>O impacto da perda de Erick reverberou profundamente na pequena comunidade de Rio do Campo, composta por apenas 6 mil habitantes. Sua popularidade e conex\u00e3o com muitos jovens na regi\u00e3o, especialmente aqueles ligados ao meio esportivo, provocaram uma onda de como\u00e7\u00e3o e tristeza.<\/p>\n<p>O futuro promissor de Erick foi tragicamente interrompido no momento em que se preparava para jogar no Sport Club de Rio do Campo na categoria sub-20 em 2024, uma oportunidade que poderia abrir portas para sua carreira no futebol profissional.<\/p>\n<p>A Liga Riosulense de Futebol expressou seu pesar pela perda irrepar\u00e1vel do jovem atleta, unindo-se em solidariedade \u00e0 fam\u00edlia, ao clube e aos amigos.<\/p>\n<\/div>\n<p><br \/>\n<br \/><a href=\"https:\/\/fnmais.com\/quem-era-jogador-17-anos-que-morreu-em-grave-acidente-moto-em-sc\/\">Source link <\/a><\/p>\n<div class='code-block code-block-4' style='margin: 8px auto 8px 0; text-align: left; display: block; clear: both;'>\n\ud83d\udce2 Aviso Legal\n\nO site ismaelcolosi.com.br atua apenas como um canal de divulga\u00e7\u00e3o de oportunidades de emprego e n\u00e3o se responsabiliza pelo processo seletivo, contrata\u00e7\u00e3o ou qualquer outra etapa relacionada \u00e0s vagas publicadas. Todas as informa\u00e7\u00f5es s\u00e3o de responsabilidade dos anunciantes.\n\n\u26a0\ufe0f Aten\u00e7\u00e3o! Nunca pague por promessas de emprego nem compre cursos que garantam contrata\u00e7\u00e3o. Desconfie de qualquer cobran\u00e7a para participar de sele\u00e7\u00f5es.\n\n\n\n<\/div>\n<!-- CONTENT END 1 -->\n","protected":false},"excerpt":{"rendered":"<p>O mundo do futebol em Rio do Campo, no Vale do Itaja\u00ed, foi atingido por uma devastadora not\u00edcia: Erick Douglas Cordeiro, um jovem talentoso de&#8230;<\/p>\n","protected":false},"author":1,"featured_media":18581,"comment_status":"open","ping_status":"open","sticky":false,"template":"","format":"standard","meta":{"_uag_custom_page_level_css":"","advanced_seo_description":"","jetpack_seo_html_title":"","jetpack_seo_noindex":false,"jetpack_post_was_ever_published":false,"_jetpack_newsletter_access":"","_jetpack_dont_email_post_to_subs":false,"_jetpack_newsletter_tier_id":0,"_jetpack_memberships_contains_paywalled_content":false,"_jetpack_memberships_contains_paid_content":false,"footnotes":"","jetpack_publicize_message":"","jetpack_publicize_feature_enabled":true,"jetpack_social_post_already_shared":true,"jetpack_social_options":{"image_generator_settings":{"template":"highway","default_image_id":0,"font":"","enabled":false},"version":2}},"categories":[1],"tags":[],"class_list":["post-18580","post","type-post","status-publish","format-standard","has-post-thumbnail","hentry","category-blog"],"jetpack_publicize_connections":[],"jetpack_featured_media_url":"https:\/\/i0.wp.com\/ismaelcolosi.com.br\/wp-content\/uploads\/2023\/12\/postimg-65833449e33157208.jpg?fit=1200%2C628&ssl=1","uagb_featured_image_src":{"full":["https:\/\/i0.wp.com\/ismaelcolosi.com.br\/wp-content\/uploads\/2023\/12\/postimg-65833449e33157208.jpg?fit=1200%2C628&ssl=1",1200,628,false],"thumbnail":["https:\/\/i0.wp.com\/ismaelcolosi.com.br\/wp-content\/uploads\/2023\/12\/postimg-65833449e33157208.jpg?resize=150%2C150&ssl=1",150,150,true],"medium":["https:\/\/i0.wp.com\/ismaelcolosi.com.br\/wp-content\/uploads\/2023\/12\/postimg-65833449e33157208.jpg?fit=300%2C157&ssl=1",300,157,true],"medium_large":["https:\/\/i0.wp.com\/ismaelcolosi.com.br\/wp-content\/uploads\/2023\/12\/postimg-65833449e33157208.jpg?fit=768%2C402&ssl=1",768,402,true],"large":["https:\/\/i0.wp.com\/ismaelcolosi.com.br\/wp-content\/uploads\/2023\/12\/postimg-65833449e33157208.jpg?fit=1024%2C536&ssl=1",1024,536,true],"1536x1536":["https:\/\/i0.wp.com\/ismaelcolosi.com.br\/wp-content\/uploads\/2023\/12\/postimg-65833449e33157208.jpg?fit=1200%2C628&ssl=1",1200,628,true],"2048x2048":["https:\/\/i0.wp.com\/ismaelcolosi.com.br\/wp-content\/uploads\/2023\/12\/postimg-65833449e33157208.jpg?fit=1200%2C628&ssl=1",1200,628,true],"really-simple-thumb":["https:\/\/i0.wp.com\/ismaelcolosi.com.br\/wp-content\/uploads\/2023\/12\/postimg-65833449e33157208.jpg?resize=370%2C247&ssl=1",370,247,true]},"uagb_author_info":{"display_name":"ismaelcolosi.com.br","author_link":"https:\/\/ismaelcolosi.com.br\/index.php\/author\/vidareal-online\/"},"uagb_comment_info":0,"uagb_excerpt":"O mundo do futebol em Rio do Campo, no Vale do Itaja\u00ed, foi atingido por uma devastadora not\u00edcia: Erick Douglas Cordeiro, um jovem talentoso de...","jetpack-related-posts":[{"id":24949,"url":"https:\/\/ismaelcolosi.com.br\/index.php\/2024\/01\/05\/empresario-de-42-anos-morre-em-grave-acidente-na-br-373\/","url_meta":{"origin":18580,"position":0},"title":"Empres\u00e1rio de 42 anos morre em grave acidente na BR-373","author":"ismaelcolosi.com.br","date":"5 de January de 2024","format":false,"excerpt":"Um tr\u00e1gico acidente rodovi\u00e1rio ceifou a vida de Samuel Eurich, um empres\u00e1rio de 42 anos, na BR-373, pr\u00f3ximo a Imbituva, nos Campos Gerais do Paran\u00e1. O incidente ocorreu na tarde da \u00faltima quarta-feira, quando Eurich, dirigindo seu ve\u00edculo, colidiu frontalmente com um caminh\u00e3o.A Pol\u00edcia Rodovi\u00e1ria Federal relatou que Eurich estava\u2026","rel":"","context":"In &quot;Blog&quot;","block_context":{"text":"Blog","link":"https:\/\/ismaelcolosi.com.br\/index.php\/category\/blog\/"},"img":{"alt_text":"","src":"https:\/\/i0.wp.com\/ismaelcolosi.com.br\/wp-content\/uploads\/2024\/01\/postimg-65983397ceb483205.jpg?fit=1200%2C628&ssl=1&resize=350%2C200","width":350,"height":200,"srcset":"https:\/\/i0.wp.com\/ismaelcolosi.com.br\/wp-content\/uploads\/2024\/01\/postimg-65983397ceb483205.jpg?fit=1200%2C628&ssl=1&resize=350%2C200 1x, https:\/\/i0.wp.com\/ismaelcolosi.com.br\/wp-content\/uploads\/2024\/01\/postimg-65983397ceb483205.jpg?fit=1200%2C628&ssl=1&resize=525%2C300 1.5x, https:\/\/i0.wp.com\/ismaelcolosi.com.br\/wp-content\/uploads\/2024\/01\/postimg-65983397ceb483205.jpg?fit=1200%2C628&ssl=1&resize=700%2C400 2x, https:\/\/i0.wp.com\/ismaelcolosi.com.br\/wp-content\/uploads\/2024\/01\/postimg-65983397ceb483205.jpg?fit=1200%2C628&ssl=1&resize=1050%2C600 3x"},"classes":[]},{"id":10971,"url":"https:\/\/ismaelcolosi.com.br\/index.php\/2023\/12\/05\/iremos-lembrar-sempre-do-seu-sorriso-video-do-acidente\/","url_meta":{"origin":18580,"position":1},"title":"&#8220;Iremos lembrar sempre do seu sorriso&#8221;; v\u00eddeo do acidente","author":"ismaelcolosi.com.br","date":"5 de December de 2023","format":false,"excerpt":"Uma mulher perdeu sua vida ap\u00f3s se envolver em um tr\u00e1gico acidente de tr\u00e2nsito na regi\u00e3o de Recife, em Pernambuco. Al\u00e9m dela, um homem tamb\u00e9m n\u00e3o resistiu, devido a gravidade de toda a situa\u00e7\u00e3o.A v\u00edtima foi identificada pelo nome de Emily Matias, de 25 anos de idade. Ela era ex-produtora\u2026","rel":"","context":"In &quot;Blog&quot;","block_context":{"text":"Blog","link":"https:\/\/ismaelcolosi.com.br\/index.php\/category\/blog\/"},"img":{"alt_text":"","src":"https:\/\/i0.wp.com\/ismaelcolosi.com.br\/wp-content\/uploads\/2023\/12\/postimg-656f36ec9f1603811.jpg?fit=1200%2C628&ssl=1&resize=350%2C200","width":350,"height":200,"srcset":"https:\/\/i0.wp.com\/ismaelcolosi.com.br\/wp-content\/uploads\/2023\/12\/postimg-656f36ec9f1603811.jpg?fit=1200%2C628&ssl=1&resize=350%2C200 1x, https:\/\/i0.wp.com\/ismaelcolosi.com.br\/wp-content\/uploads\/2023\/12\/postimg-656f36ec9f1603811.jpg?fit=1200%2C628&ssl=1&resize=525%2C300 1.5x, https:\/\/i0.wp.com\/ismaelcolosi.com.br\/wp-content\/uploads\/2023\/12\/postimg-656f36ec9f1603811.jpg?fit=1200%2C628&ssl=1&resize=700%2C400 2x, https:\/\/i0.wp.com\/ismaelcolosi.com.br\/wp-content\/uploads\/2023\/12\/postimg-656f36ec9f1603811.jpg?fit=1200%2C628&ssl=1&resize=1050%2C600 3x"},"classes":[]},{"id":28064,"url":"https:\/\/ismaelcolosi.com.br\/index.php\/2024\/01\/14\/professor-de-49-anos-morre-apos-colisao-inusitada-na-br-060-acidente-foi-causado-por-caminhao\/","url_meta":{"origin":18580,"position":2},"title":"Professor de 49 anos morre ap\u00f3s colis\u00e3o inusitada na BR-060; acidente foi causado por caminh\u00e3o","author":"ismaelcolosi.com.br","date":"14 de January de 2024","format":false,"excerpt":"Um tr\u00e1gico acidente ocorrido na BR-060, em Cezarina, no sul de Goi\u00e1s, resultou na morte do professor de rob\u00f3tica Max Vin\u00edcius Cunha, de 49 anos, e deixou gravemente ferida uma mulher de 63 anos.O incidente ocorreu na \u00faltima sexta, dia 12 de janeiro, quando uma roda de caminh\u00e3o se desprendeu\u2026","rel":"","context":"In &quot;Blog&quot;","block_context":{"text":"Blog","link":"https:\/\/ismaelcolosi.com.br\/index.php\/category\/blog\/"},"img":{"alt_text":"","src":"https:\/\/i0.wp.com\/ismaelcolosi.com.br\/wp-content\/uploads\/2024\/01\/postimg-65a42d1dec8619468.jpg?fit=1200%2C628&ssl=1&resize=350%2C200","width":350,"height":200,"srcset":"https:\/\/i0.wp.com\/ismaelcolosi.com.br\/wp-content\/uploads\/2024\/01\/postimg-65a42d1dec8619468.jpg?fit=1200%2C628&ssl=1&resize=350%2C200 1x, https:\/\/i0.wp.com\/ismaelcolosi.com.br\/wp-content\/uploads\/2024\/01\/postimg-65a42d1dec8619468.jpg?fit=1200%2C628&ssl=1&resize=525%2C300 1.5x, https:\/\/i0.wp.com\/ismaelcolosi.com.br\/wp-content\/uploads\/2024\/01\/postimg-65a42d1dec8619468.jpg?fit=1200%2C628&ssl=1&resize=700%2C400 2x, https:\/\/i0.wp.com\/ismaelcolosi.com.br\/wp-content\/uploads\/2024\/01\/postimg-65a42d1dec8619468.jpg?fit=1200%2C628&ssl=1&resize=1050%2C600 3x"},"classes":[]},{"id":28272,"url":"https:\/\/ismaelcolosi.com.br\/index.php\/2024\/01\/15\/delegado-do-rn-perde-a-vida-de-forma-tragica-apos-seu-carro-colidir-contra-poste-em-go-um-homem-honrado\/","url_meta":{"origin":18580,"position":3},"title":"Delegado do RN perde a vida de forma tr\u00e1gica ap\u00f3s seu carro colidir contra poste em GO: &#8216;Um homem honrado&#8217;","author":"ismaelcolosi.com.br","date":"15 de January de 2024","format":false,"excerpt":"O delegado Donny Exodo Lima Cavalcante, de 38 anos, perdeu sua vida ap\u00f3s falecer em um tr\u00e1gico acidente de tr\u00e2nsito. A situa\u00e7\u00e3o aconteceu neste \u00faltimo domingo, dia 14 de janeiro, no Jardim Goi\u00e1s, na capital goiana. O delegado era filiado a Pol\u00edcia Civil do Rio Grande do Norte.A trag\u00e9dia aconteceu\u2026","rel":"","context":"In &quot;Blog&quot;","block_context":{"text":"Blog","link":"https:\/\/ismaelcolosi.com.br\/index.php\/category\/blog\/"},"img":{"alt_text":"","src":"https:\/\/i0.wp.com\/ismaelcolosi.com.br\/wp-content\/uploads\/2024\/01\/postimg-65a54cd761fb57681.jpg?fit=1200%2C628&ssl=1&resize=350%2C200","width":350,"height":200,"srcset":"https:\/\/i0.wp.com\/ismaelcolosi.com.br\/wp-content\/uploads\/2024\/01\/postimg-65a54cd761fb57681.jpg?fit=1200%2C628&ssl=1&resize=350%2C200 1x, https:\/\/i0.wp.com\/ismaelcolosi.com.br\/wp-content\/uploads\/2024\/01\/postimg-65a54cd761fb57681.jpg?fit=1200%2C628&ssl=1&resize=525%2C300 1.5x, https:\/\/i0.wp.com\/ismaelcolosi.com.br\/wp-content\/uploads\/2024\/01\/postimg-65a54cd761fb57681.jpg?fit=1200%2C628&ssl=1&resize=700%2C400 2x, https:\/\/i0.wp.com\/ismaelcolosi.com.br\/wp-content\/uploads\/2024\/01\/postimg-65a54cd761fb57681.jpg?fit=1200%2C628&ssl=1&resize=1050%2C600 3x"},"classes":[]},{"id":8673,"url":"https:\/\/ismaelcolosi.com.br\/index.php\/2023\/11\/30\/jovem-jogador-de-futebol-perde-a-vida-em-acidente-de-carro-na-volta-de-partida-outros-4-atletas-ficaram-feridos\/","url_meta":{"origin":18580,"position":4},"title":"Jovem jogador de futebol perde a vida em acidente de carro na volta de partida; outros 4 atletas ficaram feridos","author":"ismaelcolosi.com.br","date":"30 de November de 2023","format":false,"excerpt":"Um jovem jogador de futebol de 25 anos morreu ap\u00f3s ter colidido o seu ve\u00edculo contra um poste. Ele foi identificado pelo nome de Adriano Sampaio, mais conhecido como Adriano Bolol\u00f4.O caso aconteceu no Cear\u00e1, durante a madrugada desta quinta-feira, dia 30 de novembro. Outros quatro atletas estavam dentro do\u2026","rel":"","context":"In &quot;Blog&quot;","block_context":{"text":"Blog","link":"https:\/\/ismaelcolosi.com.br\/index.php\/category\/blog\/"},"img":{"alt_text":"","src":"https:\/\/i0.wp.com\/ismaelcolosi.com.br\/wp-content\/uploads\/2023\/11\/postimg-6568cd257df079705.jpg?fit=1200%2C628&ssl=1&resize=350%2C200","width":350,"height":200,"srcset":"https:\/\/i0.wp.com\/ismaelcolosi.com.br\/wp-content\/uploads\/2023\/11\/postimg-6568cd257df079705.jpg?fit=1200%2C628&ssl=1&resize=350%2C200 1x, https:\/\/i0.wp.com\/ismaelcolosi.com.br\/wp-content\/uploads\/2023\/11\/postimg-6568cd257df079705.jpg?fit=1200%2C628&ssl=1&resize=525%2C300 1.5x, https:\/\/i0.wp.com\/ismaelcolosi.com.br\/wp-content\/uploads\/2023\/11\/postimg-6568cd257df079705.jpg?fit=1200%2C628&ssl=1&resize=700%2C400 2x, https:\/\/i0.wp.com\/ismaelcolosi.com.br\/wp-content\/uploads\/2023\/11\/postimg-6568cd257df079705.jpg?fit=1200%2C628&ssl=1&resize=1050%2C600 3x"},"classes":[]},{"id":25175,"url":"https:\/\/ismaelcolosi.com.br\/index.php\/2024\/01\/06\/tetracampeao-do-mundo-zagallo-tem-falecimento-confirmado-aos-92-anos-de-idade\/","url_meta":{"origin":18580,"position":5},"title":"Tetracampe\u00e3o do mundo, Zagallo tem falecimento confirmado aos 92 anos de idade","author":"ismaelcolosi.com.br","date":"6 de January de 2024","format":false,"excerpt":"Recentemente, foi divulgado a not\u00edcia do falecimento de M\u00e1rio Jorge Lobo Zagallo, mais conhecido como \u2018Velho Lobo\u2019, sendo considerado uma das figuras mais emblem\u00e1ticas do futebol brasileiro, ele deixou a muitos de luto.Ele faleceu aos 92 anos de idade, nesta \u00faltima s\u00e1bado, dia 6 de janeiro. O ex-atleta foi considerado\u2026","rel":"","context":"In &quot;Blog&quot;","block_context":{"text":"Blog","link":"https:\/\/ismaelcolosi.com.br\/index.php\/category\/blog\/"},"img":{"alt_text":"","src":"https:\/\/i0.wp.com\/ismaelcolosi.com.br\/wp-content\/uploads\/2024\/01\/postimg-6598d7b1c8ac16502.jpg?fit=1200%2C628&ssl=1&resize=350%2C200","width":350,"height":200,"srcset":"https:\/\/i0.wp.com\/ismaelcolosi.com.br\/wp-content\/uploads\/2024\/01\/postimg-6598d7b1c8ac16502.jpg?fit=1200%2C628&ssl=1&resize=350%2C200 1x, https:\/\/i0.wp.com\/ismaelcolosi.com.br\/wp-content\/uploads\/2024\/01\/postimg-6598d7b1c8ac16502.jpg?fit=1200%2C628&ssl=1&resize=525%2C300 1.5x, https:\/\/i0.wp.com\/ismaelcolosi.com.br\/wp-content\/uploads\/2024\/01\/postimg-6598d7b1c8ac16502.jpg?fit=1200%2C628&ssl=1&resize=700%2C400 2x, https:\/\/i0.wp.com\/ismaelcolosi.com.br\/wp-content\/uploads\/2024\/01\/postimg-6598d7b1c8ac16502.jpg?fit=1200%2C628&ssl=1&resize=1050%2C600 3x"},"classes":[]}],"jetpack_sharing_enabled":true,"jetpack_shortlink":"https:\/\/wp.me\/pfMlyK-4PG","_links":{"self":[{"href":"https:\/\/ismaelcolosi.com.br\/index.php\/wp-json\/wp\/v2\/posts\/18580","targetHints":{"allow":["GET"]}}],"collection":[{"href":"https:\/\/ismaelcolosi.com.br\/index.php\/wp-json\/wp\/v2\/posts"}],"about":[{"href":"https:\/\/ismaelcolosi.com.br\/index.php\/wp-json\/wp\/v2\/types\/post"}],"author":[{"embeddable":true,"href":"https:\/\/ismaelcolosi.com.br\/index.php\/wp-json\/wp\/v2\/users\/1"}],"replies":[{"embeddable":true,"href":"https:\/\/ismaelcolosi.com.br\/index.php\/wp-json\/wp\/v2\/comments?post=18580"}],"version-history":[{"count":0,"href":"https:\/\/ismaelcolosi.com.br\/index.php\/wp-json\/wp\/v2\/posts\/18580\/revisions"}],"wp:featuredmedia":[{"embeddable":true,"href":"https:\/\/ismaelcolosi.com.br\/index.php\/wp-json\/wp\/v2\/media\/18581"}],"wp:attachment":[{"href":"https:\/\/ismaelcolosi.com.br\/index.php\/wp-json\/wp\/v2\/media?parent=18580"}],"wp:term":[{"taxonomy":"category","embeddable":true,"href":"https:\/\/ismaelcolosi.com.br\/index.php\/wp-json\/wp\/v2\/categories?post=18580"},{"taxonomy":"post_tag","embeddable":true,"href":"https:\/\/ismaelcolosi.com.br\/index.php\/wp-json\/wp\/v2\/tags?post=18580"}],"curies":[{"name":"wp","href":"https:\/\/api.w.org\/{rel}","templated":true}]}}