{"id":17985,"date":"2023-12-19T14:41:15","date_gmt":"2023-12-19T17:41:15","guid":{"rendered":"https:\/\/ismaelcolosi.com.br\/index.php\/2023\/12\/19\/estudo-descobre-comportamento-a-noite-ligado-a-risco-de-demencia\/"},"modified":"2023-12-19T14:41:15","modified_gmt":"2023-12-19T17:41:15","slug":"estudo-descobre-comportamento-a-noite-ligado-a-risco-de-demencia","status":"publish","type":"post","link":"https:\/\/ismaelcolosi.com.br\/index.php\/2023\/12\/19\/estudo-descobre-comportamento-a-noite-ligado-a-risco-de-demencia\/","title":{"rendered":"Estudo descobre comportamento \u00e0 noite ligado a risco de dem\u00eancia"},"content":{"rendered":"<p> [ad_1]<br \/>\n<\/p>\n<div>\n<p>Um estudo da <a href=\"https:\/\/www.aan.com\/\" target=\"_blank\" rel=\"noopener\">Academia Americana de Neurologia<\/a> monitorou os padr\u00f5es de sono de mais de 88.000 pessoas no Reino Unido e descobriu que um certo comportamento \u00e0 noite est\u00e1 ligado a um maior risco de <a href=\"https:\/\/catracalivre.com.br\/saude-bem-estar\/os-sinais-de-demencia-que-quase-ninguem-conhece\/\" target=\"_blank\" rel=\"noopener\">dem\u00eancia<\/a>.<\/p>\n<p>De acordo com os pesquisadores, aqueles participantes que acordavam pelo menos duas vezes durante a noite apresentaram uma maior probabilidade de desenvolver a condi\u00e7\u00e3o. O estudo acompanhou essas pessoas com idade m\u00e9dia de 62 anos por sete anos.<\/p>\n<div class=\"d-flex justify-content-center\" data-attachment-id=\"2329140\">\n<div class=\"position-relative d-inline-block\"><img data-recalc-dims=\"1\" data-portal-copyright=\"HayDmitriy\/DepositPhotos\" fetchpriority=\"high\" decoding=\"async\" class=\"alignnone size-large wp-image-2329140\" src=\"https:\/\/i0.wp.com\/catracalivre.com.br\/wp-content\/uploads\/2023\/12\/depositphotos-582475020-l-910x283.jpg?resize=910%2C283&#038;ssl=1\" alt=\"acordar \u00e0 noite\" width=\"910\" height=\"283\" srcset=\"https:\/\/catracalivre.com.br\/wp-content\/uploads\/2023\/12\/depositphotos-582475020-l-910x283.jpg 910w, https:\/\/catracalivre.com.br\/wp-content\/uploads\/2023\/12\/depositphotos-582475020-l-450x140.jpg 450w, https:\/\/catracalivre.com.br\/wp-content\/uploads\/2023\/12\/depositphotos-582475020-l-768x238.jpg 768w\" sizes=\"(max-width: 910px) 100vw, 910px\"\/><\/p>\n<p>Cr\u00e9ditos: HayDmitriy\/DepositPhotos<\/p>\n<\/div>\n<\/div>\n<p>A pesquisa, publicada na na revista m\u00e9dica Neurology, concluiu que um total de 480 participantes desenvolveram dem\u00eancia, e pessoas com padr\u00f5es de sono irregulares tinham 53% mais probabilidade de desenvolver dem\u00eancia.<\/p>\n<p>Embora a rela\u00e7\u00e3o entre sono irregular e dem\u00eancia n\u00e3o seja clara, o estudo mostra que os dois podem estar intimamente relacionados.<\/p>\n<h2>Como \u00e9 poss\u00edvel reduzir o risco?<\/h2>\n<p>Estudos anteriores descobriram que as pessoas com sono irregular s\u00f3 precisam melhorar a regularidade do sono para ajudar a evitar o risco de dem\u00eancia.<\/p>\n<p>Pesquisadores do <a href=\"https:\/\/www.nih.gov\/\" target=\"_blank\" rel=\"noopener\">National Institutes of Health<\/a> recomendam dormir de sete a nove horas por noite.<\/p>\n<p>No entanto, isso pode ser menos importante do que manter um hor\u00e1rio regular de <a href=\"https:\/\/catracalivre.com.br\/saude-bem-estar\/sinal-de-alerta-de-demencia-pode-aparecer-durante-o-sono\/\" target=\"_blank\" rel=\"noopener\">sono<\/a>. O sono regular \u00e9 definido como ir para a cama e acordar na mesma hora todos os dias.<\/p>\n<p>Al\u00e9m disso, diz-se que o sono irregular consiste em dormir tr\u00eas per\u00edodos curtos com dura\u00e7\u00e3o de 1 a 4 horas ao longo do dia.<\/p>\n<p>De acordo com um estudo publicado no Journal of the American Heart Association, o sono irregular estava ligado ao desenvolvimento de art\u00e9rias obstru\u00eddas. Enquanto isso, o risco cardiovascular tamb\u00e9m \u00e9 um fator de risco modific\u00e1vel bem estabelecido para dem\u00eancia.<\/p>\n<\/div>\n<p><script>\n\t\t! function(f, b, e, v, n, t, s) {\n\t\t\tif (f.fbq) return;\n\t\t\tn = f.fbq = function() {\n\t\t\t\tn.callMethod ?\n\t\t\t\t\tn.callMethod.apply(n, arguments) : n.queue.push(arguments)\n\t\t\t};\n\t\t\tif (!f._fbq) f._fbq = n;\n\t\t\tn.push = n;\n\t\t\tn.loaded = !0;\n\t\t\tn.version = '2.0';\n\t\t\tn.queue = [];\n\t\t\tt = b.createElement(e);\n\t\t\tt.async = !0;\n\t\t\tt.src = v;\n\t\t\ts = b.getElementsByTagName(e)[0];\n\t\t\ts.parentNode.insertBefore(t, s)\n\t\t}(window, document, 'script',\n\t\t\t'https:\/\/connect.facebook.net\/en_US\/fbevents.js');\n\t\tfbq('init', '338315473262380');\n\t\tfbq('track', 'PageView');\n\t<\/script><br \/>\n<br \/>[ad_2]<br \/>\n<br \/><a href=\"https:\/\/catracalivre.com.br\/saude-bem-estar\/estudo-descobre-comportamento-a-noite-ligado-a-risco-de-demencia\/\" target=\"_blank\" rel=\"noopener\">Source link <\/a><\/p>\n<div class='code-block code-block-4' style='margin: 8px auto 8px 0; text-align: left; display: block; clear: both;'>\n\ud83d\udce2 Aviso Legal\n\nO site ismaelcolosi.com.br atua apenas como um canal de divulga\u00e7\u00e3o de oportunidades de emprego e n\u00e3o se responsabiliza pelo processo seletivo, contrata\u00e7\u00e3o ou qualquer outra etapa relacionada \u00e0s vagas publicadas. Todas as informa\u00e7\u00f5es s\u00e3o de responsabilidade dos anunciantes.\n\n\u26a0\ufe0f Aten\u00e7\u00e3o! Nunca pague por promessas de emprego nem compre cursos que garantam contrata\u00e7\u00e3o. Desconfie de qualquer cobran\u00e7a para participar de sele\u00e7\u00f5es.\n\n\n\n<\/div>\n<!-- CONTENT END 1 -->\n","protected":false},"excerpt":{"rendered":"<p>[ad_1] Um estudo da Academia Americana de Neurologia monitorou os padr\u00f5es de sono de mais de 88.000 pessoas no Reino Unido e descobriu que um certo comportamento \u00e0 noite est\u00e1 ligado a um maior risco de dem\u00eancia. De acordo com os pesquisadores, aqueles participantes que acordavam pelo menos duas vezes durante a noite apresentaram uma&hellip;&nbsp;<\/p>\n","protected":false},"author":1,"featured_media":17986,"comment_status":"open","ping_status":"open","sticky":false,"template":"","format":"standard","meta":{"_uag_custom_page_level_css":"","neve_meta_sidebar":"","neve_meta_container":"","neve_meta_enable_content_width":"","neve_meta_content_width":0,"neve_meta_title_alignment":"","neve_meta_author_avatar":"","neve_post_elements_order":"","neve_meta_disable_header":"","neve_meta_disable_footer":"","neve_meta_disable_title":"","_jetpack_newsletter_access":"","_jetpack_dont_email_post_to_subs":false,"_jetpack_newsletter_tier_id":0,"_jetpack_memberships_contains_paywalled_content":false,"_jetpack_memberships_contains_paid_content":false,"footnotes":""},"categories":[19],"tags":[],"class_list":["post-17985","post","type-post","status-publish","format-standard","has-post-thumbnail","hentry","category-variedades"],"uagb_featured_image_src":{"full":["https:\/\/i0.wp.com\/ismaelcolosi.com.br\/wp-content\/uploads\/2023\/12\/depositphotos-582475020-l.jpg?fit=1200%2C638&ssl=1",1200,638,false],"thumbnail":["https:\/\/i0.wp.com\/ismaelcolosi.com.br\/wp-content\/uploads\/2023\/12\/depositphotos-582475020-l.jpg?resize=150%2C150&ssl=1",150,150,true],"medium":["https:\/\/i0.wp.com\/ismaelcolosi.com.br\/wp-content\/uploads\/2023\/12\/depositphotos-582475020-l.jpg?fit=300%2C160&ssl=1",300,160,true],"medium_large":["https:\/\/i0.wp.com\/ismaelcolosi.com.br\/wp-content\/uploads\/2023\/12\/depositphotos-582475020-l.jpg?fit=768%2C408&ssl=1",768,408,true],"large":["https:\/\/i0.wp.com\/ismaelcolosi.com.br\/wp-content\/uploads\/2023\/12\/depositphotos-582475020-l.jpg?fit=1024%2C544&ssl=1",1024,544,true],"1536x1536":["https:\/\/i0.wp.com\/ismaelcolosi.com.br\/wp-content\/uploads\/2023\/12\/depositphotos-582475020-l.jpg?fit=1200%2C638&ssl=1",1200,638,true],"2048x2048":["https:\/\/i0.wp.com\/ismaelcolosi.com.br\/wp-content\/uploads\/2023\/12\/depositphotos-582475020-l.jpg?fit=1200%2C638&ssl=1",1200,638,true],"neve-blog":["https:\/\/i0.wp.com\/ismaelcolosi.com.br\/wp-content\/uploads\/2023\/12\/depositphotos-582475020-l.jpg?resize=930%2C620&ssl=1",930,620,true]},"uagb_author_info":{"display_name":"ismaelcolosi.com.br","author_link":"https:\/\/ismaelcolosi.com.br\/author\/vidareal-online\/"},"uagb_comment_info":0,"uagb_excerpt":"[ad_1] Um estudo da Academia Americana de Neurologia monitorou os padr\u00f5es de sono de mais de 88.000 pessoas no Reino Unido e descobriu que um certo comportamento \u00e0 noite est\u00e1 ligado a um maior risco de dem\u00eancia. De acordo com os pesquisadores, aqueles participantes que acordavam pelo menos duas vezes durante a noite apresentaram uma&hellip;&nbsp;","jetpack-related-posts":[{"id":20716,"url":"https:\/\/ismaelcolosi.com.br\/index.php\/2023\/12\/26\/10-sinais-que-indicam-que-voce-esta-em-risco-de-desenvolver-demencia\/","url_meta":{"origin":17985,"position":0},"title":"10 sinais que indicam que voc\u00ea est\u00e1 em risco de desenvolver dem\u00eancia","author":"ismaelcolosi.com.br","date":"26 de Dezembro de 2023","format":false,"excerpt":"[ad_1] A dem\u00eancia n\u00e3o \u00e9 uma doen\u00e7a espec\u00edfica, mas sim uma s\u00edndrome (grupo de sintomas relacionados) associada a um decl\u00ednio cont\u00ednuo nas capacidades cognitivas, afetando a mem\u00f3ria, e tamb\u00e9m a fala e outros comportamentos. Existem muitos fatores de risco que podem aumentar a probabilidade de uma pessoa desenvolver o problema.\u2026","rel":"","context":"In &quot;Variedades&quot;","block_context":{"text":"Variedades","link":"https:\/\/ismaelcolosi.com.br\/index.php\/category\/variedades\/"},"img":{"alt_text":"","src":"https:\/\/i0.wp.com\/ismaelcolosi.com.br\/wp-content\/uploads\/2023\/12\/istock-1126406160.jpg?fit=1200%2C638&ssl=1&resize=350%2C200","width":350,"height":200,"srcset":"https:\/\/i0.wp.com\/ismaelcolosi.com.br\/wp-content\/uploads\/2023\/12\/istock-1126406160.jpg?fit=1200%2C638&ssl=1&resize=350%2C200 1x, https:\/\/i0.wp.com\/ismaelcolosi.com.br\/wp-content\/uploads\/2023\/12\/istock-1126406160.jpg?fit=1200%2C638&ssl=1&resize=525%2C300 1.5x, https:\/\/i0.wp.com\/ismaelcolosi.com.br\/wp-content\/uploads\/2023\/12\/istock-1126406160.jpg?fit=1200%2C638&ssl=1&resize=700%2C400 2x, https:\/\/i0.wp.com\/ismaelcolosi.com.br\/wp-content\/uploads\/2023\/12\/istock-1126406160.jpg?fit=1200%2C638&ssl=1&resize=1050%2C600 3x"},"classes":[]},{"id":5025,"url":"https:\/\/ismaelcolosi.com.br\/index.php\/2023\/11\/22\/novo-sintoma-de-demencia-que-ajuda-a-detecta-la-precocemente\/","url_meta":{"origin":17985,"position":1},"title":"Novo sintoma de dem\u00eancia que ajuda a detect\u00e1-la precocemente","author":"ismaelcolosi.com.br","date":"22 de Novembro de 2023","format":false,"excerpt":"[ad_1] Uma pesquisa realizada pela Monash University, na Austr\u00e1lia, e pela University of Minnesota, nos Estados Unidos, descobriu um novo sinal de dem\u00eancia que pode facilitar a detec\u00e7\u00e3o precoce. O resultado foi publicado na pela revista acad\u00eamica JAMA Network. No estudo, os pesquisadores acompanharam o comportamento de 17 mil pessoas\u2026","rel":"","context":"In &quot;Variedades&quot;","block_context":{"text":"Variedades","link":"https:\/\/ismaelcolosi.com.br\/index.php\/category\/variedades\/"},"img":{"alt_text":"","src":"https:\/\/i0.wp.com\/ismaelcolosi.com.br\/wp-content\/uploads\/2023\/11\/istock-1434989791.jpg?fit=1200%2C638&ssl=1&resize=350%2C200","width":350,"height":200,"srcset":"https:\/\/i0.wp.com\/ismaelcolosi.com.br\/wp-content\/uploads\/2023\/11\/istock-1434989791.jpg?fit=1200%2C638&ssl=1&resize=350%2C200 1x, https:\/\/i0.wp.com\/ismaelcolosi.com.br\/wp-content\/uploads\/2023\/11\/istock-1434989791.jpg?fit=1200%2C638&ssl=1&resize=525%2C300 1.5x, https:\/\/i0.wp.com\/ismaelcolosi.com.br\/wp-content\/uploads\/2023\/11\/istock-1434989791.jpg?fit=1200%2C638&ssl=1&resize=700%2C400 2x, https:\/\/i0.wp.com\/ismaelcolosi.com.br\/wp-content\/uploads\/2023\/11\/istock-1434989791.jpg?fit=1200%2C638&ssl=1&resize=1050%2C600 3x"},"classes":[]},{"id":13032,"url":"https:\/\/ismaelcolosi.com.br\/index.php\/2023\/12\/09\/pessoas-com-essa-personalidade-tem-menos-chances-de-desenvolver-demencia\/","url_meta":{"origin":17985,"position":2},"title":"Pessoas com essa personalidade t\u00eam menos chances de desenvolver dem\u00eancia","author":"ismaelcolosi.com.br","date":"9 de Dezembro de 2023","format":false,"excerpt":"[ad_1] A ci\u00eancia avan\u00e7a a passos largos para entender a dem\u00eancia. E agora um estudo descobriu uma rela\u00e7\u00e3o entre caracter\u00edsticas da personalidade e o risco de desenvolver a doen\u00e7a no futuro. Segundo pesquisadores da Universidade Northwestern e da Universidade da Calif\u00f3rnia, ambas nos EUA, ter uma vis\u00e3o mais positiva e\u2026","rel":"","context":"In &quot;Variedades&quot;","block_context":{"text":"Variedades","link":"https:\/\/ismaelcolosi.com.br\/index.php\/category\/variedades\/"},"img":{"alt_text":"","src":"https:\/\/i0.wp.com\/ismaelcolosi.com.br\/wp-content\/uploads\/2023\/12\/istock-1450588653.jpg?fit=1200%2C638&ssl=1&resize=350%2C200","width":350,"height":200,"srcset":"https:\/\/i0.wp.com\/ismaelcolosi.com.br\/wp-content\/uploads\/2023\/12\/istock-1450588653.jpg?fit=1200%2C638&ssl=1&resize=350%2C200 1x, https:\/\/i0.wp.com\/ismaelcolosi.com.br\/wp-content\/uploads\/2023\/12\/istock-1450588653.jpg?fit=1200%2C638&ssl=1&resize=525%2C300 1.5x, https:\/\/i0.wp.com\/ismaelcolosi.com.br\/wp-content\/uploads\/2023\/12\/istock-1450588653.jpg?fit=1200%2C638&ssl=1&resize=700%2C400 2x, https:\/\/i0.wp.com\/ismaelcolosi.com.br\/wp-content\/uploads\/2023\/12\/istock-1450588653.jpg?fit=1200%2C638&ssl=1&resize=1050%2C600 3x"},"classes":[]},{"id":17519,"url":"https:\/\/ismaelcolosi.com.br\/index.php\/2023\/12\/18\/ter-esse-tipo-de-doenca-antes-dos-45-anos-aumenta-risco-de-demencia\/","url_meta":{"origin":17985,"position":3},"title":"Ter esse tipo de doen\u00e7a antes dos 45 anos aumenta risco de dem\u00eancia","author":"ismaelcolosi.com.br","date":"18 de Dezembro de 2023","format":false,"excerpt":"[ad_1] Um estudo publicado no Journal of the American Heart Association revela que desenvolver doen\u00e7as card\u00edacas antes dos 45 anos de idade aumenta muito mais risco de dem\u00eancia mais tarde. Pesquisadores que analisaram dados de mais de 430 mil brit\u00e2nicos descobriram que os participantes que tinham doen\u00e7a coronariana antes dessa\u2026","rel":"","context":"In &quot;Variedades&quot;","block_context":{"text":"Variedades","link":"https:\/\/ismaelcolosi.com.br\/index.php\/category\/variedades\/"},"img":{"alt_text":"","src":"https:\/\/i0.wp.com\/ismaelcolosi.com.br\/wp-content\/uploads\/2023\/12\/depositphotos-44401723-l.jpg?fit=1200%2C638&ssl=1&resize=350%2C200","width":350,"height":200,"srcset":"https:\/\/i0.wp.com\/ismaelcolosi.com.br\/wp-content\/uploads\/2023\/12\/depositphotos-44401723-l.jpg?fit=1200%2C638&ssl=1&resize=350%2C200 1x, https:\/\/i0.wp.com\/ismaelcolosi.com.br\/wp-content\/uploads\/2023\/12\/depositphotos-44401723-l.jpg?fit=1200%2C638&ssl=1&resize=525%2C300 1.5x, https:\/\/i0.wp.com\/ismaelcolosi.com.br\/wp-content\/uploads\/2023\/12\/depositphotos-44401723-l.jpg?fit=1200%2C638&ssl=1&resize=700%2C400 2x, https:\/\/i0.wp.com\/ismaelcolosi.com.br\/wp-content\/uploads\/2023\/12\/depositphotos-44401723-l.jpg?fit=1200%2C638&ssl=1&resize=1050%2C600 3x"},"classes":[]},{"id":16044,"url":"https:\/\/ismaelcolosi.com.br\/index.php\/2023\/12\/14\/padrao-ao-dormir-pode-aumentar-risco-de-demencia-segundo-estudo\/","url_meta":{"origin":17985,"position":4},"title":"Padr\u00e3o ao dormir pode aumentar risco de dem\u00eancia, segundo estudo","author":"ismaelcolosi.com.br","date":"14 de Dezembro de 2023","format":false,"excerpt":"[ad_1] Cr\u00e9ditos: Depositphotos\/AllaSerebrinaDormir nos mesmos hor\u00e1rios pode reduzir risco de dem\u00eancia Dados recentes em estudos sobre o sono colocam uma luz cr\u00edtica sobre a import\u00e2ncia da regularidade do sono para a sa\u00fade do c\u00e9rebro. Segundo uma pesquisa que envolveu mais de 88.000 brit\u00e2nicos, pessoas com padr\u00f5es de sono irregulares \u2013\u2026","rel":"","context":"In &quot;Variedades&quot;","block_context":{"text":"Variedades","link":"https:\/\/ismaelcolosi.com.br\/index.php\/category\/variedades\/"},"img":{"alt_text":"","src":"https:\/\/i0.wp.com\/ismaelcolosi.com.br\/wp-content\/uploads\/2023\/12\/depositphotos-160977854-xl-scaled.jpg?fit=1200%2C638&ssl=1&resize=350%2C200","width":350,"height":200,"srcset":"https:\/\/i0.wp.com\/ismaelcolosi.com.br\/wp-content\/uploads\/2023\/12\/depositphotos-160977854-xl-scaled.jpg?fit=1200%2C638&ssl=1&resize=350%2C200 1x, https:\/\/i0.wp.com\/ismaelcolosi.com.br\/wp-content\/uploads\/2023\/12\/depositphotos-160977854-xl-scaled.jpg?fit=1200%2C638&ssl=1&resize=525%2C300 1.5x, https:\/\/i0.wp.com\/ismaelcolosi.com.br\/wp-content\/uploads\/2023\/12\/depositphotos-160977854-xl-scaled.jpg?fit=1200%2C638&ssl=1&resize=700%2C400 2x, https:\/\/i0.wp.com\/ismaelcolosi.com.br\/wp-content\/uploads\/2023\/12\/depositphotos-160977854-xl-scaled.jpg?fit=1200%2C638&ssl=1&resize=1050%2C600 3x"},"classes":[]},{"id":20629,"url":"https:\/\/ismaelcolosi.com.br\/index.php\/2023\/12\/26\/como-voce-dormiu-hoje-comportamento-no-sono-pode-indicar-demencia\/","url_meta":{"origin":17985,"position":5},"title":"Como voc\u00ea dormiu hoje? Comportamento no sono pode indicar dem\u00eancia","author":"ismaelcolosi.com.br","date":"26 de Dezembro de 2023","format":false,"excerpt":"[ad_1] Cr\u00e9ditos: iSTockComportamento agitado durante o sono REM podem ser sinais antecipados de doen\u00e7as neurodegenerativas, acreditam especialistas da Universidade de Toronto, no Canad\u00e1 \u2013 iStock\/Getty Images Considerada um dos maiores desafios da medicina nos dias atuais, a dem\u00eancia, condi\u00e7\u00e3o caracterizada pelo decl\u00ednio gradual da capacidade cognitiva, apresenta sinais que podem\u2026","rel":"","context":"In &quot;Variedades&quot;","block_context":{"text":"Variedades","link":"https:\/\/ismaelcolosi.com.br\/index.php\/category\/variedades\/"},"img":{"alt_text":"","src":"https:\/\/i0.wp.com\/ismaelcolosi.com.br\/wp-content\/uploads\/2023\/12\/noite-de-sono-bebida.jpg?fit=1200%2C638&ssl=1&resize=350%2C200","width":350,"height":200,"srcset":"https:\/\/i0.wp.com\/ismaelcolosi.com.br\/wp-content\/uploads\/2023\/12\/noite-de-sono-bebida.jpg?fit=1200%2C638&ssl=1&resize=350%2C200 1x, https:\/\/i0.wp.com\/ismaelcolosi.com.br\/wp-content\/uploads\/2023\/12\/noite-de-sono-bebida.jpg?fit=1200%2C638&ssl=1&resize=525%2C300 1.5x, https:\/\/i0.wp.com\/ismaelcolosi.com.br\/wp-content\/uploads\/2023\/12\/noite-de-sono-bebida.jpg?fit=1200%2C638&ssl=1&resize=700%2C400 2x, https:\/\/i0.wp.com\/ismaelcolosi.com.br\/wp-content\/uploads\/2023\/12\/noite-de-sono-bebida.jpg?fit=1200%2C638&ssl=1&resize=1050%2C600 3x"},"classes":[]}],"jetpack_sharing_enabled":true,"jetpack_shortlink":"https:\/\/wp.me\/pfMlyK-4G5","jetpack_featured_media_url":"https:\/\/i0.wp.com\/ismaelcolosi.com.br\/wp-content\/uploads\/2023\/12\/depositphotos-582475020-l.jpg?fit=1200%2C638&ssl=1","_links":{"self":[{"href":"https:\/\/ismaelcolosi.com.br\/index.php\/wp-json\/wp\/v2\/posts\/17985","targetHints":{"allow":["GET"]}}],"collection":[{"href":"https:\/\/ismaelcolosi.com.br\/index.php\/wp-json\/wp\/v2\/posts"}],"about":[{"href":"https:\/\/ismaelcolosi.com.br\/index.php\/wp-json\/wp\/v2\/types\/post"}],"author":[{"embeddable":true,"href":"https:\/\/ismaelcolosi.com.br\/index.php\/wp-json\/wp\/v2\/users\/1"}],"replies":[{"embeddable":true,"href":"https:\/\/ismaelcolosi.com.br\/index.php\/wp-json\/wp\/v2\/comments?post=17985"}],"version-history":[{"count":0,"href":"https:\/\/ismaelcolosi.com.br\/index.php\/wp-json\/wp\/v2\/posts\/17985\/revisions"}],"wp:featuredmedia":[{"embeddable":true,"href":"https:\/\/ismaelcolosi.com.br\/index.php\/wp-json\/wp\/v2\/media\/17986"}],"wp:attachment":[{"href":"https:\/\/ismaelcolosi.com.br\/index.php\/wp-json\/wp\/v2\/media?parent=17985"}],"wp:term":[{"taxonomy":"category","embeddable":true,"href":"https:\/\/ismaelcolosi.com.br\/index.php\/wp-json\/wp\/v2\/categories?post=17985"},{"taxonomy":"post_tag","embeddable":true,"href":"https:\/\/ismaelcolosi.com.br\/index.php\/wp-json\/wp\/v2\/tags?post=17985"}],"curies":[{"name":"wp","href":"https:\/\/api.w.org\/{rel}","templated":true}]}}