{"id":17966,"date":"2023-12-19T14:04:21","date_gmt":"2023-12-19T17:04:21","guid":{"rendered":"https:\/\/ismaelcolosi.com.br\/index.php\/2023\/12\/19\/apos-reves-sao-paulo-busca-reabilitacao-na-champions-das-americas\/"},"modified":"2023-12-19T14:04:21","modified_gmt":"2023-12-19T17:04:21","slug":"apos-reves-sao-paulo-busca-reabilitacao-na-champions-das-americas","status":"publish","type":"post","link":"https:\/\/ismaelcolosi.com.br\/index.php\/2023\/12\/19\/apos-reves-sao-paulo-busca-reabilitacao-na-champions-das-americas\/","title":{"rendered":"Ap\u00f3s rev\u00e9s, S\u00e3o Paulo busca reabilita\u00e7\u00e3o na Champions das Am\u00e9ricas \u2013 Folha de Ribeir\u00e3o"},"content":{"rendered":"<p> <br \/>\n<\/p>\n<div>\n<p>O S\u00e3o Paulo volta \u00e0 quadra neste domingo (17), \u00e0s 20h40 (hor\u00e1rio de Bras\u00edlia), pela segunda rodada da primeira fase da Champions League das Am\u00e9ricas de Basquete (BCLA, sigla em ingl\u00eas). O Tricolor pega o Nacional, do Uruguai, no Gin\u00e1sio Ciudad Quimsa, em Santiago del Estero, no noroeste da Argentina. A partida tem\u00a0<a href=\"https:\/\/www.youtube.com\/watch?v=TIooxTpJbeM\"><strong>transmiss\u00e3o ao vivo online\u00a0<\/strong><\/a>no canal da\u00a0BCLA no YouTube..<img data-recalc-dims=\"1\" decoding=\"async\" src=\"https:\/\/i0.wp.com\/agenciabrasil.ebc.com.br\/ebc.gif?ssl=1\"\/><\/p>\n<p>O jogo desta noite ocorre um dia ap\u00f3s o\u00a0time\u00a0paulista perder feio na estreia para o Quimsa (Argentina), na casa do advers\u00e1rio, ambos no Grupo B.\u00a0Os brasileiros foram atropelados por 112 a 65. O norte-americano Brandon Robinson, ala da equipe vencedora, foi o cestinha da noite, com 26 pontos e oito rebotes. Al\u00e9m dele, seis jogadores do Quimsa anotaram pelo menos dez pontos na partida. Do lado s\u00e3o-paulino, o ala\/piv\u00f4 Tyrone Curnell foi o melhor em quadra, com 16 pontos.<\/p><div class='code-block code-block-8' style='margin: 8px auto; text-align: center; display: block; clear: both;'>\n<script>\n  atOptions = {\n    'key' : '66e2e2111ca34da796271819fc334058',\n    'format' : 'iframe',\n    'height' : 250,\n    'width' : 300,\n    'params' : {}\n  };\n<\/script>\n<script src=\"https:\/\/www.highperformanceformat.com\/66e2e2111ca34da796271819fc334058\/invoke.js\"><\/script>\n<\/div>\n\n<p>O resultado ilustra o momento distinto das equipes. O Quimsa lidera a liga argentina de basquete masculino, com 12 vit\u00f3rias e uma derrota. O S\u00e3o Paulo, por sua vez, \u00e9 o d\u00e9cimo colocado da temporada 2023\/2024 do Novo Basquete Brasil (NBB). S\u00e3o seis triunfos e oito reveses.<\/p>\n<p>Na primeira fase da BCLA, os 12 participantes da competi\u00e7\u00e3o est\u00e3o divididos em quatro chaves, com tr\u00eas times. As equipes jogam entre si em tr\u00eas turnos, cada um disputado na sede de um dos integrantes do grupo. Os dois primeiros avan\u00e7am \u00e0s quartas de final.<\/p>\n<p>No Grupo B, do S\u00e3o Paulo, a primeira janela \u00e9 toda em Santiago del Estero. A segunda (de 17 a 19 de janeiro de 2024)\u00a0ser\u00e1 em Montevid\u00e9u (Uruguai). Por fim, a terceira rodada, entre 10 e 12 de fevereiro, est\u00e1 marcada para o Gin\u00e1sio do Morumbi, na capital paulista. Confira\u00a0<a href=\"https:\/\/www.fiba.basketball\/pt\/bclamericas\/23-24\/games\"><strong>AQUI\u00a0<\/strong><\/a>o calend\u00e1rio da primeira fase\u00a0da competi\u00e7\u00e3o.<\/p>\n<p>A BCLA \u00e9 disputada desde a temporada 2019\/2020, em substitui\u00e7\u00e3o \u00e0 Liga das Am\u00e9ricas. O Brasil teve o campe\u00e3o das tr\u00eas \u00faltimas edi\u00e7\u00f5es. O S\u00e3o Paulo venceu o torneio em 2022.<\/p>\n<\/div>\n<p><br \/>\n<br \/><a href=\"https:\/\/folhaderibeirao.com.br\/2023\/12\/19\/apos-reves-sao-paulo-busca-reabilitacao-na-champions-das-americas\/\">Source link <\/a><\/p>\n<div class='code-block code-block-4' style='margin: 8px auto 8px 0; text-align: left; display: block; clear: both;'>\n\ud83d\udce2 Aviso Legal\n\nO site ismaelcolosi.com.br atua apenas como um canal de divulga\u00e7\u00e3o de oportunidades de emprego e n\u00e3o se responsabiliza pelo processo seletivo, contrata\u00e7\u00e3o ou qualquer outra etapa relacionada \u00e0s vagas publicadas. Todas as informa\u00e7\u00f5es s\u00e3o de responsabilidade dos anunciantes.\n\n\u26a0\ufe0f Aten\u00e7\u00e3o! Nunca pague por promessas de emprego nem compre cursos que garantam contrata\u00e7\u00e3o. Desconfie de qualquer cobran\u00e7a para participar de sele\u00e7\u00f5es.\n\n\n\n<\/div>\n<!-- CONTENT END 1 -->\n","protected":false},"excerpt":{"rendered":"<p>O S\u00e3o Paulo volta \u00e0 quadra neste domingo (17), \u00e0s 20h40 (hor\u00e1rio de Bras\u00edlia), pela segunda rodada da primeira fase da Champions League das Am\u00e9ricas&#8230;<\/p>\n","protected":false},"author":1,"featured_media":17967,"comment_status":"open","ping_status":"open","sticky":false,"template":"","format":"standard","meta":{"_uag_custom_page_level_css":"","advanced_seo_description":"","jetpack_seo_html_title":"","jetpack_seo_noindex":false,"jetpack_post_was_ever_published":false,"_jetpack_newsletter_access":"","_jetpack_dont_email_post_to_subs":false,"_jetpack_newsletter_tier_id":0,"_jetpack_memberships_contains_paywalled_content":false,"_jetpack_memberships_contains_paid_content":false,"footnotes":"","jetpack_publicize_message":"","jetpack_publicize_feature_enabled":true,"jetpack_social_post_already_shared":true,"jetpack_social_options":{"image_generator_settings":{"template":"highway","default_image_id":0,"font":"","enabled":false},"version":2}},"categories":[11],"tags":[2396,37,1994,2395,429,753,161,2394,2393,26,50],"class_list":["post-17966","post","type-post","status-publish","format-standard","has-post-thumbnail","hentry","category-noticias-de-ribeirao-preto-sp-e-regiao-ismael-colosi","tag-americas","tag-apos","tag-busca","tag-champions","tag-das","tag-folha","tag-paulo","tag-reabilitacao","tag-reves","tag-ribeirao","tag-sao"],"jetpack_publicize_connections":[],"jetpack_featured_media_url":"https:\/\/i0.wp.com\/ismaelcolosi.com.br\/wp-content\/uploads\/2023\/12\/1703005464_ebc.png?fit=1%2C1&ssl=1","uagb_featured_image_src":{"full":["https:\/\/i0.wp.com\/ismaelcolosi.com.br\/wp-content\/uploads\/2023\/12\/1703005464_ebc.png?fit=1%2C1&ssl=1",1,1,false],"thumbnail":["https:\/\/i0.wp.com\/ismaelcolosi.com.br\/wp-content\/uploads\/2023\/12\/1703005464_ebc.png?resize=1%2C1&ssl=1",1,1,true],"medium":["https:\/\/i0.wp.com\/ismaelcolosi.com.br\/wp-content\/uploads\/2023\/12\/1703005464_ebc.png?fit=1%2C1&ssl=1",1,1,true],"medium_large":["https:\/\/i0.wp.com\/ismaelcolosi.com.br\/wp-content\/uploads\/2023\/12\/1703005464_ebc.png?fit=1%2C1&ssl=1",1,1,true],"large":["https:\/\/i0.wp.com\/ismaelcolosi.com.br\/wp-content\/uploads\/2023\/12\/1703005464_ebc.png?fit=1%2C1&ssl=1",1,1,true],"1536x1536":["https:\/\/i0.wp.com\/ismaelcolosi.com.br\/wp-content\/uploads\/2023\/12\/1703005464_ebc.png?fit=1%2C1&ssl=1",1,1,true],"2048x2048":["https:\/\/i0.wp.com\/ismaelcolosi.com.br\/wp-content\/uploads\/2023\/12\/1703005464_ebc.png?fit=1%2C1&ssl=1",1,1,true],"really-simple-thumb":["https:\/\/i0.wp.com\/ismaelcolosi.com.br\/wp-content\/uploads\/2023\/12\/1703005464_ebc.png?resize=1%2C1&ssl=1",1,1,true]},"uagb_author_info":{"display_name":"ismaelcolosi.com.br","author_link":"https:\/\/ismaelcolosi.com.br\/index.php\/author\/vidareal-online\/"},"uagb_comment_info":0,"uagb_excerpt":"O S\u00e3o Paulo volta \u00e0 quadra neste domingo (17), \u00e0s 20h40 (hor\u00e1rio de Bras\u00edlia), pela segunda rodada da primeira fase da Champions League das Am\u00e9ricas...","jetpack-related-posts":[{"id":29050,"url":"https:\/\/ismaelcolosi.com.br\/index.php\/2024\/01\/17\/copinha-corinthians-goleia-crb-para-se-garantir-nas-quartas\/","url_meta":{"origin":17966,"position":0},"title":"Corinthians goleia CRB para se garantir nas quartas \u2013 Folha de Ribeir\u00e3o","author":"ismaelcolosi.com.br","date":"17 de January de 2024","format":false,"excerpt":"O Corinthians avan\u00e7ou para as quartas de final da Copa S\u00e3o Paulo de Futebol ap\u00f3s golear o CRB por 6 a 0, na noite desta ter\u00e7a-feira (16) no est\u00e1dio Bento de Abreu Sampaio Vidal, em Mar\u00edlia. Desta forma o Tim\u00e3o, que \u00e9 o maior campe\u00e3o da hist\u00f3ria da competi\u00e7\u00e3o, continua\u2026","rel":"","context":"In &quot;Not\u00edcias de Ribeir\u00e3o Preto-SP e Regi\u00e3o&quot;","block_context":{"text":"Not\u00edcias de Ribeir\u00e3o Preto-SP e Regi\u00e3o","link":"https:\/\/ismaelcolosi.com.br\/index.php\/category\/noticias-de-ribeirao-preto-sp-e-regiao-ismael-colosi\/"},"img":{"alt_text":"","src":"","width":0,"height":0},"classes":[]},{"id":32084,"url":"https:\/\/ismaelcolosi.com.br\/index.php\/2024\/01\/24\/buscando-reabilitacao-botafogo-visita-o-agua-santa\/","url_meta":{"origin":17966,"position":1},"title":"Buscando reabilita\u00e7\u00e3o, Botafogo visita o \u00c1gua Santa\u00a0\u00a0","author":"ismaelcolosi.com.br","date":"24 de January de 2024","format":false,"excerpt":"Depois de estrear com derrota no Paulist\u00e3o,\u00a0 o Botafogo nem teve tempo para absorver o rev\u00e9s e j\u00e1 tem um novo compromisso na competi\u00e7\u00e3o. O Pantera duela com o \u00c1gua Santa nesta ter\u00e7a, \u00e0s 21h30, na Arena Distrital Inamar. O jogo \u00e9 v\u00e1lido pela segunda rodada do Campeonato Paulista.\u00a0\u00a0Para a\u2026","rel":"","context":"In &quot;Not\u00edcias de Ribeir\u00e3o Preto-SP e Regi\u00e3o&quot;","block_context":{"text":"Not\u00edcias de Ribeir\u00e3o Preto-SP e Regi\u00e3o","link":"https:\/\/ismaelcolosi.com.br\/index.php\/category\/noticias-de-ribeirao-preto-sp-e-regiao-ismael-colosi\/"},"img":{"alt_text":"","src":"https:\/\/i0.wp.com\/ismaelcolosi.com.br\/wp-content\/uploads\/2024\/01\/Botafogo-2-8-scaled.jpg?fit=967%2C645&ssl=1&resize=350%2C200","width":350,"height":200,"srcset":"https:\/\/i0.wp.com\/ismaelcolosi.com.br\/wp-content\/uploads\/2024\/01\/Botafogo-2-8-scaled.jpg?fit=967%2C645&ssl=1&resize=350%2C200 1x, https:\/\/i0.wp.com\/ismaelcolosi.com.br\/wp-content\/uploads\/2024\/01\/Botafogo-2-8-scaled.jpg?fit=967%2C645&ssl=1&resize=525%2C300 1.5x, https:\/\/i0.wp.com\/ismaelcolosi.com.br\/wp-content\/uploads\/2024\/01\/Botafogo-2-8-scaled.jpg?fit=967%2C645&ssl=1&resize=700%2C400 2x"},"classes":[]},{"id":46266,"url":"https:\/\/ismaelcolosi.com.br\/index.php\/2024\/04\/10\/jornalista-lanca-livro-de-poesias-em-livraria-de-ribeirao-preto\/","url_meta":{"origin":17966,"position":2},"title":"Jornalista lan\u00e7a livro de poesias em livraria de Ribeir\u00e3o Preto","author":"ismaelcolosi.com.br","date":"10 de April de 2024","format":false,"excerpt":"A jornalista Ana L\u00edgia Vasconcellos Farath realiza neste s\u00e1bado (13), a partir das 19 horas, na livraria da Travessa do Ribeir\u00e3o Shopping, uma noite de aut\u00f3grafos para o lan\u00e7amento do livro de poesias \u201cO Papel Que Me Cabe: Relatos de Uma Mulher em Busca de Si\u201d. Ana L\u00edgia foi rep\u00f3rter\u2026","rel":"","context":"In &quot;Not\u00edcias de Ribeir\u00e3o Preto-SP e Regi\u00e3o&quot;","block_context":{"text":"Not\u00edcias de Ribeir\u00e3o Preto-SP e Regi\u00e3o","link":"https:\/\/ismaelcolosi.com.br\/index.php\/category\/noticias-de-ribeirao-preto-sp-e-regiao-ismael-colosi\/"},"img":{"alt_text":"","src":"https:\/\/i0.wp.com\/ismaelcolosi.com.br\/wp-content\/uploads\/2024\/04\/Copia-de-Copia-de-TAMANHO-EXATO-PARA-FOTOS-NO-SISTEMA-NOVO-7-2.jpg?fit=1200%2C675&ssl=1&resize=350%2C200","width":350,"height":200,"srcset":"https:\/\/i0.wp.com\/ismaelcolosi.com.br\/wp-content\/uploads\/2024\/04\/Copia-de-Copia-de-TAMANHO-EXATO-PARA-FOTOS-NO-SISTEMA-NOVO-7-2.jpg?fit=1200%2C675&ssl=1&resize=350%2C200 1x, https:\/\/i0.wp.com\/ismaelcolosi.com.br\/wp-content\/uploads\/2024\/04\/Copia-de-Copia-de-TAMANHO-EXATO-PARA-FOTOS-NO-SISTEMA-NOVO-7-2.jpg?fit=1200%2C675&ssl=1&resize=525%2C300 1.5x, https:\/\/i0.wp.com\/ismaelcolosi.com.br\/wp-content\/uploads\/2024\/04\/Copia-de-Copia-de-TAMANHO-EXATO-PARA-FOTOS-NO-SISTEMA-NOVO-7-2.jpg?fit=1200%2C675&ssl=1&resize=700%2C400 2x, https:\/\/i0.wp.com\/ismaelcolosi.com.br\/wp-content\/uploads\/2024\/04\/Copia-de-Copia-de-TAMANHO-EXATO-PARA-FOTOS-NO-SISTEMA-NOVO-7-2.jpg?fit=1200%2C675&ssl=1&resize=1050%2C600 3x"},"classes":[]},{"id":41799,"url":"https:\/\/ismaelcolosi.com.br\/index.php\/2024\/03\/11\/inss-faz-mutirao-de-avaliacao-para-reabilitacao-profissional\/","url_meta":{"origin":17966,"position":3},"title":"INSS faz mutir\u00e3o de avalia\u00e7\u00e3o para reabilita\u00e7\u00e3o profissional","author":"ismaelcolosi.com.br","date":"11 de March de 2024","format":false,"excerpt":"11 de mar\u00e7o de 2024 | 13:0011 de mar\u00e7o de 2024 | 11:12 0O Instituto Nacional do Seguro Social (INSS) far\u00e1 uma semana de mutir\u00e3o de reabilita\u00e7\u00e3o profissional a partir desta segunda-feira (11). As equipes das superintend\u00eancias regionais do INSS far\u00e3o o contato com os segurados que est\u00e3o na fila\u2026","rel":"","context":"In &quot;Not\u00edcias de Ribeir\u00e3o Preto-SP e Regi\u00e3o&quot;","block_context":{"text":"Not\u00edcias de Ribeir\u00e3o Preto-SP e Regi\u00e3o","link":"https:\/\/ismaelcolosi.com.br\/index.php\/category\/noticias-de-ribeirao-preto-sp-e-regiao-ismael-colosi\/"},"img":{"alt_text":"","src":"https:\/\/i0.wp.com\/ismaelcolosi.com.br\/wp-content\/uploads\/2024\/03\/previdencia_socialsantos_fc2108200891inss-scaled.jpg?fit=1000%2C598&ssl=1&resize=350%2C200","width":350,"height":200,"srcset":"https:\/\/i0.wp.com\/ismaelcolosi.com.br\/wp-content\/uploads\/2024\/03\/previdencia_socialsantos_fc2108200891inss-scaled.jpg?fit=1000%2C598&ssl=1&resize=350%2C200 1x, https:\/\/i0.wp.com\/ismaelcolosi.com.br\/wp-content\/uploads\/2024\/03\/previdencia_socialsantos_fc2108200891inss-scaled.jpg?fit=1000%2C598&ssl=1&resize=525%2C300 1.5x, https:\/\/i0.wp.com\/ismaelcolosi.com.br\/wp-content\/uploads\/2024\/03\/previdencia_socialsantos_fc2108200891inss-scaled.jpg?fit=1000%2C598&ssl=1&resize=700%2C400 2x"},"classes":[]},{"id":71716,"url":"https:\/\/ismaelcolosi.com.br\/index.php\/2024\/10\/17\/de-saida-reuniao-na-proxima-semana-pode-definir-futuro-de-nogueira-no-psdb\/","url_meta":{"origin":17966,"position":4},"title":"De sa\u00edda? Reuni\u00e3o na pr\u00f3xima semana pode definir futuro de Nogueira no PSDB","author":"ismaelcolosi.com.br","date":"17 de October de 2024","format":false,"excerpt":"O presidente nacional do PSDB, Marconi Perillo, deve se reunir com Duarte Nogueira para discutir a manuten\u00e7\u00e3o do prefeito de Ribeir\u00e3o Preto na legenda. Nogueira \u00e9 o atual presidente da Federa\u00e7\u00e3o PSDB\/Cidadania no Estado de S\u00e3o Paulo. A informa\u00e7\u00e3o foi publicada pela coluna Painel, da Folha de S. Paulo, e\u2026","rel":"","context":"In &quot;Not\u00edcias de Ribeir\u00e3o Preto-SP e Regi\u00e3o&quot;","block_context":{"text":"Not\u00edcias de Ribeir\u00e3o Preto-SP e Regi\u00e3o","link":"https:\/\/ismaelcolosi.com.br\/index.php\/category\/noticias-de-ribeirao-preto-sp-e-regiao-ismael-colosi\/"},"img":{"alt_text":"","src":"https:\/\/i0.wp.com\/ismaelcolosi.com.br\/wp-content\/uploads\/2024\/10\/duarte-nogueira_2024-10-17_17-55-49_jpeg_2024-10-17_17-55-50.webp.webp?fit=1200%2C800&ssl=1&resize=350%2C200","width":350,"height":200,"srcset":"https:\/\/i0.wp.com\/ismaelcolosi.com.br\/wp-content\/uploads\/2024\/10\/duarte-nogueira_2024-10-17_17-55-49_jpeg_2024-10-17_17-55-50.webp.webp?fit=1200%2C800&ssl=1&resize=350%2C200 1x, https:\/\/i0.wp.com\/ismaelcolosi.com.br\/wp-content\/uploads\/2024\/10\/duarte-nogueira_2024-10-17_17-55-49_jpeg_2024-10-17_17-55-50.webp.webp?fit=1200%2C800&ssl=1&resize=525%2C300 1.5x, https:\/\/i0.wp.com\/ismaelcolosi.com.br\/wp-content\/uploads\/2024\/10\/duarte-nogueira_2024-10-17_17-55-49_jpeg_2024-10-17_17-55-50.webp.webp?fit=1200%2C800&ssl=1&resize=700%2C400 2x, https:\/\/i0.wp.com\/ismaelcolosi.com.br\/wp-content\/uploads\/2024\/10\/duarte-nogueira_2024-10-17_17-55-49_jpeg_2024-10-17_17-55-50.webp.webp?fit=1200%2C800&ssl=1&resize=1050%2C600 3x"},"classes":[]},{"id":46284,"url":"https:\/\/ismaelcolosi.com.br\/index.php\/2024\/04\/10\/frente-fria-chega-ao-interior-de-sp-nesta-quinta-feira-veja-a-previsao\/","url_meta":{"origin":17966,"position":5},"title":"Frente fria chega ao interior de SP nesta quinta-feira; Veja a previs\u00e3o","author":"ismaelcolosi.com.br","date":"10 de April de 2024","format":false,"excerpt":"Uma frente fria formada na Argentina deve causar chuva e temperaturas mais amenas no Sul, antes de chegar ao Sudeste do pa\u00eds, incluindo o estado de S\u00e3o Paulo e o litoral paulista, nesta semana. A alta press\u00e3o que vem na retaguarda desse sistema deve trazer um pouco de ar frio,\u2026","rel":"","context":"In &quot;Not\u00edcias de Ribeir\u00e3o Preto-SP e Regi\u00e3o&quot;","block_context":{"text":"Not\u00edcias de Ribeir\u00e3o Preto-SP e Regi\u00e3o","link":"https:\/\/ismaelcolosi.com.br\/index.php\/category\/noticias-de-ribeirao-preto-sp-e-regiao-ismael-colosi\/"},"img":{"alt_text":"","src":"https:\/\/ismaelcolosi.com.br\/wp-content\/uploads\/2024\/04\/whatsapp_image_2022-08-08_at_07_42_08.jpe","width":350,"height":200,"srcset":"https:\/\/ismaelcolosi.com.br\/wp-content\/uploads\/2024\/04\/whatsapp_image_2022-08-08_at_07_42_08.jpe 1x, https:\/\/ismaelcolosi.com.br\/wp-content\/uploads\/2024\/04\/whatsapp_image_2022-08-08_at_07_42_08.jpe 1.5x, https:\/\/ismaelcolosi.com.br\/wp-content\/uploads\/2024\/04\/whatsapp_image_2022-08-08_at_07_42_08.jpe 2x, https:\/\/ismaelcolosi.com.br\/wp-content\/uploads\/2024\/04\/whatsapp_image_2022-08-08_at_07_42_08.jpe 3x"},"classes":[]}],"jetpack_sharing_enabled":true,"jetpack_shortlink":"https:\/\/wp.me\/pfMlyK-4FM","_links":{"self":[{"href":"https:\/\/ismaelcolosi.com.br\/index.php\/wp-json\/wp\/v2\/posts\/17966","targetHints":{"allow":["GET"]}}],"collection":[{"href":"https:\/\/ismaelcolosi.com.br\/index.php\/wp-json\/wp\/v2\/posts"}],"about":[{"href":"https:\/\/ismaelcolosi.com.br\/index.php\/wp-json\/wp\/v2\/types\/post"}],"author":[{"embeddable":true,"href":"https:\/\/ismaelcolosi.com.br\/index.php\/wp-json\/wp\/v2\/users\/1"}],"replies":[{"embeddable":true,"href":"https:\/\/ismaelcolosi.com.br\/index.php\/wp-json\/wp\/v2\/comments?post=17966"}],"version-history":[{"count":0,"href":"https:\/\/ismaelcolosi.com.br\/index.php\/wp-json\/wp\/v2\/posts\/17966\/revisions"}],"wp:featuredmedia":[{"embeddable":true,"href":"https:\/\/ismaelcolosi.com.br\/index.php\/wp-json\/wp\/v2\/media\/17967"}],"wp:attachment":[{"href":"https:\/\/ismaelcolosi.com.br\/index.php\/wp-json\/wp\/v2\/media?parent=17966"}],"wp:term":[{"taxonomy":"category","embeddable":true,"href":"https:\/\/ismaelcolosi.com.br\/index.php\/wp-json\/wp\/v2\/categories?post=17966"},{"taxonomy":"post_tag","embeddable":true,"href":"https:\/\/ismaelcolosi.com.br\/index.php\/wp-json\/wp\/v2\/tags?post=17966"}],"curies":[{"name":"wp","href":"https:\/\/api.w.org\/{rel}","templated":true}]}}