{"id":17746,"date":"2023-12-19T01:43:33","date_gmt":"2023-12-19T04:43:33","guid":{"rendered":"https:\/\/ismaelcolosi.com.br\/index.php\/2023\/12\/19\/volei-sub19-feminino-de-rp-conquista-mais-uma-medalha-de-ouro\/"},"modified":"2023-12-19T01:43:33","modified_gmt":"2023-12-19T04:43:33","slug":"volei-sub19-feminino-de-rp-conquista-mais-uma-medalha-de-ouro","status":"publish","type":"post","link":"https:\/\/ismaelcolosi.com.br\/index.php\/2023\/12\/19\/volei-sub19-feminino-de-rp-conquista-mais-uma-medalha-de-ouro\/","title":{"rendered":"V\u00f4lei sub19 feminino de RP conquista mais uma medalha de ouro"},"content":{"rendered":"<p> <br \/>\n<\/p>\n<div id=\"post-367675\">\n<header class=\"entry-header penci-entry-header penci-title-center\">\n<p> <span class=\"entry-meta-item penci-posted-on\"><i class=\"fa fa-clock-o\"\/><time class=\"entry-date published\" datetime=\"2023-12-18T15:00:39-03:00\">18 de dezembro de 2023 | 15:00<\/time><time class=\"updated\" datetime=\"2023-12-18T14:02:32-03:00\">18 de dezembro de 2023 | 14:02<\/time><\/span><\/p>\n<p> <span class=\"penci-social-buttons penci-social-share-footer\"><a href=\"#\" class=\"penci-post-like penci_post-meta_item  single-like-button penci-social-item like\" data-post_id=\"367675\" title=\"Like\" data-like=\"Like\" data-unlike=\"Unlike\"><i class=\"fa fa-thumbs-o-up\"\/><span class=\"penci-share-number\">0<\/span><\/a><i class=\"fa fa-facebook\"\/><a class=\"penci-social-item twitter\" target=\"_blank\" rel=\"noopener\" title=\"\" href=\"https:\/\/twitter.com\/intent\/tweet?text=V\u00f4lei%20sub19%20feminino%20de%20RP%20conquista%20mais%20uma%20medalha%20de%20ouro%20-%20https:\/\/www.tribunaribeirao.com.br\/site\/volei-sub19-feminino-de-rp-conquista-mais-uma-medalha-de-ouro\/\"><i class=\"fa fa-twitter\"\/><\/a><i class=\"fa fa-whatsapp\"\/><\/span><\/header>\n<div class=\"penci-entry-content entry-content\">\n<p>A equipe feminina de v\u00f4lei sub19 conquistou a Liga APV da categoria de maneira invicta. Foram quatorze vit\u00f3rias em quatorze partidas disputadas, com apenas dois sets perdidos. A grande final foi realizada na quadra da AABB, em Ribeir\u00e3o Preto, contra o time de Rio Claro.<\/p><div class='code-block code-block-8' style='margin: 8px auto; text-align: center; display: block; clear: both;'>\n<script>\n  atOptions = {\n    'key' : '66e2e2111ca34da796271819fc334058',\n    'format' : 'iframe',\n    'height' : 250,\n    'width' : 300,\n    'params' : {}\n  };\n<\/script>\n<script src=\"https:\/\/www.highperformanceformat.com\/66e2e2111ca34da796271819fc334058\/invoke.js\"><\/script>\n<\/div>\n\n<p>\u201cCoroamos em excelente ano com a conquista da Liga. Um ano muito vitorioso para nossa equipe\u201d, destacou a capit\u00e3 da equipe Isabelle Ferreira.<\/p>\n<p>Al\u00e9m de conquistarem o campeonato paulista, a medalha de ouro da equipe sub19 de v\u00f4lei entrou para o quadro de medalhas da Secretaria de Esportes de Ribeir\u00e3o Preto com destaque. \u00c9 a conquista dourada de n\u00famero 200. At\u00e9 o momento, as equipes e atletas individuais da Secretaria de Esportes conquistaram 131 medalhas de bronze, 141 de prata e 200 de ouro, totalizando 472 t\u00edtulos para Ribeir\u00e3o Preto.<\/p>\n<p>\u201cEsses n\u00fameros s\u00e3o a prova que tivemos um ano vitorioso no esporte da nossa cidade. Nossos atletas se dedicaram muito ao longo do ano e est\u00e3o em evolu\u00e7\u00e3o constante. Com investimento na base, no paradesporto e no alto rendimento, vamos cada vez mais levar o nome de Ribeir\u00e3o Preto\u00a0para o alto do p\u00f3dio\u201d, afirmou o Secret\u00e1rio de Esportes, Ricardo Aguiar.<\/p>\n<p>\u00a0<\/p>\n<\/div>\n<footer class=\"penci-entry-footer\"\/><\/div>\n<p><script async src=\"\/\/platform.twitter.com\/widgets.js\" charset=\"utf-8\"><\/script><br \/>\n<br \/><br \/>\n<br \/><a href=\"https:\/\/www.tribunaribeirao.com.br\/site\/volei-sub19-feminino-de-rp-conquista-mais-uma-medalha-de-ouro\/\">Source link <\/a><\/p>\n<div class='code-block code-block-4' style='margin: 8px auto 8px 0; text-align: left; display: block; clear: both;'>\n\ud83d\udce2 Aviso Legal\n\nO site ismaelcolosi.com.br atua apenas como um canal de divulga\u00e7\u00e3o de oportunidades de emprego e n\u00e3o se responsabiliza pelo processo seletivo, contrata\u00e7\u00e3o ou qualquer outra etapa relacionada \u00e0s vagas publicadas. Todas as informa\u00e7\u00f5es s\u00e3o de responsabilidade dos anunciantes.\n\n\u26a0\ufe0f Aten\u00e7\u00e3o! Nunca pague por promessas de emprego nem compre cursos que garantam contrata\u00e7\u00e3o. Desconfie de qualquer cobran\u00e7a para participar de sele\u00e7\u00f5es.\n\n\n<div data-type=\"_mgwidget\" data-widget-id=\"2000896\">\n<\/div>\n<script>(function(w,q){w[q]=w[q]||[];w[q].push([\"_mgc.load\"])})(window,\"_mgq\");\n<\/script>\n<\/div>\n<!-- CONTENT END 1 -->\n","protected":false},"excerpt":{"rendered":"<p>18 de dezembro de 2023 | 15:0018 de dezembro de 2023 | 14:02 0 A equipe feminina de v\u00f4lei sub19 conquistou a Liga APV da&#8230;<\/p>\n","protected":false},"author":1,"featured_media":17747,"comment_status":"open","ping_status":"open","sticky":false,"template":"","format":"standard","meta":{"_uag_custom_page_level_css":"","jetpack_post_was_ever_published":false,"_jetpack_newsletter_access":"","_jetpack_dont_email_post_to_subs":false,"_jetpack_newsletter_tier_id":0,"_jetpack_memberships_contains_paywalled_content":false,"_jetpack_memberships_contains_paid_content":false,"footnotes":"","jetpack_publicize_message":"","jetpack_publicize_feature_enabled":true,"jetpack_social_post_already_shared":true,"jetpack_social_options":{"image_generator_settings":{"template":"highway","default_image_id":0,"font":"","enabled":false},"version":2}},"categories":[11],"tags":[317,1984,276,2370,1445,2369,85,913],"class_list":["post-17746","post","type-post","status-publish","format-standard","has-post-thumbnail","hentry","category-noticias-de-ribeirao-preto-sp-e-regiao-ismael-colosi","tag-conquista","tag-feminino","tag-mais","tag-medalha","tag-ouro","tag-sub19","tag-uma","tag-volei"],"aioseo_notices":[],"jetpack_publicize_connections":[],"jetpack_featured_media_url":"https:\/\/i0.wp.com\/ismaelcolosi.com.br\/wp-content\/uploads\/2023\/12\/volei_sub19_1-scaled.jpeg?fit=860%2C645&ssl=1","uagb_featured_image_src":{"full":["https:\/\/i0.wp.com\/ismaelcolosi.com.br\/wp-content\/uploads\/2023\/12\/volei_sub19_1-scaled.jpeg?fit=860%2C645&ssl=1",860,645,false],"thumbnail":["https:\/\/i0.wp.com\/ismaelcolosi.com.br\/wp-content\/uploads\/2023\/12\/volei_sub19_1-scaled.jpeg?resize=150%2C150&ssl=1",150,150,true],"medium":["https:\/\/i0.wp.com\/ismaelcolosi.com.br\/wp-content\/uploads\/2023\/12\/volei_sub19_1-scaled.jpeg?fit=300%2C225&ssl=1",300,225,true],"medium_large":["https:\/\/i0.wp.com\/ismaelcolosi.com.br\/wp-content\/uploads\/2023\/12\/volei_sub19_1-scaled.jpeg?fit=768%2C576&ssl=1",768,576,true],"large":["https:\/\/i0.wp.com\/ismaelcolosi.com.br\/wp-content\/uploads\/2023\/12\/volei_sub19_1-scaled.jpeg?fit=860%2C645&ssl=1",860,645,true],"1536x1536":["https:\/\/i0.wp.com\/ismaelcolosi.com.br\/wp-content\/uploads\/2023\/12\/volei_sub19_1-scaled.jpeg?fit=860%2C645&ssl=1",860,645,true],"2048x2048":["https:\/\/i0.wp.com\/ismaelcolosi.com.br\/wp-content\/uploads\/2023\/12\/volei_sub19_1-scaled.jpeg?fit=860%2C645&ssl=1",860,645,true],"really-simple-thumb":["https:\/\/i0.wp.com\/ismaelcolosi.com.br\/wp-content\/uploads\/2023\/12\/volei_sub19_1-scaled.jpeg?resize=370%2C247&ssl=1",370,247,true]},"uagb_author_info":{"display_name":"ismaelcolosi.com.br","author_link":"https:\/\/ismaelcolosi.com.br\/index.php\/author\/vidareal-online\/"},"uagb_comment_info":0,"uagb_excerpt":"18 de dezembro de 2023 | 15:0018 de dezembro de 2023 | 14:02 0 A equipe feminina de v\u00f4lei sub19 conquistou a Liga APV da...","jetpack-related-posts":[{"id":14274,"url":"https:\/\/ismaelcolosi.com.br\/index.php\/2023\/12\/11\/volei-feminino-de-ribeirao-preto-e-bicampeao-estadual\/","url_meta":{"origin":17746,"position":0},"title":"V\u00f4lei feminino de Ribeir\u00e3o Preto \u00e9 bicampe\u00e3o estadual \u2013 Folha de Ribeir\u00e3o","author":"ismaelcolosi.com.br","date":"11 de December de 2023","format":false,"excerpt":"Depois de chegarem \u00e0 final sem perder nenhuma partida, as meninas do v\u00f4lei sub17 de Ribeir\u00e3o Preto foram bicampe\u00e3s da Liga APV s\u00e9rie ouro no \u00faltimo s\u00e1bado, 9, vencendo o time de Mirand\u00f3polis por 3 sets a 0.\u00a0\u201cConseguimos novamente fazer a final, que era o primeiro objetivo. Nos manter no\u2026","rel":"","context":"In &quot;Not\u00edcias de Ribeir\u00e3o Preto-SP e Regi\u00e3o&quot;","block_context":{"text":"Not\u00edcias de Ribeir\u00e3o Preto-SP e Regi\u00e3o","link":"https:\/\/ismaelcolosi.com.br\/index.php\/category\/noticias-de-ribeirao-preto-sp-e-regiao-ismael-colosi\/"},"img":{"alt_text":"","src":"https:\/\/i0.wp.com\/ismaelcolosi.com.br\/wp-content\/uploads\/2023\/12\/resultado_volei_1.jpeg?fit=1199%2C954&ssl=1&resize=350%2C200","width":350,"height":200,"srcset":"https:\/\/i0.wp.com\/ismaelcolosi.com.br\/wp-content\/uploads\/2023\/12\/resultado_volei_1.jpeg?fit=1199%2C954&ssl=1&resize=350%2C200 1x, https:\/\/i0.wp.com\/ismaelcolosi.com.br\/wp-content\/uploads\/2023\/12\/resultado_volei_1.jpeg?fit=1199%2C954&ssl=1&resize=525%2C300 1.5x, https:\/\/i0.wp.com\/ismaelcolosi.com.br\/wp-content\/uploads\/2023\/12\/resultado_volei_1.jpeg?fit=1199%2C954&ssl=1&resize=700%2C400 2x, https:\/\/i0.wp.com\/ismaelcolosi.com.br\/wp-content\/uploads\/2023\/12\/resultado_volei_1.jpeg?fit=1199%2C954&ssl=1&resize=1050%2C600 3x"},"classes":[]},{"id":50654,"url":"https:\/\/ismaelcolosi.com.br\/index.php\/2024\/05\/17\/atleta-de-ribeirao-vence-mundial-e-conquista-vaga-nos-jogos-paralimpicos-de-paris\/","url_meta":{"origin":17746,"position":1},"title":"Atleta de Ribeir\u00e3o vence Mundial e conquista vaga nos Jogos Paral\u00edmpicos de Paris","author":"ismaelcolosi.com.br","date":"17 de May de 2024","format":false,"excerpt":"A atleta de Ribeir\u00e3o Preto Zileide Cassiano conquistou o t\u00edtulo do salto em dist\u00e2ncia classe T20 do Mundial de Atletismo Paral\u00edmpico, que acontece em Kobe, no Jap\u00e3o. A medalha de ouro veio nesta sexta-feira (17), quando Zileide saltou 5,80 metros. Com o resultado, a atleta de Ribeir\u00e3o Preto tamb\u00e9m garantiu\u2026","rel":"","context":"In &quot;Not\u00edcias de Ribeir\u00e3o Preto-SP e Regi\u00e3o&quot;","block_context":{"text":"Not\u00edcias de Ribeir\u00e3o Preto-SP e Regi\u00e3o","link":"https:\/\/ismaelcolosi.com.br\/index.php\/category\/noticias-de-ribeirao-preto-sp-e-regiao-ismael-colosi\/"},"img":{"alt_text":"","src":"https:\/\/i0.wp.com\/ismaelcolosi.com.br\/wp-content\/uploads\/2024\/05\/zileide-cassiano_2024-05-17_18-34-56_jpg_2024-05-17_18-34-56.webp.webp?fit=994%2C661&ssl=1&resize=350%2C200","width":350,"height":200,"srcset":"https:\/\/i0.wp.com\/ismaelcolosi.com.br\/wp-content\/uploads\/2024\/05\/zileide-cassiano_2024-05-17_18-34-56_jpg_2024-05-17_18-34-56.webp.webp?fit=994%2C661&ssl=1&resize=350%2C200 1x, https:\/\/i0.wp.com\/ismaelcolosi.com.br\/wp-content\/uploads\/2024\/05\/zileide-cassiano_2024-05-17_18-34-56_jpg_2024-05-17_18-34-56.webp.webp?fit=994%2C661&ssl=1&resize=525%2C300 1.5x, https:\/\/i0.wp.com\/ismaelcolosi.com.br\/wp-content\/uploads\/2024\/05\/zileide-cassiano_2024-05-17_18-34-56_jpg_2024-05-17_18-34-56.webp.webp?fit=994%2C661&ssl=1&resize=700%2C400 2x"},"classes":[]},{"id":79443,"url":"https:\/\/ismaelcolosi.com.br\/index.php\/2024\/12\/16\/rayssa-leal-conquista-tricampeonato-mundial-de-skate-street-com-vitoria-emocionante\/","url_meta":{"origin":17746,"position":2},"title":"Rayssa Leal conquista tricampeonato mundial de skate street com vit\u00f3ria emocionante","author":"ismaelcolosi.com.br","date":"16 de December de 2024","format":false,"excerpt":"A skatista brasileira Rayssa Leal, conhecida como \u201cFadinha\u201d, fez hist\u00f3ria ao conquistar seu terceiro t\u00edtulo mundial de skate street neste domingo (15). A vit\u00f3ria veio com uma performance impec\u00e1vel na etapa final do campeonato, realizada nos Estados Unidos, em que Rayssa executou uma manobra decisiva nos \u00faltimos segundos, garantindo a\u2026","rel":"","context":"In &quot;Not\u00edcias de Ribeir\u00e3o Preto-SP e Regi\u00e3o&quot;","block_context":{"text":"Not\u00edcias de Ribeir\u00e3o Preto-SP e Regi\u00e3o","link":"https:\/\/ismaelcolosi.com.br\/index.php\/category\/noticias-de-ribeirao-preto-sp-e-regiao-ismael-colosi\/"},"img":{"alt_text":"","src":"https:\/\/i0.wp.com\/ismaelcolosi.com.br\/wp-content\/uploads\/2024\/12\/rayssa_leal_tri.webp.webp?fit=1170%2C700&ssl=1&resize=350%2C200","width":350,"height":200,"srcset":"https:\/\/i0.wp.com\/ismaelcolosi.com.br\/wp-content\/uploads\/2024\/12\/rayssa_leal_tri.webp.webp?fit=1170%2C700&ssl=1&resize=350%2C200 1x, https:\/\/i0.wp.com\/ismaelcolosi.com.br\/wp-content\/uploads\/2024\/12\/rayssa_leal_tri.webp.webp?fit=1170%2C700&ssl=1&resize=525%2C300 1.5x, https:\/\/i0.wp.com\/ismaelcolosi.com.br\/wp-content\/uploads\/2024\/12\/rayssa_leal_tri.webp.webp?fit=1170%2C700&ssl=1&resize=700%2C400 2x, https:\/\/i0.wp.com\/ismaelcolosi.com.br\/wp-content\/uploads\/2024\/12\/rayssa_leal_tri.webp.webp?fit=1170%2C700&ssl=1&resize=1050%2C600 3x"},"classes":[]},{"id":45332,"url":"https:\/\/ismaelcolosi.com.br\/index.php\/2024\/04\/03\/atleta-da-regiao-de-ribeirao-preto-sonha-com-a-medalha-de-ouro-nos-jogos-de-paris-2024\/","url_meta":{"origin":17746,"position":3},"title":"Atleta da regi\u00e3o de Ribeir\u00e3o Preto sonha com a medalha de ouro nos Jogos de Paris 2024","author":"ismaelcolosi.com.br","date":"3 de April de 2024","format":false,"excerpt":"O atleta Alisson dos Santos, o Piu, de S\u00e3o Joaquim da Barra, na regi\u00e3o de Ribeir\u00e3o Preto, sonha com a medalha de ouro nos Jogos Ol\u00edmpicos de Paris 2024. Em T\u00f3quio 2020, ele foi bronze na prova dos 400 metros com barreiras. Piu \u00e9 o terceiro melhor atleta do mundo\u2026","rel":"","context":"In &quot;Not\u00edcias de Ribeir\u00e3o Preto-SP e Regi\u00e3o&quot;","block_context":{"text":"Not\u00edcias de Ribeir\u00e3o Preto-SP e Regi\u00e3o","link":"https:\/\/ismaelcolosi.com.br\/index.php\/category\/noticias-de-ribeirao-preto-sp-e-regiao-ismael-colosi\/"},"img":{"alt_text":"","src":"https:\/\/i0.wp.com\/ismaelcolosi.com.br\/wp-content\/uploads\/2024\/04\/5dd3c926-f759-44b3-852f-8bc8a2a45920.jpeg?fit=760%2C507&ssl=1&resize=350%2C200","width":350,"height":200,"srcset":"https:\/\/i0.wp.com\/ismaelcolosi.com.br\/wp-content\/uploads\/2024\/04\/5dd3c926-f759-44b3-852f-8bc8a2a45920.jpeg?fit=760%2C507&ssl=1&resize=350%2C200 1x, https:\/\/i0.wp.com\/ismaelcolosi.com.br\/wp-content\/uploads\/2024\/04\/5dd3c926-f759-44b3-852f-8bc8a2a45920.jpeg?fit=760%2C507&ssl=1&resize=525%2C300 1.5x, https:\/\/i0.wp.com\/ismaelcolosi.com.br\/wp-content\/uploads\/2024\/04\/5dd3c926-f759-44b3-852f-8bc8a2a45920.jpeg?fit=760%2C507&ssl=1&resize=700%2C400 2x"},"classes":[]},{"id":7175,"url":"https:\/\/ismaelcolosi.com.br\/index.php\/2023\/11\/27\/7175\/","url_meta":{"origin":17746,"position":4},"title":"Secretaria de Esportes de RP abre seletiva para time de v\u00f4lei","author":"ismaelcolosi.com.br","date":"27 de November de 2023","format":false,"excerpt":"27\/11\/2023 14:19 - Esportes Secretaria de Esportes abre seletiva para time de v\u00f4lei Programa V\u00f4lei Esta\u00e7\u00e3o est\u00e1 recrutando atletas para o time masculinoFoto: Divulga\u00e7\u00e3o \u00a0 Na pr\u00f3xima semana, a Secretaria de Esportes de Ribeir\u00e3o Preto, atrav\u00e9s do Programa V\u00f4lei Esta\u00e7\u00e3o, vai abrir a seletiva para os times da categoria masculina\u2026","rel":"","context":"In &quot;Vagas de Emprego em Ribeir\u00e3o Preto-SP&quot;","block_context":{"text":"Vagas de Emprego em Ribeir\u00e3o Preto-SP","link":"https:\/\/ismaelcolosi.com.br\/index.php\/category\/empregos-classificados-vagas-trabalho\/vagas-de-empregos-em-ribeirao-preto-regiao-brasil\/"},"img":{"alt_text":"","src":"https:\/\/i0.wp.com\/ismaelcolosi.com.br\/wp-content\/uploads\/2023\/11\/volei_estcao.png?fit=1080%2C748&ssl=1&resize=350%2C200","width":350,"height":200,"srcset":"https:\/\/i0.wp.com\/ismaelcolosi.com.br\/wp-content\/uploads\/2023\/11\/volei_estcao.png?fit=1080%2C748&ssl=1&resize=350%2C200 1x, https:\/\/i0.wp.com\/ismaelcolosi.com.br\/wp-content\/uploads\/2023\/11\/volei_estcao.png?fit=1080%2C748&ssl=1&resize=525%2C300 1.5x, https:\/\/i0.wp.com\/ismaelcolosi.com.br\/wp-content\/uploads\/2023\/11\/volei_estcao.png?fit=1080%2C748&ssl=1&resize=700%2C400 2x, https:\/\/i0.wp.com\/ismaelcolosi.com.br\/wp-content\/uploads\/2023\/11\/volei_estcao.png?fit=1080%2C748&ssl=1&resize=1050%2C600 3x"},"classes":[]},{"id":7140,"url":"https:\/\/ismaelcolosi.com.br\/index.php\/2023\/11\/27\/secretaria-de-esportes-abre-seletiva-para-time-de-volei\/","url_meta":{"origin":17746,"position":5},"title":"Secretaria de Esportes abre seletiva para time de v\u00f4lei","author":"ismaelcolosi.com.br","date":"27 de November de 2023","format":false,"excerpt":"27 de novembro de 2023 | 16:0027 de novembro de 2023 | 14:41 0Na pr\u00f3xima semana, a Secretaria de Esportes de Ribeir\u00e3o Preto, atrav\u00e9s do Programa V\u00f4lei Esta\u00e7\u00e3o, vai abrir a seletiva para os times da categoria masculina sub17, sub19 e sub21.Para participar da seletiva, os interessados precisam fazer a\u2026","rel":"","context":"In &quot;Not\u00edcias de Ribeir\u00e3o Preto-SP e Regi\u00e3o&quot;","block_context":{"text":"Not\u00edcias de Ribeir\u00e3o Preto-SP e Regi\u00e3o","link":"https:\/\/ismaelcolosi.com.br\/index.php\/category\/noticias-de-ribeirao-preto-sp-e-regiao-ismael-colosi\/"},"img":{"alt_text":"","src":"https:\/\/i0.wp.com\/ismaelcolosi.com.br\/wp-content\/uploads\/2023\/11\/volei.jpg?fit=702%2C439&ssl=1&resize=350%2C200","width":350,"height":200,"srcset":"https:\/\/i0.wp.com\/ismaelcolosi.com.br\/wp-content\/uploads\/2023\/11\/volei.jpg?fit=702%2C439&ssl=1&resize=350%2C200 1x, https:\/\/i0.wp.com\/ismaelcolosi.com.br\/wp-content\/uploads\/2023\/11\/volei.jpg?fit=702%2C439&ssl=1&resize=525%2C300 1.5x, https:\/\/i0.wp.com\/ismaelcolosi.com.br\/wp-content\/uploads\/2023\/11\/volei.jpg?fit=702%2C439&ssl=1&resize=700%2C400 2x"},"classes":[]}],"jetpack_sharing_enabled":true,"jetpack_shortlink":"https:\/\/wp.me\/pfMlyK-4Ce","_links":{"self":[{"href":"https:\/\/ismaelcolosi.com.br\/index.php\/wp-json\/wp\/v2\/posts\/17746","targetHints":{"allow":["GET"]}}],"collection":[{"href":"https:\/\/ismaelcolosi.com.br\/index.php\/wp-json\/wp\/v2\/posts"}],"about":[{"href":"https:\/\/ismaelcolosi.com.br\/index.php\/wp-json\/wp\/v2\/types\/post"}],"author":[{"embeddable":true,"href":"https:\/\/ismaelcolosi.com.br\/index.php\/wp-json\/wp\/v2\/users\/1"}],"replies":[{"embeddable":true,"href":"https:\/\/ismaelcolosi.com.br\/index.php\/wp-json\/wp\/v2\/comments?post=17746"}],"version-history":[{"count":0,"href":"https:\/\/ismaelcolosi.com.br\/index.php\/wp-json\/wp\/v2\/posts\/17746\/revisions"}],"wp:featuredmedia":[{"embeddable":true,"href":"https:\/\/ismaelcolosi.com.br\/index.php\/wp-json\/wp\/v2\/media\/17747"}],"wp:attachment":[{"href":"https:\/\/ismaelcolosi.com.br\/index.php\/wp-json\/wp\/v2\/media?parent=17746"}],"wp:term":[{"taxonomy":"category","embeddable":true,"href":"https:\/\/ismaelcolosi.com.br\/index.php\/wp-json\/wp\/v2\/categories?post=17746"},{"taxonomy":"post_tag","embeddable":true,"href":"https:\/\/ismaelcolosi.com.br\/index.php\/wp-json\/wp\/v2\/tags?post=17746"}],"curies":[{"name":"wp","href":"https:\/\/api.w.org\/{rel}","templated":true}]}}