{"id":17682,"date":"2023-12-18T22:15:56","date_gmt":"2023-12-19T01:15:56","guid":{"rendered":"https:\/\/ismaelcolosi.com.br\/index.php\/2023\/12\/18\/ate-r1-320-no-seu-bolso-em-2023-somente-ate-esta-data\/"},"modified":"2023-12-18T22:15:56","modified_gmt":"2023-12-19T01:15:56","slug":"ate-r1-320-no-seu-bolso-em-2023-somente-ate-esta-data","status":"publish","type":"post","link":"https:\/\/ismaelcolosi.com.br\/index.php\/2023\/12\/18\/ate-r1-320-no-seu-bolso-em-2023-somente-ate-esta-data\/","title":{"rendered":"At\u00e9 R$1.320 no seu bolso em 2023 somente at\u00e9 ESTA data"},"content":{"rendered":"<p> [ad_1]<br \/>\n<\/p>\n<div>\n<p>Quem tem o direito de sacar o <a href=\"https:\/\/catracalivre.com.br\/cidadania\/pis-pasep-2023-liberada-parcela-retroativa-de-r-1-320\/\" target=\"_blank\" rel=\"noopener\">PIS\/Pasep 2023<\/a>, referente ao ano-base 2021, precisa estar ciente de que o prazo para retirar esse dinheiro, que pode chegar a um <a href=\"https:\/\/catracalivre.com.br\/cidadania\/novo-salario-minimo-ja-tem-data-para-pagamento\/\" target=\"_blank\" rel=\"noopener\">sal\u00e1rio m\u00ednimo<\/a>, termina no pr\u00f3ximo m\u00eas de dezembro.<\/p>\n<div id=\"attachment_2328900\" class=\"wp-caption aligncenter\">\n<div class=\"d-flex justify-content-center\" data-attachment-id=\"2328900\">\n<div class=\"position-relative d-inline-block\"><img data-recalc-dims=\"1\" data-portal-copyright=\"Istock\/IltonRogerio\" fetchpriority=\"high\" decoding=\"async\" class=\"size-large wp-image-2328900\" src=\"https:\/\/i0.wp.com\/catracalivre.com.br\/wp-content\/uploads\/2023\/12\/istock-1170816482-1-910x607.jpg?resize=910%2C607&#038;ssl=1\" alt=\"PIS\/Pasep: At\u00e9 R$1.320 no seu bolso somente at\u00e9 ESTA data\" width=\"910\" height=\"607\" srcset=\"https:\/\/catracalivre.com.br\/wp-content\/uploads\/2023\/12\/istock-1170816482-1-910x607.jpg 910w, https:\/\/catracalivre.com.br\/wp-content\/uploads\/2023\/12\/istock-1170816482-1-450x300.jpg 450w, https:\/\/catracalivre.com.br\/wp-content\/uploads\/2023\/12\/istock-1170816482-1-768x512.jpg 768w\" sizes=\"(max-width: 910px) 100vw, 910px\"\/><\/p>\n<p>Cr\u00e9ditos: Istock\/IltonRogerio<\/p>\n<\/div>\n<\/div>\n<p><span class=\"post-imagem__legenda\">PIS\/Pasep: At\u00e9 R$1.320 no seu bolso somente at\u00e9 ESTA data<\/span><\/p>\n<\/div>\n<p>Mais de 540 mil trabalhadores ainda n\u00e3o sacaram PIS\/Pasep 2023 (ano-base 2021), segundo o Minist\u00e9rio do Trabalho e Emprego (MTE). Entre os cadastrados no PIS, 153.567 n\u00e3o fizeram a opera\u00e7\u00e3o e dos cadastrados no Pasep, 387.325 ainda podem sacar o benef\u00edcio.<\/p>\n<p>Neste ano, o <a href=\"https:\/\/catracalivre.com.br\/cidadania\/abono-salarial-pis-pasep-surpreende-com-mega-novidade-hoje\/\" target=\"_blank\" rel=\"noopener\">abono salarial<\/a> foi concedido a todos os trabalhadores que tiveram empregos formais em 2021. O pagamento come\u00e7ou em fevereiro e foi conclu\u00eddo em julho.<\/p>\n<p>Para ser eleg\u00edvel ao PIS\/Pasep 2023, tamb\u00e9m \u00e9 necess\u00e1rio ter ganhado uma remunera\u00e7\u00e3o mensal inferior a dois sal\u00e1rios m\u00ednimos e ter trabalhado por, no m\u00ednimo, 30 dias durante o ano-base.<\/p>\n<p>Al\u00e9m disso, \u00e9 preciso estar registrado no Fundo de Participa\u00e7\u00e3o PIS\/Pasep ou no Cadastro Nacional de Informa\u00e7\u00f5es Sociais (CNIS) por pelo menos cinco anos.<\/p>\n<p>\u00c9 importante destacar que o PIS \u00e9 destinado aos trabalhadores do setor privado, regidos pela <a href=\"https:\/\/catracalivre.com.br\/cidadania\/clt\/\" target=\"_blank\" rel=\"noopener\">CLT<\/a> (Consolida\u00e7\u00e3o das Leis do Trabalho), e \u00e9 administrado pela <a href=\"https:\/\/catracalivre.com.br\/cidadania\/caixa-mulheres\/\" target=\"_blank\" rel=\"noopener\">Caixa Econ\u00f4mica Federal<\/a>.<\/p>\n<p>J\u00e1 o Pasep \u00e9 voltado para servidores p\u00fablicos e empregados de empresas p\u00fablicas e de economia mista, sendo gerenciado pelo <a href=\"https:\/\/catracalivre.com.br\/cidadania\/banco-do-brasil-renegocia-r-54-bilhoes-em-um-mes-de-desenrola\/\" target=\"_blank\" rel=\"noopener\">Banco do Brasil<\/a>.<\/p>\n<p>O abono do PIS\/Pasep \u00e9 um benef\u00edcio pago anualmente, com um valor m\u00e1ximo equivalente ao sal\u00e1rio m\u00ednimo vigente na data do pagamento.<\/p>\n<p>Neste ano, aqueles que receberam at\u00e9 maio tiveram direito a, no m\u00e1ximo, R$ 1.302, enquanto os que receberam a partir de maio foram pagos com base no novo valor do sal\u00e1rio m\u00ednimo (R$ 1.320).<\/p>\n<p>O valor m\u00e1ximo \u00e9 concedido aos trabalhadores que estiveram empregados durante os 12 meses de 2021; quem trabalhou menos tempo recebe uma quantia proporcional.<\/p>\n<p>O saque do PIS\/Pasep 2023 poder\u00e1 ser efetuado at\u00e9 o dia 28 de dezembro nas ag\u00eancias respons\u00e1veis pelo pagamento ou por meio de plataformas digitais.<\/p>\n<p>Ap\u00f3s o t\u00e9rmino do prazo, ser\u00e1 necess\u00e1rio solicitar o saque dos valores junto \u00e0 entidade competente. Os valores do abono salarial permanecem dispon\u00edveis para resgate por at\u00e9 cinco anos.<\/p>\n<p>Para verificar se voc\u00ea tem direito ao saque do PIS\/Pasep, basta acessar o aplicativo Carteira de Trabalho Digital no portal <a href=\"https:\/\/www.gov.br\/pt-br\" target=\"_blank\" rel=\"noopener\">gov.br<\/a> ou ligar para o telefone 158.<\/p>\n<\/div>\n<p><script>\n\t\t! function(f, b, e, v, n, t, s) {\n\t\t\tif (f.fbq) return;\n\t\t\tn = f.fbq = function() {\n\t\t\t\tn.callMethod ?\n\t\t\t\t\tn.callMethod.apply(n, arguments) : n.queue.push(arguments)\n\t\t\t};\n\t\t\tif (!f._fbq) f._fbq = n;\n\t\t\tn.push = n;\n\t\t\tn.loaded = !0;\n\t\t\tn.version = '2.0';\n\t\t\tn.queue = [];\n\t\t\tt = b.createElement(e);\n\t\t\tt.async = !0;\n\t\t\tt.src = v;\n\t\t\ts = b.getElementsByTagName(e)[0];\n\t\t\ts.parentNode.insertBefore(t, s)\n\t\t}(window, document, 'script',\n\t\t\t'https:\/\/connect.facebook.net\/en_US\/fbevents.js');\n\t\tfbq('init', '338315473262380');\n\t\tfbq('track', 'PageView');\n\t<\/script><br \/>\n<br \/>[ad_2]<br \/>\n<br \/><a href=\"https:\/\/catracalivre.com.br\/cidadania\/pis-pasep-ate-r1-320-no-seu-bolso-em-2023-somente-ate-esta-data\/\" target=\"_blank\" rel=\"noopener\">Source link <\/a><\/p>\n<div class='code-block code-block-4' style='margin: 8px auto 8px 0; text-align: left; display: block; clear: both;'>\n\ud83d\udce2 Aviso Legal\n\nO site ismaelcolosi.com.br atua apenas como um canal de divulga\u00e7\u00e3o de oportunidades de emprego e n\u00e3o se responsabiliza pelo processo seletivo, contrata\u00e7\u00e3o ou qualquer outra etapa relacionada \u00e0s vagas publicadas. Todas as informa\u00e7\u00f5es s\u00e3o de responsabilidade dos anunciantes.\n\n\u26a0\ufe0f Aten\u00e7\u00e3o! Nunca pague por promessas de emprego nem compre cursos que garantam contrata\u00e7\u00e3o. Desconfie de qualquer cobran\u00e7a para participar de sele\u00e7\u00f5es.\n\n\n\n<\/div>\n<!-- CONTENT END 1 -->\n","protected":false},"excerpt":{"rendered":"<p>[ad_1] Quem tem o direito de sacar o PIS\/Pasep 2023, referente ao ano-base 2021, precisa estar ciente de que o prazo para retirar esse dinheiro, que pode chegar a um sal\u00e1rio m\u00ednimo, termina no pr\u00f3ximo m\u00eas de dezembro. Cr\u00e9ditos: Istock\/IltonRogerio PIS\/Pasep: At\u00e9 R$1.320 no seu bolso somente at\u00e9 ESTA data Mais de 540 mil trabalhadores&hellip;&nbsp;<\/p>\n","protected":false},"author":1,"featured_media":17683,"comment_status":"open","ping_status":"open","sticky":false,"template":"","format":"standard","meta":{"_uag_custom_page_level_css":"","neve_meta_sidebar":"","neve_meta_container":"","neve_meta_enable_content_width":"","neve_meta_content_width":0,"neve_meta_title_alignment":"","neve_meta_author_avatar":"","neve_post_elements_order":"","neve_meta_disable_header":"","neve_meta_disable_footer":"","neve_meta_disable_title":"","_jetpack_newsletter_access":"","_jetpack_dont_email_post_to_subs":false,"_jetpack_newsletter_tier_id":0,"_jetpack_memberships_contains_paywalled_content":false,"_jetpack_memberships_contains_paid_content":false,"footnotes":""},"categories":[19],"tags":[],"class_list":["post-17682","post","type-post","status-publish","format-standard","has-post-thumbnail","hentry","category-variedades"],"uagb_featured_image_src":{"full":["https:\/\/i0.wp.com\/ismaelcolosi.com.br\/wp-content\/uploads\/2023\/12\/istock-1170816482-1.jpg?fit=1200%2C638&ssl=1",1200,638,false],"thumbnail":["https:\/\/i0.wp.com\/ismaelcolosi.com.br\/wp-content\/uploads\/2023\/12\/istock-1170816482-1.jpg?resize=150%2C150&ssl=1",150,150,true],"medium":["https:\/\/i0.wp.com\/ismaelcolosi.com.br\/wp-content\/uploads\/2023\/12\/istock-1170816482-1.jpg?fit=300%2C160&ssl=1",300,160,true],"medium_large":["https:\/\/i0.wp.com\/ismaelcolosi.com.br\/wp-content\/uploads\/2023\/12\/istock-1170816482-1.jpg?fit=768%2C408&ssl=1",768,408,true],"large":["https:\/\/i0.wp.com\/ismaelcolosi.com.br\/wp-content\/uploads\/2023\/12\/istock-1170816482-1.jpg?fit=1024%2C544&ssl=1",1024,544,true],"1536x1536":["https:\/\/i0.wp.com\/ismaelcolosi.com.br\/wp-content\/uploads\/2023\/12\/istock-1170816482-1.jpg?fit=1200%2C638&ssl=1",1200,638,true],"2048x2048":["https:\/\/i0.wp.com\/ismaelcolosi.com.br\/wp-content\/uploads\/2023\/12\/istock-1170816482-1.jpg?fit=1200%2C638&ssl=1",1200,638,true],"neve-blog":["https:\/\/i0.wp.com\/ismaelcolosi.com.br\/wp-content\/uploads\/2023\/12\/istock-1170816482-1.jpg?resize=930%2C620&ssl=1",930,620,true]},"uagb_author_info":{"display_name":"ismaelcolosi.com.br","author_link":"https:\/\/ismaelcolosi.com.br\/author\/vidareal-online\/"},"uagb_comment_info":0,"uagb_excerpt":"[ad_1] Quem tem o direito de sacar o PIS\/Pasep 2023, referente ao ano-base 2021, precisa estar ciente de que o prazo para retirar esse dinheiro, que pode chegar a um sal\u00e1rio m\u00ednimo, termina no pr\u00f3ximo m\u00eas de dezembro. Cr\u00e9ditos: Istock\/IltonRogerio PIS\/Pasep: At\u00e9 R$1.320 no seu bolso somente at\u00e9 ESTA data Mais de 540 mil trabalhadores&hellip;&nbsp;","jetpack-related-posts":[{"id":15568,"url":"https:\/\/ismaelcolosi.com.br\/index.php\/2023\/12\/13\/60-producoes-chegam-ao-disney-e-star-ate-o-ultimo-dia-de-2023\/","url_meta":{"origin":17682,"position":0},"title":"60 produ\u00e7\u00f5es chegam ao Disney+ e Star+ at\u00e9 o \u00faltimo dia de 2023","author":"ismaelcolosi.com.br","date":"13 de Dezembro de 2023","format":false,"excerpt":"[ad_1] Cr\u00e9ditos: Divulga\u00e7\u00e3o\/DisneyO que chega no Star+ e no Disney+ em dezembro de 2023?Calma\u2026 2023 ainda est\u00e1 longe de acabar no Disney+ e no Star+. Isso porque os streamings prepararam um m\u00eas repleto de novidades para os assinantes.O cat\u00e1logo vai receber diversas s\u00e9ries, filmes natalinos e at\u00e9 document\u00e1rios in\u00e9ditos. Al\u00e9m\u2026","rel":"","context":"In &quot;Variedades&quot;","block_context":{"text":"Variedades","link":"https:\/\/ismaelcolosi.com.br\/index.php\/category\/variedades\/"},"img":{"alt_text":"","src":"https:\/\/i0.wp.com\/ismaelcolosi.com.br\/wp-content\/uploads\/2023\/12\/fotos-catraca-2023-04-27t124702253.png?fit=1200%2C638&ssl=1&resize=350%2C200","width":350,"height":200,"srcset":"https:\/\/i0.wp.com\/ismaelcolosi.com.br\/wp-content\/uploads\/2023\/12\/fotos-catraca-2023-04-27t124702253.png?fit=1200%2C638&ssl=1&resize=350%2C200 1x, https:\/\/i0.wp.com\/ismaelcolosi.com.br\/wp-content\/uploads\/2023\/12\/fotos-catraca-2023-04-27t124702253.png?fit=1200%2C638&ssl=1&resize=525%2C300 1.5x, https:\/\/i0.wp.com\/ismaelcolosi.com.br\/wp-content\/uploads\/2023\/12\/fotos-catraca-2023-04-27t124702253.png?fit=1200%2C638&ssl=1&resize=700%2C400 2x, https:\/\/i0.wp.com\/ismaelcolosi.com.br\/wp-content\/uploads\/2023\/12\/fotos-catraca-2023-04-27t124702253.png?fit=1200%2C638&ssl=1&resize=1050%2C600 3x"},"classes":[]},{"id":21406,"url":"https:\/\/ismaelcolosi.com.br\/index.php\/2023\/12\/27\/trabalhadores-tem-ate-quinta-feira-para-sacar-pis-pasep-2023\/","url_meta":{"origin":17682,"position":1},"title":"Trabalhadores t\u00eam at\u00e9 quinta-feira para sacar PIS\/Pasep 2023","author":"ismaelcolosi.com.br","date":"27 de Dezembro de 2023","format":false,"excerpt":"[ad_1] Quem tem o direito de sacar o PIS\/Pasep 2023, referente ao ano-base 2021, precisa estar ciente de que o prazo para retirar esse dinheiro, que pode chegar a um sal\u00e1rio m\u00ednimo, termina na quinta-feira, dia 28. Cr\u00e9ditos: Ag\u00eancia Brasil\/Marcelo CamargoTrabalhadores t\u00eam at\u00e9 quinta-feira para sacar PIS\/Pasep 2023 Mais de\u2026","rel":"","context":"In &quot;Variedades&quot;","block_context":{"text":"Variedades","link":"https:\/\/ismaelcolosi.com.br\/index.php\/category\/variedades\/"},"img":{"alt_text":"","src":"https:\/\/i0.wp.com\/ismaelcolosi.com.br\/wp-content\/uploads\/2023\/12\/pis-pasep-e-liberado-hoje-veja-se-voce-vai-receber-r-132000.jpg?fit=1200%2C638&ssl=1&resize=350%2C200","width":350,"height":200,"srcset":"https:\/\/i0.wp.com\/ismaelcolosi.com.br\/wp-content\/uploads\/2023\/12\/pis-pasep-e-liberado-hoje-veja-se-voce-vai-receber-r-132000.jpg?fit=1200%2C638&ssl=1&resize=350%2C200 1x, https:\/\/i0.wp.com\/ismaelcolosi.com.br\/wp-content\/uploads\/2023\/12\/pis-pasep-e-liberado-hoje-veja-se-voce-vai-receber-r-132000.jpg?fit=1200%2C638&ssl=1&resize=525%2C300 1.5x, https:\/\/i0.wp.com\/ismaelcolosi.com.br\/wp-content\/uploads\/2023\/12\/pis-pasep-e-liberado-hoje-veja-se-voce-vai-receber-r-132000.jpg?fit=1200%2C638&ssl=1&resize=700%2C400 2x, https:\/\/i0.wp.com\/ismaelcolosi.com.br\/wp-content\/uploads\/2023\/12\/pis-pasep-e-liberado-hoje-veja-se-voce-vai-receber-r-132000.jpg?fit=1200%2C638&ssl=1&resize=1050%2C600 3x"},"classes":[]},{"id":15270,"url":"https:\/\/ismaelcolosi.com.br\/index.php\/2023\/12\/13\/concurso-publico-do-cbpf-no-rio-oferece-remuneracao-de-ate-r-182-mil-mensais\/","url_meta":{"origin":17682,"position":2},"title":"Concurso p\u00fablico do CBPF, no Rio, oferece remunera\u00e7\u00e3o de at\u00e9 R$ 18,2 mil mensais","author":"ismaelcolosi.com.br","date":"13 de Dezembro de 2023","format":false,"excerpt":"[ad_1] Cr\u00e9ditos: IStockConcurso P\u00fablico do CBPF O Centro Brasileiro de Pesquisas F\u00edsicas (CBPF), localizado na cidade do Rio de Janeiro e vinculado ao Minist\u00e9rio da Ci\u00eancia, Tecnologia e Inova\u00e7\u00e3o, anuncia editais de n\u00ba 1\/2023 e 2\/2023 para concurso p\u00fablico, com reposi\u00e7\u00e3o de\u00a046 vagas\u00a0efetivas em cargos altamente especializados. As oportunidades abertas\u2026","rel":"","context":"In &quot;Variedades&quot;","block_context":{"text":"Variedades","link":"https:\/\/ismaelcolosi.com.br\/index.php\/category\/variedades\/"},"img":{"alt_text":"","src":"https:\/\/i0.wp.com\/ismaelcolosi.com.br\/wp-content\/uploads\/2023\/12\/istock-1434151597.jpg?fit=1200%2C638&ssl=1&resize=350%2C200","width":350,"height":200,"srcset":"https:\/\/i0.wp.com\/ismaelcolosi.com.br\/wp-content\/uploads\/2023\/12\/istock-1434151597.jpg?fit=1200%2C638&ssl=1&resize=350%2C200 1x, https:\/\/i0.wp.com\/ismaelcolosi.com.br\/wp-content\/uploads\/2023\/12\/istock-1434151597.jpg?fit=1200%2C638&ssl=1&resize=525%2C300 1.5x, https:\/\/i0.wp.com\/ismaelcolosi.com.br\/wp-content\/uploads\/2023\/12\/istock-1434151597.jpg?fit=1200%2C638&ssl=1&resize=700%2C400 2x, https:\/\/i0.wp.com\/ismaelcolosi.com.br\/wp-content\/uploads\/2023\/12\/istock-1434151597.jpg?fit=1200%2C638&ssl=1&resize=1050%2C600 3x"},"classes":[]},{"id":10824,"url":"https:\/\/ismaelcolosi.com.br\/index.php\/2023\/12\/05\/saiba-como-garantir-ate-r1-320\/","url_meta":{"origin":17682,"position":3},"title":"Saiba como garantir at\u00e9 R$1.320","author":"ismaelcolosi.com.br","date":"5 de Dezembro de 2023","format":false,"excerpt":"[ad_1] Quem tem o direito de sacar o PIS\/Pasep 2023, referente ao ano-base 2021, precisa estar ciente de que o prazo para retirar esse dinheiro, que pode chegar a um sal\u00e1rio m\u00ednimo, termina no pr\u00f3ximo m\u00eas de dezembro. Cr\u00e9ditos: Ag\u00eancia Brasil\/Marcello Casal JrPrazo final para sacar PIS\/Pasep 2023: Saiba como\u2026","rel":"","context":"In &quot;Variedades&quot;","block_context":{"text":"Variedades","link":"https:\/\/ismaelcolosi.com.br\/index.php\/category\/variedades\/"},"img":{"alt_text":"","src":"https:\/\/i0.wp.com\/ismaelcolosi.com.br\/wp-content\/uploads\/2023\/12\/pis-pasep-confira-a-lista-completa-de-quem-pode-receber-este-mes-1.jpg?fit=1200%2C638&ssl=1&resize=350%2C200","width":350,"height":200,"srcset":"https:\/\/i0.wp.com\/ismaelcolosi.com.br\/wp-content\/uploads\/2023\/12\/pis-pasep-confira-a-lista-completa-de-quem-pode-receber-este-mes-1.jpg?fit=1200%2C638&ssl=1&resize=350%2C200 1x, https:\/\/i0.wp.com\/ismaelcolosi.com.br\/wp-content\/uploads\/2023\/12\/pis-pasep-confira-a-lista-completa-de-quem-pode-receber-este-mes-1.jpg?fit=1200%2C638&ssl=1&resize=525%2C300 1.5x, https:\/\/i0.wp.com\/ismaelcolosi.com.br\/wp-content\/uploads\/2023\/12\/pis-pasep-confira-a-lista-completa-de-quem-pode-receber-este-mes-1.jpg?fit=1200%2C638&ssl=1&resize=700%2C400 2x, https:\/\/i0.wp.com\/ismaelcolosi.com.br\/wp-content\/uploads\/2023\/12\/pis-pasep-confira-a-lista-completa-de-quem-pode-receber-este-mes-1.jpg?fit=1200%2C638&ssl=1&resize=1050%2C600 3x"},"classes":[]},{"id":3882,"url":"https:\/\/ismaelcolosi.com.br\/index.php\/2023\/11\/20\/prefeitura-de-brejo-santo-abre-concurso-publico-com-salario-de-ate-r-63-mil\/","url_meta":{"origin":17682,"position":4},"title":"Prefeitura de Brejo Santo abre Concurso P\u00fablico com sal\u00e1rio de at\u00e9 R$ 6,3 mil","author":"ismaelcolosi.com.br","date":"20 de Novembro de 2023","format":false,"excerpt":"[ad_1] Cr\u00e9ditos: IStockConcurso P\u00fablico Prefeitura de Brejo Santo Prefeitura de Brejo Santo abre Concurso P\u00fablico com sal\u00e1rio de at\u00e9 R$ 6,3 mil A Prefeitura de Brejo Santo, no estado do\u00a0Cear\u00e1, anuncia os editais de n\u00ba 008 e 009\/2023 para concurso p\u00fablico, com a oferta de\u00a015 vagas\u00a0totais, entre imediatas e cadastro\u2026","rel":"","context":"In &quot;Variedades&quot;","block_context":{"text":"Variedades","link":"https:\/\/ismaelcolosi.com.br\/index.php\/category\/variedades\/"},"img":{"alt_text":"","src":"https:\/\/i0.wp.com\/ismaelcolosi.com.br\/wp-content\/uploads\/2023\/11\/istock-467572150.jpg?fit=1200%2C638&ssl=1&resize=350%2C200","width":350,"height":200,"srcset":"https:\/\/i0.wp.com\/ismaelcolosi.com.br\/wp-content\/uploads\/2023\/11\/istock-467572150.jpg?fit=1200%2C638&ssl=1&resize=350%2C200 1x, https:\/\/i0.wp.com\/ismaelcolosi.com.br\/wp-content\/uploads\/2023\/11\/istock-467572150.jpg?fit=1200%2C638&ssl=1&resize=525%2C300 1.5x, https:\/\/i0.wp.com\/ismaelcolosi.com.br\/wp-content\/uploads\/2023\/11\/istock-467572150.jpg?fit=1200%2C638&ssl=1&resize=700%2C400 2x, https:\/\/i0.wp.com\/ismaelcolosi.com.br\/wp-content\/uploads\/2023\/11\/istock-467572150.jpg?fit=1200%2C638&ssl=1&resize=1050%2C600 3x"},"classes":[]},{"id":15102,"url":"https:\/\/ismaelcolosi.com.br\/index.php\/2023\/12\/13\/inscricoes-para-fatec-vao-ate-segunda-feira\/","url_meta":{"origin":17682,"position":5},"title":"Inscri\u00e7\u00f5es para Fatec v\u00e3o at\u00e9 segunda-feira\u00a0","author":"ismaelcolosi.com.br","date":"13 de Dezembro de 2023","format":false,"excerpt":"[ad_1] 12 de dezembro de 2023 | 16:0012 de dezembro de 2023 | 9:48 0As inscri\u00e7\u00f5es para o processo seletivo das Faculdades de Tecnologia (Fatecs) do Estado de S\u00e3o Paulo foram prorrogadas at\u00e9 a pr\u00f3xima segunda-feira,18 de dezembro, e devem ser feitas, exclusivamente, pelo site www.vestibularfatec.com.br. No \u00faltimo dia, o\u2026","rel":"","context":"In &quot;Not\u00edcias de Ribeir\u00e3o Preto-SP e Regi\u00e3o&quot;","block_context":{"text":"Not\u00edcias de Ribeir\u00e3o Preto-SP e Regi\u00e3o","link":"https:\/\/ismaelcolosi.com.br\/index.php\/category\/noticias-de-ribeirao-preto-sp-e-regiao-ismael-colosi\/"},"img":{"alt_text":"","src":"https:\/\/i0.wp.com\/ismaelcolosi.com.br\/wp-content\/uploads\/2023\/12\/imagem-27.jpg?fit=675%2C450&ssl=1&resize=350%2C200","width":350,"height":200,"srcset":"https:\/\/i0.wp.com\/ismaelcolosi.com.br\/wp-content\/uploads\/2023\/12\/imagem-27.jpg?fit=675%2C450&ssl=1&resize=350%2C200 1x, https:\/\/i0.wp.com\/ismaelcolosi.com.br\/wp-content\/uploads\/2023\/12\/imagem-27.jpg?fit=675%2C450&ssl=1&resize=525%2C300 1.5x"},"classes":[]}],"jetpack_sharing_enabled":true,"jetpack_shortlink":"https:\/\/wp.me\/pfMlyK-4Bc","jetpack_featured_media_url":"https:\/\/i0.wp.com\/ismaelcolosi.com.br\/wp-content\/uploads\/2023\/12\/istock-1170816482-1.jpg?fit=1200%2C638&ssl=1","_links":{"self":[{"href":"https:\/\/ismaelcolosi.com.br\/index.php\/wp-json\/wp\/v2\/posts\/17682","targetHints":{"allow":["GET"]}}],"collection":[{"href":"https:\/\/ismaelcolosi.com.br\/index.php\/wp-json\/wp\/v2\/posts"}],"about":[{"href":"https:\/\/ismaelcolosi.com.br\/index.php\/wp-json\/wp\/v2\/types\/post"}],"author":[{"embeddable":true,"href":"https:\/\/ismaelcolosi.com.br\/index.php\/wp-json\/wp\/v2\/users\/1"}],"replies":[{"embeddable":true,"href":"https:\/\/ismaelcolosi.com.br\/index.php\/wp-json\/wp\/v2\/comments?post=17682"}],"version-history":[{"count":0,"href":"https:\/\/ismaelcolosi.com.br\/index.php\/wp-json\/wp\/v2\/posts\/17682\/revisions"}],"wp:featuredmedia":[{"embeddable":true,"href":"https:\/\/ismaelcolosi.com.br\/index.php\/wp-json\/wp\/v2\/media\/17683"}],"wp:attachment":[{"href":"https:\/\/ismaelcolosi.com.br\/index.php\/wp-json\/wp\/v2\/media?parent=17682"}],"wp:term":[{"taxonomy":"category","embeddable":true,"href":"https:\/\/ismaelcolosi.com.br\/index.php\/wp-json\/wp\/v2\/categories?post=17682"},{"taxonomy":"post_tag","embeddable":true,"href":"https:\/\/ismaelcolosi.com.br\/index.php\/wp-json\/wp\/v2\/tags?post=17682"}],"curies":[{"name":"wp","href":"https:\/\/api.w.org\/{rel}","templated":true}]}}